{"id":21645,"date":"2025-05-14T09:00:00","date_gmt":"2025-05-14T12:00:00","guid":{"rendered":"https:\/\/agenciainfra.com\/blog\/?p=21645"},"modified":"2025-05-14T09:01:41","modified_gmt":"2025-05-14T12:01:41","slug":"mme-prepara-pacote-de-mps-e-avalia-incluir-parte-dos-jabutis-do-marco-das-eolicas-offshore","status":"publish","type":"post","link":"https:\/\/agenciainfra.com\/blog\/mme-prepara-pacote-de-mps-e-avalia-incluir-parte-dos-jabutis-do-marco-das-eolicas-offshore\/","title":{"rendered":"MME prepara pacote de MPs e avalia incluir parte dos jabutis do Marco das E\u00f3licas Offshore"},"content":{"rendered":"\n<p class=\"has-text-align-right\"><strong>Lais Carregosa e Geraldo Campos Jr., da Ag\u00eancia iNFRA<\/strong><\/p>\n\n\n\n<p>O MME (Minist\u00e9rio de Minas e Energia) est\u00e1 avaliando um pacote que pode incluir&nbsp;tr\u00eas MPs (Medidas Provis\u00f3rias). A mais conhecida \u00e9 a da reestrutura\u00e7\u00e3o do setor el\u00e9trico, no entanto tamb\u00e9m est\u00e1 em estudo um texto para reformula\u00e7\u00e3o do Vale G\u00e1s e outra medida que incluiria parte dos jabutis do Marco Legal das E\u00f3licas Offshore.<br><br>O pacote est\u00e1 ligado \u00e0 articula\u00e7\u00e3o do governo para manter os vetos da lei, que podem ser derrubados pelo Congresso Nacional. A ideia do Planalto, segundo fontes, \u00e9 conseguir manter os vetos na \u00edntegra para impedir o que avalia como \u201cmal maior\u201d, que seriam os benef\u00edcios ao g\u00e1s natural, alterando pontos da Lei de Desestatiza\u00e7\u00e3o da Eletrobras.<br><br>\u00c0&nbsp;<strong>Ag\u00eancia iNFRA<\/strong>, fontes disseram que um dos textos em an\u00e1lise \u00e9 uma MP para prorrogar os contratos das t\u00e9rmicas a carv\u00e3o do Paran\u00e1 e Rio Grande do Sul. A ideia \u00e9 conceder \u00e0s usinas o mesmo benef\u00edcio dado \u00e0 termel\u00e9trica de Jorge Lacerda, em Santa Catarina.<br><br>Tamb\u00e9m est\u00e1 em avalia\u00e7\u00e3o atender \u00e0s usinas do Proinfa (Programa de Incentivo \u00e0s Fontes Alternativas de Energia El\u00e9trica) e as PCHs (Pequenas Centrais Hidrel\u00e9tricas) em MP ou projeto de lei com regime de urg\u00eancia.<br><br><strong>E\u00f3licas Offshore<\/strong><br>Os parlamentares est\u00e3o se articulando para derrubar os vetos do Marco Legal das E\u00f3licas Offshore, que est\u00e3o sobrestando a pauta e devem ser inclu\u00eddos automaticamente na pr\u00f3xima sess\u00e3o a ser convocada pelo presidente do Congresso, Davi Alcolumbre (Uni\u00e3o-AP). Ainda n\u00e3o h\u00e1 data definida.<br><br>A avalia\u00e7\u00e3o do governo \u00e9 que j\u00e1 h\u00e1 os votos necess\u00e1rios nas duas casas para derrubar os vetos. O movimento foi mapeado pela SRI (Secretaria de Rela\u00e7\u00f5es Institucionais), que cuida da articula\u00e7\u00e3o pol\u00edtica do governo, e tamb\u00e9m est\u00e1 sendo acompanhado pela Casa Civil e pelo MME.&nbsp;<br><br>Diante disso, a MP com alguns dos jabutis \u00e9 uma das medidas em estudo. Segundo fontes, uma decis\u00e3o final depende de viabilidade t\u00e9cnica e tamb\u00e9m do fator pol\u00edtico. Ou seja, se de fato a medida conseguiria garantir a manuten\u00e7\u00e3o dos vetos.<br><br>A ideia do MME, no entanto, \u00e9 que os termos de uma eventual MP sejam mais t\u00e9cnicos que os vetados pelo presidente Lula. Por exemplo, com pre\u00e7os menores e quantitativos de contrata\u00e7\u00e3o baseados na real necessidade do sistema, conforme planejamento da EPE (Empresa de Pesquisa Energ\u00e9tica).<br><br><strong>MP do Vale G\u00e1s<\/strong><br>Outra MP&nbsp;estudada&nbsp;\u00e9 a que vai reestruturar o programa do Vale G\u00e1s, que havia sido enviado ao Congresso como PL (Projeto de Lei) em agosto de 2024. O texto est\u00e1 sob relatoria do deputado federal Hugo Leal (PSD-RJ), mas enfrenta resist\u00eancia porque prev\u00ea a transfer\u00eancia de recursos da Uni\u00e3o fora da conta \u00fanica do Tesouro Nacional.<br><br>A inten\u00e7\u00e3o do governo com a nova MP \u00e9 solucionar o problema dos recursos de fora do Or\u00e7amento, ap\u00f3s sinaliza\u00e7\u00e3o do TCU (Tribunal de Contas da Uni\u00e3o) de que a opera\u00e7\u00e3o n\u00e3o seria permitida.&nbsp;<br><br>Contudo, segundo fontes, o governo ainda n\u00e3o decidiu a data de publica\u00e7\u00e3o e o formato do novo programa. Circulam duas ideias: a transfer\u00eancia de recursos para a conta dos benefici\u00e1rios, no valor m\u00e9dio do botij\u00e3o de GLP (G\u00e1s Liquefeito de Petr\u00f3leo); ou a retirada do botij\u00e3o de forma gratuita pelos benefici\u00e1rios junto aos revendedores, a quem os recursos seriam transferidos.<\/p>\n","protected":false},"excerpt":{"rendered":"<p>Lais Carregosa e Geraldo Campos Jr., da Ag\u00eancia iNFRA O MME (Minist\u00e9rio de Minas e Energia) est\u00e1 avaliando um pacote que pode incluir&nbsp;tr\u00eas MPs (Medidas Provis\u00f3rias). A mais conhecida \u00e9 a da reestrutura\u00e7\u00e3o do setor el\u00e9trico, no entanto tamb\u00e9m est\u00e1 em estudo um texto para reformula\u00e7\u00e3o do Vale G\u00e1s e outra medida que incluiria parte [&hellip;]<\/p>\n","protected":false},"author":1,"featured_media":10230,"comment_status":"closed","ping_status":"closed","sticky":false,"template":"","format":"standard","meta":{"_monsterinsights_skip_tracking":false,"_monsterinsights_sitenote_active":false,"_monsterinsights_sitenote_note":"","_monsterinsights_sitenote_category":0,"footnotes":""},"categories":[7250,1,10],"tags":[6015,11594,11326,13132,11973,76,71,13341,10710,54],"class_list":["post-21645","post","type-post","status-publish","format-standard","has-post-thumbnail","hentry","category-destaque-lista","category-geral","category-infraenergia","tag-eolicas-offshore","tag-geraldo-campos-jr","tag-jabutis","tag-lais-carregosa","tag-marco-das-eolicas-offshore","tag-medida-provisoria","tag-mme","tag-mp-do-vale-gas","tag-reforma-do-setor-eletrico","tag-setor-eletrico"],"yoast_head":"<!-- This site is optimized with the Yoast SEO Premium plugin v25.4 (Yoast SEO v26.0) - https:\/\/yoast.com\/wordpress\/plugins\/seo\/ -->\n<title>MME prepara pacote de MPs e avalia incluir parte dos jabutis do Marco das E\u00f3licas Offshore - Ag\u00eancia iNFRA<\/title>\n<meta name=\"robots\" content=\"index, follow, max-snippet:-1, max-image-preview:large, max-video-preview:-1\" \/>\n<link rel=\"canonical\" href=\"https:\/\/agenciainfra.com\/blog\/mme-prepara-pacote-de-mps-e-avalia-incluir-parte-dos-jabutis-do-marco-das-eolicas-offshore\/\" \/>\n<meta property=\"og:locale\" content=\"pt_BR\" \/>\n<meta property=\"og:type\" content=\"article\" \/>\n<meta property=\"og:title\" content=\"MME prepara pacote de MPs e avalia incluir parte dos jabutis do Marco das E\u00f3licas Offshore\" \/>\n<meta property=\"og:description\" content=\"Lais Carregosa e Geraldo Campos Jr., da Ag\u00eancia iNFRA O MME (Minist\u00e9rio de Minas e Energia) est\u00e1 avaliando um pacote que pode incluir&nbsp;tr\u00eas MPs (Medidas Provis\u00f3rias). A mais conhecida \u00e9 a da reestrutura\u00e7\u00e3o do setor el\u00e9trico, no entanto tamb\u00e9m est\u00e1 em estudo um texto para reformula\u00e7\u00e3o do Vale G\u00e1s e outra medida que incluiria parte [&hellip;]\" \/>\n<meta property=\"og:url\" content=\"https:\/\/agenciainfra.com\/blog\/mme-prepara-pacote-de-mps-e-avalia-incluir-parte-dos-jabutis-do-marco-das-eolicas-offshore\/\" \/>\n<meta property=\"og:site_name\" content=\"Ag\u00eancia iNFRA\" \/>\n<meta property=\"article:publisher\" content=\"https:\/\/www.facebook.com\/ageninfra\" \/>\n<meta property=\"article:published_time\" content=\"2025-05-14T12:00:00+00:00\" \/>\n<meta property=\"article:modified_time\" content=\"2025-05-14T12:01:41+00:00\" \/>\n<meta property=\"og:image\" content=\"https:\/\/agenciainfra.com\/blog\/wp-content\/uploads\/2022\/05\/energia-eletrica-lampada-foto-dominio-publico.jpg\" \/>\n\t<meta property=\"og:image:width\" content=\"1920\" \/>\n\t<meta property=\"og:image:height\" content=\"1084\" \/>\n\t<meta property=\"og:image:type\" content=\"image\/jpeg\" \/>\n<meta name=\"author\" content=\"Ag\u00eancia iNFRA\" \/>\n<meta name=\"twitter:card\" content=\"summary_large_image\" \/>\n<meta name=\"twitter:creator\" content=\"@agencia_infra\" \/>\n<meta name=\"twitter:site\" content=\"@agencia_infra\" \/>\n<meta name=\"twitter:label1\" content=\"Escrito por\" \/>\n\t<meta name=\"twitter:data1\" content=\"Ag\u00eancia iNFRA\" \/>\n\t<meta name=\"twitter:label2\" content=\"Est. tempo de leitura\" \/>\n\t<meta name=\"twitter:data2\" content=\"3 minutos\" \/>\n<script type=\"application\/ld+json\" class=\"yoast-schema-graph\">{\"@context\":\"https:\/\/schema.org\",\"@graph\":[{\"@type\":\"Article\",\"@id\":\"https:\/\/agenciainfra.com\/blog\/mme-prepara-pacote-de-mps-e-avalia-incluir-parte-dos-jabutis-do-marco-das-eolicas-offshore\/#article\",\"isPartOf\":{\"@id\":\"https:\/\/agenciainfra.com\/blog\/mme-prepara-pacote-de-mps-e-avalia-incluir-parte-dos-jabutis-do-marco-das-eolicas-offshore\/\"},\"author\":{\"name\":\"Ag\u00eancia iNFRA\",\"@id\":\"https:\/\/agenciainfra.com\/blog\/#\/schema\/person\/34af08dff6adea4cb22b06612ba7acfa\"},\"headline\":\"MME prepara pacote de MPs e avalia incluir parte dos jabutis do Marco das E\u00f3licas Offshore\",\"datePublished\":\"2025-05-14T12:00:00+00:00\",\"dateModified\":\"2025-05-14T12:01:41+00:00\",\"mainEntityOfPage\":{\"@id\":\"https:\/\/agenciainfra.com\/blog\/mme-prepara-pacote-de-mps-e-avalia-incluir-parte-dos-jabutis-do-marco-das-eolicas-offshore\/\"},\"wordCount\":616,\"publisher\":{\"@id\":\"https:\/\/agenciainfra.com\/blog\/#organization\"},\"image\":{\"@id\":\"https:\/\/agenciainfra.com\/blog\/mme-prepara-pacote-de-mps-e-avalia-incluir-parte-dos-jabutis-do-marco-das-eolicas-offshore\/#primaryimage\"},\"thumbnailUrl\":\"https:\/\/agenciainfra.com\/blog\/wp-content\/uploads\/2022\/05\/energia-eletrica-lampada-foto-dominio-publico.jpg\",\"keywords\":[\"e\u00f3licas offshore\",\"Geraldo Campos Jr.\",\"jabutis\",\"Lais Carregosa\",\"Marco das E\u00f3licas Offshore\",\"Medida Provis\u00f3ria\",\"MME\",\"mp do vale g\u00e1s\",\"Reforma do Setor El\u00e9trico\",\"Setor El\u00e9trico\"],\"articleSection\":[\"Destaque lista\",\"Geral\",\"iNFRAEnergia\"],\"inLanguage\":\"pt-BR\",\"copyrightYear\":\"2025\",\"copyrightHolder\":{\"@id\":\"https:\/\/agenciainfra.com\/blog\/#organization\"}},{\"@type\":\"WebPage\",\"@id\":\"https:\/\/agenciainfra.com\/blog\/mme-prepara-pacote-de-mps-e-avalia-incluir-parte-dos-jabutis-do-marco-das-eolicas-offshore\/\",\"url\":\"https:\/\/agenciainfra.com\/blog\/mme-prepara-pacote-de-mps-e-avalia-incluir-parte-dos-jabutis-do-marco-das-eolicas-offshore\/\",\"name\":\"MME prepara pacote de MPs e avalia incluir parte dos jabutis do Marco das E\u00f3licas Offshore - Ag\u00eancia iNFRA\",\"isPartOf\":{\"@id\":\"https:\/\/agenciainfra.com\/blog\/#website\"},\"primaryImageOfPage\":{\"@id\":\"https:\/\/agenciainfra.com\/blog\/mme-prepara-pacote-de-mps-e-avalia-incluir-parte-dos-jabutis-do-marco-das-eolicas-offshore\/#primaryimage\"},\"image\":{\"@id\":\"https:\/\/agenciainfra.com\/blog\/mme-prepara-pacote-de-mps-e-avalia-incluir-parte-dos-jabutis-do-marco-das-eolicas-offshore\/#primaryimage\"},\"thumbnailUrl\":\"https:\/\/agenciainfra.com\/blog\/wp-content\/uploads\/2022\/05\/energia-eletrica-lampada-foto-dominio-publico.jpg\",\"datePublished\":\"2025-05-14T12:00:00+00:00\",\"dateModified\":\"2025-05-14T12:01:41+00:00\",\"breadcrumb\":{\"@id\":\"https:\/\/agenciainfra.com\/blog\/mme-prepara-pacote-de-mps-e-avalia-incluir-parte-dos-jabutis-do-marco-das-eolicas-offshore\/#breadcrumb\"},\"inLanguage\":\"pt-BR\",\"potentialAction\":[{\"@type\":\"ReadAction\",\"target\":[\"https:\/\/agenciainfra.com\/blog\/mme-prepara-pacote-de-mps-e-avalia-incluir-parte-dos-jabutis-do-marco-das-eolicas-offshore\/\"]}]},{\"@type\":\"ImageObject\",\"inLanguage\":\"pt-BR\",\"@id\":\"https:\/\/agenciainfra.com\/blog\/mme-prepara-pacote-de-mps-e-avalia-incluir-parte-dos-jabutis-do-marco-das-eolicas-offshore\/#primaryimage\",\"url\":\"https:\/\/agenciainfra.com\/blog\/wp-content\/uploads\/2022\/05\/energia-eletrica-lampada-foto-dominio-publico.jpg\",\"contentUrl\":\"https:\/\/agenciainfra.com\/blog\/wp-content\/uploads\/2022\/05\/energia-eletrica-lampada-foto-dominio-publico.jpg\",\"width\":1920,\"height\":1084,\"caption\":\"Foto: Dom\u00ednio p\u00fablico\"},{\"@type\":\"BreadcrumbList\",\"@id\":\"https:\/\/agenciainfra.com\/blog\/mme-prepara-pacote-de-mps-e-avalia-incluir-parte-dos-jabutis-do-marco-das-eolicas-offshore\/#breadcrumb\",\"itemListElement\":[{\"@type\":\"ListItem\",\"position\":1,\"name\":\"In\u00edcio\",\"item\":\"https:\/\/agenciainfra.com\/blog\/\"},{\"@type\":\"ListItem\",\"position\":2,\"name\":\"MME prepara pacote de MPs e avalia incluir parte dos jabutis do Marco das E\u00f3licas Offshore\"}]},{\"@type\":\"WebSite\",\"@id\":\"https:\/\/agenciainfra.com\/blog\/#website\",\"url\":\"https:\/\/agenciainfra.com\/blog\/\",\"name\":\"Ag\u00eancia iNFRA\",\"description\":\"Multiplataforma de informa\u00e7\u00e3o jornal\u00edstica refer\u00eancia na \u00e1rea de infraestrutura no Brasil!\",\"publisher\":{\"@id\":\"https:\/\/agenciainfra.com\/blog\/#organization\"},\"potentialAction\":[{\"@type\":\"SearchAction\",\"target\":{\"@type\":\"EntryPoint\",\"urlTemplate\":\"https:\/\/agenciainfra.com\/blog\/?s={search_term_string}\"},\"query-input\":{\"@type\":\"PropertyValueSpecification\",\"valueRequired\":true,\"valueName\":\"search_term_string\"}}],\"inLanguage\":\"pt-BR\"},{\"@type\":\"Organization\",\"@id\":\"https:\/\/agenciainfra.com\/blog\/#organization\",\"name\":\"Ag\u00eancia iNFRA\",\"url\":\"https:\/\/agenciainfra.com\/blog\/\",\"logo\":{\"@type\":\"ImageObject\",\"inLanguage\":\"pt-BR\",\"@id\":\"https:\/\/agenciainfra.com\/blog\/#\/schema\/logo\/image\/\",\"url\":\"https:\/\/agenciainfra.com\/blog\/wp-content\/uploads\/2023\/09\/iNFRA_5-e1761735885940.png\",\"contentUrl\":\"https:\/\/agenciainfra.com\/blog\/wp-content\/uploads\/2023\/09\/iNFRA_5-e1761735885940.png\",\"width\":1672,\"height\":454,\"caption\":\"Ag\u00eancia iNFRA\"},\"image\":{\"@id\":\"https:\/\/agenciainfra.com\/blog\/#\/schema\/logo\/image\/\"},\"sameAs\":[\"https:\/\/www.facebook.com\/ageninfra\",\"https:\/\/x.com\/agencia_infra\",\"https:\/\/www.linkedin.com\/company\/ag\u00eanciainfra\/\",\"https:\/\/www.instagram.com\/agenciainfra\/\"]},{\"@type\":\"Person\",\"@id\":\"https:\/\/agenciainfra.com\/blog\/#\/schema\/person\/34af08dff6adea4cb22b06612ba7acfa\",\"name\":\"Ag\u00eancia iNFRA\",\"image\":{\"@type\":\"ImageObject\",\"inLanguage\":\"pt-BR\",\"@id\":\"https:\/\/agenciainfra.com\/blog\/#\/schema\/person\/image\/\",\"url\":\"https:\/\/secure.gravatar.com\/avatar\/d189e01678f06d8eb84d4e01f08eb848b3fffe3f8443818d3c356c66892f5be8?s=96&d=mm&r=g\",\"contentUrl\":\"https:\/\/secure.gravatar.com\/avatar\/d189e01678f06d8eb84d4e01f08eb848b3fffe3f8443818d3c356c66892f5be8?s=96&d=mm&r=g\",\"caption\":\"Ag\u00eancia iNFRA\"},\"url\":\"https:\/\/agenciainfra.com\/blog\/author\/admin\/\"}]}<\/script>\n<!-- \/ Yoast SEO Premium plugin. -->","yoast_head_json":{"title":"MME prepara pacote de MPs e avalia incluir parte dos jabutis do Marco das E\u00f3licas Offshore - Ag\u00eancia iNFRA","robots":{"index":"index","follow":"follow","max-snippet":"max-snippet:-1","max-image-preview":"max-image-preview:large","max-video-preview":"max-video-preview:-1"},"canonical":"https:\/\/agenciainfra.com\/blog\/mme-prepara-pacote-de-mps-e-avalia-incluir-parte-dos-jabutis-do-marco-das-eolicas-offshore\/","og_locale":"pt_BR","og_type":"article","og_title":"MME prepara pacote de MPs e avalia incluir parte dos jabutis do Marco das E\u00f3licas Offshore","og_description":"Lais Carregosa e Geraldo Campos Jr., da Ag\u00eancia iNFRA O MME (Minist\u00e9rio de Minas e Energia) est\u00e1 avaliando um pacote que pode incluir&nbsp;tr\u00eas MPs (Medidas Provis\u00f3rias). A mais conhecida \u00e9 a da reestrutura\u00e7\u00e3o do setor el\u00e9trico, no entanto tamb\u00e9m est\u00e1 em estudo um texto para reformula\u00e7\u00e3o do Vale G\u00e1s e outra medida que incluiria parte [&hellip;]","og_url":"https:\/\/agenciainfra.com\/blog\/mme-prepara-pacote-de-mps-e-avalia-incluir-parte-dos-jabutis-do-marco-das-eolicas-offshore\/","og_site_name":"Ag\u00eancia iNFRA","article_publisher":"https:\/\/www.facebook.com\/ageninfra","article_published_time":"2025-05-14T12:00:00+00:00","article_modified_time":"2025-05-14T12:01:41+00:00","og_image":[{"width":1920,"height":1084,"url":"https:\/\/agenciainfra.com\/blog\/wp-content\/uploads\/2022\/05\/energia-eletrica-lampada-foto-dominio-publico.jpg","type":"image\/jpeg"}],"author":"Ag\u00eancia iNFRA","twitter_card":"summary_large_image","twitter_creator":"@agencia_infra","twitter_site":"@agencia_infra","twitter_misc":{"Escrito por":"Ag\u00eancia iNFRA","Est. tempo de leitura":"3 minutos"},"schema":{"@context":"https:\/\/schema.org","@graph":[{"@type":"Article","@id":"https:\/\/agenciainfra.com\/blog\/mme-prepara-pacote-de-mps-e-avalia-incluir-parte-dos-jabutis-do-marco-das-eolicas-offshore\/#article","isPartOf":{"@id":"https:\/\/agenciainfra.com\/blog\/mme-prepara-pacote-de-mps-e-avalia-incluir-parte-dos-jabutis-do-marco-das-eolicas-offshore\/"},"author":{"name":"Ag\u00eancia iNFRA","@id":"https:\/\/agenciainfra.com\/blog\/#\/schema\/person\/34af08dff6adea4cb22b06612ba7acfa"},"headline":"MME prepara pacote de MPs e avalia incluir parte dos jabutis do Marco das E\u00f3licas Offshore","datePublished":"2025-05-14T12:00:00+00:00","dateModified":"2025-05-14T12:01:41+00:00","mainEntityOfPage":{"@id":"https:\/\/agenciainfra.com\/blog\/mme-prepara-pacote-de-mps-e-avalia-incluir-parte-dos-jabutis-do-marco-das-eolicas-offshore\/"},"wordCount":616,"publisher":{"@id":"https:\/\/agenciainfra.com\/blog\/#organization"},"image":{"@id":"https:\/\/agenciainfra.com\/blog\/mme-prepara-pacote-de-mps-e-avalia-incluir-parte-dos-jabutis-do-marco-das-eolicas-offshore\/#primaryimage"},"thumbnailUrl":"https:\/\/agenciainfra.com\/blog\/wp-content\/uploads\/2022\/05\/energia-eletrica-lampada-foto-dominio-publico.jpg","keywords":["e\u00f3licas offshore","Geraldo Campos Jr.","jabutis","Lais Carregosa","Marco das E\u00f3licas Offshore","Medida Provis\u00f3ria","MME","mp do vale g\u00e1s","Reforma do Setor El\u00e9trico","Setor El\u00e9trico"],"articleSection":["Destaque lista","Geral","iNFRAEnergia"],"inLanguage":"pt-BR","copyrightYear":"2025","copyrightHolder":{"@id":"https:\/\/agenciainfra.com\/blog\/#organization"}},{"@type":"WebPage","@id":"https:\/\/agenciainfra.com\/blog\/mme-prepara-pacote-de-mps-e-avalia-incluir-parte-dos-jabutis-do-marco-das-eolicas-offshore\/","url":"https:\/\/agenciainfra.com\/blog\/mme-prepara-pacote-de-mps-e-avalia-incluir-parte-dos-jabutis-do-marco-das-eolicas-offshore\/","name":"MME prepara pacote de MPs e avalia incluir parte dos jabutis do Marco das E\u00f3licas Offshore - Ag\u00eancia iNFRA","isPartOf":{"@id":"https:\/\/agenciainfra.com\/blog\/#website"},"primaryImageOfPage":{"@id":"https:\/\/agenciainfra.com\/blog\/mme-prepara-pacote-de-mps-e-avalia-incluir-parte-dos-jabutis-do-marco-das-eolicas-offshore\/#primaryimage"},"image":{"@id":"https:\/\/agenciainfra.com\/blog\/mme-prepara-pacote-de-mps-e-avalia-incluir-parte-dos-jabutis-do-marco-das-eolicas-offshore\/#primaryimage"},"thumbnailUrl":"https:\/\/agenciainfra.com\/blog\/wp-content\/uploads\/2022\/05\/energia-eletrica-lampada-foto-dominio-publico.jpg","datePublished":"2025-05-14T12:00:00+00:00","dateModified":"2025-05-14T12:01:41+00:00","breadcrumb":{"@id":"https:\/\/agenciainfra.com\/blog\/mme-prepara-pacote-de-mps-e-avalia-incluir-parte-dos-jabutis-do-marco-das-eolicas-offshore\/#breadcrumb"},"inLanguage":"pt-BR","potentialAction":[{"@type":"ReadAction","target":["https:\/\/agenciainfra.com\/blog\/mme-prepara-pacote-de-mps-e-avalia-incluir-parte-dos-jabutis-do-marco-das-eolicas-offshore\/"]}]},{"@type":"ImageObject","inLanguage":"pt-BR","@id":"https:\/\/agenciainfra.com\/blog\/mme-prepara-pacote-de-mps-e-avalia-incluir-parte-dos-jabutis-do-marco-das-eolicas-offshore\/#primaryimage","url":"https:\/\/agenciainfra.com\/blog\/wp-content\/uploads\/2022\/05\/energia-eletrica-lampada-foto-dominio-publico.jpg","contentUrl":"https:\/\/agenciainfra.com\/blog\/wp-content\/uploads\/2022\/05\/energia-eletrica-lampada-foto-dominio-publico.jpg","width":1920,"height":1084,"caption":"Foto: Dom\u00ednio p\u00fablico"},{"@type":"BreadcrumbList","@id":"https:\/\/agenciainfra.com\/blog\/mme-prepara-pacote-de-mps-e-avalia-incluir-parte-dos-jabutis-do-marco-das-eolicas-offshore\/#breadcrumb","itemListElement":[{"@type":"ListItem","position":1,"name":"In\u00edcio","item":"https:\/\/agenciainfra.com\/blog\/"},{"@type":"ListItem","position":2,"name":"MME prepara pacote de MPs e avalia incluir parte dos jabutis do Marco das E\u00f3licas Offshore"}]},{"@type":"WebSite","@id":"https:\/\/agenciainfra.com\/blog\/#website","url":"https:\/\/agenciainfra.com\/blog\/","name":"Ag\u00eancia iNFRA","description":"Multiplataforma de informa\u00e7\u00e3o jornal\u00edstica refer\u00eancia na \u00e1rea de infraestrutura no Brasil!","publisher":{"@id":"https:\/\/agenciainfra.com\/blog\/#organization"},"potentialAction":[{"@type":"SearchAction","target":{"@type":"EntryPoint","urlTemplate":"https:\/\/agenciainfra.com\/blog\/?s={search_term_string}"},"query-input":{"@type":"PropertyValueSpecification","valueRequired":true,"valueName":"search_term_string"}}],"inLanguage":"pt-BR"},{"@type":"Organization","@id":"https:\/\/agenciainfra.com\/blog\/#organization","name":"Ag\u00eancia iNFRA","url":"https:\/\/agenciainfra.com\/blog\/","logo":{"@type":"ImageObject","inLanguage":"pt-BR","@id":"https:\/\/agenciainfra.com\/blog\/#\/schema\/logo\/image\/","url":"https:\/\/agenciainfra.com\/blog\/wp-content\/uploads\/2023\/09\/iNFRA_5-e1761735885940.png","contentUrl":"https:\/\/agenciainfra.com\/blog\/wp-content\/uploads\/2023\/09\/iNFRA_5-e1761735885940.png","width":1672,"height":454,"caption":"Ag\u00eancia iNFRA"},"image":{"@id":"https:\/\/agenciainfra.com\/blog\/#\/schema\/logo\/image\/"},"sameAs":["https:\/\/www.facebook.com\/ageninfra","https:\/\/x.com\/agencia_infra","https:\/\/www.linkedin.com\/company\/ag\u00eanciainfra\/","https:\/\/www.instagram.com\/agenciainfra\/"]},{"@type":"Person","@id":"https:\/\/agenciainfra.com\/blog\/#\/schema\/person\/34af08dff6adea4cb22b06612ba7acfa","name":"Ag\u00eancia iNFRA","image":{"@type":"ImageObject","inLanguage":"pt-BR","@id":"https:\/\/agenciainfra.com\/blog\/#\/schema\/person\/image\/","url":"https:\/\/secure.gravatar.com\/avatar\/d189e01678f06d8eb84d4e01f08eb848b3fffe3f8443818d3c356c66892f5be8?s=96&d=mm&r=g","contentUrl":"https:\/\/secure.gravatar.com\/avatar\/d189e01678f06d8eb84d4e01f08eb848b3fffe3f8443818d3c356c66892f5be8?s=96&d=mm&r=g","caption":"Ag\u00eancia iNFRA"},"url":"https:\/\/agenciainfra.com\/blog\/author\/admin\/"}]}},"_links":{"self":[{"href":"https:\/\/agenciainfra.com\/blog\/wp-json\/wp\/v2\/posts\/21645","targetHints":{"allow":["GET"]}}],"collection":[{"href":"https:\/\/agenciainfra.com\/blog\/wp-json\/wp\/v2\/posts"}],"about":[{"href":"https:\/\/agenciainfra.com\/blog\/wp-json\/wp\/v2\/types\/post"}],"author":[{"embeddable":true,"href":"https:\/\/agenciainfra.com\/blog\/wp-json\/wp\/v2\/users\/1"}],"replies":[{"embeddable":true,"href":"https:\/\/agenciainfra.com\/blog\/wp-json\/wp\/v2\/comments?post=21645"}],"version-history":[{"count":1,"href":"https:\/\/agenciainfra.com\/blog\/wp-json\/wp\/v2\/posts\/21645\/revisions"}],"predecessor-version":[{"id":21646,"href":"https:\/\/agenciainfra.com\/blog\/wp-json\/wp\/v2\/posts\/21645\/revisions\/21646"}],"wp:featuredmedia":[{"embeddable":true,"href":"https:\/\/agenciainfra.com\/blog\/wp-json\/wp\/v2\/media\/10230"}],"wp:attachment":[{"href":"https:\/\/agenciainfra.com\/blog\/wp-json\/wp\/v2\/media?parent=21645"}],"wp:term":[{"taxonomy":"category","embeddable":true,"href":"https:\/\/agenciainfra.com\/blog\/wp-json\/wp\/v2\/categories?post=21645"},{"taxonomy":"post_tag","embeddable":true,"href":"https:\/\/agenciainfra.com\/blog\/wp-json\/wp\/v2\/tags?post=21645"}],"curies":[{"name":"wp","href":"https:\/\/api.w.org\/{rel}","templated":true}]}}