{"id":21760,"date":"2025-05-15T09:00:00","date_gmt":"2025-05-15T12:00:00","guid":{"rendered":"https:\/\/agenciainfra.com\/blog\/?p=21760"},"modified":"2025-05-19T21:18:30","modified_gmt":"2025-05-20T00:18:30","slug":"ricardo-tili-deixara-aneel-na-proxima-semana-com-cerca-de-50-processos-para-redistribuicao","status":"publish","type":"post","link":"https:\/\/agenciainfra.com\/blog\/ricardo-tili-deixara-aneel-na-proxima-semana-com-cerca-de-50-processos-para-redistribuicao\/","title":{"rendered":"Ricardo Tili deixar\u00e1 ANEEL com cerca de 50 processos para redistribui\u00e7\u00e3o"},"content":{"rendered":"\n<p class=\"has-text-align-right\"><strong>Geraldo Campos Jr. e Lais Carregosa, da Ag\u00eancia iNFRA<\/strong><\/p>\n\n\n\n<p>O mandato do diretor Ricardo Tili na ANEEL (Ag\u00eancia Nacional de Energia El\u00e9trica) ter\u00e1 fim no pr\u00f3ximo dia 24 de maio. Desta forma, a reuni\u00e3o p\u00fablica da diretoria marcada para ter\u00e7a-feira (20) ser\u00e1 a despedida do diretor. No entanto, cerca de 50 processos que estavam sob sua relatoria n\u00e3o devem estar na pauta da \u00faltima reuni\u00e3o de Tili e devem ficar para redistribui\u00e7\u00e3o.<br><br>Os c\u00e1lculos foram informados pelo diretor \u00e0 <strong>Ag\u00eancia iNFRA<\/strong>. Ricardo Tili disse que n\u00e3o tem a pretens\u00e3o de pautar todos os seus processos na sua \u00faltima reuni\u00e3o e afastou a possibilidade de uma \u201cTili Week\u201d na sua despedida. Logo, n\u00e3o deve acontecer o que se viu em maio de 2024, quando a reuni\u00e3o de despedida do diretor H\u00e9lvio Guerra ganhou o apelido de \u201cH\u00e9lvio Week\u201d por ter durado v\u00e1rios dias para que fosse poss\u00edvel apreciar a maior parte dos processos pendentes do ent\u00e3o diretor.<br><br>Tili explicou que a maioria dos processos que n\u00e3o ser\u00e3o pautados ainda est\u00e1 na fase de instru\u00e7\u00e3o, aguardando posicionamento das \u00e1reas t\u00e9cnicas da reguladora, e portanto ainda n\u00e3o est\u00e3o prontos para delibera\u00e7\u00e3o. Outros ainda aguardam parecer da Procuradoria Federal junto \u00e0 ANEEL, al\u00e9m do fechamento de consultas p\u00fablicas.<br><br>Pela regra, quando um diretor deixa o colegiado da ag\u00eancia, seus processos n\u00e3o s\u00e3o herdados pelo sucessor, e sim levados a sorteio para redistribui\u00e7\u00e3o de relator entre os demais diretores.<br><br><strong>Processos emblem\u00e1ticos<\/strong><br>O diretor tem alguns processos emblem\u00e1ticos em sua relatoria, que podem ser redistribu\u00eddos ou pautados para sua reuni\u00e3o de despedida. Um deles \u00e9 a nova resolu\u00e7\u00e3o conjunta da ANEEL e Anatel (Ag\u00eancia Nacional de Telecomunica\u00e7\u00f5es) para disciplinar o uso compartilhado dos postes por operadoras de telefonia e internet.<br><br>A norma chegou a ser aprovada pela Anatel em 24 de outubro de 2023, mas a ANEEL n\u00e3o chegou a um consenso e abriu um novo processo diante da publica\u00e7\u00e3o de portaria conjunta do MME (Minist\u00e9rio de Minas e Energia) e MCOM (Minist\u00e9rio das Comunica\u00e7\u00f5es) com novas diretrizes para a norma.<br><br>Contudo, interlocutores da Anatel afirmam que h\u00e1 uma sinaliza\u00e7\u00e3o de que o processo pode ser pautado pelo relator na ANEEL ainda em maio.<br><br>Tamb\u00e9m est\u00e1 sob a relatoria de Tili o processo sobre o edital do LRCAP (Leil\u00e3o de Reserva de Capacidade), cancelado pelo MME devido ao alto n\u00edvel de judicializa\u00e7\u00e3o. A pasta ainda n\u00e3o divulgou a nova consulta p\u00fablica.<br><br>Tili tamb\u00e9m tem um pedido de vista do processo que trata dos aportes para adequa\u00e7\u00e3o do endividamento das distribuidoras aos limites regulat\u00f3rios. O pedido foi apresentado em dezembro de 2024.&nbsp;<br><br>O processo trata da necessidade de desembolso, pelos acionistas de seis distribuidoras, em valores que somam mais de R$ 10 bilh\u00f5es.<br><br><strong>Novo arranjo de for\u00e7as<\/strong><br>A sa\u00edda de Tili promover\u00e1 um novo arranjo de for\u00e7as na diretoria da ANEEL. Hoje, o diretor tende a se alinhar ao diretor Fernando Mosna, em oposi\u00e7\u00e3o ao diretor-geral, Sandoval Feitosa, \u00e0 diretora Agnes Costa e \u00e0 diretora substituta Ludimila Lima.<br><br>Com a entrada de mais um diretor substituto, do corpo t\u00e9cnico da ag\u00eancia, a avalia\u00e7\u00e3o \u00e9 de que o novo integrante do colegiado tenha uma posi\u00e7\u00e3o alinhada ao diretor-geral, avaliam fontes.<br><br><strong>Quem entra<\/strong><br>Conforme o decreto do presidente Lula publicado em 8 de janeiro, que definiu Ludimila Lima como primeira substituta, o atual secret\u00e1rio-geral da ANEEL, Daniel Danna, \u00e9 o segundo substituto da diretoria. Desta forma, ele ser\u00e1 convocado a assumir ap\u00f3s a sa\u00edda de Tili por at\u00e9 180 dias.<br><br>Ainda n\u00e3o foi indicado por Lula um nome definitivo para a vaga que ficar\u00e1 aberta com a sa\u00edda de Ricardo Tili, assim como tamb\u00e9m n\u00e3o h\u00e1 defini\u00e7\u00e3o sobre a cadeira titular que est\u00e1 vaga h\u00e1 um ano com a sa\u00edda de H\u00e9lvio Guerra. Atualmente, governo e Senado negociam os dois nomes.<\/p>\n","protected":false},"excerpt":{"rendered":"<p>Geraldo Campos Jr. e Lais Carregosa, da Ag\u00eancia iNFRA O mandato do diretor Ricardo Tili na ANEEL (Ag\u00eancia Nacional de Energia El\u00e9trica) ter\u00e1 fim no pr\u00f3ximo dia 24 de maio. Desta forma, a reuni\u00e3o p\u00fablica da diretoria marcada para ter\u00e7a-feira (20) ser\u00e1 a despedida do diretor. No entanto, cerca de 50 processos que estavam sob [&hellip;]<\/p>\n","protected":false},"author":1,"featured_media":21761,"comment_status":"closed","ping_status":"closed","sticky":false,"template":"","format":"standard","meta":{"_monsterinsights_skip_tracking":false,"_monsterinsights_sitenote_active":false,"_monsterinsights_sitenote_note":"","_monsterinsights_sitenote_category":0,"footnotes":""},"categories":[7250,1,10],"tags":[72,53,9397,13357,9543,12434,11594,13132,13358,13359,5682],"class_list":["post-21760","post","type-post","status-publish","format-standard","has-post-thumbnail","hentry","category-destaque-lista","category-geral","category-infraenergia","tag-agencia-reguladora","tag-aneel","tag-daniel-danna","tag-diretor-substituto","tag-diretoria-da-aneel","tag-fim-de-mandato","tag-geraldo-campos-jr","tag-lais-carregosa","tag-mandato-na-aneel","tag-redistribuicao-de-processos","tag-ricardo-tili"],"yoast_head":"<!-- This site is optimized with the Yoast SEO Premium plugin v25.4 (Yoast SEO v26.0) - https:\/\/yoast.com\/wordpress\/plugins\/seo\/ -->\n<title>Ricardo Tili deixar\u00e1 ANEEL com cerca de 50 processos para redistribui\u00e7\u00e3o - Ag\u00eancia iNFRA<\/title>\n<meta name=\"robots\" content=\"index, follow, max-snippet:-1, max-image-preview:large, max-video-preview:-1\" \/>\n<link rel=\"canonical\" href=\"https:\/\/agenciainfra.com\/blog\/ricardo-tili-deixara-aneel-na-proxima-semana-com-cerca-de-50-processos-para-redistribuicao\/\" \/>\n<meta property=\"og:locale\" content=\"pt_BR\" \/>\n<meta property=\"og:type\" content=\"article\" \/>\n<meta property=\"og:title\" content=\"Ricardo Tili deixar\u00e1 ANEEL com cerca de 50 processos para redistribui\u00e7\u00e3o\" \/>\n<meta property=\"og:description\" content=\"Geraldo Campos Jr. e Lais Carregosa, da Ag\u00eancia iNFRA O mandato do diretor Ricardo Tili na ANEEL (Ag\u00eancia Nacional de Energia El\u00e9trica) ter\u00e1 fim no pr\u00f3ximo dia 24 de maio. Desta forma, a reuni\u00e3o p\u00fablica da diretoria marcada para ter\u00e7a-feira (20) ser\u00e1 a despedida do diretor. No entanto, cerca de 50 processos que estavam sob [&hellip;]\" \/>\n<meta property=\"og:url\" content=\"https:\/\/agenciainfra.com\/blog\/ricardo-tili-deixara-aneel-na-proxima-semana-com-cerca-de-50-processos-para-redistribuicao\/\" \/>\n<meta property=\"og:site_name\" content=\"Ag\u00eancia iNFRA\" \/>\n<meta property=\"article:publisher\" content=\"https:\/\/www.facebook.com\/ageninfra\" \/>\n<meta property=\"article:published_time\" content=\"2025-05-15T12:00:00+00:00\" \/>\n<meta property=\"article:modified_time\" content=\"2025-05-20T00:18:30+00:00\" \/>\n<meta property=\"og:image\" content=\"https:\/\/agenciainfra.com\/blog\/wp-content\/uploads\/2025\/05\/ricardo-tili-foto-arquivo_pessoal.jpg\" \/>\n\t<meta property=\"og:image:width\" content=\"1280\" \/>\n\t<meta property=\"og:image:height\" content=\"853\" \/>\n\t<meta property=\"og:image:type\" content=\"image\/jpeg\" \/>\n<meta name=\"author\" content=\"Ag\u00eancia iNFRA\" \/>\n<meta name=\"twitter:card\" content=\"summary_large_image\" \/>\n<meta name=\"twitter:creator\" content=\"@agencia_infra\" \/>\n<meta name=\"twitter:site\" content=\"@agencia_infra\" \/>\n<meta name=\"twitter:label1\" content=\"Escrito por\" \/>\n\t<meta name=\"twitter:data1\" content=\"Ag\u00eancia iNFRA\" \/>\n\t<meta name=\"twitter:label2\" content=\"Est. tempo de leitura\" \/>\n\t<meta name=\"twitter:data2\" content=\"3 minutos\" \/>\n<script type=\"application\/ld+json\" class=\"yoast-schema-graph\">{\"@context\":\"https:\/\/schema.org\",\"@graph\":[{\"@type\":\"Article\",\"@id\":\"https:\/\/agenciainfra.com\/blog\/ricardo-tili-deixara-aneel-na-proxima-semana-com-cerca-de-50-processos-para-redistribuicao\/#article\",\"isPartOf\":{\"@id\":\"https:\/\/agenciainfra.com\/blog\/ricardo-tili-deixara-aneel-na-proxima-semana-com-cerca-de-50-processos-para-redistribuicao\/\"},\"author\":{\"name\":\"Ag\u00eancia iNFRA\",\"@id\":\"https:\/\/agenciainfra.com\/blog\/#\/schema\/person\/34af08dff6adea4cb22b06612ba7acfa\"},\"headline\":\"Ricardo Tili deixar\u00e1 ANEEL com cerca de 50 processos para redistribui\u00e7\u00e3o\",\"datePublished\":\"2025-05-15T12:00:00+00:00\",\"dateModified\":\"2025-05-20T00:18:30+00:00\",\"mainEntityOfPage\":{\"@id\":\"https:\/\/agenciainfra.com\/blog\/ricardo-tili-deixara-aneel-na-proxima-semana-com-cerca-de-50-processos-para-redistribuicao\/\"},\"wordCount\":693,\"publisher\":{\"@id\":\"https:\/\/agenciainfra.com\/blog\/#organization\"},\"image\":{\"@id\":\"https:\/\/agenciainfra.com\/blog\/ricardo-tili-deixara-aneel-na-proxima-semana-com-cerca-de-50-processos-para-redistribuicao\/#primaryimage\"},\"thumbnailUrl\":\"https:\/\/agenciainfra.com\/blog\/wp-content\/uploads\/2025\/05\/ricardo-tili-foto-arquivo_pessoal.jpg\",\"keywords\":[\"ag\u00eancia reguladora\",\"ANEEL\",\"Daniel Danna\",\"diretor substituto\",\"Diretoria da ANEEL\",\"fim de mandato\",\"Geraldo Campos Jr.\",\"Lais Carregosa\",\"mandato na aneel\",\"redistribui\u00e7\u00e3o de processos\",\"Ricardo Tili\"],\"articleSection\":[\"Destaque lista\",\"Geral\",\"iNFRAEnergia\"],\"inLanguage\":\"pt-BR\",\"copyrightYear\":\"2025\",\"copyrightHolder\":{\"@id\":\"https:\/\/agenciainfra.com\/blog\/#organization\"}},{\"@type\":\"WebPage\",\"@id\":\"https:\/\/agenciainfra.com\/blog\/ricardo-tili-deixara-aneel-na-proxima-semana-com-cerca-de-50-processos-para-redistribuicao\/\",\"url\":\"https:\/\/agenciainfra.com\/blog\/ricardo-tili-deixara-aneel-na-proxima-semana-com-cerca-de-50-processos-para-redistribuicao\/\",\"name\":\"Ricardo Tili deixar\u00e1 ANEEL com cerca de 50 processos para redistribui\u00e7\u00e3o - Ag\u00eancia iNFRA\",\"isPartOf\":{\"@id\":\"https:\/\/agenciainfra.com\/blog\/#website\"},\"primaryImageOfPage\":{\"@id\":\"https:\/\/agenciainfra.com\/blog\/ricardo-tili-deixara-aneel-na-proxima-semana-com-cerca-de-50-processos-para-redistribuicao\/#primaryimage\"},\"image\":{\"@id\":\"https:\/\/agenciainfra.com\/blog\/ricardo-tili-deixara-aneel-na-proxima-semana-com-cerca-de-50-processos-para-redistribuicao\/#primaryimage\"},\"thumbnailUrl\":\"https:\/\/agenciainfra.com\/blog\/wp-content\/uploads\/2025\/05\/ricardo-tili-foto-arquivo_pessoal.jpg\",\"datePublished\":\"2025-05-15T12:00:00+00:00\",\"dateModified\":\"2025-05-20T00:18:30+00:00\",\"breadcrumb\":{\"@id\":\"https:\/\/agenciainfra.com\/blog\/ricardo-tili-deixara-aneel-na-proxima-semana-com-cerca-de-50-processos-para-redistribuicao\/#breadcrumb\"},\"inLanguage\":\"pt-BR\",\"potentialAction\":[{\"@type\":\"ReadAction\",\"target\":[\"https:\/\/agenciainfra.com\/blog\/ricardo-tili-deixara-aneel-na-proxima-semana-com-cerca-de-50-processos-para-redistribuicao\/\"]}]},{\"@type\":\"ImageObject\",\"inLanguage\":\"pt-BR\",\"@id\":\"https:\/\/agenciainfra.com\/blog\/ricardo-tili-deixara-aneel-na-proxima-semana-com-cerca-de-50-processos-para-redistribuicao\/#primaryimage\",\"url\":\"https:\/\/agenciainfra.com\/blog\/wp-content\/uploads\/2025\/05\/ricardo-tili-foto-arquivo_pessoal.jpg\",\"contentUrl\":\"https:\/\/agenciainfra.com\/blog\/wp-content\/uploads\/2025\/05\/ricardo-tili-foto-arquivo_pessoal.jpg\",\"width\":1280,\"height\":853},{\"@type\":\"BreadcrumbList\",\"@id\":\"https:\/\/agenciainfra.com\/blog\/ricardo-tili-deixara-aneel-na-proxima-semana-com-cerca-de-50-processos-para-redistribuicao\/#breadcrumb\",\"itemListElement\":[{\"@type\":\"ListItem\",\"position\":1,\"name\":\"In\u00edcio\",\"item\":\"https:\/\/agenciainfra.com\/blog\/\"},{\"@type\":\"ListItem\",\"position\":2,\"name\":\"Ricardo Tili deixar\u00e1 ANEEL com cerca de 50 processos para redistribui\u00e7\u00e3o\"}]},{\"@type\":\"WebSite\",\"@id\":\"https:\/\/agenciainfra.com\/blog\/#website\",\"url\":\"https:\/\/agenciainfra.com\/blog\/\",\"name\":\"Ag\u00eancia iNFRA\",\"description\":\"Multiplataforma de informa\u00e7\u00e3o jornal\u00edstica refer\u00eancia na \u00e1rea de infraestrutura no Brasil!\",\"publisher\":{\"@id\":\"https:\/\/agenciainfra.com\/blog\/#organization\"},\"potentialAction\":[{\"@type\":\"SearchAction\",\"target\":{\"@type\":\"EntryPoint\",\"urlTemplate\":\"https:\/\/agenciainfra.com\/blog\/?s={search_term_string}\"},\"query-input\":{\"@type\":\"PropertyValueSpecification\",\"valueRequired\":true,\"valueName\":\"search_term_string\"}}],\"inLanguage\":\"pt-BR\"},{\"@type\":\"Organization\",\"@id\":\"https:\/\/agenciainfra.com\/blog\/#organization\",\"name\":\"Ag\u00eancia iNFRA\",\"url\":\"https:\/\/agenciainfra.com\/blog\/\",\"logo\":{\"@type\":\"ImageObject\",\"inLanguage\":\"pt-BR\",\"@id\":\"https:\/\/agenciainfra.com\/blog\/#\/schema\/logo\/image\/\",\"url\":\"https:\/\/agenciainfra.com\/blog\/wp-content\/uploads\/2023\/09\/iNFRA_5-e1761735885940.png\",\"contentUrl\":\"https:\/\/agenciainfra.com\/blog\/wp-content\/uploads\/2023\/09\/iNFRA_5-e1761735885940.png\",\"width\":1672,\"height\":454,\"caption\":\"Ag\u00eancia iNFRA\"},\"image\":{\"@id\":\"https:\/\/agenciainfra.com\/blog\/#\/schema\/logo\/image\/\"},\"sameAs\":[\"https:\/\/www.facebook.com\/ageninfra\",\"https:\/\/x.com\/agencia_infra\",\"https:\/\/www.linkedin.com\/company\/ag\u00eanciainfra\/\",\"https:\/\/www.instagram.com\/agenciainfra\/\"]},{\"@type\":\"Person\",\"@id\":\"https:\/\/agenciainfra.com\/blog\/#\/schema\/person\/34af08dff6adea4cb22b06612ba7acfa\",\"name\":\"Ag\u00eancia iNFRA\",\"image\":{\"@type\":\"ImageObject\",\"inLanguage\":\"pt-BR\",\"@id\":\"https:\/\/agenciainfra.com\/blog\/#\/schema\/person\/image\/\",\"url\":\"https:\/\/secure.gravatar.com\/avatar\/d189e01678f06d8eb84d4e01f08eb848b3fffe3f8443818d3c356c66892f5be8?s=96&d=mm&r=g\",\"contentUrl\":\"https:\/\/secure.gravatar.com\/avatar\/d189e01678f06d8eb84d4e01f08eb848b3fffe3f8443818d3c356c66892f5be8?s=96&d=mm&r=g\",\"caption\":\"Ag\u00eancia iNFRA\"},\"url\":\"https:\/\/agenciainfra.com\/blog\/author\/admin\/\"}]}<\/script>\n<!-- \/ Yoast SEO Premium plugin. -->","yoast_head_json":{"title":"Ricardo Tili deixar\u00e1 ANEEL com cerca de 50 processos para redistribui\u00e7\u00e3o - Ag\u00eancia iNFRA","robots":{"index":"index","follow":"follow","max-snippet":"max-snippet:-1","max-image-preview":"max-image-preview:large","max-video-preview":"max-video-preview:-1"},"canonical":"https:\/\/agenciainfra.com\/blog\/ricardo-tili-deixara-aneel-na-proxima-semana-com-cerca-de-50-processos-para-redistribuicao\/","og_locale":"pt_BR","og_type":"article","og_title":"Ricardo Tili deixar\u00e1 ANEEL com cerca de 50 processos para redistribui\u00e7\u00e3o","og_description":"Geraldo Campos Jr. e Lais Carregosa, da Ag\u00eancia iNFRA O mandato do diretor Ricardo Tili na ANEEL (Ag\u00eancia Nacional de Energia El\u00e9trica) ter\u00e1 fim no pr\u00f3ximo dia 24 de maio. Desta forma, a reuni\u00e3o p\u00fablica da diretoria marcada para ter\u00e7a-feira (20) ser\u00e1 a despedida do diretor. No entanto, cerca de 50 processos que estavam sob [&hellip;]","og_url":"https:\/\/agenciainfra.com\/blog\/ricardo-tili-deixara-aneel-na-proxima-semana-com-cerca-de-50-processos-para-redistribuicao\/","og_site_name":"Ag\u00eancia iNFRA","article_publisher":"https:\/\/www.facebook.com\/ageninfra","article_published_time":"2025-05-15T12:00:00+00:00","article_modified_time":"2025-05-20T00:18:30+00:00","og_image":[{"width":1280,"height":853,"url":"https:\/\/agenciainfra.com\/blog\/wp-content\/uploads\/2025\/05\/ricardo-tili-foto-arquivo_pessoal.jpg","type":"image\/jpeg"}],"author":"Ag\u00eancia iNFRA","twitter_card":"summary_large_image","twitter_creator":"@agencia_infra","twitter_site":"@agencia_infra","twitter_misc":{"Escrito por":"Ag\u00eancia iNFRA","Est. tempo de leitura":"3 minutos"},"schema":{"@context":"https:\/\/schema.org","@graph":[{"@type":"Article","@id":"https:\/\/agenciainfra.com\/blog\/ricardo-tili-deixara-aneel-na-proxima-semana-com-cerca-de-50-processos-para-redistribuicao\/#article","isPartOf":{"@id":"https:\/\/agenciainfra.com\/blog\/ricardo-tili-deixara-aneel-na-proxima-semana-com-cerca-de-50-processos-para-redistribuicao\/"},"author":{"name":"Ag\u00eancia iNFRA","@id":"https:\/\/agenciainfra.com\/blog\/#\/schema\/person\/34af08dff6adea4cb22b06612ba7acfa"},"headline":"Ricardo Tili deixar\u00e1 ANEEL com cerca de 50 processos para redistribui\u00e7\u00e3o","datePublished":"2025-05-15T12:00:00+00:00","dateModified":"2025-05-20T00:18:30+00:00","mainEntityOfPage":{"@id":"https:\/\/agenciainfra.com\/blog\/ricardo-tili-deixara-aneel-na-proxima-semana-com-cerca-de-50-processos-para-redistribuicao\/"},"wordCount":693,"publisher":{"@id":"https:\/\/agenciainfra.com\/blog\/#organization"},"image":{"@id":"https:\/\/agenciainfra.com\/blog\/ricardo-tili-deixara-aneel-na-proxima-semana-com-cerca-de-50-processos-para-redistribuicao\/#primaryimage"},"thumbnailUrl":"https:\/\/agenciainfra.com\/blog\/wp-content\/uploads\/2025\/05\/ricardo-tili-foto-arquivo_pessoal.jpg","keywords":["ag\u00eancia reguladora","ANEEL","Daniel Danna","diretor substituto","Diretoria da ANEEL","fim de mandato","Geraldo Campos Jr.","Lais Carregosa","mandato na aneel","redistribui\u00e7\u00e3o de processos","Ricardo Tili"],"articleSection":["Destaque lista","Geral","iNFRAEnergia"],"inLanguage":"pt-BR","copyrightYear":"2025","copyrightHolder":{"@id":"https:\/\/agenciainfra.com\/blog\/#organization"}},{"@type":"WebPage","@id":"https:\/\/agenciainfra.com\/blog\/ricardo-tili-deixara-aneel-na-proxima-semana-com-cerca-de-50-processos-para-redistribuicao\/","url":"https:\/\/agenciainfra.com\/blog\/ricardo-tili-deixara-aneel-na-proxima-semana-com-cerca-de-50-processos-para-redistribuicao\/","name":"Ricardo Tili deixar\u00e1 ANEEL com cerca de 50 processos para redistribui\u00e7\u00e3o - Ag\u00eancia iNFRA","isPartOf":{"@id":"https:\/\/agenciainfra.com\/blog\/#website"},"primaryImageOfPage":{"@id":"https:\/\/agenciainfra.com\/blog\/ricardo-tili-deixara-aneel-na-proxima-semana-com-cerca-de-50-processos-para-redistribuicao\/#primaryimage"},"image":{"@id":"https:\/\/agenciainfra.com\/blog\/ricardo-tili-deixara-aneel-na-proxima-semana-com-cerca-de-50-processos-para-redistribuicao\/#primaryimage"},"thumbnailUrl":"https:\/\/agenciainfra.com\/blog\/wp-content\/uploads\/2025\/05\/ricardo-tili-foto-arquivo_pessoal.jpg","datePublished":"2025-05-15T12:00:00+00:00","dateModified":"2025-05-20T00:18:30+00:00","breadcrumb":{"@id":"https:\/\/agenciainfra.com\/blog\/ricardo-tili-deixara-aneel-na-proxima-semana-com-cerca-de-50-processos-para-redistribuicao\/#breadcrumb"},"inLanguage":"pt-BR","potentialAction":[{"@type":"ReadAction","target":["https:\/\/agenciainfra.com\/blog\/ricardo-tili-deixara-aneel-na-proxima-semana-com-cerca-de-50-processos-para-redistribuicao\/"]}]},{"@type":"ImageObject","inLanguage":"pt-BR","@id":"https:\/\/agenciainfra.com\/blog\/ricardo-tili-deixara-aneel-na-proxima-semana-com-cerca-de-50-processos-para-redistribuicao\/#primaryimage","url":"https:\/\/agenciainfra.com\/blog\/wp-content\/uploads\/2025\/05\/ricardo-tili-foto-arquivo_pessoal.jpg","contentUrl":"https:\/\/agenciainfra.com\/blog\/wp-content\/uploads\/2025\/05\/ricardo-tili-foto-arquivo_pessoal.jpg","width":1280,"height":853},{"@type":"BreadcrumbList","@id":"https:\/\/agenciainfra.com\/blog\/ricardo-tili-deixara-aneel-na-proxima-semana-com-cerca-de-50-processos-para-redistribuicao\/#breadcrumb","itemListElement":[{"@type":"ListItem","position":1,"name":"In\u00edcio","item":"https:\/\/agenciainfra.com\/blog\/"},{"@type":"ListItem","position":2,"name":"Ricardo Tili deixar\u00e1 ANEEL com cerca de 50 processos para redistribui\u00e7\u00e3o"}]},{"@type":"WebSite","@id":"https:\/\/agenciainfra.com\/blog\/#website","url":"https:\/\/agenciainfra.com\/blog\/","name":"Ag\u00eancia iNFRA","description":"Multiplataforma de informa\u00e7\u00e3o jornal\u00edstica refer\u00eancia na \u00e1rea de infraestrutura no Brasil!","publisher":{"@id":"https:\/\/agenciainfra.com\/blog\/#organization"},"potentialAction":[{"@type":"SearchAction","target":{"@type":"EntryPoint","urlTemplate":"https:\/\/agenciainfra.com\/blog\/?s={search_term_string}"},"query-input":{"@type":"PropertyValueSpecification","valueRequired":true,"valueName":"search_term_string"}}],"inLanguage":"pt-BR"},{"@type":"Organization","@id":"https:\/\/agenciainfra.com\/blog\/#organization","name":"Ag\u00eancia iNFRA","url":"https:\/\/agenciainfra.com\/blog\/","logo":{"@type":"ImageObject","inLanguage":"pt-BR","@id":"https:\/\/agenciainfra.com\/blog\/#\/schema\/logo\/image\/","url":"https:\/\/agenciainfra.com\/blog\/wp-content\/uploads\/2023\/09\/iNFRA_5-e1761735885940.png","contentUrl":"https:\/\/agenciainfra.com\/blog\/wp-content\/uploads\/2023\/09\/iNFRA_5-e1761735885940.png","width":1672,"height":454,"caption":"Ag\u00eancia iNFRA"},"image":{"@id":"https:\/\/agenciainfra.com\/blog\/#\/schema\/logo\/image\/"},"sameAs":["https:\/\/www.facebook.com\/ageninfra","https:\/\/x.com\/agencia_infra","https:\/\/www.linkedin.com\/company\/ag\u00eanciainfra\/","https:\/\/www.instagram.com\/agenciainfra\/"]},{"@type":"Person","@id":"https:\/\/agenciainfra.com\/blog\/#\/schema\/person\/34af08dff6adea4cb22b06612ba7acfa","name":"Ag\u00eancia iNFRA","image":{"@type":"ImageObject","inLanguage":"pt-BR","@id":"https:\/\/agenciainfra.com\/blog\/#\/schema\/person\/image\/","url":"https:\/\/secure.gravatar.com\/avatar\/d189e01678f06d8eb84d4e01f08eb848b3fffe3f8443818d3c356c66892f5be8?s=96&d=mm&r=g","contentUrl":"https:\/\/secure.gravatar.com\/avatar\/d189e01678f06d8eb84d4e01f08eb848b3fffe3f8443818d3c356c66892f5be8?s=96&d=mm&r=g","caption":"Ag\u00eancia iNFRA"},"url":"https:\/\/agenciainfra.com\/blog\/author\/admin\/"}]}},"_links":{"self":[{"href":"https:\/\/agenciainfra.com\/blog\/wp-json\/wp\/v2\/posts\/21760","targetHints":{"allow":["GET"]}}],"collection":[{"href":"https:\/\/agenciainfra.com\/blog\/wp-json\/wp\/v2\/posts"}],"about":[{"href":"https:\/\/agenciainfra.com\/blog\/wp-json\/wp\/v2\/types\/post"}],"author":[{"embeddable":true,"href":"https:\/\/agenciainfra.com\/blog\/wp-json\/wp\/v2\/users\/1"}],"replies":[{"embeddable":true,"href":"https:\/\/agenciainfra.com\/blog\/wp-json\/wp\/v2\/comments?post=21760"}],"version-history":[{"count":2,"href":"https:\/\/agenciainfra.com\/blog\/wp-json\/wp\/v2\/posts\/21760\/revisions"}],"predecessor-version":[{"id":21879,"href":"https:\/\/agenciainfra.com\/blog\/wp-json\/wp\/v2\/posts\/21760\/revisions\/21879"}],"wp:featuredmedia":[{"embeddable":true,"href":"https:\/\/agenciainfra.com\/blog\/wp-json\/wp\/v2\/media\/21761"}],"wp:attachment":[{"href":"https:\/\/agenciainfra.com\/blog\/wp-json\/wp\/v2\/media?parent=21760"}],"wp:term":[{"taxonomy":"category","embeddable":true,"href":"https:\/\/agenciainfra.com\/blog\/wp-json\/wp\/v2\/categories?post=21760"},{"taxonomy":"post_tag","embeddable":true,"href":"https:\/\/agenciainfra.com\/blog\/wp-json\/wp\/v2\/tags?post=21760"}],"curies":[{"name":"wp","href":"https:\/\/api.w.org\/{rel}","templated":true}]}}