{"id":21811,"date":"2025-05-16T09:00:00","date_gmt":"2025-05-16T12:00:00","guid":{"rendered":"https:\/\/agenciainfra.com\/blog\/?p=21811"},"modified":"2025-05-19T11:07:11","modified_gmt":"2025-05-19T14:07:11","slug":"ons-reforca-necessidade-de-horario-de-verao-em-2025","status":"publish","type":"post","link":"https:\/\/agenciainfra.com\/blog\/ons-reforca-necessidade-de-horario-de-verao-em-2025\/","title":{"rendered":"ONS refor\u00e7a necessidade de hor\u00e1rio de ver\u00e3o em 2025"},"content":{"rendered":"\n<p class=\"has-text-align-right\"><strong>Geraldo Campos Jr. e&nbsp;Lais Carregosa, da Ag\u00eancia iNFRA<\/strong><\/p>\n\n\n\n<p>O ONS (Operador Nacional do Sistema El\u00e9trico) refor\u00e7ou, em reuni\u00e3o do CMSE (Comit\u00ea de Monitoramento do Setor El\u00e9trico) na quarta-feira (14), a necessidade de ado\u00e7\u00e3o do hor\u00e1rio de ver\u00e3o em 2025, como medida para deslocar a demanda no hor\u00e1rio de ponta do sistema. A informa\u00e7\u00e3o \u00e9 do diretor-geral do Operador, Marcio Rea, que completa um ano \u00e0 frente da entidade neste s\u00e1bado (17).<br><br>Em entrevista \u00e0 <strong>Ag\u00eancia iNFRA<\/strong>, Rea frisou que a ado\u00e7\u00e3o do hor\u00e1rio de ver\u00e3o \u00e9 uma decis\u00e3o pol\u00edtica do governo, que passa pelo MME (Minist\u00e9rio de Minas e Energia) e pela Presid\u00eancia da Rep\u00fablica. Para o ONS, a medida \u00e9 necess\u00e1ria do ponto de vista t\u00e9cnico. \u201cRefor\u00e7amos que tecnicamente \u00e9 importante o hor\u00e1rio de ver\u00e3o. Ele vai contribuir, at\u00e9 por conta dessa quest\u00e3o [das chuvas abaixo da m\u00e9dia] do Sul. Mas agora depende de uma avalia\u00e7\u00e3o governamental\u201d, afirmou.<br><br>Ele disse que diante do per\u00edodo \u00famido com aflu\u00eancias abaixo da m\u00e9dia, j\u00e1 est\u00e3o sendo avaliadas medidas para assegurar o atendimento de pot\u00eancia no segundo semestre. Al\u00e9m da recomenda\u00e7\u00e3o de volta do hor\u00e1rio de ver\u00e3o, as medidas incluem despacho de t\u00e9rmicas e antecipa\u00e7\u00e3o de suprimento de usinas contratadas no LRCAP (Leil\u00e3o de Reserva de Capacidade) de 2021.<br><br>O diretor-geral ainda elencou medidas em curso para redu\u00e7\u00e3o dos cortes obrigat\u00f3rios de gera\u00e7\u00e3o, o chamado curtailment, que podem aumentar o escoamento de energia do Nordeste em at\u00e9 2 GW (gigawatts), e os desafios para o sistema com a demanda crescente de energia, em especial por projetos de data centers e hidrog\u00eanio verde.<br><br>Leia a seguir os principais trechos da entrevista:\u00a0<br><br><strong>Ag\u00eancia iNFRA &#8211; Qual o balan\u00e7o desse primeiro ano de gest\u00e3o, das realiza\u00e7\u00f5es e desafios para a opera\u00e7\u00e3o do sistema?<br>Marcio Rea<\/strong> &#8211; No dia 17 de maio completo um ano aqui na frente do ONS. \u00c9 um motivo de muito orgulho comandar uma equipe t\u00e3o qualificada, competente e s\u00e9ria, o que \u00e9 muito importante para conseguirmos desenvolver um bom trabalho numa \u00e1rea que \u00e9 t\u00e3o delicada, que milh\u00f5es de pessoas dependem das nossas decis\u00f5es. N\u00f3s temos no setor el\u00e9trico brasileiro muitos desafios: estiagem, enchentes. Sempre tem um desafio.<br><br>No plano institucional, a gente iniciou uma fase de maior aproxima\u00e7\u00e3o entre o ONS e o Minist\u00e9rio de Minas e Energia, com uma atua\u00e7\u00e3o em conjunto e com um di\u00e1logo mais permanente. Estamos tentando trazer o ONS como um puxador. Ent\u00e3o falamos toda hora com EPE [Empresa de Pesquisa Energ\u00e9tica], ANEEL [Ag\u00eancia Nacional de Energia El\u00e9trica], CCEE [C\u00e2mara de Comercializa\u00e7\u00e3o de Energia El\u00e9trica] e coordenando junto com o minist\u00e9rio todo esse trabalho. Todo esse esfor\u00e7o tem permitido que o operador contribua de uma forma mais efetiva para os debates essenciais do setor el\u00e9trico.\u00a0<br><br>Temos tentado buscar solu\u00e7\u00f5es, como \u00e9 o caso do curtailment. Foi criado um grupo de trabalho, coordenado pelo minist\u00e9rio, que discute quest\u00f5es relativas a acessos de rede de transmiss\u00e3o, aumento de micro e minigera\u00e7\u00e3o distribu\u00edda e a outros temas relevantes do setor. Ent\u00e3o, neste primeiro ano que eu estou aqui no ONS, n\u00e3o faltaram desafios. Eles s\u00e3o inerentes \u00e0 opera\u00e7\u00e3o do sistema.<br><br><strong>O ONS v\u00ea\u00a0mais desafiador o ano de 2025 do que 2024?<\/strong><br>Com certeza. At\u00e9 por conta desse crescimento da micro e pequena gera\u00e7\u00e3o, tem sido bem mais desafiador. E tem a quest\u00e3o de que no Sul estamos com a previs\u00e3o de ter um per\u00edodo mais seco. Ent\u00e3o teremos mais um desafio com isso a partir dos pr\u00f3ximos meses. E no in\u00edcio do ano, por conta das altas temperaturas, passamos por v\u00e1rios recordes de carga para atendimento pleno da demanda, o que mostra que n\u00f3s temos um sistema robusto, resiliente, e que a gente atende \u00e0s demandas da sociedade sem nenhum percal\u00e7o.<br><br><strong>Quais as perspectivas do ONS para o suprimento e para a opera\u00e7\u00e3o do SIN neste ano, em especial para o per\u00edodo seco?<\/strong><br>O ano de 2024 foi muito desafiador em termos de estiagem. Foi a pior estiagem dos \u00faltimos 70 anos. O per\u00edodo tipicamente \u00famido, que foi de novembro at\u00e9 agora em abril, apresentou aflu\u00eancias muito baixas tamb\u00e9m. Isso trouxe pontos de aten\u00e7\u00e3o para a gente. O maior problema que vamos enfrentar [em 2025] \u00e9 na regi\u00e3o Sul. E tem sido necess\u00e1ria a maximiza\u00e7\u00e3o de interc\u00e2mbio de energia, j\u00e1 estamos conversando bastante sobre isso.\u00a0<br><br>No CMSE, eu demonstrei a nossa preocupa\u00e7\u00e3o com os pr\u00f3ximos meses na regi\u00e3o Sul, por conta do abastecimento de \u00e1gua. Os n\u00edveis est\u00e3o aqu\u00e9m do que a gente esperava, e estamos tratando de medidas para assegurar o atendimento de pot\u00eancia no segundo semestre. Isso \u00e9 muito importante, j\u00e1 estamos nos adiantando. Pode ser que daqui a pouco chova bastante e melhore, mas j\u00e1 estamos pensando em hor\u00e1rio de ver\u00e3o, despacho de t\u00e9rmicas se precisar, antecipa\u00e7\u00e3o do LRCAP, que vai acontecer. Estamos tomando uma s\u00e9rie de medidas para n\u00e3o sermos pegos de surpresa.<br><br><strong>No ano passado, essa quest\u00e3o do hor\u00e1rio de ver\u00e3o gerou uma discuss\u00e3o com o governo, se iria adotar ou n\u00e3o. As perspectivas mudaram para este ano?<\/strong><br>Ent\u00e3o, neste ano o hor\u00e1rio de ver\u00e3o \u00e9 importante. N\u00f3s fizemos um relat\u00f3rio mostrando toda essa quest\u00e3o, encaminhamos para o minist\u00e9rio. E agora o minist\u00e9rio faz a parte pol\u00edtica desse assunto. Mas a gente entende tecnicamente ser muito vi\u00e1vel em 2025.<br><br><strong>Esse relat\u00f3rio \u00e9 o do ano passado ou foi feito o outro em 2025?<\/strong><br>\u00c9 o do ano passado, que j\u00e1 prev\u00ea o [hor\u00e1rio de ver\u00e3o] deste ano. \u00c9 com esse relat\u00f3rio que o ministro vai tomar uma decis\u00e3o junto ao presidente da Rep\u00fablica. Eles pedem para a gente sempre atualizar a quest\u00e3o t\u00e9cnica. A gente atualiza e diz: \u2018Olha, tudo indica que vai precisar, que \u00e9 importante\u2019. E a\u00ed o governo faz toda a avalia\u00e7\u00e3o, porque isso mexe com linha a\u00e9rea, com empresas, com muita coisa. Acredito que o minist\u00e9rio deve pedir agora em junho mais uma atualiza\u00e7\u00e3o nossa para eles tomarem uma decis\u00e3o.<br><br><strong>Ent\u00e3o o senhor refor\u00e7ou durante a reuni\u00e3o do CMSE desta semana que seria necess\u00e1rio o hor\u00e1rio de ver\u00e3o?<\/strong><br>Sim, refor\u00e7amos que tecnicamente \u00e9 importante o hor\u00e1rio de ver\u00e3o. Tecnicamente ele vai contribuir, at\u00e9 por conta dessa quest\u00e3o do Sul. Mas agora depende de uma avalia\u00e7\u00e3o governamental.<br><br><strong>O que \u00e9 essa quest\u00e3o do Sul?\u00a0<\/strong><br>Os n\u00edveis dos reservat\u00f3rios est\u00e3o baixos no Sul. O per\u00edodo \u00famido foi aqu\u00e9m do que a gente esperava. Ent\u00e3o estamos at\u00e9 pensando em come\u00e7ar a utilizar t\u00e9rmicas. Vai precisar. \u00c9 um cen\u00e1rio hidroenerg\u00e9tico desfavor\u00e1vel para o Sul, que faz com que o n\u00edvel dos reservat\u00f3rios esteja em torno de 35%. Ent\u00e3o vem sendo necess\u00e1ria a maximiza\u00e7\u00e3o de interc\u00e2mbios de energia do Sudeste\/Centro-Oeste para a regi\u00e3o visando a manuten\u00e7\u00e3o de armazenamento.<br><br>As chuvas n\u00e3o foram suficientes para melhorar os n\u00edveis dos reservat\u00f3rios do Sul. Ent\u00e3o isso preocupa, porque, se continuar n\u00e3o chovendo e tivermos uma demanda maior, a gente pode ter problema. Ent\u00e3o j\u00e1 estamos avaliando tudo isso e encaminhando para o minist\u00e9rio para que eles tenham conhecimento e tomem as provid\u00eancias necess\u00e1rias.<br><br><strong>O parque t\u00e9rmico atual est\u00e1 robusto o suficiente para atender \u00e0 demanda?<\/strong><br>Est\u00e1 robusto. No final do ano passado, foi sugerido para que as t\u00e9rmicas fizessem uma revis\u00e3o nas m\u00e1quinas para ver se estava tudo em ordem. Ent\u00e3o, hoje a gente tem essa garantia.<br><br>Se a gente conseguir passar sem utilizar muita t\u00e9rmica, \u00e9 melhor, porque a t\u00e9rmica \u00e9 sempre uma energia mais cara. Ent\u00e3o, o m\u00ednimo poss\u00edvel. Mas, se precisar, a gente tem \u00e0 disposi\u00e7\u00e3o. No CMSE desta semana, [ficou decidido] que o ONS vai entregar um estudo at\u00e9 esta sexta-feira [16] dizendo se h\u00e1 alguma t\u00e9rmica que j\u00e1 precise entrar. Ainda n\u00e3o temos essa defini\u00e7\u00e3o.\u00a0<br><br><strong>H\u00e1 uma proje\u00e7\u00e3o de demanda crescente de energia, sobretudo para atendimento a projetos de hidrog\u00eanio e data centers. O sistema est\u00e1 preparado para isso?<\/strong><br>Projetos de data centers e de hidrog\u00eanio verde dependem de uma quest\u00e3o estrutural. Hoje a gente n\u00e3o disp\u00f5e de rede de transmiss\u00e3o dispon\u00edvel para atender com seguran\u00e7a os elevados montantes de demandas solicitadas. Ent\u00e3o a gente tem que se preparar para isso. Estamos fazendo alguns estudos. A gente est\u00e1 com o projeto de compensadores s\u00edncronos no Nordeste, por exemplo, para poder ter uma energia mais confi\u00e1vel e para poder atender a quest\u00e3o dos data centers.\u00a0<br><br>Essa demanda crescente de conex\u00e3o de grandes consumidores, como os data centers e plantas de hidrog\u00eanio verde, representa um novo desafio para a gente, para o sistema el\u00e9trico e para o mundo todo. Essas cargas t\u00eam sido demandadas recentemente e t\u00eam como caracter\u00edstica ter uma demanda muito elevada. Ent\u00e3o temos que pensar em como atender, porque \u00e9 um investimento importante para o pa\u00eds, mas n\u00e3o comprometendo o nosso sistema. \u00c9 um n\u00edvel de crescimento que foge aos padr\u00f5es normais por causa do boom da intelig\u00eancia artificial.\u00a0<br><br><strong>Como o ONS tem se preparado para atender aos data centers?<\/strong><br>O ONS tem articulado com o Minist\u00e9rio de Minas e Energia e com a EPE\u00a0para tentar viabilizar solu\u00e7\u00f5es estruturantes que permitam, de forma segura e sustent\u00e1vel, a futura conex\u00e3o dessas novas cargas, resguardando a confiabilidade do sistema, porque isso tem que ser feito de forma segura. S\u00e3o estudos que n\u00f3s estamos fazendo. E n\u00e3o podemos esquecer que depende tamb\u00e9m de uma regula\u00e7\u00e3o, por parte do minist\u00e9rio e da ANEEL.\u00a0<br><br>Essa quest\u00e3o de data centers \u00e9 mundial. Todo mundo est\u00e1 tendo a mesma dificuldade, porque n\u00e3o \u00e9 uma coisa que voc\u00ea pode planejar para daqui 10 anos. \u00c9 um boom que est\u00e1 acontecendo agora e os investidores querem espa\u00e7o para poder entrar na rede. Mas a gente tem que fazer isso com cautela.<br><br>No Nordeste, voc\u00ea tendo data center, novas empresas, automaticamente o corte deixa de existir um pouco. Quanto mais empresas voc\u00ea tiver, ele vai abaixar. Ent\u00e3o agora \u00e9 um per\u00edodo de transi\u00e7\u00e3o, em que as demandas chegam de uma vez e a gente quer atender. Ent\u00e3o a gente tem que fazer isso com cuidado para n\u00e3o prejudicar o nosso sistema.\u00a0<br><br><strong>H\u00e1 tamb\u00e9m o desafio j\u00e1 colocado do curtailment. Como est\u00e1 o grupo de trabalho? H\u00e1 algum avan\u00e7o ou diagn\u00f3stico?<\/strong><br>Estamos com um trabalho que vai possibilitar o aumento de interc\u00e2mbio de energia no Nordeste. J\u00e1 antes do grupo de trabalho est\u00e1vamos com uma ideia de fazer uma revis\u00e3o nos SEPs [Sistemas Especiais de Prote\u00e7\u00e3o]. SEPs s\u00e3o as prote\u00e7\u00f5es do sistema. Estamos fazendo uma revis\u00e3o para que possamos diminuir um pouco essa prote\u00e7\u00e3o, sem alterar o funcionamento e dando mais espa\u00e7o para a gente implementar mais carga.\u00a0<br><br>Ent\u00e3o, isso vai dar em torno de mais ou menos uns 1.000 MW, e n\u00f3s estamos trabalhando com essa linha. Acho que no final de julho j\u00e1 estar\u00e1 implementado. Tamb\u00e9m estamos trabalhando com compensadores s\u00edncronos. A princ\u00edpio, j\u00e1 foram tr\u00eas demandados, estamos pensando em aumentar. Com isso, vamos conseguir escoar mais energia e diminuir o corte.<br><br><strong>O que s\u00e3o os compensadores s\u00edncronos?<\/strong><br>Compensador s\u00edncrono funciona como uma turbina. Imagina assim, voc\u00ea trabalha com uma frequ\u00eancia de 60 Hz. Se eu coloco uma energia muito elevada nessa rede, h\u00e1 uma oscila\u00e7\u00e3o. Quando h\u00e1 essa oscila\u00e7\u00e3o, causa apag\u00e3o. Foi o que aconteceu no \u00faltimo apag\u00e3o [de agosto de 2023]. Ent\u00e3o, o compensador funciona como um motor que fica girando sem parar, e quando vem uma carga irregular, muito baixa ou muito alta, antes de a frequ\u00eancia ser alterada, ele estabiliza essa energia e a\u00ed n\u00e3o se tem esse problema.<br><br><strong>O senhor disse que a revis\u00e3o dos SEPs daria a possibilidade de aumentar o interc\u00e2mbio em cerca de 1.000 MW. E sobre os compensadores s\u00edncronos, com esses tr\u00eas j\u00e1 colocados e a possibilidade de vir mais, tem uma estimativa do quanto isso pode ajudar tamb\u00e9m a reduzir os cortes?<\/strong><br>Os SEPs e os novos compensadores s\u00edncronos devem aumentar o limite de escoamento do Nordeste entre 1.500 a 2.000 MW. Com esse aumento de limite, a previs\u00e3o \u00e9 de redu\u00e7\u00e3o do curtailment.<br><br><strong>Que outros fatores podem ajudar a enfrentar o problema do curtailment?<\/strong><br>Tem um outro ponto muito importante que \u00e9 a consulta p\u00fablica da ANEEL, a CP 45, que vai influenciar muito com rela\u00e7\u00e3o \u00e0s regras do curtailment. Essa consulta j\u00e1 est\u00e1 em fase final e n\u00f3s estamos acompanhando esse trabalho desde o come\u00e7o junto \u00e0 ANEEL. Quando sair o resultado da consulta, as defini\u00e7\u00f5es v\u00e3o ajudar um pouco essa quest\u00e3o dos cortes.<br><br>E um outro assunto que eu acho que vai ajudar muito tamb\u00e9m \u00e9 a quest\u00e3o do leil\u00e3o de baterias, que est\u00e1 programado para acontecer logo ap\u00f3s o LRCAP. A gente prev\u00ea que vai ser no final do ano, mais ou menos. Eu fui h\u00e1 pouco tempo para a China, para Xangai e Pequim, para conhecer o sistema de armazenamento de baterias deles, que \u00e9 muito bom. Para n\u00f3s aqui, para o Nordeste, cai como uma luva, porque durante o dia eu tenho energia em abund\u00e2ncia. A\u00ed eu consumo o que a minha demanda pede e o restante acaba n\u00e3o sendo consumido. Com as baterias, essa energia vai ser armazenada, e quando chega o hor\u00e1rio de ponta, que \u00e9 das 18h \u00e0s 22h, eu consigo utilizar essa energia.<br><br>Aqui no Brasil vai ajudar muito tamb\u00e9m na quest\u00e3o de corte, junto com constru\u00e7\u00e3o de novas linhas de transmiss\u00e3o para poder escoar a energia. E junto tamb\u00e9m com algumas usinas revers\u00edveis, que a gente tamb\u00e9m est\u00e1 pensando em fazer. Tem usinas como Henry Borden, em S\u00e3o Paulo, tem tamb\u00e9m no Sul. H\u00e1 v\u00e1rios lugares que t\u00eam essa condi\u00e7\u00e3o de voc\u00ea tornar uma usina comum numa usina revers\u00edvel, ent\u00e3o voc\u00ea dobra a capacidade da usina praticamente.<br><br><strong>Uma usina revers\u00edvel seria com um outro reservat\u00f3rio, certo?<\/strong><br>Vamos para S\u00e3o Paulo, que eu conhe\u00e7o melhor. Na usina Henry Borden, depois que a \u00e1gua passa pelas turbinas e gera energia, a \u00e1gua \u00e9 despejada no rio Cubat\u00e3o, que vai para o mar. Vamos supor que voc\u00ea pegue essa \u00e1gua, represe, bombeie para cima de novo, para o reservat\u00f3rio Billings e vai gerar energia de novo. Ent\u00e3o voc\u00ea utiliza a mesma \u00e1gua e n\u00e3o prejudica o reservat\u00f3rio, n\u00e3o seca ele.\u00a0<br><br><strong>O senhor gostaria de fazer alguma considera\u00e7\u00e3o final?<\/strong><br>Resumindo, estou muito feliz \u00e0 frente do ONS. \u00c9 um trabalho desafiador. Temos 175 mil km de rede. Para se ter uma ideia, \u00e9 o tamanho de toda a rede da Europa. \u00c9 bom trabalhar e ver resultado, e, no ONS, vemos o resultado do trabalho das equipes. Tanto que temos um sistema muito confi\u00e1vel.<br><br>Temos um sistema que tem que ser extremamente confi\u00e1vel para n\u00e3o prejudicar a nossa popula\u00e7\u00e3o. Eu tenho uma diretoria muito respons\u00e1vel. Fico tranquilo em dizer que hoje temos o controle. Pode acontecer alguma coisa? Pode, estamos sujeitos a isso. Mas, hoje, temos um sistema mais seguro do que no passado. At\u00e9 por conta dos \u00faltimos apag\u00f5es, voc\u00ea sempre acaba aprendendo com o que acontece, vai evoluindo. Ent\u00e3o o ONS \u00e9 sempre um aprendizado, estamos sempre evoluindo para que a gente tenha um sistema robusto e confi\u00e1vel.<br><br>Nessa quest\u00e3o dos cortes que a gente estava falando, com essa s\u00e9rie de medidas que estamos tentando implementar, algumas j\u00e1 implementamos, como os SEPs, estamos tentando e conseguindo diminuir um pouco essa afli\u00e7\u00e3o dos agentes. Agora, n\u00e3o posso deixar o sistema vulner\u00e1vel.<\/p>\n","protected":false},"excerpt":{"rendered":"<p>Geraldo Campos Jr. e&nbsp;Lais Carregosa, da Ag\u00eancia iNFRA O ONS (Operador Nacional do Sistema El\u00e9trico) refor\u00e7ou, em reuni\u00e3o do CMSE (Comit\u00ea de Monitoramento do Setor El\u00e9trico) na quarta-feira (14), a necessidade de ado\u00e7\u00e3o do hor\u00e1rio de ver\u00e3o em 2025, como medida para deslocar a demanda no hor\u00e1rio de ponta do sistema. A informa\u00e7\u00e3o \u00e9 do [&hellip;]<\/p>\n","protected":false},"author":1,"featured_media":18691,"comment_status":"closed","ping_status":"closed","sticky":false,"template":"","format":"standard","meta":{"_monsterinsights_skip_tracking":false,"_monsterinsights_sitenote_active":false,"_monsterinsights_sitenote_note":"","_monsterinsights_sitenote_category":0,"footnotes":""},"categories":[7250,1,10],"tags":[12154,282,11594,11484,13132,9635,71,216,13382],"class_list":["post-21811","post","type-post","status-publish","format-standard","has-post-thumbnail","hentry","category-destaque-lista","category-geral","category-infraenergia","tag-cortes-de-geracao","tag-energia-eletrica","tag-geraldo-campos-jr","tag-horario-de-verao","tag-lais-carregosa","tag-marcio-rea","tag-mme","tag-ons","tag-reuniao-do-cmse"],"yoast_head":"<!-- This site is optimized with the Yoast SEO Premium plugin v25.4 (Yoast SEO v26.0) - https:\/\/yoast.com\/wordpress\/plugins\/seo\/ -->\n<title>ONS refor\u00e7a necessidade de hor\u00e1rio de ver\u00e3o em 2025 - Ag\u00eancia iNFRA<\/title>\n<meta name=\"description\" content=\"Em entrevista \u00e0 Ag\u00eancia iNFRA, Rea frisou que a ado\u00e7\u00e3o do hor\u00e1rio de ver\u00e3o \u00e9 uma decis\u00e3o pol\u00edtica do governo.\" \/>\n<meta name=\"robots\" content=\"index, follow, max-snippet:-1, max-image-preview:large, max-video-preview:-1\" \/>\n<link rel=\"canonical\" href=\"https:\/\/agenciainfra.com\/blog\/ons-reforca-necessidade-de-horario-de-verao-em-2025\/\" \/>\n<meta property=\"og:locale\" content=\"pt_BR\" \/>\n<meta property=\"og:type\" content=\"article\" \/>\n<meta property=\"og:title\" content=\"ONS refor\u00e7a necessidade de hor\u00e1rio de ver\u00e3o em 2025\" \/>\n<meta property=\"og:description\" content=\"Em entrevista \u00e0 Ag\u00eancia iNFRA, Rea frisou que a ado\u00e7\u00e3o do hor\u00e1rio de ver\u00e3o \u00e9 uma decis\u00e3o pol\u00edtica do governo.\" \/>\n<meta property=\"og:url\" content=\"https:\/\/agenciainfra.com\/blog\/ons-reforca-necessidade-de-horario-de-verao-em-2025\/\" \/>\n<meta property=\"og:site_name\" content=\"Ag\u00eancia iNFRA\" \/>\n<meta property=\"article:publisher\" content=\"https:\/\/www.facebook.com\/ageninfra\" \/>\n<meta property=\"article:published_time\" content=\"2025-05-16T12:00:00+00:00\" \/>\n<meta property=\"article:modified_time\" content=\"2025-05-19T14:07:11+00:00\" \/>\n<meta property=\"og:image\" content=\"https:\/\/agenciainfra.com\/blog\/wp-content\/uploads\/2024\/09\/marcio-rea-foto-divulgacao-e1747387655881.jpeg\" \/>\n\t<meta property=\"og:image:width\" content=\"1066\" \/>\n\t<meta property=\"og:image:height\" content=\"737\" \/>\n\t<meta property=\"og:image:type\" content=\"image\/jpeg\" \/>\n<meta name=\"author\" content=\"Ag\u00eancia iNFRA\" \/>\n<meta name=\"twitter:card\" content=\"summary_large_image\" \/>\n<meta name=\"twitter:creator\" content=\"@agencia_infra\" \/>\n<meta name=\"twitter:site\" content=\"@agencia_infra\" \/>\n<meta name=\"twitter:label1\" content=\"Escrito por\" \/>\n\t<meta name=\"twitter:data1\" content=\"Ag\u00eancia iNFRA\" \/>\n\t<meta name=\"twitter:label2\" content=\"Est. tempo de leitura\" \/>\n\t<meta name=\"twitter:data2\" content=\"14 minutos\" \/>\n<script type=\"application\/ld+json\" class=\"yoast-schema-graph\">{\"@context\":\"https:\/\/schema.org\",\"@graph\":[{\"@type\":\"Article\",\"@id\":\"https:\/\/agenciainfra.com\/blog\/ons-reforca-necessidade-de-horario-de-verao-em-2025\/#article\",\"isPartOf\":{\"@id\":\"https:\/\/agenciainfra.com\/blog\/ons-reforca-necessidade-de-horario-de-verao-em-2025\/\"},\"author\":{\"name\":\"Ag\u00eancia iNFRA\",\"@id\":\"https:\/\/agenciainfra.com\/blog\/#\/schema\/person\/34af08dff6adea4cb22b06612ba7acfa\"},\"headline\":\"ONS refor\u00e7a necessidade de hor\u00e1rio de ver\u00e3o em 2025\",\"datePublished\":\"2025-05-16T12:00:00+00:00\",\"dateModified\":\"2025-05-19T14:07:11+00:00\",\"mainEntityOfPage\":{\"@id\":\"https:\/\/agenciainfra.com\/blog\/ons-reforca-necessidade-de-horario-de-verao-em-2025\/\"},\"wordCount\":2765,\"publisher\":{\"@id\":\"https:\/\/agenciainfra.com\/blog\/#organization\"},\"image\":{\"@id\":\"https:\/\/agenciainfra.com\/blog\/ons-reforca-necessidade-de-horario-de-verao-em-2025\/#primaryimage\"},\"thumbnailUrl\":\"https:\/\/agenciainfra.com\/blog\/wp-content\/uploads\/2024\/09\/marcio-rea-foto-divulgacao-e1747387655881.jpeg\",\"keywords\":[\"cortes de gera\u00e7\u00e3o\",\"energia el\u00e9trica\",\"Geraldo Campos Jr.\",\"hor\u00e1rio de ver\u00e3o\",\"Lais Carregosa\",\"M\u00e1rcio Rea\",\"MME\",\"ONS\",\"reuni\u00e3o do cmse\"],\"articleSection\":[\"Destaque lista\",\"Geral\",\"iNFRAEnergia\"],\"inLanguage\":\"pt-BR\",\"copyrightYear\":\"2025\",\"copyrightHolder\":{\"@id\":\"https:\/\/agenciainfra.com\/blog\/#organization\"}},{\"@type\":\"WebPage\",\"@id\":\"https:\/\/agenciainfra.com\/blog\/ons-reforca-necessidade-de-horario-de-verao-em-2025\/\",\"url\":\"https:\/\/agenciainfra.com\/blog\/ons-reforca-necessidade-de-horario-de-verao-em-2025\/\",\"name\":\"ONS refor\u00e7a necessidade de hor\u00e1rio de ver\u00e3o em 2025 - Ag\u00eancia iNFRA\",\"isPartOf\":{\"@id\":\"https:\/\/agenciainfra.com\/blog\/#website\"},\"primaryImageOfPage\":{\"@id\":\"https:\/\/agenciainfra.com\/blog\/ons-reforca-necessidade-de-horario-de-verao-em-2025\/#primaryimage\"},\"image\":{\"@id\":\"https:\/\/agenciainfra.com\/blog\/ons-reforca-necessidade-de-horario-de-verao-em-2025\/#primaryimage\"},\"thumbnailUrl\":\"https:\/\/agenciainfra.com\/blog\/wp-content\/uploads\/2024\/09\/marcio-rea-foto-divulgacao-e1747387655881.jpeg\",\"datePublished\":\"2025-05-16T12:00:00+00:00\",\"dateModified\":\"2025-05-19T14:07:11+00:00\",\"description\":\"Em entrevista \u00e0 Ag\u00eancia iNFRA, Rea frisou que a ado\u00e7\u00e3o do hor\u00e1rio de ver\u00e3o \u00e9 uma decis\u00e3o pol\u00edtica do governo.\",\"breadcrumb\":{\"@id\":\"https:\/\/agenciainfra.com\/blog\/ons-reforca-necessidade-de-horario-de-verao-em-2025\/#breadcrumb\"},\"inLanguage\":\"pt-BR\",\"potentialAction\":[{\"@type\":\"ReadAction\",\"target\":[\"https:\/\/agenciainfra.com\/blog\/ons-reforca-necessidade-de-horario-de-verao-em-2025\/\"]}]},{\"@type\":\"ImageObject\",\"inLanguage\":\"pt-BR\",\"@id\":\"https:\/\/agenciainfra.com\/blog\/ons-reforca-necessidade-de-horario-de-verao-em-2025\/#primaryimage\",\"url\":\"https:\/\/agenciainfra.com\/blog\/wp-content\/uploads\/2024\/09\/marcio-rea-foto-divulgacao-e1747387655881.jpeg\",\"contentUrl\":\"https:\/\/agenciainfra.com\/blog\/wp-content\/uploads\/2024\/09\/marcio-rea-foto-divulgacao-e1747387655881.jpeg\",\"width\":1066,\"height\":737},{\"@type\":\"BreadcrumbList\",\"@id\":\"https:\/\/agenciainfra.com\/blog\/ons-reforca-necessidade-de-horario-de-verao-em-2025\/#breadcrumb\",\"itemListElement\":[{\"@type\":\"ListItem\",\"position\":1,\"name\":\"In\u00edcio\",\"item\":\"https:\/\/agenciainfra.com\/blog\/\"},{\"@type\":\"ListItem\",\"position\":2,\"name\":\"ONS refor\u00e7a necessidade de hor\u00e1rio de ver\u00e3o em 2025\"}]},{\"@type\":\"WebSite\",\"@id\":\"https:\/\/agenciainfra.com\/blog\/#website\",\"url\":\"https:\/\/agenciainfra.com\/blog\/\",\"name\":\"Ag\u00eancia iNFRA\",\"description\":\"Multiplataforma de informa\u00e7\u00e3o jornal\u00edstica refer\u00eancia na \u00e1rea de infraestrutura no Brasil!\",\"publisher\":{\"@id\":\"https:\/\/agenciainfra.com\/blog\/#organization\"},\"potentialAction\":[{\"@type\":\"SearchAction\",\"target\":{\"@type\":\"EntryPoint\",\"urlTemplate\":\"https:\/\/agenciainfra.com\/blog\/?s={search_term_string}\"},\"query-input\":{\"@type\":\"PropertyValueSpecification\",\"valueRequired\":true,\"valueName\":\"search_term_string\"}}],\"inLanguage\":\"pt-BR\"},{\"@type\":\"Organization\",\"@id\":\"https:\/\/agenciainfra.com\/blog\/#organization\",\"name\":\"Ag\u00eancia iNFRA\",\"url\":\"https:\/\/agenciainfra.com\/blog\/\",\"logo\":{\"@type\":\"ImageObject\",\"inLanguage\":\"pt-BR\",\"@id\":\"https:\/\/agenciainfra.com\/blog\/#\/schema\/logo\/image\/\",\"url\":\"https:\/\/agenciainfra.com\/blog\/wp-content\/uploads\/2023\/09\/iNFRA_5-e1761735885940.png\",\"contentUrl\":\"https:\/\/agenciainfra.com\/blog\/wp-content\/uploads\/2023\/09\/iNFRA_5-e1761735885940.png\",\"width\":1672,\"height\":454,\"caption\":\"Ag\u00eancia iNFRA\"},\"image\":{\"@id\":\"https:\/\/agenciainfra.com\/blog\/#\/schema\/logo\/image\/\"},\"sameAs\":[\"https:\/\/www.facebook.com\/ageninfra\",\"https:\/\/x.com\/agencia_infra\",\"https:\/\/www.linkedin.com\/company\/ag\u00eanciainfra\/\",\"https:\/\/www.instagram.com\/agenciainfra\/\"]},{\"@type\":\"Person\",\"@id\":\"https:\/\/agenciainfra.com\/blog\/#\/schema\/person\/34af08dff6adea4cb22b06612ba7acfa\",\"name\":\"Ag\u00eancia iNFRA\",\"image\":{\"@type\":\"ImageObject\",\"inLanguage\":\"pt-BR\",\"@id\":\"https:\/\/agenciainfra.com\/blog\/#\/schema\/person\/image\/\",\"url\":\"https:\/\/secure.gravatar.com\/avatar\/d189e01678f06d8eb84d4e01f08eb848b3fffe3f8443818d3c356c66892f5be8?s=96&d=mm&r=g\",\"contentUrl\":\"https:\/\/secure.gravatar.com\/avatar\/d189e01678f06d8eb84d4e01f08eb848b3fffe3f8443818d3c356c66892f5be8?s=96&d=mm&r=g\",\"caption\":\"Ag\u00eancia iNFRA\"},\"url\":\"https:\/\/agenciainfra.com\/blog\/author\/admin\/\"}]}<\/script>\n<!-- \/ Yoast SEO Premium plugin. -->","yoast_head_json":{"title":"ONS refor\u00e7a necessidade de hor\u00e1rio de ver\u00e3o em 2025 - Ag\u00eancia iNFRA","description":"Em entrevista \u00e0 Ag\u00eancia iNFRA, Rea frisou que a ado\u00e7\u00e3o do hor\u00e1rio de ver\u00e3o \u00e9 uma decis\u00e3o pol\u00edtica do governo.","robots":{"index":"index","follow":"follow","max-snippet":"max-snippet:-1","max-image-preview":"max-image-preview:large","max-video-preview":"max-video-preview:-1"},"canonical":"https:\/\/agenciainfra.com\/blog\/ons-reforca-necessidade-de-horario-de-verao-em-2025\/","og_locale":"pt_BR","og_type":"article","og_title":"ONS refor\u00e7a necessidade de hor\u00e1rio de ver\u00e3o em 2025","og_description":"Em entrevista \u00e0 Ag\u00eancia iNFRA, Rea frisou que a ado\u00e7\u00e3o do hor\u00e1rio de ver\u00e3o \u00e9 uma decis\u00e3o pol\u00edtica do governo.","og_url":"https:\/\/agenciainfra.com\/blog\/ons-reforca-necessidade-de-horario-de-verao-em-2025\/","og_site_name":"Ag\u00eancia iNFRA","article_publisher":"https:\/\/www.facebook.com\/ageninfra","article_published_time":"2025-05-16T12:00:00+00:00","article_modified_time":"2025-05-19T14:07:11+00:00","og_image":[{"width":1066,"height":737,"url":"https:\/\/agenciainfra.com\/blog\/wp-content\/uploads\/2024\/09\/marcio-rea-foto-divulgacao-e1747387655881.jpeg","type":"image\/jpeg"}],"author":"Ag\u00eancia iNFRA","twitter_card":"summary_large_image","twitter_creator":"@agencia_infra","twitter_site":"@agencia_infra","twitter_misc":{"Escrito por":"Ag\u00eancia iNFRA","Est. tempo de leitura":"14 minutos"},"schema":{"@context":"https:\/\/schema.org","@graph":[{"@type":"Article","@id":"https:\/\/agenciainfra.com\/blog\/ons-reforca-necessidade-de-horario-de-verao-em-2025\/#article","isPartOf":{"@id":"https:\/\/agenciainfra.com\/blog\/ons-reforca-necessidade-de-horario-de-verao-em-2025\/"},"author":{"name":"Ag\u00eancia iNFRA","@id":"https:\/\/agenciainfra.com\/blog\/#\/schema\/person\/34af08dff6adea4cb22b06612ba7acfa"},"headline":"ONS refor\u00e7a necessidade de hor\u00e1rio de ver\u00e3o em 2025","datePublished":"2025-05-16T12:00:00+00:00","dateModified":"2025-05-19T14:07:11+00:00","mainEntityOfPage":{"@id":"https:\/\/agenciainfra.com\/blog\/ons-reforca-necessidade-de-horario-de-verao-em-2025\/"},"wordCount":2765,"publisher":{"@id":"https:\/\/agenciainfra.com\/blog\/#organization"},"image":{"@id":"https:\/\/agenciainfra.com\/blog\/ons-reforca-necessidade-de-horario-de-verao-em-2025\/#primaryimage"},"thumbnailUrl":"https:\/\/agenciainfra.com\/blog\/wp-content\/uploads\/2024\/09\/marcio-rea-foto-divulgacao-e1747387655881.jpeg","keywords":["cortes de gera\u00e7\u00e3o","energia el\u00e9trica","Geraldo Campos Jr.","hor\u00e1rio de ver\u00e3o","Lais Carregosa","M\u00e1rcio Rea","MME","ONS","reuni\u00e3o do cmse"],"articleSection":["Destaque lista","Geral","iNFRAEnergia"],"inLanguage":"pt-BR","copyrightYear":"2025","copyrightHolder":{"@id":"https:\/\/agenciainfra.com\/blog\/#organization"}},{"@type":"WebPage","@id":"https:\/\/agenciainfra.com\/blog\/ons-reforca-necessidade-de-horario-de-verao-em-2025\/","url":"https:\/\/agenciainfra.com\/blog\/ons-reforca-necessidade-de-horario-de-verao-em-2025\/","name":"ONS refor\u00e7a necessidade de hor\u00e1rio de ver\u00e3o em 2025 - Ag\u00eancia iNFRA","isPartOf":{"@id":"https:\/\/agenciainfra.com\/blog\/#website"},"primaryImageOfPage":{"@id":"https:\/\/agenciainfra.com\/blog\/ons-reforca-necessidade-de-horario-de-verao-em-2025\/#primaryimage"},"image":{"@id":"https:\/\/agenciainfra.com\/blog\/ons-reforca-necessidade-de-horario-de-verao-em-2025\/#primaryimage"},"thumbnailUrl":"https:\/\/agenciainfra.com\/blog\/wp-content\/uploads\/2024\/09\/marcio-rea-foto-divulgacao-e1747387655881.jpeg","datePublished":"2025-05-16T12:00:00+00:00","dateModified":"2025-05-19T14:07:11+00:00","description":"Em entrevista \u00e0 Ag\u00eancia iNFRA, Rea frisou que a ado\u00e7\u00e3o do hor\u00e1rio de ver\u00e3o \u00e9 uma decis\u00e3o pol\u00edtica do governo.","breadcrumb":{"@id":"https:\/\/agenciainfra.com\/blog\/ons-reforca-necessidade-de-horario-de-verao-em-2025\/#breadcrumb"},"inLanguage":"pt-BR","potentialAction":[{"@type":"ReadAction","target":["https:\/\/agenciainfra.com\/blog\/ons-reforca-necessidade-de-horario-de-verao-em-2025\/"]}]},{"@type":"ImageObject","inLanguage":"pt-BR","@id":"https:\/\/agenciainfra.com\/blog\/ons-reforca-necessidade-de-horario-de-verao-em-2025\/#primaryimage","url":"https:\/\/agenciainfra.com\/blog\/wp-content\/uploads\/2024\/09\/marcio-rea-foto-divulgacao-e1747387655881.jpeg","contentUrl":"https:\/\/agenciainfra.com\/blog\/wp-content\/uploads\/2024\/09\/marcio-rea-foto-divulgacao-e1747387655881.jpeg","width":1066,"height":737},{"@type":"BreadcrumbList","@id":"https:\/\/agenciainfra.com\/blog\/ons-reforca-necessidade-de-horario-de-verao-em-2025\/#breadcrumb","itemListElement":[{"@type":"ListItem","position":1,"name":"In\u00edcio","item":"https:\/\/agenciainfra.com\/blog\/"},{"@type":"ListItem","position":2,"name":"ONS refor\u00e7a necessidade de hor\u00e1rio de ver\u00e3o em 2025"}]},{"@type":"WebSite","@id":"https:\/\/agenciainfra.com\/blog\/#website","url":"https:\/\/agenciainfra.com\/blog\/","name":"Ag\u00eancia iNFRA","description":"Multiplataforma de informa\u00e7\u00e3o jornal\u00edstica refer\u00eancia na \u00e1rea de infraestrutura no Brasil!","publisher":{"@id":"https:\/\/agenciainfra.com\/blog\/#organization"},"potentialAction":[{"@type":"SearchAction","target":{"@type":"EntryPoint","urlTemplate":"https:\/\/agenciainfra.com\/blog\/?s={search_term_string}"},"query-input":{"@type":"PropertyValueSpecification","valueRequired":true,"valueName":"search_term_string"}}],"inLanguage":"pt-BR"},{"@type":"Organization","@id":"https:\/\/agenciainfra.com\/blog\/#organization","name":"Ag\u00eancia iNFRA","url":"https:\/\/agenciainfra.com\/blog\/","logo":{"@type":"ImageObject","inLanguage":"pt-BR","@id":"https:\/\/agenciainfra.com\/blog\/#\/schema\/logo\/image\/","url":"https:\/\/agenciainfra.com\/blog\/wp-content\/uploads\/2023\/09\/iNFRA_5-e1761735885940.png","contentUrl":"https:\/\/agenciainfra.com\/blog\/wp-content\/uploads\/2023\/09\/iNFRA_5-e1761735885940.png","width":1672,"height":454,"caption":"Ag\u00eancia iNFRA"},"image":{"@id":"https:\/\/agenciainfra.com\/blog\/#\/schema\/logo\/image\/"},"sameAs":["https:\/\/www.facebook.com\/ageninfra","https:\/\/x.com\/agencia_infra","https:\/\/www.linkedin.com\/company\/ag\u00eanciainfra\/","https:\/\/www.instagram.com\/agenciainfra\/"]},{"@type":"Person","@id":"https:\/\/agenciainfra.com\/blog\/#\/schema\/person\/34af08dff6adea4cb22b06612ba7acfa","name":"Ag\u00eancia iNFRA","image":{"@type":"ImageObject","inLanguage":"pt-BR","@id":"https:\/\/agenciainfra.com\/blog\/#\/schema\/person\/image\/","url":"https:\/\/secure.gravatar.com\/avatar\/d189e01678f06d8eb84d4e01f08eb848b3fffe3f8443818d3c356c66892f5be8?s=96&d=mm&r=g","contentUrl":"https:\/\/secure.gravatar.com\/avatar\/d189e01678f06d8eb84d4e01f08eb848b3fffe3f8443818d3c356c66892f5be8?s=96&d=mm&r=g","caption":"Ag\u00eancia iNFRA"},"url":"https:\/\/agenciainfra.com\/blog\/author\/admin\/"}]}},"_links":{"self":[{"href":"https:\/\/agenciainfra.com\/blog\/wp-json\/wp\/v2\/posts\/21811","targetHints":{"allow":["GET"]}}],"collection":[{"href":"https:\/\/agenciainfra.com\/blog\/wp-json\/wp\/v2\/posts"}],"about":[{"href":"https:\/\/agenciainfra.com\/blog\/wp-json\/wp\/v2\/types\/post"}],"author":[{"embeddable":true,"href":"https:\/\/agenciainfra.com\/blog\/wp-json\/wp\/v2\/users\/1"}],"replies":[{"embeddable":true,"href":"https:\/\/agenciainfra.com\/blog\/wp-json\/wp\/v2\/comments?post=21811"}],"version-history":[{"count":3,"href":"https:\/\/agenciainfra.com\/blog\/wp-json\/wp\/v2\/posts\/21811\/revisions"}],"predecessor-version":[{"id":21831,"href":"https:\/\/agenciainfra.com\/blog\/wp-json\/wp\/v2\/posts\/21811\/revisions\/21831"}],"wp:featuredmedia":[{"embeddable":true,"href":"https:\/\/agenciainfra.com\/blog\/wp-json\/wp\/v2\/media\/18691"}],"wp:attachment":[{"href":"https:\/\/agenciainfra.com\/blog\/wp-json\/wp\/v2\/media?parent=21811"}],"wp:term":[{"taxonomy":"category","embeddable":true,"href":"https:\/\/agenciainfra.com\/blog\/wp-json\/wp\/v2\/categories?post=21811"},{"taxonomy":"post_tag","embeddable":true,"href":"https:\/\/agenciainfra.com\/blog\/wp-json\/wp\/v2\/tags?post=21811"}],"curies":[{"name":"wp","href":"https:\/\/api.w.org\/{rel}","templated":true}]}}