{"id":2183,"date":"2018-07-25T06:47:10","date_gmt":"2018-07-25T09:47:10","guid":{"rendered":"http:\/\/www.agenciainfra.com\/blog\/?p=2183"},"modified":"2018-07-25T22:10:29","modified_gmt":"2018-07-26T01:10:29","slug":"estradas-brasileiras-registraram-285-mil-roubos-de-cargas-em-20-anos","status":"publish","type":"post","link":"https:\/\/agenciainfra.com\/blog\/estradas-brasileiras-registraram-285-mil-roubos-de-cargas-em-20-anos\/","title":{"rendered":"Estradas brasileiras registraram 285 mil roubos de cargas em 20 anos"},"content":{"rendered":"<div>\n<div style=\"text-align: right;\"><strong>Cl\u00e1udia Borges, da Ag\u00eancia iNFRA<\/strong><\/div>\n<p>&nbsp;<\/p>\n<p>O\u00a0<span class=\"il\">roubo<\/span>\u00a0de\u00a0<span class=\"il\">cargas<\/span>\u00a0nas estradas do pa\u00eds j\u00e1 causou preju\u00edzos de R$ 16,3 bilh\u00f5es, ao longo de 20 anos, com 285 mil ocorr\u00eancias registradas no per\u00edodo. Os n\u00fameros alarmantes quase triplicaram nesse per\u00edodo, passando de 10.950 para 25.970 ocorr\u00eancias de 1998 a 2017, aumentando os custos para empresas e clientes. Somente no ano passado, os gastos com\u00a0<span class=\"il\">roubos<\/span>\u00a0chegaram a quase R$ 1,6 bilh\u00e3o, segundo dados da NTC&amp;Log\u00edstica, associa\u00e7\u00e3o que re\u00fane transportadores de\u00a0<span class=\"il\">carga<\/span>\u00a0por rodovias.<\/p>\n<p><strong>Principais alvos<\/strong><br \/>\nA regi\u00e3o Sudeste foi a campe\u00e3 em ocorr\u00eancias de\u00a0<span class=\"il\">roubos<\/span>\u00a0em 2017, com 85,53% do total, seguida pelas regi\u00f5es Nordeste, com 5,83%, e o Sul, com 5,55%, segundo os dados da associa\u00e7\u00e3o. Entre as cidades, Rio de Janeiro e S\u00e3o Paulo concentraram quase 82% das ocorr\u00eancias registradas no ano passado.<\/p>\n<p>As\u00a0<span class=\"il\">cargas<\/span>\u00a0mais visadas s\u00e3o equipamentos de inform\u00e1tica, eletroeletr\u00f4nicos e medicamentos, de acordo com a PRF (Pol\u00edcia Rodovi\u00e1ria Federal), devido ao alto valor agregado. Mas alimentos, bebidas e cigarros, com grande capilaridade e facilidade para recepta\u00e7\u00e3o, tamb\u00e9m s\u00e3o alvos cada vez mais visados pelos criminosos.<\/p>\n<p><strong>Causas<\/strong><br \/>\nUma legisla\u00e7\u00e3o penal branda na puni\u00e7\u00e3o dos criminosos \u00e9 a principal causa do aumento no n\u00famero de\u00a0<span class=\"il\">roubo<\/span>\u00a0de\u00a0<span class=\"il\">cargas<\/span>, segundo o assessor de Seguran\u00e7a da NTC&amp;Log\u00edstica, coronel Paulo Roberto de Souza. Ele explica que\u00a0<span class=\"il\">roubo<\/span>\u00a0de\u00a0<span class=\"il\">carga<\/span>\u00a0\u00e9 enquadrado como recepta\u00e7\u00e3o que tem pena 1 a 4 anos de pris\u00e3o.<\/p>\n<p>Mas, ap\u00f3s a publica\u00e7\u00e3o da lei 12.403\/2011, crimes com at\u00e9 4 anos de penalidade s\u00e3o considerados de menor potencial ofensivo e o acusado pode responder ao processo em liberdade, ap\u00f3s pagar fian\u00e7a.\u00a0 A estrutura pol\u00edcia insuficiente, mal aparelhada e com efetivo pequeno, \u00e9 outra causa para o aumento aos\u00a0<span class=\"il\">roubos<\/span>, afirmou Souza.<\/p>\n<p>Na outra ponta, a alternativa apontada para coibir os\u00a0<span class=\"il\">roubos<\/span>\u00a0seria penalizar a empresa receptadora com a cassa\u00e7\u00e3o da inscri\u00e7\u00e3o no cadastro de contribuintes do ICMS e o cancelamento do CNPJ dos envolvidos, destacou Souza. Um projeto de lei em tramita\u00e7\u00e3o no Congresso tenta aumentar as penas para\u00a0<span class=\"il\">roubo<\/span>\u00a0e tamb\u00e9m para a recepta\u00e7\u00e3o.<\/p>\n<p>Para coibir o\u00a0<span class=\"il\">roubo<\/span>\u00a0de\u00a0<span class=\"il\">cargas<\/span>, a PRF afirma que tem como foco o policiamento rotineiro e promove a\u00e7\u00f5es especiais e ostensivas, usando dados de intelig\u00eancia. No entanto, a pr\u00f3pria a corpora\u00e7\u00e3o considera um desafio fiscalizar 70 mil quil\u00f4metros de rodovias federais, e coibir o\u00a0<span class=\"il\">roubo<\/span>\u00a0de\u00a0<span class=\"il\">cargas<\/span>, com um efetivo \u201ct\u00e3o pequeno\u201d, de cerca de 10 mil policiais.<\/p>\n<\/div>\n","protected":false},"excerpt":{"rendered":"<p>Cl\u00e1udia Borges, da Ag\u00eancia iNFRA &nbsp; O\u00a0roubo\u00a0de\u00a0cargas\u00a0nas estradas do pa\u00eds j\u00e1 causou preju\u00edzos de R$ 16,3 bilh\u00f5es, ao longo de 20 anos, com 285 mil ocorr\u00eancias registradas no per\u00edodo. Os n\u00fameros alarmantes quase triplicaram nesse per\u00edodo, passando de 10.950 para 25.970 ocorr\u00eancias de 1998 a 2017, aumentando os custos para empresas e clientes. Somente no [&hellip;]<\/p>\n","protected":false},"author":1,"featured_media":2185,"comment_status":"closed","ping_status":"open","sticky":false,"template":"","format":"standard","meta":{"_monsterinsights_skip_tracking":false,"_monsterinsights_sitenote_active":false,"_monsterinsights_sitenote_note":"","_monsterinsights_sitenote_category":0,"footnotes":""},"categories":[7],"tags":[499,496,497,498,500,495],"class_list":["post-2183","post","type-post","status-publish","format-standard","has-post-thumbnail","hentry","category-infratransporte","tag-estradas","tag-ntclogistica","tag-paulo-roberto-souza","tag-prf","tag-receptacao","tag-roubo-de-cargas"],"yoast_head":"<!-- This site is optimized with the Yoast SEO Premium plugin v25.4 (Yoast SEO v26.0) - https:\/\/yoast.com\/wordpress\/plugins\/seo\/ -->\n<title>Estradas brasileiras registraram 285 mil roubos de cargas em 20 anos - Ag\u00eancia iNFRA<\/title>\n<meta name=\"robots\" content=\"index, follow, max-snippet:-1, max-image-preview:large, max-video-preview:-1\" \/>\n<link rel=\"canonical\" href=\"https:\/\/agenciainfra.com\/blog\/estradas-brasileiras-registraram-285-mil-roubos-de-cargas-em-20-anos\/\" \/>\n<meta property=\"og:locale\" content=\"pt_BR\" \/>\n<meta property=\"og:type\" content=\"article\" \/>\n<meta property=\"og:title\" content=\"Estradas brasileiras registraram 285 mil roubos de cargas em 20 anos\" \/>\n<meta property=\"og:description\" content=\"Cl\u00e1udia Borges, da Ag\u00eancia iNFRA &nbsp; O\u00a0roubo\u00a0de\u00a0cargas\u00a0nas estradas do pa\u00eds j\u00e1 causou preju\u00edzos de R$ 16,3 bilh\u00f5es, ao longo de 20 anos, com 285 mil ocorr\u00eancias registradas no per\u00edodo. Os n\u00fameros alarmantes quase triplicaram nesse per\u00edodo, passando de 10.950 para 25.970 ocorr\u00eancias de 1998 a 2017, aumentando os custos para empresas e clientes. Somente no [&hellip;]\" \/>\n<meta property=\"og:url\" content=\"https:\/\/agenciainfra.com\/blog\/estradas-brasileiras-registraram-285-mil-roubos-de-cargas-em-20-anos\/\" \/>\n<meta property=\"og:site_name\" content=\"Ag\u00eancia iNFRA\" \/>\n<meta property=\"article:publisher\" content=\"https:\/\/www.facebook.com\/ageninfra\" \/>\n<meta property=\"article:published_time\" content=\"2018-07-25T09:47:10+00:00\" \/>\n<meta property=\"article:modified_time\" content=\"2018-07-26T01:10:29+00:00\" \/>\n<meta property=\"og:image\" content=\"https:\/\/agenciainfra.com\/blog\/wp-content\/uploads\/2018\/07\/policia_rodoviaria_federal_antonio_cruz_agencia_brasil.jpg\" \/>\n\t<meta property=\"og:image:width\" content=\"4928\" \/>\n\t<meta property=\"og:image:height\" content=\"3280\" \/>\n\t<meta property=\"og:image:type\" content=\"image\/jpeg\" \/>\n<meta name=\"author\" content=\"Ag\u00eancia iNFRA\" \/>\n<meta name=\"twitter:card\" content=\"summary_large_image\" \/>\n<meta name=\"twitter:creator\" content=\"@agencia_infra\" \/>\n<meta name=\"twitter:site\" content=\"@agencia_infra\" \/>\n<meta name=\"twitter:label1\" content=\"Escrito por\" \/>\n\t<meta name=\"twitter:data1\" content=\"Ag\u00eancia iNFRA\" \/>\n\t<meta name=\"twitter:label2\" content=\"Est. tempo de leitura\" \/>\n\t<meta name=\"twitter:data2\" content=\"2 minutos\" \/>\n<script type=\"application\/ld+json\" class=\"yoast-schema-graph\">{\"@context\":\"https:\/\/schema.org\",\"@graph\":[{\"@type\":\"Article\",\"@id\":\"https:\/\/agenciainfra.com\/blog\/estradas-brasileiras-registraram-285-mil-roubos-de-cargas-em-20-anos\/#article\",\"isPartOf\":{\"@id\":\"https:\/\/agenciainfra.com\/blog\/estradas-brasileiras-registraram-285-mil-roubos-de-cargas-em-20-anos\/\"},\"author\":{\"name\":\"Ag\u00eancia iNFRA\",\"@id\":\"https:\/\/agenciainfra.com\/blog\/#\/schema\/person\/34af08dff6adea4cb22b06612ba7acfa\"},\"headline\":\"Estradas brasileiras registraram 285 mil roubos de cargas em 20 anos\",\"datePublished\":\"2018-07-25T09:47:10+00:00\",\"dateModified\":\"2018-07-26T01:10:29+00:00\",\"mainEntityOfPage\":{\"@id\":\"https:\/\/agenciainfra.com\/blog\/estradas-brasileiras-registraram-285-mil-roubos-de-cargas-em-20-anos\/\"},\"wordCount\":440,\"publisher\":{\"@id\":\"https:\/\/agenciainfra.com\/blog\/#organization\"},\"image\":{\"@id\":\"https:\/\/agenciainfra.com\/blog\/estradas-brasileiras-registraram-285-mil-roubos-de-cargas-em-20-anos\/#primaryimage\"},\"thumbnailUrl\":\"https:\/\/agenciainfra.com\/blog\/wp-content\/uploads\/2018\/07\/policia_rodoviaria_federal_antonio_cruz_agencia_brasil.jpg\",\"keywords\":[\"Estradas\",\"NTC&amp;Log\u00edstica\",\"Paulo Roberto Souza\",\"PRF\",\"recepta\u00e7\u00e3o\",\"roubo de cargas\"],\"articleSection\":[\"iNFRATransporte\"],\"inLanguage\":\"pt-BR\",\"copyrightYear\":\"2018\",\"copyrightHolder\":{\"@id\":\"https:\/\/agenciainfra.com\/blog\/#organization\"}},{\"@type\":\"WebPage\",\"@id\":\"https:\/\/agenciainfra.com\/blog\/estradas-brasileiras-registraram-285-mil-roubos-de-cargas-em-20-anos\/\",\"url\":\"https:\/\/agenciainfra.com\/blog\/estradas-brasileiras-registraram-285-mil-roubos-de-cargas-em-20-anos\/\",\"name\":\"Estradas brasileiras registraram 285 mil roubos de cargas em 20 anos - Ag\u00eancia iNFRA\",\"isPartOf\":{\"@id\":\"https:\/\/agenciainfra.com\/blog\/#website\"},\"primaryImageOfPage\":{\"@id\":\"https:\/\/agenciainfra.com\/blog\/estradas-brasileiras-registraram-285-mil-roubos-de-cargas-em-20-anos\/#primaryimage\"},\"image\":{\"@id\":\"https:\/\/agenciainfra.com\/blog\/estradas-brasileiras-registraram-285-mil-roubos-de-cargas-em-20-anos\/#primaryimage\"},\"thumbnailUrl\":\"https:\/\/agenciainfra.com\/blog\/wp-content\/uploads\/2018\/07\/policia_rodoviaria_federal_antonio_cruz_agencia_brasil.jpg\",\"datePublished\":\"2018-07-25T09:47:10+00:00\",\"dateModified\":\"2018-07-26T01:10:29+00:00\",\"breadcrumb\":{\"@id\":\"https:\/\/agenciainfra.com\/blog\/estradas-brasileiras-registraram-285-mil-roubos-de-cargas-em-20-anos\/#breadcrumb\"},\"inLanguage\":\"pt-BR\",\"potentialAction\":[{\"@type\":\"ReadAction\",\"target\":[\"https:\/\/agenciainfra.com\/blog\/estradas-brasileiras-registraram-285-mil-roubos-de-cargas-em-20-anos\/\"]}]},{\"@type\":\"ImageObject\",\"inLanguage\":\"pt-BR\",\"@id\":\"https:\/\/agenciainfra.com\/blog\/estradas-brasileiras-registraram-285-mil-roubos-de-cargas-em-20-anos\/#primaryimage\",\"url\":\"https:\/\/agenciainfra.com\/blog\/wp-content\/uploads\/2018\/07\/policia_rodoviaria_federal_antonio_cruz_agencia_brasil.jpg\",\"contentUrl\":\"https:\/\/agenciainfra.com\/blog\/wp-content\/uploads\/2018\/07\/policia_rodoviaria_federal_antonio_cruz_agencia_brasil.jpg\",\"width\":4928,\"height\":3280},{\"@type\":\"BreadcrumbList\",\"@id\":\"https:\/\/agenciainfra.com\/blog\/estradas-brasileiras-registraram-285-mil-roubos-de-cargas-em-20-anos\/#breadcrumb\",\"itemListElement\":[{\"@type\":\"ListItem\",\"position\":1,\"name\":\"In\u00edcio\",\"item\":\"https:\/\/agenciainfra.com\/blog\/\"},{\"@type\":\"ListItem\",\"position\":2,\"name\":\"Estradas brasileiras registraram 285 mil roubos de cargas em 20 anos\"}]},{\"@type\":\"WebSite\",\"@id\":\"https:\/\/agenciainfra.com\/blog\/#website\",\"url\":\"https:\/\/agenciainfra.com\/blog\/\",\"name\":\"Ag\u00eancia iNFRA\",\"description\":\"Multiplataforma de informa\u00e7\u00e3o jornal\u00edstica refer\u00eancia na \u00e1rea de infraestrutura no Brasil!\",\"publisher\":{\"@id\":\"https:\/\/agenciainfra.com\/blog\/#organization\"},\"potentialAction\":[{\"@type\":\"SearchAction\",\"target\":{\"@type\":\"EntryPoint\",\"urlTemplate\":\"https:\/\/agenciainfra.com\/blog\/?s={search_term_string}\"},\"query-input\":{\"@type\":\"PropertyValueSpecification\",\"valueRequired\":true,\"valueName\":\"search_term_string\"}}],\"inLanguage\":\"pt-BR\"},{\"@type\":\"Organization\",\"@id\":\"https:\/\/agenciainfra.com\/blog\/#organization\",\"name\":\"Ag\u00eancia iNFRA\",\"url\":\"https:\/\/agenciainfra.com\/blog\/\",\"logo\":{\"@type\":\"ImageObject\",\"inLanguage\":\"pt-BR\",\"@id\":\"https:\/\/agenciainfra.com\/blog\/#\/schema\/logo\/image\/\",\"url\":\"https:\/\/agenciainfra.com\/blog\/wp-content\/uploads\/2023\/09\/iNFRA_5-e1761735885940.png\",\"contentUrl\":\"https:\/\/agenciainfra.com\/blog\/wp-content\/uploads\/2023\/09\/iNFRA_5-e1761735885940.png\",\"width\":1672,\"height\":454,\"caption\":\"Ag\u00eancia iNFRA\"},\"image\":{\"@id\":\"https:\/\/agenciainfra.com\/blog\/#\/schema\/logo\/image\/\"},\"sameAs\":[\"https:\/\/www.facebook.com\/ageninfra\",\"https:\/\/x.com\/agencia_infra\",\"https:\/\/www.linkedin.com\/company\/ag\u00eanciainfra\/\",\"https:\/\/www.instagram.com\/agenciainfra\/\"]},{\"@type\":\"Person\",\"@id\":\"https:\/\/agenciainfra.com\/blog\/#\/schema\/person\/34af08dff6adea4cb22b06612ba7acfa\",\"name\":\"Ag\u00eancia iNFRA\",\"image\":{\"@type\":\"ImageObject\",\"inLanguage\":\"pt-BR\",\"@id\":\"https:\/\/agenciainfra.com\/blog\/#\/schema\/person\/image\/\",\"url\":\"https:\/\/secure.gravatar.com\/avatar\/d189e01678f06d8eb84d4e01f08eb848b3fffe3f8443818d3c356c66892f5be8?s=96&d=mm&r=g\",\"contentUrl\":\"https:\/\/secure.gravatar.com\/avatar\/d189e01678f06d8eb84d4e01f08eb848b3fffe3f8443818d3c356c66892f5be8?s=96&d=mm&r=g\",\"caption\":\"Ag\u00eancia iNFRA\"},\"url\":\"https:\/\/agenciainfra.com\/blog\/author\/admin\/\"}]}<\/script>\n<!-- \/ Yoast SEO Premium plugin. -->","yoast_head_json":{"title":"Estradas brasileiras registraram 285 mil roubos de cargas em 20 anos - Ag\u00eancia iNFRA","robots":{"index":"index","follow":"follow","max-snippet":"max-snippet:-1","max-image-preview":"max-image-preview:large","max-video-preview":"max-video-preview:-1"},"canonical":"https:\/\/agenciainfra.com\/blog\/estradas-brasileiras-registraram-285-mil-roubos-de-cargas-em-20-anos\/","og_locale":"pt_BR","og_type":"article","og_title":"Estradas brasileiras registraram 285 mil roubos de cargas em 20 anos","og_description":"Cl\u00e1udia Borges, da Ag\u00eancia iNFRA &nbsp; O\u00a0roubo\u00a0de\u00a0cargas\u00a0nas estradas do pa\u00eds j\u00e1 causou preju\u00edzos de R$ 16,3 bilh\u00f5es, ao longo de 20 anos, com 285 mil ocorr\u00eancias registradas no per\u00edodo. Os n\u00fameros alarmantes quase triplicaram nesse per\u00edodo, passando de 10.950 para 25.970 ocorr\u00eancias de 1998 a 2017, aumentando os custos para empresas e clientes. Somente no [&hellip;]","og_url":"https:\/\/agenciainfra.com\/blog\/estradas-brasileiras-registraram-285-mil-roubos-de-cargas-em-20-anos\/","og_site_name":"Ag\u00eancia iNFRA","article_publisher":"https:\/\/www.facebook.com\/ageninfra","article_published_time":"2018-07-25T09:47:10+00:00","article_modified_time":"2018-07-26T01:10:29+00:00","og_image":[{"width":4928,"height":3280,"url":"https:\/\/agenciainfra.com\/blog\/wp-content\/uploads\/2018\/07\/policia_rodoviaria_federal_antonio_cruz_agencia_brasil.jpg","type":"image\/jpeg"}],"author":"Ag\u00eancia iNFRA","twitter_card":"summary_large_image","twitter_creator":"@agencia_infra","twitter_site":"@agencia_infra","twitter_misc":{"Escrito por":"Ag\u00eancia iNFRA","Est. tempo de leitura":"2 minutos"},"schema":{"@context":"https:\/\/schema.org","@graph":[{"@type":"Article","@id":"https:\/\/agenciainfra.com\/blog\/estradas-brasileiras-registraram-285-mil-roubos-de-cargas-em-20-anos\/#article","isPartOf":{"@id":"https:\/\/agenciainfra.com\/blog\/estradas-brasileiras-registraram-285-mil-roubos-de-cargas-em-20-anos\/"},"author":{"name":"Ag\u00eancia iNFRA","@id":"https:\/\/agenciainfra.com\/blog\/#\/schema\/person\/34af08dff6adea4cb22b06612ba7acfa"},"headline":"Estradas brasileiras registraram 285 mil roubos de cargas em 20 anos","datePublished":"2018-07-25T09:47:10+00:00","dateModified":"2018-07-26T01:10:29+00:00","mainEntityOfPage":{"@id":"https:\/\/agenciainfra.com\/blog\/estradas-brasileiras-registraram-285-mil-roubos-de-cargas-em-20-anos\/"},"wordCount":440,"publisher":{"@id":"https:\/\/agenciainfra.com\/blog\/#organization"},"image":{"@id":"https:\/\/agenciainfra.com\/blog\/estradas-brasileiras-registraram-285-mil-roubos-de-cargas-em-20-anos\/#primaryimage"},"thumbnailUrl":"https:\/\/agenciainfra.com\/blog\/wp-content\/uploads\/2018\/07\/policia_rodoviaria_federal_antonio_cruz_agencia_brasil.jpg","keywords":["Estradas","NTC&amp;Log\u00edstica","Paulo Roberto Souza","PRF","recepta\u00e7\u00e3o","roubo de cargas"],"articleSection":["iNFRATransporte"],"inLanguage":"pt-BR","copyrightYear":"2018","copyrightHolder":{"@id":"https:\/\/agenciainfra.com\/blog\/#organization"}},{"@type":"WebPage","@id":"https:\/\/agenciainfra.com\/blog\/estradas-brasileiras-registraram-285-mil-roubos-de-cargas-em-20-anos\/","url":"https:\/\/agenciainfra.com\/blog\/estradas-brasileiras-registraram-285-mil-roubos-de-cargas-em-20-anos\/","name":"Estradas brasileiras registraram 285 mil roubos de cargas em 20 anos - Ag\u00eancia iNFRA","isPartOf":{"@id":"https:\/\/agenciainfra.com\/blog\/#website"},"primaryImageOfPage":{"@id":"https:\/\/agenciainfra.com\/blog\/estradas-brasileiras-registraram-285-mil-roubos-de-cargas-em-20-anos\/#primaryimage"},"image":{"@id":"https:\/\/agenciainfra.com\/blog\/estradas-brasileiras-registraram-285-mil-roubos-de-cargas-em-20-anos\/#primaryimage"},"thumbnailUrl":"https:\/\/agenciainfra.com\/blog\/wp-content\/uploads\/2018\/07\/policia_rodoviaria_federal_antonio_cruz_agencia_brasil.jpg","datePublished":"2018-07-25T09:47:10+00:00","dateModified":"2018-07-26T01:10:29+00:00","breadcrumb":{"@id":"https:\/\/agenciainfra.com\/blog\/estradas-brasileiras-registraram-285-mil-roubos-de-cargas-em-20-anos\/#breadcrumb"},"inLanguage":"pt-BR","potentialAction":[{"@type":"ReadAction","target":["https:\/\/agenciainfra.com\/blog\/estradas-brasileiras-registraram-285-mil-roubos-de-cargas-em-20-anos\/"]}]},{"@type":"ImageObject","inLanguage":"pt-BR","@id":"https:\/\/agenciainfra.com\/blog\/estradas-brasileiras-registraram-285-mil-roubos-de-cargas-em-20-anos\/#primaryimage","url":"https:\/\/agenciainfra.com\/blog\/wp-content\/uploads\/2018\/07\/policia_rodoviaria_federal_antonio_cruz_agencia_brasil.jpg","contentUrl":"https:\/\/agenciainfra.com\/blog\/wp-content\/uploads\/2018\/07\/policia_rodoviaria_federal_antonio_cruz_agencia_brasil.jpg","width":4928,"height":3280},{"@type":"BreadcrumbList","@id":"https:\/\/agenciainfra.com\/blog\/estradas-brasileiras-registraram-285-mil-roubos-de-cargas-em-20-anos\/#breadcrumb","itemListElement":[{"@type":"ListItem","position":1,"name":"In\u00edcio","item":"https:\/\/agenciainfra.com\/blog\/"},{"@type":"ListItem","position":2,"name":"Estradas brasileiras registraram 285 mil roubos de cargas em 20 anos"}]},{"@type":"WebSite","@id":"https:\/\/agenciainfra.com\/blog\/#website","url":"https:\/\/agenciainfra.com\/blog\/","name":"Ag\u00eancia iNFRA","description":"Multiplataforma de informa\u00e7\u00e3o jornal\u00edstica refer\u00eancia na \u00e1rea de infraestrutura no Brasil!","publisher":{"@id":"https:\/\/agenciainfra.com\/blog\/#organization"},"potentialAction":[{"@type":"SearchAction","target":{"@type":"EntryPoint","urlTemplate":"https:\/\/agenciainfra.com\/blog\/?s={search_term_string}"},"query-input":{"@type":"PropertyValueSpecification","valueRequired":true,"valueName":"search_term_string"}}],"inLanguage":"pt-BR"},{"@type":"Organization","@id":"https:\/\/agenciainfra.com\/blog\/#organization","name":"Ag\u00eancia iNFRA","url":"https:\/\/agenciainfra.com\/blog\/","logo":{"@type":"ImageObject","inLanguage":"pt-BR","@id":"https:\/\/agenciainfra.com\/blog\/#\/schema\/logo\/image\/","url":"https:\/\/agenciainfra.com\/blog\/wp-content\/uploads\/2023\/09\/iNFRA_5-e1761735885940.png","contentUrl":"https:\/\/agenciainfra.com\/blog\/wp-content\/uploads\/2023\/09\/iNFRA_5-e1761735885940.png","width":1672,"height":454,"caption":"Ag\u00eancia iNFRA"},"image":{"@id":"https:\/\/agenciainfra.com\/blog\/#\/schema\/logo\/image\/"},"sameAs":["https:\/\/www.facebook.com\/ageninfra","https:\/\/x.com\/agencia_infra","https:\/\/www.linkedin.com\/company\/ag\u00eanciainfra\/","https:\/\/www.instagram.com\/agenciainfra\/"]},{"@type":"Person","@id":"https:\/\/agenciainfra.com\/blog\/#\/schema\/person\/34af08dff6adea4cb22b06612ba7acfa","name":"Ag\u00eancia iNFRA","image":{"@type":"ImageObject","inLanguage":"pt-BR","@id":"https:\/\/agenciainfra.com\/blog\/#\/schema\/person\/image\/","url":"https:\/\/secure.gravatar.com\/avatar\/d189e01678f06d8eb84d4e01f08eb848b3fffe3f8443818d3c356c66892f5be8?s=96&d=mm&r=g","contentUrl":"https:\/\/secure.gravatar.com\/avatar\/d189e01678f06d8eb84d4e01f08eb848b3fffe3f8443818d3c356c66892f5be8?s=96&d=mm&r=g","caption":"Ag\u00eancia iNFRA"},"url":"https:\/\/agenciainfra.com\/blog\/author\/admin\/"}]}},"_links":{"self":[{"href":"https:\/\/agenciainfra.com\/blog\/wp-json\/wp\/v2\/posts\/2183","targetHints":{"allow":["GET"]}}],"collection":[{"href":"https:\/\/agenciainfra.com\/blog\/wp-json\/wp\/v2\/posts"}],"about":[{"href":"https:\/\/agenciainfra.com\/blog\/wp-json\/wp\/v2\/types\/post"}],"author":[{"embeddable":true,"href":"https:\/\/agenciainfra.com\/blog\/wp-json\/wp\/v2\/users\/1"}],"replies":[{"embeddable":true,"href":"https:\/\/agenciainfra.com\/blog\/wp-json\/wp\/v2\/comments?post=2183"}],"version-history":[{"count":0,"href":"https:\/\/agenciainfra.com\/blog\/wp-json\/wp\/v2\/posts\/2183\/revisions"}],"wp:featuredmedia":[{"embeddable":true,"href":"https:\/\/agenciainfra.com\/blog\/wp-json\/wp\/v2\/media\/2185"}],"wp:attachment":[{"href":"https:\/\/agenciainfra.com\/blog\/wp-json\/wp\/v2\/media?parent=2183"}],"wp:term":[{"taxonomy":"category","embeddable":true,"href":"https:\/\/agenciainfra.com\/blog\/wp-json\/wp\/v2\/categories?post=2183"},{"taxonomy":"post_tag","embeddable":true,"href":"https:\/\/agenciainfra.com\/blog\/wp-json\/wp\/v2\/tags?post=2183"}],"curies":[{"name":"wp","href":"https:\/\/api.w.org\/{rel}","templated":true}]}}