{"id":21891,"date":"2025-05-21T08:00:00","date_gmt":"2025-05-21T11:00:00","guid":{"rendered":"https:\/\/agenciainfra.com\/blog\/?p=21891"},"modified":"2025-05-22T11:34:35","modified_gmt":"2025-05-22T14:34:35","slug":"governo-avanca-em-portaria-para-integrar-free-flow-a-cdt-e-facilitar-pagamentos","status":"publish","type":"post","link":"https:\/\/agenciainfra.com\/blog\/governo-avanca-em-portaria-para-integrar-free-flow-a-cdt-e-facilitar-pagamentos\/","title":{"rendered":"Governo avan\u00e7a em portaria para integrar free flow \u00e0 CDT e facilitar pagamentos"},"content":{"rendered":"\n<p class=\"has-text-align-right\"><strong>Sheyla Santos e Dimmi Amora, da Ag\u00eancia iNFRA<\/strong><\/p>\n\n\n\n<p>O Minist\u00e9rio dos Transportes elabora uma nova portaria de integra\u00e7\u00e3o sist\u00eamica que vai permitir que todas as passagens de motoristas por um p\u00f3rtico de free flow (ped\u00e1gio eletr\u00f4nico) sejam registradas na CDT (Carteira Digital de Tr\u00e2nsito), disseram \u00e0&nbsp;<strong>Ag\u00eancia iNFRA<\/strong>&nbsp;fontes a par do assunto. O detalhamento \u00e9 discutido na Senatran (Secretaria Nacional de Tr\u00e2nsito) e a expectativa \u00e9 de que o texto seja publicado nas pr\u00f3ximas semanas.&nbsp;<br><br>A nova portaria definir\u00e1 os crit\u00e9rios t\u00e9cnicos para a integra\u00e7\u00e3o das informa\u00e7\u00f5es na CDT, conforme estabelece a&nbsp;<a href=\"https:\/\/agenciainfra.us14.list-manage.com\/track\/click?u=d460dd1bcf9ba0ae040e1fc0f&amp;id=272cc5cec1&amp;e=1192c754bc\" target=\"_blank\" rel=\"noreferrer noopener\">Resolu\u00e7\u00e3o 1.013\/2024<\/a>, publicada no ano passado pelo Contran (Conselho Nacional de Tr\u00e2nsito).<br><br>O texto est\u00e1 fechado no \u00e2mbito pol\u00edtico e, no momento, \u00e9 avaliado por consultores jur\u00eddicos. A resolu\u00e7\u00e3o do Contran que trata do free flow em vias urbanas e rurais j\u00e1 previa a concentra\u00e7\u00e3o de informa\u00e7\u00f5es na CDT. O novo texto dever\u00e1 tratar de informa\u00e7\u00f5es como a passagem do motorista pelo p\u00f3rtico de free flow, a localidade do usu\u00e1rio na via, incluindo a quilometragem, al\u00e9m de um bot\u00e3o de acesso na CDT que&nbsp;direcionar\u00e1 o usu\u00e1rio para o pagamento da tarifa.<br><br>O Minist\u00e9rio dos Transportes tamb\u00e9m estuda incluir nessa portaria solu\u00e7\u00f5es conjuntas debatidas com o mercado para ampliar as formas de pagamento do ped\u00e1gio por meio da pr\u00f3pria CDT, adicionando a possibilidade de pagamento por PIX, al\u00e9m de conex\u00e3o direta com aplicativos de bancos.&nbsp;<br><br>Essa integra\u00e7\u00e3o avan\u00e7a sobre o texto da resolu\u00e7\u00e3o do Contran publicado no ano passado no sentido de oferecer mais op\u00e7\u00f5es aos usu\u00e1rios, o que n\u00e3o estava previsto na norma inicial. Hoje, a compet\u00eancia do pagamento por quem passa nos ped\u00e1gios com free flow est\u00e1 sob a jurisdi\u00e7\u00e3o de ag\u00eancias reguladoras estaduais e concession\u00e1rias.<br><br><strong>Isen\u00e7\u00e3o de multa \u00e9 descartada<\/strong><br>A nova portaria n\u00e3o dever\u00e1 contemplar isen\u00e7\u00e3o de multas antigas por n\u00e3o pagamento do ped\u00e1gio no prazo devido em p\u00f3rticos de free flow. Um projeto de lei nesse sentido foi aprovado pela C\u00e2mara dos Deputados no fim do ano passado. Recentemente, a CVT (Comiss\u00e3o de Via\u00e7\u00e3o e Transportes), da C\u00e2mara dos Deputados,&nbsp;<a href=\"https:\/\/agenciainfra.us14.list-manage.com\/track\/click?u=d460dd1bcf9ba0ae040e1fc0f&amp;id=de8c19820d&amp;e=1192c754bc\" target=\"_blank\" rel=\"noreferrer noopener\">debateu o tema<\/a>&nbsp;em sess\u00e3o p\u00fablica, apresentando reclama\u00e7\u00f5es sobre a dificuldade dos usu\u00e1rios em realizar o pagamento da tarifa ap\u00f3s a passagem pelo p\u00f3rtico.<br><br>No ano passado, o per\u00edodo de pagamento da tarifa no ped\u00e1gio eletr\u00f4nico foi ampliado de 15 dias para 30 dias, diante de uma reduzida&nbsp;inadimpl\u00eancia nas concess\u00f5es que experimentaram o modelo de free flow (o prazo de 15 dias foi escolhido para tentar evitar uma alta inadimpl\u00eancia). A nova portaria n\u00e3o trar\u00e1 mudan\u00e7as em rela\u00e7\u00e3o ao prazo de pagamento, que permanece o mesmo.<br><br>Segundo interlocutores, o governo \u00e9 radicalmente contr\u00e1rio \u00e0 isen\u00e7\u00e3o de multas retroativas decorrentes do n\u00e3o pagamento do ped\u00e1gio eletr\u00f4nico. Como os novos contratos de concess\u00e3o j\u00e1 preveem o novo modelo, o entendimento \u00e9 de que uma isen\u00e7\u00e3o poderia descredibilizar o free flow.&nbsp;<br><br>Nas discuss\u00f5es que est\u00e3o sendo realizadas entre governo e Congresso sobre eventual isen\u00e7\u00e3o das multas j\u00e1 emitidas, cuja estimativa \u00e9 que passem dos dois&nbsp;milh\u00f5es, chegou a ser aventada pela pasta a possibilidade de ampliar o prazo para pagamento das multas, mas a proposta n\u00e3o avan\u00e7ou.<br><br><strong>&#8220;Desafio de comunica\u00e7\u00e3o&#8221;<\/strong><br>Em entrevista \u00e0&nbsp;<strong>Ag\u00eancia iNFRA<\/strong>, Carlos Gazaffi, CEO da Sem Parar, empresa que lidera os pagamentos de ped\u00e1gio por meio de identifica\u00e7\u00e3o por tags, avaliou que a implanta\u00e7\u00e3o do sistema free flow no pa\u00eds tem sido bem sucedida, com inadimpl\u00eancia muito abaixo da expectativa, associada muito mais \u00e0 falta de informa\u00e7\u00e3o sobre o sistema do que ao desejo de n\u00e3o pagar.<br><br>&#8220;Temos um desafio de comunica\u00e7\u00e3o com o usu\u00e1rio. N\u00e3o vejo como inadimpl\u00eancia. Ainda tem gente que n\u00e3o sabe se \u00e9 um radar ou uma pra\u00e7a [de ped\u00e1gio]&#8221;, afirmou Gazzafi.<br><br>Segundo ele, pesquisa encomendada pela empresa mostrou que o conhecimento sobre o novo modelo de cobran\u00e7a cresceu de 27% para 55% dos pesquisados em um ano. Para ele \u00e9 necess\u00e1rio aumentar as op\u00e7\u00f5es de canais de pagamento para os usu\u00e1rios para reduzir o n\u00famero de n\u00e3o pagantes.&nbsp;<br><br>Ele acredita que os modos de identifica\u00e7\u00e3o v\u00e3o evoluir, o que poder\u00e1 ampliar a base de usu\u00e1rios que podem ser identificados imediatamente com a passagem pelas pra\u00e7as de ped\u00e1gio. No caso da Sem Parar, a compra de dois aplicativos recentemente feita pela empresa, Zapey e Gringo, aumentou em mais de cinco vezes o n\u00famero de usu\u00e1rios de ve\u00edculos com identifica\u00e7\u00e3o.<br><br>O CEO da companhia alerta, no entanto, para propostas que possam incentivar o n\u00e3o pagamento do ped\u00e1gio. Ele usa como exemplo o que ocorreu na \u00c1frica do Sul, onde segundo ele o sistema de free flow foi um caso de insucesso ap\u00f3s a revoga\u00e7\u00e3o de instrumentos de enforcement para o pagamento dos ped\u00e1gios.<br><br>&#8220;Ningu\u00e9m tem a inten\u00e7\u00e3o de multar. Mas se voc\u00ea n\u00e3o cria um evento para corre\u00e7\u00e3o, a tend\u00eancia \u00e9 o modelo n\u00e3o dar certo&#8221;, disse Gazzafi.&nbsp;<\/p>\n","protected":false},"excerpt":{"rendered":"<p>Sheyla Santos e Dimmi Amora, da Ag\u00eancia iNFRA O Minist\u00e9rio dos Transportes elabora uma nova portaria de integra\u00e7\u00e3o sist\u00eamica que vai permitir que todas as passagens de motoristas por um p\u00f3rtico de free flow (ped\u00e1gio eletr\u00f4nico) sejam registradas na CDT (Carteira Digital de Tr\u00e2nsito), disseram \u00e0&nbsp;Ag\u00eancia iNFRA&nbsp;fontes a par do assunto. O detalhamento \u00e9 discutido [&hellip;]<\/p>\n","protected":false},"author":1,"featured_media":12056,"comment_status":"closed","ping_status":"closed","sticky":false,"template":"","format":"standard","meta":{"_monsterinsights_skip_tracking":false,"_monsterinsights_sitenote_active":false,"_monsterinsights_sitenote_note":"","_monsterinsights_sitenote_category":0,"footnotes":""},"categories":[7250,1,7],"tags":[5755,8689,9902,1299,1106,11823,20,9905,126,5169,5733,8838,13420],"class_list":["post-21891","post","type-post","status-publish","format-standard","has-post-thumbnail","hentry","category-destaque-lista","category-geral","category-infratransporte","tag-carlos-gazaffi","tag-carteira-digital-de-transito","tag-cdt","tag-dimmi-amora","tag-free-flow","tag-pagamento-de-pedagio","tag-pedagio","tag-pedagio-eletronico","tag-rodovias","tag-sem-parar","tag-senatran","tag-sheyla-santos","tag-tag-de-pedagio"],"yoast_head":"<!-- This site is optimized with the Yoast SEO Premium plugin v25.4 (Yoast SEO v26.0) - https:\/\/yoast.com\/wordpress\/plugins\/seo\/ -->\n<title>Governo avan\u00e7a em portaria para integrar free flow \u00e0 CDT e facilitar pagamentos - Ag\u00eancia iNFRA<\/title>\n<meta name=\"robots\" content=\"index, follow, max-snippet:-1, max-image-preview:large, max-video-preview:-1\" \/>\n<link rel=\"canonical\" href=\"https:\/\/agenciainfra.com\/blog\/governo-avanca-em-portaria-para-integrar-free-flow-a-cdt-e-facilitar-pagamentos\/\" \/>\n<meta property=\"og:locale\" content=\"pt_BR\" \/>\n<meta property=\"og:type\" content=\"article\" \/>\n<meta property=\"og:title\" content=\"Governo avan\u00e7a em portaria para integrar free flow \u00e0 CDT e facilitar pagamentos\" \/>\n<meta property=\"og:description\" content=\"Sheyla Santos e Dimmi Amora, da Ag\u00eancia iNFRA O Minist\u00e9rio dos Transportes elabora uma nova portaria de integra\u00e7\u00e3o sist\u00eamica que vai permitir que todas as passagens de motoristas por um p\u00f3rtico de free flow (ped\u00e1gio eletr\u00f4nico) sejam registradas na CDT (Carteira Digital de Tr\u00e2nsito), disseram \u00e0&nbsp;Ag\u00eancia iNFRA&nbsp;fontes a par do assunto. O detalhamento \u00e9 discutido [&hellip;]\" \/>\n<meta property=\"og:url\" content=\"https:\/\/agenciainfra.com\/blog\/governo-avanca-em-portaria-para-integrar-free-flow-a-cdt-e-facilitar-pagamentos\/\" \/>\n<meta property=\"og:site_name\" content=\"Ag\u00eancia iNFRA\" \/>\n<meta property=\"article:publisher\" content=\"https:\/\/www.facebook.com\/ageninfra\" \/>\n<meta property=\"article:published_time\" content=\"2025-05-21T11:00:00+00:00\" \/>\n<meta property=\"article:modified_time\" content=\"2025-05-22T14:34:35+00:00\" \/>\n<meta property=\"og:image\" content=\"https:\/\/agenciainfra.com\/blog\/wp-content\/uploads\/2023\/01\/free-flow-br-101-rio-santos-foto-ccr-riosp-divulgacao.png\" \/>\n\t<meta property=\"og:image:width\" content=\"1280\" \/>\n\t<meta property=\"og:image:height\" content=\"719\" \/>\n\t<meta property=\"og:image:type\" content=\"image\/png\" \/>\n<meta name=\"author\" content=\"Ag\u00eancia iNFRA\" \/>\n<meta name=\"twitter:card\" content=\"summary_large_image\" \/>\n<meta name=\"twitter:creator\" content=\"@agencia_infra\" \/>\n<meta name=\"twitter:site\" content=\"@agencia_infra\" \/>\n<meta name=\"twitter:label1\" content=\"Escrito por\" \/>\n\t<meta name=\"twitter:data1\" content=\"Ag\u00eancia iNFRA\" \/>\n\t<meta name=\"twitter:label2\" content=\"Est. tempo de leitura\" \/>\n\t<meta name=\"twitter:data2\" content=\"5 minutos\" \/>\n<script type=\"application\/ld+json\" class=\"yoast-schema-graph\">{\"@context\":\"https:\/\/schema.org\",\"@graph\":[{\"@type\":\"Article\",\"@id\":\"https:\/\/agenciainfra.com\/blog\/governo-avanca-em-portaria-para-integrar-free-flow-a-cdt-e-facilitar-pagamentos\/#article\",\"isPartOf\":{\"@id\":\"https:\/\/agenciainfra.com\/blog\/governo-avanca-em-portaria-para-integrar-free-flow-a-cdt-e-facilitar-pagamentos\/\"},\"author\":{\"name\":\"Ag\u00eancia iNFRA\",\"@id\":\"https:\/\/agenciainfra.com\/blog\/#\/schema\/person\/34af08dff6adea4cb22b06612ba7acfa\"},\"headline\":\"Governo avan\u00e7a em portaria para integrar free flow \u00e0 CDT e facilitar pagamentos\",\"datePublished\":\"2025-05-21T11:00:00+00:00\",\"dateModified\":\"2025-05-22T14:34:35+00:00\",\"mainEntityOfPage\":{\"@id\":\"https:\/\/agenciainfra.com\/blog\/governo-avanca-em-portaria-para-integrar-free-flow-a-cdt-e-facilitar-pagamentos\/\"},\"wordCount\":924,\"publisher\":{\"@id\":\"https:\/\/agenciainfra.com\/blog\/#organization\"},\"image\":{\"@id\":\"https:\/\/agenciainfra.com\/blog\/governo-avanca-em-portaria-para-integrar-free-flow-a-cdt-e-facilitar-pagamentos\/#primaryimage\"},\"thumbnailUrl\":\"https:\/\/agenciainfra.com\/blog\/wp-content\/uploads\/2023\/01\/free-flow-br-101-rio-santos-foto-ccr-riosp-divulgacao.png\",\"keywords\":[\"Carlos Gazaffi\",\"Carteira Digital de Tr\u00e2nsito\",\"CDT\",\"Dimmi Amora\",\"free flow\",\"pagamento de ped\u00e1gio\",\"Ped\u00e1gio\",\"ped\u00e1gio eletr\u00f4nico\",\"rodovias\",\"Sem Parar\",\"Senatran\",\"Sheyla Santos\",\"tag de ped\u00e1gio\"],\"articleSection\":[\"Destaque lista\",\"Geral\",\"iNFRATransporte\"],\"inLanguage\":\"pt-BR\",\"copyrightYear\":\"2025\",\"copyrightHolder\":{\"@id\":\"https:\/\/agenciainfra.com\/blog\/#organization\"}},{\"@type\":\"WebPage\",\"@id\":\"https:\/\/agenciainfra.com\/blog\/governo-avanca-em-portaria-para-integrar-free-flow-a-cdt-e-facilitar-pagamentos\/\",\"url\":\"https:\/\/agenciainfra.com\/blog\/governo-avanca-em-portaria-para-integrar-free-flow-a-cdt-e-facilitar-pagamentos\/\",\"name\":\"Governo avan\u00e7a em portaria para integrar free flow \u00e0 CDT e facilitar pagamentos - Ag\u00eancia iNFRA\",\"isPartOf\":{\"@id\":\"https:\/\/agenciainfra.com\/blog\/#website\"},\"primaryImageOfPage\":{\"@id\":\"https:\/\/agenciainfra.com\/blog\/governo-avanca-em-portaria-para-integrar-free-flow-a-cdt-e-facilitar-pagamentos\/#primaryimage\"},\"image\":{\"@id\":\"https:\/\/agenciainfra.com\/blog\/governo-avanca-em-portaria-para-integrar-free-flow-a-cdt-e-facilitar-pagamentos\/#primaryimage\"},\"thumbnailUrl\":\"https:\/\/agenciainfra.com\/blog\/wp-content\/uploads\/2023\/01\/free-flow-br-101-rio-santos-foto-ccr-riosp-divulgacao.png\",\"datePublished\":\"2025-05-21T11:00:00+00:00\",\"dateModified\":\"2025-05-22T14:34:35+00:00\",\"breadcrumb\":{\"@id\":\"https:\/\/agenciainfra.com\/blog\/governo-avanca-em-portaria-para-integrar-free-flow-a-cdt-e-facilitar-pagamentos\/#breadcrumb\"},\"inLanguage\":\"pt-BR\",\"potentialAction\":[{\"@type\":\"ReadAction\",\"target\":[\"https:\/\/agenciainfra.com\/blog\/governo-avanca-em-portaria-para-integrar-free-flow-a-cdt-e-facilitar-pagamentos\/\"]}]},{\"@type\":\"ImageObject\",\"inLanguage\":\"pt-BR\",\"@id\":\"https:\/\/agenciainfra.com\/blog\/governo-avanca-em-portaria-para-integrar-free-flow-a-cdt-e-facilitar-pagamentos\/#primaryimage\",\"url\":\"https:\/\/agenciainfra.com\/blog\/wp-content\/uploads\/2023\/01\/free-flow-br-101-rio-santos-foto-ccr-riosp-divulgacao.png\",\"contentUrl\":\"https:\/\/agenciainfra.com\/blog\/wp-content\/uploads\/2023\/01\/free-flow-br-101-rio-santos-foto-ccr-riosp-divulgacao.png\",\"width\":1280,\"height\":719,\"caption\":\"Foto: Divulga\u00e7\u00e3o Motiva\"},{\"@type\":\"BreadcrumbList\",\"@id\":\"https:\/\/agenciainfra.com\/blog\/governo-avanca-em-portaria-para-integrar-free-flow-a-cdt-e-facilitar-pagamentos\/#breadcrumb\",\"itemListElement\":[{\"@type\":\"ListItem\",\"position\":1,\"name\":\"In\u00edcio\",\"item\":\"https:\/\/agenciainfra.com\/blog\/\"},{\"@type\":\"ListItem\",\"position\":2,\"name\":\"Governo avan\u00e7a em portaria para integrar free flow \u00e0 CDT e facilitar pagamentos\"}]},{\"@type\":\"WebSite\",\"@id\":\"https:\/\/agenciainfra.com\/blog\/#website\",\"url\":\"https:\/\/agenciainfra.com\/blog\/\",\"name\":\"Ag\u00eancia iNFRA\",\"description\":\"Multiplataforma de informa\u00e7\u00e3o jornal\u00edstica refer\u00eancia na \u00e1rea de infraestrutura no Brasil!\",\"publisher\":{\"@id\":\"https:\/\/agenciainfra.com\/blog\/#organization\"},\"potentialAction\":[{\"@type\":\"SearchAction\",\"target\":{\"@type\":\"EntryPoint\",\"urlTemplate\":\"https:\/\/agenciainfra.com\/blog\/?s={search_term_string}\"},\"query-input\":{\"@type\":\"PropertyValueSpecification\",\"valueRequired\":true,\"valueName\":\"search_term_string\"}}],\"inLanguage\":\"pt-BR\"},{\"@type\":\"Organization\",\"@id\":\"https:\/\/agenciainfra.com\/blog\/#organization\",\"name\":\"Ag\u00eancia iNFRA\",\"url\":\"https:\/\/agenciainfra.com\/blog\/\",\"logo\":{\"@type\":\"ImageObject\",\"inLanguage\":\"pt-BR\",\"@id\":\"https:\/\/agenciainfra.com\/blog\/#\/schema\/logo\/image\/\",\"url\":\"https:\/\/agenciainfra.com\/blog\/wp-content\/uploads\/2023\/09\/iNFRA_5-e1761735885940.png\",\"contentUrl\":\"https:\/\/agenciainfra.com\/blog\/wp-content\/uploads\/2023\/09\/iNFRA_5-e1761735885940.png\",\"width\":1672,\"height\":454,\"caption\":\"Ag\u00eancia iNFRA\"},\"image\":{\"@id\":\"https:\/\/agenciainfra.com\/blog\/#\/schema\/logo\/image\/\"},\"sameAs\":[\"https:\/\/www.facebook.com\/ageninfra\",\"https:\/\/x.com\/agencia_infra\",\"https:\/\/www.linkedin.com\/company\/ag\u00eanciainfra\/\",\"https:\/\/www.instagram.com\/agenciainfra\/\"]},{\"@type\":\"Person\",\"@id\":\"https:\/\/agenciainfra.com\/blog\/#\/schema\/person\/34af08dff6adea4cb22b06612ba7acfa\",\"name\":\"Ag\u00eancia iNFRA\",\"image\":{\"@type\":\"ImageObject\",\"inLanguage\":\"pt-BR\",\"@id\":\"https:\/\/agenciainfra.com\/blog\/#\/schema\/person\/image\/\",\"url\":\"https:\/\/secure.gravatar.com\/avatar\/d189e01678f06d8eb84d4e01f08eb848b3fffe3f8443818d3c356c66892f5be8?s=96&d=mm&r=g\",\"contentUrl\":\"https:\/\/secure.gravatar.com\/avatar\/d189e01678f06d8eb84d4e01f08eb848b3fffe3f8443818d3c356c66892f5be8?s=96&d=mm&r=g\",\"caption\":\"Ag\u00eancia iNFRA\"},\"url\":\"https:\/\/agenciainfra.com\/blog\/author\/admin\/\"}]}<\/script>\n<!-- \/ Yoast SEO Premium plugin. -->","yoast_head_json":{"title":"Governo avan\u00e7a em portaria para integrar free flow \u00e0 CDT e facilitar pagamentos - Ag\u00eancia iNFRA","robots":{"index":"index","follow":"follow","max-snippet":"max-snippet:-1","max-image-preview":"max-image-preview:large","max-video-preview":"max-video-preview:-1"},"canonical":"https:\/\/agenciainfra.com\/blog\/governo-avanca-em-portaria-para-integrar-free-flow-a-cdt-e-facilitar-pagamentos\/","og_locale":"pt_BR","og_type":"article","og_title":"Governo avan\u00e7a em portaria para integrar free flow \u00e0 CDT e facilitar pagamentos","og_description":"Sheyla Santos e Dimmi Amora, da Ag\u00eancia iNFRA O Minist\u00e9rio dos Transportes elabora uma nova portaria de integra\u00e7\u00e3o sist\u00eamica que vai permitir que todas as passagens de motoristas por um p\u00f3rtico de free flow (ped\u00e1gio eletr\u00f4nico) sejam registradas na CDT (Carteira Digital de Tr\u00e2nsito), disseram \u00e0&nbsp;Ag\u00eancia iNFRA&nbsp;fontes a par do assunto. O detalhamento \u00e9 discutido [&hellip;]","og_url":"https:\/\/agenciainfra.com\/blog\/governo-avanca-em-portaria-para-integrar-free-flow-a-cdt-e-facilitar-pagamentos\/","og_site_name":"Ag\u00eancia iNFRA","article_publisher":"https:\/\/www.facebook.com\/ageninfra","article_published_time":"2025-05-21T11:00:00+00:00","article_modified_time":"2025-05-22T14:34:35+00:00","og_image":[{"width":1280,"height":719,"url":"https:\/\/agenciainfra.com\/blog\/wp-content\/uploads\/2023\/01\/free-flow-br-101-rio-santos-foto-ccr-riosp-divulgacao.png","type":"image\/png"}],"author":"Ag\u00eancia iNFRA","twitter_card":"summary_large_image","twitter_creator":"@agencia_infra","twitter_site":"@agencia_infra","twitter_misc":{"Escrito por":"Ag\u00eancia iNFRA","Est. tempo de leitura":"5 minutos"},"schema":{"@context":"https:\/\/schema.org","@graph":[{"@type":"Article","@id":"https:\/\/agenciainfra.com\/blog\/governo-avanca-em-portaria-para-integrar-free-flow-a-cdt-e-facilitar-pagamentos\/#article","isPartOf":{"@id":"https:\/\/agenciainfra.com\/blog\/governo-avanca-em-portaria-para-integrar-free-flow-a-cdt-e-facilitar-pagamentos\/"},"author":{"name":"Ag\u00eancia iNFRA","@id":"https:\/\/agenciainfra.com\/blog\/#\/schema\/person\/34af08dff6adea4cb22b06612ba7acfa"},"headline":"Governo avan\u00e7a em portaria para integrar free flow \u00e0 CDT e facilitar pagamentos","datePublished":"2025-05-21T11:00:00+00:00","dateModified":"2025-05-22T14:34:35+00:00","mainEntityOfPage":{"@id":"https:\/\/agenciainfra.com\/blog\/governo-avanca-em-portaria-para-integrar-free-flow-a-cdt-e-facilitar-pagamentos\/"},"wordCount":924,"publisher":{"@id":"https:\/\/agenciainfra.com\/blog\/#organization"},"image":{"@id":"https:\/\/agenciainfra.com\/blog\/governo-avanca-em-portaria-para-integrar-free-flow-a-cdt-e-facilitar-pagamentos\/#primaryimage"},"thumbnailUrl":"https:\/\/agenciainfra.com\/blog\/wp-content\/uploads\/2023\/01\/free-flow-br-101-rio-santos-foto-ccr-riosp-divulgacao.png","keywords":["Carlos Gazaffi","Carteira Digital de Tr\u00e2nsito","CDT","Dimmi Amora","free flow","pagamento de ped\u00e1gio","Ped\u00e1gio","ped\u00e1gio eletr\u00f4nico","rodovias","Sem Parar","Senatran","Sheyla Santos","tag de ped\u00e1gio"],"articleSection":["Destaque lista","Geral","iNFRATransporte"],"inLanguage":"pt-BR","copyrightYear":"2025","copyrightHolder":{"@id":"https:\/\/agenciainfra.com\/blog\/#organization"}},{"@type":"WebPage","@id":"https:\/\/agenciainfra.com\/blog\/governo-avanca-em-portaria-para-integrar-free-flow-a-cdt-e-facilitar-pagamentos\/","url":"https:\/\/agenciainfra.com\/blog\/governo-avanca-em-portaria-para-integrar-free-flow-a-cdt-e-facilitar-pagamentos\/","name":"Governo avan\u00e7a em portaria para integrar free flow \u00e0 CDT e facilitar pagamentos - Ag\u00eancia iNFRA","isPartOf":{"@id":"https:\/\/agenciainfra.com\/blog\/#website"},"primaryImageOfPage":{"@id":"https:\/\/agenciainfra.com\/blog\/governo-avanca-em-portaria-para-integrar-free-flow-a-cdt-e-facilitar-pagamentos\/#primaryimage"},"image":{"@id":"https:\/\/agenciainfra.com\/blog\/governo-avanca-em-portaria-para-integrar-free-flow-a-cdt-e-facilitar-pagamentos\/#primaryimage"},"thumbnailUrl":"https:\/\/agenciainfra.com\/blog\/wp-content\/uploads\/2023\/01\/free-flow-br-101-rio-santos-foto-ccr-riosp-divulgacao.png","datePublished":"2025-05-21T11:00:00+00:00","dateModified":"2025-05-22T14:34:35+00:00","breadcrumb":{"@id":"https:\/\/agenciainfra.com\/blog\/governo-avanca-em-portaria-para-integrar-free-flow-a-cdt-e-facilitar-pagamentos\/#breadcrumb"},"inLanguage":"pt-BR","potentialAction":[{"@type":"ReadAction","target":["https:\/\/agenciainfra.com\/blog\/governo-avanca-em-portaria-para-integrar-free-flow-a-cdt-e-facilitar-pagamentos\/"]}]},{"@type":"ImageObject","inLanguage":"pt-BR","@id":"https:\/\/agenciainfra.com\/blog\/governo-avanca-em-portaria-para-integrar-free-flow-a-cdt-e-facilitar-pagamentos\/#primaryimage","url":"https:\/\/agenciainfra.com\/blog\/wp-content\/uploads\/2023\/01\/free-flow-br-101-rio-santos-foto-ccr-riosp-divulgacao.png","contentUrl":"https:\/\/agenciainfra.com\/blog\/wp-content\/uploads\/2023\/01\/free-flow-br-101-rio-santos-foto-ccr-riosp-divulgacao.png","width":1280,"height":719,"caption":"Foto: Divulga\u00e7\u00e3o Motiva"},{"@type":"BreadcrumbList","@id":"https:\/\/agenciainfra.com\/blog\/governo-avanca-em-portaria-para-integrar-free-flow-a-cdt-e-facilitar-pagamentos\/#breadcrumb","itemListElement":[{"@type":"ListItem","position":1,"name":"In\u00edcio","item":"https:\/\/agenciainfra.com\/blog\/"},{"@type":"ListItem","position":2,"name":"Governo avan\u00e7a em portaria para integrar free flow \u00e0 CDT e facilitar pagamentos"}]},{"@type":"WebSite","@id":"https:\/\/agenciainfra.com\/blog\/#website","url":"https:\/\/agenciainfra.com\/blog\/","name":"Ag\u00eancia iNFRA","description":"Multiplataforma de informa\u00e7\u00e3o jornal\u00edstica refer\u00eancia na \u00e1rea de infraestrutura no Brasil!","publisher":{"@id":"https:\/\/agenciainfra.com\/blog\/#organization"},"potentialAction":[{"@type":"SearchAction","target":{"@type":"EntryPoint","urlTemplate":"https:\/\/agenciainfra.com\/blog\/?s={search_term_string}"},"query-input":{"@type":"PropertyValueSpecification","valueRequired":true,"valueName":"search_term_string"}}],"inLanguage":"pt-BR"},{"@type":"Organization","@id":"https:\/\/agenciainfra.com\/blog\/#organization","name":"Ag\u00eancia iNFRA","url":"https:\/\/agenciainfra.com\/blog\/","logo":{"@type":"ImageObject","inLanguage":"pt-BR","@id":"https:\/\/agenciainfra.com\/blog\/#\/schema\/logo\/image\/","url":"https:\/\/agenciainfra.com\/blog\/wp-content\/uploads\/2023\/09\/iNFRA_5-e1761735885940.png","contentUrl":"https:\/\/agenciainfra.com\/blog\/wp-content\/uploads\/2023\/09\/iNFRA_5-e1761735885940.png","width":1672,"height":454,"caption":"Ag\u00eancia iNFRA"},"image":{"@id":"https:\/\/agenciainfra.com\/blog\/#\/schema\/logo\/image\/"},"sameAs":["https:\/\/www.facebook.com\/ageninfra","https:\/\/x.com\/agencia_infra","https:\/\/www.linkedin.com\/company\/ag\u00eanciainfra\/","https:\/\/www.instagram.com\/agenciainfra\/"]},{"@type":"Person","@id":"https:\/\/agenciainfra.com\/blog\/#\/schema\/person\/34af08dff6adea4cb22b06612ba7acfa","name":"Ag\u00eancia iNFRA","image":{"@type":"ImageObject","inLanguage":"pt-BR","@id":"https:\/\/agenciainfra.com\/blog\/#\/schema\/person\/image\/","url":"https:\/\/secure.gravatar.com\/avatar\/d189e01678f06d8eb84d4e01f08eb848b3fffe3f8443818d3c356c66892f5be8?s=96&d=mm&r=g","contentUrl":"https:\/\/secure.gravatar.com\/avatar\/d189e01678f06d8eb84d4e01f08eb848b3fffe3f8443818d3c356c66892f5be8?s=96&d=mm&r=g","caption":"Ag\u00eancia iNFRA"},"url":"https:\/\/agenciainfra.com\/blog\/author\/admin\/"}]}},"_links":{"self":[{"href":"https:\/\/agenciainfra.com\/blog\/wp-json\/wp\/v2\/posts\/21891","targetHints":{"allow":["GET"]}}],"collection":[{"href":"https:\/\/agenciainfra.com\/blog\/wp-json\/wp\/v2\/posts"}],"about":[{"href":"https:\/\/agenciainfra.com\/blog\/wp-json\/wp\/v2\/types\/post"}],"author":[{"embeddable":true,"href":"https:\/\/agenciainfra.com\/blog\/wp-json\/wp\/v2\/users\/1"}],"replies":[{"embeddable":true,"href":"https:\/\/agenciainfra.com\/blog\/wp-json\/wp\/v2\/comments?post=21891"}],"version-history":[{"count":1,"href":"https:\/\/agenciainfra.com\/blog\/wp-json\/wp\/v2\/posts\/21891\/revisions"}],"predecessor-version":[{"id":21892,"href":"https:\/\/agenciainfra.com\/blog\/wp-json\/wp\/v2\/posts\/21891\/revisions\/21892"}],"wp:featuredmedia":[{"embeddable":true,"href":"https:\/\/agenciainfra.com\/blog\/wp-json\/wp\/v2\/media\/12056"}],"wp:attachment":[{"href":"https:\/\/agenciainfra.com\/blog\/wp-json\/wp\/v2\/media?parent=21891"}],"wp:term":[{"taxonomy":"category","embeddable":true,"href":"https:\/\/agenciainfra.com\/blog\/wp-json\/wp\/v2\/categories?post=21891"},{"taxonomy":"post_tag","embeddable":true,"href":"https:\/\/agenciainfra.com\/blog\/wp-json\/wp\/v2\/tags?post=21891"}],"curies":[{"name":"wp","href":"https:\/\/api.w.org\/{rel}","templated":true}]}}