{"id":21917,"date":"2025-05-20T19:17:05","date_gmt":"2025-05-20T22:17:05","guid":{"rendered":"https:\/\/agenciainfra.com\/blog\/?p=21917"},"modified":"2025-05-22T07:22:23","modified_gmt":"2025-05-22T10:22:23","slug":"mineracao-de-grande-porte-e-de-alto-risco-voltam-a-ser-incluidas-dentro-do-pl-de-licenciamento-ambiental","status":"publish","type":"post","link":"https:\/\/agenciainfra.com\/blog\/mineracao-de-grande-porte-e-de-alto-risco-voltam-a-ser-incluidas-dentro-do-pl-de-licenciamento-ambiental\/","title":{"rendered":"Minera\u00e7\u00e3o de grande porte e de alto risco voltam a ser inclu\u00eddas dentro do PL de licenciamento ambiental"},"content":{"rendered":"\n<p class=\"has-text-align-right\"><strong>Bernardo Gonzaga, da Ag\u00eancia iNFRA<\/strong><\/p>\n\n\n\n<p>O <a href=\"https:\/\/www25.senado.leg.br\/web\/atividade\/materias\/-\/materia\/148785\">PL 2.159\/2021<\/a>, do Licenciamento Ambiental, aprovado hoje (20) na Comiss\u00e3o da Agricultura e Reforma Agr\u00e1ria e na Comiss\u00e3o de Meio Ambiente do Senado, determina que empreendimentos de minera\u00e7\u00e3o de grande porte e de alto risco sejam inclu\u00eddos dentro da Lei Geral do Licenciamento Ambiental. O texto foi encaminhado ao plen\u00e1rio do Senado.<\/p>\n\n\n\n<p>A previs\u00e3o de que a minera\u00e7\u00e3o de grande porte faria parte da lei geral de licenciamento ambiental havia sido suprimida na C\u00e2mara dos Deputados, que deixou esses empreendimentos a cargo do Conama (Conselho Nacional do Meio Ambiente), at\u00e9 que uma lei espec\u00edfica sobre o tema fosse promulgada.<\/p>\n\n\n\n<p>A emenda aprovada que tratou do tema foi a do ex-senador Luiz Carlos do Carmo (GO) e inclu\u00edda nos relat\u00f3rios no dia 7 de maio, quando os dois relatores, Conf\u00facio Moura (MDB-RO) e Tereza Cristina (PP-MS), apresentaram seus pareceres. Segundo o texto da emenda acatada, ao se estabelecer regras distintas para grandes empreendimentos de minera\u00e7\u00e3o, isso poderia gerar inseguran\u00e7a jur\u00eddica.&nbsp;<\/p>\n\n\n\n<p>\u201cA exclus\u00e3o dos empreendimentos miner\u00e1rios de grande porte e\/ou alto risco do escopo da Lei Geral de Licenciamento, portanto, \u00e9 uma tentativa de instituir um licenciamento direcionado que, ao fim e ao cabo, n\u00e3o traz benef\u00edcio aos verdadeiros destinat\u00e1rios da norma \u2013 o meio ambiente -, inclusive porque a seguran\u00e7a de barragem (&#8230;) \u00e9 mat\u00e9ria estranha ao Licenciamento e encontra-se amplamente regulada pela Pol\u00edtica Nacional de Seguran\u00e7a de Barragem (Lei 12.334\/2010)&#8221;, afirma o autor da emenda no texto.<\/p>\n","protected":false},"excerpt":{"rendered":"<p>Bernardo Gonzaga, da Ag\u00eancia iNFRA O PL 2.159\/2021, do Licenciamento Ambiental, aprovado hoje (20) na Comiss\u00e3o da Agricultura e Reforma Agr\u00e1ria e na Comiss\u00e3o de Meio Ambiente do Senado, determina que empreendimentos de minera\u00e7\u00e3o de grande porte e de alto risco sejam inclu\u00eddos dentro da Lei Geral do Licenciamento Ambiental. O texto foi encaminhado ao [&hellip;]<\/p>\n","protected":false},"author":1,"featured_media":21827,"comment_status":"closed","ping_status":"closed","sticky":false,"template":"","format":"standard","meta":{"_monsterinsights_skip_tracking":false,"_monsterinsights_sitenote_active":false,"_monsterinsights_sitenote_note":"","_monsterinsights_sitenote_category":0,"footnotes":""},"categories":[1,13239],"tags":[340,4467,13138,223,839,13433,13432],"class_list":["post-21917","post","type-post","status-publish","format-standard","has-post-thumbnail","hentry","category-geral","category-mineracao","tag-anm","tag-barragens","tag-bernardo-gonzaga","tag-licenciamento-ambiental","tag-mineracao","tag-mineracao-de-alto-risco","tag-mineracao-de-grande-porte"],"yoast_head":"<!-- This site is optimized with the Yoast SEO Premium plugin v25.4 (Yoast SEO v26.0) - https:\/\/yoast.com\/wordpress\/plugins\/seo\/ -->\n<title>Minera\u00e7\u00e3o de grande porte e de alto risco voltam a ser inclu\u00eddas dentro do PL de licenciamento ambiental - Ag\u00eancia iNFRA<\/title>\n<meta name=\"robots\" content=\"index, follow, max-snippet:-1, max-image-preview:large, max-video-preview:-1\" \/>\n<link rel=\"canonical\" href=\"https:\/\/agenciainfra.com\/blog\/mineracao-de-grande-porte-e-de-alto-risco-voltam-a-ser-incluidas-dentro-do-pl-de-licenciamento-ambiental\/\" \/>\n<meta property=\"og:locale\" content=\"pt_BR\" \/>\n<meta property=\"og:type\" content=\"article\" \/>\n<meta property=\"og:title\" content=\"Minera\u00e7\u00e3o de grande porte e de alto risco voltam a ser inclu\u00eddas dentro do PL de licenciamento ambiental\" \/>\n<meta property=\"og:description\" content=\"Bernardo Gonzaga, da Ag\u00eancia iNFRA O PL 2.159\/2021, do Licenciamento Ambiental, aprovado hoje (20) na Comiss\u00e3o da Agricultura e Reforma Agr\u00e1ria e na Comiss\u00e3o de Meio Ambiente do Senado, determina que empreendimentos de minera\u00e7\u00e3o de grande porte e de alto risco sejam inclu\u00eddos dentro da Lei Geral do Licenciamento Ambiental. O texto foi encaminhado ao [&hellip;]\" \/>\n<meta property=\"og:url\" content=\"https:\/\/agenciainfra.com\/blog\/mineracao-de-grande-porte-e-de-alto-risco-voltam-a-ser-incluidas-dentro-do-pl-de-licenciamento-ambiental\/\" \/>\n<meta property=\"og:site_name\" content=\"Ag\u00eancia iNFRA\" \/>\n<meta property=\"article:publisher\" content=\"https:\/\/www.facebook.com\/ageninfra\" \/>\n<meta property=\"article:published_time\" content=\"2025-05-20T22:17:05+00:00\" \/>\n<meta property=\"article:modified_time\" content=\"2025-05-22T10:22:23+00:00\" \/>\n<meta property=\"og:image\" content=\"https:\/\/agenciainfra.com\/blog\/wp-content\/uploads\/2025\/05\/mineracao-foto-serra-verde.jpg\" \/>\n\t<meta property=\"og:image:width\" content=\"1440\" \/>\n\t<meta property=\"og:image:height\" content=\"960\" \/>\n\t<meta property=\"og:image:type\" content=\"image\/jpeg\" \/>\n<meta name=\"author\" content=\"Ag\u00eancia iNFRA\" \/>\n<meta name=\"twitter:card\" content=\"summary_large_image\" \/>\n<meta name=\"twitter:creator\" content=\"@agencia_infra\" \/>\n<meta name=\"twitter:site\" content=\"@agencia_infra\" \/>\n<meta name=\"twitter:label1\" content=\"Escrito por\" \/>\n\t<meta name=\"twitter:data1\" content=\"Ag\u00eancia iNFRA\" \/>\n\t<meta name=\"twitter:label2\" content=\"Est. tempo de leitura\" \/>\n\t<meta name=\"twitter:data2\" content=\"1 minuto\" \/>\n<script type=\"application\/ld+json\" class=\"yoast-schema-graph\">{\"@context\":\"https:\/\/schema.org\",\"@graph\":[{\"@type\":\"Article\",\"@id\":\"https:\/\/agenciainfra.com\/blog\/mineracao-de-grande-porte-e-de-alto-risco-voltam-a-ser-incluidas-dentro-do-pl-de-licenciamento-ambiental\/#article\",\"isPartOf\":{\"@id\":\"https:\/\/agenciainfra.com\/blog\/mineracao-de-grande-porte-e-de-alto-risco-voltam-a-ser-incluidas-dentro-do-pl-de-licenciamento-ambiental\/\"},\"author\":{\"name\":\"Ag\u00eancia iNFRA\",\"@id\":\"https:\/\/agenciainfra.com\/blog\/#\/schema\/person\/34af08dff6adea4cb22b06612ba7acfa\"},\"headline\":\"Minera\u00e7\u00e3o de grande porte e de alto risco voltam a ser inclu\u00eddas dentro do PL de licenciamento ambiental\",\"datePublished\":\"2025-05-20T22:17:05+00:00\",\"dateModified\":\"2025-05-22T10:22:23+00:00\",\"mainEntityOfPage\":{\"@id\":\"https:\/\/agenciainfra.com\/blog\/mineracao-de-grande-porte-e-de-alto-risco-voltam-a-ser-incluidas-dentro-do-pl-de-licenciamento-ambiental\/\"},\"wordCount\":283,\"publisher\":{\"@id\":\"https:\/\/agenciainfra.com\/blog\/#organization\"},\"image\":{\"@id\":\"https:\/\/agenciainfra.com\/blog\/mineracao-de-grande-porte-e-de-alto-risco-voltam-a-ser-incluidas-dentro-do-pl-de-licenciamento-ambiental\/#primaryimage\"},\"thumbnailUrl\":\"https:\/\/agenciainfra.com\/blog\/wp-content\/uploads\/2025\/05\/mineracao-foto-serra-verde.jpg\",\"keywords\":[\"ANM\",\"barragens\",\"bernardo gonzaga\",\"Licenciamento ambiental\",\"minera\u00e7\u00e3o\",\"minera\u00e7\u00e3o de alto risco\",\"minera\u00e7\u00e3o de grande porte\"],\"articleSection\":[\"Geral\",\"Minera\u00e7\u00e3o\"],\"inLanguage\":\"pt-BR\",\"copyrightYear\":\"2025\",\"copyrightHolder\":{\"@id\":\"https:\/\/agenciainfra.com\/blog\/#organization\"}},{\"@type\":\"WebPage\",\"@id\":\"https:\/\/agenciainfra.com\/blog\/mineracao-de-grande-porte-e-de-alto-risco-voltam-a-ser-incluidas-dentro-do-pl-de-licenciamento-ambiental\/\",\"url\":\"https:\/\/agenciainfra.com\/blog\/mineracao-de-grande-porte-e-de-alto-risco-voltam-a-ser-incluidas-dentro-do-pl-de-licenciamento-ambiental\/\",\"name\":\"Minera\u00e7\u00e3o de grande porte e de alto risco voltam a ser inclu\u00eddas dentro do PL de licenciamento ambiental - Ag\u00eancia iNFRA\",\"isPartOf\":{\"@id\":\"https:\/\/agenciainfra.com\/blog\/#website\"},\"primaryImageOfPage\":{\"@id\":\"https:\/\/agenciainfra.com\/blog\/mineracao-de-grande-porte-e-de-alto-risco-voltam-a-ser-incluidas-dentro-do-pl-de-licenciamento-ambiental\/#primaryimage\"},\"image\":{\"@id\":\"https:\/\/agenciainfra.com\/blog\/mineracao-de-grande-porte-e-de-alto-risco-voltam-a-ser-incluidas-dentro-do-pl-de-licenciamento-ambiental\/#primaryimage\"},\"thumbnailUrl\":\"https:\/\/agenciainfra.com\/blog\/wp-content\/uploads\/2025\/05\/mineracao-foto-serra-verde.jpg\",\"datePublished\":\"2025-05-20T22:17:05+00:00\",\"dateModified\":\"2025-05-22T10:22:23+00:00\",\"breadcrumb\":{\"@id\":\"https:\/\/agenciainfra.com\/blog\/mineracao-de-grande-porte-e-de-alto-risco-voltam-a-ser-incluidas-dentro-do-pl-de-licenciamento-ambiental\/#breadcrumb\"},\"inLanguage\":\"pt-BR\",\"potentialAction\":[{\"@type\":\"ReadAction\",\"target\":[\"https:\/\/agenciainfra.com\/blog\/mineracao-de-grande-porte-e-de-alto-risco-voltam-a-ser-incluidas-dentro-do-pl-de-licenciamento-ambiental\/\"]}]},{\"@type\":\"ImageObject\",\"inLanguage\":\"pt-BR\",\"@id\":\"https:\/\/agenciainfra.com\/blog\/mineracao-de-grande-porte-e-de-alto-risco-voltam-a-ser-incluidas-dentro-do-pl-de-licenciamento-ambiental\/#primaryimage\",\"url\":\"https:\/\/agenciainfra.com\/blog\/wp-content\/uploads\/2025\/05\/mineracao-foto-serra-verde.jpg\",\"contentUrl\":\"https:\/\/agenciainfra.com\/blog\/wp-content\/uploads\/2025\/05\/mineracao-foto-serra-verde.jpg\",\"width\":1440,\"height\":960,\"caption\":\"Foto: Minera\u00e7\u00e3o Serra Verde\"},{\"@type\":\"BreadcrumbList\",\"@id\":\"https:\/\/agenciainfra.com\/blog\/mineracao-de-grande-porte-e-de-alto-risco-voltam-a-ser-incluidas-dentro-do-pl-de-licenciamento-ambiental\/#breadcrumb\",\"itemListElement\":[{\"@type\":\"ListItem\",\"position\":1,\"name\":\"In\u00edcio\",\"item\":\"https:\/\/agenciainfra.com\/blog\/\"},{\"@type\":\"ListItem\",\"position\":2,\"name\":\"Minera\u00e7\u00e3o de grande porte e de alto risco voltam a ser inclu\u00eddas dentro do PL de licenciamento ambiental\"}]},{\"@type\":\"WebSite\",\"@id\":\"https:\/\/agenciainfra.com\/blog\/#website\",\"url\":\"https:\/\/agenciainfra.com\/blog\/\",\"name\":\"Ag\u00eancia iNFRA\",\"description\":\"Multiplataforma de informa\u00e7\u00e3o jornal\u00edstica refer\u00eancia na \u00e1rea de infraestrutura no Brasil!\",\"publisher\":{\"@id\":\"https:\/\/agenciainfra.com\/blog\/#organization\"},\"potentialAction\":[{\"@type\":\"SearchAction\",\"target\":{\"@type\":\"EntryPoint\",\"urlTemplate\":\"https:\/\/agenciainfra.com\/blog\/?s={search_term_string}\"},\"query-input\":{\"@type\":\"PropertyValueSpecification\",\"valueRequired\":true,\"valueName\":\"search_term_string\"}}],\"inLanguage\":\"pt-BR\"},{\"@type\":\"Organization\",\"@id\":\"https:\/\/agenciainfra.com\/blog\/#organization\",\"name\":\"Ag\u00eancia iNFRA\",\"url\":\"https:\/\/agenciainfra.com\/blog\/\",\"logo\":{\"@type\":\"ImageObject\",\"inLanguage\":\"pt-BR\",\"@id\":\"https:\/\/agenciainfra.com\/blog\/#\/schema\/logo\/image\/\",\"url\":\"https:\/\/agenciainfra.com\/blog\/wp-content\/uploads\/2023\/09\/iNFRA_5-e1761735885940.png\",\"contentUrl\":\"https:\/\/agenciainfra.com\/blog\/wp-content\/uploads\/2023\/09\/iNFRA_5-e1761735885940.png\",\"width\":1672,\"height\":454,\"caption\":\"Ag\u00eancia iNFRA\"},\"image\":{\"@id\":\"https:\/\/agenciainfra.com\/blog\/#\/schema\/logo\/image\/\"},\"sameAs\":[\"https:\/\/www.facebook.com\/ageninfra\",\"https:\/\/x.com\/agencia_infra\",\"https:\/\/www.linkedin.com\/company\/ag\u00eanciainfra\/\",\"https:\/\/www.instagram.com\/agenciainfra\/\"]},{\"@type\":\"Person\",\"@id\":\"https:\/\/agenciainfra.com\/blog\/#\/schema\/person\/34af08dff6adea4cb22b06612ba7acfa\",\"name\":\"Ag\u00eancia iNFRA\",\"image\":{\"@type\":\"ImageObject\",\"inLanguage\":\"pt-BR\",\"@id\":\"https:\/\/agenciainfra.com\/blog\/#\/schema\/person\/image\/\",\"url\":\"https:\/\/secure.gravatar.com\/avatar\/d189e01678f06d8eb84d4e01f08eb848b3fffe3f8443818d3c356c66892f5be8?s=96&d=mm&r=g\",\"contentUrl\":\"https:\/\/secure.gravatar.com\/avatar\/d189e01678f06d8eb84d4e01f08eb848b3fffe3f8443818d3c356c66892f5be8?s=96&d=mm&r=g\",\"caption\":\"Ag\u00eancia iNFRA\"},\"url\":\"https:\/\/agenciainfra.com\/blog\/author\/admin\/\"}]}<\/script>\n<!-- \/ Yoast SEO Premium plugin. -->","yoast_head_json":{"title":"Minera\u00e7\u00e3o de grande porte e de alto risco voltam a ser inclu\u00eddas dentro do PL de licenciamento ambiental - Ag\u00eancia iNFRA","robots":{"index":"index","follow":"follow","max-snippet":"max-snippet:-1","max-image-preview":"max-image-preview:large","max-video-preview":"max-video-preview:-1"},"canonical":"https:\/\/agenciainfra.com\/blog\/mineracao-de-grande-porte-e-de-alto-risco-voltam-a-ser-incluidas-dentro-do-pl-de-licenciamento-ambiental\/","og_locale":"pt_BR","og_type":"article","og_title":"Minera\u00e7\u00e3o de grande porte e de alto risco voltam a ser inclu\u00eddas dentro do PL de licenciamento ambiental","og_description":"Bernardo Gonzaga, da Ag\u00eancia iNFRA O PL 2.159\/2021, do Licenciamento Ambiental, aprovado hoje (20) na Comiss\u00e3o da Agricultura e Reforma Agr\u00e1ria e na Comiss\u00e3o de Meio Ambiente do Senado, determina que empreendimentos de minera\u00e7\u00e3o de grande porte e de alto risco sejam inclu\u00eddos dentro da Lei Geral do Licenciamento Ambiental. O texto foi encaminhado ao [&hellip;]","og_url":"https:\/\/agenciainfra.com\/blog\/mineracao-de-grande-porte-e-de-alto-risco-voltam-a-ser-incluidas-dentro-do-pl-de-licenciamento-ambiental\/","og_site_name":"Ag\u00eancia iNFRA","article_publisher":"https:\/\/www.facebook.com\/ageninfra","article_published_time":"2025-05-20T22:17:05+00:00","article_modified_time":"2025-05-22T10:22:23+00:00","og_image":[{"width":1440,"height":960,"url":"https:\/\/agenciainfra.com\/blog\/wp-content\/uploads\/2025\/05\/mineracao-foto-serra-verde.jpg","type":"image\/jpeg"}],"author":"Ag\u00eancia iNFRA","twitter_card":"summary_large_image","twitter_creator":"@agencia_infra","twitter_site":"@agencia_infra","twitter_misc":{"Escrito por":"Ag\u00eancia iNFRA","Est. tempo de leitura":"1 minuto"},"schema":{"@context":"https:\/\/schema.org","@graph":[{"@type":"Article","@id":"https:\/\/agenciainfra.com\/blog\/mineracao-de-grande-porte-e-de-alto-risco-voltam-a-ser-incluidas-dentro-do-pl-de-licenciamento-ambiental\/#article","isPartOf":{"@id":"https:\/\/agenciainfra.com\/blog\/mineracao-de-grande-porte-e-de-alto-risco-voltam-a-ser-incluidas-dentro-do-pl-de-licenciamento-ambiental\/"},"author":{"name":"Ag\u00eancia iNFRA","@id":"https:\/\/agenciainfra.com\/blog\/#\/schema\/person\/34af08dff6adea4cb22b06612ba7acfa"},"headline":"Minera\u00e7\u00e3o de grande porte e de alto risco voltam a ser inclu\u00eddas dentro do PL de licenciamento ambiental","datePublished":"2025-05-20T22:17:05+00:00","dateModified":"2025-05-22T10:22:23+00:00","mainEntityOfPage":{"@id":"https:\/\/agenciainfra.com\/blog\/mineracao-de-grande-porte-e-de-alto-risco-voltam-a-ser-incluidas-dentro-do-pl-de-licenciamento-ambiental\/"},"wordCount":283,"publisher":{"@id":"https:\/\/agenciainfra.com\/blog\/#organization"},"image":{"@id":"https:\/\/agenciainfra.com\/blog\/mineracao-de-grande-porte-e-de-alto-risco-voltam-a-ser-incluidas-dentro-do-pl-de-licenciamento-ambiental\/#primaryimage"},"thumbnailUrl":"https:\/\/agenciainfra.com\/blog\/wp-content\/uploads\/2025\/05\/mineracao-foto-serra-verde.jpg","keywords":["ANM","barragens","bernardo gonzaga","Licenciamento ambiental","minera\u00e7\u00e3o","minera\u00e7\u00e3o de alto risco","minera\u00e7\u00e3o de grande porte"],"articleSection":["Geral","Minera\u00e7\u00e3o"],"inLanguage":"pt-BR","copyrightYear":"2025","copyrightHolder":{"@id":"https:\/\/agenciainfra.com\/blog\/#organization"}},{"@type":"WebPage","@id":"https:\/\/agenciainfra.com\/blog\/mineracao-de-grande-porte-e-de-alto-risco-voltam-a-ser-incluidas-dentro-do-pl-de-licenciamento-ambiental\/","url":"https:\/\/agenciainfra.com\/blog\/mineracao-de-grande-porte-e-de-alto-risco-voltam-a-ser-incluidas-dentro-do-pl-de-licenciamento-ambiental\/","name":"Minera\u00e7\u00e3o de grande porte e de alto risco voltam a ser inclu\u00eddas dentro do PL de licenciamento ambiental - Ag\u00eancia iNFRA","isPartOf":{"@id":"https:\/\/agenciainfra.com\/blog\/#website"},"primaryImageOfPage":{"@id":"https:\/\/agenciainfra.com\/blog\/mineracao-de-grande-porte-e-de-alto-risco-voltam-a-ser-incluidas-dentro-do-pl-de-licenciamento-ambiental\/#primaryimage"},"image":{"@id":"https:\/\/agenciainfra.com\/blog\/mineracao-de-grande-porte-e-de-alto-risco-voltam-a-ser-incluidas-dentro-do-pl-de-licenciamento-ambiental\/#primaryimage"},"thumbnailUrl":"https:\/\/agenciainfra.com\/blog\/wp-content\/uploads\/2025\/05\/mineracao-foto-serra-verde.jpg","datePublished":"2025-05-20T22:17:05+00:00","dateModified":"2025-05-22T10:22:23+00:00","breadcrumb":{"@id":"https:\/\/agenciainfra.com\/blog\/mineracao-de-grande-porte-e-de-alto-risco-voltam-a-ser-incluidas-dentro-do-pl-de-licenciamento-ambiental\/#breadcrumb"},"inLanguage":"pt-BR","potentialAction":[{"@type":"ReadAction","target":["https:\/\/agenciainfra.com\/blog\/mineracao-de-grande-porte-e-de-alto-risco-voltam-a-ser-incluidas-dentro-do-pl-de-licenciamento-ambiental\/"]}]},{"@type":"ImageObject","inLanguage":"pt-BR","@id":"https:\/\/agenciainfra.com\/blog\/mineracao-de-grande-porte-e-de-alto-risco-voltam-a-ser-incluidas-dentro-do-pl-de-licenciamento-ambiental\/#primaryimage","url":"https:\/\/agenciainfra.com\/blog\/wp-content\/uploads\/2025\/05\/mineracao-foto-serra-verde.jpg","contentUrl":"https:\/\/agenciainfra.com\/blog\/wp-content\/uploads\/2025\/05\/mineracao-foto-serra-verde.jpg","width":1440,"height":960,"caption":"Foto: Minera\u00e7\u00e3o Serra Verde"},{"@type":"BreadcrumbList","@id":"https:\/\/agenciainfra.com\/blog\/mineracao-de-grande-porte-e-de-alto-risco-voltam-a-ser-incluidas-dentro-do-pl-de-licenciamento-ambiental\/#breadcrumb","itemListElement":[{"@type":"ListItem","position":1,"name":"In\u00edcio","item":"https:\/\/agenciainfra.com\/blog\/"},{"@type":"ListItem","position":2,"name":"Minera\u00e7\u00e3o de grande porte e de alto risco voltam a ser inclu\u00eddas dentro do PL de licenciamento ambiental"}]},{"@type":"WebSite","@id":"https:\/\/agenciainfra.com\/blog\/#website","url":"https:\/\/agenciainfra.com\/blog\/","name":"Ag\u00eancia iNFRA","description":"Multiplataforma de informa\u00e7\u00e3o jornal\u00edstica refer\u00eancia na \u00e1rea de infraestrutura no Brasil!","publisher":{"@id":"https:\/\/agenciainfra.com\/blog\/#organization"},"potentialAction":[{"@type":"SearchAction","target":{"@type":"EntryPoint","urlTemplate":"https:\/\/agenciainfra.com\/blog\/?s={search_term_string}"},"query-input":{"@type":"PropertyValueSpecification","valueRequired":true,"valueName":"search_term_string"}}],"inLanguage":"pt-BR"},{"@type":"Organization","@id":"https:\/\/agenciainfra.com\/blog\/#organization","name":"Ag\u00eancia iNFRA","url":"https:\/\/agenciainfra.com\/blog\/","logo":{"@type":"ImageObject","inLanguage":"pt-BR","@id":"https:\/\/agenciainfra.com\/blog\/#\/schema\/logo\/image\/","url":"https:\/\/agenciainfra.com\/blog\/wp-content\/uploads\/2023\/09\/iNFRA_5-e1761735885940.png","contentUrl":"https:\/\/agenciainfra.com\/blog\/wp-content\/uploads\/2023\/09\/iNFRA_5-e1761735885940.png","width":1672,"height":454,"caption":"Ag\u00eancia iNFRA"},"image":{"@id":"https:\/\/agenciainfra.com\/blog\/#\/schema\/logo\/image\/"},"sameAs":["https:\/\/www.facebook.com\/ageninfra","https:\/\/x.com\/agencia_infra","https:\/\/www.linkedin.com\/company\/ag\u00eanciainfra\/","https:\/\/www.instagram.com\/agenciainfra\/"]},{"@type":"Person","@id":"https:\/\/agenciainfra.com\/blog\/#\/schema\/person\/34af08dff6adea4cb22b06612ba7acfa","name":"Ag\u00eancia iNFRA","image":{"@type":"ImageObject","inLanguage":"pt-BR","@id":"https:\/\/agenciainfra.com\/blog\/#\/schema\/person\/image\/","url":"https:\/\/secure.gravatar.com\/avatar\/d189e01678f06d8eb84d4e01f08eb848b3fffe3f8443818d3c356c66892f5be8?s=96&d=mm&r=g","contentUrl":"https:\/\/secure.gravatar.com\/avatar\/d189e01678f06d8eb84d4e01f08eb848b3fffe3f8443818d3c356c66892f5be8?s=96&d=mm&r=g","caption":"Ag\u00eancia iNFRA"},"url":"https:\/\/agenciainfra.com\/blog\/author\/admin\/"}]}},"_links":{"self":[{"href":"https:\/\/agenciainfra.com\/blog\/wp-json\/wp\/v2\/posts\/21917","targetHints":{"allow":["GET"]}}],"collection":[{"href":"https:\/\/agenciainfra.com\/blog\/wp-json\/wp\/v2\/posts"}],"about":[{"href":"https:\/\/agenciainfra.com\/blog\/wp-json\/wp\/v2\/types\/post"}],"author":[{"embeddable":true,"href":"https:\/\/agenciainfra.com\/blog\/wp-json\/wp\/v2\/users\/1"}],"replies":[{"embeddable":true,"href":"https:\/\/agenciainfra.com\/blog\/wp-json\/wp\/v2\/comments?post=21917"}],"version-history":[{"count":2,"href":"https:\/\/agenciainfra.com\/blog\/wp-json\/wp\/v2\/posts\/21917\/revisions"}],"predecessor-version":[{"id":21920,"href":"https:\/\/agenciainfra.com\/blog\/wp-json\/wp\/v2\/posts\/21917\/revisions\/21920"}],"wp:featuredmedia":[{"embeddable":true,"href":"https:\/\/agenciainfra.com\/blog\/wp-json\/wp\/v2\/media\/21827"}],"wp:attachment":[{"href":"https:\/\/agenciainfra.com\/blog\/wp-json\/wp\/v2\/media?parent=21917"}],"wp:term":[{"taxonomy":"category","embeddable":true,"href":"https:\/\/agenciainfra.com\/blog\/wp-json\/wp\/v2\/categories?post=21917"},{"taxonomy":"post_tag","embeddable":true,"href":"https:\/\/agenciainfra.com\/blog\/wp-json\/wp\/v2\/tags?post=21917"}],"curies":[{"name":"wp","href":"https:\/\/api.w.org\/{rel}","templated":true}]}}