{"id":21924,"date":"2025-05-21T08:00:00","date_gmt":"2025-05-21T11:00:00","guid":{"rendered":"https:\/\/agenciainfra.com\/blog\/?p=21924"},"modified":"2025-05-22T11:34:22","modified_gmt":"2025-05-22T14:34:22","slug":"senado-aprova-pl-que-destina-r-2-bi-de-pdi-das-petroleiras-igualmente-as-cinco-regioes","status":"publish","type":"post","link":"https:\/\/agenciainfra.com\/blog\/senado-aprova-pl-que-destina-r-2-bi-de-pdi-das-petroleiras-igualmente-as-cinco-regioes\/","title":{"rendered":"Senado aprova PL que destina R$ 2 bi de PD&amp;I das petroleiras igualmente \u00e0s cinco regi\u00f5es"},"content":{"rendered":"\n<p class=\"has-text-align-right\"><strong>Gabriel Vasconcelos, da Ag\u00eancia iNFRA<\/strong><\/p>\n\n\n\n<p>O Senado aprovou nesta ter\u00e7a-feira (20), em vota\u00e7\u00e3o simb\u00f3lica, o&nbsp;<a href=\"https:\/\/agenciainfra.us14.list-manage.com\/track\/click?u=d460dd1bcf9ba0ae040e1fc0f&amp;id=11dec40ba7&amp;e=1192c754bc\" target=\"_blank\" rel=\"noreferrer noopener\">PL (Projeto de Lei) 5.066\/2020<\/a>, alterando as regras de distribui\u00e7\u00e3o dos recursos que empresas produtoras de \u00f3leo e g\u00e1s s\u00e3o obrigadas a destinar a PD&amp;I (Pesquisa, Desenvolvimento e Inova\u00e7\u00e3o). O PL determina que metade do valor total, em torno de R$ 2 bilh\u00f5es, ser\u00e1 destinada igualmente \u00e0s cinco regi\u00f5es do pa\u00eds, para ser aplicada em projetos com universidades e centros de pesquisa.<br><br>O texto segue para a C\u00e2mara dos Deputados. No formato atual, a nova distribui\u00e7\u00e3o s\u00f3 passa a valer cinco anos ap\u00f3s a promulga\u00e7\u00e3o da lei, o que foi visto por fontes como um alento \u00e0s grandes petroleiras e fornecedores da ind\u00fastria \u2013 ambos os setores se opunham ao trecho.<br><br>Segundo interlocutores disseram \u00e0&nbsp;<strong>Ag\u00eancia iNFRA<\/strong>, a Petrobras liderava a resist\u00eancia ao texto porque os seus recursos de pesquisa e inova\u00e7\u00e3o s\u00e3o destinados, em sua maioria, ao Cenpes (Centro de Pesquisas e Desenvolvimento Leopoldo Am\u00e9rico Miguez de Mello). A estatal n\u00e3o teria, portanto, interesse em regionalizar a aplica\u00e7\u00e3o dos recursos.<br><br>O texto aprovado tamb\u00e9m esvazia o trecho que destinava 5% do montante \u00e0 explora\u00e7\u00e3o de bacias sedimentares em terra. Essa destina\u00e7\u00e3o se tornou prerrogativa do governo a ser aplicada por meio de ato do Poder Executivo. Esse trecho foi&nbsp;<a href=\"https:\/\/agenciainfra.us14.list-manage.com\/track\/click?u=d460dd1bcf9ba0ae040e1fc0f&amp;id=c42f58dc9a&amp;e=1192c754bc\" target=\"_blank\" rel=\"noreferrer noopener\">ponto de discord\u00e2ncia<\/a>&nbsp;entre grandes petroleiras (mais focadas na explora\u00e7\u00e3o mar\u00edtima) e companhias independentes (com mais ativos em bacias terrestres).<br><br>O valor da chamada cl\u00e1usula de PD&amp;I da ANP (Ag\u00eancia Nacional do Petr\u00f3leo, G\u00e1s Natural e Biocombust\u00edveis) perfaz 1% da receita bruta dessas empresas, o que hoje soma cerca de R$ 4 bilh\u00f5es por ano. Com isso, cerca de R$ 2 bilh\u00f5es ser\u00e3o repartidos igualmente pelas regi\u00f5es, com cada uma tocando algo pr\u00f3ximo a R$ 400 milh\u00f5es anuais. O objetivo \u00e9 pulverizar investimentos dessa natureza, hoje muito concentrados no Sudeste.<\/p>\n","protected":false},"excerpt":{"rendered":"<p>Gabriel Vasconcelos, da Ag\u00eancia iNFRA O Senado aprovou nesta ter\u00e7a-feira (20), em vota\u00e7\u00e3o simb\u00f3lica, o&nbsp;PL (Projeto de Lei) 5.066\/2020, alterando as regras de distribui\u00e7\u00e3o dos recursos que empresas produtoras de \u00f3leo e g\u00e1s s\u00e3o obrigadas a destinar a PD&amp;I (Pesquisa, Desenvolvimento e Inova\u00e7\u00e3o). O PL determina que metade do valor total, em torno de R$ [&hellip;]<\/p>\n","protected":false},"author":1,"featured_media":21925,"comment_status":"closed","ping_status":"closed","sticky":false,"template":"","format":"standard","meta":{"_monsterinsights_skip_tracking":false,"_monsterinsights_sitenote_active":false,"_monsterinsights_sitenote_note":"","_monsterinsights_sitenote_category":0,"footnotes":""},"categories":[7250,1,13271],"tags":[13436,13339,3191,13435,13437,5848,13360,4354],"class_list":["post-21924","post","type-post","status-publish","format-standard","has-post-thumbnail","hentry","category-destaque-lista","category-geral","category-oleo-gas","tag-estudos-sobre-petroleo","tag-exploracao-de-petroleo","tag-oleo-e-gas","tag-pdi","tag-pesquisa-e-desenvolvimento","tag-petroleiras","tag-pl-5-066-2020","tag-senado-federal"],"yoast_head":"<!-- This site is optimized with the Yoast SEO Premium plugin v25.4 (Yoast SEO v26.0) - https:\/\/yoast.com\/wordpress\/plugins\/seo\/ -->\n<title>Senado aprova PL que destina R$ 2 bi de PD&amp;I das petroleiras igualmente \u00e0s cinco regi\u00f5es - Ag\u00eancia iNFRA<\/title>\n<meta name=\"robots\" content=\"index, follow, max-snippet:-1, max-image-preview:large, max-video-preview:-1\" \/>\n<link rel=\"canonical\" href=\"https:\/\/agenciainfra.com\/blog\/senado-aprova-pl-que-destina-r-2-bi-de-pdi-das-petroleiras-igualmente-as-cinco-regioes\/\" \/>\n<meta property=\"og:locale\" content=\"pt_BR\" \/>\n<meta property=\"og:type\" content=\"article\" \/>\n<meta property=\"og:title\" content=\"Senado aprova PL que destina R$ 2 bi de PD&amp;I das petroleiras igualmente \u00e0s cinco regi\u00f5es\" \/>\n<meta property=\"og:description\" content=\"Gabriel Vasconcelos, da Ag\u00eancia iNFRA O Senado aprovou nesta ter\u00e7a-feira (20), em vota\u00e7\u00e3o simb\u00f3lica, o&nbsp;PL (Projeto de Lei) 5.066\/2020, alterando as regras de distribui\u00e7\u00e3o dos recursos que empresas produtoras de \u00f3leo e g\u00e1s s\u00e3o obrigadas a destinar a PD&amp;I (Pesquisa, Desenvolvimento e Inova\u00e7\u00e3o). O PL determina que metade do valor total, em torno de R$ [&hellip;]\" \/>\n<meta property=\"og:url\" content=\"https:\/\/agenciainfra.com\/blog\/senado-aprova-pl-que-destina-r-2-bi-de-pdi-das-petroleiras-igualmente-as-cinco-regioes\/\" \/>\n<meta property=\"og:site_name\" content=\"Ag\u00eancia iNFRA\" \/>\n<meta property=\"article:publisher\" content=\"https:\/\/www.facebook.com\/ageninfra\" \/>\n<meta property=\"article:published_time\" content=\"2025-05-21T11:00:00+00:00\" \/>\n<meta property=\"article:modified_time\" content=\"2025-05-22T14:34:22+00:00\" \/>\n<meta property=\"og:image\" content=\"https:\/\/agenciainfra.com\/blog\/wp-content\/uploads\/2025\/05\/senado-foto-jonas-pereira-agencia_senado-1-e1747823279775.jpg\" \/>\n\t<meta property=\"og:image:width\" content=\"1280\" \/>\n\t<meta property=\"og:image:height\" content=\"723\" \/>\n\t<meta property=\"og:image:type\" content=\"image\/jpeg\" \/>\n<meta name=\"author\" content=\"Ag\u00eancia iNFRA\" \/>\n<meta name=\"twitter:card\" content=\"summary_large_image\" \/>\n<meta name=\"twitter:creator\" content=\"@agencia_infra\" \/>\n<meta name=\"twitter:site\" content=\"@agencia_infra\" \/>\n<meta name=\"twitter:label1\" content=\"Escrito por\" \/>\n\t<meta name=\"twitter:data1\" content=\"Ag\u00eancia iNFRA\" \/>\n\t<meta name=\"twitter:label2\" content=\"Est. tempo de leitura\" \/>\n\t<meta name=\"twitter:data2\" content=\"2 minutos\" \/>\n<script type=\"application\/ld+json\" class=\"yoast-schema-graph\">{\"@context\":\"https:\/\/schema.org\",\"@graph\":[{\"@type\":\"Article\",\"@id\":\"https:\/\/agenciainfra.com\/blog\/senado-aprova-pl-que-destina-r-2-bi-de-pdi-das-petroleiras-igualmente-as-cinco-regioes\/#article\",\"isPartOf\":{\"@id\":\"https:\/\/agenciainfra.com\/blog\/senado-aprova-pl-que-destina-r-2-bi-de-pdi-das-petroleiras-igualmente-as-cinco-regioes\/\"},\"author\":{\"name\":\"Ag\u00eancia iNFRA\",\"@id\":\"https:\/\/agenciainfra.com\/blog\/#\/schema\/person\/34af08dff6adea4cb22b06612ba7acfa\"},\"headline\":\"Senado aprova PL que destina R$ 2 bi de PD&amp;I das petroleiras igualmente \u00e0s cinco regi\u00f5es\",\"datePublished\":\"2025-05-21T11:00:00+00:00\",\"dateModified\":\"2025-05-22T14:34:22+00:00\",\"mainEntityOfPage\":{\"@id\":\"https:\/\/agenciainfra.com\/blog\/senado-aprova-pl-que-destina-r-2-bi-de-pdi-das-petroleiras-igualmente-as-cinco-regioes\/\"},\"wordCount\":359,\"publisher\":{\"@id\":\"https:\/\/agenciainfra.com\/blog\/#organization\"},\"image\":{\"@id\":\"https:\/\/agenciainfra.com\/blog\/senado-aprova-pl-que-destina-r-2-bi-de-pdi-das-petroleiras-igualmente-as-cinco-regioes\/#primaryimage\"},\"thumbnailUrl\":\"https:\/\/agenciainfra.com\/blog\/wp-content\/uploads\/2025\/05\/senado-foto-jonas-pereira-agencia_senado-1-e1747823279775.jpg\",\"keywords\":[\"estudos sobre petr\u00f3leo\",\"explora\u00e7\u00e3o de petr\u00f3leo\",\"\u00f3leo e g\u00e1s\",\"PD&amp;I\",\"pesquisa e desenvolvimento\",\"petroleiras\",\"pl 5.066\/2020\",\"Senado Federal\"],\"articleSection\":[\"Destaque lista\",\"Geral\",\"\u00d3leo &amp; G\u00e1s\"],\"inLanguage\":\"pt-BR\",\"copyrightYear\":\"2025\",\"copyrightHolder\":{\"@id\":\"https:\/\/agenciainfra.com\/blog\/#organization\"}},{\"@type\":\"WebPage\",\"@id\":\"https:\/\/agenciainfra.com\/blog\/senado-aprova-pl-que-destina-r-2-bi-de-pdi-das-petroleiras-igualmente-as-cinco-regioes\/\",\"url\":\"https:\/\/agenciainfra.com\/blog\/senado-aprova-pl-que-destina-r-2-bi-de-pdi-das-petroleiras-igualmente-as-cinco-regioes\/\",\"name\":\"Senado aprova PL que destina R$ 2 bi de PD&amp;I das petroleiras igualmente \u00e0s cinco regi\u00f5es - Ag\u00eancia iNFRA\",\"isPartOf\":{\"@id\":\"https:\/\/agenciainfra.com\/blog\/#website\"},\"primaryImageOfPage\":{\"@id\":\"https:\/\/agenciainfra.com\/blog\/senado-aprova-pl-que-destina-r-2-bi-de-pdi-das-petroleiras-igualmente-as-cinco-regioes\/#primaryimage\"},\"image\":{\"@id\":\"https:\/\/agenciainfra.com\/blog\/senado-aprova-pl-que-destina-r-2-bi-de-pdi-das-petroleiras-igualmente-as-cinco-regioes\/#primaryimage\"},\"thumbnailUrl\":\"https:\/\/agenciainfra.com\/blog\/wp-content\/uploads\/2025\/05\/senado-foto-jonas-pereira-agencia_senado-1-e1747823279775.jpg\",\"datePublished\":\"2025-05-21T11:00:00+00:00\",\"dateModified\":\"2025-05-22T14:34:22+00:00\",\"breadcrumb\":{\"@id\":\"https:\/\/agenciainfra.com\/blog\/senado-aprova-pl-que-destina-r-2-bi-de-pdi-das-petroleiras-igualmente-as-cinco-regioes\/#breadcrumb\"},\"inLanguage\":\"pt-BR\",\"potentialAction\":[{\"@type\":\"ReadAction\",\"target\":[\"https:\/\/agenciainfra.com\/blog\/senado-aprova-pl-que-destina-r-2-bi-de-pdi-das-petroleiras-igualmente-as-cinco-regioes\/\"]}]},{\"@type\":\"ImageObject\",\"inLanguage\":\"pt-BR\",\"@id\":\"https:\/\/agenciainfra.com\/blog\/senado-aprova-pl-que-destina-r-2-bi-de-pdi-das-petroleiras-igualmente-as-cinco-regioes\/#primaryimage\",\"url\":\"https:\/\/agenciainfra.com\/blog\/wp-content\/uploads\/2025\/05\/senado-foto-jonas-pereira-agencia_senado-1-e1747823279775.jpg\",\"contentUrl\":\"https:\/\/agenciainfra.com\/blog\/wp-content\/uploads\/2025\/05\/senado-foto-jonas-pereira-agencia_senado-1-e1747823279775.jpg\",\"width\":1280,\"height\":723},{\"@type\":\"BreadcrumbList\",\"@id\":\"https:\/\/agenciainfra.com\/blog\/senado-aprova-pl-que-destina-r-2-bi-de-pdi-das-petroleiras-igualmente-as-cinco-regioes\/#breadcrumb\",\"itemListElement\":[{\"@type\":\"ListItem\",\"position\":1,\"name\":\"In\u00edcio\",\"item\":\"https:\/\/agenciainfra.com\/blog\/\"},{\"@type\":\"ListItem\",\"position\":2,\"name\":\"Senado aprova PL que destina R$ 2 bi de PD&amp;I das petroleiras igualmente \u00e0s cinco regi\u00f5es\"}]},{\"@type\":\"WebSite\",\"@id\":\"https:\/\/agenciainfra.com\/blog\/#website\",\"url\":\"https:\/\/agenciainfra.com\/blog\/\",\"name\":\"Ag\u00eancia iNFRA\",\"description\":\"Multiplataforma de informa\u00e7\u00e3o jornal\u00edstica refer\u00eancia na \u00e1rea de infraestrutura no Brasil!\",\"publisher\":{\"@id\":\"https:\/\/agenciainfra.com\/blog\/#organization\"},\"potentialAction\":[{\"@type\":\"SearchAction\",\"target\":{\"@type\":\"EntryPoint\",\"urlTemplate\":\"https:\/\/agenciainfra.com\/blog\/?s={search_term_string}\"},\"query-input\":{\"@type\":\"PropertyValueSpecification\",\"valueRequired\":true,\"valueName\":\"search_term_string\"}}],\"inLanguage\":\"pt-BR\"},{\"@type\":\"Organization\",\"@id\":\"https:\/\/agenciainfra.com\/blog\/#organization\",\"name\":\"Ag\u00eancia iNFRA\",\"url\":\"https:\/\/agenciainfra.com\/blog\/\",\"logo\":{\"@type\":\"ImageObject\",\"inLanguage\":\"pt-BR\",\"@id\":\"https:\/\/agenciainfra.com\/blog\/#\/schema\/logo\/image\/\",\"url\":\"https:\/\/agenciainfra.com\/blog\/wp-content\/uploads\/2023\/09\/iNFRA_5-e1761735885940.png\",\"contentUrl\":\"https:\/\/agenciainfra.com\/blog\/wp-content\/uploads\/2023\/09\/iNFRA_5-e1761735885940.png\",\"width\":1672,\"height\":454,\"caption\":\"Ag\u00eancia iNFRA\"},\"image\":{\"@id\":\"https:\/\/agenciainfra.com\/blog\/#\/schema\/logo\/image\/\"},\"sameAs\":[\"https:\/\/www.facebook.com\/ageninfra\",\"https:\/\/x.com\/agencia_infra\",\"https:\/\/www.linkedin.com\/company\/ag\u00eanciainfra\/\",\"https:\/\/www.instagram.com\/agenciainfra\/\"]},{\"@type\":\"Person\",\"@id\":\"https:\/\/agenciainfra.com\/blog\/#\/schema\/person\/34af08dff6adea4cb22b06612ba7acfa\",\"name\":\"Ag\u00eancia iNFRA\",\"image\":{\"@type\":\"ImageObject\",\"inLanguage\":\"pt-BR\",\"@id\":\"https:\/\/agenciainfra.com\/blog\/#\/schema\/person\/image\/\",\"url\":\"https:\/\/secure.gravatar.com\/avatar\/d189e01678f06d8eb84d4e01f08eb848b3fffe3f8443818d3c356c66892f5be8?s=96&d=mm&r=g\",\"contentUrl\":\"https:\/\/secure.gravatar.com\/avatar\/d189e01678f06d8eb84d4e01f08eb848b3fffe3f8443818d3c356c66892f5be8?s=96&d=mm&r=g\",\"caption\":\"Ag\u00eancia iNFRA\"},\"url\":\"https:\/\/agenciainfra.com\/blog\/author\/admin\/\"}]}<\/script>\n<!-- \/ Yoast SEO Premium plugin. -->","yoast_head_json":{"title":"Senado aprova PL que destina R$ 2 bi de PD&amp;I das petroleiras igualmente \u00e0s cinco regi\u00f5es - Ag\u00eancia iNFRA","robots":{"index":"index","follow":"follow","max-snippet":"max-snippet:-1","max-image-preview":"max-image-preview:large","max-video-preview":"max-video-preview:-1"},"canonical":"https:\/\/agenciainfra.com\/blog\/senado-aprova-pl-que-destina-r-2-bi-de-pdi-das-petroleiras-igualmente-as-cinco-regioes\/","og_locale":"pt_BR","og_type":"article","og_title":"Senado aprova PL que destina R$ 2 bi de PD&amp;I das petroleiras igualmente \u00e0s cinco regi\u00f5es","og_description":"Gabriel Vasconcelos, da Ag\u00eancia iNFRA O Senado aprovou nesta ter\u00e7a-feira (20), em vota\u00e7\u00e3o simb\u00f3lica, o&nbsp;PL (Projeto de Lei) 5.066\/2020, alterando as regras de distribui\u00e7\u00e3o dos recursos que empresas produtoras de \u00f3leo e g\u00e1s s\u00e3o obrigadas a destinar a PD&amp;I (Pesquisa, Desenvolvimento e Inova\u00e7\u00e3o). O PL determina que metade do valor total, em torno de R$ [&hellip;]","og_url":"https:\/\/agenciainfra.com\/blog\/senado-aprova-pl-que-destina-r-2-bi-de-pdi-das-petroleiras-igualmente-as-cinco-regioes\/","og_site_name":"Ag\u00eancia iNFRA","article_publisher":"https:\/\/www.facebook.com\/ageninfra","article_published_time":"2025-05-21T11:00:00+00:00","article_modified_time":"2025-05-22T14:34:22+00:00","og_image":[{"width":1280,"height":723,"url":"https:\/\/agenciainfra.com\/blog\/wp-content\/uploads\/2025\/05\/senado-foto-jonas-pereira-agencia_senado-1-e1747823279775.jpg","type":"image\/jpeg"}],"author":"Ag\u00eancia iNFRA","twitter_card":"summary_large_image","twitter_creator":"@agencia_infra","twitter_site":"@agencia_infra","twitter_misc":{"Escrito por":"Ag\u00eancia iNFRA","Est. tempo de leitura":"2 minutos"},"schema":{"@context":"https:\/\/schema.org","@graph":[{"@type":"Article","@id":"https:\/\/agenciainfra.com\/blog\/senado-aprova-pl-que-destina-r-2-bi-de-pdi-das-petroleiras-igualmente-as-cinco-regioes\/#article","isPartOf":{"@id":"https:\/\/agenciainfra.com\/blog\/senado-aprova-pl-que-destina-r-2-bi-de-pdi-das-petroleiras-igualmente-as-cinco-regioes\/"},"author":{"name":"Ag\u00eancia iNFRA","@id":"https:\/\/agenciainfra.com\/blog\/#\/schema\/person\/34af08dff6adea4cb22b06612ba7acfa"},"headline":"Senado aprova PL que destina R$ 2 bi de PD&amp;I das petroleiras igualmente \u00e0s cinco regi\u00f5es","datePublished":"2025-05-21T11:00:00+00:00","dateModified":"2025-05-22T14:34:22+00:00","mainEntityOfPage":{"@id":"https:\/\/agenciainfra.com\/blog\/senado-aprova-pl-que-destina-r-2-bi-de-pdi-das-petroleiras-igualmente-as-cinco-regioes\/"},"wordCount":359,"publisher":{"@id":"https:\/\/agenciainfra.com\/blog\/#organization"},"image":{"@id":"https:\/\/agenciainfra.com\/blog\/senado-aprova-pl-que-destina-r-2-bi-de-pdi-das-petroleiras-igualmente-as-cinco-regioes\/#primaryimage"},"thumbnailUrl":"https:\/\/agenciainfra.com\/blog\/wp-content\/uploads\/2025\/05\/senado-foto-jonas-pereira-agencia_senado-1-e1747823279775.jpg","keywords":["estudos sobre petr\u00f3leo","explora\u00e7\u00e3o de petr\u00f3leo","\u00f3leo e g\u00e1s","PD&amp;I","pesquisa e desenvolvimento","petroleiras","pl 5.066\/2020","Senado Federal"],"articleSection":["Destaque lista","Geral","\u00d3leo &amp; G\u00e1s"],"inLanguage":"pt-BR","copyrightYear":"2025","copyrightHolder":{"@id":"https:\/\/agenciainfra.com\/blog\/#organization"}},{"@type":"WebPage","@id":"https:\/\/agenciainfra.com\/blog\/senado-aprova-pl-que-destina-r-2-bi-de-pdi-das-petroleiras-igualmente-as-cinco-regioes\/","url":"https:\/\/agenciainfra.com\/blog\/senado-aprova-pl-que-destina-r-2-bi-de-pdi-das-petroleiras-igualmente-as-cinco-regioes\/","name":"Senado aprova PL que destina R$ 2 bi de PD&amp;I das petroleiras igualmente \u00e0s cinco regi\u00f5es - Ag\u00eancia iNFRA","isPartOf":{"@id":"https:\/\/agenciainfra.com\/blog\/#website"},"primaryImageOfPage":{"@id":"https:\/\/agenciainfra.com\/blog\/senado-aprova-pl-que-destina-r-2-bi-de-pdi-das-petroleiras-igualmente-as-cinco-regioes\/#primaryimage"},"image":{"@id":"https:\/\/agenciainfra.com\/blog\/senado-aprova-pl-que-destina-r-2-bi-de-pdi-das-petroleiras-igualmente-as-cinco-regioes\/#primaryimage"},"thumbnailUrl":"https:\/\/agenciainfra.com\/blog\/wp-content\/uploads\/2025\/05\/senado-foto-jonas-pereira-agencia_senado-1-e1747823279775.jpg","datePublished":"2025-05-21T11:00:00+00:00","dateModified":"2025-05-22T14:34:22+00:00","breadcrumb":{"@id":"https:\/\/agenciainfra.com\/blog\/senado-aprova-pl-que-destina-r-2-bi-de-pdi-das-petroleiras-igualmente-as-cinco-regioes\/#breadcrumb"},"inLanguage":"pt-BR","potentialAction":[{"@type":"ReadAction","target":["https:\/\/agenciainfra.com\/blog\/senado-aprova-pl-que-destina-r-2-bi-de-pdi-das-petroleiras-igualmente-as-cinco-regioes\/"]}]},{"@type":"ImageObject","inLanguage":"pt-BR","@id":"https:\/\/agenciainfra.com\/blog\/senado-aprova-pl-que-destina-r-2-bi-de-pdi-das-petroleiras-igualmente-as-cinco-regioes\/#primaryimage","url":"https:\/\/agenciainfra.com\/blog\/wp-content\/uploads\/2025\/05\/senado-foto-jonas-pereira-agencia_senado-1-e1747823279775.jpg","contentUrl":"https:\/\/agenciainfra.com\/blog\/wp-content\/uploads\/2025\/05\/senado-foto-jonas-pereira-agencia_senado-1-e1747823279775.jpg","width":1280,"height":723},{"@type":"BreadcrumbList","@id":"https:\/\/agenciainfra.com\/blog\/senado-aprova-pl-que-destina-r-2-bi-de-pdi-das-petroleiras-igualmente-as-cinco-regioes\/#breadcrumb","itemListElement":[{"@type":"ListItem","position":1,"name":"In\u00edcio","item":"https:\/\/agenciainfra.com\/blog\/"},{"@type":"ListItem","position":2,"name":"Senado aprova PL que destina R$ 2 bi de PD&amp;I das petroleiras igualmente \u00e0s cinco regi\u00f5es"}]},{"@type":"WebSite","@id":"https:\/\/agenciainfra.com\/blog\/#website","url":"https:\/\/agenciainfra.com\/blog\/","name":"Ag\u00eancia iNFRA","description":"Multiplataforma de informa\u00e7\u00e3o jornal\u00edstica refer\u00eancia na \u00e1rea de infraestrutura no Brasil!","publisher":{"@id":"https:\/\/agenciainfra.com\/blog\/#organization"},"potentialAction":[{"@type":"SearchAction","target":{"@type":"EntryPoint","urlTemplate":"https:\/\/agenciainfra.com\/blog\/?s={search_term_string}"},"query-input":{"@type":"PropertyValueSpecification","valueRequired":true,"valueName":"search_term_string"}}],"inLanguage":"pt-BR"},{"@type":"Organization","@id":"https:\/\/agenciainfra.com\/blog\/#organization","name":"Ag\u00eancia iNFRA","url":"https:\/\/agenciainfra.com\/blog\/","logo":{"@type":"ImageObject","inLanguage":"pt-BR","@id":"https:\/\/agenciainfra.com\/blog\/#\/schema\/logo\/image\/","url":"https:\/\/agenciainfra.com\/blog\/wp-content\/uploads\/2023\/09\/iNFRA_5-e1761735885940.png","contentUrl":"https:\/\/agenciainfra.com\/blog\/wp-content\/uploads\/2023\/09\/iNFRA_5-e1761735885940.png","width":1672,"height":454,"caption":"Ag\u00eancia iNFRA"},"image":{"@id":"https:\/\/agenciainfra.com\/blog\/#\/schema\/logo\/image\/"},"sameAs":["https:\/\/www.facebook.com\/ageninfra","https:\/\/x.com\/agencia_infra","https:\/\/www.linkedin.com\/company\/ag\u00eanciainfra\/","https:\/\/www.instagram.com\/agenciainfra\/"]},{"@type":"Person","@id":"https:\/\/agenciainfra.com\/blog\/#\/schema\/person\/34af08dff6adea4cb22b06612ba7acfa","name":"Ag\u00eancia iNFRA","image":{"@type":"ImageObject","inLanguage":"pt-BR","@id":"https:\/\/agenciainfra.com\/blog\/#\/schema\/person\/image\/","url":"https:\/\/secure.gravatar.com\/avatar\/d189e01678f06d8eb84d4e01f08eb848b3fffe3f8443818d3c356c66892f5be8?s=96&d=mm&r=g","contentUrl":"https:\/\/secure.gravatar.com\/avatar\/d189e01678f06d8eb84d4e01f08eb848b3fffe3f8443818d3c356c66892f5be8?s=96&d=mm&r=g","caption":"Ag\u00eancia iNFRA"},"url":"https:\/\/agenciainfra.com\/blog\/author\/admin\/"}]}},"_links":{"self":[{"href":"https:\/\/agenciainfra.com\/blog\/wp-json\/wp\/v2\/posts\/21924","targetHints":{"allow":["GET"]}}],"collection":[{"href":"https:\/\/agenciainfra.com\/blog\/wp-json\/wp\/v2\/posts"}],"about":[{"href":"https:\/\/agenciainfra.com\/blog\/wp-json\/wp\/v2\/types\/post"}],"author":[{"embeddable":true,"href":"https:\/\/agenciainfra.com\/blog\/wp-json\/wp\/v2\/users\/1"}],"replies":[{"embeddable":true,"href":"https:\/\/agenciainfra.com\/blog\/wp-json\/wp\/v2\/comments?post=21924"}],"version-history":[{"count":1,"href":"https:\/\/agenciainfra.com\/blog\/wp-json\/wp\/v2\/posts\/21924\/revisions"}],"predecessor-version":[{"id":21926,"href":"https:\/\/agenciainfra.com\/blog\/wp-json\/wp\/v2\/posts\/21924\/revisions\/21926"}],"wp:featuredmedia":[{"embeddable":true,"href":"https:\/\/agenciainfra.com\/blog\/wp-json\/wp\/v2\/media\/21925"}],"wp:attachment":[{"href":"https:\/\/agenciainfra.com\/blog\/wp-json\/wp\/v2\/media?parent=21924"}],"wp:term":[{"taxonomy":"category","embeddable":true,"href":"https:\/\/agenciainfra.com\/blog\/wp-json\/wp\/v2\/categories?post=21924"},{"taxonomy":"post_tag","embeddable":true,"href":"https:\/\/agenciainfra.com\/blog\/wp-json\/wp\/v2\/tags?post=21924"}],"curies":[{"name":"wp","href":"https:\/\/api.w.org\/{rel}","templated":true}]}}