{"id":21927,"date":"2025-05-21T09:00:00","date_gmt":"2025-05-21T12:00:00","guid":{"rendered":"https:\/\/agenciainfra.com\/blog\/?p=21927"},"modified":"2025-05-22T11:32:38","modified_gmt":"2025-05-22T14:32:38","slug":"diretoria-colegiada-e-casamento-entre-cinco-pessoas-diz-diretor-da-aneel-em-despedida","status":"publish","type":"post","link":"https:\/\/agenciainfra.com\/blog\/diretoria-colegiada-e-casamento-entre-cinco-pessoas-diz-diretor-da-aneel-em-despedida\/","title":{"rendered":"Diretoria colegiada \u00e9 &#8216;casamento entre cinco pessoas&#8217;, diz diretor da ANEEL em despedida"},"content":{"rendered":"\n<p class=\"has-text-align-right\"><strong>Lais Carregosa, da Ag\u00eancia iNFRA<\/strong><\/p>\n\n\n\n<p>O diretor da ANEEL (Ag\u00eancia Nacional de Energia El\u00e9trica) Ricardo Tili disse nesta ter\u00e7a-feira (20) que participar de uma diretoria colegiada \u00e9 um \u201ccasamento entre cinco pessoas\u201d com vis\u00f5es de mundo diferentes.\u00a0<br><br>\u201cAs diverg\u00eancias fazem parte de qualquer relacionamento. Eu costumo brincar que a diretoria da ANEEL \u00e9 um casamento de cinco pessoas. O casamento de duas pessoas \u00e9 um relacionamento que a gente tem que negociar, conversar, decidir. Imagine cinco pessoas com forma\u00e7\u00f5es e vis\u00f5es de mundo diferentes\u201d, declarou.<br><br>A reuni\u00e3o desta ter\u00e7a-feira (20) foi a \u00faltima de Tili no colegiado. O mandato do diretor se encerra no pr\u00f3ximo s\u00e1bado (24). Ele ser\u00e1 substitu\u00eddo por Daniel Danna, atual secret\u00e1rio-geral da ag\u00eancia.<br><br><strong>Amazonas Energia<\/strong><br>Questionado pela imprensa sobre os desafios de seu per\u00edodo na ANEEL, Tili mencionou o caso da Amazonas Energia e disse que \u00e9 preciso uma solu\u00e7\u00e3o c\u00e9lere para o problema, evitando um imbr\u00f3glio ainda maior.<br><br>\u201c\u00c9 um imbr\u00f3glio. Criou-se um imbr\u00f3glio muito grande, de dif\u00edcil solu\u00e7\u00e3o, que at\u00e9 hoje n\u00e3o tivemos solu\u00e7\u00e3o. [&#8230;] Desejo toda sorte \u00e0 diretoria que tiver que opinar\u00a0<a href=\"https:\/\/agenciainfra.us14.list-manage.com\/track\/click?u=d460dd1bcf9ba0ae040e1fc0f&amp;id=d1c56bf164&amp;e=1192c754bc\" target=\"_blank\" rel=\"noreferrer noopener\">sobre esse acordo<\/a>\u00a0e desejo, olhando para o consumidor, que esse acordo saia\u201d, declarou. Para o diretor, \u00e9 preciso uma solu\u00e7\u00e3o estrutural para a concess\u00e3o da Amazonas.<br><br><strong>Compartilhamento de postes<\/strong><br>Ele tamb\u00e9m falou sobre o processo de compartilhamento de postes entre as distribuidoras e as operadoras de telecomunica\u00e7\u00f5es, cuja resolu\u00e7\u00e3o foi adiada por um\u00a0<a href=\"https:\/\/agenciainfra.us14.list-manage.com\/track\/click?u=d460dd1bcf9ba0ae040e1fc0f&amp;id=6c9d6a7a40&amp;e=1192c754bc\" target=\"_blank\" rel=\"noreferrer noopener\">pedido de vista<\/a>\u00a0da diretora Agnes Costa nesta ter\u00e7a (20).\u00a0<br><br>Para Tili, o processo \u00e9 um &#8220;calcanhar de Aquiles&#8221; da ANEEL, que precisa de solu\u00e7\u00e3o r\u00e1pida. Ele avalia, contudo, que o tema est\u00e1 perto de uma solu\u00e7\u00e3o, que deve ser encaminhada pela diretora Agnes.\u00a0<br><br>&#8220;Est\u00e1 bem coordenado com a Anatel, e agora, qualquer detalhe, a diretora Agnes vai ter a capacidade, ela sempre teve, de compor. Acredito muito que vai convergir para um acordo com a Anatel&#8221;, afirmou.<br><br>Na reuni\u00e3o, Tili votou para manter a cess\u00e3o obrigat\u00f3ria da explora\u00e7\u00e3o comercial da infraestrutura a uma empresa terceira, chamada de \u201cposteiro\u201d \u2013 convergindo o posicionamento da Anatel (Ag\u00eancia Nacional de Telecomunica\u00e7\u00f5es). Mas para chegar a um consenso com o setor el\u00e9trico, posicionou-se no sentido de permitir que as distribuidoras criem seus pr\u00f3prios \u201cposteiros\u201d para gest\u00e3o da infraestrutura.<br><br><strong>Processos redistribu\u00eddos<\/strong><br>Tili disse que deve deixar a ANEEL com 42 processos para redistribui\u00e7\u00e3o, sendo que 37 deles est\u00e3o com a \u00e1rea t\u00e9cnica. Entre os itens, est\u00e3o a norma sobre armazenamento em baterias e open energy.<br><br>\u00c0 imprensa, o diretor destacou que \u201cfaltou pouco\u201d para concluir o processo sobre armazenamento. \u201cFaltou o processo de armazenamento acabar, mas eu entendo a \u00e1rea t\u00e9cnica, sei das dificuldades, sei da falta de servidores. Faltou pouco, um problema para resolver, e a\u00ed eu mesmo preferi n\u00e3o levar as coisas de qualquer maneira [para delibera\u00e7\u00e3o pela diretoria]\u201d, declarou.<\/p>\n","protected":false},"excerpt":{"rendered":"<p>Lais Carregosa, da Ag\u00eancia iNFRA O diretor da ANEEL (Ag\u00eancia Nacional de Energia El\u00e9trica) Ricardo Tili disse nesta ter\u00e7a-feira (20) que participar de uma diretoria colegiada \u00e9 um \u201ccasamento entre cinco pessoas\u201d com vis\u00f5es de mundo diferentes.\u00a0 \u201cAs diverg\u00eancias fazem parte de qualquer relacionamento. Eu costumo brincar que a diretoria da ANEEL \u00e9 um casamento [&hellip;]<\/p>\n","protected":false},"author":1,"featured_media":21930,"comment_status":"closed","ping_status":"closed","sticky":false,"template":"","format":"standard","meta":{"_monsterinsights_skip_tracking":false,"_monsterinsights_sitenote_active":false,"_monsterinsights_sitenote_note":"","_monsterinsights_sitenote_category":0,"footnotes":""},"categories":[7250,1,10],"tags":[46,144,13439,10879,9543,13132,13359,12770,5682],"class_list":["post-21927","post","type-post","status-publish","format-standard","has-post-thumbnail","hentry","category-destaque-lista","category-geral","category-infraenergia","tag-agencias-reguladoras","tag-amazonas-energia","tag-armazenamento-de-baterias","tag-compartilhamento-de-postes","tag-diretoria-da-aneel","tag-lais-carregosa","tag-redistribuicao-de-processos","tag-reuniao-aneel","tag-ricardo-tili"],"yoast_head":"<!-- This site is optimized with the Yoast SEO Premium plugin v25.4 (Yoast SEO v26.0) - https:\/\/yoast.com\/wordpress\/plugins\/seo\/ -->\n<title>Diretoria colegiada \u00e9 &#039;casamento entre cinco pessoas&#039;, diz diretor da ANEEL em despedida - Ag\u00eancia iNFRA<\/title>\n<meta name=\"robots\" content=\"index, follow, max-snippet:-1, max-image-preview:large, max-video-preview:-1\" \/>\n<link rel=\"canonical\" href=\"https:\/\/agenciainfra.com\/blog\/diretoria-colegiada-e-casamento-entre-cinco-pessoas-diz-diretor-da-aneel-em-despedida\/\" \/>\n<meta property=\"og:locale\" content=\"pt_BR\" \/>\n<meta property=\"og:type\" content=\"article\" \/>\n<meta property=\"og:title\" content=\"Diretoria colegiada \u00e9 &#039;casamento entre cinco pessoas&#039;, diz diretor da ANEEL em despedida\" \/>\n<meta property=\"og:description\" content=\"Lais Carregosa, da Ag\u00eancia iNFRA O diretor da ANEEL (Ag\u00eancia Nacional de Energia El\u00e9trica) Ricardo Tili disse nesta ter\u00e7a-feira (20) que participar de uma diretoria colegiada \u00e9 um \u201ccasamento entre cinco pessoas\u201d com vis\u00f5es de mundo diferentes.\u00a0 \u201cAs diverg\u00eancias fazem parte de qualquer relacionamento. Eu costumo brincar que a diretoria da ANEEL \u00e9 um casamento [&hellip;]\" \/>\n<meta property=\"og:url\" content=\"https:\/\/agenciainfra.com\/blog\/diretoria-colegiada-e-casamento-entre-cinco-pessoas-diz-diretor-da-aneel-em-despedida\/\" \/>\n<meta property=\"og:site_name\" content=\"Ag\u00eancia iNFRA\" \/>\n<meta property=\"article:publisher\" content=\"https:\/\/www.facebook.com\/ageninfra\" \/>\n<meta property=\"article:published_time\" content=\"2025-05-21T12:00:00+00:00\" \/>\n<meta property=\"article:modified_time\" content=\"2025-05-22T14:32:38+00:00\" \/>\n<meta property=\"og:image\" content=\"https:\/\/agenciainfra.com\/blog\/wp-content\/uploads\/2025\/05\/Ricardo-Tili-Foto-Michel-Jesus-ANEEL-1320x880-1-e1747833928473.jpg\" \/>\n\t<meta property=\"og:image:width\" content=\"1040\" \/>\n\t<meta property=\"og:image:height\" content=\"690\" \/>\n\t<meta property=\"og:image:type\" content=\"image\/jpeg\" \/>\n<meta name=\"author\" content=\"Ag\u00eancia iNFRA\" \/>\n<meta name=\"twitter:card\" content=\"summary_large_image\" \/>\n<meta name=\"twitter:creator\" content=\"@agencia_infra\" \/>\n<meta name=\"twitter:site\" content=\"@agencia_infra\" \/>\n<meta name=\"twitter:label1\" content=\"Escrito por\" \/>\n\t<meta name=\"twitter:data1\" content=\"Ag\u00eancia iNFRA\" \/>\n\t<meta name=\"twitter:label2\" content=\"Est. tempo de leitura\" \/>\n\t<meta name=\"twitter:data2\" content=\"2 minutos\" \/>\n<script type=\"application\/ld+json\" class=\"yoast-schema-graph\">{\"@context\":\"https:\/\/schema.org\",\"@graph\":[{\"@type\":\"Article\",\"@id\":\"https:\/\/agenciainfra.com\/blog\/diretoria-colegiada-e-casamento-entre-cinco-pessoas-diz-diretor-da-aneel-em-despedida\/#article\",\"isPartOf\":{\"@id\":\"https:\/\/agenciainfra.com\/blog\/diretoria-colegiada-e-casamento-entre-cinco-pessoas-diz-diretor-da-aneel-em-despedida\/\"},\"author\":{\"name\":\"Ag\u00eancia iNFRA\",\"@id\":\"https:\/\/agenciainfra.com\/blog\/#\/schema\/person\/34af08dff6adea4cb22b06612ba7acfa\"},\"headline\":\"Diretoria colegiada \u00e9 &#8216;casamento entre cinco pessoas&#8217;, diz diretor da ANEEL em despedida\",\"datePublished\":\"2025-05-21T12:00:00+00:00\",\"dateModified\":\"2025-05-22T14:32:38+00:00\",\"mainEntityOfPage\":{\"@id\":\"https:\/\/agenciainfra.com\/blog\/diretoria-colegiada-e-casamento-entre-cinco-pessoas-diz-diretor-da-aneel-em-despedida\/\"},\"wordCount\":508,\"publisher\":{\"@id\":\"https:\/\/agenciainfra.com\/blog\/#organization\"},\"image\":{\"@id\":\"https:\/\/agenciainfra.com\/blog\/diretoria-colegiada-e-casamento-entre-cinco-pessoas-diz-diretor-da-aneel-em-despedida\/#primaryimage\"},\"thumbnailUrl\":\"https:\/\/agenciainfra.com\/blog\/wp-content\/uploads\/2025\/05\/Ricardo-Tili-Foto-Michel-Jesus-ANEEL-1320x880-1-e1747833928473.jpg\",\"keywords\":[\"Ag\u00eancias Reguladoras\",\"Amazonas Energia\",\"armazenamento de baterias\",\"Compartilhamento de postes\",\"Diretoria da ANEEL\",\"Lais Carregosa\",\"redistribui\u00e7\u00e3o de processos\",\"reuni\u00e3o aneel\",\"Ricardo Tili\"],\"articleSection\":[\"Destaque lista\",\"Geral\",\"iNFRAEnergia\"],\"inLanguage\":\"pt-BR\",\"copyrightYear\":\"2025\",\"copyrightHolder\":{\"@id\":\"https:\/\/agenciainfra.com\/blog\/#organization\"}},{\"@type\":\"WebPage\",\"@id\":\"https:\/\/agenciainfra.com\/blog\/diretoria-colegiada-e-casamento-entre-cinco-pessoas-diz-diretor-da-aneel-em-despedida\/\",\"url\":\"https:\/\/agenciainfra.com\/blog\/diretoria-colegiada-e-casamento-entre-cinco-pessoas-diz-diretor-da-aneel-em-despedida\/\",\"name\":\"Diretoria colegiada \u00e9 'casamento entre cinco pessoas', diz diretor da ANEEL em despedida - Ag\u00eancia iNFRA\",\"isPartOf\":{\"@id\":\"https:\/\/agenciainfra.com\/blog\/#website\"},\"primaryImageOfPage\":{\"@id\":\"https:\/\/agenciainfra.com\/blog\/diretoria-colegiada-e-casamento-entre-cinco-pessoas-diz-diretor-da-aneel-em-despedida\/#primaryimage\"},\"image\":{\"@id\":\"https:\/\/agenciainfra.com\/blog\/diretoria-colegiada-e-casamento-entre-cinco-pessoas-diz-diretor-da-aneel-em-despedida\/#primaryimage\"},\"thumbnailUrl\":\"https:\/\/agenciainfra.com\/blog\/wp-content\/uploads\/2025\/05\/Ricardo-Tili-Foto-Michel-Jesus-ANEEL-1320x880-1-e1747833928473.jpg\",\"datePublished\":\"2025-05-21T12:00:00+00:00\",\"dateModified\":\"2025-05-22T14:32:38+00:00\",\"breadcrumb\":{\"@id\":\"https:\/\/agenciainfra.com\/blog\/diretoria-colegiada-e-casamento-entre-cinco-pessoas-diz-diretor-da-aneel-em-despedida\/#breadcrumb\"},\"inLanguage\":\"pt-BR\",\"potentialAction\":[{\"@type\":\"ReadAction\",\"target\":[\"https:\/\/agenciainfra.com\/blog\/diretoria-colegiada-e-casamento-entre-cinco-pessoas-diz-diretor-da-aneel-em-despedida\/\"]}]},{\"@type\":\"ImageObject\",\"inLanguage\":\"pt-BR\",\"@id\":\"https:\/\/agenciainfra.com\/blog\/diretoria-colegiada-e-casamento-entre-cinco-pessoas-diz-diretor-da-aneel-em-despedida\/#primaryimage\",\"url\":\"https:\/\/agenciainfra.com\/blog\/wp-content\/uploads\/2025\/05\/Ricardo-Tili-Foto-Michel-Jesus-ANEEL-1320x880-1-e1747833928473.jpg\",\"contentUrl\":\"https:\/\/agenciainfra.com\/blog\/wp-content\/uploads\/2025\/05\/Ricardo-Tili-Foto-Michel-Jesus-ANEEL-1320x880-1-e1747833928473.jpg\",\"width\":1040,\"height\":690},{\"@type\":\"BreadcrumbList\",\"@id\":\"https:\/\/agenciainfra.com\/blog\/diretoria-colegiada-e-casamento-entre-cinco-pessoas-diz-diretor-da-aneel-em-despedida\/#breadcrumb\",\"itemListElement\":[{\"@type\":\"ListItem\",\"position\":1,\"name\":\"In\u00edcio\",\"item\":\"https:\/\/agenciainfra.com\/blog\/\"},{\"@type\":\"ListItem\",\"position\":2,\"name\":\"Diretoria colegiada \u00e9 &#8216;casamento entre cinco pessoas&#8217;, diz diretor da ANEEL em despedida\"}]},{\"@type\":\"WebSite\",\"@id\":\"https:\/\/agenciainfra.com\/blog\/#website\",\"url\":\"https:\/\/agenciainfra.com\/blog\/\",\"name\":\"Ag\u00eancia iNFRA\",\"description\":\"Multiplataforma de informa\u00e7\u00e3o jornal\u00edstica refer\u00eancia na \u00e1rea de infraestrutura no Brasil!\",\"publisher\":{\"@id\":\"https:\/\/agenciainfra.com\/blog\/#organization\"},\"potentialAction\":[{\"@type\":\"SearchAction\",\"target\":{\"@type\":\"EntryPoint\",\"urlTemplate\":\"https:\/\/agenciainfra.com\/blog\/?s={search_term_string}\"},\"query-input\":{\"@type\":\"PropertyValueSpecification\",\"valueRequired\":true,\"valueName\":\"search_term_string\"}}],\"inLanguage\":\"pt-BR\"},{\"@type\":\"Organization\",\"@id\":\"https:\/\/agenciainfra.com\/blog\/#organization\",\"name\":\"Ag\u00eancia iNFRA\",\"url\":\"https:\/\/agenciainfra.com\/blog\/\",\"logo\":{\"@type\":\"ImageObject\",\"inLanguage\":\"pt-BR\",\"@id\":\"https:\/\/agenciainfra.com\/blog\/#\/schema\/logo\/image\/\",\"url\":\"https:\/\/agenciainfra.com\/blog\/wp-content\/uploads\/2023\/09\/iNFRA_5-e1761735885940.png\",\"contentUrl\":\"https:\/\/agenciainfra.com\/blog\/wp-content\/uploads\/2023\/09\/iNFRA_5-e1761735885940.png\",\"width\":1672,\"height\":454,\"caption\":\"Ag\u00eancia iNFRA\"},\"image\":{\"@id\":\"https:\/\/agenciainfra.com\/blog\/#\/schema\/logo\/image\/\"},\"sameAs\":[\"https:\/\/www.facebook.com\/ageninfra\",\"https:\/\/x.com\/agencia_infra\",\"https:\/\/www.linkedin.com\/company\/ag\u00eanciainfra\/\",\"https:\/\/www.instagram.com\/agenciainfra\/\"]},{\"@type\":\"Person\",\"@id\":\"https:\/\/agenciainfra.com\/blog\/#\/schema\/person\/34af08dff6adea4cb22b06612ba7acfa\",\"name\":\"Ag\u00eancia iNFRA\",\"image\":{\"@type\":\"ImageObject\",\"inLanguage\":\"pt-BR\",\"@id\":\"https:\/\/agenciainfra.com\/blog\/#\/schema\/person\/image\/\",\"url\":\"https:\/\/secure.gravatar.com\/avatar\/d189e01678f06d8eb84d4e01f08eb848b3fffe3f8443818d3c356c66892f5be8?s=96&d=mm&r=g\",\"contentUrl\":\"https:\/\/secure.gravatar.com\/avatar\/d189e01678f06d8eb84d4e01f08eb848b3fffe3f8443818d3c356c66892f5be8?s=96&d=mm&r=g\",\"caption\":\"Ag\u00eancia iNFRA\"},\"url\":\"https:\/\/agenciainfra.com\/blog\/author\/admin\/\"}]}<\/script>\n<!-- \/ Yoast SEO Premium plugin. -->","yoast_head_json":{"title":"Diretoria colegiada \u00e9 'casamento entre cinco pessoas', diz diretor da ANEEL em despedida - Ag\u00eancia iNFRA","robots":{"index":"index","follow":"follow","max-snippet":"max-snippet:-1","max-image-preview":"max-image-preview:large","max-video-preview":"max-video-preview:-1"},"canonical":"https:\/\/agenciainfra.com\/blog\/diretoria-colegiada-e-casamento-entre-cinco-pessoas-diz-diretor-da-aneel-em-despedida\/","og_locale":"pt_BR","og_type":"article","og_title":"Diretoria colegiada \u00e9 'casamento entre cinco pessoas', diz diretor da ANEEL em despedida","og_description":"Lais Carregosa, da Ag\u00eancia iNFRA O diretor da ANEEL (Ag\u00eancia Nacional de Energia El\u00e9trica) Ricardo Tili disse nesta ter\u00e7a-feira (20) que participar de uma diretoria colegiada \u00e9 um \u201ccasamento entre cinco pessoas\u201d com vis\u00f5es de mundo diferentes.\u00a0 \u201cAs diverg\u00eancias fazem parte de qualquer relacionamento. Eu costumo brincar que a diretoria da ANEEL \u00e9 um casamento [&hellip;]","og_url":"https:\/\/agenciainfra.com\/blog\/diretoria-colegiada-e-casamento-entre-cinco-pessoas-diz-diretor-da-aneel-em-despedida\/","og_site_name":"Ag\u00eancia iNFRA","article_publisher":"https:\/\/www.facebook.com\/ageninfra","article_published_time":"2025-05-21T12:00:00+00:00","article_modified_time":"2025-05-22T14:32:38+00:00","og_image":[{"width":1040,"height":690,"url":"https:\/\/agenciainfra.com\/blog\/wp-content\/uploads\/2025\/05\/Ricardo-Tili-Foto-Michel-Jesus-ANEEL-1320x880-1-e1747833928473.jpg","type":"image\/jpeg"}],"author":"Ag\u00eancia iNFRA","twitter_card":"summary_large_image","twitter_creator":"@agencia_infra","twitter_site":"@agencia_infra","twitter_misc":{"Escrito por":"Ag\u00eancia iNFRA","Est. tempo de leitura":"2 minutos"},"schema":{"@context":"https:\/\/schema.org","@graph":[{"@type":"Article","@id":"https:\/\/agenciainfra.com\/blog\/diretoria-colegiada-e-casamento-entre-cinco-pessoas-diz-diretor-da-aneel-em-despedida\/#article","isPartOf":{"@id":"https:\/\/agenciainfra.com\/blog\/diretoria-colegiada-e-casamento-entre-cinco-pessoas-diz-diretor-da-aneel-em-despedida\/"},"author":{"name":"Ag\u00eancia iNFRA","@id":"https:\/\/agenciainfra.com\/blog\/#\/schema\/person\/34af08dff6adea4cb22b06612ba7acfa"},"headline":"Diretoria colegiada \u00e9 &#8216;casamento entre cinco pessoas&#8217;, diz diretor da ANEEL em despedida","datePublished":"2025-05-21T12:00:00+00:00","dateModified":"2025-05-22T14:32:38+00:00","mainEntityOfPage":{"@id":"https:\/\/agenciainfra.com\/blog\/diretoria-colegiada-e-casamento-entre-cinco-pessoas-diz-diretor-da-aneel-em-despedida\/"},"wordCount":508,"publisher":{"@id":"https:\/\/agenciainfra.com\/blog\/#organization"},"image":{"@id":"https:\/\/agenciainfra.com\/blog\/diretoria-colegiada-e-casamento-entre-cinco-pessoas-diz-diretor-da-aneel-em-despedida\/#primaryimage"},"thumbnailUrl":"https:\/\/agenciainfra.com\/blog\/wp-content\/uploads\/2025\/05\/Ricardo-Tili-Foto-Michel-Jesus-ANEEL-1320x880-1-e1747833928473.jpg","keywords":["Ag\u00eancias Reguladoras","Amazonas Energia","armazenamento de baterias","Compartilhamento de postes","Diretoria da ANEEL","Lais Carregosa","redistribui\u00e7\u00e3o de processos","reuni\u00e3o aneel","Ricardo Tili"],"articleSection":["Destaque lista","Geral","iNFRAEnergia"],"inLanguage":"pt-BR","copyrightYear":"2025","copyrightHolder":{"@id":"https:\/\/agenciainfra.com\/blog\/#organization"}},{"@type":"WebPage","@id":"https:\/\/agenciainfra.com\/blog\/diretoria-colegiada-e-casamento-entre-cinco-pessoas-diz-diretor-da-aneel-em-despedida\/","url":"https:\/\/agenciainfra.com\/blog\/diretoria-colegiada-e-casamento-entre-cinco-pessoas-diz-diretor-da-aneel-em-despedida\/","name":"Diretoria colegiada \u00e9 'casamento entre cinco pessoas', diz diretor da ANEEL em despedida - Ag\u00eancia iNFRA","isPartOf":{"@id":"https:\/\/agenciainfra.com\/blog\/#website"},"primaryImageOfPage":{"@id":"https:\/\/agenciainfra.com\/blog\/diretoria-colegiada-e-casamento-entre-cinco-pessoas-diz-diretor-da-aneel-em-despedida\/#primaryimage"},"image":{"@id":"https:\/\/agenciainfra.com\/blog\/diretoria-colegiada-e-casamento-entre-cinco-pessoas-diz-diretor-da-aneel-em-despedida\/#primaryimage"},"thumbnailUrl":"https:\/\/agenciainfra.com\/blog\/wp-content\/uploads\/2025\/05\/Ricardo-Tili-Foto-Michel-Jesus-ANEEL-1320x880-1-e1747833928473.jpg","datePublished":"2025-05-21T12:00:00+00:00","dateModified":"2025-05-22T14:32:38+00:00","breadcrumb":{"@id":"https:\/\/agenciainfra.com\/blog\/diretoria-colegiada-e-casamento-entre-cinco-pessoas-diz-diretor-da-aneel-em-despedida\/#breadcrumb"},"inLanguage":"pt-BR","potentialAction":[{"@type":"ReadAction","target":["https:\/\/agenciainfra.com\/blog\/diretoria-colegiada-e-casamento-entre-cinco-pessoas-diz-diretor-da-aneel-em-despedida\/"]}]},{"@type":"ImageObject","inLanguage":"pt-BR","@id":"https:\/\/agenciainfra.com\/blog\/diretoria-colegiada-e-casamento-entre-cinco-pessoas-diz-diretor-da-aneel-em-despedida\/#primaryimage","url":"https:\/\/agenciainfra.com\/blog\/wp-content\/uploads\/2025\/05\/Ricardo-Tili-Foto-Michel-Jesus-ANEEL-1320x880-1-e1747833928473.jpg","contentUrl":"https:\/\/agenciainfra.com\/blog\/wp-content\/uploads\/2025\/05\/Ricardo-Tili-Foto-Michel-Jesus-ANEEL-1320x880-1-e1747833928473.jpg","width":1040,"height":690},{"@type":"BreadcrumbList","@id":"https:\/\/agenciainfra.com\/blog\/diretoria-colegiada-e-casamento-entre-cinco-pessoas-diz-diretor-da-aneel-em-despedida\/#breadcrumb","itemListElement":[{"@type":"ListItem","position":1,"name":"In\u00edcio","item":"https:\/\/agenciainfra.com\/blog\/"},{"@type":"ListItem","position":2,"name":"Diretoria colegiada \u00e9 &#8216;casamento entre cinco pessoas&#8217;, diz diretor da ANEEL em despedida"}]},{"@type":"WebSite","@id":"https:\/\/agenciainfra.com\/blog\/#website","url":"https:\/\/agenciainfra.com\/blog\/","name":"Ag\u00eancia iNFRA","description":"Multiplataforma de informa\u00e7\u00e3o jornal\u00edstica refer\u00eancia na \u00e1rea de infraestrutura no Brasil!","publisher":{"@id":"https:\/\/agenciainfra.com\/blog\/#organization"},"potentialAction":[{"@type":"SearchAction","target":{"@type":"EntryPoint","urlTemplate":"https:\/\/agenciainfra.com\/blog\/?s={search_term_string}"},"query-input":{"@type":"PropertyValueSpecification","valueRequired":true,"valueName":"search_term_string"}}],"inLanguage":"pt-BR"},{"@type":"Organization","@id":"https:\/\/agenciainfra.com\/blog\/#organization","name":"Ag\u00eancia iNFRA","url":"https:\/\/agenciainfra.com\/blog\/","logo":{"@type":"ImageObject","inLanguage":"pt-BR","@id":"https:\/\/agenciainfra.com\/blog\/#\/schema\/logo\/image\/","url":"https:\/\/agenciainfra.com\/blog\/wp-content\/uploads\/2023\/09\/iNFRA_5-e1761735885940.png","contentUrl":"https:\/\/agenciainfra.com\/blog\/wp-content\/uploads\/2023\/09\/iNFRA_5-e1761735885940.png","width":1672,"height":454,"caption":"Ag\u00eancia iNFRA"},"image":{"@id":"https:\/\/agenciainfra.com\/blog\/#\/schema\/logo\/image\/"},"sameAs":["https:\/\/www.facebook.com\/ageninfra","https:\/\/x.com\/agencia_infra","https:\/\/www.linkedin.com\/company\/ag\u00eanciainfra\/","https:\/\/www.instagram.com\/agenciainfra\/"]},{"@type":"Person","@id":"https:\/\/agenciainfra.com\/blog\/#\/schema\/person\/34af08dff6adea4cb22b06612ba7acfa","name":"Ag\u00eancia iNFRA","image":{"@type":"ImageObject","inLanguage":"pt-BR","@id":"https:\/\/agenciainfra.com\/blog\/#\/schema\/person\/image\/","url":"https:\/\/secure.gravatar.com\/avatar\/d189e01678f06d8eb84d4e01f08eb848b3fffe3f8443818d3c356c66892f5be8?s=96&d=mm&r=g","contentUrl":"https:\/\/secure.gravatar.com\/avatar\/d189e01678f06d8eb84d4e01f08eb848b3fffe3f8443818d3c356c66892f5be8?s=96&d=mm&r=g","caption":"Ag\u00eancia iNFRA"},"url":"https:\/\/agenciainfra.com\/blog\/author\/admin\/"}]}},"_links":{"self":[{"href":"https:\/\/agenciainfra.com\/blog\/wp-json\/wp\/v2\/posts\/21927","targetHints":{"allow":["GET"]}}],"collection":[{"href":"https:\/\/agenciainfra.com\/blog\/wp-json\/wp\/v2\/posts"}],"about":[{"href":"https:\/\/agenciainfra.com\/blog\/wp-json\/wp\/v2\/types\/post"}],"author":[{"embeddable":true,"href":"https:\/\/agenciainfra.com\/blog\/wp-json\/wp\/v2\/users\/1"}],"replies":[{"embeddable":true,"href":"https:\/\/agenciainfra.com\/blog\/wp-json\/wp\/v2\/comments?post=21927"}],"version-history":[{"count":1,"href":"https:\/\/agenciainfra.com\/blog\/wp-json\/wp\/v2\/posts\/21927\/revisions"}],"predecessor-version":[{"id":21929,"href":"https:\/\/agenciainfra.com\/blog\/wp-json\/wp\/v2\/posts\/21927\/revisions\/21929"}],"wp:featuredmedia":[{"embeddable":true,"href":"https:\/\/agenciainfra.com\/blog\/wp-json\/wp\/v2\/media\/21930"}],"wp:attachment":[{"href":"https:\/\/agenciainfra.com\/blog\/wp-json\/wp\/v2\/media?parent=21927"}],"wp:term":[{"taxonomy":"category","embeddable":true,"href":"https:\/\/agenciainfra.com\/blog\/wp-json\/wp\/v2\/categories?post=21927"},{"taxonomy":"post_tag","embeddable":true,"href":"https:\/\/agenciainfra.com\/blog\/wp-json\/wp\/v2\/tags?post=21927"}],"curies":[{"name":"wp","href":"https:\/\/api.w.org\/{rel}","templated":true}]}}