{"id":21936,"date":"2025-05-22T11:00:00","date_gmt":"2025-05-22T14:00:00","guid":{"rendered":"https:\/\/agenciainfra.com\/blog\/?p=21936"},"modified":"2025-05-23T09:06:02","modified_gmt":"2025-05-23T12:06:02","slug":"sem-definicao-oficial-sobre-compra-da-bamin-tensao-entre-governo-e-vale-aumenta","status":"publish","type":"post","link":"https:\/\/agenciainfra.com\/blog\/sem-definicao-oficial-sobre-compra-da-bamin-tensao-entre-governo-e-vale-aumenta\/","title":{"rendered":"Sem defini\u00e7\u00e3o oficial sobre compra da Bamin, tens\u00e3o entre governo e Vale aumenta"},"content":{"rendered":"\n<p class=\"has-text-align-right\"><strong>Bernardo Gonzaga e Sheyla Santos, da Ag\u00eancia iNFRA<\/strong><\/p>\n\n\n\n<p>Sem uma defini\u00e7\u00e3o oficial sobre a compra ou n\u00e3o da Bamin, o clima de tens\u00e3o entre a Vale e o governo come\u00e7ou a aumentar. Desde o ano passado, a Vale avalia adquirir os ativos da empresa do Cazaquist\u00e3o, que tem uma mina de min\u00e9rio de ferro em Caetit\u00e9 (BA) e adquiriu em 2021 a concess\u00e3o para implementar a ferrovia Fiol I (Ferrovia de Integra\u00e7\u00e3o Oeste-Leste I) e um porto em Ilh\u00e9us, mas abandonou os projetos.<br>\u00a0<br>Em audi\u00eancia p\u00fablica realizada na ter\u00e7a-feira (20), na CI (Comiss\u00e3o de Servi\u00e7os de Infraestrutura) do Senado, o ministro dos Transportes, Renan Filho, disse que a mineradora brasileira \u201cdeve\u201d ao pa\u00eds por n\u00e3o ter pagado ainda uma parcela que ele estima em R$ 7 bilh\u00f5es pela renova\u00e7\u00e3o antecipada da sua malha ferrovi\u00e1ria.<br>\u00a0<br>\u201cO minist\u00e9rio fez ver ao Brasil que ela [Vale] n\u00e3o tinha cumprido o seu objetivo na renova\u00e7\u00e3o antecipada, onde ela s\u00f3 pagou R$ 600 milh\u00f5es no governo passado. Pagou R$ 4 bilh\u00f5es no ano passado e ainda est\u00e1 devendo R$ 7 [bilh\u00f5es]. Como \u00e9 que quem est\u00e1 devendo R$ 7 bilh\u00f5es em recursos, que vai recolher ao Tesouro, vai retirar trecho de obra?\u201d, disse Renan, fazendo refer\u00eancia a uma pergunta do senador Wellington Fagundes (PL-MT) sobre uma poss\u00edvel diminui\u00e7\u00e3o de um trecho da Fico (Ferrovia de Integra\u00e7\u00e3o Centro-Oeste), em constru\u00e7\u00e3o pela Vale, que o ministro garantiu que n\u00e3o vai acontecer.<br>\u00a0<br>Na renova\u00e7\u00e3o da concess\u00e3o de suas ferrovias em 2020 (Estrada de Ferro Caraj\u00e1s e Estrada de Ferro Vit\u00f3ria a Minas), a Vale assumiu a obriga\u00e7\u00e3o de construir um trecho da Fico entre Mara Rosa (GO) e \u00c1gua Boa (MT) num prazo de cinco anos, al\u00e9m de outros investimentos. A empresa alega que esses compromissos est\u00e3o em dia.<br>\u00a0<br>Em 2023, o atual governo considerou que a Vale pagou um valor abaixo do devido por essa renova\u00e7\u00e3o, entre outorgas e obriga\u00e7\u00f5es de investimentos, e fez um pedido formal de revis\u00e3o para que ela pagasse mais R$ 26 bilh\u00f5es. A empresa alegou que os valores da renova\u00e7\u00e3o estavam corretos.<br>\u00a0<br>Mas aceitou fazer uma revis\u00e3o de seus contratos no \u00e2mbito da SecexConsenso do TCU (Tribunal de Contas da Uni\u00e3o) e adiantou no ano passado R$ 4 bilh\u00f5es relativos a essa repactua\u00e7\u00e3o. Nessas revis\u00f5es de contratos com as ferrovias, o governo vem aceitando flexibilizar obriga\u00e7\u00f5es das empresas em troca de novos valores de outorgas. A feita com a Vale est\u00e1 no momento com a mesa de negocia\u00e7\u00e3o em andamento.<br>\u00a0<br>O clima de animosidade com a mineradora brasileira aumentou porque, nas \u00faltimas semanas, vem circulando a informa\u00e7\u00e3o de que a Vale desistiu da compra da Bamin, controlada pela Eurasia Resource Group. Ele n\u00e3o se restringe apenas \u00e0s falas p\u00fablicas do ministro dos Transportes.<br>\u00a0<br>Uma fonte a par do assunto ouvida pela\u00a0<strong>Ag\u00eancia iNFRA\u00a0<\/strong>disse que a Vale est\u00e1 inadimplente com o governo e que \u201cela n\u00e3o est\u00e1 absoluta para fazer o que ela quer\u201d e que o contrato das ferrovias Vit\u00f3ria a Minas e Estrada de Ferro Caraj\u00e1s pode chegar at\u00e9 a ser cancelado por causa da inadimpl\u00eancia pela renova\u00e7\u00e3o antecipada.<br>\u00a0<br>A\u00a0<strong>Ag\u00eancia iNFRA<\/strong>\u00a0apurou que a Bamin n\u00e3o est\u00e1 presa \u00e0s negocia\u00e7\u00f5es com a Vale e est\u00e1 conversando com outras empresas, entre elas a Cedro Participa\u00e7\u00f5es, para buscar uma sa\u00edda ao empreendimento avaliado em cerca de US$ 5,5 bilh\u00f5es.<br>\u00a0<br><strong>Press\u00e3o pol\u00edtica<\/strong><br>Fontes do setor ferrovi\u00e1rio dizem que a Vale vem sofrendo press\u00e3o do governo, principalmente de Rui Costa, ministro da Casa Civil e pol\u00edtico baiano, para que adquira e finalize os empreendimentos deixados pela Bamin. Apesar desse interesse, formalmente o assunto \u00e9 tratado dentro do Minist\u00e9rio dos Transportes.<br>\u00a0<br>Segundo informou a pr\u00f3pria Bamin, as obras da ferrovia e do porto est\u00e3o suspensas, e est\u00e3o ativas somente \u201ca\u00e7\u00f5es de manuten\u00e7\u00e3o, os investimentos nos programas socioambientais, o cumprimento de compromissos regulat\u00f3rios e o di\u00e1logo com as comunidades nos territ\u00f3rios onde a empresa atua\u201d.<br>\u00a0<br>Sem a Fiol I, o principal projeto ferrovi\u00e1rio da atual gest\u00e3o, um corredor ferrovi\u00e1rio ligando o Mato Grosso ao porto baiano de Ilh\u00e9us, que j\u00e1 foi at\u00e9 colocado em consulta p\u00fablica pela ANTT (Ag\u00eancia Nacional de Transportes Terrestres), dificilmente seria viabilizado.<br>\u00a0<br><strong>Bamin e Vale<\/strong><br>Em nota enviada \u00e0\u00a0<strong>Ag\u00eancia iNFRA<\/strong>, a Bamin disse que est\u00e1 em processo de reestrutura\u00e7\u00e3o de capital, conduzido por sua controladora, o Grupo ERG, com o objetivo de buscar novos investidores e viabilizar as pr\u00f3ximas etapas do Projeto Pedra de Ferro. A companhia tamb\u00e9m disse que n\u00e3o comenta especula\u00e7\u00f5es de mercado sobre negocia\u00e7\u00f5es em andamento.<br>\u00a0<br>A companhia\u00a0informou ainda que tem concentrado seus esfor\u00e7os na busca por parceiros estrat\u00e9gicos e na viabiliza\u00e7\u00e3o do financiamento do projeto integrado e que recentemente foi aprovado um aporte de R$ 4,59 bilh\u00f5es pelo Fundo da Marinha Mercante, destinado \u00e0 implanta\u00e7\u00e3o do Porto Sul. A Vale informou que a empresa n\u00e3o comenta e refor\u00e7a o\u00a0<a href=\"https:\/\/agenciainfra.us14.list-manage.com\/track\/click?u=d460dd1bcf9ba0ae040e1fc0f&amp;id=3c2c4cbfa4&amp;e=1192c754bc\" target=\"_blank\" rel=\"noreferrer noopener\">comunicado<\/a>\u00a0de janeiro deste ano sobre o tema.<\/p>\n","protected":false},"excerpt":{"rendered":"<p>Bernardo Gonzaga e Sheyla Santos, da Ag\u00eancia iNFRA Sem uma defini\u00e7\u00e3o oficial sobre a compra ou n\u00e3o da Bamin, o clima de tens\u00e3o entre a Vale e o governo come\u00e7ou a aumentar. Desde o ano passado, a Vale avalia adquirir os ativos da empresa do Cazaquist\u00e3o, que tem uma mina de min\u00e9rio de ferro em [&hellip;]<\/p>\n","protected":false},"author":1,"featured_media":5549,"comment_status":"closed","ping_status":"closed","sticky":false,"template":"","format":"standard","meta":{"_monsterinsights_skip_tracking":false,"_monsterinsights_sitenote_active":false,"_monsterinsights_sitenote_note":"","_monsterinsights_sitenote_category":0,"footnotes":""},"categories":[7250,1,13239],"tags":[2904,13443,13138,3162,120,13444,839,3498,8838,1033,83,13442],"class_list":["post-21936","post","type-post","status-publish","format-standard","has-post-thumbnail","hentry","category-destaque-lista","category-geral","category-mineracao","tag-bamin","tag-bamin-e-vale","tag-bernardo-gonzaga","tag-cargas","tag-ferrovias","tag-fiol-i","tag-mineracao","tag-minerio-de-ferro","tag-sheyla-santos","tag-transporte-ferroviario","tag-vale","tag-venda-da-bamin"],"yoast_head":"<!-- This site is optimized with the Yoast SEO Premium plugin v25.4 (Yoast SEO v26.0) - https:\/\/yoast.com\/wordpress\/plugins\/seo\/ -->\n<title>Sem defini\u00e7\u00e3o oficial sobre compra da Bamin, tens\u00e3o entre governo e Vale aumenta - Ag\u00eancia iNFRA<\/title>\n<meta name=\"robots\" content=\"index, follow, max-snippet:-1, max-image-preview:large, max-video-preview:-1\" \/>\n<link rel=\"canonical\" href=\"https:\/\/agenciainfra.com\/blog\/sem-definicao-oficial-sobre-compra-da-bamin-tensao-entre-governo-e-vale-aumenta\/\" \/>\n<meta property=\"og:locale\" content=\"pt_BR\" \/>\n<meta property=\"og:type\" content=\"article\" \/>\n<meta property=\"og:title\" content=\"Sem defini\u00e7\u00e3o oficial sobre compra da Bamin, tens\u00e3o entre governo e Vale aumenta\" \/>\n<meta property=\"og:description\" content=\"Bernardo Gonzaga e Sheyla Santos, da Ag\u00eancia iNFRA Sem uma defini\u00e7\u00e3o oficial sobre a compra ou n\u00e3o da Bamin, o clima de tens\u00e3o entre a Vale e o governo come\u00e7ou a aumentar. Desde o ano passado, a Vale avalia adquirir os ativos da empresa do Cazaquist\u00e3o, que tem uma mina de min\u00e9rio de ferro em [&hellip;]\" \/>\n<meta property=\"og:url\" content=\"https:\/\/agenciainfra.com\/blog\/sem-definicao-oficial-sobre-compra-da-bamin-tensao-entre-governo-e-vale-aumenta\/\" \/>\n<meta property=\"og:site_name\" content=\"Ag\u00eancia iNFRA\" \/>\n<meta property=\"article:publisher\" content=\"https:\/\/www.facebook.com\/ageninfra\" \/>\n<meta property=\"article:published_time\" content=\"2025-05-22T14:00:00+00:00\" \/>\n<meta property=\"article:modified_time\" content=\"2025-05-23T12:06:02+00:00\" \/>\n<meta property=\"og:image\" content=\"https:\/\/agenciainfra.com\/blog\/wp-content\/uploads\/2020\/07\/estrada-de-ferro-carajas-foto-agencia-vale.jpg\" \/>\n\t<meta property=\"og:image:width\" content=\"1280\" \/>\n\t<meta property=\"og:image:height\" content=\"960\" \/>\n\t<meta property=\"og:image:type\" content=\"image\/jpeg\" \/>\n<meta name=\"author\" content=\"Ag\u00eancia iNFRA\" \/>\n<meta name=\"twitter:card\" content=\"summary_large_image\" \/>\n<meta name=\"twitter:creator\" content=\"@agencia_infra\" \/>\n<meta name=\"twitter:site\" content=\"@agencia_infra\" \/>\n<meta name=\"twitter:label1\" content=\"Escrito por\" \/>\n\t<meta name=\"twitter:data1\" content=\"Ag\u00eancia iNFRA\" \/>\n\t<meta name=\"twitter:label2\" content=\"Est. tempo de leitura\" \/>\n\t<meta name=\"twitter:data2\" content=\"4 minutos\" \/>\n<script type=\"application\/ld+json\" class=\"yoast-schema-graph\">{\"@context\":\"https:\/\/schema.org\",\"@graph\":[{\"@type\":\"Article\",\"@id\":\"https:\/\/agenciainfra.com\/blog\/sem-definicao-oficial-sobre-compra-da-bamin-tensao-entre-governo-e-vale-aumenta\/#article\",\"isPartOf\":{\"@id\":\"https:\/\/agenciainfra.com\/blog\/sem-definicao-oficial-sobre-compra-da-bamin-tensao-entre-governo-e-vale-aumenta\/\"},\"author\":{\"name\":\"Ag\u00eancia iNFRA\",\"@id\":\"https:\/\/agenciainfra.com\/blog\/#\/schema\/person\/34af08dff6adea4cb22b06612ba7acfa\"},\"headline\":\"Sem defini\u00e7\u00e3o oficial sobre compra da Bamin, tens\u00e3o entre governo e Vale aumenta\",\"datePublished\":\"2025-05-22T14:00:00+00:00\",\"dateModified\":\"2025-05-23T12:06:02+00:00\",\"mainEntityOfPage\":{\"@id\":\"https:\/\/agenciainfra.com\/blog\/sem-definicao-oficial-sobre-compra-da-bamin-tensao-entre-governo-e-vale-aumenta\/\"},\"wordCount\":901,\"publisher\":{\"@id\":\"https:\/\/agenciainfra.com\/blog\/#organization\"},\"image\":{\"@id\":\"https:\/\/agenciainfra.com\/blog\/sem-definicao-oficial-sobre-compra-da-bamin-tensao-entre-governo-e-vale-aumenta\/#primaryimage\"},\"thumbnailUrl\":\"https:\/\/agenciainfra.com\/blog\/wp-content\/uploads\/2020\/07\/estrada-de-ferro-carajas-foto-agencia-vale.jpg\",\"keywords\":[\"Bamin\",\"bamin e vale\",\"bernardo gonzaga\",\"cargas\",\"Ferrovias\",\"Fiol I\",\"minera\u00e7\u00e3o\",\"min\u00e9rio de ferro\",\"Sheyla Santos\",\"transporte ferrovi\u00e1rio\",\"Vale\",\"venda da bamin\"],\"articleSection\":[\"Destaque lista\",\"Geral\",\"Minera\u00e7\u00e3o\"],\"inLanguage\":\"pt-BR\",\"copyrightYear\":\"2025\",\"copyrightHolder\":{\"@id\":\"https:\/\/agenciainfra.com\/blog\/#organization\"}},{\"@type\":\"WebPage\",\"@id\":\"https:\/\/agenciainfra.com\/blog\/sem-definicao-oficial-sobre-compra-da-bamin-tensao-entre-governo-e-vale-aumenta\/\",\"url\":\"https:\/\/agenciainfra.com\/blog\/sem-definicao-oficial-sobre-compra-da-bamin-tensao-entre-governo-e-vale-aumenta\/\",\"name\":\"Sem defini\u00e7\u00e3o oficial sobre compra da Bamin, tens\u00e3o entre governo e Vale aumenta - Ag\u00eancia iNFRA\",\"isPartOf\":{\"@id\":\"https:\/\/agenciainfra.com\/blog\/#website\"},\"primaryImageOfPage\":{\"@id\":\"https:\/\/agenciainfra.com\/blog\/sem-definicao-oficial-sobre-compra-da-bamin-tensao-entre-governo-e-vale-aumenta\/#primaryimage\"},\"image\":{\"@id\":\"https:\/\/agenciainfra.com\/blog\/sem-definicao-oficial-sobre-compra-da-bamin-tensao-entre-governo-e-vale-aumenta\/#primaryimage\"},\"thumbnailUrl\":\"https:\/\/agenciainfra.com\/blog\/wp-content\/uploads\/2020\/07\/estrada-de-ferro-carajas-foto-agencia-vale.jpg\",\"datePublished\":\"2025-05-22T14:00:00+00:00\",\"dateModified\":\"2025-05-23T12:06:02+00:00\",\"breadcrumb\":{\"@id\":\"https:\/\/agenciainfra.com\/blog\/sem-definicao-oficial-sobre-compra-da-bamin-tensao-entre-governo-e-vale-aumenta\/#breadcrumb\"},\"inLanguage\":\"pt-BR\",\"potentialAction\":[{\"@type\":\"ReadAction\",\"target\":[\"https:\/\/agenciainfra.com\/blog\/sem-definicao-oficial-sobre-compra-da-bamin-tensao-entre-governo-e-vale-aumenta\/\"]}]},{\"@type\":\"ImageObject\",\"inLanguage\":\"pt-BR\",\"@id\":\"https:\/\/agenciainfra.com\/blog\/sem-definicao-oficial-sobre-compra-da-bamin-tensao-entre-governo-e-vale-aumenta\/#primaryimage\",\"url\":\"https:\/\/agenciainfra.com\/blog\/wp-content\/uploads\/2020\/07\/estrada-de-ferro-carajas-foto-agencia-vale.jpg\",\"contentUrl\":\"https:\/\/agenciainfra.com\/blog\/wp-content\/uploads\/2020\/07\/estrada-de-ferro-carajas-foto-agencia-vale.jpg\",\"width\":1280,\"height\":960},{\"@type\":\"BreadcrumbList\",\"@id\":\"https:\/\/agenciainfra.com\/blog\/sem-definicao-oficial-sobre-compra-da-bamin-tensao-entre-governo-e-vale-aumenta\/#breadcrumb\",\"itemListElement\":[{\"@type\":\"ListItem\",\"position\":1,\"name\":\"In\u00edcio\",\"item\":\"https:\/\/agenciainfra.com\/blog\/\"},{\"@type\":\"ListItem\",\"position\":2,\"name\":\"Sem defini\u00e7\u00e3o oficial sobre compra da Bamin, tens\u00e3o entre governo e Vale aumenta\"}]},{\"@type\":\"WebSite\",\"@id\":\"https:\/\/agenciainfra.com\/blog\/#website\",\"url\":\"https:\/\/agenciainfra.com\/blog\/\",\"name\":\"Ag\u00eancia iNFRA\",\"description\":\"Multiplataforma de informa\u00e7\u00e3o jornal\u00edstica refer\u00eancia na \u00e1rea de infraestrutura no Brasil!\",\"publisher\":{\"@id\":\"https:\/\/agenciainfra.com\/blog\/#organization\"},\"potentialAction\":[{\"@type\":\"SearchAction\",\"target\":{\"@type\":\"EntryPoint\",\"urlTemplate\":\"https:\/\/agenciainfra.com\/blog\/?s={search_term_string}\"},\"query-input\":{\"@type\":\"PropertyValueSpecification\",\"valueRequired\":true,\"valueName\":\"search_term_string\"}}],\"inLanguage\":\"pt-BR\"},{\"@type\":\"Organization\",\"@id\":\"https:\/\/agenciainfra.com\/blog\/#organization\",\"name\":\"Ag\u00eancia iNFRA\",\"url\":\"https:\/\/agenciainfra.com\/blog\/\",\"logo\":{\"@type\":\"ImageObject\",\"inLanguage\":\"pt-BR\",\"@id\":\"https:\/\/agenciainfra.com\/blog\/#\/schema\/logo\/image\/\",\"url\":\"https:\/\/agenciainfra.com\/blog\/wp-content\/uploads\/2023\/09\/iNFRA_5-e1761735885940.png\",\"contentUrl\":\"https:\/\/agenciainfra.com\/blog\/wp-content\/uploads\/2023\/09\/iNFRA_5-e1761735885940.png\",\"width\":1672,\"height\":454,\"caption\":\"Ag\u00eancia iNFRA\"},\"image\":{\"@id\":\"https:\/\/agenciainfra.com\/blog\/#\/schema\/logo\/image\/\"},\"sameAs\":[\"https:\/\/www.facebook.com\/ageninfra\",\"https:\/\/x.com\/agencia_infra\",\"https:\/\/www.linkedin.com\/company\/ag\u00eanciainfra\/\",\"https:\/\/www.instagram.com\/agenciainfra\/\"]},{\"@type\":\"Person\",\"@id\":\"https:\/\/agenciainfra.com\/blog\/#\/schema\/person\/34af08dff6adea4cb22b06612ba7acfa\",\"name\":\"Ag\u00eancia iNFRA\",\"image\":{\"@type\":\"ImageObject\",\"inLanguage\":\"pt-BR\",\"@id\":\"https:\/\/agenciainfra.com\/blog\/#\/schema\/person\/image\/\",\"url\":\"https:\/\/secure.gravatar.com\/avatar\/d189e01678f06d8eb84d4e01f08eb848b3fffe3f8443818d3c356c66892f5be8?s=96&d=mm&r=g\",\"contentUrl\":\"https:\/\/secure.gravatar.com\/avatar\/d189e01678f06d8eb84d4e01f08eb848b3fffe3f8443818d3c356c66892f5be8?s=96&d=mm&r=g\",\"caption\":\"Ag\u00eancia iNFRA\"},\"url\":\"https:\/\/agenciainfra.com\/blog\/author\/admin\/\"}]}<\/script>\n<!-- \/ Yoast SEO Premium plugin. -->","yoast_head_json":{"title":"Sem defini\u00e7\u00e3o oficial sobre compra da Bamin, tens\u00e3o entre governo e Vale aumenta - Ag\u00eancia iNFRA","robots":{"index":"index","follow":"follow","max-snippet":"max-snippet:-1","max-image-preview":"max-image-preview:large","max-video-preview":"max-video-preview:-1"},"canonical":"https:\/\/agenciainfra.com\/blog\/sem-definicao-oficial-sobre-compra-da-bamin-tensao-entre-governo-e-vale-aumenta\/","og_locale":"pt_BR","og_type":"article","og_title":"Sem defini\u00e7\u00e3o oficial sobre compra da Bamin, tens\u00e3o entre governo e Vale aumenta","og_description":"Bernardo Gonzaga e Sheyla Santos, da Ag\u00eancia iNFRA Sem uma defini\u00e7\u00e3o oficial sobre a compra ou n\u00e3o da Bamin, o clima de tens\u00e3o entre a Vale e o governo come\u00e7ou a aumentar. Desde o ano passado, a Vale avalia adquirir os ativos da empresa do Cazaquist\u00e3o, que tem uma mina de min\u00e9rio de ferro em [&hellip;]","og_url":"https:\/\/agenciainfra.com\/blog\/sem-definicao-oficial-sobre-compra-da-bamin-tensao-entre-governo-e-vale-aumenta\/","og_site_name":"Ag\u00eancia iNFRA","article_publisher":"https:\/\/www.facebook.com\/ageninfra","article_published_time":"2025-05-22T14:00:00+00:00","article_modified_time":"2025-05-23T12:06:02+00:00","og_image":[{"width":1280,"height":960,"url":"https:\/\/agenciainfra.com\/blog\/wp-content\/uploads\/2020\/07\/estrada-de-ferro-carajas-foto-agencia-vale.jpg","type":"image\/jpeg"}],"author":"Ag\u00eancia iNFRA","twitter_card":"summary_large_image","twitter_creator":"@agencia_infra","twitter_site":"@agencia_infra","twitter_misc":{"Escrito por":"Ag\u00eancia iNFRA","Est. tempo de leitura":"4 minutos"},"schema":{"@context":"https:\/\/schema.org","@graph":[{"@type":"Article","@id":"https:\/\/agenciainfra.com\/blog\/sem-definicao-oficial-sobre-compra-da-bamin-tensao-entre-governo-e-vale-aumenta\/#article","isPartOf":{"@id":"https:\/\/agenciainfra.com\/blog\/sem-definicao-oficial-sobre-compra-da-bamin-tensao-entre-governo-e-vale-aumenta\/"},"author":{"name":"Ag\u00eancia iNFRA","@id":"https:\/\/agenciainfra.com\/blog\/#\/schema\/person\/34af08dff6adea4cb22b06612ba7acfa"},"headline":"Sem defini\u00e7\u00e3o oficial sobre compra da Bamin, tens\u00e3o entre governo e Vale aumenta","datePublished":"2025-05-22T14:00:00+00:00","dateModified":"2025-05-23T12:06:02+00:00","mainEntityOfPage":{"@id":"https:\/\/agenciainfra.com\/blog\/sem-definicao-oficial-sobre-compra-da-bamin-tensao-entre-governo-e-vale-aumenta\/"},"wordCount":901,"publisher":{"@id":"https:\/\/agenciainfra.com\/blog\/#organization"},"image":{"@id":"https:\/\/agenciainfra.com\/blog\/sem-definicao-oficial-sobre-compra-da-bamin-tensao-entre-governo-e-vale-aumenta\/#primaryimage"},"thumbnailUrl":"https:\/\/agenciainfra.com\/blog\/wp-content\/uploads\/2020\/07\/estrada-de-ferro-carajas-foto-agencia-vale.jpg","keywords":["Bamin","bamin e vale","bernardo gonzaga","cargas","Ferrovias","Fiol I","minera\u00e7\u00e3o","min\u00e9rio de ferro","Sheyla Santos","transporte ferrovi\u00e1rio","Vale","venda da bamin"],"articleSection":["Destaque lista","Geral","Minera\u00e7\u00e3o"],"inLanguage":"pt-BR","copyrightYear":"2025","copyrightHolder":{"@id":"https:\/\/agenciainfra.com\/blog\/#organization"}},{"@type":"WebPage","@id":"https:\/\/agenciainfra.com\/blog\/sem-definicao-oficial-sobre-compra-da-bamin-tensao-entre-governo-e-vale-aumenta\/","url":"https:\/\/agenciainfra.com\/blog\/sem-definicao-oficial-sobre-compra-da-bamin-tensao-entre-governo-e-vale-aumenta\/","name":"Sem defini\u00e7\u00e3o oficial sobre compra da Bamin, tens\u00e3o entre governo e Vale aumenta - Ag\u00eancia iNFRA","isPartOf":{"@id":"https:\/\/agenciainfra.com\/blog\/#website"},"primaryImageOfPage":{"@id":"https:\/\/agenciainfra.com\/blog\/sem-definicao-oficial-sobre-compra-da-bamin-tensao-entre-governo-e-vale-aumenta\/#primaryimage"},"image":{"@id":"https:\/\/agenciainfra.com\/blog\/sem-definicao-oficial-sobre-compra-da-bamin-tensao-entre-governo-e-vale-aumenta\/#primaryimage"},"thumbnailUrl":"https:\/\/agenciainfra.com\/blog\/wp-content\/uploads\/2020\/07\/estrada-de-ferro-carajas-foto-agencia-vale.jpg","datePublished":"2025-05-22T14:00:00+00:00","dateModified":"2025-05-23T12:06:02+00:00","breadcrumb":{"@id":"https:\/\/agenciainfra.com\/blog\/sem-definicao-oficial-sobre-compra-da-bamin-tensao-entre-governo-e-vale-aumenta\/#breadcrumb"},"inLanguage":"pt-BR","potentialAction":[{"@type":"ReadAction","target":["https:\/\/agenciainfra.com\/blog\/sem-definicao-oficial-sobre-compra-da-bamin-tensao-entre-governo-e-vale-aumenta\/"]}]},{"@type":"ImageObject","inLanguage":"pt-BR","@id":"https:\/\/agenciainfra.com\/blog\/sem-definicao-oficial-sobre-compra-da-bamin-tensao-entre-governo-e-vale-aumenta\/#primaryimage","url":"https:\/\/agenciainfra.com\/blog\/wp-content\/uploads\/2020\/07\/estrada-de-ferro-carajas-foto-agencia-vale.jpg","contentUrl":"https:\/\/agenciainfra.com\/blog\/wp-content\/uploads\/2020\/07\/estrada-de-ferro-carajas-foto-agencia-vale.jpg","width":1280,"height":960},{"@type":"BreadcrumbList","@id":"https:\/\/agenciainfra.com\/blog\/sem-definicao-oficial-sobre-compra-da-bamin-tensao-entre-governo-e-vale-aumenta\/#breadcrumb","itemListElement":[{"@type":"ListItem","position":1,"name":"In\u00edcio","item":"https:\/\/agenciainfra.com\/blog\/"},{"@type":"ListItem","position":2,"name":"Sem defini\u00e7\u00e3o oficial sobre compra da Bamin, tens\u00e3o entre governo e Vale aumenta"}]},{"@type":"WebSite","@id":"https:\/\/agenciainfra.com\/blog\/#website","url":"https:\/\/agenciainfra.com\/blog\/","name":"Ag\u00eancia iNFRA","description":"Multiplataforma de informa\u00e7\u00e3o jornal\u00edstica refer\u00eancia na \u00e1rea de infraestrutura no Brasil!","publisher":{"@id":"https:\/\/agenciainfra.com\/blog\/#organization"},"potentialAction":[{"@type":"SearchAction","target":{"@type":"EntryPoint","urlTemplate":"https:\/\/agenciainfra.com\/blog\/?s={search_term_string}"},"query-input":{"@type":"PropertyValueSpecification","valueRequired":true,"valueName":"search_term_string"}}],"inLanguage":"pt-BR"},{"@type":"Organization","@id":"https:\/\/agenciainfra.com\/blog\/#organization","name":"Ag\u00eancia iNFRA","url":"https:\/\/agenciainfra.com\/blog\/","logo":{"@type":"ImageObject","inLanguage":"pt-BR","@id":"https:\/\/agenciainfra.com\/blog\/#\/schema\/logo\/image\/","url":"https:\/\/agenciainfra.com\/blog\/wp-content\/uploads\/2023\/09\/iNFRA_5-e1761735885940.png","contentUrl":"https:\/\/agenciainfra.com\/blog\/wp-content\/uploads\/2023\/09\/iNFRA_5-e1761735885940.png","width":1672,"height":454,"caption":"Ag\u00eancia iNFRA"},"image":{"@id":"https:\/\/agenciainfra.com\/blog\/#\/schema\/logo\/image\/"},"sameAs":["https:\/\/www.facebook.com\/ageninfra","https:\/\/x.com\/agencia_infra","https:\/\/www.linkedin.com\/company\/ag\u00eanciainfra\/","https:\/\/www.instagram.com\/agenciainfra\/"]},{"@type":"Person","@id":"https:\/\/agenciainfra.com\/blog\/#\/schema\/person\/34af08dff6adea4cb22b06612ba7acfa","name":"Ag\u00eancia iNFRA","image":{"@type":"ImageObject","inLanguage":"pt-BR","@id":"https:\/\/agenciainfra.com\/blog\/#\/schema\/person\/image\/","url":"https:\/\/secure.gravatar.com\/avatar\/d189e01678f06d8eb84d4e01f08eb848b3fffe3f8443818d3c356c66892f5be8?s=96&d=mm&r=g","contentUrl":"https:\/\/secure.gravatar.com\/avatar\/d189e01678f06d8eb84d4e01f08eb848b3fffe3f8443818d3c356c66892f5be8?s=96&d=mm&r=g","caption":"Ag\u00eancia iNFRA"},"url":"https:\/\/agenciainfra.com\/blog\/author\/admin\/"}]}},"_links":{"self":[{"href":"https:\/\/agenciainfra.com\/blog\/wp-json\/wp\/v2\/posts\/21936","targetHints":{"allow":["GET"]}}],"collection":[{"href":"https:\/\/agenciainfra.com\/blog\/wp-json\/wp\/v2\/posts"}],"about":[{"href":"https:\/\/agenciainfra.com\/blog\/wp-json\/wp\/v2\/types\/post"}],"author":[{"embeddable":true,"href":"https:\/\/agenciainfra.com\/blog\/wp-json\/wp\/v2\/users\/1"}],"replies":[{"embeddable":true,"href":"https:\/\/agenciainfra.com\/blog\/wp-json\/wp\/v2\/comments?post=21936"}],"version-history":[{"count":1,"href":"https:\/\/agenciainfra.com\/blog\/wp-json\/wp\/v2\/posts\/21936\/revisions"}],"predecessor-version":[{"id":21937,"href":"https:\/\/agenciainfra.com\/blog\/wp-json\/wp\/v2\/posts\/21936\/revisions\/21937"}],"wp:featuredmedia":[{"embeddable":true,"href":"https:\/\/agenciainfra.com\/blog\/wp-json\/wp\/v2\/media\/5549"}],"wp:attachment":[{"href":"https:\/\/agenciainfra.com\/blog\/wp-json\/wp\/v2\/media?parent=21936"}],"wp:term":[{"taxonomy":"category","embeddable":true,"href":"https:\/\/agenciainfra.com\/blog\/wp-json\/wp\/v2\/categories?post=21936"},{"taxonomy":"post_tag","embeddable":true,"href":"https:\/\/agenciainfra.com\/blog\/wp-json\/wp\/v2\/tags?post=21936"}],"curies":[{"name":"wp","href":"https:\/\/api.w.org\/{rel}","templated":true}]}}