{"id":21958,"date":"2025-05-21T15:00:35","date_gmt":"2025-05-21T18:00:35","guid":{"rendered":"https:\/\/agenciainfra.com\/blog\/?p=21958"},"modified":"2025-05-22T23:55:34","modified_gmt":"2025-05-23T02:55:34","slug":"mp-do-setor-eletrico-antecipa-abertura-do-mercado-livre-de-energia-para-baixa-tensao-para-2026","status":"publish","type":"post","link":"https:\/\/agenciainfra.com\/blog\/mp-do-setor-eletrico-antecipa-abertura-do-mercado-livre-de-energia-para-baixa-tensao-para-2026\/","title":{"rendered":"MP do setor el\u00e9trico antecipa abertura do mercado livre de energia para baixa tens\u00e3o para 2026"},"content":{"rendered":"\n<p class=\"has-text-align-right\"><strong>Geraldo Campos Jr. e Lais Carregosa, da Ag\u00eancia iNFRA<\/strong><\/p>\n\n\n\n<p>A MP (Medida Provis\u00f3ria) do setor el\u00e9trico, assinada pelo presidente Lula nesta quarta-feira (21), antecipou a abertura do mercado livre de energia para a baixa tens\u00e3o a partir de agosto de 2026. A minuta encaminhada \u00e0 Casa Civil em abril previa abertura a partir de 2027. A MP deve ser publicada ainda hoje (21) em edi\u00e7\u00e3o extra do Di\u00e1rio Oficial da Uni\u00e3o.<\/p>\n\n\n\n<p>De acordo com a apresenta\u00e7\u00e3o feita aos presidentes do Senado e da C\u00e2mara dos Deputados, Davi Alcolumbre (Uni\u00e3o-AP) e Hugo Motta (Republicanos-PB), a abertura ser\u00e1 feita a partir de agosto de 2026 para ind\u00fastria e com\u00e9rcio em baixa tens\u00e3o. J\u00e1 para os demais consumidores, a abertura ser\u00e1 a partir de dezembro de 2027.<\/p>\n\n\n\n<p>O texto foi assinado em reuni\u00e3o fechada no Pal\u00e1cio do Planalto, com participa\u00e7\u00e3o dos ministros Alexandre Silveira (Minas e Energia) e Gleisi Hoffmann (Rela\u00e7\u00f5es Institucionais), al\u00e9m de l\u00edderes do governo no Congresso.<\/p>\n\n\n\n<p>\u00c0 imprensa, nesta quarta-feira (21), o ministro da Casa Civil, Rui Costa, disse que o texto ser\u00e1 analisado em uma comiss\u00e3o mista do Congresso e a tramita\u00e7\u00e3o foi acordada entre Alcolumbre e Motta. Os dois participaram da reuni\u00e3o com o presidente Lula.<\/p>\n\n\n\n<p>\u201cOs presidentes do Senado e da C\u00e2mara j\u00e1 pactuaram o fluxo de tramita\u00e7\u00e3o da MP e vai ser montada uma Comiss\u00e3o mista do Senado e da C\u00e2mara\u201d, afirmou Rui Costa em entrevista no Pal\u00e1cio do Planalto.<\/p>\n\n\n\n<p><strong>Tarifa Social<br><\/strong>A nova Tarifa Social de Energia El\u00e9trica, com isen\u00e7\u00e3o para o consumo de at\u00e9 80 kWh\/m\u00eas para fam\u00edlias com renda de at\u00e9 meio sal\u00e1rio per capita, come\u00e7ar\u00e1 a valer em 45 dias.<\/p>\n\n\n\n<p>Segundo o ministro de Minas e Energia, Alexandre Silveira, o prazo \u00e9 necess\u00e1rio para que a sistem\u00e1tica seja implementada pelas distribuidoras ao longo de junho. Com isso, a primeira fatura com isen\u00e7\u00e3o ser\u00e1 a de julho.<\/p>\n\n\n\n<p>Com exce\u00e7\u00e3o do per\u00edodo de transi\u00e7\u00e3o para a implementa\u00e7\u00e3o da medida, o trecho sobre tarifa social n\u00e3o sofreu altera\u00e7\u00f5es em rela\u00e7\u00e3o \u00e0 minuta encaminhada \u00e0 Casa Civil no \u00faltimo m\u00eas. A medida deve beneficiar cerca de 60 milh\u00f5es de pessoas, segundo o governo.<\/p>\n","protected":false},"excerpt":{"rendered":"<p>Geraldo Campos Jr. e Lais Carregosa, da Ag\u00eancia iNFRA A MP (Medida Provis\u00f3ria) do setor el\u00e9trico, assinada pelo presidente Lula nesta quarta-feira (21), antecipou a abertura do mercado livre de energia para a baixa tens\u00e3o a partir de agosto de 2026. A minuta encaminhada \u00e0 Casa Civil em abril previa abertura a partir de 2027. [&hellip;]<\/p>\n","protected":false},"author":1,"featured_media":21961,"comment_status":"closed","ping_status":"closed","sticky":false,"template":"","format":"standard","meta":{"_monsterinsights_skip_tracking":false,"_monsterinsights_sitenote_active":false,"_monsterinsights_sitenote_note":"","_monsterinsights_sitenote_category":0,"footnotes":""},"categories":[1,10],"tags":[6040,1228,11594,2415,13132,76,924,284,13261,3797],"class_list":["post-21958","post","type-post","status-publish","format-standard","has-post-thumbnail","hentry","category-geral","category-infraenergia","tag-alexandre-silveira","tag-davi-alcolumbre","tag-geraldo-campos-jr","tag-hugo-motta","tag-lais-carregosa","tag-medida-provisoria","tag-mercado-livre-de-energia","tag-mp","tag-mp-do-setor-eletrico","tag-tarifa-social"],"yoast_head":"<!-- This site is optimized with the Yoast SEO Premium plugin v25.4 (Yoast SEO v26.0) - https:\/\/yoast.com\/wordpress\/plugins\/seo\/ -->\n<title>MP do setor el\u00e9trico antecipa abertura do mercado livre de energia para baixa tens\u00e3o para 2026 - Ag\u00eancia iNFRA<\/title>\n<meta name=\"robots\" content=\"index, follow, max-snippet:-1, max-image-preview:large, max-video-preview:-1\" \/>\n<link rel=\"canonical\" href=\"https:\/\/agenciainfra.com\/blog\/mp-do-setor-eletrico-antecipa-abertura-do-mercado-livre-de-energia-para-baixa-tensao-para-2026\/\" \/>\n<meta property=\"og:locale\" content=\"pt_BR\" \/>\n<meta property=\"og:type\" content=\"article\" \/>\n<meta property=\"og:title\" content=\"MP do setor el\u00e9trico antecipa abertura do mercado livre de energia para baixa tens\u00e3o para 2026\" \/>\n<meta property=\"og:description\" content=\"Geraldo Campos Jr. e Lais Carregosa, da Ag\u00eancia iNFRA A MP (Medida Provis\u00f3ria) do setor el\u00e9trico, assinada pelo presidente Lula nesta quarta-feira (21), antecipou a abertura do mercado livre de energia para a baixa tens\u00e3o a partir de agosto de 2026. A minuta encaminhada \u00e0 Casa Civil em abril previa abertura a partir de 2027. [&hellip;]\" \/>\n<meta property=\"og:url\" content=\"https:\/\/agenciainfra.com\/blog\/mp-do-setor-eletrico-antecipa-abertura-do-mercado-livre-de-energia-para-baixa-tensao-para-2026\/\" \/>\n<meta property=\"og:site_name\" content=\"Ag\u00eancia iNFRA\" \/>\n<meta property=\"article:publisher\" content=\"https:\/\/www.facebook.com\/ageninfra\" \/>\n<meta property=\"article:published_time\" content=\"2025-05-21T18:00:35+00:00\" \/>\n<meta property=\"article:modified_time\" content=\"2025-05-23T02:55:34+00:00\" \/>\n<meta property=\"og:image\" content=\"https:\/\/agenciainfra.com\/blog\/wp-content\/uploads\/2025\/05\/mp-setor-eletrico-assinada-lula-silveira-alcolumbre-motta.jpg\" \/>\n\t<meta property=\"og:image:width\" content=\"1280\" \/>\n\t<meta property=\"og:image:height\" content=\"762\" \/>\n\t<meta property=\"og:image:type\" content=\"image\/jpeg\" \/>\n<meta name=\"author\" content=\"Ag\u00eancia iNFRA\" \/>\n<meta name=\"twitter:card\" content=\"summary_large_image\" \/>\n<meta name=\"twitter:creator\" content=\"@agencia_infra\" \/>\n<meta name=\"twitter:site\" content=\"@agencia_infra\" \/>\n<meta name=\"twitter:label1\" content=\"Escrito por\" \/>\n\t<meta name=\"twitter:data1\" content=\"Ag\u00eancia iNFRA\" \/>\n\t<meta name=\"twitter:label2\" content=\"Est. tempo de leitura\" \/>\n\t<meta name=\"twitter:data2\" content=\"2 minutos\" \/>\n<script type=\"application\/ld+json\" class=\"yoast-schema-graph\">{\"@context\":\"https:\/\/schema.org\",\"@graph\":[{\"@type\":\"Article\",\"@id\":\"https:\/\/agenciainfra.com\/blog\/mp-do-setor-eletrico-antecipa-abertura-do-mercado-livre-de-energia-para-baixa-tensao-para-2026\/#article\",\"isPartOf\":{\"@id\":\"https:\/\/agenciainfra.com\/blog\/mp-do-setor-eletrico-antecipa-abertura-do-mercado-livre-de-energia-para-baixa-tensao-para-2026\/\"},\"author\":{\"name\":\"Ag\u00eancia iNFRA\",\"@id\":\"https:\/\/agenciainfra.com\/blog\/#\/schema\/person\/34af08dff6adea4cb22b06612ba7acfa\"},\"headline\":\"MP do setor el\u00e9trico antecipa abertura do mercado livre de energia para baixa tens\u00e3o para 2026\",\"datePublished\":\"2025-05-21T18:00:35+00:00\",\"dateModified\":\"2025-05-23T02:55:34+00:00\",\"mainEntityOfPage\":{\"@id\":\"https:\/\/agenciainfra.com\/blog\/mp-do-setor-eletrico-antecipa-abertura-do-mercado-livre-de-energia-para-baixa-tensao-para-2026\/\"},\"wordCount\":395,\"publisher\":{\"@id\":\"https:\/\/agenciainfra.com\/blog\/#organization\"},\"image\":{\"@id\":\"https:\/\/agenciainfra.com\/blog\/mp-do-setor-eletrico-antecipa-abertura-do-mercado-livre-de-energia-para-baixa-tensao-para-2026\/#primaryimage\"},\"thumbnailUrl\":\"https:\/\/agenciainfra.com\/blog\/wp-content\/uploads\/2025\/05\/mp-setor-eletrico-assinada-lula-silveira-alcolumbre-motta.jpg\",\"keywords\":[\"Alexandre Silveira\",\"Davi Alcolumbre\",\"Geraldo Campos Jr.\",\"Hugo Motta\",\"Lais Carregosa\",\"Medida Provis\u00f3ria\",\"mercado livre de energia\",\"MP\",\"mp do setor el\u00e9trico\",\"Tarifa Social\"],\"articleSection\":[\"Geral\",\"iNFRAEnergia\"],\"inLanguage\":\"pt-BR\",\"copyrightYear\":\"2025\",\"copyrightHolder\":{\"@id\":\"https:\/\/agenciainfra.com\/blog\/#organization\"}},{\"@type\":\"WebPage\",\"@id\":\"https:\/\/agenciainfra.com\/blog\/mp-do-setor-eletrico-antecipa-abertura-do-mercado-livre-de-energia-para-baixa-tensao-para-2026\/\",\"url\":\"https:\/\/agenciainfra.com\/blog\/mp-do-setor-eletrico-antecipa-abertura-do-mercado-livre-de-energia-para-baixa-tensao-para-2026\/\",\"name\":\"MP do setor el\u00e9trico antecipa abertura do mercado livre de energia para baixa tens\u00e3o para 2026 - Ag\u00eancia iNFRA\",\"isPartOf\":{\"@id\":\"https:\/\/agenciainfra.com\/blog\/#website\"},\"primaryImageOfPage\":{\"@id\":\"https:\/\/agenciainfra.com\/blog\/mp-do-setor-eletrico-antecipa-abertura-do-mercado-livre-de-energia-para-baixa-tensao-para-2026\/#primaryimage\"},\"image\":{\"@id\":\"https:\/\/agenciainfra.com\/blog\/mp-do-setor-eletrico-antecipa-abertura-do-mercado-livre-de-energia-para-baixa-tensao-para-2026\/#primaryimage\"},\"thumbnailUrl\":\"https:\/\/agenciainfra.com\/blog\/wp-content\/uploads\/2025\/05\/mp-setor-eletrico-assinada-lula-silveira-alcolumbre-motta.jpg\",\"datePublished\":\"2025-05-21T18:00:35+00:00\",\"dateModified\":\"2025-05-23T02:55:34+00:00\",\"breadcrumb\":{\"@id\":\"https:\/\/agenciainfra.com\/blog\/mp-do-setor-eletrico-antecipa-abertura-do-mercado-livre-de-energia-para-baixa-tensao-para-2026\/#breadcrumb\"},\"inLanguage\":\"pt-BR\",\"potentialAction\":[{\"@type\":\"ReadAction\",\"target\":[\"https:\/\/agenciainfra.com\/blog\/mp-do-setor-eletrico-antecipa-abertura-do-mercado-livre-de-energia-para-baixa-tensao-para-2026\/\"]}]},{\"@type\":\"ImageObject\",\"inLanguage\":\"pt-BR\",\"@id\":\"https:\/\/agenciainfra.com\/blog\/mp-do-setor-eletrico-antecipa-abertura-do-mercado-livre-de-energia-para-baixa-tensao-para-2026\/#primaryimage\",\"url\":\"https:\/\/agenciainfra.com\/blog\/wp-content\/uploads\/2025\/05\/mp-setor-eletrico-assinada-lula-silveira-alcolumbre-motta.jpg\",\"contentUrl\":\"https:\/\/agenciainfra.com\/blog\/wp-content\/uploads\/2025\/05\/mp-setor-eletrico-assinada-lula-silveira-alcolumbre-motta.jpg\",\"width\":1280,\"height\":762},{\"@type\":\"BreadcrumbList\",\"@id\":\"https:\/\/agenciainfra.com\/blog\/mp-do-setor-eletrico-antecipa-abertura-do-mercado-livre-de-energia-para-baixa-tensao-para-2026\/#breadcrumb\",\"itemListElement\":[{\"@type\":\"ListItem\",\"position\":1,\"name\":\"In\u00edcio\",\"item\":\"https:\/\/agenciainfra.com\/blog\/\"},{\"@type\":\"ListItem\",\"position\":2,\"name\":\"MP do setor el\u00e9trico antecipa abertura do mercado livre de energia para baixa tens\u00e3o para 2026\"}]},{\"@type\":\"WebSite\",\"@id\":\"https:\/\/agenciainfra.com\/blog\/#website\",\"url\":\"https:\/\/agenciainfra.com\/blog\/\",\"name\":\"Ag\u00eancia iNFRA\",\"description\":\"Multiplataforma de informa\u00e7\u00e3o jornal\u00edstica refer\u00eancia na \u00e1rea de infraestrutura no Brasil!\",\"publisher\":{\"@id\":\"https:\/\/agenciainfra.com\/blog\/#organization\"},\"potentialAction\":[{\"@type\":\"SearchAction\",\"target\":{\"@type\":\"EntryPoint\",\"urlTemplate\":\"https:\/\/agenciainfra.com\/blog\/?s={search_term_string}\"},\"query-input\":{\"@type\":\"PropertyValueSpecification\",\"valueRequired\":true,\"valueName\":\"search_term_string\"}}],\"inLanguage\":\"pt-BR\"},{\"@type\":\"Organization\",\"@id\":\"https:\/\/agenciainfra.com\/blog\/#organization\",\"name\":\"Ag\u00eancia iNFRA\",\"url\":\"https:\/\/agenciainfra.com\/blog\/\",\"logo\":{\"@type\":\"ImageObject\",\"inLanguage\":\"pt-BR\",\"@id\":\"https:\/\/agenciainfra.com\/blog\/#\/schema\/logo\/image\/\",\"url\":\"https:\/\/agenciainfra.com\/blog\/wp-content\/uploads\/2023\/09\/iNFRA_5-e1761735885940.png\",\"contentUrl\":\"https:\/\/agenciainfra.com\/blog\/wp-content\/uploads\/2023\/09\/iNFRA_5-e1761735885940.png\",\"width\":1672,\"height\":454,\"caption\":\"Ag\u00eancia iNFRA\"},\"image\":{\"@id\":\"https:\/\/agenciainfra.com\/blog\/#\/schema\/logo\/image\/\"},\"sameAs\":[\"https:\/\/www.facebook.com\/ageninfra\",\"https:\/\/x.com\/agencia_infra\",\"https:\/\/www.linkedin.com\/company\/ag\u00eanciainfra\/\",\"https:\/\/www.instagram.com\/agenciainfra\/\"]},{\"@type\":\"Person\",\"@id\":\"https:\/\/agenciainfra.com\/blog\/#\/schema\/person\/34af08dff6adea4cb22b06612ba7acfa\",\"name\":\"Ag\u00eancia iNFRA\",\"image\":{\"@type\":\"ImageObject\",\"inLanguage\":\"pt-BR\",\"@id\":\"https:\/\/agenciainfra.com\/blog\/#\/schema\/person\/image\/\",\"url\":\"https:\/\/secure.gravatar.com\/avatar\/d189e01678f06d8eb84d4e01f08eb848b3fffe3f8443818d3c356c66892f5be8?s=96&d=mm&r=g\",\"contentUrl\":\"https:\/\/secure.gravatar.com\/avatar\/d189e01678f06d8eb84d4e01f08eb848b3fffe3f8443818d3c356c66892f5be8?s=96&d=mm&r=g\",\"caption\":\"Ag\u00eancia iNFRA\"},\"url\":\"https:\/\/agenciainfra.com\/blog\/author\/admin\/\"}]}<\/script>\n<!-- \/ Yoast SEO Premium plugin. -->","yoast_head_json":{"title":"MP do setor el\u00e9trico antecipa abertura do mercado livre de energia para baixa tens\u00e3o para 2026 - Ag\u00eancia iNFRA","robots":{"index":"index","follow":"follow","max-snippet":"max-snippet:-1","max-image-preview":"max-image-preview:large","max-video-preview":"max-video-preview:-1"},"canonical":"https:\/\/agenciainfra.com\/blog\/mp-do-setor-eletrico-antecipa-abertura-do-mercado-livre-de-energia-para-baixa-tensao-para-2026\/","og_locale":"pt_BR","og_type":"article","og_title":"MP do setor el\u00e9trico antecipa abertura do mercado livre de energia para baixa tens\u00e3o para 2026","og_description":"Geraldo Campos Jr. e Lais Carregosa, da Ag\u00eancia iNFRA A MP (Medida Provis\u00f3ria) do setor el\u00e9trico, assinada pelo presidente Lula nesta quarta-feira (21), antecipou a abertura do mercado livre de energia para a baixa tens\u00e3o a partir de agosto de 2026. A minuta encaminhada \u00e0 Casa Civil em abril previa abertura a partir de 2027. [&hellip;]","og_url":"https:\/\/agenciainfra.com\/blog\/mp-do-setor-eletrico-antecipa-abertura-do-mercado-livre-de-energia-para-baixa-tensao-para-2026\/","og_site_name":"Ag\u00eancia iNFRA","article_publisher":"https:\/\/www.facebook.com\/ageninfra","article_published_time":"2025-05-21T18:00:35+00:00","article_modified_time":"2025-05-23T02:55:34+00:00","og_image":[{"width":1280,"height":762,"url":"https:\/\/agenciainfra.com\/blog\/wp-content\/uploads\/2025\/05\/mp-setor-eletrico-assinada-lula-silveira-alcolumbre-motta.jpg","type":"image\/jpeg"}],"author":"Ag\u00eancia iNFRA","twitter_card":"summary_large_image","twitter_creator":"@agencia_infra","twitter_site":"@agencia_infra","twitter_misc":{"Escrito por":"Ag\u00eancia iNFRA","Est. tempo de leitura":"2 minutos"},"schema":{"@context":"https:\/\/schema.org","@graph":[{"@type":"Article","@id":"https:\/\/agenciainfra.com\/blog\/mp-do-setor-eletrico-antecipa-abertura-do-mercado-livre-de-energia-para-baixa-tensao-para-2026\/#article","isPartOf":{"@id":"https:\/\/agenciainfra.com\/blog\/mp-do-setor-eletrico-antecipa-abertura-do-mercado-livre-de-energia-para-baixa-tensao-para-2026\/"},"author":{"name":"Ag\u00eancia iNFRA","@id":"https:\/\/agenciainfra.com\/blog\/#\/schema\/person\/34af08dff6adea4cb22b06612ba7acfa"},"headline":"MP do setor el\u00e9trico antecipa abertura do mercado livre de energia para baixa tens\u00e3o para 2026","datePublished":"2025-05-21T18:00:35+00:00","dateModified":"2025-05-23T02:55:34+00:00","mainEntityOfPage":{"@id":"https:\/\/agenciainfra.com\/blog\/mp-do-setor-eletrico-antecipa-abertura-do-mercado-livre-de-energia-para-baixa-tensao-para-2026\/"},"wordCount":395,"publisher":{"@id":"https:\/\/agenciainfra.com\/blog\/#organization"},"image":{"@id":"https:\/\/agenciainfra.com\/blog\/mp-do-setor-eletrico-antecipa-abertura-do-mercado-livre-de-energia-para-baixa-tensao-para-2026\/#primaryimage"},"thumbnailUrl":"https:\/\/agenciainfra.com\/blog\/wp-content\/uploads\/2025\/05\/mp-setor-eletrico-assinada-lula-silveira-alcolumbre-motta.jpg","keywords":["Alexandre Silveira","Davi Alcolumbre","Geraldo Campos Jr.","Hugo Motta","Lais Carregosa","Medida Provis\u00f3ria","mercado livre de energia","MP","mp do setor el\u00e9trico","Tarifa Social"],"articleSection":["Geral","iNFRAEnergia"],"inLanguage":"pt-BR","copyrightYear":"2025","copyrightHolder":{"@id":"https:\/\/agenciainfra.com\/blog\/#organization"}},{"@type":"WebPage","@id":"https:\/\/agenciainfra.com\/blog\/mp-do-setor-eletrico-antecipa-abertura-do-mercado-livre-de-energia-para-baixa-tensao-para-2026\/","url":"https:\/\/agenciainfra.com\/blog\/mp-do-setor-eletrico-antecipa-abertura-do-mercado-livre-de-energia-para-baixa-tensao-para-2026\/","name":"MP do setor el\u00e9trico antecipa abertura do mercado livre de energia para baixa tens\u00e3o para 2026 - Ag\u00eancia iNFRA","isPartOf":{"@id":"https:\/\/agenciainfra.com\/blog\/#website"},"primaryImageOfPage":{"@id":"https:\/\/agenciainfra.com\/blog\/mp-do-setor-eletrico-antecipa-abertura-do-mercado-livre-de-energia-para-baixa-tensao-para-2026\/#primaryimage"},"image":{"@id":"https:\/\/agenciainfra.com\/blog\/mp-do-setor-eletrico-antecipa-abertura-do-mercado-livre-de-energia-para-baixa-tensao-para-2026\/#primaryimage"},"thumbnailUrl":"https:\/\/agenciainfra.com\/blog\/wp-content\/uploads\/2025\/05\/mp-setor-eletrico-assinada-lula-silveira-alcolumbre-motta.jpg","datePublished":"2025-05-21T18:00:35+00:00","dateModified":"2025-05-23T02:55:34+00:00","breadcrumb":{"@id":"https:\/\/agenciainfra.com\/blog\/mp-do-setor-eletrico-antecipa-abertura-do-mercado-livre-de-energia-para-baixa-tensao-para-2026\/#breadcrumb"},"inLanguage":"pt-BR","potentialAction":[{"@type":"ReadAction","target":["https:\/\/agenciainfra.com\/blog\/mp-do-setor-eletrico-antecipa-abertura-do-mercado-livre-de-energia-para-baixa-tensao-para-2026\/"]}]},{"@type":"ImageObject","inLanguage":"pt-BR","@id":"https:\/\/agenciainfra.com\/blog\/mp-do-setor-eletrico-antecipa-abertura-do-mercado-livre-de-energia-para-baixa-tensao-para-2026\/#primaryimage","url":"https:\/\/agenciainfra.com\/blog\/wp-content\/uploads\/2025\/05\/mp-setor-eletrico-assinada-lula-silveira-alcolumbre-motta.jpg","contentUrl":"https:\/\/agenciainfra.com\/blog\/wp-content\/uploads\/2025\/05\/mp-setor-eletrico-assinada-lula-silveira-alcolumbre-motta.jpg","width":1280,"height":762},{"@type":"BreadcrumbList","@id":"https:\/\/agenciainfra.com\/blog\/mp-do-setor-eletrico-antecipa-abertura-do-mercado-livre-de-energia-para-baixa-tensao-para-2026\/#breadcrumb","itemListElement":[{"@type":"ListItem","position":1,"name":"In\u00edcio","item":"https:\/\/agenciainfra.com\/blog\/"},{"@type":"ListItem","position":2,"name":"MP do setor el\u00e9trico antecipa abertura do mercado livre de energia para baixa tens\u00e3o para 2026"}]},{"@type":"WebSite","@id":"https:\/\/agenciainfra.com\/blog\/#website","url":"https:\/\/agenciainfra.com\/blog\/","name":"Ag\u00eancia iNFRA","description":"Multiplataforma de informa\u00e7\u00e3o jornal\u00edstica refer\u00eancia na \u00e1rea de infraestrutura no Brasil!","publisher":{"@id":"https:\/\/agenciainfra.com\/blog\/#organization"},"potentialAction":[{"@type":"SearchAction","target":{"@type":"EntryPoint","urlTemplate":"https:\/\/agenciainfra.com\/blog\/?s={search_term_string}"},"query-input":{"@type":"PropertyValueSpecification","valueRequired":true,"valueName":"search_term_string"}}],"inLanguage":"pt-BR"},{"@type":"Organization","@id":"https:\/\/agenciainfra.com\/blog\/#organization","name":"Ag\u00eancia iNFRA","url":"https:\/\/agenciainfra.com\/blog\/","logo":{"@type":"ImageObject","inLanguage":"pt-BR","@id":"https:\/\/agenciainfra.com\/blog\/#\/schema\/logo\/image\/","url":"https:\/\/agenciainfra.com\/blog\/wp-content\/uploads\/2023\/09\/iNFRA_5-e1761735885940.png","contentUrl":"https:\/\/agenciainfra.com\/blog\/wp-content\/uploads\/2023\/09\/iNFRA_5-e1761735885940.png","width":1672,"height":454,"caption":"Ag\u00eancia iNFRA"},"image":{"@id":"https:\/\/agenciainfra.com\/blog\/#\/schema\/logo\/image\/"},"sameAs":["https:\/\/www.facebook.com\/ageninfra","https:\/\/x.com\/agencia_infra","https:\/\/www.linkedin.com\/company\/ag\u00eanciainfra\/","https:\/\/www.instagram.com\/agenciainfra\/"]},{"@type":"Person","@id":"https:\/\/agenciainfra.com\/blog\/#\/schema\/person\/34af08dff6adea4cb22b06612ba7acfa","name":"Ag\u00eancia iNFRA","image":{"@type":"ImageObject","inLanguage":"pt-BR","@id":"https:\/\/agenciainfra.com\/blog\/#\/schema\/person\/image\/","url":"https:\/\/secure.gravatar.com\/avatar\/d189e01678f06d8eb84d4e01f08eb848b3fffe3f8443818d3c356c66892f5be8?s=96&d=mm&r=g","contentUrl":"https:\/\/secure.gravatar.com\/avatar\/d189e01678f06d8eb84d4e01f08eb848b3fffe3f8443818d3c356c66892f5be8?s=96&d=mm&r=g","caption":"Ag\u00eancia iNFRA"},"url":"https:\/\/agenciainfra.com\/blog\/author\/admin\/"}]}},"_links":{"self":[{"href":"https:\/\/agenciainfra.com\/blog\/wp-json\/wp\/v2\/posts\/21958","targetHints":{"allow":["GET"]}}],"collection":[{"href":"https:\/\/agenciainfra.com\/blog\/wp-json\/wp\/v2\/posts"}],"about":[{"href":"https:\/\/agenciainfra.com\/blog\/wp-json\/wp\/v2\/types\/post"}],"author":[{"embeddable":true,"href":"https:\/\/agenciainfra.com\/blog\/wp-json\/wp\/v2\/users\/1"}],"replies":[{"embeddable":true,"href":"https:\/\/agenciainfra.com\/blog\/wp-json\/wp\/v2\/comments?post=21958"}],"version-history":[{"count":1,"href":"https:\/\/agenciainfra.com\/blog\/wp-json\/wp\/v2\/posts\/21958\/revisions"}],"predecessor-version":[{"id":21959,"href":"https:\/\/agenciainfra.com\/blog\/wp-json\/wp\/v2\/posts\/21958\/revisions\/21959"}],"wp:featuredmedia":[{"embeddable":true,"href":"https:\/\/agenciainfra.com\/blog\/wp-json\/wp\/v2\/media\/21961"}],"wp:attachment":[{"href":"https:\/\/agenciainfra.com\/blog\/wp-json\/wp\/v2\/media?parent=21958"}],"wp:term":[{"taxonomy":"category","embeddable":true,"href":"https:\/\/agenciainfra.com\/blog\/wp-json\/wp\/v2\/categories?post=21958"},{"taxonomy":"post_tag","embeddable":true,"href":"https:\/\/agenciainfra.com\/blog\/wp-json\/wp\/v2\/tags?post=21958"}],"curies":[{"name":"wp","href":"https:\/\/api.w.org\/{rel}","templated":true}]}}