{"id":21983,"date":"2025-05-22T08:00:00","date_gmt":"2025-05-22T11:00:00","guid":{"rendered":"https:\/\/agenciainfra.com\/blog\/?p=21983"},"modified":"2025-05-22T12:17:24","modified_gmt":"2025-05-22T15:17:24","slug":"governo-de-sp-e-mpor-adiam-leilao-do-tunel-santos-guaruja-por-um-mes","status":"publish","type":"post","link":"https:\/\/agenciainfra.com\/blog\/governo-de-sp-e-mpor-adiam-leilao-do-tunel-santos-guaruja-por-um-mes\/","title":{"rendered":"Governo de SP e MPor adiam leil\u00e3o do T\u00fanel Santos-Guaruj\u00e1 por um m\u00eas"},"content":{"rendered":"\n<p class=\"has-text-align-right\"><strong>Amanda Pupo, Sheyla Santos e Mar\u00edlia Sena, da Ag\u00eancia iNFRA<\/strong><\/p>\n\n\n\n<p>O governo de S\u00e3o Paulo e o MPor (Minist\u00e9rio de Portos e Aeroportos) pactuaram nesta quarta-feira (21) o adiamento por um m\u00eas do leil\u00e3o do t\u00fanel Santos-Guaruj\u00e1. O certame vai acontecer em 5 de setembro, na B3, em S\u00e3o Paulo. Antes, estava previsto para o dia 1\u00ba de agosto. A mudan\u00e7a ser\u00e1 oficializada pelo governo paulista.<br><br>O ajuste no calend\u00e1rio atende ao pleito de grupos que pediram mais tempo ao poder p\u00fablico para analisar a concess\u00e3o. As solicita\u00e7\u00f5es foram feitas especialmente por empresas com as quais o governador de S\u00e3o Paulo, Tarc\u00edsio de Freitas, e o ministro de Portos e Aeroportos, Silvio Costa Filho, reuniram-se durante roadshow na Europa realizado em abril. O roteiro incluiu Portugal, Holanda e Dinamarca.&nbsp;A decis\u00e3o pelo adiamento foi tomada em reuni\u00e3o de Costa Filho com Tarc\u00edsio na sede do MPor em Bras\u00edlia nesta quarta.<br><br>A ideia \u00e9 aumentar a concorr\u00eancia no certame, que j\u00e1 tem despertado o interesse de alguns grupos. Recentemente, a Marquise Infraestrutura e a Webuild&nbsp;<a href=\"https:\/\/agenciainfra.us14.list-manage.com\/track\/click?u=d460dd1bcf9ba0ae040e1fc0f&amp;id=b7e1da1934&amp;e=1192c754bc\" target=\"_blank\" rel=\"noreferrer noopener\">divulgaram a forma\u00e7\u00e3o de um cons\u00f3rcio<\/a>&nbsp;para participar do leil\u00e3o.&nbsp;A avalia\u00e7\u00e3o feita pelos governos estadual e federal \u00e9 de que o novo prazo tamb\u00e9m d\u00e1 mais tempo para eventuais aprimoramentos no projeto pedidos pelo setor privado.<br><br>&#8220;A decis\u00e3o foi tomada ap\u00f3s diversas contribui\u00e7\u00f5es recebidas por empresas interessadas no leil\u00e3o, apresentadas inclusive no roadshow realizado na Europa pelo MPor e pelo governo paulista. Foram identificadas oportunidades de aprimoramentos ao modelo, modelagem e premissas do edital, de forma a aperfei\u00e7oar o processo de licita\u00e7\u00e3o e permitir maior competitividade no leil\u00e3o do primeiro t\u00fanel submerso da Am\u00e9rica Latina&#8221;, disse o MPor em nota.<br><br>A obra do t\u00fanel Santos-Guaruj\u00e1 est\u00e1 or\u00e7ada em R$ 5,96 bilh\u00f5es. O governo federal e o governo de S\u00e3o Paulo dividir\u00e3o meio a meio o valor de R$ 4,96 bilh\u00f5es, e o restante ficar\u00e1 a cargo da iniciativa privada por meio do Novo PAC (Programa de Acelera\u00e7\u00e3o do Crescimento).<br><br>Segundo o governo federal, a concession\u00e1ria que vencer o certame ser\u00e1 respons\u00e1vel pela constru\u00e7\u00e3o, opera\u00e7\u00e3o e manuten\u00e7\u00e3o do t\u00fanel. Com 1,5 km de extens\u00e3o, sendo 870 metros imersos, o ativo contar\u00e1 com tr\u00eas faixas de rolamento por sentido, incluindo uma exclusiva para o VLT (Ve\u00edculo Leve sobre Trilhos), al\u00e9m de acessos dedicados para pedestres e ciclistas.<\/p>\n","protected":false},"excerpt":{"rendered":"<p>Amanda Pupo, Sheyla Santos e Mar\u00edlia Sena, da Ag\u00eancia iNFRA O governo de S\u00e3o Paulo e o MPor (Minist\u00e9rio de Portos e Aeroportos) pactuaram nesta quarta-feira (21) o adiamento por um m\u00eas do leil\u00e3o do t\u00fanel Santos-Guaruj\u00e1. O certame vai acontecer em 5 de setembro, na B3, em S\u00e3o Paulo. Antes, estava previsto para o [&hellip;]<\/p>\n","protected":false},"author":1,"featured_media":7059,"comment_status":"closed","ping_status":"closed","sticky":false,"template":"","format":"standard","meta":{"_monsterinsights_skip_tracking":false,"_monsterinsights_sitenote_active":false,"_monsterinsights_sitenote_note":"","_monsterinsights_sitenote_category":0,"footnotes":""},"categories":[7250,1,7],"tags":[13354,1087,34,32,254,11654,6919,8838,5535],"class_list":["post-21983","post","type-post","status-publish","format-standard","has-post-thumbnail","hentry","category-destaque-lista","category-geral","category-infratransporte","tag-amanda-pupo","tag-governo-de-sao-paulo","tag-infraestrutura","tag-investimentos","tag-leilao","tag-marilia-sena","tag-mpor","tag-sheyla-santos","tag-tunel-santos-guaruja"],"yoast_head":"<!-- This site is optimized with the Yoast SEO Premium plugin v25.4 (Yoast SEO v26.0) - https:\/\/yoast.com\/wordpress\/plugins\/seo\/ -->\n<title>Governo de SP e MPor adiam leil\u00e3o do T\u00fanel Santos-Guaruj\u00e1 por um m\u00eas - Ag\u00eancia iNFRA<\/title>\n<meta name=\"robots\" content=\"index, follow, max-snippet:-1, max-image-preview:large, max-video-preview:-1\" \/>\n<link rel=\"canonical\" href=\"https:\/\/agenciainfra.com\/blog\/governo-de-sp-e-mpor-adiam-leilao-do-tunel-santos-guaruja-por-um-mes\/\" \/>\n<meta property=\"og:locale\" content=\"pt_BR\" \/>\n<meta property=\"og:type\" content=\"article\" \/>\n<meta property=\"og:title\" content=\"Governo de SP e MPor adiam leil\u00e3o do T\u00fanel Santos-Guaruj\u00e1 por um m\u00eas\" \/>\n<meta property=\"og:description\" content=\"Amanda Pupo, Sheyla Santos e Mar\u00edlia Sena, da Ag\u00eancia iNFRA O governo de S\u00e3o Paulo e o MPor (Minist\u00e9rio de Portos e Aeroportos) pactuaram nesta quarta-feira (21) o adiamento por um m\u00eas do leil\u00e3o do t\u00fanel Santos-Guaruj\u00e1. O certame vai acontecer em 5 de setembro, na B3, em S\u00e3o Paulo. Antes, estava previsto para o [&hellip;]\" \/>\n<meta property=\"og:url\" content=\"https:\/\/agenciainfra.com\/blog\/governo-de-sp-e-mpor-adiam-leilao-do-tunel-santos-guaruja-por-um-mes\/\" \/>\n<meta property=\"og:site_name\" content=\"Ag\u00eancia iNFRA\" \/>\n<meta property=\"article:publisher\" content=\"https:\/\/www.facebook.com\/ageninfra\" \/>\n<meta property=\"article:published_time\" content=\"2025-05-22T11:00:00+00:00\" \/>\n<meta property=\"article:modified_time\" content=\"2025-05-22T15:17:24+00:00\" \/>\n<meta property=\"og:image\" content=\"https:\/\/agenciainfra.com\/blog\/wp-content\/uploads\/2021\/04\/leilao-b3-foto-ricardo-botelho-minfra.jpeg\" \/>\n\t<meta property=\"og:image:width\" content=\"1280\" \/>\n\t<meta property=\"og:image:height\" content=\"854\" \/>\n\t<meta property=\"og:image:type\" content=\"image\/jpeg\" \/>\n<meta name=\"author\" content=\"Ag\u00eancia iNFRA\" \/>\n<meta name=\"twitter:card\" content=\"summary_large_image\" \/>\n<meta name=\"twitter:creator\" content=\"@agencia_infra\" \/>\n<meta name=\"twitter:site\" content=\"@agencia_infra\" \/>\n<meta name=\"twitter:label1\" content=\"Escrito por\" \/>\n\t<meta name=\"twitter:data1\" content=\"Ag\u00eancia iNFRA\" \/>\n\t<meta name=\"twitter:label2\" content=\"Est. tempo de leitura\" \/>\n\t<meta name=\"twitter:data2\" content=\"2 minutos\" \/>\n<script type=\"application\/ld+json\" class=\"yoast-schema-graph\">{\"@context\":\"https:\/\/schema.org\",\"@graph\":[{\"@type\":\"Article\",\"@id\":\"https:\/\/agenciainfra.com\/blog\/governo-de-sp-e-mpor-adiam-leilao-do-tunel-santos-guaruja-por-um-mes\/#article\",\"isPartOf\":{\"@id\":\"https:\/\/agenciainfra.com\/blog\/governo-de-sp-e-mpor-adiam-leilao-do-tunel-santos-guaruja-por-um-mes\/\"},\"author\":{\"name\":\"Ag\u00eancia iNFRA\",\"@id\":\"https:\/\/agenciainfra.com\/blog\/#\/schema\/person\/34af08dff6adea4cb22b06612ba7acfa\"},\"headline\":\"Governo de SP e MPor adiam leil\u00e3o do T\u00fanel Santos-Guaruj\u00e1 por um m\u00eas\",\"datePublished\":\"2025-05-22T11:00:00+00:00\",\"dateModified\":\"2025-05-22T15:17:24+00:00\",\"mainEntityOfPage\":{\"@id\":\"https:\/\/agenciainfra.com\/blog\/governo-de-sp-e-mpor-adiam-leilao-do-tunel-santos-guaruja-por-um-mes\/\"},\"wordCount\":442,\"publisher\":{\"@id\":\"https:\/\/agenciainfra.com\/blog\/#organization\"},\"image\":{\"@id\":\"https:\/\/agenciainfra.com\/blog\/governo-de-sp-e-mpor-adiam-leilao-do-tunel-santos-guaruja-por-um-mes\/#primaryimage\"},\"thumbnailUrl\":\"https:\/\/agenciainfra.com\/blog\/wp-content\/uploads\/2021\/04\/leilao-b3-foto-ricardo-botelho-minfra.jpeg\",\"keywords\":[\"Amanda Pupo\",\"Governo de S\u00e3o Paulo\",\"Infraestrutura\",\"Investimentos\",\"leil\u00e3o\",\"Mar\u00edlia Sena\",\"MPor\",\"Sheyla Santos\",\"t\u00fanel Santos-Guaruj\u00e1\"],\"articleSection\":[\"Destaque lista\",\"Geral\",\"iNFRATransporte\"],\"inLanguage\":\"pt-BR\",\"copyrightYear\":\"2025\",\"copyrightHolder\":{\"@id\":\"https:\/\/agenciainfra.com\/blog\/#organization\"}},{\"@type\":\"WebPage\",\"@id\":\"https:\/\/agenciainfra.com\/blog\/governo-de-sp-e-mpor-adiam-leilao-do-tunel-santos-guaruja-por-um-mes\/\",\"url\":\"https:\/\/agenciainfra.com\/blog\/governo-de-sp-e-mpor-adiam-leilao-do-tunel-santos-guaruja-por-um-mes\/\",\"name\":\"Governo de SP e MPor adiam leil\u00e3o do T\u00fanel Santos-Guaruj\u00e1 por um m\u00eas - Ag\u00eancia iNFRA\",\"isPartOf\":{\"@id\":\"https:\/\/agenciainfra.com\/blog\/#website\"},\"primaryImageOfPage\":{\"@id\":\"https:\/\/agenciainfra.com\/blog\/governo-de-sp-e-mpor-adiam-leilao-do-tunel-santos-guaruja-por-um-mes\/#primaryimage\"},\"image\":{\"@id\":\"https:\/\/agenciainfra.com\/blog\/governo-de-sp-e-mpor-adiam-leilao-do-tunel-santos-guaruja-por-um-mes\/#primaryimage\"},\"thumbnailUrl\":\"https:\/\/agenciainfra.com\/blog\/wp-content\/uploads\/2021\/04\/leilao-b3-foto-ricardo-botelho-minfra.jpeg\",\"datePublished\":\"2025-05-22T11:00:00+00:00\",\"dateModified\":\"2025-05-22T15:17:24+00:00\",\"breadcrumb\":{\"@id\":\"https:\/\/agenciainfra.com\/blog\/governo-de-sp-e-mpor-adiam-leilao-do-tunel-santos-guaruja-por-um-mes\/#breadcrumb\"},\"inLanguage\":\"pt-BR\",\"potentialAction\":[{\"@type\":\"ReadAction\",\"target\":[\"https:\/\/agenciainfra.com\/blog\/governo-de-sp-e-mpor-adiam-leilao-do-tunel-santos-guaruja-por-um-mes\/\"]}]},{\"@type\":\"ImageObject\",\"inLanguage\":\"pt-BR\",\"@id\":\"https:\/\/agenciainfra.com\/blog\/governo-de-sp-e-mpor-adiam-leilao-do-tunel-santos-guaruja-por-um-mes\/#primaryimage\",\"url\":\"https:\/\/agenciainfra.com\/blog\/wp-content\/uploads\/2021\/04\/leilao-b3-foto-ricardo-botelho-minfra.jpeg\",\"contentUrl\":\"https:\/\/agenciainfra.com\/blog\/wp-content\/uploads\/2021\/04\/leilao-b3-foto-ricardo-botelho-minfra.jpeg\",\"width\":1280,\"height\":854,\"caption\":\"Foto: Ricardo Botelho\/Minfra\"},{\"@type\":\"BreadcrumbList\",\"@id\":\"https:\/\/agenciainfra.com\/blog\/governo-de-sp-e-mpor-adiam-leilao-do-tunel-santos-guaruja-por-um-mes\/#breadcrumb\",\"itemListElement\":[{\"@type\":\"ListItem\",\"position\":1,\"name\":\"In\u00edcio\",\"item\":\"https:\/\/agenciainfra.com\/blog\/\"},{\"@type\":\"ListItem\",\"position\":2,\"name\":\"Governo de SP e MPor adiam leil\u00e3o do T\u00fanel Santos-Guaruj\u00e1 por um m\u00eas\"}]},{\"@type\":\"WebSite\",\"@id\":\"https:\/\/agenciainfra.com\/blog\/#website\",\"url\":\"https:\/\/agenciainfra.com\/blog\/\",\"name\":\"Ag\u00eancia iNFRA\",\"description\":\"Multiplataforma de informa\u00e7\u00e3o jornal\u00edstica refer\u00eancia na \u00e1rea de infraestrutura no Brasil!\",\"publisher\":{\"@id\":\"https:\/\/agenciainfra.com\/blog\/#organization\"},\"potentialAction\":[{\"@type\":\"SearchAction\",\"target\":{\"@type\":\"EntryPoint\",\"urlTemplate\":\"https:\/\/agenciainfra.com\/blog\/?s={search_term_string}\"},\"query-input\":{\"@type\":\"PropertyValueSpecification\",\"valueRequired\":true,\"valueName\":\"search_term_string\"}}],\"inLanguage\":\"pt-BR\"},{\"@type\":\"Organization\",\"@id\":\"https:\/\/agenciainfra.com\/blog\/#organization\",\"name\":\"Ag\u00eancia iNFRA\",\"url\":\"https:\/\/agenciainfra.com\/blog\/\",\"logo\":{\"@type\":\"ImageObject\",\"inLanguage\":\"pt-BR\",\"@id\":\"https:\/\/agenciainfra.com\/blog\/#\/schema\/logo\/image\/\",\"url\":\"https:\/\/agenciainfra.com\/blog\/wp-content\/uploads\/2023\/09\/iNFRA_5-e1761735885940.png\",\"contentUrl\":\"https:\/\/agenciainfra.com\/blog\/wp-content\/uploads\/2023\/09\/iNFRA_5-e1761735885940.png\",\"width\":1672,\"height\":454,\"caption\":\"Ag\u00eancia iNFRA\"},\"image\":{\"@id\":\"https:\/\/agenciainfra.com\/blog\/#\/schema\/logo\/image\/\"},\"sameAs\":[\"https:\/\/www.facebook.com\/ageninfra\",\"https:\/\/x.com\/agencia_infra\",\"https:\/\/www.linkedin.com\/company\/ag\u00eanciainfra\/\",\"https:\/\/www.instagram.com\/agenciainfra\/\"]},{\"@type\":\"Person\",\"@id\":\"https:\/\/agenciainfra.com\/blog\/#\/schema\/person\/34af08dff6adea4cb22b06612ba7acfa\",\"name\":\"Ag\u00eancia iNFRA\",\"image\":{\"@type\":\"ImageObject\",\"inLanguage\":\"pt-BR\",\"@id\":\"https:\/\/agenciainfra.com\/blog\/#\/schema\/person\/image\/\",\"url\":\"https:\/\/secure.gravatar.com\/avatar\/d189e01678f06d8eb84d4e01f08eb848b3fffe3f8443818d3c356c66892f5be8?s=96&d=mm&r=g\",\"contentUrl\":\"https:\/\/secure.gravatar.com\/avatar\/d189e01678f06d8eb84d4e01f08eb848b3fffe3f8443818d3c356c66892f5be8?s=96&d=mm&r=g\",\"caption\":\"Ag\u00eancia iNFRA\"},\"url\":\"https:\/\/agenciainfra.com\/blog\/author\/admin\/\"}]}<\/script>\n<!-- \/ Yoast SEO Premium plugin. -->","yoast_head_json":{"title":"Governo de SP e MPor adiam leil\u00e3o do T\u00fanel Santos-Guaruj\u00e1 por um m\u00eas - Ag\u00eancia iNFRA","robots":{"index":"index","follow":"follow","max-snippet":"max-snippet:-1","max-image-preview":"max-image-preview:large","max-video-preview":"max-video-preview:-1"},"canonical":"https:\/\/agenciainfra.com\/blog\/governo-de-sp-e-mpor-adiam-leilao-do-tunel-santos-guaruja-por-um-mes\/","og_locale":"pt_BR","og_type":"article","og_title":"Governo de SP e MPor adiam leil\u00e3o do T\u00fanel Santos-Guaruj\u00e1 por um m\u00eas","og_description":"Amanda Pupo, Sheyla Santos e Mar\u00edlia Sena, da Ag\u00eancia iNFRA O governo de S\u00e3o Paulo e o MPor (Minist\u00e9rio de Portos e Aeroportos) pactuaram nesta quarta-feira (21) o adiamento por um m\u00eas do leil\u00e3o do t\u00fanel Santos-Guaruj\u00e1. O certame vai acontecer em 5 de setembro, na B3, em S\u00e3o Paulo. Antes, estava previsto para o [&hellip;]","og_url":"https:\/\/agenciainfra.com\/blog\/governo-de-sp-e-mpor-adiam-leilao-do-tunel-santos-guaruja-por-um-mes\/","og_site_name":"Ag\u00eancia iNFRA","article_publisher":"https:\/\/www.facebook.com\/ageninfra","article_published_time":"2025-05-22T11:00:00+00:00","article_modified_time":"2025-05-22T15:17:24+00:00","og_image":[{"width":1280,"height":854,"url":"https:\/\/agenciainfra.com\/blog\/wp-content\/uploads\/2021\/04\/leilao-b3-foto-ricardo-botelho-minfra.jpeg","type":"image\/jpeg"}],"author":"Ag\u00eancia iNFRA","twitter_card":"summary_large_image","twitter_creator":"@agencia_infra","twitter_site":"@agencia_infra","twitter_misc":{"Escrito por":"Ag\u00eancia iNFRA","Est. tempo de leitura":"2 minutos"},"schema":{"@context":"https:\/\/schema.org","@graph":[{"@type":"Article","@id":"https:\/\/agenciainfra.com\/blog\/governo-de-sp-e-mpor-adiam-leilao-do-tunel-santos-guaruja-por-um-mes\/#article","isPartOf":{"@id":"https:\/\/agenciainfra.com\/blog\/governo-de-sp-e-mpor-adiam-leilao-do-tunel-santos-guaruja-por-um-mes\/"},"author":{"name":"Ag\u00eancia iNFRA","@id":"https:\/\/agenciainfra.com\/blog\/#\/schema\/person\/34af08dff6adea4cb22b06612ba7acfa"},"headline":"Governo de SP e MPor adiam leil\u00e3o do T\u00fanel Santos-Guaruj\u00e1 por um m\u00eas","datePublished":"2025-05-22T11:00:00+00:00","dateModified":"2025-05-22T15:17:24+00:00","mainEntityOfPage":{"@id":"https:\/\/agenciainfra.com\/blog\/governo-de-sp-e-mpor-adiam-leilao-do-tunel-santos-guaruja-por-um-mes\/"},"wordCount":442,"publisher":{"@id":"https:\/\/agenciainfra.com\/blog\/#organization"},"image":{"@id":"https:\/\/agenciainfra.com\/blog\/governo-de-sp-e-mpor-adiam-leilao-do-tunel-santos-guaruja-por-um-mes\/#primaryimage"},"thumbnailUrl":"https:\/\/agenciainfra.com\/blog\/wp-content\/uploads\/2021\/04\/leilao-b3-foto-ricardo-botelho-minfra.jpeg","keywords":["Amanda Pupo","Governo de S\u00e3o Paulo","Infraestrutura","Investimentos","leil\u00e3o","Mar\u00edlia Sena","MPor","Sheyla Santos","t\u00fanel Santos-Guaruj\u00e1"],"articleSection":["Destaque lista","Geral","iNFRATransporte"],"inLanguage":"pt-BR","copyrightYear":"2025","copyrightHolder":{"@id":"https:\/\/agenciainfra.com\/blog\/#organization"}},{"@type":"WebPage","@id":"https:\/\/agenciainfra.com\/blog\/governo-de-sp-e-mpor-adiam-leilao-do-tunel-santos-guaruja-por-um-mes\/","url":"https:\/\/agenciainfra.com\/blog\/governo-de-sp-e-mpor-adiam-leilao-do-tunel-santos-guaruja-por-um-mes\/","name":"Governo de SP e MPor adiam leil\u00e3o do T\u00fanel Santos-Guaruj\u00e1 por um m\u00eas - Ag\u00eancia iNFRA","isPartOf":{"@id":"https:\/\/agenciainfra.com\/blog\/#website"},"primaryImageOfPage":{"@id":"https:\/\/agenciainfra.com\/blog\/governo-de-sp-e-mpor-adiam-leilao-do-tunel-santos-guaruja-por-um-mes\/#primaryimage"},"image":{"@id":"https:\/\/agenciainfra.com\/blog\/governo-de-sp-e-mpor-adiam-leilao-do-tunel-santos-guaruja-por-um-mes\/#primaryimage"},"thumbnailUrl":"https:\/\/agenciainfra.com\/blog\/wp-content\/uploads\/2021\/04\/leilao-b3-foto-ricardo-botelho-minfra.jpeg","datePublished":"2025-05-22T11:00:00+00:00","dateModified":"2025-05-22T15:17:24+00:00","breadcrumb":{"@id":"https:\/\/agenciainfra.com\/blog\/governo-de-sp-e-mpor-adiam-leilao-do-tunel-santos-guaruja-por-um-mes\/#breadcrumb"},"inLanguage":"pt-BR","potentialAction":[{"@type":"ReadAction","target":["https:\/\/agenciainfra.com\/blog\/governo-de-sp-e-mpor-adiam-leilao-do-tunel-santos-guaruja-por-um-mes\/"]}]},{"@type":"ImageObject","inLanguage":"pt-BR","@id":"https:\/\/agenciainfra.com\/blog\/governo-de-sp-e-mpor-adiam-leilao-do-tunel-santos-guaruja-por-um-mes\/#primaryimage","url":"https:\/\/agenciainfra.com\/blog\/wp-content\/uploads\/2021\/04\/leilao-b3-foto-ricardo-botelho-minfra.jpeg","contentUrl":"https:\/\/agenciainfra.com\/blog\/wp-content\/uploads\/2021\/04\/leilao-b3-foto-ricardo-botelho-minfra.jpeg","width":1280,"height":854,"caption":"Foto: Ricardo Botelho\/Minfra"},{"@type":"BreadcrumbList","@id":"https:\/\/agenciainfra.com\/blog\/governo-de-sp-e-mpor-adiam-leilao-do-tunel-santos-guaruja-por-um-mes\/#breadcrumb","itemListElement":[{"@type":"ListItem","position":1,"name":"In\u00edcio","item":"https:\/\/agenciainfra.com\/blog\/"},{"@type":"ListItem","position":2,"name":"Governo de SP e MPor adiam leil\u00e3o do T\u00fanel Santos-Guaruj\u00e1 por um m\u00eas"}]},{"@type":"WebSite","@id":"https:\/\/agenciainfra.com\/blog\/#website","url":"https:\/\/agenciainfra.com\/blog\/","name":"Ag\u00eancia iNFRA","description":"Multiplataforma de informa\u00e7\u00e3o jornal\u00edstica refer\u00eancia na \u00e1rea de infraestrutura no Brasil!","publisher":{"@id":"https:\/\/agenciainfra.com\/blog\/#organization"},"potentialAction":[{"@type":"SearchAction","target":{"@type":"EntryPoint","urlTemplate":"https:\/\/agenciainfra.com\/blog\/?s={search_term_string}"},"query-input":{"@type":"PropertyValueSpecification","valueRequired":true,"valueName":"search_term_string"}}],"inLanguage":"pt-BR"},{"@type":"Organization","@id":"https:\/\/agenciainfra.com\/blog\/#organization","name":"Ag\u00eancia iNFRA","url":"https:\/\/agenciainfra.com\/blog\/","logo":{"@type":"ImageObject","inLanguage":"pt-BR","@id":"https:\/\/agenciainfra.com\/blog\/#\/schema\/logo\/image\/","url":"https:\/\/agenciainfra.com\/blog\/wp-content\/uploads\/2023\/09\/iNFRA_5-e1761735885940.png","contentUrl":"https:\/\/agenciainfra.com\/blog\/wp-content\/uploads\/2023\/09\/iNFRA_5-e1761735885940.png","width":1672,"height":454,"caption":"Ag\u00eancia iNFRA"},"image":{"@id":"https:\/\/agenciainfra.com\/blog\/#\/schema\/logo\/image\/"},"sameAs":["https:\/\/www.facebook.com\/ageninfra","https:\/\/x.com\/agencia_infra","https:\/\/www.linkedin.com\/company\/ag\u00eanciainfra\/","https:\/\/www.instagram.com\/agenciainfra\/"]},{"@type":"Person","@id":"https:\/\/agenciainfra.com\/blog\/#\/schema\/person\/34af08dff6adea4cb22b06612ba7acfa","name":"Ag\u00eancia iNFRA","image":{"@type":"ImageObject","inLanguage":"pt-BR","@id":"https:\/\/agenciainfra.com\/blog\/#\/schema\/person\/image\/","url":"https:\/\/secure.gravatar.com\/avatar\/d189e01678f06d8eb84d4e01f08eb848b3fffe3f8443818d3c356c66892f5be8?s=96&d=mm&r=g","contentUrl":"https:\/\/secure.gravatar.com\/avatar\/d189e01678f06d8eb84d4e01f08eb848b3fffe3f8443818d3c356c66892f5be8?s=96&d=mm&r=g","caption":"Ag\u00eancia iNFRA"},"url":"https:\/\/agenciainfra.com\/blog\/author\/admin\/"}]}},"_links":{"self":[{"href":"https:\/\/agenciainfra.com\/blog\/wp-json\/wp\/v2\/posts\/21983","targetHints":{"allow":["GET"]}}],"collection":[{"href":"https:\/\/agenciainfra.com\/blog\/wp-json\/wp\/v2\/posts"}],"about":[{"href":"https:\/\/agenciainfra.com\/blog\/wp-json\/wp\/v2\/types\/post"}],"author":[{"embeddable":true,"href":"https:\/\/agenciainfra.com\/blog\/wp-json\/wp\/v2\/users\/1"}],"replies":[{"embeddable":true,"href":"https:\/\/agenciainfra.com\/blog\/wp-json\/wp\/v2\/comments?post=21983"}],"version-history":[{"count":1,"href":"https:\/\/agenciainfra.com\/blog\/wp-json\/wp\/v2\/posts\/21983\/revisions"}],"predecessor-version":[{"id":21985,"href":"https:\/\/agenciainfra.com\/blog\/wp-json\/wp\/v2\/posts\/21983\/revisions\/21985"}],"wp:featuredmedia":[{"embeddable":true,"href":"https:\/\/agenciainfra.com\/blog\/wp-json\/wp\/v2\/media\/7059"}],"wp:attachment":[{"href":"https:\/\/agenciainfra.com\/blog\/wp-json\/wp\/v2\/media?parent=21983"}],"wp:term":[{"taxonomy":"category","embeddable":true,"href":"https:\/\/agenciainfra.com\/blog\/wp-json\/wp\/v2\/categories?post=21983"},{"taxonomy":"post_tag","embeddable":true,"href":"https:\/\/agenciainfra.com\/blog\/wp-json\/wp\/v2\/tags?post=21983"}],"curies":[{"name":"wp","href":"https:\/\/api.w.org\/{rel}","templated":true}]}}