{"id":22019,"date":"2025-05-22T11:00:00","date_gmt":"2025-05-22T14:00:00","guid":{"rendered":"https:\/\/agenciainfra.com\/blog\/?p=22019"},"modified":"2025-05-23T08:06:54","modified_gmt":"2025-05-23T11:06:54","slug":"brasil-tem-17-empresas-interessadas-em-importar-gas-argentino-diz-silveira","status":"publish","type":"post","link":"https:\/\/agenciainfra.com\/blog\/brasil-tem-17-empresas-interessadas-em-importar-gas-argentino-diz-silveira\/","title":{"rendered":"Brasil tem 17 empresas interessadas em importar g\u00e1s argentino, diz Silveira"},"content":{"rendered":"\n<p class=\"has-text-align-right\"><strong>Lais Carregosa, da Ag\u00eancia iNFRA<\/strong><\/p>\n\n\n\n<p>O ministro de Minas e Energia, Alexandre Silveira, disse nesta quinta-feira (22) que o Brasil tem 17 empresas interessadas em importar o g\u00e1s argentino de Vaca Muerta, com autoriza\u00e7\u00e3o pela ANP (Ag\u00eancia Nacional de Petr\u00f3leo, G\u00e1s Natural e Biocombust\u00edveis). O ministro discursou na abertura do semin\u00e1rio sobre integra\u00e7\u00e3o regional, em Bras\u00edlia.<\/p>\n\n\n\n<p>\u201cO mercado brasileiro possui demanda ociosa e j\u00e1 existem 17 empresas autorizadas pela Ag\u00eancia Nacional de Petr\u00f3leo [ANP] para importa\u00e7\u00e3o do g\u00e1s natural da Argentina\u201d, disse sem detalhar as companhias interessadas. Segundo o ministro, a meta de importa\u00e7\u00e3o de 30 milh\u00f5es de metros c\u00fabicos por dia de g\u00e1s argentino at\u00e9 2030 \u201c\u00e9 fact\u00edvel e vamos alcan\u00e7\u00e1-la\u201d.<\/p>\n\n\n\n<p>Silveira destacou a liberaliza\u00e7\u00e3o dos pre\u00e7os de exporta\u00e7\u00e3o da Argentina como um fator para viabilizar a importa\u00e7\u00e3o, ou seja, a antecipa\u00e7\u00e3o do fim da pol\u00edtica de pre\u00e7o m\u00ednimo de exporta\u00e7\u00e3o. O ministro disse ainda que as tarifas de transporte e distribui\u00e7\u00e3o de g\u00e1s natural no Brasil est\u00e3o \u201cna mira\u201d do MME (Minist\u00e9rio de Minas e Energia). Segundo ele, &#8220;a mesma infraestrutura n\u00e3o pode ser remunerada duas vezes&#8221;.<\/p>\n","protected":false},"excerpt":{"rendered":"<p>Lais Carregosa, da Ag\u00eancia iNFRA O ministro de Minas e Energia, Alexandre Silveira, disse nesta quinta-feira (22) que o Brasil tem 17 empresas interessadas em importar o g\u00e1s argentino de Vaca Muerta, com autoriza\u00e7\u00e3o pela ANP (Ag\u00eancia Nacional de Petr\u00f3leo, G\u00e1s Natural e Biocombust\u00edveis). O ministro discursou na abertura do semin\u00e1rio sobre integra\u00e7\u00e3o regional, em [&hellip;]<\/p>\n","protected":false},"author":1,"featured_media":14215,"comment_status":"closed","ping_status":"closed","sticky":false,"template":"","format":"standard","meta":{"_monsterinsights_skip_tracking":false,"_monsterinsights_sitenote_active":false,"_monsterinsights_sitenote_note":"","_monsterinsights_sitenote_category":0,"footnotes":""},"categories":[7250,1,13271],"tags":[1101,13454,882,13458,13453,13132,96],"class_list":["post-22019","post","type-post","status-publish","format-standard","has-post-thumbnail","hentry","category-destaque-lista","category-geral","category-oleo-gas","tag-anp","tag-gas-argentino","tag-gas-natural","tag-gas-natural-argentino","tag-importacao-de-gas","tag-lais-carregosa","tag-ministerio-de-minas-e-energia"],"yoast_head":"<!-- This site is optimized with the Yoast SEO Premium plugin v25.4 (Yoast SEO v26.0) - https:\/\/yoast.com\/wordpress\/plugins\/seo\/ -->\n<title>Brasil tem 17 empresas interessadas em importar g\u00e1s argentino, diz Silveira - Ag\u00eancia iNFRA<\/title>\n<meta name=\"robots\" content=\"index, follow, max-snippet:-1, max-image-preview:large, max-video-preview:-1\" \/>\n<link rel=\"canonical\" href=\"https:\/\/agenciainfra.com\/blog\/brasil-tem-17-empresas-interessadas-em-importar-gas-argentino-diz-silveira\/\" \/>\n<meta property=\"og:locale\" content=\"pt_BR\" \/>\n<meta property=\"og:type\" content=\"article\" \/>\n<meta property=\"og:title\" content=\"Brasil tem 17 empresas interessadas em importar g\u00e1s argentino, diz Silveira\" \/>\n<meta property=\"og:description\" content=\"Lais Carregosa, da Ag\u00eancia iNFRA O ministro de Minas e Energia, Alexandre Silveira, disse nesta quinta-feira (22) que o Brasil tem 17 empresas interessadas em importar o g\u00e1s argentino de Vaca Muerta, com autoriza\u00e7\u00e3o pela ANP (Ag\u00eancia Nacional de Petr\u00f3leo, G\u00e1s Natural e Biocombust\u00edveis). O ministro discursou na abertura do semin\u00e1rio sobre integra\u00e7\u00e3o regional, em [&hellip;]\" \/>\n<meta property=\"og:url\" content=\"https:\/\/agenciainfra.com\/blog\/brasil-tem-17-empresas-interessadas-em-importar-gas-argentino-diz-silveira\/\" \/>\n<meta property=\"og:site_name\" content=\"Ag\u00eancia iNFRA\" \/>\n<meta property=\"article:publisher\" content=\"https:\/\/www.facebook.com\/ageninfra\" \/>\n<meta property=\"article:published_time\" content=\"2025-05-22T14:00:00+00:00\" \/>\n<meta property=\"article:modified_time\" content=\"2025-05-23T11:06:54+00:00\" \/>\n<meta property=\"og:image\" content=\"https:\/\/agenciainfra.com\/blog\/wp-content\/uploads\/2023\/09\/alexandre-silveira-foto-antonio-cruz-agencia-brasil-e1747921409569.jpg\" \/>\n\t<meta property=\"og:image:width\" content=\"1202\" \/>\n\t<meta property=\"og:image:height\" content=\"715\" \/>\n\t<meta property=\"og:image:type\" content=\"image\/jpeg\" \/>\n<meta name=\"author\" content=\"Ag\u00eancia iNFRA\" \/>\n<meta name=\"twitter:card\" content=\"summary_large_image\" \/>\n<meta name=\"twitter:creator\" content=\"@agencia_infra\" \/>\n<meta name=\"twitter:site\" content=\"@agencia_infra\" \/>\n<meta name=\"twitter:label1\" content=\"Escrito por\" \/>\n\t<meta name=\"twitter:data1\" content=\"Ag\u00eancia iNFRA\" \/>\n\t<meta name=\"twitter:label2\" content=\"Est. tempo de leitura\" \/>\n\t<meta name=\"twitter:data2\" content=\"1 minuto\" \/>\n<script type=\"application\/ld+json\" class=\"yoast-schema-graph\">{\"@context\":\"https:\/\/schema.org\",\"@graph\":[{\"@type\":\"Article\",\"@id\":\"https:\/\/agenciainfra.com\/blog\/brasil-tem-17-empresas-interessadas-em-importar-gas-argentino-diz-silveira\/#article\",\"isPartOf\":{\"@id\":\"https:\/\/agenciainfra.com\/blog\/brasil-tem-17-empresas-interessadas-em-importar-gas-argentino-diz-silveira\/\"},\"author\":{\"name\":\"Ag\u00eancia iNFRA\",\"@id\":\"https:\/\/agenciainfra.com\/blog\/#\/schema\/person\/34af08dff6adea4cb22b06612ba7acfa\"},\"headline\":\"Brasil tem 17 empresas interessadas em importar g\u00e1s argentino, diz Silveira\",\"datePublished\":\"2025-05-22T14:00:00+00:00\",\"dateModified\":\"2025-05-23T11:06:54+00:00\",\"mainEntityOfPage\":{\"@id\":\"https:\/\/agenciainfra.com\/blog\/brasil-tem-17-empresas-interessadas-em-importar-gas-argentino-diz-silveira\/\"},\"wordCount\":218,\"publisher\":{\"@id\":\"https:\/\/agenciainfra.com\/blog\/#organization\"},\"image\":{\"@id\":\"https:\/\/agenciainfra.com\/blog\/brasil-tem-17-empresas-interessadas-em-importar-gas-argentino-diz-silveira\/#primaryimage\"},\"thumbnailUrl\":\"https:\/\/agenciainfra.com\/blog\/wp-content\/uploads\/2023\/09\/alexandre-silveira-foto-antonio-cruz-agencia-brasil-e1747921409569.jpg\",\"keywords\":[\"ANP\",\"g\u00e1s argentino\",\"g\u00e1s natural\",\"g\u00e1s natural argentino\",\"importa\u00e7\u00e3o de g\u00e1s\",\"Lais Carregosa\",\"Minist\u00e9rio de Minas e Energia\"],\"articleSection\":[\"Destaque lista\",\"Geral\",\"\u00d3leo &amp; G\u00e1s\"],\"inLanguage\":\"pt-BR\",\"copyrightYear\":\"2025\",\"copyrightHolder\":{\"@id\":\"https:\/\/agenciainfra.com\/blog\/#organization\"}},{\"@type\":\"WebPage\",\"@id\":\"https:\/\/agenciainfra.com\/blog\/brasil-tem-17-empresas-interessadas-em-importar-gas-argentino-diz-silveira\/\",\"url\":\"https:\/\/agenciainfra.com\/blog\/brasil-tem-17-empresas-interessadas-em-importar-gas-argentino-diz-silveira\/\",\"name\":\"Brasil tem 17 empresas interessadas em importar g\u00e1s argentino, diz Silveira - Ag\u00eancia iNFRA\",\"isPartOf\":{\"@id\":\"https:\/\/agenciainfra.com\/blog\/#website\"},\"primaryImageOfPage\":{\"@id\":\"https:\/\/agenciainfra.com\/blog\/brasil-tem-17-empresas-interessadas-em-importar-gas-argentino-diz-silveira\/#primaryimage\"},\"image\":{\"@id\":\"https:\/\/agenciainfra.com\/blog\/brasil-tem-17-empresas-interessadas-em-importar-gas-argentino-diz-silveira\/#primaryimage\"},\"thumbnailUrl\":\"https:\/\/agenciainfra.com\/blog\/wp-content\/uploads\/2023\/09\/alexandre-silveira-foto-antonio-cruz-agencia-brasil-e1747921409569.jpg\",\"datePublished\":\"2025-05-22T14:00:00+00:00\",\"dateModified\":\"2025-05-23T11:06:54+00:00\",\"breadcrumb\":{\"@id\":\"https:\/\/agenciainfra.com\/blog\/brasil-tem-17-empresas-interessadas-em-importar-gas-argentino-diz-silveira\/#breadcrumb\"},\"inLanguage\":\"pt-BR\",\"potentialAction\":[{\"@type\":\"ReadAction\",\"target\":[\"https:\/\/agenciainfra.com\/blog\/brasil-tem-17-empresas-interessadas-em-importar-gas-argentino-diz-silveira\/\"]}]},{\"@type\":\"ImageObject\",\"inLanguage\":\"pt-BR\",\"@id\":\"https:\/\/agenciainfra.com\/blog\/brasil-tem-17-empresas-interessadas-em-importar-gas-argentino-diz-silveira\/#primaryimage\",\"url\":\"https:\/\/agenciainfra.com\/blog\/wp-content\/uploads\/2023\/09\/alexandre-silveira-foto-antonio-cruz-agencia-brasil-e1747921409569.jpg\",\"contentUrl\":\"https:\/\/agenciainfra.com\/blog\/wp-content\/uploads\/2023\/09\/alexandre-silveira-foto-antonio-cruz-agencia-brasil-e1747921409569.jpg\",\"width\":1202,\"height\":715},{\"@type\":\"BreadcrumbList\",\"@id\":\"https:\/\/agenciainfra.com\/blog\/brasil-tem-17-empresas-interessadas-em-importar-gas-argentino-diz-silveira\/#breadcrumb\",\"itemListElement\":[{\"@type\":\"ListItem\",\"position\":1,\"name\":\"In\u00edcio\",\"item\":\"https:\/\/agenciainfra.com\/blog\/\"},{\"@type\":\"ListItem\",\"position\":2,\"name\":\"Brasil tem 17 empresas interessadas em importar g\u00e1s argentino, diz Silveira\"}]},{\"@type\":\"WebSite\",\"@id\":\"https:\/\/agenciainfra.com\/blog\/#website\",\"url\":\"https:\/\/agenciainfra.com\/blog\/\",\"name\":\"Ag\u00eancia iNFRA\",\"description\":\"Multiplataforma de informa\u00e7\u00e3o jornal\u00edstica refer\u00eancia na \u00e1rea de infraestrutura no Brasil!\",\"publisher\":{\"@id\":\"https:\/\/agenciainfra.com\/blog\/#organization\"},\"potentialAction\":[{\"@type\":\"SearchAction\",\"target\":{\"@type\":\"EntryPoint\",\"urlTemplate\":\"https:\/\/agenciainfra.com\/blog\/?s={search_term_string}\"},\"query-input\":{\"@type\":\"PropertyValueSpecification\",\"valueRequired\":true,\"valueName\":\"search_term_string\"}}],\"inLanguage\":\"pt-BR\"},{\"@type\":\"Organization\",\"@id\":\"https:\/\/agenciainfra.com\/blog\/#organization\",\"name\":\"Ag\u00eancia iNFRA\",\"url\":\"https:\/\/agenciainfra.com\/blog\/\",\"logo\":{\"@type\":\"ImageObject\",\"inLanguage\":\"pt-BR\",\"@id\":\"https:\/\/agenciainfra.com\/blog\/#\/schema\/logo\/image\/\",\"url\":\"https:\/\/agenciainfra.com\/blog\/wp-content\/uploads\/2023\/09\/iNFRA_5-e1761735885940.png\",\"contentUrl\":\"https:\/\/agenciainfra.com\/blog\/wp-content\/uploads\/2023\/09\/iNFRA_5-e1761735885940.png\",\"width\":1672,\"height\":454,\"caption\":\"Ag\u00eancia iNFRA\"},\"image\":{\"@id\":\"https:\/\/agenciainfra.com\/blog\/#\/schema\/logo\/image\/\"},\"sameAs\":[\"https:\/\/www.facebook.com\/ageninfra\",\"https:\/\/x.com\/agencia_infra\",\"https:\/\/www.linkedin.com\/company\/ag\u00eanciainfra\/\",\"https:\/\/www.instagram.com\/agenciainfra\/\"]},{\"@type\":\"Person\",\"@id\":\"https:\/\/agenciainfra.com\/blog\/#\/schema\/person\/34af08dff6adea4cb22b06612ba7acfa\",\"name\":\"Ag\u00eancia iNFRA\",\"image\":{\"@type\":\"ImageObject\",\"inLanguage\":\"pt-BR\",\"@id\":\"https:\/\/agenciainfra.com\/blog\/#\/schema\/person\/image\/\",\"url\":\"https:\/\/secure.gravatar.com\/avatar\/d189e01678f06d8eb84d4e01f08eb848b3fffe3f8443818d3c356c66892f5be8?s=96&d=mm&r=g\",\"contentUrl\":\"https:\/\/secure.gravatar.com\/avatar\/d189e01678f06d8eb84d4e01f08eb848b3fffe3f8443818d3c356c66892f5be8?s=96&d=mm&r=g\",\"caption\":\"Ag\u00eancia iNFRA\"},\"url\":\"https:\/\/agenciainfra.com\/blog\/author\/admin\/\"}]}<\/script>\n<!-- \/ Yoast SEO Premium plugin. -->","yoast_head_json":{"title":"Brasil tem 17 empresas interessadas em importar g\u00e1s argentino, diz Silveira - Ag\u00eancia iNFRA","robots":{"index":"index","follow":"follow","max-snippet":"max-snippet:-1","max-image-preview":"max-image-preview:large","max-video-preview":"max-video-preview:-1"},"canonical":"https:\/\/agenciainfra.com\/blog\/brasil-tem-17-empresas-interessadas-em-importar-gas-argentino-diz-silveira\/","og_locale":"pt_BR","og_type":"article","og_title":"Brasil tem 17 empresas interessadas em importar g\u00e1s argentino, diz Silveira","og_description":"Lais Carregosa, da Ag\u00eancia iNFRA O ministro de Minas e Energia, Alexandre Silveira, disse nesta quinta-feira (22) que o Brasil tem 17 empresas interessadas em importar o g\u00e1s argentino de Vaca Muerta, com autoriza\u00e7\u00e3o pela ANP (Ag\u00eancia Nacional de Petr\u00f3leo, G\u00e1s Natural e Biocombust\u00edveis). O ministro discursou na abertura do semin\u00e1rio sobre integra\u00e7\u00e3o regional, em [&hellip;]","og_url":"https:\/\/agenciainfra.com\/blog\/brasil-tem-17-empresas-interessadas-em-importar-gas-argentino-diz-silveira\/","og_site_name":"Ag\u00eancia iNFRA","article_publisher":"https:\/\/www.facebook.com\/ageninfra","article_published_time":"2025-05-22T14:00:00+00:00","article_modified_time":"2025-05-23T11:06:54+00:00","og_image":[{"width":1202,"height":715,"url":"https:\/\/agenciainfra.com\/blog\/wp-content\/uploads\/2023\/09\/alexandre-silveira-foto-antonio-cruz-agencia-brasil-e1747921409569.jpg","type":"image\/jpeg"}],"author":"Ag\u00eancia iNFRA","twitter_card":"summary_large_image","twitter_creator":"@agencia_infra","twitter_site":"@agencia_infra","twitter_misc":{"Escrito por":"Ag\u00eancia iNFRA","Est. tempo de leitura":"1 minuto"},"schema":{"@context":"https:\/\/schema.org","@graph":[{"@type":"Article","@id":"https:\/\/agenciainfra.com\/blog\/brasil-tem-17-empresas-interessadas-em-importar-gas-argentino-diz-silveira\/#article","isPartOf":{"@id":"https:\/\/agenciainfra.com\/blog\/brasil-tem-17-empresas-interessadas-em-importar-gas-argentino-diz-silveira\/"},"author":{"name":"Ag\u00eancia iNFRA","@id":"https:\/\/agenciainfra.com\/blog\/#\/schema\/person\/34af08dff6adea4cb22b06612ba7acfa"},"headline":"Brasil tem 17 empresas interessadas em importar g\u00e1s argentino, diz Silveira","datePublished":"2025-05-22T14:00:00+00:00","dateModified":"2025-05-23T11:06:54+00:00","mainEntityOfPage":{"@id":"https:\/\/agenciainfra.com\/blog\/brasil-tem-17-empresas-interessadas-em-importar-gas-argentino-diz-silveira\/"},"wordCount":218,"publisher":{"@id":"https:\/\/agenciainfra.com\/blog\/#organization"},"image":{"@id":"https:\/\/agenciainfra.com\/blog\/brasil-tem-17-empresas-interessadas-em-importar-gas-argentino-diz-silveira\/#primaryimage"},"thumbnailUrl":"https:\/\/agenciainfra.com\/blog\/wp-content\/uploads\/2023\/09\/alexandre-silveira-foto-antonio-cruz-agencia-brasil-e1747921409569.jpg","keywords":["ANP","g\u00e1s argentino","g\u00e1s natural","g\u00e1s natural argentino","importa\u00e7\u00e3o de g\u00e1s","Lais Carregosa","Minist\u00e9rio de Minas e Energia"],"articleSection":["Destaque lista","Geral","\u00d3leo &amp; G\u00e1s"],"inLanguage":"pt-BR","copyrightYear":"2025","copyrightHolder":{"@id":"https:\/\/agenciainfra.com\/blog\/#organization"}},{"@type":"WebPage","@id":"https:\/\/agenciainfra.com\/blog\/brasil-tem-17-empresas-interessadas-em-importar-gas-argentino-diz-silveira\/","url":"https:\/\/agenciainfra.com\/blog\/brasil-tem-17-empresas-interessadas-em-importar-gas-argentino-diz-silveira\/","name":"Brasil tem 17 empresas interessadas em importar g\u00e1s argentino, diz Silveira - Ag\u00eancia iNFRA","isPartOf":{"@id":"https:\/\/agenciainfra.com\/blog\/#website"},"primaryImageOfPage":{"@id":"https:\/\/agenciainfra.com\/blog\/brasil-tem-17-empresas-interessadas-em-importar-gas-argentino-diz-silveira\/#primaryimage"},"image":{"@id":"https:\/\/agenciainfra.com\/blog\/brasil-tem-17-empresas-interessadas-em-importar-gas-argentino-diz-silveira\/#primaryimage"},"thumbnailUrl":"https:\/\/agenciainfra.com\/blog\/wp-content\/uploads\/2023\/09\/alexandre-silveira-foto-antonio-cruz-agencia-brasil-e1747921409569.jpg","datePublished":"2025-05-22T14:00:00+00:00","dateModified":"2025-05-23T11:06:54+00:00","breadcrumb":{"@id":"https:\/\/agenciainfra.com\/blog\/brasil-tem-17-empresas-interessadas-em-importar-gas-argentino-diz-silveira\/#breadcrumb"},"inLanguage":"pt-BR","potentialAction":[{"@type":"ReadAction","target":["https:\/\/agenciainfra.com\/blog\/brasil-tem-17-empresas-interessadas-em-importar-gas-argentino-diz-silveira\/"]}]},{"@type":"ImageObject","inLanguage":"pt-BR","@id":"https:\/\/agenciainfra.com\/blog\/brasil-tem-17-empresas-interessadas-em-importar-gas-argentino-diz-silveira\/#primaryimage","url":"https:\/\/agenciainfra.com\/blog\/wp-content\/uploads\/2023\/09\/alexandre-silveira-foto-antonio-cruz-agencia-brasil-e1747921409569.jpg","contentUrl":"https:\/\/agenciainfra.com\/blog\/wp-content\/uploads\/2023\/09\/alexandre-silveira-foto-antonio-cruz-agencia-brasil-e1747921409569.jpg","width":1202,"height":715},{"@type":"BreadcrumbList","@id":"https:\/\/agenciainfra.com\/blog\/brasil-tem-17-empresas-interessadas-em-importar-gas-argentino-diz-silveira\/#breadcrumb","itemListElement":[{"@type":"ListItem","position":1,"name":"In\u00edcio","item":"https:\/\/agenciainfra.com\/blog\/"},{"@type":"ListItem","position":2,"name":"Brasil tem 17 empresas interessadas em importar g\u00e1s argentino, diz Silveira"}]},{"@type":"WebSite","@id":"https:\/\/agenciainfra.com\/blog\/#website","url":"https:\/\/agenciainfra.com\/blog\/","name":"Ag\u00eancia iNFRA","description":"Multiplataforma de informa\u00e7\u00e3o jornal\u00edstica refer\u00eancia na \u00e1rea de infraestrutura no Brasil!","publisher":{"@id":"https:\/\/agenciainfra.com\/blog\/#organization"},"potentialAction":[{"@type":"SearchAction","target":{"@type":"EntryPoint","urlTemplate":"https:\/\/agenciainfra.com\/blog\/?s={search_term_string}"},"query-input":{"@type":"PropertyValueSpecification","valueRequired":true,"valueName":"search_term_string"}}],"inLanguage":"pt-BR"},{"@type":"Organization","@id":"https:\/\/agenciainfra.com\/blog\/#organization","name":"Ag\u00eancia iNFRA","url":"https:\/\/agenciainfra.com\/blog\/","logo":{"@type":"ImageObject","inLanguage":"pt-BR","@id":"https:\/\/agenciainfra.com\/blog\/#\/schema\/logo\/image\/","url":"https:\/\/agenciainfra.com\/blog\/wp-content\/uploads\/2023\/09\/iNFRA_5-e1761735885940.png","contentUrl":"https:\/\/agenciainfra.com\/blog\/wp-content\/uploads\/2023\/09\/iNFRA_5-e1761735885940.png","width":1672,"height":454,"caption":"Ag\u00eancia iNFRA"},"image":{"@id":"https:\/\/agenciainfra.com\/blog\/#\/schema\/logo\/image\/"},"sameAs":["https:\/\/www.facebook.com\/ageninfra","https:\/\/x.com\/agencia_infra","https:\/\/www.linkedin.com\/company\/ag\u00eanciainfra\/","https:\/\/www.instagram.com\/agenciainfra\/"]},{"@type":"Person","@id":"https:\/\/agenciainfra.com\/blog\/#\/schema\/person\/34af08dff6adea4cb22b06612ba7acfa","name":"Ag\u00eancia iNFRA","image":{"@type":"ImageObject","inLanguage":"pt-BR","@id":"https:\/\/agenciainfra.com\/blog\/#\/schema\/person\/image\/","url":"https:\/\/secure.gravatar.com\/avatar\/d189e01678f06d8eb84d4e01f08eb848b3fffe3f8443818d3c356c66892f5be8?s=96&d=mm&r=g","contentUrl":"https:\/\/secure.gravatar.com\/avatar\/d189e01678f06d8eb84d4e01f08eb848b3fffe3f8443818d3c356c66892f5be8?s=96&d=mm&r=g","caption":"Ag\u00eancia iNFRA"},"url":"https:\/\/agenciainfra.com\/blog\/author\/admin\/"}]}},"_links":{"self":[{"href":"https:\/\/agenciainfra.com\/blog\/wp-json\/wp\/v2\/posts\/22019","targetHints":{"allow":["GET"]}}],"collection":[{"href":"https:\/\/agenciainfra.com\/blog\/wp-json\/wp\/v2\/posts"}],"about":[{"href":"https:\/\/agenciainfra.com\/blog\/wp-json\/wp\/v2\/types\/post"}],"author":[{"embeddable":true,"href":"https:\/\/agenciainfra.com\/blog\/wp-json\/wp\/v2\/users\/1"}],"replies":[{"embeddable":true,"href":"https:\/\/agenciainfra.com\/blog\/wp-json\/wp\/v2\/comments?post=22019"}],"version-history":[{"count":1,"href":"https:\/\/agenciainfra.com\/blog\/wp-json\/wp\/v2\/posts\/22019\/revisions"}],"predecessor-version":[{"id":22020,"href":"https:\/\/agenciainfra.com\/blog\/wp-json\/wp\/v2\/posts\/22019\/revisions\/22020"}],"wp:featuredmedia":[{"embeddable":true,"href":"https:\/\/agenciainfra.com\/blog\/wp-json\/wp\/v2\/media\/14215"}],"wp:attachment":[{"href":"https:\/\/agenciainfra.com\/blog\/wp-json\/wp\/v2\/media?parent=22019"}],"wp:term":[{"taxonomy":"category","embeddable":true,"href":"https:\/\/agenciainfra.com\/blog\/wp-json\/wp\/v2\/categories?post=22019"},{"taxonomy":"post_tag","embeddable":true,"href":"https:\/\/agenciainfra.com\/blog\/wp-json\/wp\/v2\/tags?post=22019"}],"curies":[{"name":"wp","href":"https:\/\/api.w.org\/{rel}","templated":true}]}}