{"id":22023,"date":"2025-05-22T12:00:00","date_gmt":"2025-05-22T15:00:00","guid":{"rendered":"https:\/\/agenciainfra.com\/blog\/?p=22023"},"modified":"2025-05-26T07:12:33","modified_gmt":"2025-05-26T10:12:33","slug":"licenciamento-ambiental-sofreu-golpe-de-morte-no-congresso-diz-marina-silva","status":"publish","type":"post","link":"https:\/\/agenciainfra.com\/blog\/licenciamento-ambiental-sofreu-golpe-de-morte-no-congresso-diz-marina-silva\/","title":{"rendered":"Licenciamento ambiental sofreu &#8220;golpe de morte&#8221; no Congresso, diz Marina Silva"},"content":{"rendered":"\n<p class=\"has-text-align-right\"><strong>Gabriel Vasconcelos, da Ag\u00eancia iNFRA<\/strong><\/p>\n\n\n\n<p>A ministra do Meio Ambiente e Mudan\u00e7a do Clima, Marina Silva, disse nesta quinta-feira (22) que o licenciamento ambiental sofreu um \u201cgolpe de morte\u201d com a aprova\u00e7\u00e3o, no Senado, do projeto de lei que o simplifica (<a href=\"https:\/\/www25.senado.leg.br\/web\/atividade\/materias\/-\/materia\/148785\">PL 2.159\/2021<\/a>). Marina aproveitou a ocasi\u00e3o para pedir que a popula\u00e7\u00e3o se mobilize para impedir que o texto seja aprovado na C\u00e2mara. Ela falou em evento do BNDES (Banco Nacional de Desenvolvimento Econ\u00f4mico e Social), no Jardim Bot\u00e2nico do Rio de Janeiro.<\/p>\n\n\n\n<p>\u201cO licenciamento sofreu um golpe de morte no Congresso Nacional. A sociedade brasileira tem a oportunidade de dar sustentabilidade pol\u00edtica para que o licenciamento ambiental seja mantido, porque esta \u00e9 uma linguagem que n\u00f3s, pol\u00edticos, entendemos\u201d, disse Marina.<\/p>\n\n\n\n<p>\u201cN\u00e3o podemos retroceder nem mais um cent\u00edmetro nas agendas em que o Brasil j\u00e1 avan\u00e7ou\u201d, continuou a ministra.<\/p>\n\n\n\n<p>Ontem (21), Marina j\u00e1 tinha manifestado \u201ctotal discord\u00e2ncia\u201d ao projeto e disse que, se aprovado, ele pode criar uma disputa por investimentos semelhantes \u00e0 guerra fiscal entre estados, que oferecem isen\u00e7\u00f5es de impostos para atrair empreendimentos, o que definiu como uma futura \u201cguerra da licenciedade ambiental\u201d.<\/p>\n\n\n\n<p><strong>Consequ\u00eancias<\/strong><br>Marina evocou pelo menos tr\u00eas vezes a necessidade de uma mobiliza\u00e7\u00e3o popular que deixe os parlamentares &#8220;\u00e0 vontade&#8221; para votar contra o projeto. Em seguida, passou a elencar as dificuldades que podem derivar da aprova\u00e7\u00e3o do texto atual na C\u00e2mara dos Deputados.<\/p>\n\n\n\n<p>&#8220;\u00c9 uma quest\u00e3o complexa. Se mantiverem essa demoli\u00e7\u00e3o do licenciamento ambiental, os preju\u00edzos n\u00e3o podem sequer serem mensurados agora. Mas tamb\u00e9m haveria um processo em massa de judicializa\u00e7\u00f5es, porque muito do que foi aprovado ali \u00e9 claramente inconstitucional&#8221;, disse Marina a jornalistas na sa\u00edda do evento.<\/p>\n\n\n\n<p>A ministra tamb\u00e9m voltou \u00e0 carga sobre as consequ\u00eancias que o texto pode trazer para as negocia\u00e7\u00f5es do acordo de livre com\u00e9rcio entre Mercosul e Uni\u00e3o Europeia, nas quais retrocessos na legisla\u00e7\u00e3o ambiental costumam ser instrumentalizados por quem \u00e9 contra do lado europeu.<\/p>\n\n\n\n<p>&#8220;O quanto isso n\u00e3o vai impactar, agora, os interesses estrat\u00e9gicos e econ\u00f4micos do Brasil? Estamos fechando a duras penas o acordo com a Uni\u00e3o Europeia e sabemos que temos muito pela frente&#8221;, disse, ao afirmar que o avan\u00e7o dessa agenda passa pela redu\u00e7\u00e3o do desmatamento, conforme lhe teria sido atestado pelo ministro da Agricultura, Carlos F\u00e1varo. Segundo ela, F\u00e1varo j\u00e1 atribuiu a abertura de mais de 300 novos mercados para produtos brasileiros aos avan\u00e7os na agenda ambiental do governo.<\/p>\n\n\n\n<p><strong>Tramita\u00e7\u00e3o atabalhoada<\/strong><br>Marina reconheceu que o governo tem sofrido derrotas como esta do licenciamento ambiental no Congresso, e reclamou da &#8220;tramita\u00e7\u00e3o r\u00e1pida e atabalhoada&#8221; do projeto de lei no Senado, o que teria pego a articula\u00e7\u00e3o da pasta de surpresa.<\/p>\n\n\n\n<p>Ela e o secret\u00e1rio executivo do MMA, Jo\u00e3o Paulo Capobianco, disseram que o minist\u00e9rio havia costurado um primeiro relat\u00f3rio &#8220;razo\u00e1vel&#8221; com senador Conf\u00facio Moura (MDB), mas o documento n\u00e3o foi aproveitado e, depois, uma nova vers\u00e3o s\u00f3 foi conhecida pelo governo j\u00e1 na Comiss\u00e3o de Meio Ambiente, entrando em discuss\u00e3o uma semana depois e indo a plen\u00e1rio ontem (21). E disseram ter preocupa\u00e7\u00e3o com eventual tramita\u00e7\u00e3o em regime de urg\u00eancia na C\u00e2mara dos Deputados.<\/p>\n\n\n\n<p>&#8220;O tempo n\u00e3o foi, nem de longe, o m\u00ednimo necess\u00e1rio para se debater o novo relat\u00f3rio. Agora \u00e9 a chance de fazer o debate em cima desse novo relat\u00f3rio na C\u00e2mara, inclusive em audi\u00eancias p\u00fablicas&#8221;, disse. &#8220;Vontade de conversar n\u00e3o me falta, mas tamb\u00e9m tenho firmeza no que acho correto. Avan\u00e7os para ganhar agilidade n\u00e3o significam o fim da qualidade (no licenciamento), completou.<\/p>\n\n\n\n<p><em>*Reportagem atualizada ap\u00f3s publica\u00e7\u00e3o para inclus\u00e3o de informa\u00e7\u00f5es adicionais<\/em>.<\/p>\n","protected":false},"excerpt":{"rendered":"<p>Gabriel Vasconcelos, da Ag\u00eancia iNFRA A ministra do Meio Ambiente e Mudan\u00e7a do Clima, Marina Silva, disse nesta quinta-feira (22) que o licenciamento ambiental sofreu um \u201cgolpe de morte\u201d com a aprova\u00e7\u00e3o, no Senado, do projeto de lei que o simplifica (PL 2.159\/2021). Marina aproveitou a ocasi\u00e3o para pedir que a popula\u00e7\u00e3o se mobilize para [&hellip;]<\/p>\n","protected":false},"author":1,"featured_media":22024,"comment_status":"closed","ping_status":"closed","sticky":false,"template":"","format":"standard","meta":{"_monsterinsights_skip_tracking":false,"_monsterinsights_sitenote_active":false,"_monsterinsights_sitenote_note":"","_monsterinsights_sitenote_category":0,"footnotes":""},"categories":[7250,1,2052],"tags":[13251,223,477,849,4457,13266],"class_list":["post-22023","post","type-post","status-publish","format-standard","has-post-thumbnail","hentry","category-destaque-lista","category-geral","category-infra-transicao","tag-gabriel-vasconcelos","tag-licenciamento-ambiental","tag-marina-silva","tag-meio-ambiente","tag-pl-2-159-2021","tag-pl-do-licenciamento-ambiental"],"yoast_head":"<!-- This site is optimized with the Yoast SEO Premium plugin v25.4 (Yoast SEO v26.0) - https:\/\/yoast.com\/wordpress\/plugins\/seo\/ -->\n<title>Licenciamento ambiental sofreu &quot;golpe de morte&quot; no Congresso, diz Marina Silva - Ag\u00eancia iNFRA<\/title>\n<meta name=\"robots\" content=\"index, follow, max-snippet:-1, max-image-preview:large, max-video-preview:-1\" \/>\n<link rel=\"canonical\" href=\"https:\/\/agenciainfra.com\/blog\/licenciamento-ambiental-sofreu-golpe-de-morte-no-congresso-diz-marina-silva\/\" \/>\n<meta property=\"og:locale\" content=\"pt_BR\" \/>\n<meta property=\"og:type\" content=\"article\" \/>\n<meta property=\"og:title\" content=\"Licenciamento ambiental sofreu &quot;golpe de morte&quot; no Congresso, diz Marina Silva\" \/>\n<meta property=\"og:description\" content=\"Gabriel Vasconcelos, da Ag\u00eancia iNFRA A ministra do Meio Ambiente e Mudan\u00e7a do Clima, Marina Silva, disse nesta quinta-feira (22) que o licenciamento ambiental sofreu um \u201cgolpe de morte\u201d com a aprova\u00e7\u00e3o, no Senado, do projeto de lei que o simplifica (PL 2.159\/2021). Marina aproveitou a ocasi\u00e3o para pedir que a popula\u00e7\u00e3o se mobilize para [&hellip;]\" \/>\n<meta property=\"og:url\" content=\"https:\/\/agenciainfra.com\/blog\/licenciamento-ambiental-sofreu-golpe-de-morte-no-congresso-diz-marina-silva\/\" \/>\n<meta property=\"og:site_name\" content=\"Ag\u00eancia iNFRA\" \/>\n<meta property=\"article:publisher\" content=\"https:\/\/www.facebook.com\/ageninfra\" \/>\n<meta property=\"article:published_time\" content=\"2025-05-22T15:00:00+00:00\" \/>\n<meta property=\"article:modified_time\" content=\"2025-05-26T10:12:33+00:00\" \/>\n<meta property=\"og:image\" content=\"https:\/\/agenciainfra.com\/blog\/wp-content\/uploads\/2025\/05\/marina-silva-foto-marcelo_camargo-agencia-brasil.jpg\" \/>\n\t<meta property=\"og:image:width\" content=\"1280\" \/>\n\t<meta property=\"og:image:height\" content=\"721\" \/>\n\t<meta property=\"og:image:type\" content=\"image\/jpeg\" \/>\n<meta name=\"author\" content=\"Ag\u00eancia iNFRA\" \/>\n<meta name=\"twitter:card\" content=\"summary_large_image\" \/>\n<meta name=\"twitter:creator\" content=\"@agencia_infra\" \/>\n<meta name=\"twitter:site\" content=\"@agencia_infra\" \/>\n<meta name=\"twitter:label1\" content=\"Escrito por\" \/>\n\t<meta name=\"twitter:data1\" content=\"Ag\u00eancia iNFRA\" \/>\n\t<meta name=\"twitter:label2\" content=\"Est. tempo de leitura\" \/>\n\t<meta name=\"twitter:data2\" content=\"3 minutos\" \/>\n<script type=\"application\/ld+json\" class=\"yoast-schema-graph\">{\"@context\":\"https:\/\/schema.org\",\"@graph\":[{\"@type\":\"Article\",\"@id\":\"https:\/\/agenciainfra.com\/blog\/licenciamento-ambiental-sofreu-golpe-de-morte-no-congresso-diz-marina-silva\/#article\",\"isPartOf\":{\"@id\":\"https:\/\/agenciainfra.com\/blog\/licenciamento-ambiental-sofreu-golpe-de-morte-no-congresso-diz-marina-silva\/\"},\"author\":{\"name\":\"Ag\u00eancia iNFRA\",\"@id\":\"https:\/\/agenciainfra.com\/blog\/#\/schema\/person\/34af08dff6adea4cb22b06612ba7acfa\"},\"headline\":\"Licenciamento ambiental sofreu &#8220;golpe de morte&#8221; no Congresso, diz Marina Silva\",\"datePublished\":\"2025-05-22T15:00:00+00:00\",\"dateModified\":\"2025-05-26T10:12:33+00:00\",\"mainEntityOfPage\":{\"@id\":\"https:\/\/agenciainfra.com\/blog\/licenciamento-ambiental-sofreu-golpe-de-morte-no-congresso-diz-marina-silva\/\"},\"wordCount\":658,\"publisher\":{\"@id\":\"https:\/\/agenciainfra.com\/blog\/#organization\"},\"image\":{\"@id\":\"https:\/\/agenciainfra.com\/blog\/licenciamento-ambiental-sofreu-golpe-de-morte-no-congresso-diz-marina-silva\/#primaryimage\"},\"thumbnailUrl\":\"https:\/\/agenciainfra.com\/blog\/wp-content\/uploads\/2025\/05\/marina-silva-foto-marcelo_camargo-agencia-brasil.jpg\",\"keywords\":[\"Gabriel Vasconcelos\",\"Licenciamento ambiental\",\"Marina Silva\",\"meio ambiente\",\"PL 2.159\/2021\",\"pl do licenciamento ambiental\"],\"articleSection\":[\"Destaque lista\",\"Geral\",\"iNFRA Na Transi\u00e7\u00e3o\"],\"inLanguage\":\"pt-BR\",\"copyrightYear\":\"2025\",\"copyrightHolder\":{\"@id\":\"https:\/\/agenciainfra.com\/blog\/#organization\"}},{\"@type\":\"WebPage\",\"@id\":\"https:\/\/agenciainfra.com\/blog\/licenciamento-ambiental-sofreu-golpe-de-morte-no-congresso-diz-marina-silva\/\",\"url\":\"https:\/\/agenciainfra.com\/blog\/licenciamento-ambiental-sofreu-golpe-de-morte-no-congresso-diz-marina-silva\/\",\"name\":\"Licenciamento ambiental sofreu \\\"golpe de morte\\\" no Congresso, diz Marina Silva - Ag\u00eancia iNFRA\",\"isPartOf\":{\"@id\":\"https:\/\/agenciainfra.com\/blog\/#website\"},\"primaryImageOfPage\":{\"@id\":\"https:\/\/agenciainfra.com\/blog\/licenciamento-ambiental-sofreu-golpe-de-morte-no-congresso-diz-marina-silva\/#primaryimage\"},\"image\":{\"@id\":\"https:\/\/agenciainfra.com\/blog\/licenciamento-ambiental-sofreu-golpe-de-morte-no-congresso-diz-marina-silva\/#primaryimage\"},\"thumbnailUrl\":\"https:\/\/agenciainfra.com\/blog\/wp-content\/uploads\/2025\/05\/marina-silva-foto-marcelo_camargo-agencia-brasil.jpg\",\"datePublished\":\"2025-05-22T15:00:00+00:00\",\"dateModified\":\"2025-05-26T10:12:33+00:00\",\"breadcrumb\":{\"@id\":\"https:\/\/agenciainfra.com\/blog\/licenciamento-ambiental-sofreu-golpe-de-morte-no-congresso-diz-marina-silva\/#breadcrumb\"},\"inLanguage\":\"pt-BR\",\"potentialAction\":[{\"@type\":\"ReadAction\",\"target\":[\"https:\/\/agenciainfra.com\/blog\/licenciamento-ambiental-sofreu-golpe-de-morte-no-congresso-diz-marina-silva\/\"]}]},{\"@type\":\"ImageObject\",\"inLanguage\":\"pt-BR\",\"@id\":\"https:\/\/agenciainfra.com\/blog\/licenciamento-ambiental-sofreu-golpe-de-morte-no-congresso-diz-marina-silva\/#primaryimage\",\"url\":\"https:\/\/agenciainfra.com\/blog\/wp-content\/uploads\/2025\/05\/marina-silva-foto-marcelo_camargo-agencia-brasil.jpg\",\"contentUrl\":\"https:\/\/agenciainfra.com\/blog\/wp-content\/uploads\/2025\/05\/marina-silva-foto-marcelo_camargo-agencia-brasil.jpg\",\"width\":1280,\"height\":721},{\"@type\":\"BreadcrumbList\",\"@id\":\"https:\/\/agenciainfra.com\/blog\/licenciamento-ambiental-sofreu-golpe-de-morte-no-congresso-diz-marina-silva\/#breadcrumb\",\"itemListElement\":[{\"@type\":\"ListItem\",\"position\":1,\"name\":\"In\u00edcio\",\"item\":\"https:\/\/agenciainfra.com\/blog\/\"},{\"@type\":\"ListItem\",\"position\":2,\"name\":\"Licenciamento ambiental sofreu &#8220;golpe de morte&#8221; no Congresso, diz Marina Silva\"}]},{\"@type\":\"WebSite\",\"@id\":\"https:\/\/agenciainfra.com\/blog\/#website\",\"url\":\"https:\/\/agenciainfra.com\/blog\/\",\"name\":\"Ag\u00eancia iNFRA\",\"description\":\"Multiplataforma de informa\u00e7\u00e3o jornal\u00edstica refer\u00eancia na \u00e1rea de infraestrutura no Brasil!\",\"publisher\":{\"@id\":\"https:\/\/agenciainfra.com\/blog\/#organization\"},\"potentialAction\":[{\"@type\":\"SearchAction\",\"target\":{\"@type\":\"EntryPoint\",\"urlTemplate\":\"https:\/\/agenciainfra.com\/blog\/?s={search_term_string}\"},\"query-input\":{\"@type\":\"PropertyValueSpecification\",\"valueRequired\":true,\"valueName\":\"search_term_string\"}}],\"inLanguage\":\"pt-BR\"},{\"@type\":\"Organization\",\"@id\":\"https:\/\/agenciainfra.com\/blog\/#organization\",\"name\":\"Ag\u00eancia iNFRA\",\"url\":\"https:\/\/agenciainfra.com\/blog\/\",\"logo\":{\"@type\":\"ImageObject\",\"inLanguage\":\"pt-BR\",\"@id\":\"https:\/\/agenciainfra.com\/blog\/#\/schema\/logo\/image\/\",\"url\":\"https:\/\/agenciainfra.com\/blog\/wp-content\/uploads\/2023\/09\/iNFRA_5-e1761735885940.png\",\"contentUrl\":\"https:\/\/agenciainfra.com\/blog\/wp-content\/uploads\/2023\/09\/iNFRA_5-e1761735885940.png\",\"width\":1672,\"height\":454,\"caption\":\"Ag\u00eancia iNFRA\"},\"image\":{\"@id\":\"https:\/\/agenciainfra.com\/blog\/#\/schema\/logo\/image\/\"},\"sameAs\":[\"https:\/\/www.facebook.com\/ageninfra\",\"https:\/\/x.com\/agencia_infra\",\"https:\/\/www.linkedin.com\/company\/ag\u00eanciainfra\/\",\"https:\/\/www.instagram.com\/agenciainfra\/\"]},{\"@type\":\"Person\",\"@id\":\"https:\/\/agenciainfra.com\/blog\/#\/schema\/person\/34af08dff6adea4cb22b06612ba7acfa\",\"name\":\"Ag\u00eancia iNFRA\",\"image\":{\"@type\":\"ImageObject\",\"inLanguage\":\"pt-BR\",\"@id\":\"https:\/\/agenciainfra.com\/blog\/#\/schema\/person\/image\/\",\"url\":\"https:\/\/secure.gravatar.com\/avatar\/d189e01678f06d8eb84d4e01f08eb848b3fffe3f8443818d3c356c66892f5be8?s=96&d=mm&r=g\",\"contentUrl\":\"https:\/\/secure.gravatar.com\/avatar\/d189e01678f06d8eb84d4e01f08eb848b3fffe3f8443818d3c356c66892f5be8?s=96&d=mm&r=g\",\"caption\":\"Ag\u00eancia iNFRA\"},\"url\":\"https:\/\/agenciainfra.com\/blog\/author\/admin\/\"}]}<\/script>\n<!-- \/ Yoast SEO Premium plugin. -->","yoast_head_json":{"title":"Licenciamento ambiental sofreu \"golpe de morte\" no Congresso, diz Marina Silva - Ag\u00eancia iNFRA","robots":{"index":"index","follow":"follow","max-snippet":"max-snippet:-1","max-image-preview":"max-image-preview:large","max-video-preview":"max-video-preview:-1"},"canonical":"https:\/\/agenciainfra.com\/blog\/licenciamento-ambiental-sofreu-golpe-de-morte-no-congresso-diz-marina-silva\/","og_locale":"pt_BR","og_type":"article","og_title":"Licenciamento ambiental sofreu \"golpe de morte\" no Congresso, diz Marina Silva","og_description":"Gabriel Vasconcelos, da Ag\u00eancia iNFRA A ministra do Meio Ambiente e Mudan\u00e7a do Clima, Marina Silva, disse nesta quinta-feira (22) que o licenciamento ambiental sofreu um \u201cgolpe de morte\u201d com a aprova\u00e7\u00e3o, no Senado, do projeto de lei que o simplifica (PL 2.159\/2021). Marina aproveitou a ocasi\u00e3o para pedir que a popula\u00e7\u00e3o se mobilize para [&hellip;]","og_url":"https:\/\/agenciainfra.com\/blog\/licenciamento-ambiental-sofreu-golpe-de-morte-no-congresso-diz-marina-silva\/","og_site_name":"Ag\u00eancia iNFRA","article_publisher":"https:\/\/www.facebook.com\/ageninfra","article_published_time":"2025-05-22T15:00:00+00:00","article_modified_time":"2025-05-26T10:12:33+00:00","og_image":[{"width":1280,"height":721,"url":"https:\/\/agenciainfra.com\/blog\/wp-content\/uploads\/2025\/05\/marina-silva-foto-marcelo_camargo-agencia-brasil.jpg","type":"image\/jpeg"}],"author":"Ag\u00eancia iNFRA","twitter_card":"summary_large_image","twitter_creator":"@agencia_infra","twitter_site":"@agencia_infra","twitter_misc":{"Escrito por":"Ag\u00eancia iNFRA","Est. tempo de leitura":"3 minutos"},"schema":{"@context":"https:\/\/schema.org","@graph":[{"@type":"Article","@id":"https:\/\/agenciainfra.com\/blog\/licenciamento-ambiental-sofreu-golpe-de-morte-no-congresso-diz-marina-silva\/#article","isPartOf":{"@id":"https:\/\/agenciainfra.com\/blog\/licenciamento-ambiental-sofreu-golpe-de-morte-no-congresso-diz-marina-silva\/"},"author":{"name":"Ag\u00eancia iNFRA","@id":"https:\/\/agenciainfra.com\/blog\/#\/schema\/person\/34af08dff6adea4cb22b06612ba7acfa"},"headline":"Licenciamento ambiental sofreu &#8220;golpe de morte&#8221; no Congresso, diz Marina Silva","datePublished":"2025-05-22T15:00:00+00:00","dateModified":"2025-05-26T10:12:33+00:00","mainEntityOfPage":{"@id":"https:\/\/agenciainfra.com\/blog\/licenciamento-ambiental-sofreu-golpe-de-morte-no-congresso-diz-marina-silva\/"},"wordCount":658,"publisher":{"@id":"https:\/\/agenciainfra.com\/blog\/#organization"},"image":{"@id":"https:\/\/agenciainfra.com\/blog\/licenciamento-ambiental-sofreu-golpe-de-morte-no-congresso-diz-marina-silva\/#primaryimage"},"thumbnailUrl":"https:\/\/agenciainfra.com\/blog\/wp-content\/uploads\/2025\/05\/marina-silva-foto-marcelo_camargo-agencia-brasil.jpg","keywords":["Gabriel Vasconcelos","Licenciamento ambiental","Marina Silva","meio ambiente","PL 2.159\/2021","pl do licenciamento ambiental"],"articleSection":["Destaque lista","Geral","iNFRA Na Transi\u00e7\u00e3o"],"inLanguage":"pt-BR","copyrightYear":"2025","copyrightHolder":{"@id":"https:\/\/agenciainfra.com\/blog\/#organization"}},{"@type":"WebPage","@id":"https:\/\/agenciainfra.com\/blog\/licenciamento-ambiental-sofreu-golpe-de-morte-no-congresso-diz-marina-silva\/","url":"https:\/\/agenciainfra.com\/blog\/licenciamento-ambiental-sofreu-golpe-de-morte-no-congresso-diz-marina-silva\/","name":"Licenciamento ambiental sofreu \"golpe de morte\" no Congresso, diz Marina Silva - Ag\u00eancia iNFRA","isPartOf":{"@id":"https:\/\/agenciainfra.com\/blog\/#website"},"primaryImageOfPage":{"@id":"https:\/\/agenciainfra.com\/blog\/licenciamento-ambiental-sofreu-golpe-de-morte-no-congresso-diz-marina-silva\/#primaryimage"},"image":{"@id":"https:\/\/agenciainfra.com\/blog\/licenciamento-ambiental-sofreu-golpe-de-morte-no-congresso-diz-marina-silva\/#primaryimage"},"thumbnailUrl":"https:\/\/agenciainfra.com\/blog\/wp-content\/uploads\/2025\/05\/marina-silva-foto-marcelo_camargo-agencia-brasil.jpg","datePublished":"2025-05-22T15:00:00+00:00","dateModified":"2025-05-26T10:12:33+00:00","breadcrumb":{"@id":"https:\/\/agenciainfra.com\/blog\/licenciamento-ambiental-sofreu-golpe-de-morte-no-congresso-diz-marina-silva\/#breadcrumb"},"inLanguage":"pt-BR","potentialAction":[{"@type":"ReadAction","target":["https:\/\/agenciainfra.com\/blog\/licenciamento-ambiental-sofreu-golpe-de-morte-no-congresso-diz-marina-silva\/"]}]},{"@type":"ImageObject","inLanguage":"pt-BR","@id":"https:\/\/agenciainfra.com\/blog\/licenciamento-ambiental-sofreu-golpe-de-morte-no-congresso-diz-marina-silva\/#primaryimage","url":"https:\/\/agenciainfra.com\/blog\/wp-content\/uploads\/2025\/05\/marina-silva-foto-marcelo_camargo-agencia-brasil.jpg","contentUrl":"https:\/\/agenciainfra.com\/blog\/wp-content\/uploads\/2025\/05\/marina-silva-foto-marcelo_camargo-agencia-brasil.jpg","width":1280,"height":721},{"@type":"BreadcrumbList","@id":"https:\/\/agenciainfra.com\/blog\/licenciamento-ambiental-sofreu-golpe-de-morte-no-congresso-diz-marina-silva\/#breadcrumb","itemListElement":[{"@type":"ListItem","position":1,"name":"In\u00edcio","item":"https:\/\/agenciainfra.com\/blog\/"},{"@type":"ListItem","position":2,"name":"Licenciamento ambiental sofreu &#8220;golpe de morte&#8221; no Congresso, diz Marina Silva"}]},{"@type":"WebSite","@id":"https:\/\/agenciainfra.com\/blog\/#website","url":"https:\/\/agenciainfra.com\/blog\/","name":"Ag\u00eancia iNFRA","description":"Multiplataforma de informa\u00e7\u00e3o jornal\u00edstica refer\u00eancia na \u00e1rea de infraestrutura no Brasil!","publisher":{"@id":"https:\/\/agenciainfra.com\/blog\/#organization"},"potentialAction":[{"@type":"SearchAction","target":{"@type":"EntryPoint","urlTemplate":"https:\/\/agenciainfra.com\/blog\/?s={search_term_string}"},"query-input":{"@type":"PropertyValueSpecification","valueRequired":true,"valueName":"search_term_string"}}],"inLanguage":"pt-BR"},{"@type":"Organization","@id":"https:\/\/agenciainfra.com\/blog\/#organization","name":"Ag\u00eancia iNFRA","url":"https:\/\/agenciainfra.com\/blog\/","logo":{"@type":"ImageObject","inLanguage":"pt-BR","@id":"https:\/\/agenciainfra.com\/blog\/#\/schema\/logo\/image\/","url":"https:\/\/agenciainfra.com\/blog\/wp-content\/uploads\/2023\/09\/iNFRA_5-e1761735885940.png","contentUrl":"https:\/\/agenciainfra.com\/blog\/wp-content\/uploads\/2023\/09\/iNFRA_5-e1761735885940.png","width":1672,"height":454,"caption":"Ag\u00eancia iNFRA"},"image":{"@id":"https:\/\/agenciainfra.com\/blog\/#\/schema\/logo\/image\/"},"sameAs":["https:\/\/www.facebook.com\/ageninfra","https:\/\/x.com\/agencia_infra","https:\/\/www.linkedin.com\/company\/ag\u00eanciainfra\/","https:\/\/www.instagram.com\/agenciainfra\/"]},{"@type":"Person","@id":"https:\/\/agenciainfra.com\/blog\/#\/schema\/person\/34af08dff6adea4cb22b06612ba7acfa","name":"Ag\u00eancia iNFRA","image":{"@type":"ImageObject","inLanguage":"pt-BR","@id":"https:\/\/agenciainfra.com\/blog\/#\/schema\/person\/image\/","url":"https:\/\/secure.gravatar.com\/avatar\/d189e01678f06d8eb84d4e01f08eb848b3fffe3f8443818d3c356c66892f5be8?s=96&d=mm&r=g","contentUrl":"https:\/\/secure.gravatar.com\/avatar\/d189e01678f06d8eb84d4e01f08eb848b3fffe3f8443818d3c356c66892f5be8?s=96&d=mm&r=g","caption":"Ag\u00eancia iNFRA"},"url":"https:\/\/agenciainfra.com\/blog\/author\/admin\/"}]}},"_links":{"self":[{"href":"https:\/\/agenciainfra.com\/blog\/wp-json\/wp\/v2\/posts\/22023","targetHints":{"allow":["GET"]}}],"collection":[{"href":"https:\/\/agenciainfra.com\/blog\/wp-json\/wp\/v2\/posts"}],"about":[{"href":"https:\/\/agenciainfra.com\/blog\/wp-json\/wp\/v2\/types\/post"}],"author":[{"embeddable":true,"href":"https:\/\/agenciainfra.com\/blog\/wp-json\/wp\/v2\/users\/1"}],"replies":[{"embeddable":true,"href":"https:\/\/agenciainfra.com\/blog\/wp-json\/wp\/v2\/comments?post=22023"}],"version-history":[{"count":5,"href":"https:\/\/agenciainfra.com\/blog\/wp-json\/wp\/v2\/posts\/22023\/revisions"}],"predecessor-version":[{"id":22058,"href":"https:\/\/agenciainfra.com\/blog\/wp-json\/wp\/v2\/posts\/22023\/revisions\/22058"}],"wp:featuredmedia":[{"embeddable":true,"href":"https:\/\/agenciainfra.com\/blog\/wp-json\/wp\/v2\/media\/22024"}],"wp:attachment":[{"href":"https:\/\/agenciainfra.com\/blog\/wp-json\/wp\/v2\/media?parent=22023"}],"wp:term":[{"taxonomy":"category","embeddable":true,"href":"https:\/\/agenciainfra.com\/blog\/wp-json\/wp\/v2\/categories?post=22023"},{"taxonomy":"post_tag","embeddable":true,"href":"https:\/\/agenciainfra.com\/blog\/wp-json\/wp\/v2\/tags?post=22023"}],"curies":[{"name":"wp","href":"https:\/\/api.w.org\/{rel}","templated":true}]}}