{"id":22049,"date":"2025-05-22T15:41:42","date_gmt":"2025-05-22T18:41:42","guid":{"rendered":"https:\/\/agenciainfra.com\/blog\/?p=22049"},"modified":"2025-05-25T10:48:45","modified_gmt":"2025-05-25T13:48:45","slug":"psd-indica-hugo-leal-para-relatar-mp-do-setor-eletrico-dizem-fontes","status":"publish","type":"post","link":"https:\/\/agenciainfra.com\/blog\/psd-indica-hugo-leal-para-relatar-mp-do-setor-eletrico-dizem-fontes\/","title":{"rendered":"PSD indica Hugo Leal para relatar MP do Setor El\u00e9trico, dizem fontes"},"content":{"rendered":"\n<p class=\"has-text-align-right\"><strong>Dimmi Amora, Geraldo Campos Jr. e<\/strong> <strong>Lais Carregosa, da Ag\u00eancia iNFRA<\/strong><\/p>\n\n\n\n<p>O l\u00edder do PSD (Partido Social Democr\u00e1tico) na C\u00e2mara dos Deputados, Antonio Brito (PSD-BA), indicou o deputado federal Hugo Leal (PSD-RJ) para relatar a MP (Medida Provis\u00f3ria) n\u00ba 1.300, da reforma do setor el\u00e9trico. Segundo fontes, o pedido foi feito em reuni\u00e3o de l\u00edderes nesta quinta-feira (22).<\/p>\n\n\n\n<p>Al\u00e9m do PSD, o Uni\u00e3o Brasil tamb\u00e9m est\u00e1 interessado na relatoria. Na quarta-feira (21), o l\u00edder do partido na C\u00e2mara, Pedro Lucas (MA), afirmou que vai trabalhar para que o deputado Fernando Coelho Filho (Uni\u00e3o-PE) seja o relator do texto devido \u00e0 sua experi\u00eancia com a relatoria do <a href=\"https:\/\/www.camara.leg.br\/proposicoesWeb\/fichadetramitacao?idProposicao=2270036\">PL (Projeto de Lei) 414\/2021<\/a>, que estabelecia a abertura do mercado livre.<\/p>\n\n\n\n<p>No momento, a tramita\u00e7\u00e3o est\u00e1 na fase de indica\u00e7\u00e3o, pelos partidos, dos deputados e senadores que integrar\u00e3o a comiss\u00e3o mista que analisar\u00e1 a MP. Segundo fontes, h\u00e1 acordo para que a relatoria do texto fique com a C\u00e2mara dos Deputados.<\/p>\n\n\n\n<p><strong>Emendas<\/strong><br>Ainda na quinta-feira (22), a MP j\u00e1 come\u00e7ou a receber suas primeiras emendas. O senador Esperidi\u00e3o Amin (PP-SC), por exemplo, protocolou proposta para limitar a tarifa de repasse da usina de Itaipu a US$ 12\/kW. O senador j\u00e1 tem um projeto de lei apresentado com o mesmo teor.<\/p>\n\n\n\n<p>J\u00e1 o senador Hamilton Mour\u00e3o (Republicanos-RS) apresentou emenda para excluir as tarifas TUSD (Uso do Sistema de Distribui\u00e7\u00e3o), TUST (Uso do Sistema de Transmiss\u00e3o) e os demais encargos setoriais da base de c\u00e1lculo do ICMS.<\/p>\n\n\n\n<p>Os deputados e senadores ter\u00e3o at\u00e9 o dia 27 de maio. Isso porque, segundo regimento do Congresso Nacional, as emendas a MPs s\u00f3 podem ser apresentadas em at\u00e9 seis dias da publica\u00e7\u00e3o do texto no Di\u00e1rio Oficial da Uni\u00e3o.<\/p>\n\n\n\n<p><em>*Reportagem atualizada no dia seguinte da publica\u00e7\u00e3o para inclus\u00e3o de informa\u00e7\u00f5es<\/em> <em>sobre in\u00edcio da tramita\u00e7\u00e3o.<\/em><\/p>\n","protected":false},"excerpt":{"rendered":"<p>Dimmi Amora, Geraldo Campos Jr. e Lais Carregosa, da Ag\u00eancia iNFRA O l\u00edder do PSD (Partido Social Democr\u00e1tico) na C\u00e2mara dos Deputados, Antonio Brito (PSD-BA), indicou o deputado federal Hugo Leal (PSD-RJ) para relatar a MP (Medida Provis\u00f3ria) n\u00ba 1.300, da reforma do setor el\u00e9trico. Segundo fontes, o pedido foi feito em reuni\u00e3o de l\u00edderes [&hellip;]<\/p>\n","protected":false},"author":1,"featured_media":20215,"comment_status":"closed","ping_status":"closed","sticky":false,"template":"","format":"standard","meta":{"_monsterinsights_skip_tracking":false,"_monsterinsights_sitenote_active":false,"_monsterinsights_sitenote_note":"","_monsterinsights_sitenote_category":0,"footnotes":""},"categories":[7250,1,10],"tags":[13489,12975,13132,13449,13261,3358,10710],"class_list":["post-22049","post","type-post","status-publish","format-standard","has-post-thumbnail","hentry","category-destaque-lista","category-geral","category-infraenergia","tag-deputado-fernando-coelho-filho","tag-deputado-hugo-leal","tag-lais-carregosa","tag-mp-1-300","tag-mp-do-setor-eletrico","tag-psd","tag-reforma-do-setor-eletrico"],"yoast_head":"<!-- This site is optimized with the Yoast SEO Premium plugin v25.4 (Yoast SEO v26.0) - https:\/\/yoast.com\/wordpress\/plugins\/seo\/ -->\n<title>PSD indica Hugo Leal para relatar MP do Setor El\u00e9trico, dizem fontes - Ag\u00eancia iNFRA<\/title>\n<meta name=\"robots\" content=\"index, follow, max-snippet:-1, max-image-preview:large, max-video-preview:-1\" \/>\n<link rel=\"canonical\" href=\"https:\/\/agenciainfra.com\/blog\/psd-indica-hugo-leal-para-relatar-mp-do-setor-eletrico-dizem-fontes\/\" \/>\n<meta property=\"og:locale\" content=\"pt_BR\" \/>\n<meta property=\"og:type\" content=\"article\" \/>\n<meta property=\"og:title\" content=\"PSD indica Hugo Leal para relatar MP do Setor El\u00e9trico, dizem fontes\" \/>\n<meta property=\"og:description\" content=\"Dimmi Amora, Geraldo Campos Jr. e Lais Carregosa, da Ag\u00eancia iNFRA O l\u00edder do PSD (Partido Social Democr\u00e1tico) na C\u00e2mara dos Deputados, Antonio Brito (PSD-BA), indicou o deputado federal Hugo Leal (PSD-RJ) para relatar a MP (Medida Provis\u00f3ria) n\u00ba 1.300, da reforma do setor el\u00e9trico. Segundo fontes, o pedido foi feito em reuni\u00e3o de l\u00edderes [&hellip;]\" \/>\n<meta property=\"og:url\" content=\"https:\/\/agenciainfra.com\/blog\/psd-indica-hugo-leal-para-relatar-mp-do-setor-eletrico-dizem-fontes\/\" \/>\n<meta property=\"og:site_name\" content=\"Ag\u00eancia iNFRA\" \/>\n<meta property=\"article:publisher\" content=\"https:\/\/www.facebook.com\/ageninfra\" \/>\n<meta property=\"article:published_time\" content=\"2025-05-22T18:41:42+00:00\" \/>\n<meta property=\"article:modified_time\" content=\"2025-05-25T13:48:45+00:00\" \/>\n<meta property=\"og:image\" content=\"https:\/\/agenciainfra.com\/blog\/wp-content\/uploads\/2025\/02\/hugo-leal-foto-vinicius-loures-agencia-camara-2-e1747939162195.jpg\" \/>\n\t<meta property=\"og:image:width\" content=\"1208\" \/>\n\t<meta property=\"og:image:height\" content=\"727\" \/>\n\t<meta property=\"og:image:type\" content=\"image\/jpeg\" \/>\n<meta name=\"author\" content=\"Ag\u00eancia iNFRA\" \/>\n<meta name=\"twitter:card\" content=\"summary_large_image\" \/>\n<meta name=\"twitter:creator\" content=\"@agencia_infra\" \/>\n<meta name=\"twitter:site\" content=\"@agencia_infra\" \/>\n<meta name=\"twitter:label1\" content=\"Escrito por\" \/>\n\t<meta name=\"twitter:data1\" content=\"Ag\u00eancia iNFRA\" \/>\n\t<meta name=\"twitter:label2\" content=\"Est. tempo de leitura\" \/>\n\t<meta name=\"twitter:data2\" content=\"2 minutos\" \/>\n<script type=\"application\/ld+json\" class=\"yoast-schema-graph\">{\"@context\":\"https:\/\/schema.org\",\"@graph\":[{\"@type\":\"Article\",\"@id\":\"https:\/\/agenciainfra.com\/blog\/psd-indica-hugo-leal-para-relatar-mp-do-setor-eletrico-dizem-fontes\/#article\",\"isPartOf\":{\"@id\":\"https:\/\/agenciainfra.com\/blog\/psd-indica-hugo-leal-para-relatar-mp-do-setor-eletrico-dizem-fontes\/\"},\"author\":{\"name\":\"Ag\u00eancia iNFRA\",\"@id\":\"https:\/\/agenciainfra.com\/blog\/#\/schema\/person\/34af08dff6adea4cb22b06612ba7acfa\"},\"headline\":\"PSD indica Hugo Leal para relatar MP do Setor El\u00e9trico, dizem fontes\",\"datePublished\":\"2025-05-22T18:41:42+00:00\",\"dateModified\":\"2025-05-25T13:48:45+00:00\",\"mainEntityOfPage\":{\"@id\":\"https:\/\/agenciainfra.com\/blog\/psd-indica-hugo-leal-para-relatar-mp-do-setor-eletrico-dizem-fontes\/\"},\"wordCount\":337,\"publisher\":{\"@id\":\"https:\/\/agenciainfra.com\/blog\/#organization\"},\"image\":{\"@id\":\"https:\/\/agenciainfra.com\/blog\/psd-indica-hugo-leal-para-relatar-mp-do-setor-eletrico-dizem-fontes\/#primaryimage\"},\"thumbnailUrl\":\"https:\/\/agenciainfra.com\/blog\/wp-content\/uploads\/2025\/02\/hugo-leal-foto-vinicius-loures-agencia-camara-2-e1747939162195.jpg\",\"keywords\":[\"deputado fernando coelho filho\",\"deputado hugo leal\",\"Lais Carregosa\",\"mp 1.300\",\"mp do setor el\u00e9trico\",\"PSD\",\"Reforma do Setor El\u00e9trico\"],\"articleSection\":[\"Destaque lista\",\"Geral\",\"iNFRAEnergia\"],\"inLanguage\":\"pt-BR\",\"copyrightYear\":\"2025\",\"copyrightHolder\":{\"@id\":\"https:\/\/agenciainfra.com\/blog\/#organization\"}},{\"@type\":\"WebPage\",\"@id\":\"https:\/\/agenciainfra.com\/blog\/psd-indica-hugo-leal-para-relatar-mp-do-setor-eletrico-dizem-fontes\/\",\"url\":\"https:\/\/agenciainfra.com\/blog\/psd-indica-hugo-leal-para-relatar-mp-do-setor-eletrico-dizem-fontes\/\",\"name\":\"PSD indica Hugo Leal para relatar MP do Setor El\u00e9trico, dizem fontes - Ag\u00eancia iNFRA\",\"isPartOf\":{\"@id\":\"https:\/\/agenciainfra.com\/blog\/#website\"},\"primaryImageOfPage\":{\"@id\":\"https:\/\/agenciainfra.com\/blog\/psd-indica-hugo-leal-para-relatar-mp-do-setor-eletrico-dizem-fontes\/#primaryimage\"},\"image\":{\"@id\":\"https:\/\/agenciainfra.com\/blog\/psd-indica-hugo-leal-para-relatar-mp-do-setor-eletrico-dizem-fontes\/#primaryimage\"},\"thumbnailUrl\":\"https:\/\/agenciainfra.com\/blog\/wp-content\/uploads\/2025\/02\/hugo-leal-foto-vinicius-loures-agencia-camara-2-e1747939162195.jpg\",\"datePublished\":\"2025-05-22T18:41:42+00:00\",\"dateModified\":\"2025-05-25T13:48:45+00:00\",\"breadcrumb\":{\"@id\":\"https:\/\/agenciainfra.com\/blog\/psd-indica-hugo-leal-para-relatar-mp-do-setor-eletrico-dizem-fontes\/#breadcrumb\"},\"inLanguage\":\"pt-BR\",\"potentialAction\":[{\"@type\":\"ReadAction\",\"target\":[\"https:\/\/agenciainfra.com\/blog\/psd-indica-hugo-leal-para-relatar-mp-do-setor-eletrico-dizem-fontes\/\"]}]},{\"@type\":\"ImageObject\",\"inLanguage\":\"pt-BR\",\"@id\":\"https:\/\/agenciainfra.com\/blog\/psd-indica-hugo-leal-para-relatar-mp-do-setor-eletrico-dizem-fontes\/#primaryimage\",\"url\":\"https:\/\/agenciainfra.com\/blog\/wp-content\/uploads\/2025\/02\/hugo-leal-foto-vinicius-loures-agencia-camara-2-e1747939162195.jpg\",\"contentUrl\":\"https:\/\/agenciainfra.com\/blog\/wp-content\/uploads\/2025\/02\/hugo-leal-foto-vinicius-loures-agencia-camara-2-e1747939162195.jpg\",\"width\":1208,\"height\":727,\"caption\":\"Foto: Vinicius Loures\/Ag\u00eancia C\u00e2mara\"},{\"@type\":\"BreadcrumbList\",\"@id\":\"https:\/\/agenciainfra.com\/blog\/psd-indica-hugo-leal-para-relatar-mp-do-setor-eletrico-dizem-fontes\/#breadcrumb\",\"itemListElement\":[{\"@type\":\"ListItem\",\"position\":1,\"name\":\"In\u00edcio\",\"item\":\"https:\/\/agenciainfra.com\/blog\/\"},{\"@type\":\"ListItem\",\"position\":2,\"name\":\"PSD indica Hugo Leal para relatar MP do Setor El\u00e9trico, dizem fontes\"}]},{\"@type\":\"WebSite\",\"@id\":\"https:\/\/agenciainfra.com\/blog\/#website\",\"url\":\"https:\/\/agenciainfra.com\/blog\/\",\"name\":\"Ag\u00eancia iNFRA\",\"description\":\"Multiplataforma de informa\u00e7\u00e3o jornal\u00edstica refer\u00eancia na \u00e1rea de infraestrutura no Brasil!\",\"publisher\":{\"@id\":\"https:\/\/agenciainfra.com\/blog\/#organization\"},\"potentialAction\":[{\"@type\":\"SearchAction\",\"target\":{\"@type\":\"EntryPoint\",\"urlTemplate\":\"https:\/\/agenciainfra.com\/blog\/?s={search_term_string}\"},\"query-input\":{\"@type\":\"PropertyValueSpecification\",\"valueRequired\":true,\"valueName\":\"search_term_string\"}}],\"inLanguage\":\"pt-BR\"},{\"@type\":\"Organization\",\"@id\":\"https:\/\/agenciainfra.com\/blog\/#organization\",\"name\":\"Ag\u00eancia iNFRA\",\"url\":\"https:\/\/agenciainfra.com\/blog\/\",\"logo\":{\"@type\":\"ImageObject\",\"inLanguage\":\"pt-BR\",\"@id\":\"https:\/\/agenciainfra.com\/blog\/#\/schema\/logo\/image\/\",\"url\":\"https:\/\/agenciainfra.com\/blog\/wp-content\/uploads\/2023\/09\/iNFRA_5-e1761735885940.png\",\"contentUrl\":\"https:\/\/agenciainfra.com\/blog\/wp-content\/uploads\/2023\/09\/iNFRA_5-e1761735885940.png\",\"width\":1672,\"height\":454,\"caption\":\"Ag\u00eancia iNFRA\"},\"image\":{\"@id\":\"https:\/\/agenciainfra.com\/blog\/#\/schema\/logo\/image\/\"},\"sameAs\":[\"https:\/\/www.facebook.com\/ageninfra\",\"https:\/\/x.com\/agencia_infra\",\"https:\/\/www.linkedin.com\/company\/ag\u00eanciainfra\/\",\"https:\/\/www.instagram.com\/agenciainfra\/\"]},{\"@type\":\"Person\",\"@id\":\"https:\/\/agenciainfra.com\/blog\/#\/schema\/person\/34af08dff6adea4cb22b06612ba7acfa\",\"name\":\"Ag\u00eancia iNFRA\",\"image\":{\"@type\":\"ImageObject\",\"inLanguage\":\"pt-BR\",\"@id\":\"https:\/\/agenciainfra.com\/blog\/#\/schema\/person\/image\/\",\"url\":\"https:\/\/secure.gravatar.com\/avatar\/d189e01678f06d8eb84d4e01f08eb848b3fffe3f8443818d3c356c66892f5be8?s=96&d=mm&r=g\",\"contentUrl\":\"https:\/\/secure.gravatar.com\/avatar\/d189e01678f06d8eb84d4e01f08eb848b3fffe3f8443818d3c356c66892f5be8?s=96&d=mm&r=g\",\"caption\":\"Ag\u00eancia iNFRA\"},\"url\":\"https:\/\/agenciainfra.com\/blog\/author\/admin\/\"}]}<\/script>\n<!-- \/ Yoast SEO Premium plugin. -->","yoast_head_json":{"title":"PSD indica Hugo Leal para relatar MP do Setor El\u00e9trico, dizem fontes - Ag\u00eancia iNFRA","robots":{"index":"index","follow":"follow","max-snippet":"max-snippet:-1","max-image-preview":"max-image-preview:large","max-video-preview":"max-video-preview:-1"},"canonical":"https:\/\/agenciainfra.com\/blog\/psd-indica-hugo-leal-para-relatar-mp-do-setor-eletrico-dizem-fontes\/","og_locale":"pt_BR","og_type":"article","og_title":"PSD indica Hugo Leal para relatar MP do Setor El\u00e9trico, dizem fontes","og_description":"Dimmi Amora, Geraldo Campos Jr. e Lais Carregosa, da Ag\u00eancia iNFRA O l\u00edder do PSD (Partido Social Democr\u00e1tico) na C\u00e2mara dos Deputados, Antonio Brito (PSD-BA), indicou o deputado federal Hugo Leal (PSD-RJ) para relatar a MP (Medida Provis\u00f3ria) n\u00ba 1.300, da reforma do setor el\u00e9trico. Segundo fontes, o pedido foi feito em reuni\u00e3o de l\u00edderes [&hellip;]","og_url":"https:\/\/agenciainfra.com\/blog\/psd-indica-hugo-leal-para-relatar-mp-do-setor-eletrico-dizem-fontes\/","og_site_name":"Ag\u00eancia iNFRA","article_publisher":"https:\/\/www.facebook.com\/ageninfra","article_published_time":"2025-05-22T18:41:42+00:00","article_modified_time":"2025-05-25T13:48:45+00:00","og_image":[{"width":1208,"height":727,"url":"https:\/\/agenciainfra.com\/blog\/wp-content\/uploads\/2025\/02\/hugo-leal-foto-vinicius-loures-agencia-camara-2-e1747939162195.jpg","type":"image\/jpeg"}],"author":"Ag\u00eancia iNFRA","twitter_card":"summary_large_image","twitter_creator":"@agencia_infra","twitter_site":"@agencia_infra","twitter_misc":{"Escrito por":"Ag\u00eancia iNFRA","Est. tempo de leitura":"2 minutos"},"schema":{"@context":"https:\/\/schema.org","@graph":[{"@type":"Article","@id":"https:\/\/agenciainfra.com\/blog\/psd-indica-hugo-leal-para-relatar-mp-do-setor-eletrico-dizem-fontes\/#article","isPartOf":{"@id":"https:\/\/agenciainfra.com\/blog\/psd-indica-hugo-leal-para-relatar-mp-do-setor-eletrico-dizem-fontes\/"},"author":{"name":"Ag\u00eancia iNFRA","@id":"https:\/\/agenciainfra.com\/blog\/#\/schema\/person\/34af08dff6adea4cb22b06612ba7acfa"},"headline":"PSD indica Hugo Leal para relatar MP do Setor El\u00e9trico, dizem fontes","datePublished":"2025-05-22T18:41:42+00:00","dateModified":"2025-05-25T13:48:45+00:00","mainEntityOfPage":{"@id":"https:\/\/agenciainfra.com\/blog\/psd-indica-hugo-leal-para-relatar-mp-do-setor-eletrico-dizem-fontes\/"},"wordCount":337,"publisher":{"@id":"https:\/\/agenciainfra.com\/blog\/#organization"},"image":{"@id":"https:\/\/agenciainfra.com\/blog\/psd-indica-hugo-leal-para-relatar-mp-do-setor-eletrico-dizem-fontes\/#primaryimage"},"thumbnailUrl":"https:\/\/agenciainfra.com\/blog\/wp-content\/uploads\/2025\/02\/hugo-leal-foto-vinicius-loures-agencia-camara-2-e1747939162195.jpg","keywords":["deputado fernando coelho filho","deputado hugo leal","Lais Carregosa","mp 1.300","mp do setor el\u00e9trico","PSD","Reforma do Setor El\u00e9trico"],"articleSection":["Destaque lista","Geral","iNFRAEnergia"],"inLanguage":"pt-BR","copyrightYear":"2025","copyrightHolder":{"@id":"https:\/\/agenciainfra.com\/blog\/#organization"}},{"@type":"WebPage","@id":"https:\/\/agenciainfra.com\/blog\/psd-indica-hugo-leal-para-relatar-mp-do-setor-eletrico-dizem-fontes\/","url":"https:\/\/agenciainfra.com\/blog\/psd-indica-hugo-leal-para-relatar-mp-do-setor-eletrico-dizem-fontes\/","name":"PSD indica Hugo Leal para relatar MP do Setor El\u00e9trico, dizem fontes - Ag\u00eancia iNFRA","isPartOf":{"@id":"https:\/\/agenciainfra.com\/blog\/#website"},"primaryImageOfPage":{"@id":"https:\/\/agenciainfra.com\/blog\/psd-indica-hugo-leal-para-relatar-mp-do-setor-eletrico-dizem-fontes\/#primaryimage"},"image":{"@id":"https:\/\/agenciainfra.com\/blog\/psd-indica-hugo-leal-para-relatar-mp-do-setor-eletrico-dizem-fontes\/#primaryimage"},"thumbnailUrl":"https:\/\/agenciainfra.com\/blog\/wp-content\/uploads\/2025\/02\/hugo-leal-foto-vinicius-loures-agencia-camara-2-e1747939162195.jpg","datePublished":"2025-05-22T18:41:42+00:00","dateModified":"2025-05-25T13:48:45+00:00","breadcrumb":{"@id":"https:\/\/agenciainfra.com\/blog\/psd-indica-hugo-leal-para-relatar-mp-do-setor-eletrico-dizem-fontes\/#breadcrumb"},"inLanguage":"pt-BR","potentialAction":[{"@type":"ReadAction","target":["https:\/\/agenciainfra.com\/blog\/psd-indica-hugo-leal-para-relatar-mp-do-setor-eletrico-dizem-fontes\/"]}]},{"@type":"ImageObject","inLanguage":"pt-BR","@id":"https:\/\/agenciainfra.com\/blog\/psd-indica-hugo-leal-para-relatar-mp-do-setor-eletrico-dizem-fontes\/#primaryimage","url":"https:\/\/agenciainfra.com\/blog\/wp-content\/uploads\/2025\/02\/hugo-leal-foto-vinicius-loures-agencia-camara-2-e1747939162195.jpg","contentUrl":"https:\/\/agenciainfra.com\/blog\/wp-content\/uploads\/2025\/02\/hugo-leal-foto-vinicius-loures-agencia-camara-2-e1747939162195.jpg","width":1208,"height":727,"caption":"Foto: Vinicius Loures\/Ag\u00eancia C\u00e2mara"},{"@type":"BreadcrumbList","@id":"https:\/\/agenciainfra.com\/blog\/psd-indica-hugo-leal-para-relatar-mp-do-setor-eletrico-dizem-fontes\/#breadcrumb","itemListElement":[{"@type":"ListItem","position":1,"name":"In\u00edcio","item":"https:\/\/agenciainfra.com\/blog\/"},{"@type":"ListItem","position":2,"name":"PSD indica Hugo Leal para relatar MP do Setor El\u00e9trico, dizem fontes"}]},{"@type":"WebSite","@id":"https:\/\/agenciainfra.com\/blog\/#website","url":"https:\/\/agenciainfra.com\/blog\/","name":"Ag\u00eancia iNFRA","description":"Multiplataforma de informa\u00e7\u00e3o jornal\u00edstica refer\u00eancia na \u00e1rea de infraestrutura no Brasil!","publisher":{"@id":"https:\/\/agenciainfra.com\/blog\/#organization"},"potentialAction":[{"@type":"SearchAction","target":{"@type":"EntryPoint","urlTemplate":"https:\/\/agenciainfra.com\/blog\/?s={search_term_string}"},"query-input":{"@type":"PropertyValueSpecification","valueRequired":true,"valueName":"search_term_string"}}],"inLanguage":"pt-BR"},{"@type":"Organization","@id":"https:\/\/agenciainfra.com\/blog\/#organization","name":"Ag\u00eancia iNFRA","url":"https:\/\/agenciainfra.com\/blog\/","logo":{"@type":"ImageObject","inLanguage":"pt-BR","@id":"https:\/\/agenciainfra.com\/blog\/#\/schema\/logo\/image\/","url":"https:\/\/agenciainfra.com\/blog\/wp-content\/uploads\/2023\/09\/iNFRA_5-e1761735885940.png","contentUrl":"https:\/\/agenciainfra.com\/blog\/wp-content\/uploads\/2023\/09\/iNFRA_5-e1761735885940.png","width":1672,"height":454,"caption":"Ag\u00eancia iNFRA"},"image":{"@id":"https:\/\/agenciainfra.com\/blog\/#\/schema\/logo\/image\/"},"sameAs":["https:\/\/www.facebook.com\/ageninfra","https:\/\/x.com\/agencia_infra","https:\/\/www.linkedin.com\/company\/ag\u00eanciainfra\/","https:\/\/www.instagram.com\/agenciainfra\/"]},{"@type":"Person","@id":"https:\/\/agenciainfra.com\/blog\/#\/schema\/person\/34af08dff6adea4cb22b06612ba7acfa","name":"Ag\u00eancia iNFRA","image":{"@type":"ImageObject","inLanguage":"pt-BR","@id":"https:\/\/agenciainfra.com\/blog\/#\/schema\/person\/image\/","url":"https:\/\/secure.gravatar.com\/avatar\/d189e01678f06d8eb84d4e01f08eb848b3fffe3f8443818d3c356c66892f5be8?s=96&d=mm&r=g","contentUrl":"https:\/\/secure.gravatar.com\/avatar\/d189e01678f06d8eb84d4e01f08eb848b3fffe3f8443818d3c356c66892f5be8?s=96&d=mm&r=g","caption":"Ag\u00eancia iNFRA"},"url":"https:\/\/agenciainfra.com\/blog\/author\/admin\/"}]}},"_links":{"self":[{"href":"https:\/\/agenciainfra.com\/blog\/wp-json\/wp\/v2\/posts\/22049","targetHints":{"allow":["GET"]}}],"collection":[{"href":"https:\/\/agenciainfra.com\/blog\/wp-json\/wp\/v2\/posts"}],"about":[{"href":"https:\/\/agenciainfra.com\/blog\/wp-json\/wp\/v2\/types\/post"}],"author":[{"embeddable":true,"href":"https:\/\/agenciainfra.com\/blog\/wp-json\/wp\/v2\/users\/1"}],"replies":[{"embeddable":true,"href":"https:\/\/agenciainfra.com\/blog\/wp-json\/wp\/v2\/comments?post=22049"}],"version-history":[{"count":2,"href":"https:\/\/agenciainfra.com\/blog\/wp-json\/wp\/v2\/posts\/22049\/revisions"}],"predecessor-version":[{"id":22063,"href":"https:\/\/agenciainfra.com\/blog\/wp-json\/wp\/v2\/posts\/22049\/revisions\/22063"}],"wp:featuredmedia":[{"embeddable":true,"href":"https:\/\/agenciainfra.com\/blog\/wp-json\/wp\/v2\/media\/20215"}],"wp:attachment":[{"href":"https:\/\/agenciainfra.com\/blog\/wp-json\/wp\/v2\/media?parent=22049"}],"wp:term":[{"taxonomy":"category","embeddable":true,"href":"https:\/\/agenciainfra.com\/blog\/wp-json\/wp\/v2\/categories?post=22049"},{"taxonomy":"post_tag","embeddable":true,"href":"https:\/\/agenciainfra.com\/blog\/wp-json\/wp\/v2\/tags?post=22049"}],"curies":[{"name":"wp","href":"https:\/\/api.w.org\/{rel}","templated":true}]}}