{"id":22051,"date":"2025-05-22T16:33:08","date_gmt":"2025-05-22T19:33:08","guid":{"rendered":"https:\/\/agenciainfra.com\/blog\/?p=22051"},"modified":"2025-05-26T09:04:56","modified_gmt":"2025-05-26T12:04:56","slug":"presidente-do-ibama-diz-nao-saber-chances-de-aprovacao-da-petrobras-na-foz-do-amazonas-e-cita-dificuldades-com-correntes-marinhas","status":"publish","type":"post","link":"https:\/\/agenciainfra.com\/blog\/presidente-do-ibama-diz-nao-saber-chances-de-aprovacao-da-petrobras-na-foz-do-amazonas-e-cita-dificuldades-com-correntes-marinhas\/","title":{"rendered":"Presidente do Ibama diz n\u00e3o saber chances de aprova\u00e7\u00e3o da Petrobras na Foz do Amazonas e cita dificuldades com correntes marinhas"},"content":{"rendered":"\n<p class=\"has-text-align-right\"><strong>Gabriel Vasconcelos, da Ag\u00eancia iNFRA<\/strong><\/p>\n\n\n\n<p>O presidente do Ibama, Rodrigo Agostinho, disse hoje (22) desconhecer o tempo e as chances para que a Petrobras obtenha a licen\u00e7a ambiental para procurar petr\u00f3leo no litoral do Amap\u00e1, na Margem Equatorial. Ele disse que isso vai depender dos resultados do simulado de emerg\u00eancia com sonda que a empresa far\u00e1 na regi\u00e3o, ainda sem data marcada. E indicou que o processo ainda n\u00e3o est\u00e1 totalmente encaminhado, como se comenta nos corredores da Petrobras. No in\u00edcio da semana, o Ibama aprovou o plano de resgate de fauna da Petrobras que dever\u00e1 ir \u00e0 prova em data ainda a ser definida.<\/p>\n\n\n\n<p>Agostinho advertiu sobre as dificuldades de se fazer o teste e operar em Oiapoque (AP), uma regi\u00e3o &#8220;nova, muito sens\u00edvel, com grande biodiversidade e marcada por correntes mar\u00edtimas intensas&#8221;. Segundo ele, essa condi\u00e7\u00e3o j\u00e1 teria deslocado e avariado uma sonda da Petrobras em 2011, levando a companhia a desistir da investida na regi\u00e3o \u00e0 \u00e9poca. Ele citou, ainda, a falta de infraestrutura local, o que diferencia esse simulado de outros em \u00e1reas mais adensadas, como as bacias do Sudeste. Ele falou a jornalistas em evento organizado pelo BNDES no Jardim Bot\u00e2nico do Rio de Janeiro.<\/p>\n\n\n\n<p>Sobre a data do simulado na Bacia da Foz do Amazonas, o chefe do Ibama disse que vai &#8220;depender muito&#8221; do tempo de deslocamento da sonda e do pessoal de Petrobras e Ibama para a regi\u00e3o. Segundo a petroleira, esse translado leva entre 15 e 20 dias e o teste poderia ser realizado j\u00e1 no m\u00eas de junho.<\/p>\n\n\n\n<p>As equipes t\u00e9cnicas de Ibama e Petrobras, informou, v\u00e3o ter uma reuni\u00e3o no Rio de Janeiro &#8220;nos pr\u00f3ximos dias&#8221; para definir em comum acordo uma data para o procedimento, \u00faltima etapa formal para a concess\u00e3o ou n\u00e3o da licen\u00e7a \u00e0 Petrobras. Questionado, o presidente do Ibama tamb\u00e9m disse que ainda n\u00e3o se reuniu com o ministro de Minas e Energia, Alexandre Silveira, para tratar desse assunto.<\/p>\n\n\n\n<p>&#8220;A data vai depender muito do tempo de deslocamento (da sonda). Ela acabou de ser limpa e est\u00e1 aqui no Rio. Estava infestada de coral-sol, que \u00e9 uma esp\u00e9cie invasora, e deve estar se dirigindo l\u00e1 para a regi\u00e3o nos pr\u00f3ximos dias. A quest\u00e3o \u00e9 que se trata de um deslocamento muito grande para uma regi\u00e3o carente de infraestrutura&#8221;, disse. Ele lembrou que o \u00faltimo teste desse tipo dentro da Margem Equatorial, no litoral do Rio Grande do Norte, deslocou mais de mil pessoas. A Petrobras fala em 400 pessoas para o procedimento no Amap\u00e1.<\/p>\n\n\n\n<p><strong>Press\u00e3o<\/strong><br>Perguntado sobre a press\u00e3o da Petrobras e de \u00e1reas do governo junto com o presidente do Senado, Davi Alcolumbre (Uni\u00e3o Brasil), Agostinho disse que isso \u00e9 &#8220;normal&#8221; e se deve ao fato de ser o &#8220;tema do momento&#8221;, por envolver uma nova fronteira de explora\u00e7\u00e3o desejada por uma das maiores empresas do pa\u00eds.<\/p>\n\n\n\n<p><strong>Milhares de licen\u00e7as<\/strong><br>Agostinho lamentou que as pessoas em geral acham que s\u00f3 existem as opera\u00e7\u00f5es pretendidas pela Petrobras na Margem Equatorial para serem licenciadas pelo Ibama.<\/p>\n\n\n\n<p>&#8220;S\u00f3 nesta semana emitimos 10 licen\u00e7as para a Petrobras. Em dois anos e meio, foram 1.250 licen\u00e7as, sendo um ter\u00e7o para petr\u00f3leo&#8221;, afirmou.<\/p>\n\n\n\n<p><em>* Reportagem atualizada ap\u00f3s a publica\u00e7\u00e3o para inclus\u00e3o de informa\u00e7\u00f5es.<\/em><\/p>\n","protected":false},"excerpt":{"rendered":"<p>Gabriel Vasconcelos, da Ag\u00eancia iNFRA O presidente do Ibama, Rodrigo Agostinho, disse hoje (22) desconhecer o tempo e as chances para que a Petrobras obtenha a licen\u00e7a ambiental para procurar petr\u00f3leo no litoral do Amap\u00e1, na Margem Equatorial. Ele disse que isso vai depender dos resultados do simulado de emerg\u00eancia com sonda que a empresa [&hellip;]<\/p>\n","protected":false},"author":1,"featured_media":22052,"comment_status":"closed","ping_status":"closed","sticky":false,"template":"","format":"standard","meta":{"_monsterinsights_skip_tracking":false,"_monsterinsights_sitenote_active":false,"_monsterinsights_sitenote_note":"","_monsterinsights_sitenote_category":0,"footnotes":""},"categories":[7250,1,13271],"tags":[13491,13338,13251,749,13269,143,1755,13490],"class_list":["post-22051","post","type-post","status-publish","format-standard","has-post-thumbnail","hentry","category-destaque-lista","category-geral","category-oleo-gas","tag-correntes-marinhas","tag-foz-do-amazonas","tag-gabriel-vasconcelos","tag-ibama","tag-margem-equatorial","tag-petrobras","tag-rodrigo-agostinho","tag-rodrigo-agostinho-2"],"yoast_head":"<!-- This site is optimized with the Yoast SEO Premium plugin v25.4 (Yoast SEO v26.0) - https:\/\/yoast.com\/wordpress\/plugins\/seo\/ -->\n<title>Presidente do Ibama diz n\u00e3o saber chances de aprova\u00e7\u00e3o da Petrobras na Foz do Amazonas e cita dificuldades com correntes marinhas - Ag\u00eancia iNFRA<\/title>\n<meta name=\"robots\" content=\"index, follow, max-snippet:-1, max-image-preview:large, max-video-preview:-1\" \/>\n<link rel=\"canonical\" href=\"https:\/\/agenciainfra.com\/blog\/presidente-do-ibama-diz-nao-saber-chances-de-aprovacao-da-petrobras-na-foz-do-amazonas-e-cita-dificuldades-com-correntes-marinhas\/\" \/>\n<meta property=\"og:locale\" content=\"pt_BR\" \/>\n<meta property=\"og:type\" content=\"article\" \/>\n<meta property=\"og:title\" content=\"Presidente do Ibama diz n\u00e3o saber chances de aprova\u00e7\u00e3o da Petrobras na Foz do Amazonas e cita dificuldades com correntes marinhas\" \/>\n<meta property=\"og:description\" content=\"Gabriel Vasconcelos, da Ag\u00eancia iNFRA O presidente do Ibama, Rodrigo Agostinho, disse hoje (22) desconhecer o tempo e as chances para que a Petrobras obtenha a licen\u00e7a ambiental para procurar petr\u00f3leo no litoral do Amap\u00e1, na Margem Equatorial. Ele disse que isso vai depender dos resultados do simulado de emerg\u00eancia com sonda que a empresa [&hellip;]\" \/>\n<meta property=\"og:url\" content=\"https:\/\/agenciainfra.com\/blog\/presidente-do-ibama-diz-nao-saber-chances-de-aprovacao-da-petrobras-na-foz-do-amazonas-e-cita-dificuldades-com-correntes-marinhas\/\" \/>\n<meta property=\"og:site_name\" content=\"Ag\u00eancia iNFRA\" \/>\n<meta property=\"article:publisher\" content=\"https:\/\/www.facebook.com\/ageninfra\" \/>\n<meta property=\"article:published_time\" content=\"2025-05-22T19:33:08+00:00\" \/>\n<meta property=\"article:modified_time\" content=\"2025-05-26T12:04:56+00:00\" \/>\n<meta property=\"og:image\" content=\"https:\/\/agenciainfra.com\/blog\/wp-content\/uploads\/2025\/05\/rodrigo-agostinho-ibama-foto-divulgacao-e1747942349349.jpg\" \/>\n\t<meta property=\"og:image:width\" content=\"1280\" \/>\n\t<meta property=\"og:image:height\" content=\"754\" \/>\n\t<meta property=\"og:image:type\" content=\"image\/jpeg\" \/>\n<meta name=\"author\" content=\"Ag\u00eancia iNFRA\" \/>\n<meta name=\"twitter:card\" content=\"summary_large_image\" \/>\n<meta name=\"twitter:creator\" content=\"@agencia_infra\" \/>\n<meta name=\"twitter:site\" content=\"@agencia_infra\" \/>\n<meta name=\"twitter:label1\" content=\"Escrito por\" \/>\n\t<meta name=\"twitter:data1\" content=\"Ag\u00eancia iNFRA\" \/>\n\t<meta name=\"twitter:label2\" content=\"Est. tempo de leitura\" \/>\n\t<meta name=\"twitter:data2\" content=\"3 minutos\" \/>\n<script type=\"application\/ld+json\" class=\"yoast-schema-graph\">{\"@context\":\"https:\/\/schema.org\",\"@graph\":[{\"@type\":\"Article\",\"@id\":\"https:\/\/agenciainfra.com\/blog\/presidente-do-ibama-diz-nao-saber-chances-de-aprovacao-da-petrobras-na-foz-do-amazonas-e-cita-dificuldades-com-correntes-marinhas\/#article\",\"isPartOf\":{\"@id\":\"https:\/\/agenciainfra.com\/blog\/presidente-do-ibama-diz-nao-saber-chances-de-aprovacao-da-petrobras-na-foz-do-amazonas-e-cita-dificuldades-com-correntes-marinhas\/\"},\"author\":{\"name\":\"Ag\u00eancia iNFRA\",\"@id\":\"https:\/\/agenciainfra.com\/blog\/#\/schema\/person\/34af08dff6adea4cb22b06612ba7acfa\"},\"headline\":\"Presidente do Ibama diz n\u00e3o saber chances de aprova\u00e7\u00e3o da Petrobras na Foz do Amazonas e cita dificuldades com correntes marinhas\",\"datePublished\":\"2025-05-22T19:33:08+00:00\",\"dateModified\":\"2025-05-26T12:04:56+00:00\",\"mainEntityOfPage\":{\"@id\":\"https:\/\/agenciainfra.com\/blog\/presidente-do-ibama-diz-nao-saber-chances-de-aprovacao-da-petrobras-na-foz-do-amazonas-e-cita-dificuldades-com-correntes-marinhas\/\"},\"wordCount\":586,\"publisher\":{\"@id\":\"https:\/\/agenciainfra.com\/blog\/#organization\"},\"image\":{\"@id\":\"https:\/\/agenciainfra.com\/blog\/presidente-do-ibama-diz-nao-saber-chances-de-aprovacao-da-petrobras-na-foz-do-amazonas-e-cita-dificuldades-com-correntes-marinhas\/#primaryimage\"},\"thumbnailUrl\":\"https:\/\/agenciainfra.com\/blog\/wp-content\/uploads\/2025\/05\/rodrigo-agostinho-ibama-foto-divulgacao-e1747942349349.jpg\",\"keywords\":[\"correntes marinhas\",\"foz do amazonas\",\"Gabriel Vasconcelos\",\"Ibama\",\"margem equatorial\",\"Petrobras\",\"Rodrigo Agostinho\",\"rodrigo agostinho.\"],\"articleSection\":[\"Destaque lista\",\"Geral\",\"\u00d3leo &amp; G\u00e1s\"],\"inLanguage\":\"pt-BR\",\"copyrightYear\":\"2025\",\"copyrightHolder\":{\"@id\":\"https:\/\/agenciainfra.com\/blog\/#organization\"}},{\"@type\":\"WebPage\",\"@id\":\"https:\/\/agenciainfra.com\/blog\/presidente-do-ibama-diz-nao-saber-chances-de-aprovacao-da-petrobras-na-foz-do-amazonas-e-cita-dificuldades-com-correntes-marinhas\/\",\"url\":\"https:\/\/agenciainfra.com\/blog\/presidente-do-ibama-diz-nao-saber-chances-de-aprovacao-da-petrobras-na-foz-do-amazonas-e-cita-dificuldades-com-correntes-marinhas\/\",\"name\":\"Presidente do Ibama diz n\u00e3o saber chances de aprova\u00e7\u00e3o da Petrobras na Foz do Amazonas e cita dificuldades com correntes marinhas - Ag\u00eancia iNFRA\",\"isPartOf\":{\"@id\":\"https:\/\/agenciainfra.com\/blog\/#website\"},\"primaryImageOfPage\":{\"@id\":\"https:\/\/agenciainfra.com\/blog\/presidente-do-ibama-diz-nao-saber-chances-de-aprovacao-da-petrobras-na-foz-do-amazonas-e-cita-dificuldades-com-correntes-marinhas\/#primaryimage\"},\"image\":{\"@id\":\"https:\/\/agenciainfra.com\/blog\/presidente-do-ibama-diz-nao-saber-chances-de-aprovacao-da-petrobras-na-foz-do-amazonas-e-cita-dificuldades-com-correntes-marinhas\/#primaryimage\"},\"thumbnailUrl\":\"https:\/\/agenciainfra.com\/blog\/wp-content\/uploads\/2025\/05\/rodrigo-agostinho-ibama-foto-divulgacao-e1747942349349.jpg\",\"datePublished\":\"2025-05-22T19:33:08+00:00\",\"dateModified\":\"2025-05-26T12:04:56+00:00\",\"breadcrumb\":{\"@id\":\"https:\/\/agenciainfra.com\/blog\/presidente-do-ibama-diz-nao-saber-chances-de-aprovacao-da-petrobras-na-foz-do-amazonas-e-cita-dificuldades-com-correntes-marinhas\/#breadcrumb\"},\"inLanguage\":\"pt-BR\",\"potentialAction\":[{\"@type\":\"ReadAction\",\"target\":[\"https:\/\/agenciainfra.com\/blog\/presidente-do-ibama-diz-nao-saber-chances-de-aprovacao-da-petrobras-na-foz-do-amazonas-e-cita-dificuldades-com-correntes-marinhas\/\"]}]},{\"@type\":\"ImageObject\",\"inLanguage\":\"pt-BR\",\"@id\":\"https:\/\/agenciainfra.com\/blog\/presidente-do-ibama-diz-nao-saber-chances-de-aprovacao-da-petrobras-na-foz-do-amazonas-e-cita-dificuldades-com-correntes-marinhas\/#primaryimage\",\"url\":\"https:\/\/agenciainfra.com\/blog\/wp-content\/uploads\/2025\/05\/rodrigo-agostinho-ibama-foto-divulgacao-e1747942349349.jpg\",\"contentUrl\":\"https:\/\/agenciainfra.com\/blog\/wp-content\/uploads\/2025\/05\/rodrigo-agostinho-ibama-foto-divulgacao-e1747942349349.jpg\",\"width\":1280,\"height\":754},{\"@type\":\"BreadcrumbList\",\"@id\":\"https:\/\/agenciainfra.com\/blog\/presidente-do-ibama-diz-nao-saber-chances-de-aprovacao-da-petrobras-na-foz-do-amazonas-e-cita-dificuldades-com-correntes-marinhas\/#breadcrumb\",\"itemListElement\":[{\"@type\":\"ListItem\",\"position\":1,\"name\":\"In\u00edcio\",\"item\":\"https:\/\/agenciainfra.com\/blog\/\"},{\"@type\":\"ListItem\",\"position\":2,\"name\":\"Presidente do Ibama diz n\u00e3o saber chances de aprova\u00e7\u00e3o da Petrobras na Foz do Amazonas e cita dificuldades com correntes marinhas\"}]},{\"@type\":\"WebSite\",\"@id\":\"https:\/\/agenciainfra.com\/blog\/#website\",\"url\":\"https:\/\/agenciainfra.com\/blog\/\",\"name\":\"Ag\u00eancia iNFRA\",\"description\":\"Multiplataforma de informa\u00e7\u00e3o jornal\u00edstica refer\u00eancia na \u00e1rea de infraestrutura no Brasil!\",\"publisher\":{\"@id\":\"https:\/\/agenciainfra.com\/blog\/#organization\"},\"potentialAction\":[{\"@type\":\"SearchAction\",\"target\":{\"@type\":\"EntryPoint\",\"urlTemplate\":\"https:\/\/agenciainfra.com\/blog\/?s={search_term_string}\"},\"query-input\":{\"@type\":\"PropertyValueSpecification\",\"valueRequired\":true,\"valueName\":\"search_term_string\"}}],\"inLanguage\":\"pt-BR\"},{\"@type\":\"Organization\",\"@id\":\"https:\/\/agenciainfra.com\/blog\/#organization\",\"name\":\"Ag\u00eancia iNFRA\",\"url\":\"https:\/\/agenciainfra.com\/blog\/\",\"logo\":{\"@type\":\"ImageObject\",\"inLanguage\":\"pt-BR\",\"@id\":\"https:\/\/agenciainfra.com\/blog\/#\/schema\/logo\/image\/\",\"url\":\"https:\/\/agenciainfra.com\/blog\/wp-content\/uploads\/2023\/09\/iNFRA_5-e1761735885940.png\",\"contentUrl\":\"https:\/\/agenciainfra.com\/blog\/wp-content\/uploads\/2023\/09\/iNFRA_5-e1761735885940.png\",\"width\":1672,\"height\":454,\"caption\":\"Ag\u00eancia iNFRA\"},\"image\":{\"@id\":\"https:\/\/agenciainfra.com\/blog\/#\/schema\/logo\/image\/\"},\"sameAs\":[\"https:\/\/www.facebook.com\/ageninfra\",\"https:\/\/x.com\/agencia_infra\",\"https:\/\/www.linkedin.com\/company\/ag\u00eanciainfra\/\",\"https:\/\/www.instagram.com\/agenciainfra\/\"]},{\"@type\":\"Person\",\"@id\":\"https:\/\/agenciainfra.com\/blog\/#\/schema\/person\/34af08dff6adea4cb22b06612ba7acfa\",\"name\":\"Ag\u00eancia iNFRA\",\"image\":{\"@type\":\"ImageObject\",\"inLanguage\":\"pt-BR\",\"@id\":\"https:\/\/agenciainfra.com\/blog\/#\/schema\/person\/image\/\",\"url\":\"https:\/\/secure.gravatar.com\/avatar\/d189e01678f06d8eb84d4e01f08eb848b3fffe3f8443818d3c356c66892f5be8?s=96&d=mm&r=g\",\"contentUrl\":\"https:\/\/secure.gravatar.com\/avatar\/d189e01678f06d8eb84d4e01f08eb848b3fffe3f8443818d3c356c66892f5be8?s=96&d=mm&r=g\",\"caption\":\"Ag\u00eancia iNFRA\"},\"url\":\"https:\/\/agenciainfra.com\/blog\/author\/admin\/\"}]}<\/script>\n<!-- \/ Yoast SEO Premium plugin. -->","yoast_head_json":{"title":"Presidente do Ibama diz n\u00e3o saber chances de aprova\u00e7\u00e3o da Petrobras na Foz do Amazonas e cita dificuldades com correntes marinhas - Ag\u00eancia iNFRA","robots":{"index":"index","follow":"follow","max-snippet":"max-snippet:-1","max-image-preview":"max-image-preview:large","max-video-preview":"max-video-preview:-1"},"canonical":"https:\/\/agenciainfra.com\/blog\/presidente-do-ibama-diz-nao-saber-chances-de-aprovacao-da-petrobras-na-foz-do-amazonas-e-cita-dificuldades-com-correntes-marinhas\/","og_locale":"pt_BR","og_type":"article","og_title":"Presidente do Ibama diz n\u00e3o saber chances de aprova\u00e7\u00e3o da Petrobras na Foz do Amazonas e cita dificuldades com correntes marinhas","og_description":"Gabriel Vasconcelos, da Ag\u00eancia iNFRA O presidente do Ibama, Rodrigo Agostinho, disse hoje (22) desconhecer o tempo e as chances para que a Petrobras obtenha a licen\u00e7a ambiental para procurar petr\u00f3leo no litoral do Amap\u00e1, na Margem Equatorial. Ele disse que isso vai depender dos resultados do simulado de emerg\u00eancia com sonda que a empresa [&hellip;]","og_url":"https:\/\/agenciainfra.com\/blog\/presidente-do-ibama-diz-nao-saber-chances-de-aprovacao-da-petrobras-na-foz-do-amazonas-e-cita-dificuldades-com-correntes-marinhas\/","og_site_name":"Ag\u00eancia iNFRA","article_publisher":"https:\/\/www.facebook.com\/ageninfra","article_published_time":"2025-05-22T19:33:08+00:00","article_modified_time":"2025-05-26T12:04:56+00:00","og_image":[{"width":1280,"height":754,"url":"https:\/\/agenciainfra.com\/blog\/wp-content\/uploads\/2025\/05\/rodrigo-agostinho-ibama-foto-divulgacao-e1747942349349.jpg","type":"image\/jpeg"}],"author":"Ag\u00eancia iNFRA","twitter_card":"summary_large_image","twitter_creator":"@agencia_infra","twitter_site":"@agencia_infra","twitter_misc":{"Escrito por":"Ag\u00eancia iNFRA","Est. tempo de leitura":"3 minutos"},"schema":{"@context":"https:\/\/schema.org","@graph":[{"@type":"Article","@id":"https:\/\/agenciainfra.com\/blog\/presidente-do-ibama-diz-nao-saber-chances-de-aprovacao-da-petrobras-na-foz-do-amazonas-e-cita-dificuldades-com-correntes-marinhas\/#article","isPartOf":{"@id":"https:\/\/agenciainfra.com\/blog\/presidente-do-ibama-diz-nao-saber-chances-de-aprovacao-da-petrobras-na-foz-do-amazonas-e-cita-dificuldades-com-correntes-marinhas\/"},"author":{"name":"Ag\u00eancia iNFRA","@id":"https:\/\/agenciainfra.com\/blog\/#\/schema\/person\/34af08dff6adea4cb22b06612ba7acfa"},"headline":"Presidente do Ibama diz n\u00e3o saber chances de aprova\u00e7\u00e3o da Petrobras na Foz do Amazonas e cita dificuldades com correntes marinhas","datePublished":"2025-05-22T19:33:08+00:00","dateModified":"2025-05-26T12:04:56+00:00","mainEntityOfPage":{"@id":"https:\/\/agenciainfra.com\/blog\/presidente-do-ibama-diz-nao-saber-chances-de-aprovacao-da-petrobras-na-foz-do-amazonas-e-cita-dificuldades-com-correntes-marinhas\/"},"wordCount":586,"publisher":{"@id":"https:\/\/agenciainfra.com\/blog\/#organization"},"image":{"@id":"https:\/\/agenciainfra.com\/blog\/presidente-do-ibama-diz-nao-saber-chances-de-aprovacao-da-petrobras-na-foz-do-amazonas-e-cita-dificuldades-com-correntes-marinhas\/#primaryimage"},"thumbnailUrl":"https:\/\/agenciainfra.com\/blog\/wp-content\/uploads\/2025\/05\/rodrigo-agostinho-ibama-foto-divulgacao-e1747942349349.jpg","keywords":["correntes marinhas","foz do amazonas","Gabriel Vasconcelos","Ibama","margem equatorial","Petrobras","Rodrigo Agostinho","rodrigo agostinho."],"articleSection":["Destaque lista","Geral","\u00d3leo &amp; G\u00e1s"],"inLanguage":"pt-BR","copyrightYear":"2025","copyrightHolder":{"@id":"https:\/\/agenciainfra.com\/blog\/#organization"}},{"@type":"WebPage","@id":"https:\/\/agenciainfra.com\/blog\/presidente-do-ibama-diz-nao-saber-chances-de-aprovacao-da-petrobras-na-foz-do-amazonas-e-cita-dificuldades-com-correntes-marinhas\/","url":"https:\/\/agenciainfra.com\/blog\/presidente-do-ibama-diz-nao-saber-chances-de-aprovacao-da-petrobras-na-foz-do-amazonas-e-cita-dificuldades-com-correntes-marinhas\/","name":"Presidente do Ibama diz n\u00e3o saber chances de aprova\u00e7\u00e3o da Petrobras na Foz do Amazonas e cita dificuldades com correntes marinhas - Ag\u00eancia iNFRA","isPartOf":{"@id":"https:\/\/agenciainfra.com\/blog\/#website"},"primaryImageOfPage":{"@id":"https:\/\/agenciainfra.com\/blog\/presidente-do-ibama-diz-nao-saber-chances-de-aprovacao-da-petrobras-na-foz-do-amazonas-e-cita-dificuldades-com-correntes-marinhas\/#primaryimage"},"image":{"@id":"https:\/\/agenciainfra.com\/blog\/presidente-do-ibama-diz-nao-saber-chances-de-aprovacao-da-petrobras-na-foz-do-amazonas-e-cita-dificuldades-com-correntes-marinhas\/#primaryimage"},"thumbnailUrl":"https:\/\/agenciainfra.com\/blog\/wp-content\/uploads\/2025\/05\/rodrigo-agostinho-ibama-foto-divulgacao-e1747942349349.jpg","datePublished":"2025-05-22T19:33:08+00:00","dateModified":"2025-05-26T12:04:56+00:00","breadcrumb":{"@id":"https:\/\/agenciainfra.com\/blog\/presidente-do-ibama-diz-nao-saber-chances-de-aprovacao-da-petrobras-na-foz-do-amazonas-e-cita-dificuldades-com-correntes-marinhas\/#breadcrumb"},"inLanguage":"pt-BR","potentialAction":[{"@type":"ReadAction","target":["https:\/\/agenciainfra.com\/blog\/presidente-do-ibama-diz-nao-saber-chances-de-aprovacao-da-petrobras-na-foz-do-amazonas-e-cita-dificuldades-com-correntes-marinhas\/"]}]},{"@type":"ImageObject","inLanguage":"pt-BR","@id":"https:\/\/agenciainfra.com\/blog\/presidente-do-ibama-diz-nao-saber-chances-de-aprovacao-da-petrobras-na-foz-do-amazonas-e-cita-dificuldades-com-correntes-marinhas\/#primaryimage","url":"https:\/\/agenciainfra.com\/blog\/wp-content\/uploads\/2025\/05\/rodrigo-agostinho-ibama-foto-divulgacao-e1747942349349.jpg","contentUrl":"https:\/\/agenciainfra.com\/blog\/wp-content\/uploads\/2025\/05\/rodrigo-agostinho-ibama-foto-divulgacao-e1747942349349.jpg","width":1280,"height":754},{"@type":"BreadcrumbList","@id":"https:\/\/agenciainfra.com\/blog\/presidente-do-ibama-diz-nao-saber-chances-de-aprovacao-da-petrobras-na-foz-do-amazonas-e-cita-dificuldades-com-correntes-marinhas\/#breadcrumb","itemListElement":[{"@type":"ListItem","position":1,"name":"In\u00edcio","item":"https:\/\/agenciainfra.com\/blog\/"},{"@type":"ListItem","position":2,"name":"Presidente do Ibama diz n\u00e3o saber chances de aprova\u00e7\u00e3o da Petrobras na Foz do Amazonas e cita dificuldades com correntes marinhas"}]},{"@type":"WebSite","@id":"https:\/\/agenciainfra.com\/blog\/#website","url":"https:\/\/agenciainfra.com\/blog\/","name":"Ag\u00eancia iNFRA","description":"Multiplataforma de informa\u00e7\u00e3o jornal\u00edstica refer\u00eancia na \u00e1rea de infraestrutura no Brasil!","publisher":{"@id":"https:\/\/agenciainfra.com\/blog\/#organization"},"potentialAction":[{"@type":"SearchAction","target":{"@type":"EntryPoint","urlTemplate":"https:\/\/agenciainfra.com\/blog\/?s={search_term_string}"},"query-input":{"@type":"PropertyValueSpecification","valueRequired":true,"valueName":"search_term_string"}}],"inLanguage":"pt-BR"},{"@type":"Organization","@id":"https:\/\/agenciainfra.com\/blog\/#organization","name":"Ag\u00eancia iNFRA","url":"https:\/\/agenciainfra.com\/blog\/","logo":{"@type":"ImageObject","inLanguage":"pt-BR","@id":"https:\/\/agenciainfra.com\/blog\/#\/schema\/logo\/image\/","url":"https:\/\/agenciainfra.com\/blog\/wp-content\/uploads\/2023\/09\/iNFRA_5-e1761735885940.png","contentUrl":"https:\/\/agenciainfra.com\/blog\/wp-content\/uploads\/2023\/09\/iNFRA_5-e1761735885940.png","width":1672,"height":454,"caption":"Ag\u00eancia iNFRA"},"image":{"@id":"https:\/\/agenciainfra.com\/blog\/#\/schema\/logo\/image\/"},"sameAs":["https:\/\/www.facebook.com\/ageninfra","https:\/\/x.com\/agencia_infra","https:\/\/www.linkedin.com\/company\/ag\u00eanciainfra\/","https:\/\/www.instagram.com\/agenciainfra\/"]},{"@type":"Person","@id":"https:\/\/agenciainfra.com\/blog\/#\/schema\/person\/34af08dff6adea4cb22b06612ba7acfa","name":"Ag\u00eancia iNFRA","image":{"@type":"ImageObject","inLanguage":"pt-BR","@id":"https:\/\/agenciainfra.com\/blog\/#\/schema\/person\/image\/","url":"https:\/\/secure.gravatar.com\/avatar\/d189e01678f06d8eb84d4e01f08eb848b3fffe3f8443818d3c356c66892f5be8?s=96&d=mm&r=g","contentUrl":"https:\/\/secure.gravatar.com\/avatar\/d189e01678f06d8eb84d4e01f08eb848b3fffe3f8443818d3c356c66892f5be8?s=96&d=mm&r=g","caption":"Ag\u00eancia iNFRA"},"url":"https:\/\/agenciainfra.com\/blog\/author\/admin\/"}]}},"_links":{"self":[{"href":"https:\/\/agenciainfra.com\/blog\/wp-json\/wp\/v2\/posts\/22051","targetHints":{"allow":["GET"]}}],"collection":[{"href":"https:\/\/agenciainfra.com\/blog\/wp-json\/wp\/v2\/posts"}],"about":[{"href":"https:\/\/agenciainfra.com\/blog\/wp-json\/wp\/v2\/types\/post"}],"author":[{"embeddable":true,"href":"https:\/\/agenciainfra.com\/blog\/wp-json\/wp\/v2\/users\/1"}],"replies":[{"embeddable":true,"href":"https:\/\/agenciainfra.com\/blog\/wp-json\/wp\/v2\/comments?post=22051"}],"version-history":[{"count":3,"href":"https:\/\/agenciainfra.com\/blog\/wp-json\/wp\/v2\/posts\/22051\/revisions"}],"predecessor-version":[{"id":22081,"href":"https:\/\/agenciainfra.com\/blog\/wp-json\/wp\/v2\/posts\/22051\/revisions\/22081"}],"wp:featuredmedia":[{"embeddable":true,"href":"https:\/\/agenciainfra.com\/blog\/wp-json\/wp\/v2\/media\/22052"}],"wp:attachment":[{"href":"https:\/\/agenciainfra.com\/blog\/wp-json\/wp\/v2\/media?parent=22051"}],"wp:term":[{"taxonomy":"category","embeddable":true,"href":"https:\/\/agenciainfra.com\/blog\/wp-json\/wp\/v2\/categories?post=22051"},{"taxonomy":"post_tag","embeddable":true,"href":"https:\/\/agenciainfra.com\/blog\/wp-json\/wp\/v2\/tags?post=22051"}],"curies":[{"name":"wp","href":"https:\/\/api.w.org\/{rel}","templated":true}]}}