{"id":22059,"date":"2025-05-22T18:32:52","date_gmt":"2025-05-22T21:32:52","guid":{"rendered":"https:\/\/agenciainfra.com\/blog\/?p=22059"},"modified":"2025-05-26T11:25:17","modified_gmt":"2025-05-26T14:25:17","slug":"diretora-do-bndes-diz-que-media-de-project-finance-do-banco-esta-em-r-80-bilhoes-por-ano","status":"publish","type":"post","link":"https:\/\/agenciainfra.com\/blog\/diretora-do-bndes-diz-que-media-de-project-finance-do-banco-esta-em-r-80-bilhoes-por-ano\/","title":{"rendered":"Diretora do BNDES diz que m\u00e9dia de project finance do banco est\u00e1 em R$ 80 bilh\u00f5es por ano"},"content":{"rendered":"\n<p class=\"has-text-align-right\"><strong>Bernardo Gonzaga, da Ag\u00eancia iNFRA<\/strong><\/p>\n\n\n\n<p>A diretora de Infraestrutura, Transi\u00e7\u00e3o Energ\u00e9tica e Mudan\u00e7a Clim\u00e1tica do BNDES (Banco Nacional de Desenvolvimento Econ\u00f4mico e Social), Luciana Costa, disse nesta quinta-feira (22) que a m\u00e9dia de aprova\u00e7\u00e3o de project finance na atual gest\u00e3o do banco est\u00e1 em R$ 80 bilh\u00f5es por ano, ante R$ 40 bilh\u00f5es na gest\u00e3o passada.&nbsp;<\/p>\n\n\n\n<p>\u201cN\u00f3s dobramos a aprova\u00e7\u00e3o de projetos muito complexos e os projetos de energia renov\u00e1vel est\u00e3o dentro destas aprova\u00e7\u00f5es\u201d, disse a diretora em semin\u00e1rio que discute transi\u00e7\u00e3o energ\u00e9tica e mercado de carbono.&nbsp;<\/p>\n\n\n\n<p>Costa tamb\u00e9m disse que a transi\u00e7\u00e3o energ\u00e9tica no Brasil vai ser mais barata do que em rela\u00e7\u00e3o ao restante do mundo. Isso porque apenas 18% das emiss\u00f5es de CO2 vem do setor energ\u00e9tico, enquanto a m\u00e9dia do mundo \u00e9 de 80%.&nbsp;<\/p>\n\n\n\n<p>\u201cPor isso que a nossa transi\u00e7\u00e3o vai ser mais barata. A gente n\u00e3o precisa mudar toda infraestrutura de produ\u00e7\u00e3o, transporte e armazenagem de energia. A gente j\u00e1 criou um arcabou\u00e7o regulat\u00f3rio muito sofisticado no setor el\u00e9trico e no setor de infraestrutura no Brasil tem uma atua\u00e7\u00e3o do capital p\u00fablico e privado. Isso tem sido um consenso, o capital privado financia infraestrutura no pa\u00eds. Por que fizemos isso? Porque temos uma taxa de juros muito alta e restri\u00e7\u00e3o fiscal\u201d, disse.&nbsp;<\/p>\n\n\n\n<p>Costa tamb\u00e9m disse que o investimento em infraestrutura de energia el\u00e9trica caiu 20% de 2015 a 2022 no Brasil. Segundo a diretora do BNDES, o investimento no setor come\u00e7ou a aumentar a partir de 2023, quando houve um crescimento de investimento de 16%.&nbsp;<\/p>\n\n\n\n<p><strong>Deb\u00eantures incentivadas<\/strong><\/p>\n\n\n\n<p>Segundo o subsecret\u00e1rio de Acompanhamento Econ\u00f4mico e Regula\u00e7\u00e3o do Minist\u00e9rio da Fazenda, Gustavo Ferreira, o pa\u00eds terminou o ano de 2024 com cerca de R$ 100 bilh\u00f5es em emiss\u00f5es de deb\u00eantures incentivadas. At\u00e9 2022, segundo ele, a m\u00e9dia era de R$ 30 bilh\u00f5es ao ano.&nbsp;<\/p>\n\n\n\n<p>\u201cA gente fez uma mudan\u00e7a no regulamento ainda em 2024, direcionando esses benef\u00edcios (\u2026) para os setores que podem emitir essa deb\u00eanture, para esses setores vinculados \u00e0 transforma\u00e7\u00e3o ecol\u00f3gica, por exemplo a minera\u00e7\u00e3o, a transforma\u00e7\u00e3o mineral, e sa\u00edmos de R$ 30 bilh\u00f5es para R$ 100 bilh\u00f5es. O BNDES \u00e9 investidor \u00e2ncora, \u00e9 estruturador, mas induz muito capital privado para esse investimento\u201d, disse.&nbsp;<\/p>\n\n\n\n<p><strong>Hidrog\u00eanio verde<\/strong><\/p>\n\n\n\n<p>Segundo Gustavo Pimenta, CEO da Vale, o Brasil poderia produzir em um futuro n\u00e3o muito distante, o a\u00e7o a partir do hidrog\u00eanio verde com base em fontes renov\u00e1veis. E, com isso, abrir uma rota de industrializa\u00e7\u00e3o do \u201ca\u00e7o verde\u201d.&nbsp;<\/p>\n\n\n\n<p>\u201cVoc\u00ea tem o min\u00e9rio de alto teor, voc\u00ea tem a fonte renov\u00e1vel de qualidade e partir dali voc\u00ea tem o hidrog\u00eanio que vira um combust\u00edvel para voc\u00ea produzir am\u00f4nia e fazer outras coisas como para redu\u00e7\u00e3o [de carbono] para produ\u00e7\u00e3o do a\u00e7o\u201d, disse Pimenta ao dar exemplo de uma das a\u00e7\u00f5es da Vale para diminuir a pegada de carbono na ind\u00fastria do a\u00e7o.&nbsp;<\/p>\n\n\n\n<p>O CEO tamb\u00e9m disse que atualmente, a companhia, sozinha, consome cerca de 2% do diesel do Brasil, principalmente ligado \u00e0 sua frota de caminh\u00f5es e locomotivas.<\/p>\n\n\n\n<p><em>*Esta mat\u00e9ria foi atualizada em 23 de maio de 2025 para corrigir uma informa\u00e7\u00e3o referente \u00e0 fala do CEO da Vale sobre o consumo do diesel pela companhia. Na vers\u00e3o anterior, fazia-se refer\u00eancia ao consumo pela frota mar\u00edtima, mas o correto diz respeito \u00e0 frota de locomotivas e caminh\u00f5es.<\/em><\/p>\n\n\n\n<p><\/p>\n","protected":false},"excerpt":{"rendered":"<p>Bernardo Gonzaga, da Ag\u00eancia iNFRA A diretora de Infraestrutura, Transi\u00e7\u00e3o Energ\u00e9tica e Mudan\u00e7a Clim\u00e1tica do BNDES (Banco Nacional de Desenvolvimento Econ\u00f4mico e Social), Luciana Costa, disse nesta quinta-feira (22) que a m\u00e9dia de aprova\u00e7\u00e3o de project finance na atual gest\u00e3o do banco est\u00e1 em R$ 80 bilh\u00f5es por ano, ante R$ 40 bilh\u00f5es na gest\u00e3o [&hellip;]<\/p>\n","protected":false},"author":1,"featured_media":13360,"comment_status":"closed","ping_status":"closed","sticky":false,"template":"","format":"standard","meta":{"_monsterinsights_skip_tracking":false,"_monsterinsights_sitenote_active":false,"_monsterinsights_sitenote_note":"","_monsterinsights_sitenote_category":0,"footnotes":""},"categories":[7250,1,7],"tags":[13138,103,13492,34,839,4401],"class_list":["post-22059","post","type-post","status-publish","format-standard","has-post-thumbnail","hentry","category-destaque-lista","category-geral","category-infratransporte","tag-bernardo-gonzaga","tag-bndes","tag-debentures-incentivadsa","tag-infraestrutura","tag-mineracao","tag-mudancas-climaticas"],"yoast_head":"<!-- This site is optimized with the Yoast SEO Premium plugin v25.4 (Yoast SEO v26.0) - https:\/\/yoast.com\/wordpress\/plugins\/seo\/ -->\n<title>Diretora do BNDES diz que m\u00e9dia de project finance do banco est\u00e1 em R$ 80 bilh\u00f5es por ano - Ag\u00eancia iNFRA<\/title>\n<meta name=\"robots\" content=\"index, follow, max-snippet:-1, max-image-preview:large, max-video-preview:-1\" \/>\n<link rel=\"canonical\" href=\"https:\/\/agenciainfra.com\/blog\/diretora-do-bndes-diz-que-media-de-project-finance-do-banco-esta-em-r-80-bilhoes-por-ano\/\" \/>\n<meta property=\"og:locale\" content=\"pt_BR\" \/>\n<meta property=\"og:type\" content=\"article\" \/>\n<meta property=\"og:title\" content=\"Diretora do BNDES diz que m\u00e9dia de project finance do banco est\u00e1 em R$ 80 bilh\u00f5es por ano\" \/>\n<meta property=\"og:description\" content=\"Bernardo Gonzaga, da Ag\u00eancia iNFRA A diretora de Infraestrutura, Transi\u00e7\u00e3o Energ\u00e9tica e Mudan\u00e7a Clim\u00e1tica do BNDES (Banco Nacional de Desenvolvimento Econ\u00f4mico e Social), Luciana Costa, disse nesta quinta-feira (22) que a m\u00e9dia de aprova\u00e7\u00e3o de project finance na atual gest\u00e3o do banco est\u00e1 em R$ 80 bilh\u00f5es por ano, ante R$ 40 bilh\u00f5es na gest\u00e3o [&hellip;]\" \/>\n<meta property=\"og:url\" content=\"https:\/\/agenciainfra.com\/blog\/diretora-do-bndes-diz-que-media-de-project-finance-do-banco-esta-em-r-80-bilhoes-por-ano\/\" \/>\n<meta property=\"og:site_name\" content=\"Ag\u00eancia iNFRA\" \/>\n<meta property=\"article:publisher\" content=\"https:\/\/www.facebook.com\/ageninfra\" \/>\n<meta property=\"article:published_time\" content=\"2025-05-22T21:32:52+00:00\" \/>\n<meta property=\"article:modified_time\" content=\"2025-05-26T14:25:17+00:00\" \/>\n<meta property=\"og:image\" content=\"https:\/\/agenciainfra.com\/blog\/wp-content\/uploads\/2023\/08\/bndes-predio-foto-senado-federal.jpg\" \/>\n\t<meta property=\"og:image:width\" content=\"1202\" \/>\n\t<meta property=\"og:image:height\" content=\"797\" \/>\n\t<meta property=\"og:image:type\" content=\"image\/jpeg\" \/>\n<meta name=\"author\" content=\"Ag\u00eancia iNFRA\" \/>\n<meta name=\"twitter:card\" content=\"summary_large_image\" \/>\n<meta name=\"twitter:creator\" content=\"@agencia_infra\" \/>\n<meta name=\"twitter:site\" content=\"@agencia_infra\" \/>\n<meta name=\"twitter:label1\" content=\"Escrito por\" \/>\n\t<meta name=\"twitter:data1\" content=\"Ag\u00eancia iNFRA\" \/>\n\t<meta name=\"twitter:label2\" content=\"Est. tempo de leitura\" \/>\n\t<meta name=\"twitter:data2\" content=\"3 minutos\" \/>\n<script type=\"application\/ld+json\" class=\"yoast-schema-graph\">{\"@context\":\"https:\/\/schema.org\",\"@graph\":[{\"@type\":\"Article\",\"@id\":\"https:\/\/agenciainfra.com\/blog\/diretora-do-bndes-diz-que-media-de-project-finance-do-banco-esta-em-r-80-bilhoes-por-ano\/#article\",\"isPartOf\":{\"@id\":\"https:\/\/agenciainfra.com\/blog\/diretora-do-bndes-diz-que-media-de-project-finance-do-banco-esta-em-r-80-bilhoes-por-ano\/\"},\"author\":{\"name\":\"Ag\u00eancia iNFRA\",\"@id\":\"https:\/\/agenciainfra.com\/blog\/#\/schema\/person\/34af08dff6adea4cb22b06612ba7acfa\"},\"headline\":\"Diretora do BNDES diz que m\u00e9dia de project finance do banco est\u00e1 em R$ 80 bilh\u00f5es por ano\",\"datePublished\":\"2025-05-22T21:32:52+00:00\",\"dateModified\":\"2025-05-26T14:25:17+00:00\",\"mainEntityOfPage\":{\"@id\":\"https:\/\/agenciainfra.com\/blog\/diretora-do-bndes-diz-que-media-de-project-finance-do-banco-esta-em-r-80-bilhoes-por-ano\/\"},\"wordCount\":625,\"publisher\":{\"@id\":\"https:\/\/agenciainfra.com\/blog\/#organization\"},\"image\":{\"@id\":\"https:\/\/agenciainfra.com\/blog\/diretora-do-bndes-diz-que-media-de-project-finance-do-banco-esta-em-r-80-bilhoes-por-ano\/#primaryimage\"},\"thumbnailUrl\":\"https:\/\/agenciainfra.com\/blog\/wp-content\/uploads\/2023\/08\/bndes-predio-foto-senado-federal.jpg\",\"keywords\":[\"bernardo gonzaga\",\"BNDES\",\"deb\u00eantures incentivadsa\",\"Infraestrutura\",\"minera\u00e7\u00e3o\",\"mudan\u00e7as clim\u00e1ticas\"],\"articleSection\":[\"Destaque lista\",\"Geral\",\"iNFRATransporte\"],\"inLanguage\":\"pt-BR\",\"copyrightYear\":\"2025\",\"copyrightHolder\":{\"@id\":\"https:\/\/agenciainfra.com\/blog\/#organization\"}},{\"@type\":\"WebPage\",\"@id\":\"https:\/\/agenciainfra.com\/blog\/diretora-do-bndes-diz-que-media-de-project-finance-do-banco-esta-em-r-80-bilhoes-por-ano\/\",\"url\":\"https:\/\/agenciainfra.com\/blog\/diretora-do-bndes-diz-que-media-de-project-finance-do-banco-esta-em-r-80-bilhoes-por-ano\/\",\"name\":\"Diretora do BNDES diz que m\u00e9dia de project finance do banco est\u00e1 em R$ 80 bilh\u00f5es por ano - Ag\u00eancia iNFRA\",\"isPartOf\":{\"@id\":\"https:\/\/agenciainfra.com\/blog\/#website\"},\"primaryImageOfPage\":{\"@id\":\"https:\/\/agenciainfra.com\/blog\/diretora-do-bndes-diz-que-media-de-project-finance-do-banco-esta-em-r-80-bilhoes-por-ano\/#primaryimage\"},\"image\":{\"@id\":\"https:\/\/agenciainfra.com\/blog\/diretora-do-bndes-diz-que-media-de-project-finance-do-banco-esta-em-r-80-bilhoes-por-ano\/#primaryimage\"},\"thumbnailUrl\":\"https:\/\/agenciainfra.com\/blog\/wp-content\/uploads\/2023\/08\/bndes-predio-foto-senado-federal.jpg\",\"datePublished\":\"2025-05-22T21:32:52+00:00\",\"dateModified\":\"2025-05-26T14:25:17+00:00\",\"breadcrumb\":{\"@id\":\"https:\/\/agenciainfra.com\/blog\/diretora-do-bndes-diz-que-media-de-project-finance-do-banco-esta-em-r-80-bilhoes-por-ano\/#breadcrumb\"},\"inLanguage\":\"pt-BR\",\"potentialAction\":[{\"@type\":\"ReadAction\",\"target\":[\"https:\/\/agenciainfra.com\/blog\/diretora-do-bndes-diz-que-media-de-project-finance-do-banco-esta-em-r-80-bilhoes-por-ano\/\"]}]},{\"@type\":\"ImageObject\",\"inLanguage\":\"pt-BR\",\"@id\":\"https:\/\/agenciainfra.com\/blog\/diretora-do-bndes-diz-que-media-de-project-finance-do-banco-esta-em-r-80-bilhoes-por-ano\/#primaryimage\",\"url\":\"https:\/\/agenciainfra.com\/blog\/wp-content\/uploads\/2023\/08\/bndes-predio-foto-senado-federal.jpg\",\"contentUrl\":\"https:\/\/agenciainfra.com\/blog\/wp-content\/uploads\/2023\/08\/bndes-predio-foto-senado-federal.jpg\",\"width\":1202,\"height\":797,\"caption\":\"Foto: Divulga\u00e7\u00e3o\/Senado Federal\"},{\"@type\":\"BreadcrumbList\",\"@id\":\"https:\/\/agenciainfra.com\/blog\/diretora-do-bndes-diz-que-media-de-project-finance-do-banco-esta-em-r-80-bilhoes-por-ano\/#breadcrumb\",\"itemListElement\":[{\"@type\":\"ListItem\",\"position\":1,\"name\":\"In\u00edcio\",\"item\":\"https:\/\/agenciainfra.com\/blog\/\"},{\"@type\":\"ListItem\",\"position\":2,\"name\":\"Diretora do BNDES diz que m\u00e9dia de project finance do banco est\u00e1 em R$ 80 bilh\u00f5es por ano\"}]},{\"@type\":\"WebSite\",\"@id\":\"https:\/\/agenciainfra.com\/blog\/#website\",\"url\":\"https:\/\/agenciainfra.com\/blog\/\",\"name\":\"Ag\u00eancia iNFRA\",\"description\":\"Multiplataforma de informa\u00e7\u00e3o jornal\u00edstica refer\u00eancia na \u00e1rea de infraestrutura no Brasil!\",\"publisher\":{\"@id\":\"https:\/\/agenciainfra.com\/blog\/#organization\"},\"potentialAction\":[{\"@type\":\"SearchAction\",\"target\":{\"@type\":\"EntryPoint\",\"urlTemplate\":\"https:\/\/agenciainfra.com\/blog\/?s={search_term_string}\"},\"query-input\":{\"@type\":\"PropertyValueSpecification\",\"valueRequired\":true,\"valueName\":\"search_term_string\"}}],\"inLanguage\":\"pt-BR\"},{\"@type\":\"Organization\",\"@id\":\"https:\/\/agenciainfra.com\/blog\/#organization\",\"name\":\"Ag\u00eancia iNFRA\",\"url\":\"https:\/\/agenciainfra.com\/blog\/\",\"logo\":{\"@type\":\"ImageObject\",\"inLanguage\":\"pt-BR\",\"@id\":\"https:\/\/agenciainfra.com\/blog\/#\/schema\/logo\/image\/\",\"url\":\"https:\/\/agenciainfra.com\/blog\/wp-content\/uploads\/2023\/09\/iNFRA_5-e1761735885940.png\",\"contentUrl\":\"https:\/\/agenciainfra.com\/blog\/wp-content\/uploads\/2023\/09\/iNFRA_5-e1761735885940.png\",\"width\":1672,\"height\":454,\"caption\":\"Ag\u00eancia iNFRA\"},\"image\":{\"@id\":\"https:\/\/agenciainfra.com\/blog\/#\/schema\/logo\/image\/\"},\"sameAs\":[\"https:\/\/www.facebook.com\/ageninfra\",\"https:\/\/x.com\/agencia_infra\",\"https:\/\/www.linkedin.com\/company\/ag\u00eanciainfra\/\",\"https:\/\/www.instagram.com\/agenciainfra\/\"]},{\"@type\":\"Person\",\"@id\":\"https:\/\/agenciainfra.com\/blog\/#\/schema\/person\/34af08dff6adea4cb22b06612ba7acfa\",\"name\":\"Ag\u00eancia iNFRA\",\"image\":{\"@type\":\"ImageObject\",\"inLanguage\":\"pt-BR\",\"@id\":\"https:\/\/agenciainfra.com\/blog\/#\/schema\/person\/image\/\",\"url\":\"https:\/\/secure.gravatar.com\/avatar\/d189e01678f06d8eb84d4e01f08eb848b3fffe3f8443818d3c356c66892f5be8?s=96&d=mm&r=g\",\"contentUrl\":\"https:\/\/secure.gravatar.com\/avatar\/d189e01678f06d8eb84d4e01f08eb848b3fffe3f8443818d3c356c66892f5be8?s=96&d=mm&r=g\",\"caption\":\"Ag\u00eancia iNFRA\"},\"url\":\"https:\/\/agenciainfra.com\/blog\/author\/admin\/\"}]}<\/script>\n<!-- \/ Yoast SEO Premium plugin. -->","yoast_head_json":{"title":"Diretora do BNDES diz que m\u00e9dia de project finance do banco est\u00e1 em R$ 80 bilh\u00f5es por ano - Ag\u00eancia iNFRA","robots":{"index":"index","follow":"follow","max-snippet":"max-snippet:-1","max-image-preview":"max-image-preview:large","max-video-preview":"max-video-preview:-1"},"canonical":"https:\/\/agenciainfra.com\/blog\/diretora-do-bndes-diz-que-media-de-project-finance-do-banco-esta-em-r-80-bilhoes-por-ano\/","og_locale":"pt_BR","og_type":"article","og_title":"Diretora do BNDES diz que m\u00e9dia de project finance do banco est\u00e1 em R$ 80 bilh\u00f5es por ano","og_description":"Bernardo Gonzaga, da Ag\u00eancia iNFRA A diretora de Infraestrutura, Transi\u00e7\u00e3o Energ\u00e9tica e Mudan\u00e7a Clim\u00e1tica do BNDES (Banco Nacional de Desenvolvimento Econ\u00f4mico e Social), Luciana Costa, disse nesta quinta-feira (22) que a m\u00e9dia de aprova\u00e7\u00e3o de project finance na atual gest\u00e3o do banco est\u00e1 em R$ 80 bilh\u00f5es por ano, ante R$ 40 bilh\u00f5es na gest\u00e3o [&hellip;]","og_url":"https:\/\/agenciainfra.com\/blog\/diretora-do-bndes-diz-que-media-de-project-finance-do-banco-esta-em-r-80-bilhoes-por-ano\/","og_site_name":"Ag\u00eancia iNFRA","article_publisher":"https:\/\/www.facebook.com\/ageninfra","article_published_time":"2025-05-22T21:32:52+00:00","article_modified_time":"2025-05-26T14:25:17+00:00","og_image":[{"width":1202,"height":797,"url":"https:\/\/agenciainfra.com\/blog\/wp-content\/uploads\/2023\/08\/bndes-predio-foto-senado-federal.jpg","type":"image\/jpeg"}],"author":"Ag\u00eancia iNFRA","twitter_card":"summary_large_image","twitter_creator":"@agencia_infra","twitter_site":"@agencia_infra","twitter_misc":{"Escrito por":"Ag\u00eancia iNFRA","Est. tempo de leitura":"3 minutos"},"schema":{"@context":"https:\/\/schema.org","@graph":[{"@type":"Article","@id":"https:\/\/agenciainfra.com\/blog\/diretora-do-bndes-diz-que-media-de-project-finance-do-banco-esta-em-r-80-bilhoes-por-ano\/#article","isPartOf":{"@id":"https:\/\/agenciainfra.com\/blog\/diretora-do-bndes-diz-que-media-de-project-finance-do-banco-esta-em-r-80-bilhoes-por-ano\/"},"author":{"name":"Ag\u00eancia iNFRA","@id":"https:\/\/agenciainfra.com\/blog\/#\/schema\/person\/34af08dff6adea4cb22b06612ba7acfa"},"headline":"Diretora do BNDES diz que m\u00e9dia de project finance do banco est\u00e1 em R$ 80 bilh\u00f5es por ano","datePublished":"2025-05-22T21:32:52+00:00","dateModified":"2025-05-26T14:25:17+00:00","mainEntityOfPage":{"@id":"https:\/\/agenciainfra.com\/blog\/diretora-do-bndes-diz-que-media-de-project-finance-do-banco-esta-em-r-80-bilhoes-por-ano\/"},"wordCount":625,"publisher":{"@id":"https:\/\/agenciainfra.com\/blog\/#organization"},"image":{"@id":"https:\/\/agenciainfra.com\/blog\/diretora-do-bndes-diz-que-media-de-project-finance-do-banco-esta-em-r-80-bilhoes-por-ano\/#primaryimage"},"thumbnailUrl":"https:\/\/agenciainfra.com\/blog\/wp-content\/uploads\/2023\/08\/bndes-predio-foto-senado-federal.jpg","keywords":["bernardo gonzaga","BNDES","deb\u00eantures incentivadsa","Infraestrutura","minera\u00e7\u00e3o","mudan\u00e7as clim\u00e1ticas"],"articleSection":["Destaque lista","Geral","iNFRATransporte"],"inLanguage":"pt-BR","copyrightYear":"2025","copyrightHolder":{"@id":"https:\/\/agenciainfra.com\/blog\/#organization"}},{"@type":"WebPage","@id":"https:\/\/agenciainfra.com\/blog\/diretora-do-bndes-diz-que-media-de-project-finance-do-banco-esta-em-r-80-bilhoes-por-ano\/","url":"https:\/\/agenciainfra.com\/blog\/diretora-do-bndes-diz-que-media-de-project-finance-do-banco-esta-em-r-80-bilhoes-por-ano\/","name":"Diretora do BNDES diz que m\u00e9dia de project finance do banco est\u00e1 em R$ 80 bilh\u00f5es por ano - Ag\u00eancia iNFRA","isPartOf":{"@id":"https:\/\/agenciainfra.com\/blog\/#website"},"primaryImageOfPage":{"@id":"https:\/\/agenciainfra.com\/blog\/diretora-do-bndes-diz-que-media-de-project-finance-do-banco-esta-em-r-80-bilhoes-por-ano\/#primaryimage"},"image":{"@id":"https:\/\/agenciainfra.com\/blog\/diretora-do-bndes-diz-que-media-de-project-finance-do-banco-esta-em-r-80-bilhoes-por-ano\/#primaryimage"},"thumbnailUrl":"https:\/\/agenciainfra.com\/blog\/wp-content\/uploads\/2023\/08\/bndes-predio-foto-senado-federal.jpg","datePublished":"2025-05-22T21:32:52+00:00","dateModified":"2025-05-26T14:25:17+00:00","breadcrumb":{"@id":"https:\/\/agenciainfra.com\/blog\/diretora-do-bndes-diz-que-media-de-project-finance-do-banco-esta-em-r-80-bilhoes-por-ano\/#breadcrumb"},"inLanguage":"pt-BR","potentialAction":[{"@type":"ReadAction","target":["https:\/\/agenciainfra.com\/blog\/diretora-do-bndes-diz-que-media-de-project-finance-do-banco-esta-em-r-80-bilhoes-por-ano\/"]}]},{"@type":"ImageObject","inLanguage":"pt-BR","@id":"https:\/\/agenciainfra.com\/blog\/diretora-do-bndes-diz-que-media-de-project-finance-do-banco-esta-em-r-80-bilhoes-por-ano\/#primaryimage","url":"https:\/\/agenciainfra.com\/blog\/wp-content\/uploads\/2023\/08\/bndes-predio-foto-senado-federal.jpg","contentUrl":"https:\/\/agenciainfra.com\/blog\/wp-content\/uploads\/2023\/08\/bndes-predio-foto-senado-federal.jpg","width":1202,"height":797,"caption":"Foto: Divulga\u00e7\u00e3o\/Senado Federal"},{"@type":"BreadcrumbList","@id":"https:\/\/agenciainfra.com\/blog\/diretora-do-bndes-diz-que-media-de-project-finance-do-banco-esta-em-r-80-bilhoes-por-ano\/#breadcrumb","itemListElement":[{"@type":"ListItem","position":1,"name":"In\u00edcio","item":"https:\/\/agenciainfra.com\/blog\/"},{"@type":"ListItem","position":2,"name":"Diretora do BNDES diz que m\u00e9dia de project finance do banco est\u00e1 em R$ 80 bilh\u00f5es por ano"}]},{"@type":"WebSite","@id":"https:\/\/agenciainfra.com\/blog\/#website","url":"https:\/\/agenciainfra.com\/blog\/","name":"Ag\u00eancia iNFRA","description":"Multiplataforma de informa\u00e7\u00e3o jornal\u00edstica refer\u00eancia na \u00e1rea de infraestrutura no Brasil!","publisher":{"@id":"https:\/\/agenciainfra.com\/blog\/#organization"},"potentialAction":[{"@type":"SearchAction","target":{"@type":"EntryPoint","urlTemplate":"https:\/\/agenciainfra.com\/blog\/?s={search_term_string}"},"query-input":{"@type":"PropertyValueSpecification","valueRequired":true,"valueName":"search_term_string"}}],"inLanguage":"pt-BR"},{"@type":"Organization","@id":"https:\/\/agenciainfra.com\/blog\/#organization","name":"Ag\u00eancia iNFRA","url":"https:\/\/agenciainfra.com\/blog\/","logo":{"@type":"ImageObject","inLanguage":"pt-BR","@id":"https:\/\/agenciainfra.com\/blog\/#\/schema\/logo\/image\/","url":"https:\/\/agenciainfra.com\/blog\/wp-content\/uploads\/2023\/09\/iNFRA_5-e1761735885940.png","contentUrl":"https:\/\/agenciainfra.com\/blog\/wp-content\/uploads\/2023\/09\/iNFRA_5-e1761735885940.png","width":1672,"height":454,"caption":"Ag\u00eancia iNFRA"},"image":{"@id":"https:\/\/agenciainfra.com\/blog\/#\/schema\/logo\/image\/"},"sameAs":["https:\/\/www.facebook.com\/ageninfra","https:\/\/x.com\/agencia_infra","https:\/\/www.linkedin.com\/company\/ag\u00eanciainfra\/","https:\/\/www.instagram.com\/agenciainfra\/"]},{"@type":"Person","@id":"https:\/\/agenciainfra.com\/blog\/#\/schema\/person\/34af08dff6adea4cb22b06612ba7acfa","name":"Ag\u00eancia iNFRA","image":{"@type":"ImageObject","inLanguage":"pt-BR","@id":"https:\/\/agenciainfra.com\/blog\/#\/schema\/person\/image\/","url":"https:\/\/secure.gravatar.com\/avatar\/d189e01678f06d8eb84d4e01f08eb848b3fffe3f8443818d3c356c66892f5be8?s=96&d=mm&r=g","contentUrl":"https:\/\/secure.gravatar.com\/avatar\/d189e01678f06d8eb84d4e01f08eb848b3fffe3f8443818d3c356c66892f5be8?s=96&d=mm&r=g","caption":"Ag\u00eancia iNFRA"},"url":"https:\/\/agenciainfra.com\/blog\/author\/admin\/"}]}},"_links":{"self":[{"href":"https:\/\/agenciainfra.com\/blog\/wp-json\/wp\/v2\/posts\/22059","targetHints":{"allow":["GET"]}}],"collection":[{"href":"https:\/\/agenciainfra.com\/blog\/wp-json\/wp\/v2\/posts"}],"about":[{"href":"https:\/\/agenciainfra.com\/blog\/wp-json\/wp\/v2\/types\/post"}],"author":[{"embeddable":true,"href":"https:\/\/agenciainfra.com\/blog\/wp-json\/wp\/v2\/users\/1"}],"replies":[{"embeddable":true,"href":"https:\/\/agenciainfra.com\/blog\/wp-json\/wp\/v2\/comments?post=22059"}],"version-history":[{"count":2,"href":"https:\/\/agenciainfra.com\/blog\/wp-json\/wp\/v2\/posts\/22059\/revisions"}],"predecessor-version":[{"id":22083,"href":"https:\/\/agenciainfra.com\/blog\/wp-json\/wp\/v2\/posts\/22059\/revisions\/22083"}],"wp:featuredmedia":[{"embeddable":true,"href":"https:\/\/agenciainfra.com\/blog\/wp-json\/wp\/v2\/media\/13360"}],"wp:attachment":[{"href":"https:\/\/agenciainfra.com\/blog\/wp-json\/wp\/v2\/media?parent=22059"}],"wp:term":[{"taxonomy":"category","embeddable":true,"href":"https:\/\/agenciainfra.com\/blog\/wp-json\/wp\/v2\/categories?post=22059"},{"taxonomy":"post_tag","embeddable":true,"href":"https:\/\/agenciainfra.com\/blog\/wp-json\/wp\/v2\/tags?post=22059"}],"curies":[{"name":"wp","href":"https:\/\/api.w.org\/{rel}","templated":true}]}}