{"id":22102,"date":"2025-05-26T14:59:08","date_gmt":"2025-05-26T17:59:08","guid":{"rendered":"https:\/\/agenciainfra.com\/blog\/?p=22102"},"modified":"2025-05-27T10:30:17","modified_gmt":"2025-05-27T13:30:17","slug":"vamos-reduzir-preco-dos-combustiveis-se-petroleo-cair-mais-diz-presidente-da-petrobras","status":"publish","type":"post","link":"https:\/\/agenciainfra.com\/blog\/vamos-reduzir-preco-dos-combustiveis-se-petroleo-cair-mais-diz-presidente-da-petrobras\/","title":{"rendered":"&#8220;Vamos reduzir pre\u00e7o dos combust\u00edveis se petr\u00f3leo cair mais&#8221;, diz presidente da Petrobras"},"content":{"rendered":"\n<p class=\"has-text-align-right\"><strong>Gabriel Vasconcelos, da Ag\u00eancia iNFRA<\/strong><\/p>\n\n\n\n<p>A presidente da Petrobras, Magda Chambriard, disse hoje (26) que a estatal est\u00e1 &#8220;confort\u00e1vel&#8221; com o pre\u00e7o da gasolina e do diesel em suas refinarias, mas que vai baix\u00e1-los caso as cota\u00e7\u00f5es internacionais do petr\u00f3leo sigam em queda.<\/p>\n\n\n\n<p>Na sa\u00edda de evento organizado pelo BNDES (Banco Nacional de Desenvolvimento Econ\u00f4mico e Social), no Rio de Janeiro, Magda refor\u00e7ou a jornalistas que ambos os produtos da estatal t\u00eam hoje pre\u00e7o abaixo da refer\u00eancia internacional, o PPI (pre\u00e7o de paridade de importa\u00e7\u00e3o).<\/p>\n\n\n\n<p>&#8220;A gente tem visto os pre\u00e7os do petr\u00f3leo ca\u00edrem, a gente tem visto o real se valorizar e, por \u00f3bvio, acompanhamos tamb\u00e9m o <em>market share<\/em> dos nossos produtos. Tanto gasolina quanto diesel est\u00e3o abaixo do PPI. Ent\u00e3o, por enquanto, o que estamos fazendo \u00e9 acompanhar. Mas se cair mais o pre\u00e7o do petr\u00f3leo, por certo vamos reduzir o pre\u00e7o dos combust\u00edveis&#8221;, disse Magda.<\/p>\n\n\n\n<p>A companhia avalia o mercado a cada 15 dias, disse ela. No in\u00edcio da tarde, o petr\u00f3leo do tipo Brent estava em queda, pouco abaixo dos US$ por barril.<\/p>\n\n\n\n<p>O mesmo, disse Magda, vale para outros refinados, como QAV (querosene de avia\u00e7\u00e3o) e GLP (g\u00e1s de cozinha). Magda disse que ainda n\u00e3o fez a conta, mas que o QAV deve sim cair no in\u00edcio de junho. Este combust\u00edvel, ao contr\u00e1rio da gasolina e do diesel, \u00e9 necessariamente reajustado todo in\u00edcio de m\u00eas.<\/p>\n\n\n\n<p><strong>Abicom<\/strong><br>Segundo a Abicom (Associa\u00e7\u00e3o Brasileira de Combust\u00edveis), o pre\u00e7o dos combust\u00edveis Petrobras estariam hoje pr\u00f3ximos ao PPI, com a gasolina e o diesel 1% abaixo da refer\u00eancia internacional.<\/p>\n\n\n\n<p>O PPI da Abicom, no entanto, considera o pre\u00e7o do Golfo do M\u00e9xico (EUA), superior ao do restante do mundo, principalmente do produto russo, vendido com desconto e predominante no mercado brasileiro. Na pr\u00e1tica, portanto, isso significa que os pre\u00e7os da Petrobras est\u00e3o abaixo do efetivamente praticado no exterior, o que segue favorecendo a importa\u00e7\u00e3o. Embora importe dos EUA, a Petrobras \u00e9 historicamente cr\u00edtica ao acompanhamento de pre\u00e7os da Abicom, citando a maior escala de suas opera\u00e7\u00f5es na compara\u00e7\u00e3o com importadores e as facilidades log\u00edsticas da estatal.<\/p>\n\n\n\n<p><strong>Braskem<br><\/strong>Sobre a Braskem, cuja parcela da Novonor (ex-Odebrecht), recebeu uma proposta n\u00e3o vinculante do empres\u00e1rio Nelson Tanure, com manuten\u00e7\u00e3o de uma fatia para o grupo e aporte de R$ 100 milh\u00f5es, Magda Chambriard se limitou a dizer que a oferta \u201cvem na dire\u00e7\u00e3o de uma solu\u00e7\u00e3o\u201d para a quest\u00e3o societ\u00e1ria da petroqu\u00edmica e que espera que tenha sucesso. A Petrobras tem 47% do capital votante da Braskem e, a Novonor, 50,01%.<\/p>\n\n\n\n<p>\u201cA Braskem tem uma quest\u00e3o societ\u00e1ria que a gente precisa resolver e a proposta do Tanure vem na dire\u00e7\u00e3o dessa solu\u00e7\u00e3o, como tamb\u00e9m uma movimenta\u00e7\u00e3o dos bancos no passado vinha em torno dessa solu\u00e7\u00e3o. O m\u00e1ximo que eu posso dizer para voc\u00eas \u00e9 que eu espero que qualquer que seja a solu\u00e7\u00e3o d\u00ea certo, que ter\u00e1 o apoio da Petrobras, e que n\u00f3s vamos sim restaurar a petroqu\u00edmica no Brasil e botar a petroqu\u00edmica do Brasil no patamar que ela merece&#8221;, disse a presidente da Petrobras a jornalistas.<\/p>\n\n\n\n<p>Questionada sobre um eventual aumento de capital da Petrobras na Braskem &#8211; a Petrobras tem direito de prefer\u00eancia -, Magda n\u00e3o respondeu. \u201cPor enquanto, vamos aguardar as cenas dos pr\u00f3ximos cap\u00edtulos\u201d, disse. A possibilidade de aumento da participa\u00e7\u00e3o da estatal na Braskem, a ponto de ser controladora da petroqu\u00edmica, \u00e9 discutida internamente desde a gest\u00e3o de seu antecessor, Jean Paul Prates. A Petrobras j\u00e1 concluiu todas as an\u00e1lises internas sobre os ativos e a situa\u00e7\u00e3o da empresa.<\/p>\n\n\n\n<p>\u201cA Braskem \u00e9 hoje a sexta maior petroqu\u00edmica do mundo. Ent\u00e3o, por \u00f3bvio, \u00e9 um ativo muito importante para a Petrobras. Quando a gente fala em descarboniza\u00e7\u00e3o, a gente tem uma certeza: a de que o combust\u00edvel f\u00f3ssil ainda ser\u00e1 muito utilizado nas pr\u00f3ximas muitas d\u00e9cadas para uso petroqu\u00edmico. Ent\u00e3o, a gente fala de g\u00e1s para petroqu\u00edmica, a gente fala de nafta para petroqu\u00edmica, mais g\u00e1s do que nafta. N\u00e3o podemos ent\u00e3o largar de m\u00e3o de jeito nenhum a Petroqu\u00edmica&#8221;, completou.<\/p>\n","protected":false},"excerpt":{"rendered":"<p>Gabriel Vasconcelos, da Ag\u00eancia iNFRA A presidente da Petrobras, Magda Chambriard, disse hoje (26) que a estatal est\u00e1 &#8220;confort\u00e1vel&#8221; com o pre\u00e7o da gasolina e do diesel em suas refinarias, mas que vai baix\u00e1-los caso as cota\u00e7\u00f5es internacionais do petr\u00f3leo sigam em queda. Na sa\u00edda de evento organizado pelo BNDES (Banco Nacional de Desenvolvimento Econ\u00f4mico [&hellip;]<\/p>\n","protected":false},"author":1,"featured_media":21625,"comment_status":"closed","ping_status":"closed","sticky":false,"template":"","format":"standard","meta":{"_monsterinsights_skip_tracking":false,"_monsterinsights_sitenote_active":false,"_monsterinsights_sitenote_note":"","_monsterinsights_sitenote_category":0,"footnotes":""},"categories":[7250,1,13271],"tags":[3376,103,10107,314,315,13251,3365,9446,143,5163],"class_list":["post-22102","post","type-post","status-publish","format-standard","has-post-thumbnail","hentry","category-destaque-lista","category-geral","category-oleo-gas","tag-abicom","tag-bndes","tag-braskem","tag-combustiveis","tag-diesel","tag-gabriel-vasconcelos","tag-gasolina","tag-magda-chambriard","tag-petrobras","tag-preco-dos-combustiveis"],"yoast_head":"<!-- This site is optimized with the Yoast SEO Premium plugin v25.4 (Yoast SEO v26.0) - https:\/\/yoast.com\/wordpress\/plugins\/seo\/ -->\n<title>&quot;Vamos reduzir pre\u00e7o dos combust\u00edveis se petr\u00f3leo cair mais&quot;, diz presidente da Petrobras - Ag\u00eancia iNFRA<\/title>\n<meta name=\"robots\" content=\"index, follow, max-snippet:-1, max-image-preview:large, max-video-preview:-1\" \/>\n<link rel=\"canonical\" href=\"https:\/\/agenciainfra.com\/blog\/vamos-reduzir-preco-dos-combustiveis-se-petroleo-cair-mais-diz-presidente-da-petrobras\/\" \/>\n<meta property=\"og:locale\" content=\"pt_BR\" \/>\n<meta property=\"og:type\" content=\"article\" \/>\n<meta property=\"og:title\" content=\"&quot;Vamos reduzir pre\u00e7o dos combust\u00edveis se petr\u00f3leo cair mais&quot;, diz presidente da Petrobras\" \/>\n<meta property=\"og:description\" content=\"Gabriel Vasconcelos, da Ag\u00eancia iNFRA A presidente da Petrobras, Magda Chambriard, disse hoje (26) que a estatal est\u00e1 &#8220;confort\u00e1vel&#8221; com o pre\u00e7o da gasolina e do diesel em suas refinarias, mas que vai baix\u00e1-los caso as cota\u00e7\u00f5es internacionais do petr\u00f3leo sigam em queda. Na sa\u00edda de evento organizado pelo BNDES (Banco Nacional de Desenvolvimento Econ\u00f4mico [&hellip;]\" \/>\n<meta property=\"og:url\" content=\"https:\/\/agenciainfra.com\/blog\/vamos-reduzir-preco-dos-combustiveis-se-petroleo-cair-mais-diz-presidente-da-petrobras\/\" \/>\n<meta property=\"og:site_name\" content=\"Ag\u00eancia iNFRA\" \/>\n<meta property=\"article:publisher\" content=\"https:\/\/www.facebook.com\/ageninfra\" \/>\n<meta property=\"article:published_time\" content=\"2025-05-26T17:59:08+00:00\" \/>\n<meta property=\"article:modified_time\" content=\"2025-05-27T13:30:17+00:00\" \/>\n<meta property=\"og:image\" content=\"https:\/\/agenciainfra.com\/blog\/wp-content\/uploads\/2025\/05\/magda-chambriard-foto-agencia-brasil.png\" \/>\n\t<meta property=\"og:image:width\" content=\"1170\" \/>\n\t<meta property=\"og:image:height\" content=\"700\" \/>\n\t<meta property=\"og:image:type\" content=\"image\/png\" \/>\n<meta name=\"author\" content=\"Ag\u00eancia iNFRA\" \/>\n<meta name=\"twitter:card\" content=\"summary_large_image\" \/>\n<meta name=\"twitter:creator\" content=\"@agencia_infra\" \/>\n<meta name=\"twitter:site\" content=\"@agencia_infra\" \/>\n<meta name=\"twitter:label1\" content=\"Escrito por\" \/>\n\t<meta name=\"twitter:data1\" content=\"Ag\u00eancia iNFRA\" \/>\n\t<meta name=\"twitter:label2\" content=\"Est. tempo de leitura\" \/>\n\t<meta name=\"twitter:data2\" content=\"4 minutos\" \/>\n<script type=\"application\/ld+json\" class=\"yoast-schema-graph\">{\"@context\":\"https:\/\/schema.org\",\"@graph\":[{\"@type\":\"Article\",\"@id\":\"https:\/\/agenciainfra.com\/blog\/vamos-reduzir-preco-dos-combustiveis-se-petroleo-cair-mais-diz-presidente-da-petrobras\/#article\",\"isPartOf\":{\"@id\":\"https:\/\/agenciainfra.com\/blog\/vamos-reduzir-preco-dos-combustiveis-se-petroleo-cair-mais-diz-presidente-da-petrobras\/\"},\"author\":{\"name\":\"Ag\u00eancia iNFRA\",\"@id\":\"https:\/\/agenciainfra.com\/blog\/#\/schema\/person\/34af08dff6adea4cb22b06612ba7acfa\"},\"headline\":\"&#8220;Vamos reduzir pre\u00e7o dos combust\u00edveis se petr\u00f3leo cair mais&#8221;, diz presidente da Petrobras\",\"datePublished\":\"2025-05-26T17:59:08+00:00\",\"dateModified\":\"2025-05-27T13:30:17+00:00\",\"mainEntityOfPage\":{\"@id\":\"https:\/\/agenciainfra.com\/blog\/vamos-reduzir-preco-dos-combustiveis-se-petroleo-cair-mais-diz-presidente-da-petrobras\/\"},\"wordCount\":766,\"publisher\":{\"@id\":\"https:\/\/agenciainfra.com\/blog\/#organization\"},\"image\":{\"@id\":\"https:\/\/agenciainfra.com\/blog\/vamos-reduzir-preco-dos-combustiveis-se-petroleo-cair-mais-diz-presidente-da-petrobras\/#primaryimage\"},\"thumbnailUrl\":\"https:\/\/agenciainfra.com\/blog\/wp-content\/uploads\/2025\/05\/magda-chambriard-foto-agencia-brasil.png\",\"keywords\":[\"Abicom\",\"BNDES\",\"Braskem\",\"combust\u00edveis\",\"diesel\",\"Gabriel Vasconcelos\",\"gasolina\",\"Magda Chambriard\",\"Petrobras\",\"pre\u00e7o dos combust\u00edveis\"],\"articleSection\":[\"Destaque lista\",\"Geral\",\"\u00d3leo &amp; G\u00e1s\"],\"inLanguage\":\"pt-BR\",\"copyrightYear\":\"2025\",\"copyrightHolder\":{\"@id\":\"https:\/\/agenciainfra.com\/blog\/#organization\"}},{\"@type\":\"WebPage\",\"@id\":\"https:\/\/agenciainfra.com\/blog\/vamos-reduzir-preco-dos-combustiveis-se-petroleo-cair-mais-diz-presidente-da-petrobras\/\",\"url\":\"https:\/\/agenciainfra.com\/blog\/vamos-reduzir-preco-dos-combustiveis-se-petroleo-cair-mais-diz-presidente-da-petrobras\/\",\"name\":\"\\\"Vamos reduzir pre\u00e7o dos combust\u00edveis se petr\u00f3leo cair mais\\\", diz presidente da Petrobras - Ag\u00eancia iNFRA\",\"isPartOf\":{\"@id\":\"https:\/\/agenciainfra.com\/blog\/#website\"},\"primaryImageOfPage\":{\"@id\":\"https:\/\/agenciainfra.com\/blog\/vamos-reduzir-preco-dos-combustiveis-se-petroleo-cair-mais-diz-presidente-da-petrobras\/#primaryimage\"},\"image\":{\"@id\":\"https:\/\/agenciainfra.com\/blog\/vamos-reduzir-preco-dos-combustiveis-se-petroleo-cair-mais-diz-presidente-da-petrobras\/#primaryimage\"},\"thumbnailUrl\":\"https:\/\/agenciainfra.com\/blog\/wp-content\/uploads\/2025\/05\/magda-chambriard-foto-agencia-brasil.png\",\"datePublished\":\"2025-05-26T17:59:08+00:00\",\"dateModified\":\"2025-05-27T13:30:17+00:00\",\"breadcrumb\":{\"@id\":\"https:\/\/agenciainfra.com\/blog\/vamos-reduzir-preco-dos-combustiveis-se-petroleo-cair-mais-diz-presidente-da-petrobras\/#breadcrumb\"},\"inLanguage\":\"pt-BR\",\"potentialAction\":[{\"@type\":\"ReadAction\",\"target\":[\"https:\/\/agenciainfra.com\/blog\/vamos-reduzir-preco-dos-combustiveis-se-petroleo-cair-mais-diz-presidente-da-petrobras\/\"]}]},{\"@type\":\"ImageObject\",\"inLanguage\":\"pt-BR\",\"@id\":\"https:\/\/agenciainfra.com\/blog\/vamos-reduzir-preco-dos-combustiveis-se-petroleo-cair-mais-diz-presidente-da-petrobras\/#primaryimage\",\"url\":\"https:\/\/agenciainfra.com\/blog\/wp-content\/uploads\/2025\/05\/magda-chambriard-foto-agencia-brasil.png\",\"contentUrl\":\"https:\/\/agenciainfra.com\/blog\/wp-content\/uploads\/2025\/05\/magda-chambriard-foto-agencia-brasil.png\",\"width\":1170,\"height\":700,\"caption\":\"Foto: Ag\u00eancia Brasil\"},{\"@type\":\"BreadcrumbList\",\"@id\":\"https:\/\/agenciainfra.com\/blog\/vamos-reduzir-preco-dos-combustiveis-se-petroleo-cair-mais-diz-presidente-da-petrobras\/#breadcrumb\",\"itemListElement\":[{\"@type\":\"ListItem\",\"position\":1,\"name\":\"In\u00edcio\",\"item\":\"https:\/\/agenciainfra.com\/blog\/\"},{\"@type\":\"ListItem\",\"position\":2,\"name\":\"&#8220;Vamos reduzir pre\u00e7o dos combust\u00edveis se petr\u00f3leo cair mais&#8221;, diz presidente da Petrobras\"}]},{\"@type\":\"WebSite\",\"@id\":\"https:\/\/agenciainfra.com\/blog\/#website\",\"url\":\"https:\/\/agenciainfra.com\/blog\/\",\"name\":\"Ag\u00eancia iNFRA\",\"description\":\"Multiplataforma de informa\u00e7\u00e3o jornal\u00edstica refer\u00eancia na \u00e1rea de infraestrutura no Brasil!\",\"publisher\":{\"@id\":\"https:\/\/agenciainfra.com\/blog\/#organization\"},\"potentialAction\":[{\"@type\":\"SearchAction\",\"target\":{\"@type\":\"EntryPoint\",\"urlTemplate\":\"https:\/\/agenciainfra.com\/blog\/?s={search_term_string}\"},\"query-input\":{\"@type\":\"PropertyValueSpecification\",\"valueRequired\":true,\"valueName\":\"search_term_string\"}}],\"inLanguage\":\"pt-BR\"},{\"@type\":\"Organization\",\"@id\":\"https:\/\/agenciainfra.com\/blog\/#organization\",\"name\":\"Ag\u00eancia iNFRA\",\"url\":\"https:\/\/agenciainfra.com\/blog\/\",\"logo\":{\"@type\":\"ImageObject\",\"inLanguage\":\"pt-BR\",\"@id\":\"https:\/\/agenciainfra.com\/blog\/#\/schema\/logo\/image\/\",\"url\":\"https:\/\/agenciainfra.com\/blog\/wp-content\/uploads\/2023\/09\/iNFRA_5-e1761735885940.png\",\"contentUrl\":\"https:\/\/agenciainfra.com\/blog\/wp-content\/uploads\/2023\/09\/iNFRA_5-e1761735885940.png\",\"width\":1672,\"height\":454,\"caption\":\"Ag\u00eancia iNFRA\"},\"image\":{\"@id\":\"https:\/\/agenciainfra.com\/blog\/#\/schema\/logo\/image\/\"},\"sameAs\":[\"https:\/\/www.facebook.com\/ageninfra\",\"https:\/\/x.com\/agencia_infra\",\"https:\/\/www.linkedin.com\/company\/ag\u00eanciainfra\/\",\"https:\/\/www.instagram.com\/agenciainfra\/\"]},{\"@type\":\"Person\",\"@id\":\"https:\/\/agenciainfra.com\/blog\/#\/schema\/person\/34af08dff6adea4cb22b06612ba7acfa\",\"name\":\"Ag\u00eancia iNFRA\",\"image\":{\"@type\":\"ImageObject\",\"inLanguage\":\"pt-BR\",\"@id\":\"https:\/\/agenciainfra.com\/blog\/#\/schema\/person\/image\/\",\"url\":\"https:\/\/secure.gravatar.com\/avatar\/d189e01678f06d8eb84d4e01f08eb848b3fffe3f8443818d3c356c66892f5be8?s=96&d=mm&r=g\",\"contentUrl\":\"https:\/\/secure.gravatar.com\/avatar\/d189e01678f06d8eb84d4e01f08eb848b3fffe3f8443818d3c356c66892f5be8?s=96&d=mm&r=g\",\"caption\":\"Ag\u00eancia iNFRA\"},\"url\":\"https:\/\/agenciainfra.com\/blog\/author\/admin\/\"}]}<\/script>\n<!-- \/ Yoast SEO Premium plugin. -->","yoast_head_json":{"title":"\"Vamos reduzir pre\u00e7o dos combust\u00edveis se petr\u00f3leo cair mais\", diz presidente da Petrobras - Ag\u00eancia iNFRA","robots":{"index":"index","follow":"follow","max-snippet":"max-snippet:-1","max-image-preview":"max-image-preview:large","max-video-preview":"max-video-preview:-1"},"canonical":"https:\/\/agenciainfra.com\/blog\/vamos-reduzir-preco-dos-combustiveis-se-petroleo-cair-mais-diz-presidente-da-petrobras\/","og_locale":"pt_BR","og_type":"article","og_title":"\"Vamos reduzir pre\u00e7o dos combust\u00edveis se petr\u00f3leo cair mais\", diz presidente da Petrobras","og_description":"Gabriel Vasconcelos, da Ag\u00eancia iNFRA A presidente da Petrobras, Magda Chambriard, disse hoje (26) que a estatal est\u00e1 &#8220;confort\u00e1vel&#8221; com o pre\u00e7o da gasolina e do diesel em suas refinarias, mas que vai baix\u00e1-los caso as cota\u00e7\u00f5es internacionais do petr\u00f3leo sigam em queda. Na sa\u00edda de evento organizado pelo BNDES (Banco Nacional de Desenvolvimento Econ\u00f4mico [&hellip;]","og_url":"https:\/\/agenciainfra.com\/blog\/vamos-reduzir-preco-dos-combustiveis-se-petroleo-cair-mais-diz-presidente-da-petrobras\/","og_site_name":"Ag\u00eancia iNFRA","article_publisher":"https:\/\/www.facebook.com\/ageninfra","article_published_time":"2025-05-26T17:59:08+00:00","article_modified_time":"2025-05-27T13:30:17+00:00","og_image":[{"width":1170,"height":700,"url":"https:\/\/agenciainfra.com\/blog\/wp-content\/uploads\/2025\/05\/magda-chambriard-foto-agencia-brasil.png","type":"image\/png"}],"author":"Ag\u00eancia iNFRA","twitter_card":"summary_large_image","twitter_creator":"@agencia_infra","twitter_site":"@agencia_infra","twitter_misc":{"Escrito por":"Ag\u00eancia iNFRA","Est. tempo de leitura":"4 minutos"},"schema":{"@context":"https:\/\/schema.org","@graph":[{"@type":"Article","@id":"https:\/\/agenciainfra.com\/blog\/vamos-reduzir-preco-dos-combustiveis-se-petroleo-cair-mais-diz-presidente-da-petrobras\/#article","isPartOf":{"@id":"https:\/\/agenciainfra.com\/blog\/vamos-reduzir-preco-dos-combustiveis-se-petroleo-cair-mais-diz-presidente-da-petrobras\/"},"author":{"name":"Ag\u00eancia iNFRA","@id":"https:\/\/agenciainfra.com\/blog\/#\/schema\/person\/34af08dff6adea4cb22b06612ba7acfa"},"headline":"&#8220;Vamos reduzir pre\u00e7o dos combust\u00edveis se petr\u00f3leo cair mais&#8221;, diz presidente da Petrobras","datePublished":"2025-05-26T17:59:08+00:00","dateModified":"2025-05-27T13:30:17+00:00","mainEntityOfPage":{"@id":"https:\/\/agenciainfra.com\/blog\/vamos-reduzir-preco-dos-combustiveis-se-petroleo-cair-mais-diz-presidente-da-petrobras\/"},"wordCount":766,"publisher":{"@id":"https:\/\/agenciainfra.com\/blog\/#organization"},"image":{"@id":"https:\/\/agenciainfra.com\/blog\/vamos-reduzir-preco-dos-combustiveis-se-petroleo-cair-mais-diz-presidente-da-petrobras\/#primaryimage"},"thumbnailUrl":"https:\/\/agenciainfra.com\/blog\/wp-content\/uploads\/2025\/05\/magda-chambriard-foto-agencia-brasil.png","keywords":["Abicom","BNDES","Braskem","combust\u00edveis","diesel","Gabriel Vasconcelos","gasolina","Magda Chambriard","Petrobras","pre\u00e7o dos combust\u00edveis"],"articleSection":["Destaque lista","Geral","\u00d3leo &amp; G\u00e1s"],"inLanguage":"pt-BR","copyrightYear":"2025","copyrightHolder":{"@id":"https:\/\/agenciainfra.com\/blog\/#organization"}},{"@type":"WebPage","@id":"https:\/\/agenciainfra.com\/blog\/vamos-reduzir-preco-dos-combustiveis-se-petroleo-cair-mais-diz-presidente-da-petrobras\/","url":"https:\/\/agenciainfra.com\/blog\/vamos-reduzir-preco-dos-combustiveis-se-petroleo-cair-mais-diz-presidente-da-petrobras\/","name":"\"Vamos reduzir pre\u00e7o dos combust\u00edveis se petr\u00f3leo cair mais\", diz presidente da Petrobras - Ag\u00eancia iNFRA","isPartOf":{"@id":"https:\/\/agenciainfra.com\/blog\/#website"},"primaryImageOfPage":{"@id":"https:\/\/agenciainfra.com\/blog\/vamos-reduzir-preco-dos-combustiveis-se-petroleo-cair-mais-diz-presidente-da-petrobras\/#primaryimage"},"image":{"@id":"https:\/\/agenciainfra.com\/blog\/vamos-reduzir-preco-dos-combustiveis-se-petroleo-cair-mais-diz-presidente-da-petrobras\/#primaryimage"},"thumbnailUrl":"https:\/\/agenciainfra.com\/blog\/wp-content\/uploads\/2025\/05\/magda-chambriard-foto-agencia-brasil.png","datePublished":"2025-05-26T17:59:08+00:00","dateModified":"2025-05-27T13:30:17+00:00","breadcrumb":{"@id":"https:\/\/agenciainfra.com\/blog\/vamos-reduzir-preco-dos-combustiveis-se-petroleo-cair-mais-diz-presidente-da-petrobras\/#breadcrumb"},"inLanguage":"pt-BR","potentialAction":[{"@type":"ReadAction","target":["https:\/\/agenciainfra.com\/blog\/vamos-reduzir-preco-dos-combustiveis-se-petroleo-cair-mais-diz-presidente-da-petrobras\/"]}]},{"@type":"ImageObject","inLanguage":"pt-BR","@id":"https:\/\/agenciainfra.com\/blog\/vamos-reduzir-preco-dos-combustiveis-se-petroleo-cair-mais-diz-presidente-da-petrobras\/#primaryimage","url":"https:\/\/agenciainfra.com\/blog\/wp-content\/uploads\/2025\/05\/magda-chambriard-foto-agencia-brasil.png","contentUrl":"https:\/\/agenciainfra.com\/blog\/wp-content\/uploads\/2025\/05\/magda-chambriard-foto-agencia-brasil.png","width":1170,"height":700,"caption":"Foto: Ag\u00eancia Brasil"},{"@type":"BreadcrumbList","@id":"https:\/\/agenciainfra.com\/blog\/vamos-reduzir-preco-dos-combustiveis-se-petroleo-cair-mais-diz-presidente-da-petrobras\/#breadcrumb","itemListElement":[{"@type":"ListItem","position":1,"name":"In\u00edcio","item":"https:\/\/agenciainfra.com\/blog\/"},{"@type":"ListItem","position":2,"name":"&#8220;Vamos reduzir pre\u00e7o dos combust\u00edveis se petr\u00f3leo cair mais&#8221;, diz presidente da Petrobras"}]},{"@type":"WebSite","@id":"https:\/\/agenciainfra.com\/blog\/#website","url":"https:\/\/agenciainfra.com\/blog\/","name":"Ag\u00eancia iNFRA","description":"Multiplataforma de informa\u00e7\u00e3o jornal\u00edstica refer\u00eancia na \u00e1rea de infraestrutura no Brasil!","publisher":{"@id":"https:\/\/agenciainfra.com\/blog\/#organization"},"potentialAction":[{"@type":"SearchAction","target":{"@type":"EntryPoint","urlTemplate":"https:\/\/agenciainfra.com\/blog\/?s={search_term_string}"},"query-input":{"@type":"PropertyValueSpecification","valueRequired":true,"valueName":"search_term_string"}}],"inLanguage":"pt-BR"},{"@type":"Organization","@id":"https:\/\/agenciainfra.com\/blog\/#organization","name":"Ag\u00eancia iNFRA","url":"https:\/\/agenciainfra.com\/blog\/","logo":{"@type":"ImageObject","inLanguage":"pt-BR","@id":"https:\/\/agenciainfra.com\/blog\/#\/schema\/logo\/image\/","url":"https:\/\/agenciainfra.com\/blog\/wp-content\/uploads\/2023\/09\/iNFRA_5-e1761735885940.png","contentUrl":"https:\/\/agenciainfra.com\/blog\/wp-content\/uploads\/2023\/09\/iNFRA_5-e1761735885940.png","width":1672,"height":454,"caption":"Ag\u00eancia iNFRA"},"image":{"@id":"https:\/\/agenciainfra.com\/blog\/#\/schema\/logo\/image\/"},"sameAs":["https:\/\/www.facebook.com\/ageninfra","https:\/\/x.com\/agencia_infra","https:\/\/www.linkedin.com\/company\/ag\u00eanciainfra\/","https:\/\/www.instagram.com\/agenciainfra\/"]},{"@type":"Person","@id":"https:\/\/agenciainfra.com\/blog\/#\/schema\/person\/34af08dff6adea4cb22b06612ba7acfa","name":"Ag\u00eancia iNFRA","image":{"@type":"ImageObject","inLanguage":"pt-BR","@id":"https:\/\/agenciainfra.com\/blog\/#\/schema\/person\/image\/","url":"https:\/\/secure.gravatar.com\/avatar\/d189e01678f06d8eb84d4e01f08eb848b3fffe3f8443818d3c356c66892f5be8?s=96&d=mm&r=g","contentUrl":"https:\/\/secure.gravatar.com\/avatar\/d189e01678f06d8eb84d4e01f08eb848b3fffe3f8443818d3c356c66892f5be8?s=96&d=mm&r=g","caption":"Ag\u00eancia iNFRA"},"url":"https:\/\/agenciainfra.com\/blog\/author\/admin\/"}]}},"_links":{"self":[{"href":"https:\/\/agenciainfra.com\/blog\/wp-json\/wp\/v2\/posts\/22102","targetHints":{"allow":["GET"]}}],"collection":[{"href":"https:\/\/agenciainfra.com\/blog\/wp-json\/wp\/v2\/posts"}],"about":[{"href":"https:\/\/agenciainfra.com\/blog\/wp-json\/wp\/v2\/types\/post"}],"author":[{"embeddable":true,"href":"https:\/\/agenciainfra.com\/blog\/wp-json\/wp\/v2\/users\/1"}],"replies":[{"embeddable":true,"href":"https:\/\/agenciainfra.com\/blog\/wp-json\/wp\/v2\/comments?post=22102"}],"version-history":[{"count":2,"href":"https:\/\/agenciainfra.com\/blog\/wp-json\/wp\/v2\/posts\/22102\/revisions"}],"predecessor-version":[{"id":22104,"href":"https:\/\/agenciainfra.com\/blog\/wp-json\/wp\/v2\/posts\/22102\/revisions\/22104"}],"wp:featuredmedia":[{"embeddable":true,"href":"https:\/\/agenciainfra.com\/blog\/wp-json\/wp\/v2\/media\/21625"}],"wp:attachment":[{"href":"https:\/\/agenciainfra.com\/blog\/wp-json\/wp\/v2\/media?parent=22102"}],"wp:term":[{"taxonomy":"category","embeddable":true,"href":"https:\/\/agenciainfra.com\/blog\/wp-json\/wp\/v2\/categories?post=22102"},{"taxonomy":"post_tag","embeddable":true,"href":"https:\/\/agenciainfra.com\/blog\/wp-json\/wp\/v2\/tags?post=22102"}],"curies":[{"name":"wp","href":"https:\/\/api.w.org\/{rel}","templated":true}]}}