{"id":22184,"date":"2025-05-28T11:32:07","date_gmt":"2025-05-28T14:32:07","guid":{"rendered":"https:\/\/agenciainfra.com\/blog\/?p=22184"},"modified":"2025-05-29T09:57:37","modified_gmt":"2025-05-29T12:57:37","slug":"mme-oficia-cade-sobre-praticas-anticoncorrenciais-no-setor-de-combustiveis-e-cita-refinaria-da-amazonia","status":"publish","type":"post","link":"https:\/\/agenciainfra.com\/blog\/mme-oficia-cade-sobre-praticas-anticoncorrenciais-no-setor-de-combustiveis-e-cita-refinaria-da-amazonia\/","title":{"rendered":"MME oficia Cade sobre pr\u00e1ticas anticoncorrenciais no setor de combust\u00edveis e cita Refinaria da Amaz\u00f4nia"},"content":{"rendered":"\n<p class=\"has-text-align-right\"><strong>Gabriel Vasconcelos, da Ag\u00eancia iNFRA<\/strong><\/p>\n\n\n\n<p>O MME (Minist\u00e9rio de Minas e Energia) enviou of\u00edcios esta semana para o Cade (Conselho Administrativo de Defesa Econ\u00f4mica) pedindo provid\u00eancias contra &#8220;pr\u00e1ticas anticoncorrenciais&#8221; nos mercados de distribui\u00e7\u00e3o e revenda de diesel, gasolina e GLP (g\u00e1s de cozinha). O of\u00edcio \u00e9 acompanhado de nota informativa sobre varia\u00e7\u00e3o de pre\u00e7os nos \u00faltimos seis anos. O governo aponta h\u00e1 meses que as etapas finais da cadeia n\u00e3o t\u00eam repassado redu\u00e7\u00f5es nos pre\u00e7os dos combust\u00edveis aos consumidores. Em agosto de 2024, o MME j\u00e1 havia provocado o Cade e a ANP (Ag\u00eancia Nacional do Petr\u00f3leo, G\u00e1s Natural e Biocombust\u00edveis) pelo mesmo motivo.<\/p>\n\n\n\n<p>Assinado pelo ministro de Minas e Energia, Alexandre Silveira, na \u00faltima segunda-feira (26), o <a href=\"https:\/\/mcusercontent.com\/d460dd1bcf9ba0ae040e1fc0f\/files\/f4ed10ba-d7d0-7c26-d55a-183a7d0f60e4\/SEI_1060517_Oficio_244_Combustiveis.pdf\">documento<\/a> tamb\u00e9m cita expressamente a Refinaria da Amaz\u00f4nia, antiga Reman do sistema Petrobras, vendida ao grupo Atem no fim de 2022. O MME alega que a unidade tem praticado pre\u00e7os significativamente superiores n\u00e3o apenas ao das demais fornecedoras, mas tamb\u00e9m ao PPI (pre\u00e7o de paridade de importa\u00e7\u00e3o). Al\u00e9m disso, destaca o contexto de interrup\u00e7\u00e3o nas opera\u00e7\u00f5es da refinaria, que estaria operando &#8220;apenas como terminal&#8221; desde o primeiro semestre de 2024.<\/p>\n\n\n\n<p>H\u00e1 of\u00edcio separado s\u00f3 para tratar do <a href=\"https:\/\/mcusercontent.com\/d460dd1bcf9ba0ae040e1fc0f\/files\/1d8641cd-6163-2a56-7e12-a18431a8c5e5\/SEI_1060560_Oficio_248_GLP.pdf\">GLP<\/a>, neg\u00f3cio em que a margem das distribuidoras teria aumentado 64% entre 2019 e 2025, bem acima da infla\u00e7\u00e3o (35%). Neste caso, as margens praticadas, diz o MME, seriam 30% superiores \u00e0 m\u00e9dia internacional.<\/p>\n\n\n\n<p><\/p>\n","protected":false},"excerpt":{"rendered":"<p>Gabriel Vasconcelos, da Ag\u00eancia iNFRA O MME (Minist\u00e9rio de Minas e Energia) enviou of\u00edcios esta semana para o Cade (Conselho Administrativo de Defesa Econ\u00f4mica) pedindo provid\u00eancias contra &#8220;pr\u00e1ticas anticoncorrenciais&#8221; nos mercados de distribui\u00e7\u00e3o e revenda de diesel, gasolina e GLP (g\u00e1s de cozinha). O of\u00edcio \u00e9 acompanhado de nota informativa sobre varia\u00e7\u00e3o de pre\u00e7os nos [&hellip;]<\/p>\n","protected":false},"author":1,"featured_media":22187,"comment_status":"closed","ping_status":"closed","sticky":false,"template":"","format":"standard","meta":{"_monsterinsights_skip_tracking":false,"_monsterinsights_sitenote_active":false,"_monsterinsights_sitenote_note":"","_monsterinsights_sitenote_category":0,"footnotes":""},"categories":[7250,1,13271],"tags":[1101,371,13251,3365,2032,12541,71,3191,143,36,12297,5163,11271,9700,13534],"class_list":["post-22184","post","type-post","status-publish","format-standard","has-post-thumbnail","hentry","category-destaque-lista","category-geral","category-oleo-gas","tag-anp","tag-cade","tag-gabriel-vasconcelos","tag-gasolina","tag-glp","tag-ministro-alexandre-silveira","tag-mme","tag-oleo-e-gas","tag-petrobras","tag-ppi","tag-preco-de-paridade-de-importacao","tag-preco-dos-combustiveis","tag-refinaria-da-amazonia","tag-reman","tag-revenda-de-combustiveis"],"yoast_head":"<!-- This site is optimized with the Yoast SEO Premium plugin v25.4 (Yoast SEO v26.0) - https:\/\/yoast.com\/wordpress\/plugins\/seo\/ -->\n<title>MME oficia Cade sobre pr\u00e1ticas anticoncorrenciais no setor de combust\u00edveis e cita Refinaria da Amaz\u00f4nia - Ag\u00eancia iNFRA<\/title>\n<meta name=\"robots\" content=\"index, follow, max-snippet:-1, max-image-preview:large, max-video-preview:-1\" \/>\n<link rel=\"canonical\" href=\"https:\/\/agenciainfra.com\/blog\/mme-oficia-cade-sobre-praticas-anticoncorrenciais-no-setor-de-combustiveis-e-cita-refinaria-da-amazonia\/\" \/>\n<meta property=\"og:locale\" content=\"pt_BR\" \/>\n<meta property=\"og:type\" content=\"article\" \/>\n<meta property=\"og:title\" content=\"MME oficia Cade sobre pr\u00e1ticas anticoncorrenciais no setor de combust\u00edveis e cita Refinaria da Amaz\u00f4nia\" \/>\n<meta property=\"og:description\" content=\"Gabriel Vasconcelos, da Ag\u00eancia iNFRA O MME (Minist\u00e9rio de Minas e Energia) enviou of\u00edcios esta semana para o Cade (Conselho Administrativo de Defesa Econ\u00f4mica) pedindo provid\u00eancias contra &#8220;pr\u00e1ticas anticoncorrenciais&#8221; nos mercados de distribui\u00e7\u00e3o e revenda de diesel, gasolina e GLP (g\u00e1s de cozinha). O of\u00edcio \u00e9 acompanhado de nota informativa sobre varia\u00e7\u00e3o de pre\u00e7os nos [&hellip;]\" \/>\n<meta property=\"og:url\" content=\"https:\/\/agenciainfra.com\/blog\/mme-oficia-cade-sobre-praticas-anticoncorrenciais-no-setor-de-combustiveis-e-cita-refinaria-da-amazonia\/\" \/>\n<meta property=\"og:site_name\" content=\"Ag\u00eancia iNFRA\" \/>\n<meta property=\"article:publisher\" content=\"https:\/\/www.facebook.com\/ageninfra\" \/>\n<meta property=\"article:published_time\" content=\"2025-05-28T14:32:07+00:00\" \/>\n<meta property=\"article:modified_time\" content=\"2025-05-29T12:57:37+00:00\" \/>\n<meta property=\"og:image\" content=\"https:\/\/agenciainfra.com\/blog\/wp-content\/uploads\/2025\/05\/Refinaria-Isaac-Sabba-Reman-Foto-Juarez-Cavalcanti_Agencia-Petrobras-1-e1748443127666.jpg\" \/>\n\t<meta property=\"og:image:width\" content=\"1280\" \/>\n\t<meta property=\"og:image:height\" content=\"721\" \/>\n\t<meta property=\"og:image:type\" content=\"image\/jpeg\" \/>\n<meta name=\"author\" content=\"Ag\u00eancia iNFRA\" \/>\n<meta name=\"twitter:card\" content=\"summary_large_image\" \/>\n<meta name=\"twitter:creator\" content=\"@agencia_infra\" \/>\n<meta name=\"twitter:site\" content=\"@agencia_infra\" \/>\n<meta name=\"twitter:label1\" content=\"Escrito por\" \/>\n\t<meta name=\"twitter:data1\" content=\"Ag\u00eancia iNFRA\" \/>\n\t<meta name=\"twitter:label2\" content=\"Est. tempo de leitura\" \/>\n\t<meta name=\"twitter:data2\" content=\"1 minuto\" \/>\n<script type=\"application\/ld+json\" class=\"yoast-schema-graph\">{\"@context\":\"https:\/\/schema.org\",\"@graph\":[{\"@type\":\"Article\",\"@id\":\"https:\/\/agenciainfra.com\/blog\/mme-oficia-cade-sobre-praticas-anticoncorrenciais-no-setor-de-combustiveis-e-cita-refinaria-da-amazonia\/#article\",\"isPartOf\":{\"@id\":\"https:\/\/agenciainfra.com\/blog\/mme-oficia-cade-sobre-praticas-anticoncorrenciais-no-setor-de-combustiveis-e-cita-refinaria-da-amazonia\/\"},\"author\":{\"name\":\"Ag\u00eancia iNFRA\",\"@id\":\"https:\/\/agenciainfra.com\/blog\/#\/schema\/person\/34af08dff6adea4cb22b06612ba7acfa\"},\"headline\":\"MME oficia Cade sobre pr\u00e1ticas anticoncorrenciais no setor de combust\u00edveis e cita Refinaria da Amaz\u00f4nia\",\"datePublished\":\"2025-05-28T14:32:07+00:00\",\"dateModified\":\"2025-05-29T12:57:37+00:00\",\"mainEntityOfPage\":{\"@id\":\"https:\/\/agenciainfra.com\/blog\/mme-oficia-cade-sobre-praticas-anticoncorrenciais-no-setor-de-combustiveis-e-cita-refinaria-da-amazonia\/\"},\"wordCount\":270,\"publisher\":{\"@id\":\"https:\/\/agenciainfra.com\/blog\/#organization\"},\"image\":{\"@id\":\"https:\/\/agenciainfra.com\/blog\/mme-oficia-cade-sobre-praticas-anticoncorrenciais-no-setor-de-combustiveis-e-cita-refinaria-da-amazonia\/#primaryimage\"},\"thumbnailUrl\":\"https:\/\/agenciainfra.com\/blog\/wp-content\/uploads\/2025\/05\/Refinaria-Isaac-Sabba-Reman-Foto-Juarez-Cavalcanti_Agencia-Petrobras-1-e1748443127666.jpg\",\"keywords\":[\"ANP\",\"Cade\",\"Gabriel Vasconcelos\",\"gasolina\",\"GLP\",\"Ministro Alexandre Silveira\",\"MME\",\"\u00f3leo e g\u00e1s\",\"Petrobras\",\"PPI\",\"pre\u00e7o de paridade de importa\u00e7\u00e3o\",\"pre\u00e7o dos combust\u00edveis\",\"Refinaria da Amaz\u00f4nia\",\"Reman\",\"revenda de combust\u00edveis\"],\"articleSection\":[\"Destaque lista\",\"Geral\",\"\u00d3leo &amp; G\u00e1s\"],\"inLanguage\":\"pt-BR\",\"copyrightYear\":\"2025\",\"copyrightHolder\":{\"@id\":\"https:\/\/agenciainfra.com\/blog\/#organization\"}},{\"@type\":\"WebPage\",\"@id\":\"https:\/\/agenciainfra.com\/blog\/mme-oficia-cade-sobre-praticas-anticoncorrenciais-no-setor-de-combustiveis-e-cita-refinaria-da-amazonia\/\",\"url\":\"https:\/\/agenciainfra.com\/blog\/mme-oficia-cade-sobre-praticas-anticoncorrenciais-no-setor-de-combustiveis-e-cita-refinaria-da-amazonia\/\",\"name\":\"MME oficia Cade sobre pr\u00e1ticas anticoncorrenciais no setor de combust\u00edveis e cita Refinaria da Amaz\u00f4nia - Ag\u00eancia iNFRA\",\"isPartOf\":{\"@id\":\"https:\/\/agenciainfra.com\/blog\/#website\"},\"primaryImageOfPage\":{\"@id\":\"https:\/\/agenciainfra.com\/blog\/mme-oficia-cade-sobre-praticas-anticoncorrenciais-no-setor-de-combustiveis-e-cita-refinaria-da-amazonia\/#primaryimage\"},\"image\":{\"@id\":\"https:\/\/agenciainfra.com\/blog\/mme-oficia-cade-sobre-praticas-anticoncorrenciais-no-setor-de-combustiveis-e-cita-refinaria-da-amazonia\/#primaryimage\"},\"thumbnailUrl\":\"https:\/\/agenciainfra.com\/blog\/wp-content\/uploads\/2025\/05\/Refinaria-Isaac-Sabba-Reman-Foto-Juarez-Cavalcanti_Agencia-Petrobras-1-e1748443127666.jpg\",\"datePublished\":\"2025-05-28T14:32:07+00:00\",\"dateModified\":\"2025-05-29T12:57:37+00:00\",\"breadcrumb\":{\"@id\":\"https:\/\/agenciainfra.com\/blog\/mme-oficia-cade-sobre-praticas-anticoncorrenciais-no-setor-de-combustiveis-e-cita-refinaria-da-amazonia\/#breadcrumb\"},\"inLanguage\":\"pt-BR\",\"potentialAction\":[{\"@type\":\"ReadAction\",\"target\":[\"https:\/\/agenciainfra.com\/blog\/mme-oficia-cade-sobre-praticas-anticoncorrenciais-no-setor-de-combustiveis-e-cita-refinaria-da-amazonia\/\"]}]},{\"@type\":\"ImageObject\",\"inLanguage\":\"pt-BR\",\"@id\":\"https:\/\/agenciainfra.com\/blog\/mme-oficia-cade-sobre-praticas-anticoncorrenciais-no-setor-de-combustiveis-e-cita-refinaria-da-amazonia\/#primaryimage\",\"url\":\"https:\/\/agenciainfra.com\/blog\/wp-content\/uploads\/2025\/05\/Refinaria-Isaac-Sabba-Reman-Foto-Juarez-Cavalcanti_Agencia-Petrobras-1-e1748443127666.jpg\",\"contentUrl\":\"https:\/\/agenciainfra.com\/blog\/wp-content\/uploads\/2025\/05\/Refinaria-Isaac-Sabba-Reman-Foto-Juarez-Cavalcanti_Agencia-Petrobras-1-e1748443127666.jpg\",\"width\":1280,\"height\":721,\"caption\":\"Foto: Juarez Cavalcanti\/Ag\u00eancia Petrobras\"},{\"@type\":\"BreadcrumbList\",\"@id\":\"https:\/\/agenciainfra.com\/blog\/mme-oficia-cade-sobre-praticas-anticoncorrenciais-no-setor-de-combustiveis-e-cita-refinaria-da-amazonia\/#breadcrumb\",\"itemListElement\":[{\"@type\":\"ListItem\",\"position\":1,\"name\":\"In\u00edcio\",\"item\":\"https:\/\/agenciainfra.com\/blog\/\"},{\"@type\":\"ListItem\",\"position\":2,\"name\":\"MME oficia Cade sobre pr\u00e1ticas anticoncorrenciais no setor de combust\u00edveis e cita Refinaria da Amaz\u00f4nia\"}]},{\"@type\":\"WebSite\",\"@id\":\"https:\/\/agenciainfra.com\/blog\/#website\",\"url\":\"https:\/\/agenciainfra.com\/blog\/\",\"name\":\"Ag\u00eancia iNFRA\",\"description\":\"Multiplataforma de informa\u00e7\u00e3o jornal\u00edstica refer\u00eancia na \u00e1rea de infraestrutura no Brasil!\",\"publisher\":{\"@id\":\"https:\/\/agenciainfra.com\/blog\/#organization\"},\"potentialAction\":[{\"@type\":\"SearchAction\",\"target\":{\"@type\":\"EntryPoint\",\"urlTemplate\":\"https:\/\/agenciainfra.com\/blog\/?s={search_term_string}\"},\"query-input\":{\"@type\":\"PropertyValueSpecification\",\"valueRequired\":true,\"valueName\":\"search_term_string\"}}],\"inLanguage\":\"pt-BR\"},{\"@type\":\"Organization\",\"@id\":\"https:\/\/agenciainfra.com\/blog\/#organization\",\"name\":\"Ag\u00eancia iNFRA\",\"url\":\"https:\/\/agenciainfra.com\/blog\/\",\"logo\":{\"@type\":\"ImageObject\",\"inLanguage\":\"pt-BR\",\"@id\":\"https:\/\/agenciainfra.com\/blog\/#\/schema\/logo\/image\/\",\"url\":\"https:\/\/agenciainfra.com\/blog\/wp-content\/uploads\/2023\/09\/iNFRA_5-e1761735885940.png\",\"contentUrl\":\"https:\/\/agenciainfra.com\/blog\/wp-content\/uploads\/2023\/09\/iNFRA_5-e1761735885940.png\",\"width\":1672,\"height\":454,\"caption\":\"Ag\u00eancia iNFRA\"},\"image\":{\"@id\":\"https:\/\/agenciainfra.com\/blog\/#\/schema\/logo\/image\/\"},\"sameAs\":[\"https:\/\/www.facebook.com\/ageninfra\",\"https:\/\/x.com\/agencia_infra\",\"https:\/\/www.linkedin.com\/company\/ag\u00eanciainfra\/\",\"https:\/\/www.instagram.com\/agenciainfra\/\"]},{\"@type\":\"Person\",\"@id\":\"https:\/\/agenciainfra.com\/blog\/#\/schema\/person\/34af08dff6adea4cb22b06612ba7acfa\",\"name\":\"Ag\u00eancia iNFRA\",\"image\":{\"@type\":\"ImageObject\",\"inLanguage\":\"pt-BR\",\"@id\":\"https:\/\/agenciainfra.com\/blog\/#\/schema\/person\/image\/\",\"url\":\"https:\/\/secure.gravatar.com\/avatar\/d189e01678f06d8eb84d4e01f08eb848b3fffe3f8443818d3c356c66892f5be8?s=96&d=mm&r=g\",\"contentUrl\":\"https:\/\/secure.gravatar.com\/avatar\/d189e01678f06d8eb84d4e01f08eb848b3fffe3f8443818d3c356c66892f5be8?s=96&d=mm&r=g\",\"caption\":\"Ag\u00eancia iNFRA\"},\"url\":\"https:\/\/agenciainfra.com\/blog\/author\/admin\/\"}]}<\/script>\n<!-- \/ Yoast SEO Premium plugin. -->","yoast_head_json":{"title":"MME oficia Cade sobre pr\u00e1ticas anticoncorrenciais no setor de combust\u00edveis e cita Refinaria da Amaz\u00f4nia - Ag\u00eancia iNFRA","robots":{"index":"index","follow":"follow","max-snippet":"max-snippet:-1","max-image-preview":"max-image-preview:large","max-video-preview":"max-video-preview:-1"},"canonical":"https:\/\/agenciainfra.com\/blog\/mme-oficia-cade-sobre-praticas-anticoncorrenciais-no-setor-de-combustiveis-e-cita-refinaria-da-amazonia\/","og_locale":"pt_BR","og_type":"article","og_title":"MME oficia Cade sobre pr\u00e1ticas anticoncorrenciais no setor de combust\u00edveis e cita Refinaria da Amaz\u00f4nia","og_description":"Gabriel Vasconcelos, da Ag\u00eancia iNFRA O MME (Minist\u00e9rio de Minas e Energia) enviou of\u00edcios esta semana para o Cade (Conselho Administrativo de Defesa Econ\u00f4mica) pedindo provid\u00eancias contra &#8220;pr\u00e1ticas anticoncorrenciais&#8221; nos mercados de distribui\u00e7\u00e3o e revenda de diesel, gasolina e GLP (g\u00e1s de cozinha). O of\u00edcio \u00e9 acompanhado de nota informativa sobre varia\u00e7\u00e3o de pre\u00e7os nos [&hellip;]","og_url":"https:\/\/agenciainfra.com\/blog\/mme-oficia-cade-sobre-praticas-anticoncorrenciais-no-setor-de-combustiveis-e-cita-refinaria-da-amazonia\/","og_site_name":"Ag\u00eancia iNFRA","article_publisher":"https:\/\/www.facebook.com\/ageninfra","article_published_time":"2025-05-28T14:32:07+00:00","article_modified_time":"2025-05-29T12:57:37+00:00","og_image":[{"width":1280,"height":721,"url":"https:\/\/agenciainfra.com\/blog\/wp-content\/uploads\/2025\/05\/Refinaria-Isaac-Sabba-Reman-Foto-Juarez-Cavalcanti_Agencia-Petrobras-1-e1748443127666.jpg","type":"image\/jpeg"}],"author":"Ag\u00eancia iNFRA","twitter_card":"summary_large_image","twitter_creator":"@agencia_infra","twitter_site":"@agencia_infra","twitter_misc":{"Escrito por":"Ag\u00eancia iNFRA","Est. tempo de leitura":"1 minuto"},"schema":{"@context":"https:\/\/schema.org","@graph":[{"@type":"Article","@id":"https:\/\/agenciainfra.com\/blog\/mme-oficia-cade-sobre-praticas-anticoncorrenciais-no-setor-de-combustiveis-e-cita-refinaria-da-amazonia\/#article","isPartOf":{"@id":"https:\/\/agenciainfra.com\/blog\/mme-oficia-cade-sobre-praticas-anticoncorrenciais-no-setor-de-combustiveis-e-cita-refinaria-da-amazonia\/"},"author":{"name":"Ag\u00eancia iNFRA","@id":"https:\/\/agenciainfra.com\/blog\/#\/schema\/person\/34af08dff6adea4cb22b06612ba7acfa"},"headline":"MME oficia Cade sobre pr\u00e1ticas anticoncorrenciais no setor de combust\u00edveis e cita Refinaria da Amaz\u00f4nia","datePublished":"2025-05-28T14:32:07+00:00","dateModified":"2025-05-29T12:57:37+00:00","mainEntityOfPage":{"@id":"https:\/\/agenciainfra.com\/blog\/mme-oficia-cade-sobre-praticas-anticoncorrenciais-no-setor-de-combustiveis-e-cita-refinaria-da-amazonia\/"},"wordCount":270,"publisher":{"@id":"https:\/\/agenciainfra.com\/blog\/#organization"},"image":{"@id":"https:\/\/agenciainfra.com\/blog\/mme-oficia-cade-sobre-praticas-anticoncorrenciais-no-setor-de-combustiveis-e-cita-refinaria-da-amazonia\/#primaryimage"},"thumbnailUrl":"https:\/\/agenciainfra.com\/blog\/wp-content\/uploads\/2025\/05\/Refinaria-Isaac-Sabba-Reman-Foto-Juarez-Cavalcanti_Agencia-Petrobras-1-e1748443127666.jpg","keywords":["ANP","Cade","Gabriel Vasconcelos","gasolina","GLP","Ministro Alexandre Silveira","MME","\u00f3leo e g\u00e1s","Petrobras","PPI","pre\u00e7o de paridade de importa\u00e7\u00e3o","pre\u00e7o dos combust\u00edveis","Refinaria da Amaz\u00f4nia","Reman","revenda de combust\u00edveis"],"articleSection":["Destaque lista","Geral","\u00d3leo &amp; G\u00e1s"],"inLanguage":"pt-BR","copyrightYear":"2025","copyrightHolder":{"@id":"https:\/\/agenciainfra.com\/blog\/#organization"}},{"@type":"WebPage","@id":"https:\/\/agenciainfra.com\/blog\/mme-oficia-cade-sobre-praticas-anticoncorrenciais-no-setor-de-combustiveis-e-cita-refinaria-da-amazonia\/","url":"https:\/\/agenciainfra.com\/blog\/mme-oficia-cade-sobre-praticas-anticoncorrenciais-no-setor-de-combustiveis-e-cita-refinaria-da-amazonia\/","name":"MME oficia Cade sobre pr\u00e1ticas anticoncorrenciais no setor de combust\u00edveis e cita Refinaria da Amaz\u00f4nia - Ag\u00eancia iNFRA","isPartOf":{"@id":"https:\/\/agenciainfra.com\/blog\/#website"},"primaryImageOfPage":{"@id":"https:\/\/agenciainfra.com\/blog\/mme-oficia-cade-sobre-praticas-anticoncorrenciais-no-setor-de-combustiveis-e-cita-refinaria-da-amazonia\/#primaryimage"},"image":{"@id":"https:\/\/agenciainfra.com\/blog\/mme-oficia-cade-sobre-praticas-anticoncorrenciais-no-setor-de-combustiveis-e-cita-refinaria-da-amazonia\/#primaryimage"},"thumbnailUrl":"https:\/\/agenciainfra.com\/blog\/wp-content\/uploads\/2025\/05\/Refinaria-Isaac-Sabba-Reman-Foto-Juarez-Cavalcanti_Agencia-Petrobras-1-e1748443127666.jpg","datePublished":"2025-05-28T14:32:07+00:00","dateModified":"2025-05-29T12:57:37+00:00","breadcrumb":{"@id":"https:\/\/agenciainfra.com\/blog\/mme-oficia-cade-sobre-praticas-anticoncorrenciais-no-setor-de-combustiveis-e-cita-refinaria-da-amazonia\/#breadcrumb"},"inLanguage":"pt-BR","potentialAction":[{"@type":"ReadAction","target":["https:\/\/agenciainfra.com\/blog\/mme-oficia-cade-sobre-praticas-anticoncorrenciais-no-setor-de-combustiveis-e-cita-refinaria-da-amazonia\/"]}]},{"@type":"ImageObject","inLanguage":"pt-BR","@id":"https:\/\/agenciainfra.com\/blog\/mme-oficia-cade-sobre-praticas-anticoncorrenciais-no-setor-de-combustiveis-e-cita-refinaria-da-amazonia\/#primaryimage","url":"https:\/\/agenciainfra.com\/blog\/wp-content\/uploads\/2025\/05\/Refinaria-Isaac-Sabba-Reman-Foto-Juarez-Cavalcanti_Agencia-Petrobras-1-e1748443127666.jpg","contentUrl":"https:\/\/agenciainfra.com\/blog\/wp-content\/uploads\/2025\/05\/Refinaria-Isaac-Sabba-Reman-Foto-Juarez-Cavalcanti_Agencia-Petrobras-1-e1748443127666.jpg","width":1280,"height":721,"caption":"Foto: Juarez Cavalcanti\/Ag\u00eancia Petrobras"},{"@type":"BreadcrumbList","@id":"https:\/\/agenciainfra.com\/blog\/mme-oficia-cade-sobre-praticas-anticoncorrenciais-no-setor-de-combustiveis-e-cita-refinaria-da-amazonia\/#breadcrumb","itemListElement":[{"@type":"ListItem","position":1,"name":"In\u00edcio","item":"https:\/\/agenciainfra.com\/blog\/"},{"@type":"ListItem","position":2,"name":"MME oficia Cade sobre pr\u00e1ticas anticoncorrenciais no setor de combust\u00edveis e cita Refinaria da Amaz\u00f4nia"}]},{"@type":"WebSite","@id":"https:\/\/agenciainfra.com\/blog\/#website","url":"https:\/\/agenciainfra.com\/blog\/","name":"Ag\u00eancia iNFRA","description":"Multiplataforma de informa\u00e7\u00e3o jornal\u00edstica refer\u00eancia na \u00e1rea de infraestrutura no Brasil!","publisher":{"@id":"https:\/\/agenciainfra.com\/blog\/#organization"},"potentialAction":[{"@type":"SearchAction","target":{"@type":"EntryPoint","urlTemplate":"https:\/\/agenciainfra.com\/blog\/?s={search_term_string}"},"query-input":{"@type":"PropertyValueSpecification","valueRequired":true,"valueName":"search_term_string"}}],"inLanguage":"pt-BR"},{"@type":"Organization","@id":"https:\/\/agenciainfra.com\/blog\/#organization","name":"Ag\u00eancia iNFRA","url":"https:\/\/agenciainfra.com\/blog\/","logo":{"@type":"ImageObject","inLanguage":"pt-BR","@id":"https:\/\/agenciainfra.com\/blog\/#\/schema\/logo\/image\/","url":"https:\/\/agenciainfra.com\/blog\/wp-content\/uploads\/2023\/09\/iNFRA_5-e1761735885940.png","contentUrl":"https:\/\/agenciainfra.com\/blog\/wp-content\/uploads\/2023\/09\/iNFRA_5-e1761735885940.png","width":1672,"height":454,"caption":"Ag\u00eancia iNFRA"},"image":{"@id":"https:\/\/agenciainfra.com\/blog\/#\/schema\/logo\/image\/"},"sameAs":["https:\/\/www.facebook.com\/ageninfra","https:\/\/x.com\/agencia_infra","https:\/\/www.linkedin.com\/company\/ag\u00eanciainfra\/","https:\/\/www.instagram.com\/agenciainfra\/"]},{"@type":"Person","@id":"https:\/\/agenciainfra.com\/blog\/#\/schema\/person\/34af08dff6adea4cb22b06612ba7acfa","name":"Ag\u00eancia iNFRA","image":{"@type":"ImageObject","inLanguage":"pt-BR","@id":"https:\/\/agenciainfra.com\/blog\/#\/schema\/person\/image\/","url":"https:\/\/secure.gravatar.com\/avatar\/d189e01678f06d8eb84d4e01f08eb848b3fffe3f8443818d3c356c66892f5be8?s=96&d=mm&r=g","contentUrl":"https:\/\/secure.gravatar.com\/avatar\/d189e01678f06d8eb84d4e01f08eb848b3fffe3f8443818d3c356c66892f5be8?s=96&d=mm&r=g","caption":"Ag\u00eancia iNFRA"},"url":"https:\/\/agenciainfra.com\/blog\/author\/admin\/"}]}},"_links":{"self":[{"href":"https:\/\/agenciainfra.com\/blog\/wp-json\/wp\/v2\/posts\/22184","targetHints":{"allow":["GET"]}}],"collection":[{"href":"https:\/\/agenciainfra.com\/blog\/wp-json\/wp\/v2\/posts"}],"about":[{"href":"https:\/\/agenciainfra.com\/blog\/wp-json\/wp\/v2\/types\/post"}],"author":[{"embeddable":true,"href":"https:\/\/agenciainfra.com\/blog\/wp-json\/wp\/v2\/users\/1"}],"replies":[{"embeddable":true,"href":"https:\/\/agenciainfra.com\/blog\/wp-json\/wp\/v2\/comments?post=22184"}],"version-history":[{"count":1,"href":"https:\/\/agenciainfra.com\/blog\/wp-json\/wp\/v2\/posts\/22184\/revisions"}],"predecessor-version":[{"id":22185,"href":"https:\/\/agenciainfra.com\/blog\/wp-json\/wp\/v2\/posts\/22184\/revisions\/22185"}],"wp:featuredmedia":[{"embeddable":true,"href":"https:\/\/agenciainfra.com\/blog\/wp-json\/wp\/v2\/media\/22187"}],"wp:attachment":[{"href":"https:\/\/agenciainfra.com\/blog\/wp-json\/wp\/v2\/media?parent=22184"}],"wp:term":[{"taxonomy":"category","embeddable":true,"href":"https:\/\/agenciainfra.com\/blog\/wp-json\/wp\/v2\/categories?post=22184"},{"taxonomy":"post_tag","embeddable":true,"href":"https:\/\/agenciainfra.com\/blog\/wp-json\/wp\/v2\/tags?post=22184"}],"curies":[{"name":"wp","href":"https:\/\/api.w.org\/{rel}","templated":true}]}}