{"id":22233,"date":"2025-05-29T11:00:00","date_gmt":"2025-05-29T14:00:00","guid":{"rendered":"https:\/\/agenciainfra.com\/blog\/?p=22233"},"modified":"2025-05-30T18:23:36","modified_gmt":"2025-05-30T21:23:36","slug":"tbg-esta-pronta-para-gas-argentino-mas-oferta-firme-so-deve-acontecer-apos-2029-diz-ceo","status":"publish","type":"post","link":"https:\/\/agenciainfra.com\/blog\/tbg-esta-pronta-para-gas-argentino-mas-oferta-firme-so-deve-acontecer-apos-2029-diz-ceo\/","title":{"rendered":"TBG est\u00e1 pronta para g\u00e1s argentino, mas oferta firme s\u00f3 deve acontecer ap\u00f3s 2029, diz CEO"},"content":{"rendered":"\n<p class=\"has-text-align-right\"><strong>Gabriel Vasconcelos, da Ag\u00eancia iNFRA<\/strong><\/p>\n\n\n\n<p>A CEO da TBG, Ang\u00e9lica Laureano, estima\u00a0que o Brasil s\u00f3 deve contar com fornecimento firme de g\u00e1s da Argentina ap\u00f3s 2029. A executiva disse \u00e0\u00a0<strong>Ag\u00eancia iNFRA<\/strong>\u00a0que a transportadora de g\u00e1s est\u00e1 pronta para receber mais produto argentino em sua malha, mas os envios devem se limitar a um car\u00e1ter interrupt\u00edvel nos pr\u00f3ximos anos, principalmente na primavera e no outono, quando &#8220;sobra&#8221; mol\u00e9cula no pa\u00eds vizinho. A TBG controla os quase 2,6 mil quil\u00f4metros da parte brasileira do Gasbol (Gasoduto Bol\u00edvia-Brasil), porta de entrada do g\u00e1s de Vaca Muerta no Brasil. Envios pontuais come\u00e7aram em abril.<br><br>&#8220;Espa\u00e7o eu tenho, o que falta \u00e9 pre\u00e7o competitivo e mais infraestrutura na Argentina&#8221;, diz Laureano. Dos 30 milh\u00f5es de m\u00b3\/dia de capacidade de transporte da TBG, hoje est\u00e3o em uso 18 milh\u00f5es de m\u00b3\/dia, sendo que apenas 12 milh\u00f5es de m\u00b3\/dia ingressam pela Bol\u00edvia.<br><br>Para chegar de forma firme ao Brasil, o produto argentino precisa de mais amplia\u00e7\u00f5es na malha da TGN (Transportadora Gas del Norte) no pa\u00eds vizinho \u2013 o que inclui loops (duplica\u00e7\u00f5es) \u2013 al\u00e9m de ver equacionadas as quest\u00f5es do pre\u00e7o m\u00ednimo de exporta\u00e7\u00e3o e das altas tarifas de interconex\u00e3o. As duas primeiras, diz a executiva, cabem \u00e0 TGN e ao governo argentino, enquanto a negocia\u00e7\u00e3o de tarifas mais razo\u00e1veis passaria pela negocia\u00e7\u00e3o de empresas carregadoras.<br><br>&#8220;Esses tr\u00eas problemas t\u00eam de ser tratados. E o investimento [na malha argentina] \u00e9 de m\u00e9dio e longo prazo. Vai levar, minimamente, tr\u00eas ou quatro anos. Por isso n\u00e3o acredito que esse g\u00e1s chegue de forma firme ao Brasil no curto prazo. N\u00e3o \u00e9 t\u00e3o simples. N\u00e3o acredito que aconte\u00e7a antes de 2029 ou 2030, quando vai come\u00e7ar a chegar de forma competitiva e com volume&#8221;, afirma Laureano.<br><br><strong>Pre\u00e7o<\/strong><br>Na semana passada, o governo argentino sinalizou mudan\u00e7as nas regras de pre\u00e7o m\u00ednimo capazes de rebaix\u00e1-los em cerca de 20%. Pela regra atual, diz a executiva, esse g\u00e1s tem que chegar, na &#8220;cabe\u00e7a do po\u00e7o&#8221;, a um pre\u00e7o entre US$ 3 e US$ 3,5 por milh\u00e3o de BTU, o que \u00e9 alto como pre\u00e7o de partida.<br><br>Para al\u00e9m disso, a tarifa de interconex\u00e3o segue entre US$ 1,4 e US$ 1,9 por milh\u00e3o de BTU. &#8220;Essa \u00e9 uma tarifa alta, se considerarmos que precisamos desse g\u00e1s na fronteira com o Brasil a no m\u00e1ximo US$ 7 ou US$ 7,5 por milh\u00e3o de BTU para ser competitivo com g\u00e1s de origem nacional&#8221;, diz a presidente da TBG.<br><br><strong>G\u00e1s interrupt\u00edvel<\/strong><br>Com rela\u00e7\u00e3o aos contratos pontuais de importa\u00e7\u00e3o para o Brasil, Laureano estima que podem ficar entre dois e quatro milh\u00f5es de m\u00b3\/dia. Para a diretora-executiva de g\u00e1s natural do IBP (Instituto Brasileiro de Petr\u00f3leo e G\u00e1s), Sylvie D&#8217;Apote, no limite, esse volume poderia chegar a 6 milh\u00f5es de m\u00b3\/dia.\u00a0<\/p>\n\n\n\n<p>Em linha com Laureano, D&#8217;Apote diz que o produto argentino ainda vai ser por alguns anos um &#8220;g\u00e1s de oportunidade&#8221;, para compor o portf\u00f3lio de comercializadoras ao lado do GNL (G\u00e1s Natural Liquefeito) e do biometano, alternativas ao g\u00e1s nacional.<br><br>O fornecimento n\u00e3o avan\u00e7a no inverno devido \u00e0 demanda interna da Argentina por g\u00e1s para aquecimento e, no ver\u00e3o, devido ao uso dom\u00e9stico para refrigera\u00e7\u00e3o. Algumas empresas j\u00e1 visam exportar ao Brasil por duto entre setembro e novembro, na primavera, quando o neg\u00f3cio se torna vi\u00e1vel. \u00c9 o caso da Pan American Energy, que tem ampliado a frente de GNL, mas tem planos para exportar via gasoduto, segundo o diretor-geral Alejandro Catalano.<\/p>\n","protected":false},"excerpt":{"rendered":"<p>Gabriel Vasconcelos, da Ag\u00eancia iNFRA A CEO da TBG, Ang\u00e9lica Laureano, estima\u00a0que o Brasil s\u00f3 deve contar com fornecimento firme de g\u00e1s da Argentina ap\u00f3s 2029. A executiva disse \u00e0\u00a0Ag\u00eancia iNFRA\u00a0que a transportadora de g\u00e1s est\u00e1 pronta para receber mais produto argentino em sua malha, mas os envios devem se limitar a um car\u00e1ter interrupt\u00edvel [&hellip;]<\/p>\n","protected":false},"author":1,"featured_media":22234,"comment_status":"closed","ping_status":"closed","sticky":false,"template":"","format":"standard","meta":{"_monsterinsights_skip_tracking":false,"_monsterinsights_sitenote_active":false,"_monsterinsights_sitenote_note":"","_monsterinsights_sitenote_category":0,"footnotes":""},"categories":[7250,1,13271],"tags":[13548,13547,13251,13454,13551,882,1444,13453,9848,1240],"class_list":["post-22233","post","type-post","status-publish","format-standard","has-post-thumbnail","hentry","category-destaque-lista","category-geral","category-oleo-gas","tag-alejandro-catalano","tag-angelica-laureano","tag-gabriel-vasconcelos","tag-gas-argentino","tag-gas-interruptivel","tag-gas-natural","tag-ibp","tag-importacao-de-gas","tag-sylvie-dapote","tag-tbg"],"yoast_head":"<!-- This site is optimized with the Yoast SEO Premium plugin v25.4 (Yoast SEO v26.0) - https:\/\/yoast.com\/wordpress\/plugins\/seo\/ -->\n<title>TBG est\u00e1 pronta para g\u00e1s argentino, mas oferta firme s\u00f3 deve acontecer ap\u00f3s 2029, diz CEO - Ag\u00eancia iNFRA<\/title>\n<meta name=\"robots\" content=\"index, follow, max-snippet:-1, max-image-preview:large, max-video-preview:-1\" \/>\n<link rel=\"canonical\" href=\"https:\/\/agenciainfra.com\/blog\/tbg-esta-pronta-para-gas-argentino-mas-oferta-firme-so-deve-acontecer-apos-2029-diz-ceo\/\" \/>\n<meta property=\"og:locale\" content=\"pt_BR\" \/>\n<meta property=\"og:type\" content=\"article\" \/>\n<meta property=\"og:title\" content=\"TBG est\u00e1 pronta para g\u00e1s argentino, mas oferta firme s\u00f3 deve acontecer ap\u00f3s 2029, diz CEO\" \/>\n<meta property=\"og:description\" content=\"Gabriel Vasconcelos, da Ag\u00eancia iNFRA A CEO da TBG, Ang\u00e9lica Laureano, estima\u00a0que o Brasil s\u00f3 deve contar com fornecimento firme de g\u00e1s da Argentina ap\u00f3s 2029. A executiva disse \u00e0\u00a0Ag\u00eancia iNFRA\u00a0que a transportadora de g\u00e1s est\u00e1 pronta para receber mais produto argentino em sua malha, mas os envios devem se limitar a um car\u00e1ter interrupt\u00edvel [&hellip;]\" \/>\n<meta property=\"og:url\" content=\"https:\/\/agenciainfra.com\/blog\/tbg-esta-pronta-para-gas-argentino-mas-oferta-firme-so-deve-acontecer-apos-2029-diz-ceo\/\" \/>\n<meta property=\"og:site_name\" content=\"Ag\u00eancia iNFRA\" \/>\n<meta property=\"article:publisher\" content=\"https:\/\/www.facebook.com\/ageninfra\" \/>\n<meta property=\"article:published_time\" content=\"2025-05-29T14:00:00+00:00\" \/>\n<meta property=\"article:modified_time\" content=\"2025-05-30T21:23:36+00:00\" \/>\n<meta property=\"og:image\" content=\"https:\/\/agenciainfra.com\/blog\/wp-content\/uploads\/2025\/05\/angelica-laureano_foto_joao-mario-nunes_tbg1-scaled-e1748515669992.jpg\" \/>\n\t<meta property=\"og:image:width\" content=\"1280\" \/>\n\t<meta property=\"og:image:height\" content=\"790\" \/>\n\t<meta property=\"og:image:type\" content=\"image\/jpeg\" \/>\n<meta name=\"author\" content=\"Ag\u00eancia iNFRA\" \/>\n<meta name=\"twitter:card\" content=\"summary_large_image\" \/>\n<meta name=\"twitter:creator\" content=\"@agencia_infra\" \/>\n<meta name=\"twitter:site\" content=\"@agencia_infra\" \/>\n<meta name=\"twitter:label1\" content=\"Escrito por\" \/>\n\t<meta name=\"twitter:data1\" content=\"Ag\u00eancia iNFRA\" \/>\n\t<meta name=\"twitter:label2\" content=\"Est. tempo de leitura\" \/>\n\t<meta name=\"twitter:data2\" content=\"3 minutos\" \/>\n<script type=\"application\/ld+json\" class=\"yoast-schema-graph\">{\"@context\":\"https:\/\/schema.org\",\"@graph\":[{\"@type\":\"Article\",\"@id\":\"https:\/\/agenciainfra.com\/blog\/tbg-esta-pronta-para-gas-argentino-mas-oferta-firme-so-deve-acontecer-apos-2029-diz-ceo\/#article\",\"isPartOf\":{\"@id\":\"https:\/\/agenciainfra.com\/blog\/tbg-esta-pronta-para-gas-argentino-mas-oferta-firme-so-deve-acontecer-apos-2029-diz-ceo\/\"},\"author\":{\"name\":\"Ag\u00eancia iNFRA\",\"@id\":\"https:\/\/agenciainfra.com\/blog\/#\/schema\/person\/34af08dff6adea4cb22b06612ba7acfa\"},\"headline\":\"TBG est\u00e1 pronta para g\u00e1s argentino, mas oferta firme s\u00f3 deve acontecer ap\u00f3s 2029, diz CEO\",\"datePublished\":\"2025-05-29T14:00:00+00:00\",\"dateModified\":\"2025-05-30T21:23:36+00:00\",\"mainEntityOfPage\":{\"@id\":\"https:\/\/agenciainfra.com\/blog\/tbg-esta-pronta-para-gas-argentino-mas-oferta-firme-so-deve-acontecer-apos-2029-diz-ceo\/\"},\"wordCount\":652,\"publisher\":{\"@id\":\"https:\/\/agenciainfra.com\/blog\/#organization\"},\"image\":{\"@id\":\"https:\/\/agenciainfra.com\/blog\/tbg-esta-pronta-para-gas-argentino-mas-oferta-firme-so-deve-acontecer-apos-2029-diz-ceo\/#primaryimage\"},\"thumbnailUrl\":\"https:\/\/agenciainfra.com\/blog\/wp-content\/uploads\/2025\/05\/angelica-laureano_foto_joao-mario-nunes_tbg1-scaled-e1748515669992.jpg\",\"keywords\":[\"alejandro catalano\",\"ang\u00e9lica laureano\",\"Gabriel Vasconcelos\",\"g\u00e1s argentino\",\"g\u00e1s interrupt\u00edvel\",\"g\u00e1s natural\",\"IBP\",\"importa\u00e7\u00e3o de g\u00e1s\",\"Sylvie D\u2019Apote\",\"TBG\"],\"articleSection\":[\"Destaque lista\",\"Geral\",\"\u00d3leo &amp; G\u00e1s\"],\"inLanguage\":\"pt-BR\",\"copyrightYear\":\"2025\",\"copyrightHolder\":{\"@id\":\"https:\/\/agenciainfra.com\/blog\/#organization\"}},{\"@type\":\"WebPage\",\"@id\":\"https:\/\/agenciainfra.com\/blog\/tbg-esta-pronta-para-gas-argentino-mas-oferta-firme-so-deve-acontecer-apos-2029-diz-ceo\/\",\"url\":\"https:\/\/agenciainfra.com\/blog\/tbg-esta-pronta-para-gas-argentino-mas-oferta-firme-so-deve-acontecer-apos-2029-diz-ceo\/\",\"name\":\"TBG est\u00e1 pronta para g\u00e1s argentino, mas oferta firme s\u00f3 deve acontecer ap\u00f3s 2029, diz CEO - Ag\u00eancia iNFRA\",\"isPartOf\":{\"@id\":\"https:\/\/agenciainfra.com\/blog\/#website\"},\"primaryImageOfPage\":{\"@id\":\"https:\/\/agenciainfra.com\/blog\/tbg-esta-pronta-para-gas-argentino-mas-oferta-firme-so-deve-acontecer-apos-2029-diz-ceo\/#primaryimage\"},\"image\":{\"@id\":\"https:\/\/agenciainfra.com\/blog\/tbg-esta-pronta-para-gas-argentino-mas-oferta-firme-so-deve-acontecer-apos-2029-diz-ceo\/#primaryimage\"},\"thumbnailUrl\":\"https:\/\/agenciainfra.com\/blog\/wp-content\/uploads\/2025\/05\/angelica-laureano_foto_joao-mario-nunes_tbg1-scaled-e1748515669992.jpg\",\"datePublished\":\"2025-05-29T14:00:00+00:00\",\"dateModified\":\"2025-05-30T21:23:36+00:00\",\"breadcrumb\":{\"@id\":\"https:\/\/agenciainfra.com\/blog\/tbg-esta-pronta-para-gas-argentino-mas-oferta-firme-so-deve-acontecer-apos-2029-diz-ceo\/#breadcrumb\"},\"inLanguage\":\"pt-BR\",\"potentialAction\":[{\"@type\":\"ReadAction\",\"target\":[\"https:\/\/agenciainfra.com\/blog\/tbg-esta-pronta-para-gas-argentino-mas-oferta-firme-so-deve-acontecer-apos-2029-diz-ceo\/\"]}]},{\"@type\":\"ImageObject\",\"inLanguage\":\"pt-BR\",\"@id\":\"https:\/\/agenciainfra.com\/blog\/tbg-esta-pronta-para-gas-argentino-mas-oferta-firme-so-deve-acontecer-apos-2029-diz-ceo\/#primaryimage\",\"url\":\"https:\/\/agenciainfra.com\/blog\/wp-content\/uploads\/2025\/05\/angelica-laureano_foto_joao-mario-nunes_tbg1-scaled-e1748515669992.jpg\",\"contentUrl\":\"https:\/\/agenciainfra.com\/blog\/wp-content\/uploads\/2025\/05\/angelica-laureano_foto_joao-mario-nunes_tbg1-scaled-e1748515669992.jpg\",\"width\":1280,\"height\":790,\"caption\":\"Foto: Jo\u00e3o M\u00e1rio Nunes\/TBG\"},{\"@type\":\"BreadcrumbList\",\"@id\":\"https:\/\/agenciainfra.com\/blog\/tbg-esta-pronta-para-gas-argentino-mas-oferta-firme-so-deve-acontecer-apos-2029-diz-ceo\/#breadcrumb\",\"itemListElement\":[{\"@type\":\"ListItem\",\"position\":1,\"name\":\"In\u00edcio\",\"item\":\"https:\/\/agenciainfra.com\/blog\/\"},{\"@type\":\"ListItem\",\"position\":2,\"name\":\"TBG est\u00e1 pronta para g\u00e1s argentino, mas oferta firme s\u00f3 deve acontecer ap\u00f3s 2029, diz CEO\"}]},{\"@type\":\"WebSite\",\"@id\":\"https:\/\/agenciainfra.com\/blog\/#website\",\"url\":\"https:\/\/agenciainfra.com\/blog\/\",\"name\":\"Ag\u00eancia iNFRA\",\"description\":\"Multiplataforma de informa\u00e7\u00e3o jornal\u00edstica refer\u00eancia na \u00e1rea de infraestrutura no Brasil!\",\"publisher\":{\"@id\":\"https:\/\/agenciainfra.com\/blog\/#organization\"},\"potentialAction\":[{\"@type\":\"SearchAction\",\"target\":{\"@type\":\"EntryPoint\",\"urlTemplate\":\"https:\/\/agenciainfra.com\/blog\/?s={search_term_string}\"},\"query-input\":{\"@type\":\"PropertyValueSpecification\",\"valueRequired\":true,\"valueName\":\"search_term_string\"}}],\"inLanguage\":\"pt-BR\"},{\"@type\":\"Organization\",\"@id\":\"https:\/\/agenciainfra.com\/blog\/#organization\",\"name\":\"Ag\u00eancia iNFRA\",\"url\":\"https:\/\/agenciainfra.com\/blog\/\",\"logo\":{\"@type\":\"ImageObject\",\"inLanguage\":\"pt-BR\",\"@id\":\"https:\/\/agenciainfra.com\/blog\/#\/schema\/logo\/image\/\",\"url\":\"https:\/\/agenciainfra.com\/blog\/wp-content\/uploads\/2023\/09\/iNFRA_5-e1761735885940.png\",\"contentUrl\":\"https:\/\/agenciainfra.com\/blog\/wp-content\/uploads\/2023\/09\/iNFRA_5-e1761735885940.png\",\"width\":1672,\"height\":454,\"caption\":\"Ag\u00eancia iNFRA\"},\"image\":{\"@id\":\"https:\/\/agenciainfra.com\/blog\/#\/schema\/logo\/image\/\"},\"sameAs\":[\"https:\/\/www.facebook.com\/ageninfra\",\"https:\/\/x.com\/agencia_infra\",\"https:\/\/www.linkedin.com\/company\/ag\u00eanciainfra\/\",\"https:\/\/www.instagram.com\/agenciainfra\/\"]},{\"@type\":\"Person\",\"@id\":\"https:\/\/agenciainfra.com\/blog\/#\/schema\/person\/34af08dff6adea4cb22b06612ba7acfa\",\"name\":\"Ag\u00eancia iNFRA\",\"image\":{\"@type\":\"ImageObject\",\"inLanguage\":\"pt-BR\",\"@id\":\"https:\/\/agenciainfra.com\/blog\/#\/schema\/person\/image\/\",\"url\":\"https:\/\/secure.gravatar.com\/avatar\/d189e01678f06d8eb84d4e01f08eb848b3fffe3f8443818d3c356c66892f5be8?s=96&d=mm&r=g\",\"contentUrl\":\"https:\/\/secure.gravatar.com\/avatar\/d189e01678f06d8eb84d4e01f08eb848b3fffe3f8443818d3c356c66892f5be8?s=96&d=mm&r=g\",\"caption\":\"Ag\u00eancia iNFRA\"},\"url\":\"https:\/\/agenciainfra.com\/blog\/author\/admin\/\"}]}<\/script>\n<!-- \/ Yoast SEO Premium plugin. -->","yoast_head_json":{"title":"TBG est\u00e1 pronta para g\u00e1s argentino, mas oferta firme s\u00f3 deve acontecer ap\u00f3s 2029, diz CEO - Ag\u00eancia iNFRA","robots":{"index":"index","follow":"follow","max-snippet":"max-snippet:-1","max-image-preview":"max-image-preview:large","max-video-preview":"max-video-preview:-1"},"canonical":"https:\/\/agenciainfra.com\/blog\/tbg-esta-pronta-para-gas-argentino-mas-oferta-firme-so-deve-acontecer-apos-2029-diz-ceo\/","og_locale":"pt_BR","og_type":"article","og_title":"TBG est\u00e1 pronta para g\u00e1s argentino, mas oferta firme s\u00f3 deve acontecer ap\u00f3s 2029, diz CEO","og_description":"Gabriel Vasconcelos, da Ag\u00eancia iNFRA A CEO da TBG, Ang\u00e9lica Laureano, estima\u00a0que o Brasil s\u00f3 deve contar com fornecimento firme de g\u00e1s da Argentina ap\u00f3s 2029. A executiva disse \u00e0\u00a0Ag\u00eancia iNFRA\u00a0que a transportadora de g\u00e1s est\u00e1 pronta para receber mais produto argentino em sua malha, mas os envios devem se limitar a um car\u00e1ter interrupt\u00edvel [&hellip;]","og_url":"https:\/\/agenciainfra.com\/blog\/tbg-esta-pronta-para-gas-argentino-mas-oferta-firme-so-deve-acontecer-apos-2029-diz-ceo\/","og_site_name":"Ag\u00eancia iNFRA","article_publisher":"https:\/\/www.facebook.com\/ageninfra","article_published_time":"2025-05-29T14:00:00+00:00","article_modified_time":"2025-05-30T21:23:36+00:00","og_image":[{"width":1280,"height":790,"url":"https:\/\/agenciainfra.com\/blog\/wp-content\/uploads\/2025\/05\/angelica-laureano_foto_joao-mario-nunes_tbg1-scaled-e1748515669992.jpg","type":"image\/jpeg"}],"author":"Ag\u00eancia iNFRA","twitter_card":"summary_large_image","twitter_creator":"@agencia_infra","twitter_site":"@agencia_infra","twitter_misc":{"Escrito por":"Ag\u00eancia iNFRA","Est. tempo de leitura":"3 minutos"},"schema":{"@context":"https:\/\/schema.org","@graph":[{"@type":"Article","@id":"https:\/\/agenciainfra.com\/blog\/tbg-esta-pronta-para-gas-argentino-mas-oferta-firme-so-deve-acontecer-apos-2029-diz-ceo\/#article","isPartOf":{"@id":"https:\/\/agenciainfra.com\/blog\/tbg-esta-pronta-para-gas-argentino-mas-oferta-firme-so-deve-acontecer-apos-2029-diz-ceo\/"},"author":{"name":"Ag\u00eancia iNFRA","@id":"https:\/\/agenciainfra.com\/blog\/#\/schema\/person\/34af08dff6adea4cb22b06612ba7acfa"},"headline":"TBG est\u00e1 pronta para g\u00e1s argentino, mas oferta firme s\u00f3 deve acontecer ap\u00f3s 2029, diz CEO","datePublished":"2025-05-29T14:00:00+00:00","dateModified":"2025-05-30T21:23:36+00:00","mainEntityOfPage":{"@id":"https:\/\/agenciainfra.com\/blog\/tbg-esta-pronta-para-gas-argentino-mas-oferta-firme-so-deve-acontecer-apos-2029-diz-ceo\/"},"wordCount":652,"publisher":{"@id":"https:\/\/agenciainfra.com\/blog\/#organization"},"image":{"@id":"https:\/\/agenciainfra.com\/blog\/tbg-esta-pronta-para-gas-argentino-mas-oferta-firme-so-deve-acontecer-apos-2029-diz-ceo\/#primaryimage"},"thumbnailUrl":"https:\/\/agenciainfra.com\/blog\/wp-content\/uploads\/2025\/05\/angelica-laureano_foto_joao-mario-nunes_tbg1-scaled-e1748515669992.jpg","keywords":["alejandro catalano","ang\u00e9lica laureano","Gabriel Vasconcelos","g\u00e1s argentino","g\u00e1s interrupt\u00edvel","g\u00e1s natural","IBP","importa\u00e7\u00e3o de g\u00e1s","Sylvie D\u2019Apote","TBG"],"articleSection":["Destaque lista","Geral","\u00d3leo &amp; G\u00e1s"],"inLanguage":"pt-BR","copyrightYear":"2025","copyrightHolder":{"@id":"https:\/\/agenciainfra.com\/blog\/#organization"}},{"@type":"WebPage","@id":"https:\/\/agenciainfra.com\/blog\/tbg-esta-pronta-para-gas-argentino-mas-oferta-firme-so-deve-acontecer-apos-2029-diz-ceo\/","url":"https:\/\/agenciainfra.com\/blog\/tbg-esta-pronta-para-gas-argentino-mas-oferta-firme-so-deve-acontecer-apos-2029-diz-ceo\/","name":"TBG est\u00e1 pronta para g\u00e1s argentino, mas oferta firme s\u00f3 deve acontecer ap\u00f3s 2029, diz CEO - Ag\u00eancia iNFRA","isPartOf":{"@id":"https:\/\/agenciainfra.com\/blog\/#website"},"primaryImageOfPage":{"@id":"https:\/\/agenciainfra.com\/blog\/tbg-esta-pronta-para-gas-argentino-mas-oferta-firme-so-deve-acontecer-apos-2029-diz-ceo\/#primaryimage"},"image":{"@id":"https:\/\/agenciainfra.com\/blog\/tbg-esta-pronta-para-gas-argentino-mas-oferta-firme-so-deve-acontecer-apos-2029-diz-ceo\/#primaryimage"},"thumbnailUrl":"https:\/\/agenciainfra.com\/blog\/wp-content\/uploads\/2025\/05\/angelica-laureano_foto_joao-mario-nunes_tbg1-scaled-e1748515669992.jpg","datePublished":"2025-05-29T14:00:00+00:00","dateModified":"2025-05-30T21:23:36+00:00","breadcrumb":{"@id":"https:\/\/agenciainfra.com\/blog\/tbg-esta-pronta-para-gas-argentino-mas-oferta-firme-so-deve-acontecer-apos-2029-diz-ceo\/#breadcrumb"},"inLanguage":"pt-BR","potentialAction":[{"@type":"ReadAction","target":["https:\/\/agenciainfra.com\/blog\/tbg-esta-pronta-para-gas-argentino-mas-oferta-firme-so-deve-acontecer-apos-2029-diz-ceo\/"]}]},{"@type":"ImageObject","inLanguage":"pt-BR","@id":"https:\/\/agenciainfra.com\/blog\/tbg-esta-pronta-para-gas-argentino-mas-oferta-firme-so-deve-acontecer-apos-2029-diz-ceo\/#primaryimage","url":"https:\/\/agenciainfra.com\/blog\/wp-content\/uploads\/2025\/05\/angelica-laureano_foto_joao-mario-nunes_tbg1-scaled-e1748515669992.jpg","contentUrl":"https:\/\/agenciainfra.com\/blog\/wp-content\/uploads\/2025\/05\/angelica-laureano_foto_joao-mario-nunes_tbg1-scaled-e1748515669992.jpg","width":1280,"height":790,"caption":"Foto: Jo\u00e3o M\u00e1rio Nunes\/TBG"},{"@type":"BreadcrumbList","@id":"https:\/\/agenciainfra.com\/blog\/tbg-esta-pronta-para-gas-argentino-mas-oferta-firme-so-deve-acontecer-apos-2029-diz-ceo\/#breadcrumb","itemListElement":[{"@type":"ListItem","position":1,"name":"In\u00edcio","item":"https:\/\/agenciainfra.com\/blog\/"},{"@type":"ListItem","position":2,"name":"TBG est\u00e1 pronta para g\u00e1s argentino, mas oferta firme s\u00f3 deve acontecer ap\u00f3s 2029, diz CEO"}]},{"@type":"WebSite","@id":"https:\/\/agenciainfra.com\/blog\/#website","url":"https:\/\/agenciainfra.com\/blog\/","name":"Ag\u00eancia iNFRA","description":"Multiplataforma de informa\u00e7\u00e3o jornal\u00edstica refer\u00eancia na \u00e1rea de infraestrutura no Brasil!","publisher":{"@id":"https:\/\/agenciainfra.com\/blog\/#organization"},"potentialAction":[{"@type":"SearchAction","target":{"@type":"EntryPoint","urlTemplate":"https:\/\/agenciainfra.com\/blog\/?s={search_term_string}"},"query-input":{"@type":"PropertyValueSpecification","valueRequired":true,"valueName":"search_term_string"}}],"inLanguage":"pt-BR"},{"@type":"Organization","@id":"https:\/\/agenciainfra.com\/blog\/#organization","name":"Ag\u00eancia iNFRA","url":"https:\/\/agenciainfra.com\/blog\/","logo":{"@type":"ImageObject","inLanguage":"pt-BR","@id":"https:\/\/agenciainfra.com\/blog\/#\/schema\/logo\/image\/","url":"https:\/\/agenciainfra.com\/blog\/wp-content\/uploads\/2023\/09\/iNFRA_5-e1761735885940.png","contentUrl":"https:\/\/agenciainfra.com\/blog\/wp-content\/uploads\/2023\/09\/iNFRA_5-e1761735885940.png","width":1672,"height":454,"caption":"Ag\u00eancia iNFRA"},"image":{"@id":"https:\/\/agenciainfra.com\/blog\/#\/schema\/logo\/image\/"},"sameAs":["https:\/\/www.facebook.com\/ageninfra","https:\/\/x.com\/agencia_infra","https:\/\/www.linkedin.com\/company\/ag\u00eanciainfra\/","https:\/\/www.instagram.com\/agenciainfra\/"]},{"@type":"Person","@id":"https:\/\/agenciainfra.com\/blog\/#\/schema\/person\/34af08dff6adea4cb22b06612ba7acfa","name":"Ag\u00eancia iNFRA","image":{"@type":"ImageObject","inLanguage":"pt-BR","@id":"https:\/\/agenciainfra.com\/blog\/#\/schema\/person\/image\/","url":"https:\/\/secure.gravatar.com\/avatar\/d189e01678f06d8eb84d4e01f08eb848b3fffe3f8443818d3c356c66892f5be8?s=96&d=mm&r=g","contentUrl":"https:\/\/secure.gravatar.com\/avatar\/d189e01678f06d8eb84d4e01f08eb848b3fffe3f8443818d3c356c66892f5be8?s=96&d=mm&r=g","caption":"Ag\u00eancia iNFRA"},"url":"https:\/\/agenciainfra.com\/blog\/author\/admin\/"}]}},"_links":{"self":[{"href":"https:\/\/agenciainfra.com\/blog\/wp-json\/wp\/v2\/posts\/22233","targetHints":{"allow":["GET"]}}],"collection":[{"href":"https:\/\/agenciainfra.com\/blog\/wp-json\/wp\/v2\/posts"}],"about":[{"href":"https:\/\/agenciainfra.com\/blog\/wp-json\/wp\/v2\/types\/post"}],"author":[{"embeddable":true,"href":"https:\/\/agenciainfra.com\/blog\/wp-json\/wp\/v2\/users\/1"}],"replies":[{"embeddable":true,"href":"https:\/\/agenciainfra.com\/blog\/wp-json\/wp\/v2\/comments?post=22233"}],"version-history":[{"count":1,"href":"https:\/\/agenciainfra.com\/blog\/wp-json\/wp\/v2\/posts\/22233\/revisions"}],"predecessor-version":[{"id":22236,"href":"https:\/\/agenciainfra.com\/blog\/wp-json\/wp\/v2\/posts\/22233\/revisions\/22236"}],"wp:featuredmedia":[{"embeddable":true,"href":"https:\/\/agenciainfra.com\/blog\/wp-json\/wp\/v2\/media\/22234"}],"wp:attachment":[{"href":"https:\/\/agenciainfra.com\/blog\/wp-json\/wp\/v2\/media?parent=22233"}],"wp:term":[{"taxonomy":"category","embeddable":true,"href":"https:\/\/agenciainfra.com\/blog\/wp-json\/wp\/v2\/categories?post=22233"},{"taxonomy":"post_tag","embeddable":true,"href":"https:\/\/agenciainfra.com\/blog\/wp-json\/wp\/v2\/tags?post=22233"}],"curies":[{"name":"wp","href":"https:\/\/api.w.org\/{rel}","templated":true}]}}