{"id":22239,"date":"2025-05-29T11:00:00","date_gmt":"2025-05-29T14:00:00","guid":{"rendered":"https:\/\/agenciainfra.com\/blog\/?p=22239"},"modified":"2025-05-30T18:38:07","modified_gmt":"2025-05-30T21:38:07","slug":"tcu-ja-alertou-antaq-que-restringir-players-em-leilao-portuario-depende-de-analise-do-cade","status":"publish","type":"post","link":"https:\/\/agenciainfra.com\/blog\/tcu-ja-alertou-antaq-que-restringir-players-em-leilao-portuario-depende-de-analise-do-cade\/","title":{"rendered":"TCU j\u00e1 alertou ANTAQ que restringir players em leil\u00e3o portu\u00e1rio depende de an\u00e1lise do Cade"},"content":{"rendered":"\n<p class=\"has-text-align-right\"><strong>Amanda Pupo, da Ag\u00eancia iNFRA<\/strong><\/p>\n\n\n\n<p>O TCU (Tribunal de Contas da Uni\u00e3o) fez um alerta recente \u00e0 ANTAQ (Ag\u00eancia Nacional de Transportes Aquavi\u00e1rios) de que o \u00f3rg\u00e3o n\u00e3o pode criar uma restri\u00e7\u00e3o concorrencial em leil\u00f5es de terminais portu\u00e1rios sem antes consultar o Cade (Conselho Administrativo de Defesa Econ\u00f4mica), institui\u00e7\u00e3o antitruste respons\u00e1vel por zelar pelo ambiente competitivo no pa\u00eds.\u00a0<br><br>O entendimento da corte, que agora pode ser revisitado nas discuss\u00f5es sobre o Tecon Santos 10, foi aprovado no plen\u00e1rio do TCU em setembro do ano passado durante a an\u00e1lise do ITG02, terminal para movimenta\u00e7\u00e3o de min\u00e9rio de ferro no porto de Itagua\u00ed (RJ). Na ocasi\u00e3o, o ministro relator, Walton Alencar, argumentou que o impedimento \u00e0 participa\u00e7\u00e3o de grupos econ\u00f4micos em qualquer certame \u00e9 uma medida \u201cexcepcional\u00edssima\u201d e que, portanto, precisa ser \u201cexaustivamente justificada\u201d, com o aux\u00edlio do Cade. Leia o ac\u00f3rd\u00e3o\u00a0<a href=\"https:\/\/agenciainfra.us14.list-manage.com\/track\/click?u=d460dd1bcf9ba0ae040e1fc0f&amp;id=c5594c9425&amp;e=1192c754bc\" target=\"_blank\" rel=\"noreferrer noopener\">neste link<\/a>.<br><br>O tema vai voltar \u00e0 tona no TCU porque o MPor (Minist\u00e9rio de Portos e Aeroportos) enviou nesta quarta-feira (28) ao tribunal a proposta de licita\u00e7\u00e3o do Tecon 10, megaterminal de cont\u00eainer projetado para o Porto de Santos (SP). No modelo aprovado pela ANTAQ, empresas que j\u00e1 operam no complexo n\u00e3o poder\u00e3o participar da primeira fase do certame, entrando apenas se a tentativa inicial for deserta.<br><br>Num primeiro momento, a regra retira do leil\u00e3o a BTP, que \u00e9 controlada pelos dois maiores armadores do mundo, MSC e Maersk; a Santos Brasil, que passou a ser controlada pelo armador CMA CGM, terceiro maior; e a DP World, empresa dos Emirados \u00c1rabes que opera terminais em 75 pa\u00edses.<br><br>No voto que definiu o modelo do leil\u00e3o, o diretor-geral interino da ANTAQ, Caio Farias, apontou que sua decis\u00e3o seguia an\u00e1lise feita pela SRG (Superintend\u00eancia de Regula\u00e7\u00e3o) da ag\u00eancia, que foi acompanhada\u00a0pela CPLA (Comiss\u00e3o Permanente de Licita\u00e7\u00e3o de Arrendamentos Portu\u00e1rios)\u00a0da ANTAQ. A \u00e1rea t\u00e9cnica da ag\u00eancia argumentou no processo que haver\u00e1 um grau relevante de concentra\u00e7\u00e3o no mercado de movimenta\u00e7\u00e3o de cont\u00eaineres em Santos se uma das empresas j\u00e1 instaladas no porto levarem o STS10.\u00a0<br><br>O diretor-geral tamb\u00e9m argumentou que a medida de restri\u00e7\u00e3o n\u00e3o seria in\u00e9dita na ANTAQ, que j\u00e1 lan\u00e7ou m\u00e3o de instrumentos concorrenciais na licita\u00e7\u00e3o de outros terminais, citando, por exemplo, o STS13A, o STS08 e o STS14. Nesta lista, Farias ainda inclui o ITG02, de Itagua\u00ed.<br><br>No entanto, embora tenha citado o terminal de movimenta\u00e7\u00e3o de min\u00e9rio, ap\u00f3s a determina\u00e7\u00e3o feita pelo TCU sobre a necessidade de ouvir previamente o Cade, a ANTAQ retirou do edital de arrendamento a restri\u00e7\u00e3o e acabou fazendo um leil\u00e3o aberto.\u00a0<br><br>No julgamento do ITG02, o ministro Walton Alencar chegou a citar, inclusive, os estudos anteriores do projeto para movimenta\u00e7\u00e3o de cont\u00eaineres em Santos. Para argumentar que a ANTAQ n\u00e3o poderia prever uma restri\u00e7\u00e3o sem ouvir antes o Cade no caso de Itagua\u00ed, o relator relembrou nota t\u00e9cnica do antitruste que reconhecia a exist\u00eancia de \u201criscos concorrenciais\u201d caso o BTP ganhasse a licita\u00e7\u00e3o do STS10, mas ponderava que a exclus\u00e3o de competidores \u201c\u00e9 delet\u00e9ria \u00e0s melhores pr\u00e1ticas internacionais\u201d e que a medida se justificaria somente se houvesse certeza que o competidor prejudicar\u00e1 o mercado e de que n\u00e3o h\u00e1 outras solu\u00e7\u00f5es para a conten\u00e7\u00e3o do problema.<br><br><strong>Questionamentos<\/strong><br>Apesar de o processo do Tecon 10 s\u00f3 ter chegado nesta quarta-feira (28) ao TCU, os questionamentos \u00e0 restri\u00e7\u00e3o prevista pela ANTAQ\u00a0j\u00e1 antecipam que o debate deve render na Corte de Contas e amea\u00e7ar a previs\u00e3o de o leil\u00e3o do terminal acontecer ainda neste ano.<br><br>Nesta quarta-feira (28), o subprocurador-geral do MPTCU (Minist\u00e9rio P\u00fablico junto ao Tribunal de Contas da Uni\u00e3o), Lucas Furtado, pediu ao tribunal que determine a suspens\u00e3o do andamento do processo de licita\u00e7\u00e3o do Tecon 10 (pedido\u00a0<a href=\"https:\/\/agenciainfra.us14.list-manage.com\/track\/click?u=d460dd1bcf9ba0ae040e1fc0f&amp;id=8219ce74b6&amp;e=1192c754bc\" target=\"_blank\" rel=\"noreferrer noopener\">neste link<\/a>). Na representa\u00e7\u00e3o, ele ainda solicitou que o TCU apure o que classificou como \u201cposs\u00edveis irregularidades\u201d na condu\u00e7\u00e3o do procedimento licitat\u00f3rio do megaterminal.\u00a0<br><br>Em nota \u00e0\u00a0<strong>Ag\u00eancia iNFRA<\/strong>, a ANTAQ respondeu que o processo foi encaminhado ao MPor ap\u00f3s a aprova\u00e7\u00e3o da an\u00e1lise das contribui\u00e7\u00f5es recebidas no \u00e2mbito da audi\u00eancia p\u00fablica do projeto,\u00a0mas n\u00e3o comentou sobre o pedido do MPTCU.\u00a0<br><br>O Minist\u00e9rio de Portos e Aeroportos informou, em mensagem \u00e0\u00a0<strong>Ag\u00eancia iNFRA<\/strong>, que &#8220;a Secretaria Nacional de Portos aprovou os estudos t\u00e9cnicos deliberados pela ANTAQ, ap\u00f3s as contribui\u00e7\u00f5es da audi\u00eancia p\u00fablica. No entanto, n\u00e3o emitiu ju\u00edzo de valor sobre o m\u00e9rito do aspecto concorrencial, que ser\u00e1 analisado pelo TCU. Entretanto, ao longo da discuss\u00e3o, o MPOR continuar\u00e1 colaborando com o debate para buscarmos o melhor caminho visando o fortalecimento do\u00a0Porto\u00a0de\u00a0Santos&#8221;.<br><br>Em outro \u00e2mbito de contesta\u00e7\u00e3o, a FPPA (Frente Parlamentar Mista de Portos e Aeroportos) divulgou nota em que disse estar preocupada com as restri\u00e7\u00f5es previstas na proposta. \u201cO colegiado, presidido pelo deputado federal Paulo Alexandre Barbosa (PSDB-SP), considera essencial que o processo licitat\u00f3rio ocorra de forma ison\u00f4mica, transparente e c\u00e9lere, permitindo a ampla participa\u00e7\u00e3o de todos os agentes econ\u00f4micos interessados\u201d, disse a frente.<\/p>\n","protected":false},"excerpt":{"rendered":"<p>Amanda Pupo, da Ag\u00eancia iNFRA O TCU (Tribunal de Contas da Uni\u00e3o) fez um alerta recente \u00e0 ANTAQ (Ag\u00eancia Nacional de Transportes Aquavi\u00e1rios) de que o \u00f3rg\u00e3o n\u00e3o pode criar uma restri\u00e7\u00e3o concorrencial em leil\u00f5es de terminais portu\u00e1rios sem antes consultar o Cade (Conselho Administrativo de Defesa Econ\u00f4mica), institui\u00e7\u00e3o antitruste respons\u00e1vel por zelar pelo ambiente [&hellip;]<\/p>\n","protected":false},"author":1,"featured_media":2173,"comment_status":"closed","ping_status":"closed","sticky":false,"template":"","format":"standard","meta":{"_monsterinsights_skip_tracking":false,"_monsterinsights_sitenote_active":false,"_monsterinsights_sitenote_note":"","_monsterinsights_sitenote_category":0,"footnotes":""},"categories":[1,7],"tags":[13354,86,1030,371,3245,10079,254,316,6257,6919,260,310,13554,1898,4101,18,8489,12352,12474,1634],"class_list":["post-22239","post","type-post","status-publish","format-standard","has-post-thumbnail","hentry","category-geral","category-infratransporte","tag-amanda-pupo","tag-antaq","tag-btp","tag-cade","tag-concorrencia","tag-fppa","tag-leilao","tag-licitacao","tag-ministerio-de-portos-e-aeroportos","tag-mpor","tag-porto-de-santos","tag-portos","tag-restricao-concorrencial","tag-santos-brasil","tag-sts10","tag-tcu","tag-tcu-tribunal-de-contas-da-uniao","tag-tecon-10","tag-tecon-santos-10","tag-terminal-de-conteineres"],"yoast_head":"<!-- This site is optimized with the Yoast SEO Premium plugin v25.4 (Yoast SEO v26.0) - https:\/\/yoast.com\/wordpress\/plugins\/seo\/ -->\n<title>TCU j\u00e1 alertou ANTAQ que restringir players em leil\u00e3o portu\u00e1rio depende de an\u00e1lise do Cade - Ag\u00eancia iNFRA<\/title>\n<meta name=\"robots\" content=\"index, follow, max-snippet:-1, max-image-preview:large, max-video-preview:-1\" \/>\n<link rel=\"canonical\" href=\"https:\/\/agenciainfra.com\/blog\/tcu-ja-alertou-antaq-que-restringir-players-em-leilao-portuario-depende-de-analise-do-cade\/\" \/>\n<meta property=\"og:locale\" content=\"pt_BR\" \/>\n<meta property=\"og:type\" content=\"article\" \/>\n<meta property=\"og:title\" content=\"TCU j\u00e1 alertou ANTAQ que restringir players em leil\u00e3o portu\u00e1rio depende de an\u00e1lise do Cade\" \/>\n<meta property=\"og:description\" content=\"Amanda Pupo, da Ag\u00eancia iNFRA O TCU (Tribunal de Contas da Uni\u00e3o) fez um alerta recente \u00e0 ANTAQ (Ag\u00eancia Nacional de Transportes Aquavi\u00e1rios) de que o \u00f3rg\u00e3o n\u00e3o pode criar uma restri\u00e7\u00e3o concorrencial em leil\u00f5es de terminais portu\u00e1rios sem antes consultar o Cade (Conselho Administrativo de Defesa Econ\u00f4mica), institui\u00e7\u00e3o antitruste respons\u00e1vel por zelar pelo ambiente [&hellip;]\" \/>\n<meta property=\"og:url\" content=\"https:\/\/agenciainfra.com\/blog\/tcu-ja-alertou-antaq-que-restringir-players-em-leilao-portuario-depende-de-analise-do-cade\/\" \/>\n<meta property=\"og:site_name\" content=\"Ag\u00eancia iNFRA\" \/>\n<meta property=\"article:publisher\" content=\"https:\/\/www.facebook.com\/ageninfra\" \/>\n<meta property=\"article:published_time\" content=\"2025-05-29T14:00:00+00:00\" \/>\n<meta property=\"article:modified_time\" content=\"2025-05-30T21:38:07+00:00\" \/>\n<meta property=\"og:image\" content=\"https:\/\/agenciainfra.com\/blog\/wp-content\/uploads\/2018\/07\/porto_de_santos_divulgcao-e1748516106368.jpg\" \/>\n\t<meta property=\"og:image:width\" content=\"1280\" \/>\n\t<meta property=\"og:image:height\" content=\"760\" \/>\n\t<meta property=\"og:image:type\" content=\"image\/jpeg\" \/>\n<meta name=\"author\" content=\"Ag\u00eancia iNFRA\" \/>\n<meta name=\"twitter:card\" content=\"summary_large_image\" \/>\n<meta name=\"twitter:creator\" content=\"@agencia_infra\" \/>\n<meta name=\"twitter:site\" content=\"@agencia_infra\" \/>\n<meta name=\"twitter:label1\" content=\"Escrito por\" \/>\n\t<meta name=\"twitter:data1\" content=\"Ag\u00eancia iNFRA\" \/>\n\t<meta name=\"twitter:label2\" content=\"Est. tempo de leitura\" \/>\n\t<meta name=\"twitter:data2\" content=\"4 minutos\" \/>\n<script type=\"application\/ld+json\" class=\"yoast-schema-graph\">{\"@context\":\"https:\/\/schema.org\",\"@graph\":[{\"@type\":\"Article\",\"@id\":\"https:\/\/agenciainfra.com\/blog\/tcu-ja-alertou-antaq-que-restringir-players-em-leilao-portuario-depende-de-analise-do-cade\/#article\",\"isPartOf\":{\"@id\":\"https:\/\/agenciainfra.com\/blog\/tcu-ja-alertou-antaq-que-restringir-players-em-leilao-portuario-depende-de-analise-do-cade\/\"},\"author\":{\"name\":\"Ag\u00eancia iNFRA\",\"@id\":\"https:\/\/agenciainfra.com\/blog\/#\/schema\/person\/34af08dff6adea4cb22b06612ba7acfa\"},\"headline\":\"TCU j\u00e1 alertou ANTAQ que restringir players em leil\u00e3o portu\u00e1rio depende de an\u00e1lise do Cade\",\"datePublished\":\"2025-05-29T14:00:00+00:00\",\"dateModified\":\"2025-05-30T21:38:07+00:00\",\"mainEntityOfPage\":{\"@id\":\"https:\/\/agenciainfra.com\/blog\/tcu-ja-alertou-antaq-que-restringir-players-em-leilao-portuario-depende-de-analise-do-cade\/\"},\"wordCount\":918,\"publisher\":{\"@id\":\"https:\/\/agenciainfra.com\/blog\/#organization\"},\"image\":{\"@id\":\"https:\/\/agenciainfra.com\/blog\/tcu-ja-alertou-antaq-que-restringir-players-em-leilao-portuario-depende-de-analise-do-cade\/#primaryimage\"},\"thumbnailUrl\":\"https:\/\/agenciainfra.com\/blog\/wp-content\/uploads\/2018\/07\/porto_de_santos_divulgcao-e1748516106368.jpg\",\"keywords\":[\"Amanda Pupo\",\"ANTAQ\",\"BTP\",\"Cade\",\"concorr\u00eancia\",\"FPPA\",\"leil\u00e3o\",\"licita\u00e7\u00e3o\",\"Minist\u00e9rio de Portos e Aeroportos\",\"MPor\",\"Porto de Santos\",\"portos\",\"restri\u00e7\u00e3o concorrencial\",\"Santos Brasil\",\"STS10\",\"TCU\",\"TCU (Tribunal de Contas da Uni\u00e3o)\",\"Tecon 10\",\"Tecon Santos 10\",\"terminal de cont\u00eaineres\"],\"articleSection\":[\"Geral\",\"iNFRATransporte\"],\"inLanguage\":\"pt-BR\",\"copyrightYear\":\"2025\",\"copyrightHolder\":{\"@id\":\"https:\/\/agenciainfra.com\/blog\/#organization\"}},{\"@type\":\"WebPage\",\"@id\":\"https:\/\/agenciainfra.com\/blog\/tcu-ja-alertou-antaq-que-restringir-players-em-leilao-portuario-depende-de-analise-do-cade\/\",\"url\":\"https:\/\/agenciainfra.com\/blog\/tcu-ja-alertou-antaq-que-restringir-players-em-leilao-portuario-depende-de-analise-do-cade\/\",\"name\":\"TCU j\u00e1 alertou ANTAQ que restringir players em leil\u00e3o portu\u00e1rio depende de an\u00e1lise do Cade - Ag\u00eancia iNFRA\",\"isPartOf\":{\"@id\":\"https:\/\/agenciainfra.com\/blog\/#website\"},\"primaryImageOfPage\":{\"@id\":\"https:\/\/agenciainfra.com\/blog\/tcu-ja-alertou-antaq-que-restringir-players-em-leilao-portuario-depende-de-analise-do-cade\/#primaryimage\"},\"image\":{\"@id\":\"https:\/\/agenciainfra.com\/blog\/tcu-ja-alertou-antaq-que-restringir-players-em-leilao-portuario-depende-de-analise-do-cade\/#primaryimage\"},\"thumbnailUrl\":\"https:\/\/agenciainfra.com\/blog\/wp-content\/uploads\/2018\/07\/porto_de_santos_divulgcao-e1748516106368.jpg\",\"datePublished\":\"2025-05-29T14:00:00+00:00\",\"dateModified\":\"2025-05-30T21:38:07+00:00\",\"breadcrumb\":{\"@id\":\"https:\/\/agenciainfra.com\/blog\/tcu-ja-alertou-antaq-que-restringir-players-em-leilao-portuario-depende-de-analise-do-cade\/#breadcrumb\"},\"inLanguage\":\"pt-BR\",\"potentialAction\":[{\"@type\":\"ReadAction\",\"target\":[\"https:\/\/agenciainfra.com\/blog\/tcu-ja-alertou-antaq-que-restringir-players-em-leilao-portuario-depende-de-analise-do-cade\/\"]}]},{\"@type\":\"ImageObject\",\"inLanguage\":\"pt-BR\",\"@id\":\"https:\/\/agenciainfra.com\/blog\/tcu-ja-alertou-antaq-que-restringir-players-em-leilao-portuario-depende-de-analise-do-cade\/#primaryimage\",\"url\":\"https:\/\/agenciainfra.com\/blog\/wp-content\/uploads\/2018\/07\/porto_de_santos_divulgcao-e1748516106368.jpg\",\"contentUrl\":\"https:\/\/agenciainfra.com\/blog\/wp-content\/uploads\/2018\/07\/porto_de_santos_divulgcao-e1748516106368.jpg\",\"width\":1280,\"height\":760,\"caption\":\"Divulga\u00e7\u00e3o APS\"},{\"@type\":\"BreadcrumbList\",\"@id\":\"https:\/\/agenciainfra.com\/blog\/tcu-ja-alertou-antaq-que-restringir-players-em-leilao-portuario-depende-de-analise-do-cade\/#breadcrumb\",\"itemListElement\":[{\"@type\":\"ListItem\",\"position\":1,\"name\":\"In\u00edcio\",\"item\":\"https:\/\/agenciainfra.com\/blog\/\"},{\"@type\":\"ListItem\",\"position\":2,\"name\":\"TCU j\u00e1 alertou ANTAQ que restringir players em leil\u00e3o portu\u00e1rio depende de an\u00e1lise do Cade\"}]},{\"@type\":\"WebSite\",\"@id\":\"https:\/\/agenciainfra.com\/blog\/#website\",\"url\":\"https:\/\/agenciainfra.com\/blog\/\",\"name\":\"Ag\u00eancia iNFRA\",\"description\":\"Multiplataforma de informa\u00e7\u00e3o jornal\u00edstica refer\u00eancia na \u00e1rea de infraestrutura no Brasil!\",\"publisher\":{\"@id\":\"https:\/\/agenciainfra.com\/blog\/#organization\"},\"potentialAction\":[{\"@type\":\"SearchAction\",\"target\":{\"@type\":\"EntryPoint\",\"urlTemplate\":\"https:\/\/agenciainfra.com\/blog\/?s={search_term_string}\"},\"query-input\":{\"@type\":\"PropertyValueSpecification\",\"valueRequired\":true,\"valueName\":\"search_term_string\"}}],\"inLanguage\":\"pt-BR\"},{\"@type\":\"Organization\",\"@id\":\"https:\/\/agenciainfra.com\/blog\/#organization\",\"name\":\"Ag\u00eancia iNFRA\",\"url\":\"https:\/\/agenciainfra.com\/blog\/\",\"logo\":{\"@type\":\"ImageObject\",\"inLanguage\":\"pt-BR\",\"@id\":\"https:\/\/agenciainfra.com\/blog\/#\/schema\/logo\/image\/\",\"url\":\"https:\/\/agenciainfra.com\/blog\/wp-content\/uploads\/2023\/09\/iNFRA_5-e1761735885940.png\",\"contentUrl\":\"https:\/\/agenciainfra.com\/blog\/wp-content\/uploads\/2023\/09\/iNFRA_5-e1761735885940.png\",\"width\":1672,\"height\":454,\"caption\":\"Ag\u00eancia iNFRA\"},\"image\":{\"@id\":\"https:\/\/agenciainfra.com\/blog\/#\/schema\/logo\/image\/\"},\"sameAs\":[\"https:\/\/www.facebook.com\/ageninfra\",\"https:\/\/x.com\/agencia_infra\",\"https:\/\/www.linkedin.com\/company\/ag\u00eanciainfra\/\",\"https:\/\/www.instagram.com\/agenciainfra\/\"]},{\"@type\":\"Person\",\"@id\":\"https:\/\/agenciainfra.com\/blog\/#\/schema\/person\/34af08dff6adea4cb22b06612ba7acfa\",\"name\":\"Ag\u00eancia iNFRA\",\"image\":{\"@type\":\"ImageObject\",\"inLanguage\":\"pt-BR\",\"@id\":\"https:\/\/agenciainfra.com\/blog\/#\/schema\/person\/image\/\",\"url\":\"https:\/\/secure.gravatar.com\/avatar\/d189e01678f06d8eb84d4e01f08eb848b3fffe3f8443818d3c356c66892f5be8?s=96&d=mm&r=g\",\"contentUrl\":\"https:\/\/secure.gravatar.com\/avatar\/d189e01678f06d8eb84d4e01f08eb848b3fffe3f8443818d3c356c66892f5be8?s=96&d=mm&r=g\",\"caption\":\"Ag\u00eancia iNFRA\"},\"url\":\"https:\/\/agenciainfra.com\/blog\/author\/admin\/\"}]}<\/script>\n<!-- \/ Yoast SEO Premium plugin. -->","yoast_head_json":{"title":"TCU j\u00e1 alertou ANTAQ que restringir players em leil\u00e3o portu\u00e1rio depende de an\u00e1lise do Cade - Ag\u00eancia iNFRA","robots":{"index":"index","follow":"follow","max-snippet":"max-snippet:-1","max-image-preview":"max-image-preview:large","max-video-preview":"max-video-preview:-1"},"canonical":"https:\/\/agenciainfra.com\/blog\/tcu-ja-alertou-antaq-que-restringir-players-em-leilao-portuario-depende-de-analise-do-cade\/","og_locale":"pt_BR","og_type":"article","og_title":"TCU j\u00e1 alertou ANTAQ que restringir players em leil\u00e3o portu\u00e1rio depende de an\u00e1lise do Cade","og_description":"Amanda Pupo, da Ag\u00eancia iNFRA O TCU (Tribunal de Contas da Uni\u00e3o) fez um alerta recente \u00e0 ANTAQ (Ag\u00eancia Nacional de Transportes Aquavi\u00e1rios) de que o \u00f3rg\u00e3o n\u00e3o pode criar uma restri\u00e7\u00e3o concorrencial em leil\u00f5es de terminais portu\u00e1rios sem antes consultar o Cade (Conselho Administrativo de Defesa Econ\u00f4mica), institui\u00e7\u00e3o antitruste respons\u00e1vel por zelar pelo ambiente [&hellip;]","og_url":"https:\/\/agenciainfra.com\/blog\/tcu-ja-alertou-antaq-que-restringir-players-em-leilao-portuario-depende-de-analise-do-cade\/","og_site_name":"Ag\u00eancia iNFRA","article_publisher":"https:\/\/www.facebook.com\/ageninfra","article_published_time":"2025-05-29T14:00:00+00:00","article_modified_time":"2025-05-30T21:38:07+00:00","og_image":[{"width":1280,"height":760,"url":"https:\/\/agenciainfra.com\/blog\/wp-content\/uploads\/2018\/07\/porto_de_santos_divulgcao-e1748516106368.jpg","type":"image\/jpeg"}],"author":"Ag\u00eancia iNFRA","twitter_card":"summary_large_image","twitter_creator":"@agencia_infra","twitter_site":"@agencia_infra","twitter_misc":{"Escrito por":"Ag\u00eancia iNFRA","Est. tempo de leitura":"4 minutos"},"schema":{"@context":"https:\/\/schema.org","@graph":[{"@type":"Article","@id":"https:\/\/agenciainfra.com\/blog\/tcu-ja-alertou-antaq-que-restringir-players-em-leilao-portuario-depende-de-analise-do-cade\/#article","isPartOf":{"@id":"https:\/\/agenciainfra.com\/blog\/tcu-ja-alertou-antaq-que-restringir-players-em-leilao-portuario-depende-de-analise-do-cade\/"},"author":{"name":"Ag\u00eancia iNFRA","@id":"https:\/\/agenciainfra.com\/blog\/#\/schema\/person\/34af08dff6adea4cb22b06612ba7acfa"},"headline":"TCU j\u00e1 alertou ANTAQ que restringir players em leil\u00e3o portu\u00e1rio depende de an\u00e1lise do Cade","datePublished":"2025-05-29T14:00:00+00:00","dateModified":"2025-05-30T21:38:07+00:00","mainEntityOfPage":{"@id":"https:\/\/agenciainfra.com\/blog\/tcu-ja-alertou-antaq-que-restringir-players-em-leilao-portuario-depende-de-analise-do-cade\/"},"wordCount":918,"publisher":{"@id":"https:\/\/agenciainfra.com\/blog\/#organization"},"image":{"@id":"https:\/\/agenciainfra.com\/blog\/tcu-ja-alertou-antaq-que-restringir-players-em-leilao-portuario-depende-de-analise-do-cade\/#primaryimage"},"thumbnailUrl":"https:\/\/agenciainfra.com\/blog\/wp-content\/uploads\/2018\/07\/porto_de_santos_divulgcao-e1748516106368.jpg","keywords":["Amanda Pupo","ANTAQ","BTP","Cade","concorr\u00eancia","FPPA","leil\u00e3o","licita\u00e7\u00e3o","Minist\u00e9rio de Portos e Aeroportos","MPor","Porto de Santos","portos","restri\u00e7\u00e3o concorrencial","Santos Brasil","STS10","TCU","TCU (Tribunal de Contas da Uni\u00e3o)","Tecon 10","Tecon Santos 10","terminal de cont\u00eaineres"],"articleSection":["Geral","iNFRATransporte"],"inLanguage":"pt-BR","copyrightYear":"2025","copyrightHolder":{"@id":"https:\/\/agenciainfra.com\/blog\/#organization"}},{"@type":"WebPage","@id":"https:\/\/agenciainfra.com\/blog\/tcu-ja-alertou-antaq-que-restringir-players-em-leilao-portuario-depende-de-analise-do-cade\/","url":"https:\/\/agenciainfra.com\/blog\/tcu-ja-alertou-antaq-que-restringir-players-em-leilao-portuario-depende-de-analise-do-cade\/","name":"TCU j\u00e1 alertou ANTAQ que restringir players em leil\u00e3o portu\u00e1rio depende de an\u00e1lise do Cade - Ag\u00eancia iNFRA","isPartOf":{"@id":"https:\/\/agenciainfra.com\/blog\/#website"},"primaryImageOfPage":{"@id":"https:\/\/agenciainfra.com\/blog\/tcu-ja-alertou-antaq-que-restringir-players-em-leilao-portuario-depende-de-analise-do-cade\/#primaryimage"},"image":{"@id":"https:\/\/agenciainfra.com\/blog\/tcu-ja-alertou-antaq-que-restringir-players-em-leilao-portuario-depende-de-analise-do-cade\/#primaryimage"},"thumbnailUrl":"https:\/\/agenciainfra.com\/blog\/wp-content\/uploads\/2018\/07\/porto_de_santos_divulgcao-e1748516106368.jpg","datePublished":"2025-05-29T14:00:00+00:00","dateModified":"2025-05-30T21:38:07+00:00","breadcrumb":{"@id":"https:\/\/agenciainfra.com\/blog\/tcu-ja-alertou-antaq-que-restringir-players-em-leilao-portuario-depende-de-analise-do-cade\/#breadcrumb"},"inLanguage":"pt-BR","potentialAction":[{"@type":"ReadAction","target":["https:\/\/agenciainfra.com\/blog\/tcu-ja-alertou-antaq-que-restringir-players-em-leilao-portuario-depende-de-analise-do-cade\/"]}]},{"@type":"ImageObject","inLanguage":"pt-BR","@id":"https:\/\/agenciainfra.com\/blog\/tcu-ja-alertou-antaq-que-restringir-players-em-leilao-portuario-depende-de-analise-do-cade\/#primaryimage","url":"https:\/\/agenciainfra.com\/blog\/wp-content\/uploads\/2018\/07\/porto_de_santos_divulgcao-e1748516106368.jpg","contentUrl":"https:\/\/agenciainfra.com\/blog\/wp-content\/uploads\/2018\/07\/porto_de_santos_divulgcao-e1748516106368.jpg","width":1280,"height":760,"caption":"Divulga\u00e7\u00e3o APS"},{"@type":"BreadcrumbList","@id":"https:\/\/agenciainfra.com\/blog\/tcu-ja-alertou-antaq-que-restringir-players-em-leilao-portuario-depende-de-analise-do-cade\/#breadcrumb","itemListElement":[{"@type":"ListItem","position":1,"name":"In\u00edcio","item":"https:\/\/agenciainfra.com\/blog\/"},{"@type":"ListItem","position":2,"name":"TCU j\u00e1 alertou ANTAQ que restringir players em leil\u00e3o portu\u00e1rio depende de an\u00e1lise do Cade"}]},{"@type":"WebSite","@id":"https:\/\/agenciainfra.com\/blog\/#website","url":"https:\/\/agenciainfra.com\/blog\/","name":"Ag\u00eancia iNFRA","description":"Multiplataforma de informa\u00e7\u00e3o jornal\u00edstica refer\u00eancia na \u00e1rea de infraestrutura no Brasil!","publisher":{"@id":"https:\/\/agenciainfra.com\/blog\/#organization"},"potentialAction":[{"@type":"SearchAction","target":{"@type":"EntryPoint","urlTemplate":"https:\/\/agenciainfra.com\/blog\/?s={search_term_string}"},"query-input":{"@type":"PropertyValueSpecification","valueRequired":true,"valueName":"search_term_string"}}],"inLanguage":"pt-BR"},{"@type":"Organization","@id":"https:\/\/agenciainfra.com\/blog\/#organization","name":"Ag\u00eancia iNFRA","url":"https:\/\/agenciainfra.com\/blog\/","logo":{"@type":"ImageObject","inLanguage":"pt-BR","@id":"https:\/\/agenciainfra.com\/blog\/#\/schema\/logo\/image\/","url":"https:\/\/agenciainfra.com\/blog\/wp-content\/uploads\/2023\/09\/iNFRA_5-e1761735885940.png","contentUrl":"https:\/\/agenciainfra.com\/blog\/wp-content\/uploads\/2023\/09\/iNFRA_5-e1761735885940.png","width":1672,"height":454,"caption":"Ag\u00eancia iNFRA"},"image":{"@id":"https:\/\/agenciainfra.com\/blog\/#\/schema\/logo\/image\/"},"sameAs":["https:\/\/www.facebook.com\/ageninfra","https:\/\/x.com\/agencia_infra","https:\/\/www.linkedin.com\/company\/ag\u00eanciainfra\/","https:\/\/www.instagram.com\/agenciainfra\/"]},{"@type":"Person","@id":"https:\/\/agenciainfra.com\/blog\/#\/schema\/person\/34af08dff6adea4cb22b06612ba7acfa","name":"Ag\u00eancia iNFRA","image":{"@type":"ImageObject","inLanguage":"pt-BR","@id":"https:\/\/agenciainfra.com\/blog\/#\/schema\/person\/image\/","url":"https:\/\/secure.gravatar.com\/avatar\/d189e01678f06d8eb84d4e01f08eb848b3fffe3f8443818d3c356c66892f5be8?s=96&d=mm&r=g","contentUrl":"https:\/\/secure.gravatar.com\/avatar\/d189e01678f06d8eb84d4e01f08eb848b3fffe3f8443818d3c356c66892f5be8?s=96&d=mm&r=g","caption":"Ag\u00eancia iNFRA"},"url":"https:\/\/agenciainfra.com\/blog\/author\/admin\/"}]}},"_links":{"self":[{"href":"https:\/\/agenciainfra.com\/blog\/wp-json\/wp\/v2\/posts\/22239","targetHints":{"allow":["GET"]}}],"collection":[{"href":"https:\/\/agenciainfra.com\/blog\/wp-json\/wp\/v2\/posts"}],"about":[{"href":"https:\/\/agenciainfra.com\/blog\/wp-json\/wp\/v2\/types\/post"}],"author":[{"embeddable":true,"href":"https:\/\/agenciainfra.com\/blog\/wp-json\/wp\/v2\/users\/1"}],"replies":[{"embeddable":true,"href":"https:\/\/agenciainfra.com\/blog\/wp-json\/wp\/v2\/comments?post=22239"}],"version-history":[{"count":1,"href":"https:\/\/agenciainfra.com\/blog\/wp-json\/wp\/v2\/posts\/22239\/revisions"}],"predecessor-version":[{"id":22240,"href":"https:\/\/agenciainfra.com\/blog\/wp-json\/wp\/v2\/posts\/22239\/revisions\/22240"}],"wp:featuredmedia":[{"embeddable":true,"href":"https:\/\/agenciainfra.com\/blog\/wp-json\/wp\/v2\/media\/2173"}],"wp:attachment":[{"href":"https:\/\/agenciainfra.com\/blog\/wp-json\/wp\/v2\/media?parent=22239"}],"wp:term":[{"taxonomy":"category","embeddable":true,"href":"https:\/\/agenciainfra.com\/blog\/wp-json\/wp\/v2\/categories?post=22239"},{"taxonomy":"post_tag","embeddable":true,"href":"https:\/\/agenciainfra.com\/blog\/wp-json\/wp\/v2\/tags?post=22239"}],"curies":[{"name":"wp","href":"https:\/\/api.w.org\/{rel}","templated":true}]}}