{"id":22351,"date":"2025-06-02T08:30:00","date_gmt":"2025-06-02T11:30:00","guid":{"rendered":"https:\/\/agenciainfra.com\/blog\/?p=22351"},"modified":"2025-06-03T09:03:04","modified_gmt":"2025-06-03T12:03:04","slug":"termo-norte-estima-viabilizar-termica-no-df-via-leilao-da-lei-da-eletrobras-por-r-600-o-mwh","status":"publish","type":"post","link":"https:\/\/agenciainfra.com\/blog\/termo-norte-estima-viabilizar-termica-no-df-via-leilao-da-lei-da-eletrobras-por-r-600-o-mwh\/","title":{"rendered":"Termo Norte estima viabilizar t\u00e9rmica no DF, via leil\u00e3o da Lei da Eletrobras, por R$ 600 o MWh"},"content":{"rendered":"\n<p class=\"has-text-align-right\"><strong>Geraldo Campos Jr. e Lais Carregosa, da Ag\u00eancia iNFRA<\/strong><\/p>\n\n\n\n<p>A Termo Norte Energia, do empres\u00e1rio Carlos Suarez,\u00a0projeta o in\u00edcio da opera\u00e7\u00e3o da UTE (Usina Termel\u00e9trica) Bras\u00edlia para 2031, ap\u00f3s concorr\u00eancia em leil\u00e3o determinado\u00a0pela Lei da Eletrobras, o LRCE (Leil\u00e3o de Reserva de Capacidade na Forma de Energia). A empresa estima que o empreendimento deve se viabilizar economicamente com um pre\u00e7o na casa de R$ 600 por MWh (megawatt\/hora), podendo chegar a at\u00e9 R$ 700 por MWh, segundo c\u00e1lculos preliminares.\u00a0<br><br>\u201cSe formos ver, ainda \u00e9 um pre\u00e7o por megawatt\/hora muito mais baixo que os dos leil\u00f5es emergenciais, cerca de um ter\u00e7o menor\u201d, destacou o diretor da usina, Isaac Mizrahi, em entrevista \u00e0<strong>\u00a0Ag\u00eancia iNFRA<\/strong>.<br><br>O empreendimento, planejado para a Regi\u00e3o Administrativa de Samambaia, no Distrito Federal, est\u00e1 em processo de licenciamento ambiental junto ao Ibama (Instituto Brasileiro do Meio Ambiente e dos Recursos Naturais Renov\u00e1veis). O objetivo \u00e9 conseguir a LP (Licen\u00e7a Pr\u00e9via) ainda neste ano, o que \u00e9 necess\u00e1rio para habilita\u00e7\u00e3o e participa\u00e7\u00e3o em um LRCE.<br><br><strong>Gasoduto<\/strong><br>Para garantir o\u00a0suprimento de g\u00e1s para a usina, no entanto, a empresa conta ainda com a constru\u00e7\u00e3o de um gasoduto para o transporte do insumo entre S\u00e3o Carlos (SP) e Bras\u00edlia (DF), a ser operado pela TGBC (Transportadora de G\u00e1s Brasil Central). Atualmente, o duto est\u00e1 em fase de renova\u00e7\u00e3o da licen\u00e7a de instala\u00e7\u00e3o, necess\u00e1ria para in\u00edcio das obras. Os dois projetos dependem um do outro para alcan\u00e7ar viabilidade econ\u00f4mica, tanto de demanda como de oferta.<br><br>A UTE precisar\u00e1 de um outro duto com extens\u00e3o de 200 metros para interligar a usina ao gasoduto de transporte, que trar\u00e1 o g\u00e1s natural para o Centro-Oeste por meio\u00a0de conex\u00e3o com o Gasbol (Gasoduto Bol\u00edvia-Brasil). A transportadora tamb\u00e9m tem Carlos Suarez como um dos s\u00f3cios.<br><br>De acordo com o Isaac Mizrahi, a implanta\u00e7\u00e3o do gasoduto e da UTE Bras\u00edlia est\u00e1 sendo planejada de forma sincronizada, com cronogramas compat\u00edveis. Dessa forma, a empresa trabalha com a expectativa de que o duto tamb\u00e9m ficar\u00e1 pronto at\u00e9 2031 para fornecer o g\u00e1s natural para a usina.<br><br>A contrata\u00e7\u00e3o do g\u00e1s natural deve acontecer por meio de chamada p\u00fablica, segundo ele, com contratos inflex\u00edveis. \u201cO pre\u00e7o da energia paga aquilo tudo, a parte do g\u00e1s tamb\u00e9m, paga o [modelo de contrato] \u2018take or ship\u2019 do g\u00e1s de 70%, que \u00e9 a inflexibilidade da usina no momento\u201d, declarou.<br><br><strong>Lei da Eletrobras<\/strong><br>A lei de privatiza\u00e7\u00e3o da Eletrobras estabeleceu um cronograma anual de leil\u00f5es de energia de reserva para usinas inflex\u00edveis a g\u00e1s natural. Contudo, s\u00f3 um dos certames foi realizado, em 2022.\u00a0O leil\u00e3o n\u00e3o teve concorr\u00eancia e, dos 2 GW estabelecidos no edital, s\u00f3 754 MW foram contratados. Isso acendeu um sinal de alerta para o \u00a0governo, que, apesar de obrigado a realizar as contrata\u00e7\u00f5es, n\u00e3o tem lan\u00e7ado os editais.<br><br>Embora ainda n\u00e3o haja previs\u00e3o de realiza\u00e7\u00e3o de leil\u00e3o, a Termo Norte vislumbra a possibilidade de que o certame ocorra em 2026. A expectativa se d\u00e1 pelo comando aprovado pelo Congresso Nacional no Marco Legal das E\u00f3licas Offshore de que as t\u00e9rmicas que o governo ficou obrigado a contratar com inflexibilidade de 70% dever\u00e3o entrar em opera\u00e7\u00e3o at\u00e9 1\u00ba de janeiro de 2031.<br><br>O trecho foi vetado pelo presidente Lula, mas ainda pode ser restaurado pelo Congresso em sess\u00e3o prevista tamb\u00e9m para o dia 17 de junho, se ocorrer a derrubada do veto. O comando reduziu o montante de obriga\u00e7\u00e3o de contrata\u00e7\u00e3o de t\u00e9rmicas de 8.000 MW para 4.250 MW, por\u00e9m elevou o pre\u00e7o-teto para contrata\u00e7\u00e3o da energia de R$ 450\/MWh para R$ 600\/MWh. Segundo Isaac Mizrahi, o pre\u00e7o antigo \u201cn\u00e3o viabiliza boa parte dos projetos de t\u00e9rmicas\u201d.<br><br>Apesar de a viabilidade do projeto estar atrelada ao trecho vetado da Lei das E\u00f3licas Offshore, a mudan\u00e7a do volume de contrata\u00e7\u00e3o por regi\u00f5es nos LRCEs provocaria uma altera\u00e7\u00e3o do projeto. Mizrahi explica que a concep\u00e7\u00e3o inicial e que est\u00e1 em licenciamento \u00e9 de uma usina de 1.470 MW. No entanto, a capacidade instalada pode ser reduzida a 500 MW para a disputa no leil\u00e3o com a redu\u00e7\u00e3o.<br><br><strong>Medidas de compensa\u00e7\u00e3o<\/strong><br>O diretor da usina disse que o projeto enfrenta pol\u00eamicas \u201ccontr\u00e1rias \u00e0 proatividade\u201d que a empresa empreende para mitigar impactos. Ele afirmou que o projeto est\u00e1 bem estruturado do ponto de vista socioambiental e sinaliza que a empresa pode fazer altera\u00e7\u00f5es e aprimoramentos, se for o caso. Uma audi\u00eancia p\u00fablica est\u00e1 marcada para o dia 17 de junho.<br><br>A discuss\u00e3o sobre o licenciamento ambiental da UTE gira em torno de dois pontos: o deslocamento de uma escola, que est\u00e1 localizada ao lado de onde a t\u00e9rmica ser\u00e1 constru\u00edda; e a capta\u00e7\u00e3o da \u00e1gua do rio Melchior para o resfriamento do sistema.<br><br>De acordo com a empresa, o volume de \u00e1gua que ser\u00e1 utilizado \u00e9 menor do que empreendimentos semelhantes porque a usina usa tecnologia de condensamento a ar para o sistema de resfriamento. O projeto prev\u00ea a devolu\u00e7\u00e3o de 95% da \u00e1gua captada de volta ao rio e o tratamento desta \u00e1gua, que voltaria ao curso com qualidade superior \u00e0 habitual do rio, que \u00e9 afetado pela polui\u00e7\u00e3o devido ao despejo de esgoto.<br><br>Isaac Mizrahi tamb\u00e9m explicou que o estudo atual aponta a mudan\u00e7a de local da escola como uma alternativa, com constru\u00e7\u00e3o do novo espa\u00e7o pela pr\u00f3pria empresa. Esse \u00e9 um ponto sens\u00edvel na comunidade, uma vez que a escola j\u00e1 foi reconstru\u00edda em outro lugar para instala\u00e7\u00e3o de um aterro sanit\u00e1rio na regi\u00e3o.\u00a0<br><br>No entanto, Mizrahi destaca que nenhuma decis\u00e3o foi tomada e que, se a comunidade assim preferir, tamb\u00e9m h\u00e1 a possibilidade de a escola continuar no mesmo local, com melhorias de infraestrutura executadas pela empresa. Segundo o executivo, o ru\u00eddo da usina em opera\u00e7\u00e3o seria baixo.<br><br>\u201cA planta vai ficar a 150 metros da escola, mas o ru\u00eddo que a usina vai gerar durante a opera\u00e7\u00e3o \u00e9 um ru\u00eddo muito baixo, de 40 decib\u00e9is. \u00c9 equivalente a uma conversa. Mas durante a obra, como qualquer obra, \u00e9 um pouco mais chato. Mas a gente pode pensar em medidas mitigadoras\u201d, disse Mizrahi, que completou: \u201cO caso-base que est\u00e1 no Ibama \u00e9 levar a escola para outro lugar, mas a gente est\u00e1 aberto ao di\u00e1logo em rela\u00e7\u00e3o a isso\u201d.<\/p>\n","protected":false},"excerpt":{"rendered":"<p>Geraldo Campos Jr. e Lais Carregosa, da Ag\u00eancia iNFRA A Termo Norte Energia, do empres\u00e1rio Carlos Suarez,\u00a0projeta o in\u00edcio da opera\u00e7\u00e3o da UTE (Usina Termel\u00e9trica) Bras\u00edlia para 2031, ap\u00f3s concorr\u00eancia em leil\u00e3o determinado\u00a0pela Lei da Eletrobras, o LRCE (Leil\u00e3o de Reserva de Capacidade na Forma de Energia). A empresa estima que o empreendimento deve se [&hellip;]<\/p>\n","protected":false},"author":1,"featured_media":22359,"comment_status":"closed","ping_status":"closed","sticky":false,"template":"","format":"standard","meta":{"_monsterinsights_skip_tracking":false,"_monsterinsights_sitenote_active":false,"_monsterinsights_sitenote_note":"","_monsterinsights_sitenote_category":0,"footnotes":""},"categories":[7250,1,10],"tags":[11510,11594,13587,13132,5365,4912,13585,13586,13584,13583,11332],"class_list":["post-22351","post","type-post","status-publish","format-standard","has-post-thumbnail","hentry","category-destaque-lista","category-geral","category-infraenergia","tag-carlos-suarez","tag-geraldo-campos-jr","tag-isaac-mizrahi","tag-lais-carregosa","tag-lei-da-eletrobras","tag-leilao-de-energia","tag-lrce","tag-termeletrica-no-df","tag-termica-no-df","tag-termo-norte-energia","tag-usina-termeletrica"],"yoast_head":"<!-- This site is optimized with the Yoast SEO Premium plugin v25.4 (Yoast SEO v26.0) - https:\/\/yoast.com\/wordpress\/plugins\/seo\/ -->\n<title>Termo Norte estima viabilizar t\u00e9rmica no DF, via leil\u00e3o da Lei da Eletrobras, por R$ 600 o MWh - Ag\u00eancia iNFRA<\/title>\n<meta name=\"robots\" content=\"index, follow, max-snippet:-1, max-image-preview:large, max-video-preview:-1\" \/>\n<link rel=\"canonical\" href=\"https:\/\/agenciainfra.com\/blog\/termo-norte-estima-viabilizar-termica-no-df-via-leilao-da-lei-da-eletrobras-por-r-600-o-mwh\/\" \/>\n<meta property=\"og:locale\" content=\"pt_BR\" \/>\n<meta property=\"og:type\" content=\"article\" \/>\n<meta property=\"og:title\" content=\"Termo Norte estima viabilizar t\u00e9rmica no DF, via leil\u00e3o da Lei da Eletrobras, por R$ 600 o MWh\" \/>\n<meta property=\"og:description\" content=\"Geraldo Campos Jr. e Lais Carregosa, da Ag\u00eancia iNFRA A Termo Norte Energia, do empres\u00e1rio Carlos Suarez,\u00a0projeta o in\u00edcio da opera\u00e7\u00e3o da UTE (Usina Termel\u00e9trica) Bras\u00edlia para 2031, ap\u00f3s concorr\u00eancia em leil\u00e3o determinado\u00a0pela Lei da Eletrobras, o LRCE (Leil\u00e3o de Reserva de Capacidade na Forma de Energia). A empresa estima que o empreendimento deve se [&hellip;]\" \/>\n<meta property=\"og:url\" content=\"https:\/\/agenciainfra.com\/blog\/termo-norte-estima-viabilizar-termica-no-df-via-leilao-da-lei-da-eletrobras-por-r-600-o-mwh\/\" \/>\n<meta property=\"og:site_name\" content=\"Ag\u00eancia iNFRA\" \/>\n<meta property=\"article:publisher\" content=\"https:\/\/www.facebook.com\/ageninfra\" \/>\n<meta property=\"article:published_time\" content=\"2025-06-02T11:30:00+00:00\" \/>\n<meta property=\"article:modified_time\" content=\"2025-06-03T12:03:04+00:00\" \/>\n<meta property=\"og:image\" content=\"https:\/\/agenciainfra.com\/blog\/wp-content\/uploads\/2025\/06\/termeletrica-brasilia-foto-termo_norte_bsb-e1748868485409.jpg\" \/>\n\t<meta property=\"og:image:width\" content=\"1280\" \/>\n\t<meta property=\"og:image:height\" content=\"726\" \/>\n\t<meta property=\"og:image:type\" content=\"image\/jpeg\" \/>\n<meta name=\"author\" content=\"Ag\u00eancia iNFRA\" \/>\n<meta name=\"twitter:card\" content=\"summary_large_image\" \/>\n<meta name=\"twitter:creator\" content=\"@agencia_infra\" \/>\n<meta name=\"twitter:site\" content=\"@agencia_infra\" \/>\n<meta name=\"twitter:label1\" content=\"Escrito por\" \/>\n\t<meta name=\"twitter:data1\" content=\"Ag\u00eancia iNFRA\" \/>\n\t<meta name=\"twitter:label2\" content=\"Est. tempo de leitura\" \/>\n\t<meta name=\"twitter:data2\" content=\"6 minutos\" \/>\n<script type=\"application\/ld+json\" class=\"yoast-schema-graph\">{\"@context\":\"https:\/\/schema.org\",\"@graph\":[{\"@type\":\"Article\",\"@id\":\"https:\/\/agenciainfra.com\/blog\/termo-norte-estima-viabilizar-termica-no-df-via-leilao-da-lei-da-eletrobras-por-r-600-o-mwh\/#article\",\"isPartOf\":{\"@id\":\"https:\/\/agenciainfra.com\/blog\/termo-norte-estima-viabilizar-termica-no-df-via-leilao-da-lei-da-eletrobras-por-r-600-o-mwh\/\"},\"author\":{\"name\":\"Ag\u00eancia iNFRA\",\"@id\":\"https:\/\/agenciainfra.com\/blog\/#\/schema\/person\/34af08dff6adea4cb22b06612ba7acfa\"},\"headline\":\"Termo Norte estima viabilizar t\u00e9rmica no DF, via leil\u00e3o da Lei da Eletrobras, por R$ 600 o MWh\",\"datePublished\":\"2025-06-02T11:30:00+00:00\",\"dateModified\":\"2025-06-03T12:03:04+00:00\",\"mainEntityOfPage\":{\"@id\":\"https:\/\/agenciainfra.com\/blog\/termo-norte-estima-viabilizar-termica-no-df-via-leilao-da-lei-da-eletrobras-por-r-600-o-mwh\/\"},\"wordCount\":1131,\"publisher\":{\"@id\":\"https:\/\/agenciainfra.com\/blog\/#organization\"},\"image\":{\"@id\":\"https:\/\/agenciainfra.com\/blog\/termo-norte-estima-viabilizar-termica-no-df-via-leilao-da-lei-da-eletrobras-por-r-600-o-mwh\/#primaryimage\"},\"thumbnailUrl\":\"https:\/\/agenciainfra.com\/blog\/wp-content\/uploads\/2025\/06\/termeletrica-brasilia-foto-termo_norte_bsb-e1748868485409.jpg\",\"keywords\":[\"Carlos Suarez\",\"Geraldo Campos Jr.\",\"isaac mizrahi\",\"Lais Carregosa\",\"Lei da Eletrobras\",\"leil\u00e3o de energia\",\"lrce\",\"termel\u00e9trica no df\",\"t\u00e9rmica no DF\",\"termo norte energia\",\"Usina Termel\u00e9trica\"],\"articleSection\":[\"Destaque lista\",\"Geral\",\"iNFRAEnergia\"],\"inLanguage\":\"pt-BR\",\"copyrightYear\":\"2025\",\"copyrightHolder\":{\"@id\":\"https:\/\/agenciainfra.com\/blog\/#organization\"}},{\"@type\":\"WebPage\",\"@id\":\"https:\/\/agenciainfra.com\/blog\/termo-norte-estima-viabilizar-termica-no-df-via-leilao-da-lei-da-eletrobras-por-r-600-o-mwh\/\",\"url\":\"https:\/\/agenciainfra.com\/blog\/termo-norte-estima-viabilizar-termica-no-df-via-leilao-da-lei-da-eletrobras-por-r-600-o-mwh\/\",\"name\":\"Termo Norte estima viabilizar t\u00e9rmica no DF, via leil\u00e3o da Lei da Eletrobras, por R$ 600 o MWh - Ag\u00eancia iNFRA\",\"isPartOf\":{\"@id\":\"https:\/\/agenciainfra.com\/blog\/#website\"},\"primaryImageOfPage\":{\"@id\":\"https:\/\/agenciainfra.com\/blog\/termo-norte-estima-viabilizar-termica-no-df-via-leilao-da-lei-da-eletrobras-por-r-600-o-mwh\/#primaryimage\"},\"image\":{\"@id\":\"https:\/\/agenciainfra.com\/blog\/termo-norte-estima-viabilizar-termica-no-df-via-leilao-da-lei-da-eletrobras-por-r-600-o-mwh\/#primaryimage\"},\"thumbnailUrl\":\"https:\/\/agenciainfra.com\/blog\/wp-content\/uploads\/2025\/06\/termeletrica-brasilia-foto-termo_norte_bsb-e1748868485409.jpg\",\"datePublished\":\"2025-06-02T11:30:00+00:00\",\"dateModified\":\"2025-06-03T12:03:04+00:00\",\"breadcrumb\":{\"@id\":\"https:\/\/agenciainfra.com\/blog\/termo-norte-estima-viabilizar-termica-no-df-via-leilao-da-lei-da-eletrobras-por-r-600-o-mwh\/#breadcrumb\"},\"inLanguage\":\"pt-BR\",\"potentialAction\":[{\"@type\":\"ReadAction\",\"target\":[\"https:\/\/agenciainfra.com\/blog\/termo-norte-estima-viabilizar-termica-no-df-via-leilao-da-lei-da-eletrobras-por-r-600-o-mwh\/\"]}]},{\"@type\":\"ImageObject\",\"inLanguage\":\"pt-BR\",\"@id\":\"https:\/\/agenciainfra.com\/blog\/termo-norte-estima-viabilizar-termica-no-df-via-leilao-da-lei-da-eletrobras-por-r-600-o-mwh\/#primaryimage\",\"url\":\"https:\/\/agenciainfra.com\/blog\/wp-content\/uploads\/2025\/06\/termeletrica-brasilia-foto-termo_norte_bsb-e1748868485409.jpg\",\"contentUrl\":\"https:\/\/agenciainfra.com\/blog\/wp-content\/uploads\/2025\/06\/termeletrica-brasilia-foto-termo_norte_bsb-e1748868485409.jpg\",\"width\":1280,\"height\":726,\"caption\":\"Foto: Termo Norte\"},{\"@type\":\"BreadcrumbList\",\"@id\":\"https:\/\/agenciainfra.com\/blog\/termo-norte-estima-viabilizar-termica-no-df-via-leilao-da-lei-da-eletrobras-por-r-600-o-mwh\/#breadcrumb\",\"itemListElement\":[{\"@type\":\"ListItem\",\"position\":1,\"name\":\"In\u00edcio\",\"item\":\"https:\/\/agenciainfra.com\/blog\/\"},{\"@type\":\"ListItem\",\"position\":2,\"name\":\"Termo Norte estima viabilizar t\u00e9rmica no DF, via leil\u00e3o da Lei da Eletrobras, por R$ 600 o MWh\"}]},{\"@type\":\"WebSite\",\"@id\":\"https:\/\/agenciainfra.com\/blog\/#website\",\"url\":\"https:\/\/agenciainfra.com\/blog\/\",\"name\":\"Ag\u00eancia iNFRA\",\"description\":\"Multiplataforma de informa\u00e7\u00e3o jornal\u00edstica refer\u00eancia na \u00e1rea de infraestrutura no Brasil!\",\"publisher\":{\"@id\":\"https:\/\/agenciainfra.com\/blog\/#organization\"},\"potentialAction\":[{\"@type\":\"SearchAction\",\"target\":{\"@type\":\"EntryPoint\",\"urlTemplate\":\"https:\/\/agenciainfra.com\/blog\/?s={search_term_string}\"},\"query-input\":{\"@type\":\"PropertyValueSpecification\",\"valueRequired\":true,\"valueName\":\"search_term_string\"}}],\"inLanguage\":\"pt-BR\"},{\"@type\":\"Organization\",\"@id\":\"https:\/\/agenciainfra.com\/blog\/#organization\",\"name\":\"Ag\u00eancia iNFRA\",\"url\":\"https:\/\/agenciainfra.com\/blog\/\",\"logo\":{\"@type\":\"ImageObject\",\"inLanguage\":\"pt-BR\",\"@id\":\"https:\/\/agenciainfra.com\/blog\/#\/schema\/logo\/image\/\",\"url\":\"https:\/\/agenciainfra.com\/blog\/wp-content\/uploads\/2023\/09\/iNFRA_5-e1761735885940.png\",\"contentUrl\":\"https:\/\/agenciainfra.com\/blog\/wp-content\/uploads\/2023\/09\/iNFRA_5-e1761735885940.png\",\"width\":1672,\"height\":454,\"caption\":\"Ag\u00eancia iNFRA\"},\"image\":{\"@id\":\"https:\/\/agenciainfra.com\/blog\/#\/schema\/logo\/image\/\"},\"sameAs\":[\"https:\/\/www.facebook.com\/ageninfra\",\"https:\/\/x.com\/agencia_infra\",\"https:\/\/www.linkedin.com\/company\/ag\u00eanciainfra\/\",\"https:\/\/www.instagram.com\/agenciainfra\/\"]},{\"@type\":\"Person\",\"@id\":\"https:\/\/agenciainfra.com\/blog\/#\/schema\/person\/34af08dff6adea4cb22b06612ba7acfa\",\"name\":\"Ag\u00eancia iNFRA\",\"image\":{\"@type\":\"ImageObject\",\"inLanguage\":\"pt-BR\",\"@id\":\"https:\/\/agenciainfra.com\/blog\/#\/schema\/person\/image\/\",\"url\":\"https:\/\/secure.gravatar.com\/avatar\/d189e01678f06d8eb84d4e01f08eb848b3fffe3f8443818d3c356c66892f5be8?s=96&d=mm&r=g\",\"contentUrl\":\"https:\/\/secure.gravatar.com\/avatar\/d189e01678f06d8eb84d4e01f08eb848b3fffe3f8443818d3c356c66892f5be8?s=96&d=mm&r=g\",\"caption\":\"Ag\u00eancia iNFRA\"},\"url\":\"https:\/\/agenciainfra.com\/blog\/author\/admin\/\"}]}<\/script>\n<!-- \/ Yoast SEO Premium plugin. -->","yoast_head_json":{"title":"Termo Norte estima viabilizar t\u00e9rmica no DF, via leil\u00e3o da Lei da Eletrobras, por R$ 600 o MWh - Ag\u00eancia iNFRA","robots":{"index":"index","follow":"follow","max-snippet":"max-snippet:-1","max-image-preview":"max-image-preview:large","max-video-preview":"max-video-preview:-1"},"canonical":"https:\/\/agenciainfra.com\/blog\/termo-norte-estima-viabilizar-termica-no-df-via-leilao-da-lei-da-eletrobras-por-r-600-o-mwh\/","og_locale":"pt_BR","og_type":"article","og_title":"Termo Norte estima viabilizar t\u00e9rmica no DF, via leil\u00e3o da Lei da Eletrobras, por R$ 600 o MWh","og_description":"Geraldo Campos Jr. e Lais Carregosa, da Ag\u00eancia iNFRA A Termo Norte Energia, do empres\u00e1rio Carlos Suarez,\u00a0projeta o in\u00edcio da opera\u00e7\u00e3o da UTE (Usina Termel\u00e9trica) Bras\u00edlia para 2031, ap\u00f3s concorr\u00eancia em leil\u00e3o determinado\u00a0pela Lei da Eletrobras, o LRCE (Leil\u00e3o de Reserva de Capacidade na Forma de Energia). A empresa estima que o empreendimento deve se [&hellip;]","og_url":"https:\/\/agenciainfra.com\/blog\/termo-norte-estima-viabilizar-termica-no-df-via-leilao-da-lei-da-eletrobras-por-r-600-o-mwh\/","og_site_name":"Ag\u00eancia iNFRA","article_publisher":"https:\/\/www.facebook.com\/ageninfra","article_published_time":"2025-06-02T11:30:00+00:00","article_modified_time":"2025-06-03T12:03:04+00:00","og_image":[{"width":1280,"height":726,"url":"https:\/\/agenciainfra.com\/blog\/wp-content\/uploads\/2025\/06\/termeletrica-brasilia-foto-termo_norte_bsb-e1748868485409.jpg","type":"image\/jpeg"}],"author":"Ag\u00eancia iNFRA","twitter_card":"summary_large_image","twitter_creator":"@agencia_infra","twitter_site":"@agencia_infra","twitter_misc":{"Escrito por":"Ag\u00eancia iNFRA","Est. tempo de leitura":"6 minutos"},"schema":{"@context":"https:\/\/schema.org","@graph":[{"@type":"Article","@id":"https:\/\/agenciainfra.com\/blog\/termo-norte-estima-viabilizar-termica-no-df-via-leilao-da-lei-da-eletrobras-por-r-600-o-mwh\/#article","isPartOf":{"@id":"https:\/\/agenciainfra.com\/blog\/termo-norte-estima-viabilizar-termica-no-df-via-leilao-da-lei-da-eletrobras-por-r-600-o-mwh\/"},"author":{"name":"Ag\u00eancia iNFRA","@id":"https:\/\/agenciainfra.com\/blog\/#\/schema\/person\/34af08dff6adea4cb22b06612ba7acfa"},"headline":"Termo Norte estima viabilizar t\u00e9rmica no DF, via leil\u00e3o da Lei da Eletrobras, por R$ 600 o MWh","datePublished":"2025-06-02T11:30:00+00:00","dateModified":"2025-06-03T12:03:04+00:00","mainEntityOfPage":{"@id":"https:\/\/agenciainfra.com\/blog\/termo-norte-estima-viabilizar-termica-no-df-via-leilao-da-lei-da-eletrobras-por-r-600-o-mwh\/"},"wordCount":1131,"publisher":{"@id":"https:\/\/agenciainfra.com\/blog\/#organization"},"image":{"@id":"https:\/\/agenciainfra.com\/blog\/termo-norte-estima-viabilizar-termica-no-df-via-leilao-da-lei-da-eletrobras-por-r-600-o-mwh\/#primaryimage"},"thumbnailUrl":"https:\/\/agenciainfra.com\/blog\/wp-content\/uploads\/2025\/06\/termeletrica-brasilia-foto-termo_norte_bsb-e1748868485409.jpg","keywords":["Carlos Suarez","Geraldo Campos Jr.","isaac mizrahi","Lais Carregosa","Lei da Eletrobras","leil\u00e3o de energia","lrce","termel\u00e9trica no df","t\u00e9rmica no DF","termo norte energia","Usina Termel\u00e9trica"],"articleSection":["Destaque lista","Geral","iNFRAEnergia"],"inLanguage":"pt-BR","copyrightYear":"2025","copyrightHolder":{"@id":"https:\/\/agenciainfra.com\/blog\/#organization"}},{"@type":"WebPage","@id":"https:\/\/agenciainfra.com\/blog\/termo-norte-estima-viabilizar-termica-no-df-via-leilao-da-lei-da-eletrobras-por-r-600-o-mwh\/","url":"https:\/\/agenciainfra.com\/blog\/termo-norte-estima-viabilizar-termica-no-df-via-leilao-da-lei-da-eletrobras-por-r-600-o-mwh\/","name":"Termo Norte estima viabilizar t\u00e9rmica no DF, via leil\u00e3o da Lei da Eletrobras, por R$ 600 o MWh - Ag\u00eancia iNFRA","isPartOf":{"@id":"https:\/\/agenciainfra.com\/blog\/#website"},"primaryImageOfPage":{"@id":"https:\/\/agenciainfra.com\/blog\/termo-norte-estima-viabilizar-termica-no-df-via-leilao-da-lei-da-eletrobras-por-r-600-o-mwh\/#primaryimage"},"image":{"@id":"https:\/\/agenciainfra.com\/blog\/termo-norte-estima-viabilizar-termica-no-df-via-leilao-da-lei-da-eletrobras-por-r-600-o-mwh\/#primaryimage"},"thumbnailUrl":"https:\/\/agenciainfra.com\/blog\/wp-content\/uploads\/2025\/06\/termeletrica-brasilia-foto-termo_norte_bsb-e1748868485409.jpg","datePublished":"2025-06-02T11:30:00+00:00","dateModified":"2025-06-03T12:03:04+00:00","breadcrumb":{"@id":"https:\/\/agenciainfra.com\/blog\/termo-norte-estima-viabilizar-termica-no-df-via-leilao-da-lei-da-eletrobras-por-r-600-o-mwh\/#breadcrumb"},"inLanguage":"pt-BR","potentialAction":[{"@type":"ReadAction","target":["https:\/\/agenciainfra.com\/blog\/termo-norte-estima-viabilizar-termica-no-df-via-leilao-da-lei-da-eletrobras-por-r-600-o-mwh\/"]}]},{"@type":"ImageObject","inLanguage":"pt-BR","@id":"https:\/\/agenciainfra.com\/blog\/termo-norte-estima-viabilizar-termica-no-df-via-leilao-da-lei-da-eletrobras-por-r-600-o-mwh\/#primaryimage","url":"https:\/\/agenciainfra.com\/blog\/wp-content\/uploads\/2025\/06\/termeletrica-brasilia-foto-termo_norte_bsb-e1748868485409.jpg","contentUrl":"https:\/\/agenciainfra.com\/blog\/wp-content\/uploads\/2025\/06\/termeletrica-brasilia-foto-termo_norte_bsb-e1748868485409.jpg","width":1280,"height":726,"caption":"Foto: Termo Norte"},{"@type":"BreadcrumbList","@id":"https:\/\/agenciainfra.com\/blog\/termo-norte-estima-viabilizar-termica-no-df-via-leilao-da-lei-da-eletrobras-por-r-600-o-mwh\/#breadcrumb","itemListElement":[{"@type":"ListItem","position":1,"name":"In\u00edcio","item":"https:\/\/agenciainfra.com\/blog\/"},{"@type":"ListItem","position":2,"name":"Termo Norte estima viabilizar t\u00e9rmica no DF, via leil\u00e3o da Lei da Eletrobras, por R$ 600 o MWh"}]},{"@type":"WebSite","@id":"https:\/\/agenciainfra.com\/blog\/#website","url":"https:\/\/agenciainfra.com\/blog\/","name":"Ag\u00eancia iNFRA","description":"Multiplataforma de informa\u00e7\u00e3o jornal\u00edstica refer\u00eancia na \u00e1rea de infraestrutura no Brasil!","publisher":{"@id":"https:\/\/agenciainfra.com\/blog\/#organization"},"potentialAction":[{"@type":"SearchAction","target":{"@type":"EntryPoint","urlTemplate":"https:\/\/agenciainfra.com\/blog\/?s={search_term_string}"},"query-input":{"@type":"PropertyValueSpecification","valueRequired":true,"valueName":"search_term_string"}}],"inLanguage":"pt-BR"},{"@type":"Organization","@id":"https:\/\/agenciainfra.com\/blog\/#organization","name":"Ag\u00eancia iNFRA","url":"https:\/\/agenciainfra.com\/blog\/","logo":{"@type":"ImageObject","inLanguage":"pt-BR","@id":"https:\/\/agenciainfra.com\/blog\/#\/schema\/logo\/image\/","url":"https:\/\/agenciainfra.com\/blog\/wp-content\/uploads\/2023\/09\/iNFRA_5-e1761735885940.png","contentUrl":"https:\/\/agenciainfra.com\/blog\/wp-content\/uploads\/2023\/09\/iNFRA_5-e1761735885940.png","width":1672,"height":454,"caption":"Ag\u00eancia iNFRA"},"image":{"@id":"https:\/\/agenciainfra.com\/blog\/#\/schema\/logo\/image\/"},"sameAs":["https:\/\/www.facebook.com\/ageninfra","https:\/\/x.com\/agencia_infra","https:\/\/www.linkedin.com\/company\/ag\u00eanciainfra\/","https:\/\/www.instagram.com\/agenciainfra\/"]},{"@type":"Person","@id":"https:\/\/agenciainfra.com\/blog\/#\/schema\/person\/34af08dff6adea4cb22b06612ba7acfa","name":"Ag\u00eancia iNFRA","image":{"@type":"ImageObject","inLanguage":"pt-BR","@id":"https:\/\/agenciainfra.com\/blog\/#\/schema\/person\/image\/","url":"https:\/\/secure.gravatar.com\/avatar\/d189e01678f06d8eb84d4e01f08eb848b3fffe3f8443818d3c356c66892f5be8?s=96&d=mm&r=g","contentUrl":"https:\/\/secure.gravatar.com\/avatar\/d189e01678f06d8eb84d4e01f08eb848b3fffe3f8443818d3c356c66892f5be8?s=96&d=mm&r=g","caption":"Ag\u00eancia iNFRA"},"url":"https:\/\/agenciainfra.com\/blog\/author\/admin\/"}]}},"_links":{"self":[{"href":"https:\/\/agenciainfra.com\/blog\/wp-json\/wp\/v2\/posts\/22351","targetHints":{"allow":["GET"]}}],"collection":[{"href":"https:\/\/agenciainfra.com\/blog\/wp-json\/wp\/v2\/posts"}],"about":[{"href":"https:\/\/agenciainfra.com\/blog\/wp-json\/wp\/v2\/types\/post"}],"author":[{"embeddable":true,"href":"https:\/\/agenciainfra.com\/blog\/wp-json\/wp\/v2\/users\/1"}],"replies":[{"embeddable":true,"href":"https:\/\/agenciainfra.com\/blog\/wp-json\/wp\/v2\/comments?post=22351"}],"version-history":[{"count":3,"href":"https:\/\/agenciainfra.com\/blog\/wp-json\/wp\/v2\/posts\/22351\/revisions"}],"predecessor-version":[{"id":22361,"href":"https:\/\/agenciainfra.com\/blog\/wp-json\/wp\/v2\/posts\/22351\/revisions\/22361"}],"wp:featuredmedia":[{"embeddable":true,"href":"https:\/\/agenciainfra.com\/blog\/wp-json\/wp\/v2\/media\/22359"}],"wp:attachment":[{"href":"https:\/\/agenciainfra.com\/blog\/wp-json\/wp\/v2\/media?parent=22351"}],"wp:term":[{"taxonomy":"category","embeddable":true,"href":"https:\/\/agenciainfra.com\/blog\/wp-json\/wp\/v2\/categories?post=22351"},{"taxonomy":"post_tag","embeddable":true,"href":"https:\/\/agenciainfra.com\/blog\/wp-json\/wp\/v2\/tags?post=22351"}],"curies":[{"name":"wp","href":"https:\/\/api.w.org\/{rel}","templated":true}]}}