{"id":22375,"date":"2025-06-02T17:19:43","date_gmt":"2025-06-02T20:19:43","guid":{"rendered":"https:\/\/agenciainfra.com\/blog\/?p=22375"},"modified":"2025-06-03T11:36:30","modified_gmt":"2025-06-03T14:36:30","slug":"viracopos-ministro-defende-que-abv-seja-mantida-na-administracao-do-aeroporto-em-campinas","status":"publish","type":"post","link":"https:\/\/agenciainfra.com\/blog\/viracopos-ministro-defende-que-abv-seja-mantida-na-administracao-do-aeroporto-em-campinas\/","title":{"rendered":"Viracopos: Ministro defende que ABV seja mantida na administra\u00e7\u00e3o do aeroporto em Campinas"},"content":{"rendered":"\n<p class=\"has-text-align-right\"><strong>Amanda Pupo, da Ag\u00eancia iNFRA<\/strong><\/p>\n\n\n\n<p>O ministro de Portos e Aeroportos, Silvio Costa Filho, defendeu hoje (2) que a ABV (Aeroportos Brasil Viracopos) seja mantida na administra\u00e7\u00e3o do Aeroporto Internacional de Viracopos, localizado em Campinas (SP).<\/p>\n\n\n\n<p>A declara\u00e7\u00e3o foi dada no mesmo dia em que vence o prazo dado pelo TCU (Tribunal de Contas da Uni\u00e3o) para que fosse publicado o edital de relicita\u00e7\u00e3o do ativo pela ANAC (Ag\u00eancia Nacional de Avia\u00e7\u00e3o Civil).<\/p>\n\n\n\n<p>Em entrevista \u00e0 imprensa ap\u00f3s agenda em Americana (SP), Costa Filho disse que ter\u00e1 reuni\u00e3o com o presidente do TCU, Vital do R\u00eago, sobre o tema nesta ter\u00e7a-feira (3).<\/p>\n\n\n\n<p>\u201cSou favor\u00e1vel \u00e0 manuten\u00e7\u00e3o de Viracopos. Eu acho que \u00e9 fundamental. Viracopos tem um dos melhores aeroportos do mundo, com qualidade t\u00e9cnica, ent\u00e3o eu estou defendendo que a concession\u00e1ria atual possa ser preservada. Estamos trabalhando com TCU, respeitando todos os prazos legais, e ao final a decis\u00e3o ser\u00e1 do TCU. Espero que a gente chegue a um entendimento\u201d, declarou o ministro.<\/p>\n","protected":false},"excerpt":{"rendered":"<p>Amanda Pupo, da Ag\u00eancia iNFRA O ministro de Portos e Aeroportos, Silvio Costa Filho, defendeu hoje (2) que a ABV (Aeroportos Brasil Viracopos) seja mantida na administra\u00e7\u00e3o do Aeroporto Internacional de Viracopos, localizado em Campinas (SP). A declara\u00e7\u00e3o foi dada no mesmo dia em que vence o prazo dado pelo TCU (Tribunal de Contas da [&hellip;]<\/p>\n","protected":false},"author":1,"featured_media":3466,"comment_status":"closed","ping_status":"closed","sticky":false,"template":"","format":"standard","meta":{"_monsterinsights_skip_tracking":false,"_monsterinsights_sitenote_active":false,"_monsterinsights_sitenote_note":"","_monsterinsights_sitenote_category":0,"footnotes":""},"categories":[7250,1,7],"tags":[6231,6636,13354,242,6257,7467,18,927,241,860],"class_list":["post-22375","post","type-post","status-publish","format-standard","has-post-thumbnail","hentry","category-destaque-lista","category-geral","category-infratransporte","tag-abv","tag-agencia-nacional-de-aviacao-civil","tag-amanda-pupo","tag-anac","tag-ministerio-de-portos-e-aeroportos","tag-silvio-costa-filho","tag-tcu","tag-tribunal-de-contas-da-uniao","tag-viracopos","tag-vital-do-rego"],"yoast_head":"<!-- This site is optimized with the Yoast SEO Premium plugin v25.4 (Yoast SEO v26.0) - https:\/\/yoast.com\/wordpress\/plugins\/seo\/ -->\n<title>Viracopos: Ministro defende que ABV seja mantida na administra\u00e7\u00e3o do aeroporto em Campinas - Ag\u00eancia iNFRA<\/title>\n<meta name=\"robots\" content=\"index, follow, max-snippet:-1, max-image-preview:large, max-video-preview:-1\" \/>\n<link rel=\"canonical\" href=\"https:\/\/agenciainfra.com\/blog\/viracopos-ministro-defende-que-abv-seja-mantida-na-administracao-do-aeroporto-em-campinas\/\" \/>\n<meta property=\"og:locale\" content=\"pt_BR\" \/>\n<meta property=\"og:type\" content=\"article\" \/>\n<meta property=\"og:title\" content=\"Viracopos: Ministro defende que ABV seja mantida na administra\u00e7\u00e3o do aeroporto em Campinas\" \/>\n<meta property=\"og:description\" content=\"Amanda Pupo, da Ag\u00eancia iNFRA O ministro de Portos e Aeroportos, Silvio Costa Filho, defendeu hoje (2) que a ABV (Aeroportos Brasil Viracopos) seja mantida na administra\u00e7\u00e3o do Aeroporto Internacional de Viracopos, localizado em Campinas (SP). A declara\u00e7\u00e3o foi dada no mesmo dia em que vence o prazo dado pelo TCU (Tribunal de Contas da [&hellip;]\" \/>\n<meta property=\"og:url\" content=\"https:\/\/agenciainfra.com\/blog\/viracopos-ministro-defende-que-abv-seja-mantida-na-administracao-do-aeroporto-em-campinas\/\" \/>\n<meta property=\"og:site_name\" content=\"Ag\u00eancia iNFRA\" \/>\n<meta property=\"article:publisher\" content=\"https:\/\/www.facebook.com\/ageninfra\" \/>\n<meta property=\"article:published_time\" content=\"2025-06-02T20:19:43+00:00\" \/>\n<meta property=\"article:modified_time\" content=\"2025-06-03T14:36:30+00:00\" \/>\n<meta property=\"og:image\" content=\"https:\/\/agenciainfra.com\/blog\/wp-content\/uploads\/2019\/07\/Viracopos-divulgacao.jpg\" \/>\n\t<meta property=\"og:image:width\" content=\"1500\" \/>\n\t<meta property=\"og:image:height\" content=\"1000\" \/>\n\t<meta property=\"og:image:type\" content=\"image\/jpeg\" \/>\n<meta name=\"author\" content=\"Ag\u00eancia iNFRA\" \/>\n<meta name=\"twitter:card\" content=\"summary_large_image\" \/>\n<meta name=\"twitter:creator\" content=\"@agencia_infra\" \/>\n<meta name=\"twitter:site\" content=\"@agencia_infra\" \/>\n<meta name=\"twitter:label1\" content=\"Escrito por\" \/>\n\t<meta name=\"twitter:data1\" content=\"Ag\u00eancia iNFRA\" \/>\n\t<meta name=\"twitter:label2\" content=\"Est. tempo de leitura\" \/>\n\t<meta name=\"twitter:data2\" content=\"1 minuto\" \/>\n<script type=\"application\/ld+json\" class=\"yoast-schema-graph\">{\"@context\":\"https:\/\/schema.org\",\"@graph\":[{\"@type\":\"Article\",\"@id\":\"https:\/\/agenciainfra.com\/blog\/viracopos-ministro-defende-que-abv-seja-mantida-na-administracao-do-aeroporto-em-campinas\/#article\",\"isPartOf\":{\"@id\":\"https:\/\/agenciainfra.com\/blog\/viracopos-ministro-defende-que-abv-seja-mantida-na-administracao-do-aeroporto-em-campinas\/\"},\"author\":{\"name\":\"Ag\u00eancia iNFRA\",\"@id\":\"https:\/\/agenciainfra.com\/blog\/#\/schema\/person\/34af08dff6adea4cb22b06612ba7acfa\"},\"headline\":\"Viracopos: Ministro defende que ABV seja mantida na administra\u00e7\u00e3o do aeroporto em Campinas\",\"datePublished\":\"2025-06-02T20:19:43+00:00\",\"dateModified\":\"2025-06-03T14:36:30+00:00\",\"mainEntityOfPage\":{\"@id\":\"https:\/\/agenciainfra.com\/blog\/viracopos-ministro-defende-que-abv-seja-mantida-na-administracao-do-aeroporto-em-campinas\/\"},\"wordCount\":189,\"publisher\":{\"@id\":\"https:\/\/agenciainfra.com\/blog\/#organization\"},\"image\":{\"@id\":\"https:\/\/agenciainfra.com\/blog\/viracopos-ministro-defende-que-abv-seja-mantida-na-administracao-do-aeroporto-em-campinas\/#primaryimage\"},\"thumbnailUrl\":\"https:\/\/agenciainfra.com\/blog\/wp-content\/uploads\/2019\/07\/Viracopos-divulgacao.jpg\",\"keywords\":[\"ABV\",\"Ag\u00eancia Nacional de Avia\u00e7\u00e3o Civil\",\"Amanda Pupo\",\"ANAC\",\"Minist\u00e9rio de Portos e Aeroportos\",\"Silvio Costa Filho\",\"TCU\",\"Tribunal de Contas da Uni\u00e3o\",\"Viracopos\",\"Vital do R\u00eago\"],\"articleSection\":[\"Destaque lista\",\"Geral\",\"iNFRATransporte\"],\"inLanguage\":\"pt-BR\",\"copyrightYear\":\"2025\",\"copyrightHolder\":{\"@id\":\"https:\/\/agenciainfra.com\/blog\/#organization\"}},{\"@type\":\"WebPage\",\"@id\":\"https:\/\/agenciainfra.com\/blog\/viracopos-ministro-defende-que-abv-seja-mantida-na-administracao-do-aeroporto-em-campinas\/\",\"url\":\"https:\/\/agenciainfra.com\/blog\/viracopos-ministro-defende-que-abv-seja-mantida-na-administracao-do-aeroporto-em-campinas\/\",\"name\":\"Viracopos: Ministro defende que ABV seja mantida na administra\u00e7\u00e3o do aeroporto em Campinas - Ag\u00eancia iNFRA\",\"isPartOf\":{\"@id\":\"https:\/\/agenciainfra.com\/blog\/#website\"},\"primaryImageOfPage\":{\"@id\":\"https:\/\/agenciainfra.com\/blog\/viracopos-ministro-defende-que-abv-seja-mantida-na-administracao-do-aeroporto-em-campinas\/#primaryimage\"},\"image\":{\"@id\":\"https:\/\/agenciainfra.com\/blog\/viracopos-ministro-defende-que-abv-seja-mantida-na-administracao-do-aeroporto-em-campinas\/#primaryimage\"},\"thumbnailUrl\":\"https:\/\/agenciainfra.com\/blog\/wp-content\/uploads\/2019\/07\/Viracopos-divulgacao.jpg\",\"datePublished\":\"2025-06-02T20:19:43+00:00\",\"dateModified\":\"2025-06-03T14:36:30+00:00\",\"breadcrumb\":{\"@id\":\"https:\/\/agenciainfra.com\/blog\/viracopos-ministro-defende-que-abv-seja-mantida-na-administracao-do-aeroporto-em-campinas\/#breadcrumb\"},\"inLanguage\":\"pt-BR\",\"potentialAction\":[{\"@type\":\"ReadAction\",\"target\":[\"https:\/\/agenciainfra.com\/blog\/viracopos-ministro-defende-que-abv-seja-mantida-na-administracao-do-aeroporto-em-campinas\/\"]}]},{\"@type\":\"ImageObject\",\"inLanguage\":\"pt-BR\",\"@id\":\"https:\/\/agenciainfra.com\/blog\/viracopos-ministro-defende-que-abv-seja-mantida-na-administracao-do-aeroporto-em-campinas\/#primaryimage\",\"url\":\"https:\/\/agenciainfra.com\/blog\/wp-content\/uploads\/2019\/07\/Viracopos-divulgacao.jpg\",\"contentUrl\":\"https:\/\/agenciainfra.com\/blog\/wp-content\/uploads\/2019\/07\/Viracopos-divulgacao.jpg\",\"width\":1500,\"height\":1000},{\"@type\":\"BreadcrumbList\",\"@id\":\"https:\/\/agenciainfra.com\/blog\/viracopos-ministro-defende-que-abv-seja-mantida-na-administracao-do-aeroporto-em-campinas\/#breadcrumb\",\"itemListElement\":[{\"@type\":\"ListItem\",\"position\":1,\"name\":\"In\u00edcio\",\"item\":\"https:\/\/agenciainfra.com\/blog\/\"},{\"@type\":\"ListItem\",\"position\":2,\"name\":\"Viracopos: Ministro defende que ABV seja mantida na administra\u00e7\u00e3o do aeroporto em Campinas\"}]},{\"@type\":\"WebSite\",\"@id\":\"https:\/\/agenciainfra.com\/blog\/#website\",\"url\":\"https:\/\/agenciainfra.com\/blog\/\",\"name\":\"Ag\u00eancia iNFRA\",\"description\":\"Multiplataforma de informa\u00e7\u00e3o jornal\u00edstica refer\u00eancia na \u00e1rea de infraestrutura no Brasil!\",\"publisher\":{\"@id\":\"https:\/\/agenciainfra.com\/blog\/#organization\"},\"potentialAction\":[{\"@type\":\"SearchAction\",\"target\":{\"@type\":\"EntryPoint\",\"urlTemplate\":\"https:\/\/agenciainfra.com\/blog\/?s={search_term_string}\"},\"query-input\":{\"@type\":\"PropertyValueSpecification\",\"valueRequired\":true,\"valueName\":\"search_term_string\"}}],\"inLanguage\":\"pt-BR\"},{\"@type\":\"Organization\",\"@id\":\"https:\/\/agenciainfra.com\/blog\/#organization\",\"name\":\"Ag\u00eancia iNFRA\",\"url\":\"https:\/\/agenciainfra.com\/blog\/\",\"logo\":{\"@type\":\"ImageObject\",\"inLanguage\":\"pt-BR\",\"@id\":\"https:\/\/agenciainfra.com\/blog\/#\/schema\/logo\/image\/\",\"url\":\"https:\/\/agenciainfra.com\/blog\/wp-content\/uploads\/2023\/09\/iNFRA_5-e1761735885940.png\",\"contentUrl\":\"https:\/\/agenciainfra.com\/blog\/wp-content\/uploads\/2023\/09\/iNFRA_5-e1761735885940.png\",\"width\":1672,\"height\":454,\"caption\":\"Ag\u00eancia iNFRA\"},\"image\":{\"@id\":\"https:\/\/agenciainfra.com\/blog\/#\/schema\/logo\/image\/\"},\"sameAs\":[\"https:\/\/www.facebook.com\/ageninfra\",\"https:\/\/x.com\/agencia_infra\",\"https:\/\/www.linkedin.com\/company\/ag\u00eanciainfra\/\",\"https:\/\/www.instagram.com\/agenciainfra\/\"]},{\"@type\":\"Person\",\"@id\":\"https:\/\/agenciainfra.com\/blog\/#\/schema\/person\/34af08dff6adea4cb22b06612ba7acfa\",\"name\":\"Ag\u00eancia iNFRA\",\"image\":{\"@type\":\"ImageObject\",\"inLanguage\":\"pt-BR\",\"@id\":\"https:\/\/agenciainfra.com\/blog\/#\/schema\/person\/image\/\",\"url\":\"https:\/\/secure.gravatar.com\/avatar\/d189e01678f06d8eb84d4e01f08eb848b3fffe3f8443818d3c356c66892f5be8?s=96&d=mm&r=g\",\"contentUrl\":\"https:\/\/secure.gravatar.com\/avatar\/d189e01678f06d8eb84d4e01f08eb848b3fffe3f8443818d3c356c66892f5be8?s=96&d=mm&r=g\",\"caption\":\"Ag\u00eancia iNFRA\"},\"url\":\"https:\/\/agenciainfra.com\/blog\/author\/admin\/\"}]}<\/script>\n<!-- \/ Yoast SEO Premium plugin. -->","yoast_head_json":{"title":"Viracopos: Ministro defende que ABV seja mantida na administra\u00e7\u00e3o do aeroporto em Campinas - Ag\u00eancia iNFRA","robots":{"index":"index","follow":"follow","max-snippet":"max-snippet:-1","max-image-preview":"max-image-preview:large","max-video-preview":"max-video-preview:-1"},"canonical":"https:\/\/agenciainfra.com\/blog\/viracopos-ministro-defende-que-abv-seja-mantida-na-administracao-do-aeroporto-em-campinas\/","og_locale":"pt_BR","og_type":"article","og_title":"Viracopos: Ministro defende que ABV seja mantida na administra\u00e7\u00e3o do aeroporto em Campinas","og_description":"Amanda Pupo, da Ag\u00eancia iNFRA O ministro de Portos e Aeroportos, Silvio Costa Filho, defendeu hoje (2) que a ABV (Aeroportos Brasil Viracopos) seja mantida na administra\u00e7\u00e3o do Aeroporto Internacional de Viracopos, localizado em Campinas (SP). A declara\u00e7\u00e3o foi dada no mesmo dia em que vence o prazo dado pelo TCU (Tribunal de Contas da [&hellip;]","og_url":"https:\/\/agenciainfra.com\/blog\/viracopos-ministro-defende-que-abv-seja-mantida-na-administracao-do-aeroporto-em-campinas\/","og_site_name":"Ag\u00eancia iNFRA","article_publisher":"https:\/\/www.facebook.com\/ageninfra","article_published_time":"2025-06-02T20:19:43+00:00","article_modified_time":"2025-06-03T14:36:30+00:00","og_image":[{"width":1500,"height":1000,"url":"https:\/\/agenciainfra.com\/blog\/wp-content\/uploads\/2019\/07\/Viracopos-divulgacao.jpg","type":"image\/jpeg"}],"author":"Ag\u00eancia iNFRA","twitter_card":"summary_large_image","twitter_creator":"@agencia_infra","twitter_site":"@agencia_infra","twitter_misc":{"Escrito por":"Ag\u00eancia iNFRA","Est. tempo de leitura":"1 minuto"},"schema":{"@context":"https:\/\/schema.org","@graph":[{"@type":"Article","@id":"https:\/\/agenciainfra.com\/blog\/viracopos-ministro-defende-que-abv-seja-mantida-na-administracao-do-aeroporto-em-campinas\/#article","isPartOf":{"@id":"https:\/\/agenciainfra.com\/blog\/viracopos-ministro-defende-que-abv-seja-mantida-na-administracao-do-aeroporto-em-campinas\/"},"author":{"name":"Ag\u00eancia iNFRA","@id":"https:\/\/agenciainfra.com\/blog\/#\/schema\/person\/34af08dff6adea4cb22b06612ba7acfa"},"headline":"Viracopos: Ministro defende que ABV seja mantida na administra\u00e7\u00e3o do aeroporto em Campinas","datePublished":"2025-06-02T20:19:43+00:00","dateModified":"2025-06-03T14:36:30+00:00","mainEntityOfPage":{"@id":"https:\/\/agenciainfra.com\/blog\/viracopos-ministro-defende-que-abv-seja-mantida-na-administracao-do-aeroporto-em-campinas\/"},"wordCount":189,"publisher":{"@id":"https:\/\/agenciainfra.com\/blog\/#organization"},"image":{"@id":"https:\/\/agenciainfra.com\/blog\/viracopos-ministro-defende-que-abv-seja-mantida-na-administracao-do-aeroporto-em-campinas\/#primaryimage"},"thumbnailUrl":"https:\/\/agenciainfra.com\/blog\/wp-content\/uploads\/2019\/07\/Viracopos-divulgacao.jpg","keywords":["ABV","Ag\u00eancia Nacional de Avia\u00e7\u00e3o Civil","Amanda Pupo","ANAC","Minist\u00e9rio de Portos e Aeroportos","Silvio Costa Filho","TCU","Tribunal de Contas da Uni\u00e3o","Viracopos","Vital do R\u00eago"],"articleSection":["Destaque lista","Geral","iNFRATransporte"],"inLanguage":"pt-BR","copyrightYear":"2025","copyrightHolder":{"@id":"https:\/\/agenciainfra.com\/blog\/#organization"}},{"@type":"WebPage","@id":"https:\/\/agenciainfra.com\/blog\/viracopos-ministro-defende-que-abv-seja-mantida-na-administracao-do-aeroporto-em-campinas\/","url":"https:\/\/agenciainfra.com\/blog\/viracopos-ministro-defende-que-abv-seja-mantida-na-administracao-do-aeroporto-em-campinas\/","name":"Viracopos: Ministro defende que ABV seja mantida na administra\u00e7\u00e3o do aeroporto em Campinas - Ag\u00eancia iNFRA","isPartOf":{"@id":"https:\/\/agenciainfra.com\/blog\/#website"},"primaryImageOfPage":{"@id":"https:\/\/agenciainfra.com\/blog\/viracopos-ministro-defende-que-abv-seja-mantida-na-administracao-do-aeroporto-em-campinas\/#primaryimage"},"image":{"@id":"https:\/\/agenciainfra.com\/blog\/viracopos-ministro-defende-que-abv-seja-mantida-na-administracao-do-aeroporto-em-campinas\/#primaryimage"},"thumbnailUrl":"https:\/\/agenciainfra.com\/blog\/wp-content\/uploads\/2019\/07\/Viracopos-divulgacao.jpg","datePublished":"2025-06-02T20:19:43+00:00","dateModified":"2025-06-03T14:36:30+00:00","breadcrumb":{"@id":"https:\/\/agenciainfra.com\/blog\/viracopos-ministro-defende-que-abv-seja-mantida-na-administracao-do-aeroporto-em-campinas\/#breadcrumb"},"inLanguage":"pt-BR","potentialAction":[{"@type":"ReadAction","target":["https:\/\/agenciainfra.com\/blog\/viracopos-ministro-defende-que-abv-seja-mantida-na-administracao-do-aeroporto-em-campinas\/"]}]},{"@type":"ImageObject","inLanguage":"pt-BR","@id":"https:\/\/agenciainfra.com\/blog\/viracopos-ministro-defende-que-abv-seja-mantida-na-administracao-do-aeroporto-em-campinas\/#primaryimage","url":"https:\/\/agenciainfra.com\/blog\/wp-content\/uploads\/2019\/07\/Viracopos-divulgacao.jpg","contentUrl":"https:\/\/agenciainfra.com\/blog\/wp-content\/uploads\/2019\/07\/Viracopos-divulgacao.jpg","width":1500,"height":1000},{"@type":"BreadcrumbList","@id":"https:\/\/agenciainfra.com\/blog\/viracopos-ministro-defende-que-abv-seja-mantida-na-administracao-do-aeroporto-em-campinas\/#breadcrumb","itemListElement":[{"@type":"ListItem","position":1,"name":"In\u00edcio","item":"https:\/\/agenciainfra.com\/blog\/"},{"@type":"ListItem","position":2,"name":"Viracopos: Ministro defende que ABV seja mantida na administra\u00e7\u00e3o do aeroporto em Campinas"}]},{"@type":"WebSite","@id":"https:\/\/agenciainfra.com\/blog\/#website","url":"https:\/\/agenciainfra.com\/blog\/","name":"Ag\u00eancia iNFRA","description":"Multiplataforma de informa\u00e7\u00e3o jornal\u00edstica refer\u00eancia na \u00e1rea de infraestrutura no Brasil!","publisher":{"@id":"https:\/\/agenciainfra.com\/blog\/#organization"},"potentialAction":[{"@type":"SearchAction","target":{"@type":"EntryPoint","urlTemplate":"https:\/\/agenciainfra.com\/blog\/?s={search_term_string}"},"query-input":{"@type":"PropertyValueSpecification","valueRequired":true,"valueName":"search_term_string"}}],"inLanguage":"pt-BR"},{"@type":"Organization","@id":"https:\/\/agenciainfra.com\/blog\/#organization","name":"Ag\u00eancia iNFRA","url":"https:\/\/agenciainfra.com\/blog\/","logo":{"@type":"ImageObject","inLanguage":"pt-BR","@id":"https:\/\/agenciainfra.com\/blog\/#\/schema\/logo\/image\/","url":"https:\/\/agenciainfra.com\/blog\/wp-content\/uploads\/2023\/09\/iNFRA_5-e1761735885940.png","contentUrl":"https:\/\/agenciainfra.com\/blog\/wp-content\/uploads\/2023\/09\/iNFRA_5-e1761735885940.png","width":1672,"height":454,"caption":"Ag\u00eancia iNFRA"},"image":{"@id":"https:\/\/agenciainfra.com\/blog\/#\/schema\/logo\/image\/"},"sameAs":["https:\/\/www.facebook.com\/ageninfra","https:\/\/x.com\/agencia_infra","https:\/\/www.linkedin.com\/company\/ag\u00eanciainfra\/","https:\/\/www.instagram.com\/agenciainfra\/"]},{"@type":"Person","@id":"https:\/\/agenciainfra.com\/blog\/#\/schema\/person\/34af08dff6adea4cb22b06612ba7acfa","name":"Ag\u00eancia iNFRA","image":{"@type":"ImageObject","inLanguage":"pt-BR","@id":"https:\/\/agenciainfra.com\/blog\/#\/schema\/person\/image\/","url":"https:\/\/secure.gravatar.com\/avatar\/d189e01678f06d8eb84d4e01f08eb848b3fffe3f8443818d3c356c66892f5be8?s=96&d=mm&r=g","contentUrl":"https:\/\/secure.gravatar.com\/avatar\/d189e01678f06d8eb84d4e01f08eb848b3fffe3f8443818d3c356c66892f5be8?s=96&d=mm&r=g","caption":"Ag\u00eancia iNFRA"},"url":"https:\/\/agenciainfra.com\/blog\/author\/admin\/"}]}},"_links":{"self":[{"href":"https:\/\/agenciainfra.com\/blog\/wp-json\/wp\/v2\/posts\/22375","targetHints":{"allow":["GET"]}}],"collection":[{"href":"https:\/\/agenciainfra.com\/blog\/wp-json\/wp\/v2\/posts"}],"about":[{"href":"https:\/\/agenciainfra.com\/blog\/wp-json\/wp\/v2\/types\/post"}],"author":[{"embeddable":true,"href":"https:\/\/agenciainfra.com\/blog\/wp-json\/wp\/v2\/users\/1"}],"replies":[{"embeddable":true,"href":"https:\/\/agenciainfra.com\/blog\/wp-json\/wp\/v2\/comments?post=22375"}],"version-history":[{"count":1,"href":"https:\/\/agenciainfra.com\/blog\/wp-json\/wp\/v2\/posts\/22375\/revisions"}],"predecessor-version":[{"id":22376,"href":"https:\/\/agenciainfra.com\/blog\/wp-json\/wp\/v2\/posts\/22375\/revisions\/22376"}],"wp:featuredmedia":[{"embeddable":true,"href":"https:\/\/agenciainfra.com\/blog\/wp-json\/wp\/v2\/media\/3466"}],"wp:attachment":[{"href":"https:\/\/agenciainfra.com\/blog\/wp-json\/wp\/v2\/media?parent=22375"}],"wp:term":[{"taxonomy":"category","embeddable":true,"href":"https:\/\/agenciainfra.com\/blog\/wp-json\/wp\/v2\/categories?post=22375"},{"taxonomy":"post_tag","embeddable":true,"href":"https:\/\/agenciainfra.com\/blog\/wp-json\/wp\/v2\/tags?post=22375"}],"curies":[{"name":"wp","href":"https:\/\/api.w.org\/{rel}","templated":true}]}}