{"id":22392,"date":"2025-06-03T09:00:00","date_gmt":"2025-06-03T12:00:00","guid":{"rendered":"https:\/\/agenciainfra.com\/blog\/?p=22392"},"modified":"2025-06-03T18:18:48","modified_gmt":"2025-06-03T21:18:48","slug":"nova-tarifa-social-de-energia-deve-ser-aplicada-integralmente-em-5-de-julho-dizem-tecnicos-da-aneel","status":"publish","type":"post","link":"https:\/\/agenciainfra.com\/blog\/nova-tarifa-social-de-energia-deve-ser-aplicada-integralmente-em-5-de-julho-dizem-tecnicos-da-aneel\/","title":{"rendered":"Nova tarifa social de energia deve ser aplicada integralmente em 5 de julho, dizem t\u00e9cnicos da ANEEL"},"content":{"rendered":"\n<p class=\"has-text-align-right\"><strong>Geraldo Campos Jr. e Lais Carregosa, da Ag\u00eancia iNFRA<\/strong><\/p>\n\n\n\n<p>A \u00e1rea t\u00e9cnica da ANEEL (Ag\u00eancia Nacional de Energia El\u00e9trica) recomendou a aplica\u00e7\u00e3o integral das novas regras da Tarifa Social de Energia El\u00e9trica a partir do dia 5 de julho. A sugest\u00e3o atende ao texto estabelecido pela&nbsp;<a href=\"https:\/\/agenciainfra.us14.list-manage.com\/track\/click?u=d460dd1bcf9ba0ae040e1fc0f&amp;id=4af338df57&amp;e=55b7a27fc9\" target=\"_blank\" rel=\"noreferrer noopener\">MP (Medida Provis\u00f3ria) 1.300\/2025<\/a>, que trata da reforma do setor el\u00e9trico e amplia os descontos na conta de luz para benefici\u00e1rios do Cad\u00danico. O tema ser\u00e1 relatado pela diretora substituta Ludimila Lima.<br><br>Segundo&nbsp;<a href=\"https:\/\/agenciainfra.us14.list-manage.com\/track\/click?u=d460dd1bcf9ba0ae040e1fc0f&amp;id=8c23f8c6db&amp;e=55b7a27fc9\" target=\"_blank\" rel=\"noreferrer noopener\">NT (Nota T\u00e9cnica)<\/a>&nbsp;assinada na \u00faltima sexta-feira (30), todas as tarifas emitidas pelas concession\u00e1rias de distribui\u00e7\u00e3o&nbsp;a partir de 5 de julho devem contar com os descontos segundo as novas regras, sem nenhum tipo de proporcionaliza\u00e7\u00e3o entre a medi\u00e7\u00e3o feita com as regras antigas (at\u00e9 4 de julho) e as novas (a partir de 5 de julho).<br><br>Para isso, a \u00e1rea t\u00e9cnica sugere que as distribuidoras possam adiar as faturas que seriam emitidas entre 1\u00ba e 4 de julho, para que todas as contas emitidas no m\u00eas j\u00e1 contem com os novos descontos.&nbsp;<br><br>O novo benef\u00edcio prev\u00ea gratuidade no consumo mensal de at\u00e9 80 kWh para fam\u00edlias com renda per capita de at\u00e9 meio sal\u00e1rio m\u00ednimo. A estimativa \u00e9 garantir a isen\u00e7\u00e3o&nbsp;a 17 milh\u00f5es de unidades consumidoras, o equivalente a 60 milh\u00f5es de pessoas, segundo o governo. Caso o consumo exceda os 80 kWh, ser\u00e1 pago apenas o proporcional. Ou seja, se a fam\u00edlia nesse grupo de renda consumir 100 kWh, pagar\u00e1 a tarifa normal apenas sobre 20 kWh.<br><br><strong>Impostos<\/strong><br>A nova modalidade permitir\u00e1 que em alguns casos a cobran\u00e7a pela energia seja zerada. No entanto, em resposta a uma d\u00favida apresentada pela Abradee (Associa\u00e7\u00e3o Brasileira de Distribuidores de Energia El\u00e9trica), a \u00e1rea t\u00e9cnica esclarece que pode ser necess\u00e1ria a emiss\u00e3o da fatura apenas com a cobran\u00e7a dos tributos.<br><br>Incidem sobre a conta de luz PIS\/Cofins (contribui\u00e7\u00f5es federais), ICMS (imposto estadual) e a Cosip ou CIP (contribui\u00e7\u00e3o municipal para custeio da ilumina\u00e7\u00e3o p\u00fablica). Segundo a NT, a ANEEL n\u00e3o regulamenta a aplica\u00e7\u00e3o de tributos e por isso deve ser mantida a aplica\u00e7\u00e3o tribut\u00e1ria conforme previsto na legisla\u00e7\u00e3o.<br><br>A MP n\u00e3o aborda a isen\u00e7\u00e3o tribut\u00e1ria nesses casos. Emendas para inserir essa possibilidade no texto chegaram a ser apresentadas por parlamentares, como a de&nbsp;<a href=\"https:\/\/agenciainfra.us14.list-manage.com\/track\/click?u=d460dd1bcf9ba0ae040e1fc0f&amp;id=4af89261ff&amp;e=55b7a27fc9\" target=\"_blank\" rel=\"noreferrer noopener\">n\u00famero 14<\/a>, do deputado Carlos Zarattini (PT-SP), que isenta a cobran\u00e7a dos tributos referente \u00e0 parcela de consumo at\u00e9 80 kWh para benefici\u00e1rios do programa. Ele justificou a emenda para evitar que consumidores recebam uma fatura s\u00f3 com impostos.<br><br><strong>Regras<\/strong><br>A orienta\u00e7\u00e3o sobre os tributos consta em anexo da nota t\u00e9cnica que tira d\u00favidas das distribuidoras que foram levantadas pela Abradee por meio de&nbsp;<a href=\"https:\/\/agenciainfra.us14.list-manage.com\/track\/click?u=d460dd1bcf9ba0ae040e1fc0f&amp;id=f8802d537f&amp;e=55b7a27fc9\" target=\"_blank\" rel=\"noreferrer noopener\">carta<\/a>&nbsp;na \u00faltima quinta-feira (29). A se\u00e7\u00e3o esclarece, por exemplo, que os crit\u00e9rios de elegibilidade para o benef\u00edcio continuam os mesmos: estar no Cad\u00danico e ter renda de at\u00e9 meio sal\u00e1rio m\u00ednimo.<br><br>Nas casas em que residem mais de uma fam\u00edlia, com um \u00fanico rel\u00f3gio, vale a regra atual da ANEEL em que a faixa de consumo com isen\u00e7\u00e3o da tarifa deve ser multiplicada pelo n\u00famero de fam\u00edlias. Ou seja, no caso de duas fam\u00edlias, o consumo com isen\u00e7\u00e3o da tarifa deve ser inferior ou igual a 160 kWh\/m\u00eas.<br><br>A \u00e1rea t\u00e9cnica tamb\u00e9m foi questionada se em caso de cobran\u00e7as zeradas ou de baixo valor as distribuidoras teriam a possibilidade de deixar de emitir a fatura. A resposta foi de que continua v\u00e1lida a regra que permite o ac\u00famulo de cobran\u00e7as de baixo valor, mas que a fatura precisa ser emitida e disponibilizada ao consumidor a cada ciclo de faturamento.<br><br><strong>Processo na ANEEL<\/strong><br>A MP deu prazo de 45 dias para implementa\u00e7\u00e3o da nova tarifa social pelas distribuidoras, a partir de 21 de maio. Na segunda-feira (2), a diretora substituta Ludimila Lima foi sorteada para relatar o processo sobre as mudan\u00e7as.&nbsp;<br><br>O entendimento da \u00e1rea t\u00e9cnica \u00e9 de que a MP \u00e9 autoaplic\u00e1vel, ou seja, deve ser executada sem a necessidade de regula\u00e7\u00e3o pr\u00e9via por parte da ANEEL. Assim, recomenda a publica\u00e7\u00e3o de despacho da diretoria colegiada, de natureza declarat\u00f3ria, estabelecendo as novas regras do benef\u00edcio conforme a MP.<br><br>Caso a MP seja convertida em lei, a ANEEL vai criar um processo para atualizar os normativos atuais, assim como as tabelas de desconto das resolu\u00e7\u00f5es homologat\u00f3rias de tarifas.&nbsp;<br><br>As distribuidoras&nbsp;<a href=\"https:\/\/agenciainfra.us14.list-manage.com\/track\/click?u=d460dd1bcf9ba0ae040e1fc0f&amp;id=574c269307&amp;e=55b7a27fc9\" target=\"_blank\" rel=\"noreferrer noopener\">avaliam como curto o prazo<\/a>&nbsp;estabelecido pela MP para colocar em pr\u00e1tica a nova tarifa social, uma vez que para operacionalizar a mudan\u00e7a envolveria uma s\u00e9rie de adapta\u00e7\u00f5es de sistemas, incluindo o modelo de faturamento. Isso pode at\u00e9 demandar a contrata\u00e7\u00e3o de empresas especializadas para adapta\u00e7\u00e3o.<\/p>\n","protected":false},"excerpt":{"rendered":"<p>Geraldo Campos Jr. e Lais Carregosa, da Ag\u00eancia iNFRA A \u00e1rea t\u00e9cnica da ANEEL (Ag\u00eancia Nacional de Energia El\u00e9trica) recomendou a aplica\u00e7\u00e3o integral das novas regras da Tarifa Social de Energia El\u00e9trica a partir do dia 5 de julho. A sugest\u00e3o atende ao texto estabelecido pela&nbsp;MP (Medida Provis\u00f3ria) 1.300\/2025, que trata da reforma do setor [&hellip;]<\/p>\n","protected":false},"author":1,"featured_media":22393,"comment_status":"closed","ping_status":"closed","sticky":false,"template":"","format":"standard","meta":{"_monsterinsights_skip_tracking":false,"_monsterinsights_sitenote_active":false,"_monsterinsights_sitenote_note":"","_monsterinsights_sitenote_category":0,"footnotes":""},"categories":[1,10],"tags":[53,11594,13132,12289,76,13535,10710,54,3797,13059],"class_list":["post-22392","post","type-post","status-publish","format-standard","has-post-thumbnail","hentry","category-geral","category-infraenergia","tag-aneel","tag-geraldo-campos-jr","tag-lais-carregosa","tag-ludimila-lima","tag-medida-provisoria","tag-mp-1-300-2025","tag-reforma-do-setor-eletrico","tag-setor-eletrico","tag-tarifa-social","tag-tarifa-social-de-energia"],"yoast_head":"<!-- This site is optimized with the Yoast SEO Premium plugin v25.4 (Yoast SEO v26.0) - https:\/\/yoast.com\/wordpress\/plugins\/seo\/ -->\n<title>Nova tarifa social de energia deve ser aplicada integralmente em 5 de julho, dizem t\u00e9cnicos da ANEEL - Ag\u00eancia iNFRA<\/title>\n<meta name=\"robots\" content=\"index, follow, max-snippet:-1, max-image-preview:large, max-video-preview:-1\" \/>\n<link rel=\"canonical\" href=\"https:\/\/agenciainfra.com\/blog\/nova-tarifa-social-de-energia-deve-ser-aplicada-integralmente-em-5-de-julho-dizem-tecnicos-da-aneel\/\" \/>\n<meta property=\"og:locale\" content=\"pt_BR\" \/>\n<meta property=\"og:type\" content=\"article\" \/>\n<meta property=\"og:title\" content=\"Nova tarifa social de energia deve ser aplicada integralmente em 5 de julho, dizem t\u00e9cnicos da ANEEL\" \/>\n<meta property=\"og:description\" content=\"Geraldo Campos Jr. e Lais Carregosa, da Ag\u00eancia iNFRA A \u00e1rea t\u00e9cnica da ANEEL (Ag\u00eancia Nacional de Energia El\u00e9trica) recomendou a aplica\u00e7\u00e3o integral das novas regras da Tarifa Social de Energia El\u00e9trica a partir do dia 5 de julho. A sugest\u00e3o atende ao texto estabelecido pela&nbsp;MP (Medida Provis\u00f3ria) 1.300\/2025, que trata da reforma do setor [&hellip;]\" \/>\n<meta property=\"og:url\" content=\"https:\/\/agenciainfra.com\/blog\/nova-tarifa-social-de-energia-deve-ser-aplicada-integralmente-em-5-de-julho-dizem-tecnicos-da-aneel\/\" \/>\n<meta property=\"og:site_name\" content=\"Ag\u00eancia iNFRA\" \/>\n<meta property=\"article:publisher\" content=\"https:\/\/www.facebook.com\/ageninfra\" \/>\n<meta property=\"article:published_time\" content=\"2025-06-03T12:00:00+00:00\" \/>\n<meta property=\"article:modified_time\" content=\"2025-06-03T21:18:48+00:00\" \/>\n<meta property=\"og:image\" content=\"https:\/\/agenciainfra.com\/blog\/wp-content\/uploads\/2025\/06\/conta_de_energia_marcello-casal.jr-agencia-brasil.png\" \/>\n\t<meta property=\"og:image:width\" content=\"1170\" \/>\n\t<meta property=\"og:image:height\" content=\"700\" \/>\n\t<meta property=\"og:image:type\" content=\"image\/png\" \/>\n<meta name=\"author\" content=\"Ag\u00eancia iNFRA\" \/>\n<meta name=\"twitter:card\" content=\"summary_large_image\" \/>\n<meta name=\"twitter:creator\" content=\"@agencia_infra\" \/>\n<meta name=\"twitter:site\" content=\"@agencia_infra\" \/>\n<meta name=\"twitter:label1\" content=\"Escrito por\" \/>\n\t<meta name=\"twitter:data1\" content=\"Ag\u00eancia iNFRA\" \/>\n\t<meta name=\"twitter:label2\" content=\"Est. tempo de leitura\" \/>\n\t<meta name=\"twitter:data2\" content=\"4 minutos\" \/>\n<script type=\"application\/ld+json\" class=\"yoast-schema-graph\">{\"@context\":\"https:\/\/schema.org\",\"@graph\":[{\"@type\":\"Article\",\"@id\":\"https:\/\/agenciainfra.com\/blog\/nova-tarifa-social-de-energia-deve-ser-aplicada-integralmente-em-5-de-julho-dizem-tecnicos-da-aneel\/#article\",\"isPartOf\":{\"@id\":\"https:\/\/agenciainfra.com\/blog\/nova-tarifa-social-de-energia-deve-ser-aplicada-integralmente-em-5-de-julho-dizem-tecnicos-da-aneel\/\"},\"author\":{\"name\":\"Ag\u00eancia iNFRA\",\"@id\":\"https:\/\/agenciainfra.com\/blog\/#\/schema\/person\/34af08dff6adea4cb22b06612ba7acfa\"},\"headline\":\"Nova tarifa social de energia deve ser aplicada integralmente em 5 de julho, dizem t\u00e9cnicos da ANEEL\",\"datePublished\":\"2025-06-03T12:00:00+00:00\",\"dateModified\":\"2025-06-03T21:18:48+00:00\",\"mainEntityOfPage\":{\"@id\":\"https:\/\/agenciainfra.com\/blog\/nova-tarifa-social-de-energia-deve-ser-aplicada-integralmente-em-5-de-julho-dizem-tecnicos-da-aneel\/\"},\"wordCount\":848,\"publisher\":{\"@id\":\"https:\/\/agenciainfra.com\/blog\/#organization\"},\"image\":{\"@id\":\"https:\/\/agenciainfra.com\/blog\/nova-tarifa-social-de-energia-deve-ser-aplicada-integralmente-em-5-de-julho-dizem-tecnicos-da-aneel\/#primaryimage\"},\"thumbnailUrl\":\"https:\/\/agenciainfra.com\/blog\/wp-content\/uploads\/2025\/06\/conta_de_energia_marcello-casal.jr-agencia-brasil.png\",\"keywords\":[\"ANEEL\",\"Geraldo Campos Jr.\",\"Lais Carregosa\",\"ludimila lima\",\"Medida Provis\u00f3ria\",\"MP 1.300\/2025\",\"Reforma do Setor El\u00e9trico\",\"Setor El\u00e9trico\",\"Tarifa Social\",\"tarifa social de energia\"],\"articleSection\":[\"Geral\",\"iNFRAEnergia\"],\"inLanguage\":\"pt-BR\",\"copyrightYear\":\"2025\",\"copyrightHolder\":{\"@id\":\"https:\/\/agenciainfra.com\/blog\/#organization\"}},{\"@type\":\"WebPage\",\"@id\":\"https:\/\/agenciainfra.com\/blog\/nova-tarifa-social-de-energia-deve-ser-aplicada-integralmente-em-5-de-julho-dizem-tecnicos-da-aneel\/\",\"url\":\"https:\/\/agenciainfra.com\/blog\/nova-tarifa-social-de-energia-deve-ser-aplicada-integralmente-em-5-de-julho-dizem-tecnicos-da-aneel\/\",\"name\":\"Nova tarifa social de energia deve ser aplicada integralmente em 5 de julho, dizem t\u00e9cnicos da ANEEL - Ag\u00eancia iNFRA\",\"isPartOf\":{\"@id\":\"https:\/\/agenciainfra.com\/blog\/#website\"},\"primaryImageOfPage\":{\"@id\":\"https:\/\/agenciainfra.com\/blog\/nova-tarifa-social-de-energia-deve-ser-aplicada-integralmente-em-5-de-julho-dizem-tecnicos-da-aneel\/#primaryimage\"},\"image\":{\"@id\":\"https:\/\/agenciainfra.com\/blog\/nova-tarifa-social-de-energia-deve-ser-aplicada-integralmente-em-5-de-julho-dizem-tecnicos-da-aneel\/#primaryimage\"},\"thumbnailUrl\":\"https:\/\/agenciainfra.com\/blog\/wp-content\/uploads\/2025\/06\/conta_de_energia_marcello-casal.jr-agencia-brasil.png\",\"datePublished\":\"2025-06-03T12:00:00+00:00\",\"dateModified\":\"2025-06-03T21:18:48+00:00\",\"breadcrumb\":{\"@id\":\"https:\/\/agenciainfra.com\/blog\/nova-tarifa-social-de-energia-deve-ser-aplicada-integralmente-em-5-de-julho-dizem-tecnicos-da-aneel\/#breadcrumb\"},\"inLanguage\":\"pt-BR\",\"potentialAction\":[{\"@type\":\"ReadAction\",\"target\":[\"https:\/\/agenciainfra.com\/blog\/nova-tarifa-social-de-energia-deve-ser-aplicada-integralmente-em-5-de-julho-dizem-tecnicos-da-aneel\/\"]}]},{\"@type\":\"ImageObject\",\"inLanguage\":\"pt-BR\",\"@id\":\"https:\/\/agenciainfra.com\/blog\/nova-tarifa-social-de-energia-deve-ser-aplicada-integralmente-em-5-de-julho-dizem-tecnicos-da-aneel\/#primaryimage\",\"url\":\"https:\/\/agenciainfra.com\/blog\/wp-content\/uploads\/2025\/06\/conta_de_energia_marcello-casal.jr-agencia-brasil.png\",\"contentUrl\":\"https:\/\/agenciainfra.com\/blog\/wp-content\/uploads\/2025\/06\/conta_de_energia_marcello-casal.jr-agencia-brasil.png\",\"width\":1170,\"height\":700,\"caption\":\"Foto: Marcello Casal Jr.\/Ag\u00eancia Brasil\"},{\"@type\":\"BreadcrumbList\",\"@id\":\"https:\/\/agenciainfra.com\/blog\/nova-tarifa-social-de-energia-deve-ser-aplicada-integralmente-em-5-de-julho-dizem-tecnicos-da-aneel\/#breadcrumb\",\"itemListElement\":[{\"@type\":\"ListItem\",\"position\":1,\"name\":\"In\u00edcio\",\"item\":\"https:\/\/agenciainfra.com\/blog\/\"},{\"@type\":\"ListItem\",\"position\":2,\"name\":\"Nova tarifa social de energia deve ser aplicada integralmente em 5 de julho, dizem t\u00e9cnicos da ANEEL\"}]},{\"@type\":\"WebSite\",\"@id\":\"https:\/\/agenciainfra.com\/blog\/#website\",\"url\":\"https:\/\/agenciainfra.com\/blog\/\",\"name\":\"Ag\u00eancia iNFRA\",\"description\":\"Multiplataforma de informa\u00e7\u00e3o jornal\u00edstica refer\u00eancia na \u00e1rea de infraestrutura no Brasil!\",\"publisher\":{\"@id\":\"https:\/\/agenciainfra.com\/blog\/#organization\"},\"potentialAction\":[{\"@type\":\"SearchAction\",\"target\":{\"@type\":\"EntryPoint\",\"urlTemplate\":\"https:\/\/agenciainfra.com\/blog\/?s={search_term_string}\"},\"query-input\":{\"@type\":\"PropertyValueSpecification\",\"valueRequired\":true,\"valueName\":\"search_term_string\"}}],\"inLanguage\":\"pt-BR\"},{\"@type\":\"Organization\",\"@id\":\"https:\/\/agenciainfra.com\/blog\/#organization\",\"name\":\"Ag\u00eancia iNFRA\",\"url\":\"https:\/\/agenciainfra.com\/blog\/\",\"logo\":{\"@type\":\"ImageObject\",\"inLanguage\":\"pt-BR\",\"@id\":\"https:\/\/agenciainfra.com\/blog\/#\/schema\/logo\/image\/\",\"url\":\"https:\/\/agenciainfra.com\/blog\/wp-content\/uploads\/2023\/09\/iNFRA_5-e1761735885940.png\",\"contentUrl\":\"https:\/\/agenciainfra.com\/blog\/wp-content\/uploads\/2023\/09\/iNFRA_5-e1761735885940.png\",\"width\":1672,\"height\":454,\"caption\":\"Ag\u00eancia iNFRA\"},\"image\":{\"@id\":\"https:\/\/agenciainfra.com\/blog\/#\/schema\/logo\/image\/\"},\"sameAs\":[\"https:\/\/www.facebook.com\/ageninfra\",\"https:\/\/x.com\/agencia_infra\",\"https:\/\/www.linkedin.com\/company\/ag\u00eanciainfra\/\",\"https:\/\/www.instagram.com\/agenciainfra\/\"]},{\"@type\":\"Person\",\"@id\":\"https:\/\/agenciainfra.com\/blog\/#\/schema\/person\/34af08dff6adea4cb22b06612ba7acfa\",\"name\":\"Ag\u00eancia iNFRA\",\"image\":{\"@type\":\"ImageObject\",\"inLanguage\":\"pt-BR\",\"@id\":\"https:\/\/agenciainfra.com\/blog\/#\/schema\/person\/image\/\",\"url\":\"https:\/\/secure.gravatar.com\/avatar\/d189e01678f06d8eb84d4e01f08eb848b3fffe3f8443818d3c356c66892f5be8?s=96&d=mm&r=g\",\"contentUrl\":\"https:\/\/secure.gravatar.com\/avatar\/d189e01678f06d8eb84d4e01f08eb848b3fffe3f8443818d3c356c66892f5be8?s=96&d=mm&r=g\",\"caption\":\"Ag\u00eancia iNFRA\"},\"url\":\"https:\/\/agenciainfra.com\/blog\/author\/admin\/\"}]}<\/script>\n<!-- \/ Yoast SEO Premium plugin. -->","yoast_head_json":{"title":"Nova tarifa social de energia deve ser aplicada integralmente em 5 de julho, dizem t\u00e9cnicos da ANEEL - Ag\u00eancia iNFRA","robots":{"index":"index","follow":"follow","max-snippet":"max-snippet:-1","max-image-preview":"max-image-preview:large","max-video-preview":"max-video-preview:-1"},"canonical":"https:\/\/agenciainfra.com\/blog\/nova-tarifa-social-de-energia-deve-ser-aplicada-integralmente-em-5-de-julho-dizem-tecnicos-da-aneel\/","og_locale":"pt_BR","og_type":"article","og_title":"Nova tarifa social de energia deve ser aplicada integralmente em 5 de julho, dizem t\u00e9cnicos da ANEEL","og_description":"Geraldo Campos Jr. e Lais Carregosa, da Ag\u00eancia iNFRA A \u00e1rea t\u00e9cnica da ANEEL (Ag\u00eancia Nacional de Energia El\u00e9trica) recomendou a aplica\u00e7\u00e3o integral das novas regras da Tarifa Social de Energia El\u00e9trica a partir do dia 5 de julho. A sugest\u00e3o atende ao texto estabelecido pela&nbsp;MP (Medida Provis\u00f3ria) 1.300\/2025, que trata da reforma do setor [&hellip;]","og_url":"https:\/\/agenciainfra.com\/blog\/nova-tarifa-social-de-energia-deve-ser-aplicada-integralmente-em-5-de-julho-dizem-tecnicos-da-aneel\/","og_site_name":"Ag\u00eancia iNFRA","article_publisher":"https:\/\/www.facebook.com\/ageninfra","article_published_time":"2025-06-03T12:00:00+00:00","article_modified_time":"2025-06-03T21:18:48+00:00","og_image":[{"width":1170,"height":700,"url":"https:\/\/agenciainfra.com\/blog\/wp-content\/uploads\/2025\/06\/conta_de_energia_marcello-casal.jr-agencia-brasil.png","type":"image\/png"}],"author":"Ag\u00eancia iNFRA","twitter_card":"summary_large_image","twitter_creator":"@agencia_infra","twitter_site":"@agencia_infra","twitter_misc":{"Escrito por":"Ag\u00eancia iNFRA","Est. tempo de leitura":"4 minutos"},"schema":{"@context":"https:\/\/schema.org","@graph":[{"@type":"Article","@id":"https:\/\/agenciainfra.com\/blog\/nova-tarifa-social-de-energia-deve-ser-aplicada-integralmente-em-5-de-julho-dizem-tecnicos-da-aneel\/#article","isPartOf":{"@id":"https:\/\/agenciainfra.com\/blog\/nova-tarifa-social-de-energia-deve-ser-aplicada-integralmente-em-5-de-julho-dizem-tecnicos-da-aneel\/"},"author":{"name":"Ag\u00eancia iNFRA","@id":"https:\/\/agenciainfra.com\/blog\/#\/schema\/person\/34af08dff6adea4cb22b06612ba7acfa"},"headline":"Nova tarifa social de energia deve ser aplicada integralmente em 5 de julho, dizem t\u00e9cnicos da ANEEL","datePublished":"2025-06-03T12:00:00+00:00","dateModified":"2025-06-03T21:18:48+00:00","mainEntityOfPage":{"@id":"https:\/\/agenciainfra.com\/blog\/nova-tarifa-social-de-energia-deve-ser-aplicada-integralmente-em-5-de-julho-dizem-tecnicos-da-aneel\/"},"wordCount":848,"publisher":{"@id":"https:\/\/agenciainfra.com\/blog\/#organization"},"image":{"@id":"https:\/\/agenciainfra.com\/blog\/nova-tarifa-social-de-energia-deve-ser-aplicada-integralmente-em-5-de-julho-dizem-tecnicos-da-aneel\/#primaryimage"},"thumbnailUrl":"https:\/\/agenciainfra.com\/blog\/wp-content\/uploads\/2025\/06\/conta_de_energia_marcello-casal.jr-agencia-brasil.png","keywords":["ANEEL","Geraldo Campos Jr.","Lais Carregosa","ludimila lima","Medida Provis\u00f3ria","MP 1.300\/2025","Reforma do Setor El\u00e9trico","Setor El\u00e9trico","Tarifa Social","tarifa social de energia"],"articleSection":["Geral","iNFRAEnergia"],"inLanguage":"pt-BR","copyrightYear":"2025","copyrightHolder":{"@id":"https:\/\/agenciainfra.com\/blog\/#organization"}},{"@type":"WebPage","@id":"https:\/\/agenciainfra.com\/blog\/nova-tarifa-social-de-energia-deve-ser-aplicada-integralmente-em-5-de-julho-dizem-tecnicos-da-aneel\/","url":"https:\/\/agenciainfra.com\/blog\/nova-tarifa-social-de-energia-deve-ser-aplicada-integralmente-em-5-de-julho-dizem-tecnicos-da-aneel\/","name":"Nova tarifa social de energia deve ser aplicada integralmente em 5 de julho, dizem t\u00e9cnicos da ANEEL - Ag\u00eancia iNFRA","isPartOf":{"@id":"https:\/\/agenciainfra.com\/blog\/#website"},"primaryImageOfPage":{"@id":"https:\/\/agenciainfra.com\/blog\/nova-tarifa-social-de-energia-deve-ser-aplicada-integralmente-em-5-de-julho-dizem-tecnicos-da-aneel\/#primaryimage"},"image":{"@id":"https:\/\/agenciainfra.com\/blog\/nova-tarifa-social-de-energia-deve-ser-aplicada-integralmente-em-5-de-julho-dizem-tecnicos-da-aneel\/#primaryimage"},"thumbnailUrl":"https:\/\/agenciainfra.com\/blog\/wp-content\/uploads\/2025\/06\/conta_de_energia_marcello-casal.jr-agencia-brasil.png","datePublished":"2025-06-03T12:00:00+00:00","dateModified":"2025-06-03T21:18:48+00:00","breadcrumb":{"@id":"https:\/\/agenciainfra.com\/blog\/nova-tarifa-social-de-energia-deve-ser-aplicada-integralmente-em-5-de-julho-dizem-tecnicos-da-aneel\/#breadcrumb"},"inLanguage":"pt-BR","potentialAction":[{"@type":"ReadAction","target":["https:\/\/agenciainfra.com\/blog\/nova-tarifa-social-de-energia-deve-ser-aplicada-integralmente-em-5-de-julho-dizem-tecnicos-da-aneel\/"]}]},{"@type":"ImageObject","inLanguage":"pt-BR","@id":"https:\/\/agenciainfra.com\/blog\/nova-tarifa-social-de-energia-deve-ser-aplicada-integralmente-em-5-de-julho-dizem-tecnicos-da-aneel\/#primaryimage","url":"https:\/\/agenciainfra.com\/blog\/wp-content\/uploads\/2025\/06\/conta_de_energia_marcello-casal.jr-agencia-brasil.png","contentUrl":"https:\/\/agenciainfra.com\/blog\/wp-content\/uploads\/2025\/06\/conta_de_energia_marcello-casal.jr-agencia-brasil.png","width":1170,"height":700,"caption":"Foto: Marcello Casal Jr.\/Ag\u00eancia Brasil"},{"@type":"BreadcrumbList","@id":"https:\/\/agenciainfra.com\/blog\/nova-tarifa-social-de-energia-deve-ser-aplicada-integralmente-em-5-de-julho-dizem-tecnicos-da-aneel\/#breadcrumb","itemListElement":[{"@type":"ListItem","position":1,"name":"In\u00edcio","item":"https:\/\/agenciainfra.com\/blog\/"},{"@type":"ListItem","position":2,"name":"Nova tarifa social de energia deve ser aplicada integralmente em 5 de julho, dizem t\u00e9cnicos da ANEEL"}]},{"@type":"WebSite","@id":"https:\/\/agenciainfra.com\/blog\/#website","url":"https:\/\/agenciainfra.com\/blog\/","name":"Ag\u00eancia iNFRA","description":"Multiplataforma de informa\u00e7\u00e3o jornal\u00edstica refer\u00eancia na \u00e1rea de infraestrutura no Brasil!","publisher":{"@id":"https:\/\/agenciainfra.com\/blog\/#organization"},"potentialAction":[{"@type":"SearchAction","target":{"@type":"EntryPoint","urlTemplate":"https:\/\/agenciainfra.com\/blog\/?s={search_term_string}"},"query-input":{"@type":"PropertyValueSpecification","valueRequired":true,"valueName":"search_term_string"}}],"inLanguage":"pt-BR"},{"@type":"Organization","@id":"https:\/\/agenciainfra.com\/blog\/#organization","name":"Ag\u00eancia iNFRA","url":"https:\/\/agenciainfra.com\/blog\/","logo":{"@type":"ImageObject","inLanguage":"pt-BR","@id":"https:\/\/agenciainfra.com\/blog\/#\/schema\/logo\/image\/","url":"https:\/\/agenciainfra.com\/blog\/wp-content\/uploads\/2023\/09\/iNFRA_5-e1761735885940.png","contentUrl":"https:\/\/agenciainfra.com\/blog\/wp-content\/uploads\/2023\/09\/iNFRA_5-e1761735885940.png","width":1672,"height":454,"caption":"Ag\u00eancia iNFRA"},"image":{"@id":"https:\/\/agenciainfra.com\/blog\/#\/schema\/logo\/image\/"},"sameAs":["https:\/\/www.facebook.com\/ageninfra","https:\/\/x.com\/agencia_infra","https:\/\/www.linkedin.com\/company\/ag\u00eanciainfra\/","https:\/\/www.instagram.com\/agenciainfra\/"]},{"@type":"Person","@id":"https:\/\/agenciainfra.com\/blog\/#\/schema\/person\/34af08dff6adea4cb22b06612ba7acfa","name":"Ag\u00eancia iNFRA","image":{"@type":"ImageObject","inLanguage":"pt-BR","@id":"https:\/\/agenciainfra.com\/blog\/#\/schema\/person\/image\/","url":"https:\/\/secure.gravatar.com\/avatar\/d189e01678f06d8eb84d4e01f08eb848b3fffe3f8443818d3c356c66892f5be8?s=96&d=mm&r=g","contentUrl":"https:\/\/secure.gravatar.com\/avatar\/d189e01678f06d8eb84d4e01f08eb848b3fffe3f8443818d3c356c66892f5be8?s=96&d=mm&r=g","caption":"Ag\u00eancia iNFRA"},"url":"https:\/\/agenciainfra.com\/blog\/author\/admin\/"}]}},"_links":{"self":[{"href":"https:\/\/agenciainfra.com\/blog\/wp-json\/wp\/v2\/posts\/22392","targetHints":{"allow":["GET"]}}],"collection":[{"href":"https:\/\/agenciainfra.com\/blog\/wp-json\/wp\/v2\/posts"}],"about":[{"href":"https:\/\/agenciainfra.com\/blog\/wp-json\/wp\/v2\/types\/post"}],"author":[{"embeddable":true,"href":"https:\/\/agenciainfra.com\/blog\/wp-json\/wp\/v2\/users\/1"}],"replies":[{"embeddable":true,"href":"https:\/\/agenciainfra.com\/blog\/wp-json\/wp\/v2\/comments?post=22392"}],"version-history":[{"count":1,"href":"https:\/\/agenciainfra.com\/blog\/wp-json\/wp\/v2\/posts\/22392\/revisions"}],"predecessor-version":[{"id":22394,"href":"https:\/\/agenciainfra.com\/blog\/wp-json\/wp\/v2\/posts\/22392\/revisions\/22394"}],"wp:featuredmedia":[{"embeddable":true,"href":"https:\/\/agenciainfra.com\/blog\/wp-json\/wp\/v2\/media\/22393"}],"wp:attachment":[{"href":"https:\/\/agenciainfra.com\/blog\/wp-json\/wp\/v2\/media?parent=22392"}],"wp:term":[{"taxonomy":"category","embeddable":true,"href":"https:\/\/agenciainfra.com\/blog\/wp-json\/wp\/v2\/categories?post=22392"},{"taxonomy":"post_tag","embeddable":true,"href":"https:\/\/agenciainfra.com\/blog\/wp-json\/wp\/v2\/tags?post=22392"}],"curies":[{"name":"wp","href":"https:\/\/api.w.org\/{rel}","templated":true}]}}