{"id":22415,"date":"2025-06-03T11:35:05","date_gmt":"2025-06-03T14:35:05","guid":{"rendered":"https:\/\/agenciainfra.com\/blog\/?p=22415"},"modified":"2025-06-04T10:01:45","modified_gmt":"2025-06-04T13:01:45","slug":"silveira-diz-que-pacote-de-r-35-bi-e-coisa-distinta-de-solucao-para-o-iof-e-que-trabalha-em-sintonia-com-haddad","status":"publish","type":"post","link":"https:\/\/agenciainfra.com\/blog\/silveira-diz-que-pacote-de-r-35-bi-e-coisa-distinta-de-solucao-para-o-iof-e-que-trabalha-em-sintonia-com-haddad\/","title":{"rendered":"Silveira diz que pacote de R$ 35 bi \u00e9 &#8220;coisa distinta&#8221; de solu\u00e7\u00e3o para o IOF e que trabalha em sintonia com Haddad"},"content":{"rendered":"\n<p class=\"has-text-align-right\"><strong>Geraldo Campos Jr., da Ag\u00eancia iNFRA<\/strong><\/p>\n\n\n\n<p>O ministro de Minas e Energia, Alexandre Silveira, disse nesta ter\u00e7a-feira (3) que o pacote proposto por ele ao presidente Lula que pode aumentar a arrecada\u00e7\u00e3o federal em at\u00e9 R$ 35 bilh\u00f5es at\u00e9 2026 \u00e9 \u201ccoisa distinta\u201d da busca de uma solu\u00e7\u00e3o sobre o IOF. Em entrevista, ele disse que tem trabalhado em sintonia com o ministro Fernando Haddad (Fazenda), inclusive negociando as medidas.<\/p>\n\n\n\n<p>\u201cA quest\u00e3o da negocia\u00e7\u00e3o feita pelo ministro Haddad e do IOF continua paralela, buscando uma alternativa para que a gente possa readequar o or\u00e7amento. Mas esses R$ 35 bilh\u00f5es s\u00e3o evidentes que v\u00e3o poder minimizar os impactos e facilitar e abrir mais porta para investimento nas pol\u00edticas p\u00fablicas do pa\u00eds\u201d, afirmou a jornalistas em Belo Horizonte.<\/p>\n\n\n\n<p>Silveira disse que o projeto de lei para leiloar o petr\u00f3leo de \u00e1reas do pr\u00e9-sal, que j\u00e1 est\u00e1 no Congresso, foi fechado por ele juntamente com Haddad. O certame tem estimativa de arrecadar pelo menos R$ 15 bilh\u00f5es ainda neste ano. \u201cEstamos trabalhando completamente sintonizados\u201d, afirmou. O ministro disse ainda acreditar que o projeto ter\u00e1 uma tramita\u00e7\u00e3o pac\u00edfica e r\u00e1pida aprova\u00e7\u00e3o no Congresso Nacional.<\/p>\n\n\n\n<p><\/p>\n","protected":false},"excerpt":{"rendered":"<p>Geraldo Campos Jr., da Ag\u00eancia iNFRA O ministro de Minas e Energia, Alexandre Silveira, disse nesta ter\u00e7a-feira (3) que o pacote proposto por ele ao presidente Lula que pode aumentar a arrecada\u00e7\u00e3o federal em at\u00e9 R$ 35 bilh\u00f5es at\u00e9 2026 \u00e9 \u201ccoisa distinta\u201d da busca de uma solu\u00e7\u00e3o sobre o IOF. Em entrevista, ele disse [&hellip;]<\/p>\n","protected":false},"author":1,"featured_media":19322,"comment_status":"closed","ping_status":"closed","sticky":false,"template":"","format":"standard","meta":{"_monsterinsights_skip_tracking":false,"_monsterinsights_sitenote_active":false,"_monsterinsights_sitenote_note":"","_monsterinsights_sitenote_category":0,"footnotes":""},"categories":[7250,1,10],"tags":[6040,4359,13607,13599,6585,167],"class_list":["post-22415","post","type-post","status-publish","format-standard","has-post-thumbnail","hentry","category-destaque-lista","category-geral","category-infraenergia","tag-alexandre-silveira","tag-arrecadacao","tag-arrecadacao-federal","tag-iof","tag-ministerio-da-fazenda","tag-orcamento"],"yoast_head":"<!-- This site is optimized with the Yoast SEO Premium plugin v25.4 (Yoast SEO v26.0) - https:\/\/yoast.com\/wordpress\/plugins\/seo\/ -->\n<title>Silveira diz que pacote de R$ 35 bi \u00e9 &quot;coisa distinta&quot; de solu\u00e7\u00e3o para o IOF e que trabalha em sintonia com Haddad - Ag\u00eancia iNFRA<\/title>\n<meta name=\"robots\" content=\"index, follow, max-snippet:-1, max-image-preview:large, max-video-preview:-1\" \/>\n<link rel=\"canonical\" href=\"https:\/\/agenciainfra.com\/blog\/silveira-diz-que-pacote-de-r-35-bi-e-coisa-distinta-de-solucao-para-o-iof-e-que-trabalha-em-sintonia-com-haddad\/\" \/>\n<meta property=\"og:locale\" content=\"pt_BR\" \/>\n<meta property=\"og:type\" content=\"article\" \/>\n<meta property=\"og:title\" content=\"Silveira diz que pacote de R$ 35 bi \u00e9 &quot;coisa distinta&quot; de solu\u00e7\u00e3o para o IOF e que trabalha em sintonia com Haddad\" \/>\n<meta property=\"og:description\" content=\"Geraldo Campos Jr., da Ag\u00eancia iNFRA O ministro de Minas e Energia, Alexandre Silveira, disse nesta ter\u00e7a-feira (3) que o pacote proposto por ele ao presidente Lula que pode aumentar a arrecada\u00e7\u00e3o federal em at\u00e9 R$ 35 bilh\u00f5es at\u00e9 2026 \u00e9 \u201ccoisa distinta\u201d da busca de uma solu\u00e7\u00e3o sobre o IOF. Em entrevista, ele disse [&hellip;]\" \/>\n<meta property=\"og:url\" content=\"https:\/\/agenciainfra.com\/blog\/silveira-diz-que-pacote-de-r-35-bi-e-coisa-distinta-de-solucao-para-o-iof-e-que-trabalha-em-sintonia-com-haddad\/\" \/>\n<meta property=\"og:site_name\" content=\"Ag\u00eancia iNFRA\" \/>\n<meta property=\"article:publisher\" content=\"https:\/\/www.facebook.com\/ageninfra\" \/>\n<meta property=\"article:published_time\" content=\"2025-06-03T14:35:05+00:00\" \/>\n<meta property=\"article:modified_time\" content=\"2025-06-04T13:01:45+00:00\" \/>\n<meta property=\"og:image\" content=\"https:\/\/agenciainfra.com\/blog\/wp-content\/uploads\/2024\/11\/alexandre-silveira-foto-ricardo-botelho-mme-1.jpeg\" \/>\n\t<meta property=\"og:image:width\" content=\"1280\" \/>\n\t<meta property=\"og:image:height\" content=\"742\" \/>\n\t<meta property=\"og:image:type\" content=\"image\/jpeg\" \/>\n<meta name=\"author\" content=\"Ag\u00eancia iNFRA\" \/>\n<meta name=\"twitter:card\" content=\"summary_large_image\" \/>\n<meta name=\"twitter:creator\" content=\"@agencia_infra\" \/>\n<meta name=\"twitter:site\" content=\"@agencia_infra\" \/>\n<meta name=\"twitter:label1\" content=\"Escrito por\" \/>\n\t<meta name=\"twitter:data1\" content=\"Ag\u00eancia iNFRA\" \/>\n\t<meta name=\"twitter:label2\" content=\"Est. tempo de leitura\" \/>\n\t<meta name=\"twitter:data2\" content=\"1 minuto\" \/>\n<script type=\"application\/ld+json\" class=\"yoast-schema-graph\">{\"@context\":\"https:\/\/schema.org\",\"@graph\":[{\"@type\":\"Article\",\"@id\":\"https:\/\/agenciainfra.com\/blog\/silveira-diz-que-pacote-de-r-35-bi-e-coisa-distinta-de-solucao-para-o-iof-e-que-trabalha-em-sintonia-com-haddad\/#article\",\"isPartOf\":{\"@id\":\"https:\/\/agenciainfra.com\/blog\/silveira-diz-que-pacote-de-r-35-bi-e-coisa-distinta-de-solucao-para-o-iof-e-que-trabalha-em-sintonia-com-haddad\/\"},\"author\":{\"name\":\"Ag\u00eancia iNFRA\",\"@id\":\"https:\/\/agenciainfra.com\/blog\/#\/schema\/person\/34af08dff6adea4cb22b06612ba7acfa\"},\"headline\":\"Silveira diz que pacote de R$ 35 bi \u00e9 &#8220;coisa distinta&#8221; de solu\u00e7\u00e3o para o IOF e que trabalha em sintonia com Haddad\",\"datePublished\":\"2025-06-03T14:35:05+00:00\",\"dateModified\":\"2025-06-04T13:01:45+00:00\",\"mainEntityOfPage\":{\"@id\":\"https:\/\/agenciainfra.com\/blog\/silveira-diz-que-pacote-de-r-35-bi-e-coisa-distinta-de-solucao-para-o-iof-e-que-trabalha-em-sintonia-com-haddad\/\"},\"wordCount\":227,\"publisher\":{\"@id\":\"https:\/\/agenciainfra.com\/blog\/#organization\"},\"image\":{\"@id\":\"https:\/\/agenciainfra.com\/blog\/silveira-diz-que-pacote-de-r-35-bi-e-coisa-distinta-de-solucao-para-o-iof-e-que-trabalha-em-sintonia-com-haddad\/#primaryimage\"},\"thumbnailUrl\":\"https:\/\/agenciainfra.com\/blog\/wp-content\/uploads\/2024\/11\/alexandre-silveira-foto-ricardo-botelho-mme-1.jpeg\",\"keywords\":[\"Alexandre Silveira\",\"arrecada\u00e7\u00e3o\",\"arrecada\u00e7\u00e3o federal\",\"IOF\",\"Minist\u00e9rio da Fazenda\",\"Or\u00e7amento\"],\"articleSection\":[\"Destaque lista\",\"Geral\",\"iNFRAEnergia\"],\"inLanguage\":\"pt-BR\",\"copyrightYear\":\"2025\",\"copyrightHolder\":{\"@id\":\"https:\/\/agenciainfra.com\/blog\/#organization\"}},{\"@type\":\"WebPage\",\"@id\":\"https:\/\/agenciainfra.com\/blog\/silveira-diz-que-pacote-de-r-35-bi-e-coisa-distinta-de-solucao-para-o-iof-e-que-trabalha-em-sintonia-com-haddad\/\",\"url\":\"https:\/\/agenciainfra.com\/blog\/silveira-diz-que-pacote-de-r-35-bi-e-coisa-distinta-de-solucao-para-o-iof-e-que-trabalha-em-sintonia-com-haddad\/\",\"name\":\"Silveira diz que pacote de R$ 35 bi \u00e9 \\\"coisa distinta\\\" de solu\u00e7\u00e3o para o IOF e que trabalha em sintonia com Haddad - Ag\u00eancia iNFRA\",\"isPartOf\":{\"@id\":\"https:\/\/agenciainfra.com\/blog\/#website\"},\"primaryImageOfPage\":{\"@id\":\"https:\/\/agenciainfra.com\/blog\/silveira-diz-que-pacote-de-r-35-bi-e-coisa-distinta-de-solucao-para-o-iof-e-que-trabalha-em-sintonia-com-haddad\/#primaryimage\"},\"image\":{\"@id\":\"https:\/\/agenciainfra.com\/blog\/silveira-diz-que-pacote-de-r-35-bi-e-coisa-distinta-de-solucao-para-o-iof-e-que-trabalha-em-sintonia-com-haddad\/#primaryimage\"},\"thumbnailUrl\":\"https:\/\/agenciainfra.com\/blog\/wp-content\/uploads\/2024\/11\/alexandre-silveira-foto-ricardo-botelho-mme-1.jpeg\",\"datePublished\":\"2025-06-03T14:35:05+00:00\",\"dateModified\":\"2025-06-04T13:01:45+00:00\",\"breadcrumb\":{\"@id\":\"https:\/\/agenciainfra.com\/blog\/silveira-diz-que-pacote-de-r-35-bi-e-coisa-distinta-de-solucao-para-o-iof-e-que-trabalha-em-sintonia-com-haddad\/#breadcrumb\"},\"inLanguage\":\"pt-BR\",\"potentialAction\":[{\"@type\":\"ReadAction\",\"target\":[\"https:\/\/agenciainfra.com\/blog\/silveira-diz-que-pacote-de-r-35-bi-e-coisa-distinta-de-solucao-para-o-iof-e-que-trabalha-em-sintonia-com-haddad\/\"]}]},{\"@type\":\"ImageObject\",\"inLanguage\":\"pt-BR\",\"@id\":\"https:\/\/agenciainfra.com\/blog\/silveira-diz-que-pacote-de-r-35-bi-e-coisa-distinta-de-solucao-para-o-iof-e-que-trabalha-em-sintonia-com-haddad\/#primaryimage\",\"url\":\"https:\/\/agenciainfra.com\/blog\/wp-content\/uploads\/2024\/11\/alexandre-silveira-foto-ricardo-botelho-mme-1.jpeg\",\"contentUrl\":\"https:\/\/agenciainfra.com\/blog\/wp-content\/uploads\/2024\/11\/alexandre-silveira-foto-ricardo-botelho-mme-1.jpeg\",\"width\":1280,\"height\":742},{\"@type\":\"BreadcrumbList\",\"@id\":\"https:\/\/agenciainfra.com\/blog\/silveira-diz-que-pacote-de-r-35-bi-e-coisa-distinta-de-solucao-para-o-iof-e-que-trabalha-em-sintonia-com-haddad\/#breadcrumb\",\"itemListElement\":[{\"@type\":\"ListItem\",\"position\":1,\"name\":\"In\u00edcio\",\"item\":\"https:\/\/agenciainfra.com\/blog\/\"},{\"@type\":\"ListItem\",\"position\":2,\"name\":\"Silveira diz que pacote de R$ 35 bi \u00e9 &#8220;coisa distinta&#8221; de solu\u00e7\u00e3o para o IOF e que trabalha em sintonia com Haddad\"}]},{\"@type\":\"WebSite\",\"@id\":\"https:\/\/agenciainfra.com\/blog\/#website\",\"url\":\"https:\/\/agenciainfra.com\/blog\/\",\"name\":\"Ag\u00eancia iNFRA\",\"description\":\"Multiplataforma de informa\u00e7\u00e3o jornal\u00edstica refer\u00eancia na \u00e1rea de infraestrutura no Brasil!\",\"publisher\":{\"@id\":\"https:\/\/agenciainfra.com\/blog\/#organization\"},\"potentialAction\":[{\"@type\":\"SearchAction\",\"target\":{\"@type\":\"EntryPoint\",\"urlTemplate\":\"https:\/\/agenciainfra.com\/blog\/?s={search_term_string}\"},\"query-input\":{\"@type\":\"PropertyValueSpecification\",\"valueRequired\":true,\"valueName\":\"search_term_string\"}}],\"inLanguage\":\"pt-BR\"},{\"@type\":\"Organization\",\"@id\":\"https:\/\/agenciainfra.com\/blog\/#organization\",\"name\":\"Ag\u00eancia iNFRA\",\"url\":\"https:\/\/agenciainfra.com\/blog\/\",\"logo\":{\"@type\":\"ImageObject\",\"inLanguage\":\"pt-BR\",\"@id\":\"https:\/\/agenciainfra.com\/blog\/#\/schema\/logo\/image\/\",\"url\":\"https:\/\/agenciainfra.com\/blog\/wp-content\/uploads\/2023\/09\/iNFRA_5-e1761735885940.png\",\"contentUrl\":\"https:\/\/agenciainfra.com\/blog\/wp-content\/uploads\/2023\/09\/iNFRA_5-e1761735885940.png\",\"width\":1672,\"height\":454,\"caption\":\"Ag\u00eancia iNFRA\"},\"image\":{\"@id\":\"https:\/\/agenciainfra.com\/blog\/#\/schema\/logo\/image\/\"},\"sameAs\":[\"https:\/\/www.facebook.com\/ageninfra\",\"https:\/\/x.com\/agencia_infra\",\"https:\/\/www.linkedin.com\/company\/ag\u00eanciainfra\/\",\"https:\/\/www.instagram.com\/agenciainfra\/\"]},{\"@type\":\"Person\",\"@id\":\"https:\/\/agenciainfra.com\/blog\/#\/schema\/person\/34af08dff6adea4cb22b06612ba7acfa\",\"name\":\"Ag\u00eancia iNFRA\",\"image\":{\"@type\":\"ImageObject\",\"inLanguage\":\"pt-BR\",\"@id\":\"https:\/\/agenciainfra.com\/blog\/#\/schema\/person\/image\/\",\"url\":\"https:\/\/secure.gravatar.com\/avatar\/d189e01678f06d8eb84d4e01f08eb848b3fffe3f8443818d3c356c66892f5be8?s=96&d=mm&r=g\",\"contentUrl\":\"https:\/\/secure.gravatar.com\/avatar\/d189e01678f06d8eb84d4e01f08eb848b3fffe3f8443818d3c356c66892f5be8?s=96&d=mm&r=g\",\"caption\":\"Ag\u00eancia iNFRA\"},\"url\":\"https:\/\/agenciainfra.com\/blog\/author\/admin\/\"}]}<\/script>\n<!-- \/ Yoast SEO Premium plugin. -->","yoast_head_json":{"title":"Silveira diz que pacote de R$ 35 bi \u00e9 \"coisa distinta\" de solu\u00e7\u00e3o para o IOF e que trabalha em sintonia com Haddad - Ag\u00eancia iNFRA","robots":{"index":"index","follow":"follow","max-snippet":"max-snippet:-1","max-image-preview":"max-image-preview:large","max-video-preview":"max-video-preview:-1"},"canonical":"https:\/\/agenciainfra.com\/blog\/silveira-diz-que-pacote-de-r-35-bi-e-coisa-distinta-de-solucao-para-o-iof-e-que-trabalha-em-sintonia-com-haddad\/","og_locale":"pt_BR","og_type":"article","og_title":"Silveira diz que pacote de R$ 35 bi \u00e9 \"coisa distinta\" de solu\u00e7\u00e3o para o IOF e que trabalha em sintonia com Haddad","og_description":"Geraldo Campos Jr., da Ag\u00eancia iNFRA O ministro de Minas e Energia, Alexandre Silveira, disse nesta ter\u00e7a-feira (3) que o pacote proposto por ele ao presidente Lula que pode aumentar a arrecada\u00e7\u00e3o federal em at\u00e9 R$ 35 bilh\u00f5es at\u00e9 2026 \u00e9 \u201ccoisa distinta\u201d da busca de uma solu\u00e7\u00e3o sobre o IOF. Em entrevista, ele disse [&hellip;]","og_url":"https:\/\/agenciainfra.com\/blog\/silveira-diz-que-pacote-de-r-35-bi-e-coisa-distinta-de-solucao-para-o-iof-e-que-trabalha-em-sintonia-com-haddad\/","og_site_name":"Ag\u00eancia iNFRA","article_publisher":"https:\/\/www.facebook.com\/ageninfra","article_published_time":"2025-06-03T14:35:05+00:00","article_modified_time":"2025-06-04T13:01:45+00:00","og_image":[{"width":1280,"height":742,"url":"https:\/\/agenciainfra.com\/blog\/wp-content\/uploads\/2024\/11\/alexandre-silveira-foto-ricardo-botelho-mme-1.jpeg","type":"image\/jpeg"}],"author":"Ag\u00eancia iNFRA","twitter_card":"summary_large_image","twitter_creator":"@agencia_infra","twitter_site":"@agencia_infra","twitter_misc":{"Escrito por":"Ag\u00eancia iNFRA","Est. tempo de leitura":"1 minuto"},"schema":{"@context":"https:\/\/schema.org","@graph":[{"@type":"Article","@id":"https:\/\/agenciainfra.com\/blog\/silveira-diz-que-pacote-de-r-35-bi-e-coisa-distinta-de-solucao-para-o-iof-e-que-trabalha-em-sintonia-com-haddad\/#article","isPartOf":{"@id":"https:\/\/agenciainfra.com\/blog\/silveira-diz-que-pacote-de-r-35-bi-e-coisa-distinta-de-solucao-para-o-iof-e-que-trabalha-em-sintonia-com-haddad\/"},"author":{"name":"Ag\u00eancia iNFRA","@id":"https:\/\/agenciainfra.com\/blog\/#\/schema\/person\/34af08dff6adea4cb22b06612ba7acfa"},"headline":"Silveira diz que pacote de R$ 35 bi \u00e9 &#8220;coisa distinta&#8221; de solu\u00e7\u00e3o para o IOF e que trabalha em sintonia com Haddad","datePublished":"2025-06-03T14:35:05+00:00","dateModified":"2025-06-04T13:01:45+00:00","mainEntityOfPage":{"@id":"https:\/\/agenciainfra.com\/blog\/silveira-diz-que-pacote-de-r-35-bi-e-coisa-distinta-de-solucao-para-o-iof-e-que-trabalha-em-sintonia-com-haddad\/"},"wordCount":227,"publisher":{"@id":"https:\/\/agenciainfra.com\/blog\/#organization"},"image":{"@id":"https:\/\/agenciainfra.com\/blog\/silveira-diz-que-pacote-de-r-35-bi-e-coisa-distinta-de-solucao-para-o-iof-e-que-trabalha-em-sintonia-com-haddad\/#primaryimage"},"thumbnailUrl":"https:\/\/agenciainfra.com\/blog\/wp-content\/uploads\/2024\/11\/alexandre-silveira-foto-ricardo-botelho-mme-1.jpeg","keywords":["Alexandre Silveira","arrecada\u00e7\u00e3o","arrecada\u00e7\u00e3o federal","IOF","Minist\u00e9rio da Fazenda","Or\u00e7amento"],"articleSection":["Destaque lista","Geral","iNFRAEnergia"],"inLanguage":"pt-BR","copyrightYear":"2025","copyrightHolder":{"@id":"https:\/\/agenciainfra.com\/blog\/#organization"}},{"@type":"WebPage","@id":"https:\/\/agenciainfra.com\/blog\/silveira-diz-que-pacote-de-r-35-bi-e-coisa-distinta-de-solucao-para-o-iof-e-que-trabalha-em-sintonia-com-haddad\/","url":"https:\/\/agenciainfra.com\/blog\/silveira-diz-que-pacote-de-r-35-bi-e-coisa-distinta-de-solucao-para-o-iof-e-que-trabalha-em-sintonia-com-haddad\/","name":"Silveira diz que pacote de R$ 35 bi \u00e9 \"coisa distinta\" de solu\u00e7\u00e3o para o IOF e que trabalha em sintonia com Haddad - Ag\u00eancia iNFRA","isPartOf":{"@id":"https:\/\/agenciainfra.com\/blog\/#website"},"primaryImageOfPage":{"@id":"https:\/\/agenciainfra.com\/blog\/silveira-diz-que-pacote-de-r-35-bi-e-coisa-distinta-de-solucao-para-o-iof-e-que-trabalha-em-sintonia-com-haddad\/#primaryimage"},"image":{"@id":"https:\/\/agenciainfra.com\/blog\/silveira-diz-que-pacote-de-r-35-bi-e-coisa-distinta-de-solucao-para-o-iof-e-que-trabalha-em-sintonia-com-haddad\/#primaryimage"},"thumbnailUrl":"https:\/\/agenciainfra.com\/blog\/wp-content\/uploads\/2024\/11\/alexandre-silveira-foto-ricardo-botelho-mme-1.jpeg","datePublished":"2025-06-03T14:35:05+00:00","dateModified":"2025-06-04T13:01:45+00:00","breadcrumb":{"@id":"https:\/\/agenciainfra.com\/blog\/silveira-diz-que-pacote-de-r-35-bi-e-coisa-distinta-de-solucao-para-o-iof-e-que-trabalha-em-sintonia-com-haddad\/#breadcrumb"},"inLanguage":"pt-BR","potentialAction":[{"@type":"ReadAction","target":["https:\/\/agenciainfra.com\/blog\/silveira-diz-que-pacote-de-r-35-bi-e-coisa-distinta-de-solucao-para-o-iof-e-que-trabalha-em-sintonia-com-haddad\/"]}]},{"@type":"ImageObject","inLanguage":"pt-BR","@id":"https:\/\/agenciainfra.com\/blog\/silveira-diz-que-pacote-de-r-35-bi-e-coisa-distinta-de-solucao-para-o-iof-e-que-trabalha-em-sintonia-com-haddad\/#primaryimage","url":"https:\/\/agenciainfra.com\/blog\/wp-content\/uploads\/2024\/11\/alexandre-silveira-foto-ricardo-botelho-mme-1.jpeg","contentUrl":"https:\/\/agenciainfra.com\/blog\/wp-content\/uploads\/2024\/11\/alexandre-silveira-foto-ricardo-botelho-mme-1.jpeg","width":1280,"height":742},{"@type":"BreadcrumbList","@id":"https:\/\/agenciainfra.com\/blog\/silveira-diz-que-pacote-de-r-35-bi-e-coisa-distinta-de-solucao-para-o-iof-e-que-trabalha-em-sintonia-com-haddad\/#breadcrumb","itemListElement":[{"@type":"ListItem","position":1,"name":"In\u00edcio","item":"https:\/\/agenciainfra.com\/blog\/"},{"@type":"ListItem","position":2,"name":"Silveira diz que pacote de R$ 35 bi \u00e9 &#8220;coisa distinta&#8221; de solu\u00e7\u00e3o para o IOF e que trabalha em sintonia com Haddad"}]},{"@type":"WebSite","@id":"https:\/\/agenciainfra.com\/blog\/#website","url":"https:\/\/agenciainfra.com\/blog\/","name":"Ag\u00eancia iNFRA","description":"Multiplataforma de informa\u00e7\u00e3o jornal\u00edstica refer\u00eancia na \u00e1rea de infraestrutura no Brasil!","publisher":{"@id":"https:\/\/agenciainfra.com\/blog\/#organization"},"potentialAction":[{"@type":"SearchAction","target":{"@type":"EntryPoint","urlTemplate":"https:\/\/agenciainfra.com\/blog\/?s={search_term_string}"},"query-input":{"@type":"PropertyValueSpecification","valueRequired":true,"valueName":"search_term_string"}}],"inLanguage":"pt-BR"},{"@type":"Organization","@id":"https:\/\/agenciainfra.com\/blog\/#organization","name":"Ag\u00eancia iNFRA","url":"https:\/\/agenciainfra.com\/blog\/","logo":{"@type":"ImageObject","inLanguage":"pt-BR","@id":"https:\/\/agenciainfra.com\/blog\/#\/schema\/logo\/image\/","url":"https:\/\/agenciainfra.com\/blog\/wp-content\/uploads\/2023\/09\/iNFRA_5-e1761735885940.png","contentUrl":"https:\/\/agenciainfra.com\/blog\/wp-content\/uploads\/2023\/09\/iNFRA_5-e1761735885940.png","width":1672,"height":454,"caption":"Ag\u00eancia iNFRA"},"image":{"@id":"https:\/\/agenciainfra.com\/blog\/#\/schema\/logo\/image\/"},"sameAs":["https:\/\/www.facebook.com\/ageninfra","https:\/\/x.com\/agencia_infra","https:\/\/www.linkedin.com\/company\/ag\u00eanciainfra\/","https:\/\/www.instagram.com\/agenciainfra\/"]},{"@type":"Person","@id":"https:\/\/agenciainfra.com\/blog\/#\/schema\/person\/34af08dff6adea4cb22b06612ba7acfa","name":"Ag\u00eancia iNFRA","image":{"@type":"ImageObject","inLanguage":"pt-BR","@id":"https:\/\/agenciainfra.com\/blog\/#\/schema\/person\/image\/","url":"https:\/\/secure.gravatar.com\/avatar\/d189e01678f06d8eb84d4e01f08eb848b3fffe3f8443818d3c356c66892f5be8?s=96&d=mm&r=g","contentUrl":"https:\/\/secure.gravatar.com\/avatar\/d189e01678f06d8eb84d4e01f08eb848b3fffe3f8443818d3c356c66892f5be8?s=96&d=mm&r=g","caption":"Ag\u00eancia iNFRA"},"url":"https:\/\/agenciainfra.com\/blog\/author\/admin\/"}]}},"_links":{"self":[{"href":"https:\/\/agenciainfra.com\/blog\/wp-json\/wp\/v2\/posts\/22415","targetHints":{"allow":["GET"]}}],"collection":[{"href":"https:\/\/agenciainfra.com\/blog\/wp-json\/wp\/v2\/posts"}],"about":[{"href":"https:\/\/agenciainfra.com\/blog\/wp-json\/wp\/v2\/types\/post"}],"author":[{"embeddable":true,"href":"https:\/\/agenciainfra.com\/blog\/wp-json\/wp\/v2\/users\/1"}],"replies":[{"embeddable":true,"href":"https:\/\/agenciainfra.com\/blog\/wp-json\/wp\/v2\/comments?post=22415"}],"version-history":[{"count":1,"href":"https:\/\/agenciainfra.com\/blog\/wp-json\/wp\/v2\/posts\/22415\/revisions"}],"predecessor-version":[{"id":22416,"href":"https:\/\/agenciainfra.com\/blog\/wp-json\/wp\/v2\/posts\/22415\/revisions\/22416"}],"wp:featuredmedia":[{"embeddable":true,"href":"https:\/\/agenciainfra.com\/blog\/wp-json\/wp\/v2\/media\/19322"}],"wp:attachment":[{"href":"https:\/\/agenciainfra.com\/blog\/wp-json\/wp\/v2\/media?parent=22415"}],"wp:term":[{"taxonomy":"category","embeddable":true,"href":"https:\/\/agenciainfra.com\/blog\/wp-json\/wp\/v2\/categories?post=22415"},{"taxonomy":"post_tag","embeddable":true,"href":"https:\/\/agenciainfra.com\/blog\/wp-json\/wp\/v2\/tags?post=22415"}],"curies":[{"name":"wp","href":"https:\/\/api.w.org\/{rel}","templated":true}]}}