{"id":22417,"date":"2025-06-03T12:30:00","date_gmt":"2025-06-03T15:30:00","guid":{"rendered":"https:\/\/agenciainfra.com\/blog\/?p=22417"},"modified":"2025-06-04T11:55:20","modified_gmt":"2025-06-04T14:55:20","slug":"diretor-da-aneel-propoe-reuniao-tecnica-para-debater-efeitos-da-mp-do-setor-eletrico-na-ccee","status":"publish","type":"post","link":"https:\/\/agenciainfra.com\/blog\/diretor-da-aneel-propoe-reuniao-tecnica-para-debater-efeitos-da-mp-do-setor-eletrico-na-ccee\/","title":{"rendered":"Diretor da ANEEL prop\u00f5e reuni\u00e3o t\u00e9cnica para debater efeitos da MP do Setor El\u00e9trico na CCEE"},"content":{"rendered":"\n<p class=\"has-text-align-right\"><strong>Lais Carregosa, da Ag\u00eancia iNFRA<\/strong><\/p>\n\n\n\n<p>O diretor da ANEEL (Ag\u00eancia Nacional de Energia El\u00e9trica) Fernando Mosna disse nesta ter\u00e7a-feira (3) que pretende realizar uma reuni\u00e3o t\u00e9cnica com as superintend\u00eancias e com os diretores da reguladora sobre os efeitos da MP (Medida Provis\u00f3ria) 1.300\/2025, que trata da reforma do setor el\u00e9trico, no estatuto da CCEE (C\u00e2mara de Comercializa\u00e7\u00e3o de Energia). O diretor pediu vista em maio do processo que analisa o novo estatuto.<\/p>\n\n\n\n<p>\u201cN\u00e3o est\u00e1 escrito que uma das atribui\u00e7\u00f5es da CCEE \u00e9 atuar no mercado de g\u00e1s natural, mas todo mundo compreende, por conta de experi\u00eancia internacional, que amplia tamb\u00e9m a possibilidade de atuar no mercado de g\u00e1s. Isso tem algum tipo de impacto nessa estrutura org\u00e2nica e de estatuto da CCEE? Eu tenho que saber da procuradoria e tenho que saber da \u00e1rea t\u00e9cnica\u201d, disse \u00e0 imprensa ap\u00f3s a reuni\u00e3o de diretoria de hoje (3).<\/p>\n\n\n\n<p>Segundo o diretor, uma das quest\u00f5es a serem discutidas \u00e9 se a nova atribui\u00e7\u00e3o da CCEE, de atuar em outros mercados al\u00e9m de energia el\u00e9trica, deve provocar altera\u00e7\u00e3o no novo estatuto para atribu\u00ed-la a uma das diretorias da C\u00e2mara. Devido \u00e0s an\u00e1lises, Mosna disse que ainda n\u00e3o consegue precisar quando o processo deve retornar \u00e0 pauta da ANEEL.<\/p>\n\n\n\n<p>Questionado sobre a possibilidade de envolver a ANP (Ag\u00eancia Nacional do Petr\u00f3leo, G\u00e1s Natural e Biocombust\u00edveis) na discuss\u00e3o, o diretor disse que a MP atribui a regula\u00e7\u00e3o da CCEE \u00e0 ANEEL e que deve ouvir a c\u00e2mara de comercializa\u00e7\u00e3o antes de qualquer posicionamento.<\/p>\n","protected":false},"excerpt":{"rendered":"<p>Lais Carregosa, da Ag\u00eancia iNFRA O diretor da ANEEL (Ag\u00eancia Nacional de Energia El\u00e9trica) Fernando Mosna disse nesta ter\u00e7a-feira (3) que pretende realizar uma reuni\u00e3o t\u00e9cnica com as superintend\u00eancias e com os diretores da reguladora sobre os efeitos da MP (Medida Provis\u00f3ria) 1.300\/2025, que trata da reforma do setor el\u00e9trico, no estatuto da CCEE (C\u00e2mara [&hellip;]<\/p>\n","protected":false},"author":1,"featured_media":21617,"comment_status":"closed","ping_status":"closed","sticky":false,"template":"","format":"standard","meta":{"_monsterinsights_skip_tracking":false,"_monsterinsights_sitenote_active":false,"_monsterinsights_sitenote_note":"","_monsterinsights_sitenote_category":0,"footnotes":""},"categories":[7250,1,10],"tags":[53,1101,14,13608,282,11717,76,38,13535,13261,10710,12770],"class_list":["post-22417","post","type-post","status-publish","format-standard","has-post-thumbnail","hentry","category-destaque-lista","category-geral","category-infraenergia","tag-aneel","tag-anp","tag-ccee","tag-diretor-fernando-mosna","tag-energia-eletrica","tag-estatuto-da-ccee","tag-medida-provisoria","tag-mercado-de-energia","tag-mp-1-300-2025","tag-mp-do-setor-eletrico","tag-reforma-do-setor-eletrico","tag-reuniao-aneel"],"yoast_head":"<!-- This site is optimized with the Yoast SEO Premium plugin v25.4 (Yoast SEO v26.0) - https:\/\/yoast.com\/wordpress\/plugins\/seo\/ -->\n<title>Diretor da ANEEL prop\u00f5e reuni\u00e3o t\u00e9cnica para debater efeitos da MP do Setor El\u00e9trico na CCEE - Ag\u00eancia iNFRA<\/title>\n<meta name=\"robots\" content=\"index, follow, max-snippet:-1, max-image-preview:large, max-video-preview:-1\" \/>\n<link rel=\"canonical\" href=\"https:\/\/agenciainfra.com\/blog\/diretor-da-aneel-propoe-reuniao-tecnica-para-debater-efeitos-da-mp-do-setor-eletrico-na-ccee\/\" \/>\n<meta property=\"og:locale\" content=\"pt_BR\" \/>\n<meta property=\"og:type\" content=\"article\" \/>\n<meta property=\"og:title\" content=\"Diretor da ANEEL prop\u00f5e reuni\u00e3o t\u00e9cnica para debater efeitos da MP do Setor El\u00e9trico na CCEE\" \/>\n<meta property=\"og:description\" content=\"Lais Carregosa, da Ag\u00eancia iNFRA O diretor da ANEEL (Ag\u00eancia Nacional de Energia El\u00e9trica) Fernando Mosna disse nesta ter\u00e7a-feira (3) que pretende realizar uma reuni\u00e3o t\u00e9cnica com as superintend\u00eancias e com os diretores da reguladora sobre os efeitos da MP (Medida Provis\u00f3ria) 1.300\/2025, que trata da reforma do setor el\u00e9trico, no estatuto da CCEE (C\u00e2mara [&hellip;]\" \/>\n<meta property=\"og:url\" content=\"https:\/\/agenciainfra.com\/blog\/diretor-da-aneel-propoe-reuniao-tecnica-para-debater-efeitos-da-mp-do-setor-eletrico-na-ccee\/\" \/>\n<meta property=\"og:site_name\" content=\"Ag\u00eancia iNFRA\" \/>\n<meta property=\"article:publisher\" content=\"https:\/\/www.facebook.com\/ageninfra\" \/>\n<meta property=\"article:published_time\" content=\"2025-06-03T15:30:00+00:00\" \/>\n<meta property=\"article:modified_time\" content=\"2025-06-04T14:55:20+00:00\" \/>\n<meta property=\"og:image\" content=\"https:\/\/agenciainfra.com\/blog\/wp-content\/uploads\/2025\/05\/fernando-mosna-foto-aneel.jpg\" \/>\n\t<meta property=\"og:image:width\" content=\"1280\" \/>\n\t<meta property=\"og:image:height\" content=\"721\" \/>\n\t<meta property=\"og:image:type\" content=\"image\/jpeg\" \/>\n<meta name=\"author\" content=\"Ag\u00eancia iNFRA\" \/>\n<meta name=\"twitter:card\" content=\"summary_large_image\" \/>\n<meta name=\"twitter:creator\" content=\"@agencia_infra\" \/>\n<meta name=\"twitter:site\" content=\"@agencia_infra\" \/>\n<meta name=\"twitter:label1\" content=\"Escrito por\" \/>\n\t<meta name=\"twitter:data1\" content=\"Ag\u00eancia iNFRA\" \/>\n\t<meta name=\"twitter:label2\" content=\"Est. tempo de leitura\" \/>\n\t<meta name=\"twitter:data2\" content=\"1 minuto\" \/>\n<script type=\"application\/ld+json\" class=\"yoast-schema-graph\">{\"@context\":\"https:\/\/schema.org\",\"@graph\":[{\"@type\":\"Article\",\"@id\":\"https:\/\/agenciainfra.com\/blog\/diretor-da-aneel-propoe-reuniao-tecnica-para-debater-efeitos-da-mp-do-setor-eletrico-na-ccee\/#article\",\"isPartOf\":{\"@id\":\"https:\/\/agenciainfra.com\/blog\/diretor-da-aneel-propoe-reuniao-tecnica-para-debater-efeitos-da-mp-do-setor-eletrico-na-ccee\/\"},\"author\":{\"name\":\"Ag\u00eancia iNFRA\",\"@id\":\"https:\/\/agenciainfra.com\/blog\/#\/schema\/person\/34af08dff6adea4cb22b06612ba7acfa\"},\"headline\":\"Diretor da ANEEL prop\u00f5e reuni\u00e3o t\u00e9cnica para debater efeitos da MP do Setor El\u00e9trico na CCEE\",\"datePublished\":\"2025-06-03T15:30:00+00:00\",\"dateModified\":\"2025-06-04T14:55:20+00:00\",\"mainEntityOfPage\":{\"@id\":\"https:\/\/agenciainfra.com\/blog\/diretor-da-aneel-propoe-reuniao-tecnica-para-debater-efeitos-da-mp-do-setor-eletrico-na-ccee\/\"},\"wordCount\":297,\"publisher\":{\"@id\":\"https:\/\/agenciainfra.com\/blog\/#organization\"},\"image\":{\"@id\":\"https:\/\/agenciainfra.com\/blog\/diretor-da-aneel-propoe-reuniao-tecnica-para-debater-efeitos-da-mp-do-setor-eletrico-na-ccee\/#primaryimage\"},\"thumbnailUrl\":\"https:\/\/agenciainfra.com\/blog\/wp-content\/uploads\/2025\/05\/fernando-mosna-foto-aneel.jpg\",\"keywords\":[\"ANEEL\",\"ANP\",\"ccee\",\"diretor fernando mosna\",\"energia el\u00e9trica\",\"Estatuto da CCEE\",\"Medida Provis\u00f3ria\",\"mercado de energia\",\"MP 1.300\/2025\",\"mp do setor el\u00e9trico\",\"Reforma do Setor El\u00e9trico\",\"reuni\u00e3o aneel\"],\"articleSection\":[\"Destaque lista\",\"Geral\",\"iNFRAEnergia\"],\"inLanguage\":\"pt-BR\",\"copyrightYear\":\"2025\",\"copyrightHolder\":{\"@id\":\"https:\/\/agenciainfra.com\/blog\/#organization\"}},{\"@type\":\"WebPage\",\"@id\":\"https:\/\/agenciainfra.com\/blog\/diretor-da-aneel-propoe-reuniao-tecnica-para-debater-efeitos-da-mp-do-setor-eletrico-na-ccee\/\",\"url\":\"https:\/\/agenciainfra.com\/blog\/diretor-da-aneel-propoe-reuniao-tecnica-para-debater-efeitos-da-mp-do-setor-eletrico-na-ccee\/\",\"name\":\"Diretor da ANEEL prop\u00f5e reuni\u00e3o t\u00e9cnica para debater efeitos da MP do Setor El\u00e9trico na CCEE - Ag\u00eancia iNFRA\",\"isPartOf\":{\"@id\":\"https:\/\/agenciainfra.com\/blog\/#website\"},\"primaryImageOfPage\":{\"@id\":\"https:\/\/agenciainfra.com\/blog\/diretor-da-aneel-propoe-reuniao-tecnica-para-debater-efeitos-da-mp-do-setor-eletrico-na-ccee\/#primaryimage\"},\"image\":{\"@id\":\"https:\/\/agenciainfra.com\/blog\/diretor-da-aneel-propoe-reuniao-tecnica-para-debater-efeitos-da-mp-do-setor-eletrico-na-ccee\/#primaryimage\"},\"thumbnailUrl\":\"https:\/\/agenciainfra.com\/blog\/wp-content\/uploads\/2025\/05\/fernando-mosna-foto-aneel.jpg\",\"datePublished\":\"2025-06-03T15:30:00+00:00\",\"dateModified\":\"2025-06-04T14:55:20+00:00\",\"breadcrumb\":{\"@id\":\"https:\/\/agenciainfra.com\/blog\/diretor-da-aneel-propoe-reuniao-tecnica-para-debater-efeitos-da-mp-do-setor-eletrico-na-ccee\/#breadcrumb\"},\"inLanguage\":\"pt-BR\",\"potentialAction\":[{\"@type\":\"ReadAction\",\"target\":[\"https:\/\/agenciainfra.com\/blog\/diretor-da-aneel-propoe-reuniao-tecnica-para-debater-efeitos-da-mp-do-setor-eletrico-na-ccee\/\"]}]},{\"@type\":\"ImageObject\",\"inLanguage\":\"pt-BR\",\"@id\":\"https:\/\/agenciainfra.com\/blog\/diretor-da-aneel-propoe-reuniao-tecnica-para-debater-efeitos-da-mp-do-setor-eletrico-na-ccee\/#primaryimage\",\"url\":\"https:\/\/agenciainfra.com\/blog\/wp-content\/uploads\/2025\/05\/fernando-mosna-foto-aneel.jpg\",\"contentUrl\":\"https:\/\/agenciainfra.com\/blog\/wp-content\/uploads\/2025\/05\/fernando-mosna-foto-aneel.jpg\",\"width\":1280,\"height\":721,\"caption\":\"Foto: Divulga\u00e7\u00e3o\/ANEEL\"},{\"@type\":\"BreadcrumbList\",\"@id\":\"https:\/\/agenciainfra.com\/blog\/diretor-da-aneel-propoe-reuniao-tecnica-para-debater-efeitos-da-mp-do-setor-eletrico-na-ccee\/#breadcrumb\",\"itemListElement\":[{\"@type\":\"ListItem\",\"position\":1,\"name\":\"In\u00edcio\",\"item\":\"https:\/\/agenciainfra.com\/blog\/\"},{\"@type\":\"ListItem\",\"position\":2,\"name\":\"Diretor da ANEEL prop\u00f5e reuni\u00e3o t\u00e9cnica para debater efeitos da MP do Setor El\u00e9trico na CCEE\"}]},{\"@type\":\"WebSite\",\"@id\":\"https:\/\/agenciainfra.com\/blog\/#website\",\"url\":\"https:\/\/agenciainfra.com\/blog\/\",\"name\":\"Ag\u00eancia iNFRA\",\"description\":\"Multiplataforma de informa\u00e7\u00e3o jornal\u00edstica refer\u00eancia na \u00e1rea de infraestrutura no Brasil!\",\"publisher\":{\"@id\":\"https:\/\/agenciainfra.com\/blog\/#organization\"},\"potentialAction\":[{\"@type\":\"SearchAction\",\"target\":{\"@type\":\"EntryPoint\",\"urlTemplate\":\"https:\/\/agenciainfra.com\/blog\/?s={search_term_string}\"},\"query-input\":{\"@type\":\"PropertyValueSpecification\",\"valueRequired\":true,\"valueName\":\"search_term_string\"}}],\"inLanguage\":\"pt-BR\"},{\"@type\":\"Organization\",\"@id\":\"https:\/\/agenciainfra.com\/blog\/#organization\",\"name\":\"Ag\u00eancia iNFRA\",\"url\":\"https:\/\/agenciainfra.com\/blog\/\",\"logo\":{\"@type\":\"ImageObject\",\"inLanguage\":\"pt-BR\",\"@id\":\"https:\/\/agenciainfra.com\/blog\/#\/schema\/logo\/image\/\",\"url\":\"https:\/\/agenciainfra.com\/blog\/wp-content\/uploads\/2023\/09\/iNFRA_5-e1761735885940.png\",\"contentUrl\":\"https:\/\/agenciainfra.com\/blog\/wp-content\/uploads\/2023\/09\/iNFRA_5-e1761735885940.png\",\"width\":1672,\"height\":454,\"caption\":\"Ag\u00eancia iNFRA\"},\"image\":{\"@id\":\"https:\/\/agenciainfra.com\/blog\/#\/schema\/logo\/image\/\"},\"sameAs\":[\"https:\/\/www.facebook.com\/ageninfra\",\"https:\/\/x.com\/agencia_infra\",\"https:\/\/www.linkedin.com\/company\/ag\u00eanciainfra\/\",\"https:\/\/www.instagram.com\/agenciainfra\/\"]},{\"@type\":\"Person\",\"@id\":\"https:\/\/agenciainfra.com\/blog\/#\/schema\/person\/34af08dff6adea4cb22b06612ba7acfa\",\"name\":\"Ag\u00eancia iNFRA\",\"image\":{\"@type\":\"ImageObject\",\"inLanguage\":\"pt-BR\",\"@id\":\"https:\/\/agenciainfra.com\/blog\/#\/schema\/person\/image\/\",\"url\":\"https:\/\/secure.gravatar.com\/avatar\/d189e01678f06d8eb84d4e01f08eb848b3fffe3f8443818d3c356c66892f5be8?s=96&d=mm&r=g\",\"contentUrl\":\"https:\/\/secure.gravatar.com\/avatar\/d189e01678f06d8eb84d4e01f08eb848b3fffe3f8443818d3c356c66892f5be8?s=96&d=mm&r=g\",\"caption\":\"Ag\u00eancia iNFRA\"},\"url\":\"https:\/\/agenciainfra.com\/blog\/author\/admin\/\"}]}<\/script>\n<!-- \/ Yoast SEO Premium plugin. -->","yoast_head_json":{"title":"Diretor da ANEEL prop\u00f5e reuni\u00e3o t\u00e9cnica para debater efeitos da MP do Setor El\u00e9trico na CCEE - Ag\u00eancia iNFRA","robots":{"index":"index","follow":"follow","max-snippet":"max-snippet:-1","max-image-preview":"max-image-preview:large","max-video-preview":"max-video-preview:-1"},"canonical":"https:\/\/agenciainfra.com\/blog\/diretor-da-aneel-propoe-reuniao-tecnica-para-debater-efeitos-da-mp-do-setor-eletrico-na-ccee\/","og_locale":"pt_BR","og_type":"article","og_title":"Diretor da ANEEL prop\u00f5e reuni\u00e3o t\u00e9cnica para debater efeitos da MP do Setor El\u00e9trico na CCEE","og_description":"Lais Carregosa, da Ag\u00eancia iNFRA O diretor da ANEEL (Ag\u00eancia Nacional de Energia El\u00e9trica) Fernando Mosna disse nesta ter\u00e7a-feira (3) que pretende realizar uma reuni\u00e3o t\u00e9cnica com as superintend\u00eancias e com os diretores da reguladora sobre os efeitos da MP (Medida Provis\u00f3ria) 1.300\/2025, que trata da reforma do setor el\u00e9trico, no estatuto da CCEE (C\u00e2mara [&hellip;]","og_url":"https:\/\/agenciainfra.com\/blog\/diretor-da-aneel-propoe-reuniao-tecnica-para-debater-efeitos-da-mp-do-setor-eletrico-na-ccee\/","og_site_name":"Ag\u00eancia iNFRA","article_publisher":"https:\/\/www.facebook.com\/ageninfra","article_published_time":"2025-06-03T15:30:00+00:00","article_modified_time":"2025-06-04T14:55:20+00:00","og_image":[{"width":1280,"height":721,"url":"https:\/\/agenciainfra.com\/blog\/wp-content\/uploads\/2025\/05\/fernando-mosna-foto-aneel.jpg","type":"image\/jpeg"}],"author":"Ag\u00eancia iNFRA","twitter_card":"summary_large_image","twitter_creator":"@agencia_infra","twitter_site":"@agencia_infra","twitter_misc":{"Escrito por":"Ag\u00eancia iNFRA","Est. tempo de leitura":"1 minuto"},"schema":{"@context":"https:\/\/schema.org","@graph":[{"@type":"Article","@id":"https:\/\/agenciainfra.com\/blog\/diretor-da-aneel-propoe-reuniao-tecnica-para-debater-efeitos-da-mp-do-setor-eletrico-na-ccee\/#article","isPartOf":{"@id":"https:\/\/agenciainfra.com\/blog\/diretor-da-aneel-propoe-reuniao-tecnica-para-debater-efeitos-da-mp-do-setor-eletrico-na-ccee\/"},"author":{"name":"Ag\u00eancia iNFRA","@id":"https:\/\/agenciainfra.com\/blog\/#\/schema\/person\/34af08dff6adea4cb22b06612ba7acfa"},"headline":"Diretor da ANEEL prop\u00f5e reuni\u00e3o t\u00e9cnica para debater efeitos da MP do Setor El\u00e9trico na CCEE","datePublished":"2025-06-03T15:30:00+00:00","dateModified":"2025-06-04T14:55:20+00:00","mainEntityOfPage":{"@id":"https:\/\/agenciainfra.com\/blog\/diretor-da-aneel-propoe-reuniao-tecnica-para-debater-efeitos-da-mp-do-setor-eletrico-na-ccee\/"},"wordCount":297,"publisher":{"@id":"https:\/\/agenciainfra.com\/blog\/#organization"},"image":{"@id":"https:\/\/agenciainfra.com\/blog\/diretor-da-aneel-propoe-reuniao-tecnica-para-debater-efeitos-da-mp-do-setor-eletrico-na-ccee\/#primaryimage"},"thumbnailUrl":"https:\/\/agenciainfra.com\/blog\/wp-content\/uploads\/2025\/05\/fernando-mosna-foto-aneel.jpg","keywords":["ANEEL","ANP","ccee","diretor fernando mosna","energia el\u00e9trica","Estatuto da CCEE","Medida Provis\u00f3ria","mercado de energia","MP 1.300\/2025","mp do setor el\u00e9trico","Reforma do Setor El\u00e9trico","reuni\u00e3o aneel"],"articleSection":["Destaque lista","Geral","iNFRAEnergia"],"inLanguage":"pt-BR","copyrightYear":"2025","copyrightHolder":{"@id":"https:\/\/agenciainfra.com\/blog\/#organization"}},{"@type":"WebPage","@id":"https:\/\/agenciainfra.com\/blog\/diretor-da-aneel-propoe-reuniao-tecnica-para-debater-efeitos-da-mp-do-setor-eletrico-na-ccee\/","url":"https:\/\/agenciainfra.com\/blog\/diretor-da-aneel-propoe-reuniao-tecnica-para-debater-efeitos-da-mp-do-setor-eletrico-na-ccee\/","name":"Diretor da ANEEL prop\u00f5e reuni\u00e3o t\u00e9cnica para debater efeitos da MP do Setor El\u00e9trico na CCEE - Ag\u00eancia iNFRA","isPartOf":{"@id":"https:\/\/agenciainfra.com\/blog\/#website"},"primaryImageOfPage":{"@id":"https:\/\/agenciainfra.com\/blog\/diretor-da-aneel-propoe-reuniao-tecnica-para-debater-efeitos-da-mp-do-setor-eletrico-na-ccee\/#primaryimage"},"image":{"@id":"https:\/\/agenciainfra.com\/blog\/diretor-da-aneel-propoe-reuniao-tecnica-para-debater-efeitos-da-mp-do-setor-eletrico-na-ccee\/#primaryimage"},"thumbnailUrl":"https:\/\/agenciainfra.com\/blog\/wp-content\/uploads\/2025\/05\/fernando-mosna-foto-aneel.jpg","datePublished":"2025-06-03T15:30:00+00:00","dateModified":"2025-06-04T14:55:20+00:00","breadcrumb":{"@id":"https:\/\/agenciainfra.com\/blog\/diretor-da-aneel-propoe-reuniao-tecnica-para-debater-efeitos-da-mp-do-setor-eletrico-na-ccee\/#breadcrumb"},"inLanguage":"pt-BR","potentialAction":[{"@type":"ReadAction","target":["https:\/\/agenciainfra.com\/blog\/diretor-da-aneel-propoe-reuniao-tecnica-para-debater-efeitos-da-mp-do-setor-eletrico-na-ccee\/"]}]},{"@type":"ImageObject","inLanguage":"pt-BR","@id":"https:\/\/agenciainfra.com\/blog\/diretor-da-aneel-propoe-reuniao-tecnica-para-debater-efeitos-da-mp-do-setor-eletrico-na-ccee\/#primaryimage","url":"https:\/\/agenciainfra.com\/blog\/wp-content\/uploads\/2025\/05\/fernando-mosna-foto-aneel.jpg","contentUrl":"https:\/\/agenciainfra.com\/blog\/wp-content\/uploads\/2025\/05\/fernando-mosna-foto-aneel.jpg","width":1280,"height":721,"caption":"Foto: Divulga\u00e7\u00e3o\/ANEEL"},{"@type":"BreadcrumbList","@id":"https:\/\/agenciainfra.com\/blog\/diretor-da-aneel-propoe-reuniao-tecnica-para-debater-efeitos-da-mp-do-setor-eletrico-na-ccee\/#breadcrumb","itemListElement":[{"@type":"ListItem","position":1,"name":"In\u00edcio","item":"https:\/\/agenciainfra.com\/blog\/"},{"@type":"ListItem","position":2,"name":"Diretor da ANEEL prop\u00f5e reuni\u00e3o t\u00e9cnica para debater efeitos da MP do Setor El\u00e9trico na CCEE"}]},{"@type":"WebSite","@id":"https:\/\/agenciainfra.com\/blog\/#website","url":"https:\/\/agenciainfra.com\/blog\/","name":"Ag\u00eancia iNFRA","description":"Multiplataforma de informa\u00e7\u00e3o jornal\u00edstica refer\u00eancia na \u00e1rea de infraestrutura no Brasil!","publisher":{"@id":"https:\/\/agenciainfra.com\/blog\/#organization"},"potentialAction":[{"@type":"SearchAction","target":{"@type":"EntryPoint","urlTemplate":"https:\/\/agenciainfra.com\/blog\/?s={search_term_string}"},"query-input":{"@type":"PropertyValueSpecification","valueRequired":true,"valueName":"search_term_string"}}],"inLanguage":"pt-BR"},{"@type":"Organization","@id":"https:\/\/agenciainfra.com\/blog\/#organization","name":"Ag\u00eancia iNFRA","url":"https:\/\/agenciainfra.com\/blog\/","logo":{"@type":"ImageObject","inLanguage":"pt-BR","@id":"https:\/\/agenciainfra.com\/blog\/#\/schema\/logo\/image\/","url":"https:\/\/agenciainfra.com\/blog\/wp-content\/uploads\/2023\/09\/iNFRA_5-e1761735885940.png","contentUrl":"https:\/\/agenciainfra.com\/blog\/wp-content\/uploads\/2023\/09\/iNFRA_5-e1761735885940.png","width":1672,"height":454,"caption":"Ag\u00eancia iNFRA"},"image":{"@id":"https:\/\/agenciainfra.com\/blog\/#\/schema\/logo\/image\/"},"sameAs":["https:\/\/www.facebook.com\/ageninfra","https:\/\/x.com\/agencia_infra","https:\/\/www.linkedin.com\/company\/ag\u00eanciainfra\/","https:\/\/www.instagram.com\/agenciainfra\/"]},{"@type":"Person","@id":"https:\/\/agenciainfra.com\/blog\/#\/schema\/person\/34af08dff6adea4cb22b06612ba7acfa","name":"Ag\u00eancia iNFRA","image":{"@type":"ImageObject","inLanguage":"pt-BR","@id":"https:\/\/agenciainfra.com\/blog\/#\/schema\/person\/image\/","url":"https:\/\/secure.gravatar.com\/avatar\/d189e01678f06d8eb84d4e01f08eb848b3fffe3f8443818d3c356c66892f5be8?s=96&d=mm&r=g","contentUrl":"https:\/\/secure.gravatar.com\/avatar\/d189e01678f06d8eb84d4e01f08eb848b3fffe3f8443818d3c356c66892f5be8?s=96&d=mm&r=g","caption":"Ag\u00eancia iNFRA"},"url":"https:\/\/agenciainfra.com\/blog\/author\/admin\/"}]}},"_links":{"self":[{"href":"https:\/\/agenciainfra.com\/blog\/wp-json\/wp\/v2\/posts\/22417","targetHints":{"allow":["GET"]}}],"collection":[{"href":"https:\/\/agenciainfra.com\/blog\/wp-json\/wp\/v2\/posts"}],"about":[{"href":"https:\/\/agenciainfra.com\/blog\/wp-json\/wp\/v2\/types\/post"}],"author":[{"embeddable":true,"href":"https:\/\/agenciainfra.com\/blog\/wp-json\/wp\/v2\/users\/1"}],"replies":[{"embeddable":true,"href":"https:\/\/agenciainfra.com\/blog\/wp-json\/wp\/v2\/comments?post=22417"}],"version-history":[{"count":1,"href":"https:\/\/agenciainfra.com\/blog\/wp-json\/wp\/v2\/posts\/22417\/revisions"}],"predecessor-version":[{"id":22419,"href":"https:\/\/agenciainfra.com\/blog\/wp-json\/wp\/v2\/posts\/22417\/revisions\/22419"}],"wp:featuredmedia":[{"embeddable":true,"href":"https:\/\/agenciainfra.com\/blog\/wp-json\/wp\/v2\/media\/21617"}],"wp:attachment":[{"href":"https:\/\/agenciainfra.com\/blog\/wp-json\/wp\/v2\/media?parent=22417"}],"wp:term":[{"taxonomy":"category","embeddable":true,"href":"https:\/\/agenciainfra.com\/blog\/wp-json\/wp\/v2\/categories?post=22417"},{"taxonomy":"post_tag","embeddable":true,"href":"https:\/\/agenciainfra.com\/blog\/wp-json\/wp\/v2\/tags?post=22417"}],"curies":[{"name":"wp","href":"https:\/\/api.w.org\/{rel}","templated":true}]}}