{"id":22442,"date":"2025-06-03T20:16:57","date_gmt":"2025-06-03T23:16:57","guid":{"rendered":"https:\/\/agenciainfra.com\/blog\/?p=22442"},"modified":"2025-06-05T05:56:44","modified_gmt":"2025-06-05T08:56:44","slug":"gasolina-silveira-procura-orgaos-para-garantir-repasse-rapido-da-queda-de-preco-aos-consumidores","status":"publish","type":"post","link":"https:\/\/agenciainfra.com\/blog\/gasolina-silveira-procura-orgaos-para-garantir-repasse-rapido-da-queda-de-preco-aos-consumidores\/","title":{"rendered":"Gasolina: Silveira procura \u00f3rg\u00e3os para garantir repasse r\u00e1pido da queda de pre\u00e7o aos consumidores"},"content":{"rendered":"\n<p class=\"has-text-align-right\"><strong>Lais Carregosa, da Ag\u00eancia iNFRA<\/strong><\/p>\n\n\n\n<p>O ministro de Minas e Energia, Alexandre Silveira, enviou <a href=\"https:\/\/mcusercontent.com\/d460dd1bcf9ba0ae040e1fc0f\/files\/c6e1ad5d-8e7a-6f80-747f-07839f58fddf\/off_277.pdf\">of\u00edcio<\/a> nesta ter\u00e7a-feira (3) pedindo apoio de \u00f3rg\u00e3os do governo federal para garantir o repasse r\u00e1pido aos consumidores da redu\u00e7\u00e3o de pre\u00e7o da gasolina em 5,6%, anunciada pela Petrobras na segunda-feira (2).<\/p>\n\n\n\n<p>O documento \u00e9 endere\u00e7ado \u00e0 ANP (Ag\u00eancia Nacional do Petr\u00f3leo, G\u00e1s Natural e Biocombust\u00edveis), Inmetro, Secretaria Nacional do Consumidor e Receita Federal. Outro of\u00edcio complementar foi enviado ao Cade (Conselho Administrativo de Defesa Econ\u00f4mica), segundo fontes disseram \u00e0 <strong>Ag\u00eancia iNFRA<\/strong>.<\/p>\n\n\n\n<p>No texto, Silveira afirma que h\u00e1 um \u201cfen\u00f4meno de transmiss\u00e3o assim\u00e9trica de pre\u00e7os\u201d no mercado. \u201cOu seja, uma redu\u00e7\u00e3o de pre\u00e7o em uma etapa da cadeia de suprimento pode n\u00e3o ser transmitido de forma igual nos elos seguintes da cadeia do abastecimento, [por isso] entende-se que a\u00e7\u00f5es de acompanhamento dos agentes e de monitoramento dos pre\u00e7os podem contribuir para que a sociedade perceba, de fato, esse reajuste, tanto em magnitude quanto em velocidade\u201d, afirma.<\/p>\n","protected":false},"excerpt":{"rendered":"<p>Lais Carregosa, da Ag\u00eancia iNFRA O ministro de Minas e Energia, Alexandre Silveira, enviou of\u00edcio nesta ter\u00e7a-feira (3) pedindo apoio de \u00f3rg\u00e3os do governo federal para garantir o repasse r\u00e1pido aos consumidores da redu\u00e7\u00e3o de pre\u00e7o da gasolina em 5,6%, anunciada pela Petrobras na segunda-feira (2). O documento \u00e9 endere\u00e7ado \u00e0 ANP (Ag\u00eancia Nacional do [&hellip;]<\/p>\n","protected":false},"author":1,"featured_media":7212,"comment_status":"closed","ping_status":"closed","sticky":false,"template":"","format":"standard","meta":{"_monsterinsights_skip_tracking":false,"_monsterinsights_sitenote_active":false,"_monsterinsights_sitenote_note":"","_monsterinsights_sitenote_category":0,"footnotes":""},"categories":[7250,1,13271],"tags":[6040,3365,13132,143,13597],"class_list":["post-22442","post","type-post","status-publish","format-standard","has-post-thumbnail","hentry","category-destaque-lista","category-geral","category-oleo-gas","tag-alexandre-silveira","tag-gasolina","tag-lais-carregosa","tag-petrobras","tag-preco-da-gasolina"],"yoast_head":"<!-- This site is optimized with the Yoast SEO Premium plugin v25.4 (Yoast SEO v26.0) - https:\/\/yoast.com\/wordpress\/plugins\/seo\/ -->\n<title>Gasolina: Silveira procura \u00f3rg\u00e3os para garantir repasse r\u00e1pido da queda de pre\u00e7o aos consumidores - Ag\u00eancia iNFRA<\/title>\n<meta name=\"robots\" content=\"index, follow, max-snippet:-1, max-image-preview:large, max-video-preview:-1\" \/>\n<link rel=\"canonical\" href=\"https:\/\/agenciainfra.com\/blog\/gasolina-silveira-procura-orgaos-para-garantir-repasse-rapido-da-queda-de-preco-aos-consumidores\/\" \/>\n<meta property=\"og:locale\" content=\"pt_BR\" \/>\n<meta property=\"og:type\" content=\"article\" \/>\n<meta property=\"og:title\" content=\"Gasolina: Silveira procura \u00f3rg\u00e3os para garantir repasse r\u00e1pido da queda de pre\u00e7o aos consumidores\" \/>\n<meta property=\"og:description\" content=\"Lais Carregosa, da Ag\u00eancia iNFRA O ministro de Minas e Energia, Alexandre Silveira, enviou of\u00edcio nesta ter\u00e7a-feira (3) pedindo apoio de \u00f3rg\u00e3os do governo federal para garantir o repasse r\u00e1pido aos consumidores da redu\u00e7\u00e3o de pre\u00e7o da gasolina em 5,6%, anunciada pela Petrobras na segunda-feira (2). O documento \u00e9 endere\u00e7ado \u00e0 ANP (Ag\u00eancia Nacional do [&hellip;]\" \/>\n<meta property=\"og:url\" content=\"https:\/\/agenciainfra.com\/blog\/gasolina-silveira-procura-orgaos-para-garantir-repasse-rapido-da-queda-de-preco-aos-consumidores\/\" \/>\n<meta property=\"og:site_name\" content=\"Ag\u00eancia iNFRA\" \/>\n<meta property=\"article:publisher\" content=\"https:\/\/www.facebook.com\/ageninfra\" \/>\n<meta property=\"article:published_time\" content=\"2025-06-03T23:16:57+00:00\" \/>\n<meta property=\"article:modified_time\" content=\"2025-06-05T08:56:44+00:00\" \/>\n<meta property=\"og:image\" content=\"https:\/\/agenciainfra.com\/blog\/wp-content\/uploads\/2021\/05\/gasolina-foto-marcelo-camargo-agencia-brasil.jpeg\" \/>\n\t<meta property=\"og:image:width\" content=\"1280\" \/>\n\t<meta property=\"og:image:height\" content=\"715\" \/>\n\t<meta property=\"og:image:type\" content=\"image\/jpeg\" \/>\n<meta name=\"author\" content=\"Ag\u00eancia iNFRA\" \/>\n<meta name=\"twitter:card\" content=\"summary_large_image\" \/>\n<meta name=\"twitter:creator\" content=\"@agencia_infra\" \/>\n<meta name=\"twitter:site\" content=\"@agencia_infra\" \/>\n<meta name=\"twitter:label1\" content=\"Escrito por\" \/>\n\t<meta name=\"twitter:data1\" content=\"Ag\u00eancia iNFRA\" \/>\n\t<meta name=\"twitter:label2\" content=\"Est. tempo de leitura\" \/>\n\t<meta name=\"twitter:data2\" content=\"1 minuto\" \/>\n<script type=\"application\/ld+json\" class=\"yoast-schema-graph\">{\"@context\":\"https:\/\/schema.org\",\"@graph\":[{\"@type\":\"Article\",\"@id\":\"https:\/\/agenciainfra.com\/blog\/gasolina-silveira-procura-orgaos-para-garantir-repasse-rapido-da-queda-de-preco-aos-consumidores\/#article\",\"isPartOf\":{\"@id\":\"https:\/\/agenciainfra.com\/blog\/gasolina-silveira-procura-orgaos-para-garantir-repasse-rapido-da-queda-de-preco-aos-consumidores\/\"},\"author\":{\"name\":\"Ag\u00eancia iNFRA\",\"@id\":\"https:\/\/agenciainfra.com\/blog\/#\/schema\/person\/34af08dff6adea4cb22b06612ba7acfa\"},\"headline\":\"Gasolina: Silveira procura \u00f3rg\u00e3os para garantir repasse r\u00e1pido da queda de pre\u00e7o aos consumidores\",\"datePublished\":\"2025-06-03T23:16:57+00:00\",\"dateModified\":\"2025-06-05T08:56:44+00:00\",\"mainEntityOfPage\":{\"@id\":\"https:\/\/agenciainfra.com\/blog\/gasolina-silveira-procura-orgaos-para-garantir-repasse-rapido-da-queda-de-preco-aos-consumidores\/\"},\"wordCount\":195,\"publisher\":{\"@id\":\"https:\/\/agenciainfra.com\/blog\/#organization\"},\"image\":{\"@id\":\"https:\/\/agenciainfra.com\/blog\/gasolina-silveira-procura-orgaos-para-garantir-repasse-rapido-da-queda-de-preco-aos-consumidores\/#primaryimage\"},\"thumbnailUrl\":\"https:\/\/agenciainfra.com\/blog\/wp-content\/uploads\/2021\/05\/gasolina-foto-marcelo-camargo-agencia-brasil.jpeg\",\"keywords\":[\"Alexandre Silveira\",\"gasolina\",\"Lais Carregosa\",\"Petrobras\",\"pre\u00e7o da gasolina\"],\"articleSection\":[\"Destaque lista\",\"Geral\",\"\u00d3leo &amp; G\u00e1s\"],\"inLanguage\":\"pt-BR\",\"copyrightYear\":\"2025\",\"copyrightHolder\":{\"@id\":\"https:\/\/agenciainfra.com\/blog\/#organization\"}},{\"@type\":\"WebPage\",\"@id\":\"https:\/\/agenciainfra.com\/blog\/gasolina-silveira-procura-orgaos-para-garantir-repasse-rapido-da-queda-de-preco-aos-consumidores\/\",\"url\":\"https:\/\/agenciainfra.com\/blog\/gasolina-silveira-procura-orgaos-para-garantir-repasse-rapido-da-queda-de-preco-aos-consumidores\/\",\"name\":\"Gasolina: Silveira procura \u00f3rg\u00e3os para garantir repasse r\u00e1pido da queda de pre\u00e7o aos consumidores - Ag\u00eancia iNFRA\",\"isPartOf\":{\"@id\":\"https:\/\/agenciainfra.com\/blog\/#website\"},\"primaryImageOfPage\":{\"@id\":\"https:\/\/agenciainfra.com\/blog\/gasolina-silveira-procura-orgaos-para-garantir-repasse-rapido-da-queda-de-preco-aos-consumidores\/#primaryimage\"},\"image\":{\"@id\":\"https:\/\/agenciainfra.com\/blog\/gasolina-silveira-procura-orgaos-para-garantir-repasse-rapido-da-queda-de-preco-aos-consumidores\/#primaryimage\"},\"thumbnailUrl\":\"https:\/\/agenciainfra.com\/blog\/wp-content\/uploads\/2021\/05\/gasolina-foto-marcelo-camargo-agencia-brasil.jpeg\",\"datePublished\":\"2025-06-03T23:16:57+00:00\",\"dateModified\":\"2025-06-05T08:56:44+00:00\",\"breadcrumb\":{\"@id\":\"https:\/\/agenciainfra.com\/blog\/gasolina-silveira-procura-orgaos-para-garantir-repasse-rapido-da-queda-de-preco-aos-consumidores\/#breadcrumb\"},\"inLanguage\":\"pt-BR\",\"potentialAction\":[{\"@type\":\"ReadAction\",\"target\":[\"https:\/\/agenciainfra.com\/blog\/gasolina-silveira-procura-orgaos-para-garantir-repasse-rapido-da-queda-de-preco-aos-consumidores\/\"]}]},{\"@type\":\"ImageObject\",\"inLanguage\":\"pt-BR\",\"@id\":\"https:\/\/agenciainfra.com\/blog\/gasolina-silveira-procura-orgaos-para-garantir-repasse-rapido-da-queda-de-preco-aos-consumidores\/#primaryimage\",\"url\":\"https:\/\/agenciainfra.com\/blog\/wp-content\/uploads\/2021\/05\/gasolina-foto-marcelo-camargo-agencia-brasil.jpeg\",\"contentUrl\":\"https:\/\/agenciainfra.com\/blog\/wp-content\/uploads\/2021\/05\/gasolina-foto-marcelo-camargo-agencia-brasil.jpeg\",\"width\":1280,\"height\":715,\"caption\":\"Foto: Marcelo Camargo\/Ag\u00eancia Brasil\"},{\"@type\":\"BreadcrumbList\",\"@id\":\"https:\/\/agenciainfra.com\/blog\/gasolina-silveira-procura-orgaos-para-garantir-repasse-rapido-da-queda-de-preco-aos-consumidores\/#breadcrumb\",\"itemListElement\":[{\"@type\":\"ListItem\",\"position\":1,\"name\":\"In\u00edcio\",\"item\":\"https:\/\/agenciainfra.com\/blog\/\"},{\"@type\":\"ListItem\",\"position\":2,\"name\":\"Gasolina: Silveira procura \u00f3rg\u00e3os para garantir repasse r\u00e1pido da queda de pre\u00e7o aos consumidores\"}]},{\"@type\":\"WebSite\",\"@id\":\"https:\/\/agenciainfra.com\/blog\/#website\",\"url\":\"https:\/\/agenciainfra.com\/blog\/\",\"name\":\"Ag\u00eancia iNFRA\",\"description\":\"Multiplataforma de informa\u00e7\u00e3o jornal\u00edstica refer\u00eancia na \u00e1rea de infraestrutura no Brasil!\",\"publisher\":{\"@id\":\"https:\/\/agenciainfra.com\/blog\/#organization\"},\"potentialAction\":[{\"@type\":\"SearchAction\",\"target\":{\"@type\":\"EntryPoint\",\"urlTemplate\":\"https:\/\/agenciainfra.com\/blog\/?s={search_term_string}\"},\"query-input\":{\"@type\":\"PropertyValueSpecification\",\"valueRequired\":true,\"valueName\":\"search_term_string\"}}],\"inLanguage\":\"pt-BR\"},{\"@type\":\"Organization\",\"@id\":\"https:\/\/agenciainfra.com\/blog\/#organization\",\"name\":\"Ag\u00eancia iNFRA\",\"url\":\"https:\/\/agenciainfra.com\/blog\/\",\"logo\":{\"@type\":\"ImageObject\",\"inLanguage\":\"pt-BR\",\"@id\":\"https:\/\/agenciainfra.com\/blog\/#\/schema\/logo\/image\/\",\"url\":\"https:\/\/agenciainfra.com\/blog\/wp-content\/uploads\/2023\/09\/iNFRA_5-e1761735885940.png\",\"contentUrl\":\"https:\/\/agenciainfra.com\/blog\/wp-content\/uploads\/2023\/09\/iNFRA_5-e1761735885940.png\",\"width\":1672,\"height\":454,\"caption\":\"Ag\u00eancia iNFRA\"},\"image\":{\"@id\":\"https:\/\/agenciainfra.com\/blog\/#\/schema\/logo\/image\/\"},\"sameAs\":[\"https:\/\/www.facebook.com\/ageninfra\",\"https:\/\/x.com\/agencia_infra\",\"https:\/\/www.linkedin.com\/company\/ag\u00eanciainfra\/\",\"https:\/\/www.instagram.com\/agenciainfra\/\"]},{\"@type\":\"Person\",\"@id\":\"https:\/\/agenciainfra.com\/blog\/#\/schema\/person\/34af08dff6adea4cb22b06612ba7acfa\",\"name\":\"Ag\u00eancia iNFRA\",\"image\":{\"@type\":\"ImageObject\",\"inLanguage\":\"pt-BR\",\"@id\":\"https:\/\/agenciainfra.com\/blog\/#\/schema\/person\/image\/\",\"url\":\"https:\/\/secure.gravatar.com\/avatar\/d189e01678f06d8eb84d4e01f08eb848b3fffe3f8443818d3c356c66892f5be8?s=96&d=mm&r=g\",\"contentUrl\":\"https:\/\/secure.gravatar.com\/avatar\/d189e01678f06d8eb84d4e01f08eb848b3fffe3f8443818d3c356c66892f5be8?s=96&d=mm&r=g\",\"caption\":\"Ag\u00eancia iNFRA\"},\"url\":\"https:\/\/agenciainfra.com\/blog\/author\/admin\/\"}]}<\/script>\n<!-- \/ Yoast SEO Premium plugin. -->","yoast_head_json":{"title":"Gasolina: Silveira procura \u00f3rg\u00e3os para garantir repasse r\u00e1pido da queda de pre\u00e7o aos consumidores - Ag\u00eancia iNFRA","robots":{"index":"index","follow":"follow","max-snippet":"max-snippet:-1","max-image-preview":"max-image-preview:large","max-video-preview":"max-video-preview:-1"},"canonical":"https:\/\/agenciainfra.com\/blog\/gasolina-silveira-procura-orgaos-para-garantir-repasse-rapido-da-queda-de-preco-aos-consumidores\/","og_locale":"pt_BR","og_type":"article","og_title":"Gasolina: Silveira procura \u00f3rg\u00e3os para garantir repasse r\u00e1pido da queda de pre\u00e7o aos consumidores","og_description":"Lais Carregosa, da Ag\u00eancia iNFRA O ministro de Minas e Energia, Alexandre Silveira, enviou of\u00edcio nesta ter\u00e7a-feira (3) pedindo apoio de \u00f3rg\u00e3os do governo federal para garantir o repasse r\u00e1pido aos consumidores da redu\u00e7\u00e3o de pre\u00e7o da gasolina em 5,6%, anunciada pela Petrobras na segunda-feira (2). O documento \u00e9 endere\u00e7ado \u00e0 ANP (Ag\u00eancia Nacional do [&hellip;]","og_url":"https:\/\/agenciainfra.com\/blog\/gasolina-silveira-procura-orgaos-para-garantir-repasse-rapido-da-queda-de-preco-aos-consumidores\/","og_site_name":"Ag\u00eancia iNFRA","article_publisher":"https:\/\/www.facebook.com\/ageninfra","article_published_time":"2025-06-03T23:16:57+00:00","article_modified_time":"2025-06-05T08:56:44+00:00","og_image":[{"width":1280,"height":715,"url":"https:\/\/agenciainfra.com\/blog\/wp-content\/uploads\/2021\/05\/gasolina-foto-marcelo-camargo-agencia-brasil.jpeg","type":"image\/jpeg"}],"author":"Ag\u00eancia iNFRA","twitter_card":"summary_large_image","twitter_creator":"@agencia_infra","twitter_site":"@agencia_infra","twitter_misc":{"Escrito por":"Ag\u00eancia iNFRA","Est. tempo de leitura":"1 minuto"},"schema":{"@context":"https:\/\/schema.org","@graph":[{"@type":"Article","@id":"https:\/\/agenciainfra.com\/blog\/gasolina-silveira-procura-orgaos-para-garantir-repasse-rapido-da-queda-de-preco-aos-consumidores\/#article","isPartOf":{"@id":"https:\/\/agenciainfra.com\/blog\/gasolina-silveira-procura-orgaos-para-garantir-repasse-rapido-da-queda-de-preco-aos-consumidores\/"},"author":{"name":"Ag\u00eancia iNFRA","@id":"https:\/\/agenciainfra.com\/blog\/#\/schema\/person\/34af08dff6adea4cb22b06612ba7acfa"},"headline":"Gasolina: Silveira procura \u00f3rg\u00e3os para garantir repasse r\u00e1pido da queda de pre\u00e7o aos consumidores","datePublished":"2025-06-03T23:16:57+00:00","dateModified":"2025-06-05T08:56:44+00:00","mainEntityOfPage":{"@id":"https:\/\/agenciainfra.com\/blog\/gasolina-silveira-procura-orgaos-para-garantir-repasse-rapido-da-queda-de-preco-aos-consumidores\/"},"wordCount":195,"publisher":{"@id":"https:\/\/agenciainfra.com\/blog\/#organization"},"image":{"@id":"https:\/\/agenciainfra.com\/blog\/gasolina-silveira-procura-orgaos-para-garantir-repasse-rapido-da-queda-de-preco-aos-consumidores\/#primaryimage"},"thumbnailUrl":"https:\/\/agenciainfra.com\/blog\/wp-content\/uploads\/2021\/05\/gasolina-foto-marcelo-camargo-agencia-brasil.jpeg","keywords":["Alexandre Silveira","gasolina","Lais Carregosa","Petrobras","pre\u00e7o da gasolina"],"articleSection":["Destaque lista","Geral","\u00d3leo &amp; G\u00e1s"],"inLanguage":"pt-BR","copyrightYear":"2025","copyrightHolder":{"@id":"https:\/\/agenciainfra.com\/blog\/#organization"}},{"@type":"WebPage","@id":"https:\/\/agenciainfra.com\/blog\/gasolina-silveira-procura-orgaos-para-garantir-repasse-rapido-da-queda-de-preco-aos-consumidores\/","url":"https:\/\/agenciainfra.com\/blog\/gasolina-silveira-procura-orgaos-para-garantir-repasse-rapido-da-queda-de-preco-aos-consumidores\/","name":"Gasolina: Silveira procura \u00f3rg\u00e3os para garantir repasse r\u00e1pido da queda de pre\u00e7o aos consumidores - Ag\u00eancia iNFRA","isPartOf":{"@id":"https:\/\/agenciainfra.com\/blog\/#website"},"primaryImageOfPage":{"@id":"https:\/\/agenciainfra.com\/blog\/gasolina-silveira-procura-orgaos-para-garantir-repasse-rapido-da-queda-de-preco-aos-consumidores\/#primaryimage"},"image":{"@id":"https:\/\/agenciainfra.com\/blog\/gasolina-silveira-procura-orgaos-para-garantir-repasse-rapido-da-queda-de-preco-aos-consumidores\/#primaryimage"},"thumbnailUrl":"https:\/\/agenciainfra.com\/blog\/wp-content\/uploads\/2021\/05\/gasolina-foto-marcelo-camargo-agencia-brasil.jpeg","datePublished":"2025-06-03T23:16:57+00:00","dateModified":"2025-06-05T08:56:44+00:00","breadcrumb":{"@id":"https:\/\/agenciainfra.com\/blog\/gasolina-silveira-procura-orgaos-para-garantir-repasse-rapido-da-queda-de-preco-aos-consumidores\/#breadcrumb"},"inLanguage":"pt-BR","potentialAction":[{"@type":"ReadAction","target":["https:\/\/agenciainfra.com\/blog\/gasolina-silveira-procura-orgaos-para-garantir-repasse-rapido-da-queda-de-preco-aos-consumidores\/"]}]},{"@type":"ImageObject","inLanguage":"pt-BR","@id":"https:\/\/agenciainfra.com\/blog\/gasolina-silveira-procura-orgaos-para-garantir-repasse-rapido-da-queda-de-preco-aos-consumidores\/#primaryimage","url":"https:\/\/agenciainfra.com\/blog\/wp-content\/uploads\/2021\/05\/gasolina-foto-marcelo-camargo-agencia-brasil.jpeg","contentUrl":"https:\/\/agenciainfra.com\/blog\/wp-content\/uploads\/2021\/05\/gasolina-foto-marcelo-camargo-agencia-brasil.jpeg","width":1280,"height":715,"caption":"Foto: Marcelo Camargo\/Ag\u00eancia Brasil"},{"@type":"BreadcrumbList","@id":"https:\/\/agenciainfra.com\/blog\/gasolina-silveira-procura-orgaos-para-garantir-repasse-rapido-da-queda-de-preco-aos-consumidores\/#breadcrumb","itemListElement":[{"@type":"ListItem","position":1,"name":"In\u00edcio","item":"https:\/\/agenciainfra.com\/blog\/"},{"@type":"ListItem","position":2,"name":"Gasolina: Silveira procura \u00f3rg\u00e3os para garantir repasse r\u00e1pido da queda de pre\u00e7o aos consumidores"}]},{"@type":"WebSite","@id":"https:\/\/agenciainfra.com\/blog\/#website","url":"https:\/\/agenciainfra.com\/blog\/","name":"Ag\u00eancia iNFRA","description":"Multiplataforma de informa\u00e7\u00e3o jornal\u00edstica refer\u00eancia na \u00e1rea de infraestrutura no Brasil!","publisher":{"@id":"https:\/\/agenciainfra.com\/blog\/#organization"},"potentialAction":[{"@type":"SearchAction","target":{"@type":"EntryPoint","urlTemplate":"https:\/\/agenciainfra.com\/blog\/?s={search_term_string}"},"query-input":{"@type":"PropertyValueSpecification","valueRequired":true,"valueName":"search_term_string"}}],"inLanguage":"pt-BR"},{"@type":"Organization","@id":"https:\/\/agenciainfra.com\/blog\/#organization","name":"Ag\u00eancia iNFRA","url":"https:\/\/agenciainfra.com\/blog\/","logo":{"@type":"ImageObject","inLanguage":"pt-BR","@id":"https:\/\/agenciainfra.com\/blog\/#\/schema\/logo\/image\/","url":"https:\/\/agenciainfra.com\/blog\/wp-content\/uploads\/2023\/09\/iNFRA_5-e1761735885940.png","contentUrl":"https:\/\/agenciainfra.com\/blog\/wp-content\/uploads\/2023\/09\/iNFRA_5-e1761735885940.png","width":1672,"height":454,"caption":"Ag\u00eancia iNFRA"},"image":{"@id":"https:\/\/agenciainfra.com\/blog\/#\/schema\/logo\/image\/"},"sameAs":["https:\/\/www.facebook.com\/ageninfra","https:\/\/x.com\/agencia_infra","https:\/\/www.linkedin.com\/company\/ag\u00eanciainfra\/","https:\/\/www.instagram.com\/agenciainfra\/"]},{"@type":"Person","@id":"https:\/\/agenciainfra.com\/blog\/#\/schema\/person\/34af08dff6adea4cb22b06612ba7acfa","name":"Ag\u00eancia iNFRA","image":{"@type":"ImageObject","inLanguage":"pt-BR","@id":"https:\/\/agenciainfra.com\/blog\/#\/schema\/person\/image\/","url":"https:\/\/secure.gravatar.com\/avatar\/d189e01678f06d8eb84d4e01f08eb848b3fffe3f8443818d3c356c66892f5be8?s=96&d=mm&r=g","contentUrl":"https:\/\/secure.gravatar.com\/avatar\/d189e01678f06d8eb84d4e01f08eb848b3fffe3f8443818d3c356c66892f5be8?s=96&d=mm&r=g","caption":"Ag\u00eancia iNFRA"},"url":"https:\/\/agenciainfra.com\/blog\/author\/admin\/"}]}},"_links":{"self":[{"href":"https:\/\/agenciainfra.com\/blog\/wp-json\/wp\/v2\/posts\/22442","targetHints":{"allow":["GET"]}}],"collection":[{"href":"https:\/\/agenciainfra.com\/blog\/wp-json\/wp\/v2\/posts"}],"about":[{"href":"https:\/\/agenciainfra.com\/blog\/wp-json\/wp\/v2\/types\/post"}],"author":[{"embeddable":true,"href":"https:\/\/agenciainfra.com\/blog\/wp-json\/wp\/v2\/users\/1"}],"replies":[{"embeddable":true,"href":"https:\/\/agenciainfra.com\/blog\/wp-json\/wp\/v2\/comments?post=22442"}],"version-history":[{"count":2,"href":"https:\/\/agenciainfra.com\/blog\/wp-json\/wp\/v2\/posts\/22442\/revisions"}],"predecessor-version":[{"id":22445,"href":"https:\/\/agenciainfra.com\/blog\/wp-json\/wp\/v2\/posts\/22442\/revisions\/22445"}],"wp:featuredmedia":[{"embeddable":true,"href":"https:\/\/agenciainfra.com\/blog\/wp-json\/wp\/v2\/media\/7212"}],"wp:attachment":[{"href":"https:\/\/agenciainfra.com\/blog\/wp-json\/wp\/v2\/media?parent=22442"}],"wp:term":[{"taxonomy":"category","embeddable":true,"href":"https:\/\/agenciainfra.com\/blog\/wp-json\/wp\/v2\/categories?post=22442"},{"taxonomy":"post_tag","embeddable":true,"href":"https:\/\/agenciainfra.com\/blog\/wp-json\/wp\/v2\/tags?post=22442"}],"curies":[{"name":"wp","href":"https:\/\/api.w.org\/{rel}","templated":true}]}}