{"id":22448,"date":"2025-06-04T10:00:00","date_gmt":"2025-06-04T13:00:00","guid":{"rendered":"https:\/\/agenciainfra.com\/blog\/?p=22448"},"modified":"2025-06-05T05:57:01","modified_gmt":"2025-06-05T08:57:01","slug":"mme-se-apoia-em-acordao-do-tcu-de-2021-para-decreto-sobre-participacoes-especiais","status":"publish","type":"post","link":"https:\/\/agenciainfra.com\/blog\/mme-se-apoia-em-acordao-do-tcu-de-2021-para-decreto-sobre-participacoes-especiais\/","title":{"rendered":"MME se apoia em ac\u00f3rd\u00e3o do TCU de 2021 para decreto sobre participa\u00e7\u00f5es especiais"},"content":{"rendered":"\n<p class=\"has-text-align-right\"><strong>Gabriel Vasconcelos, da Ag\u00eancia iNFRA<\/strong><\/p>\n\n\n\n<p>O decreto estudado pelo MME (Minist\u00e9rio de Minas e Energia) para aumentar a progressividade das participa\u00e7\u00f5es especiais em \u00e1reas de produ\u00e7\u00e3o de petr\u00f3leo e g\u00e1s regidas por contratos de concess\u00e3o apoia-se no Ac\u00f3rd\u00e3o 2.300 de 2021 do TCU (Tribunal de Contas da Uni\u00e3o), disseram \u00e0&nbsp;<strong>Ag\u00eancia iNFRA<\/strong>&nbsp;pessoas familiarizadas com a discuss\u00e3o. A medida integra um pacote maior para engordar a arrecada\u00e7\u00e3o em R$ 35 bilh\u00f5es por meio das receitas do petr\u00f3leo.&nbsp;<br><br>As petroleiras&nbsp;s\u00e3o contr\u00e1rias a qualquer mudan\u00e7a desse tipo porque teriam encargos aumentados. Mas o maior ponto de inseguran\u00e7a \u00e9 a poss\u00edvel incid\u00eancia das novas regras sobre contratos antigos. O MME miraria principalmente o megacampo de Tupi, concedido em 2010. Os ministros do TCU n\u00e3o s\u00e3o claros a este respeito, mas o relat\u00f3rio da \u00e1rea t\u00e9cnica indica que as mudan\u00e7as recomendadas devem valer somente para contratos futuros.&nbsp;<br><br>O TCU recomendou&nbsp;que MME e o ent\u00e3o Minist\u00e9rio da Economia&nbsp;se articulassem&nbsp;&#8220;com a maior brevidade poss\u00edvel&#8221; para revisar o decreto que disp\u00f5e sobre as al\u00edquotas de participa\u00e7\u00f5es especiais, &#8220;visando conferir progressividade adequada e efici\u00eancia arrecadat\u00f3ria&#8221;. O relat\u00f3rio vai no sentido de aumentar as al\u00edquotas m\u00e1ximas para que elas acompanhem as dimens\u00f5es dos campos gigantes de petr\u00f3leo, uma vez que as regras foram fixadas ainda em 1998, nove anos antes da descoberta das jazidas gigantes do pr\u00e9-sal.<br><br>Com base nisso, o MME quer mudar as al\u00edquotas a fim de aumentar a arrecada\u00e7\u00e3o. Mas, para isso ser efetivo no curt\u00edssimo prazo, teria de incidir sobre a produ\u00e7\u00e3o do campo de Tupi, o maior do pa\u00eds e que, embora esteja no pr\u00e9-sal da Bacia de Santos, funciona sob regime de concess\u00e3o. Se incidir sobre Tupi (Petrobras, Shell e Petrogal), o governo calcula que as novas regras podem render R$ 13 bilh\u00f5es at\u00e9 2026, sendo R$ 6,5 bilh\u00f5es para a Uni\u00e3o e a outra metade para estados e munic\u00edpios.<br><br>O ac\u00f3rd\u00e3o do TCU n\u00e3o \u00e9 categ\u00f3rico sobre a aplica\u00e7\u00e3o das novas regras. Somente em um trecho do relat\u00f3rio t\u00e9cnico de 2020, na p\u00e1gina 28, justifica-se o ent\u00e3o pedido de brevidade nas a\u00e7\u00f5es do MME porque, &#8220;depois de realizado o certame, a altera\u00e7\u00e3o de al\u00edquotas pode ser interpretada como viola\u00e7\u00e3o \u00e0 regra inicial do acordo, fazendo com que eventuais altera\u00e7\u00f5es n\u00e3o atinjam contratos j\u00e1 firmados&#8221;.<br><br>A medida n\u00e3o afeta&nbsp;a maior parte do pol\u00edgono do pr\u00e9-sal, onde a arrecada\u00e7\u00e3o j\u00e1 foi historicamente ajustada pelas regras de&nbsp;partilha, que definem uma parcela paga \u00e0 Uni\u00e3o mais agressiva, na forma de royalties e \u00f3leo-lucro. Mas, como aponta o relat\u00f3rio, alguns campos gigantes como Tupi e outros&nbsp;nas&nbsp;franjas do pr\u00e9-sal e demais \u00e1reas estrat\u00e9gicas fora do pol\u00edgono seguem sob o regime de concess\u00e3o&nbsp;com regras que limitariam seu potencial arrecadat\u00f3rio.<\/p>\n","protected":false},"excerpt":{"rendered":"<p>Gabriel Vasconcelos, da Ag\u00eancia iNFRA O decreto estudado pelo MME (Minist\u00e9rio de Minas e Energia) para aumentar a progressividade das participa\u00e7\u00f5es especiais em \u00e1reas de produ\u00e7\u00e3o de petr\u00f3leo e g\u00e1s regidas por contratos de concess\u00e3o apoia-se no Ac\u00f3rd\u00e3o 2.300 de 2021 do TCU (Tribunal de Contas da Uni\u00e3o), disseram \u00e0&nbsp;Ag\u00eancia iNFRA&nbsp;pessoas familiarizadas com a discuss\u00e3o. [&hellip;]<\/p>\n","protected":false},"author":1,"featured_media":11403,"comment_status":"closed","ping_status":"closed","sticky":false,"template":"","format":"standard","meta":{"_monsterinsights_skip_tracking":false,"_monsterinsights_sitenote_active":false,"_monsterinsights_sitenote_note":"","_monsterinsights_sitenote_category":0,"footnotes":""},"categories":[7250,1,13271],"tags":[13607,13251,71,13407,167,13619,5848,213,18],"class_list":["post-22448","post","type-post","status-publish","format-standard","has-post-thumbnail","hentry","category-destaque-lista","category-geral","category-oleo-gas","tag-arrecadacao-federal","tag-gabriel-vasconcelos","tag-mme","tag-og","tag-orcamento","tag-participacao-especial","tag-petroleiras","tag-petroleo","tag-tcu"],"yoast_head":"<!-- This site is optimized with the Yoast SEO Premium plugin v25.4 (Yoast SEO v26.0) - https:\/\/yoast.com\/wordpress\/plugins\/seo\/ -->\n<title>MME se apoia em ac\u00f3rd\u00e3o do TCU de 2021 para decreto sobre participa\u00e7\u00f5es especiais - Ag\u00eancia iNFRA<\/title>\n<meta name=\"robots\" content=\"index, follow, max-snippet:-1, max-image-preview:large, max-video-preview:-1\" \/>\n<link rel=\"canonical\" href=\"https:\/\/agenciainfra.com\/blog\/mme-se-apoia-em-acordao-do-tcu-de-2021-para-decreto-sobre-participacoes-especiais\/\" \/>\n<meta property=\"og:locale\" content=\"pt_BR\" \/>\n<meta property=\"og:type\" content=\"article\" \/>\n<meta property=\"og:title\" content=\"MME se apoia em ac\u00f3rd\u00e3o do TCU de 2021 para decreto sobre participa\u00e7\u00f5es especiais\" \/>\n<meta property=\"og:description\" content=\"Gabriel Vasconcelos, da Ag\u00eancia iNFRA O decreto estudado pelo MME (Minist\u00e9rio de Minas e Energia) para aumentar a progressividade das participa\u00e7\u00f5es especiais em \u00e1reas de produ\u00e7\u00e3o de petr\u00f3leo e g\u00e1s regidas por contratos de concess\u00e3o apoia-se no Ac\u00f3rd\u00e3o 2.300 de 2021 do TCU (Tribunal de Contas da Uni\u00e3o), disseram \u00e0&nbsp;Ag\u00eancia iNFRA&nbsp;pessoas familiarizadas com a discuss\u00e3o. [&hellip;]\" \/>\n<meta property=\"og:url\" content=\"https:\/\/agenciainfra.com\/blog\/mme-se-apoia-em-acordao-do-tcu-de-2021-para-decreto-sobre-participacoes-especiais\/\" \/>\n<meta property=\"og:site_name\" content=\"Ag\u00eancia iNFRA\" \/>\n<meta property=\"article:publisher\" content=\"https:\/\/www.facebook.com\/ageninfra\" \/>\n<meta property=\"article:published_time\" content=\"2025-06-04T13:00:00+00:00\" \/>\n<meta property=\"article:modified_time\" content=\"2025-06-05T08:57:01+00:00\" \/>\n<meta property=\"og:image\" content=\"https:\/\/agenciainfra.com\/blog\/wp-content\/uploads\/2022\/09\/plataforma-petroleo-foto-dominio-publico.jpeg\" \/>\n\t<meta property=\"og:image:width\" content=\"1280\" \/>\n\t<meta property=\"og:image:height\" content=\"876\" \/>\n\t<meta property=\"og:image:type\" content=\"image\/jpeg\" \/>\n<meta name=\"author\" content=\"Ag\u00eancia iNFRA\" \/>\n<meta name=\"twitter:card\" content=\"summary_large_image\" \/>\n<meta name=\"twitter:creator\" content=\"@agencia_infra\" \/>\n<meta name=\"twitter:site\" content=\"@agencia_infra\" \/>\n<meta name=\"twitter:label1\" content=\"Escrito por\" \/>\n\t<meta name=\"twitter:data1\" content=\"Ag\u00eancia iNFRA\" \/>\n\t<meta name=\"twitter:label2\" content=\"Est. tempo de leitura\" \/>\n\t<meta name=\"twitter:data2\" content=\"3 minutos\" \/>\n<script type=\"application\/ld+json\" class=\"yoast-schema-graph\">{\"@context\":\"https:\/\/schema.org\",\"@graph\":[{\"@type\":\"Article\",\"@id\":\"https:\/\/agenciainfra.com\/blog\/mme-se-apoia-em-acordao-do-tcu-de-2021-para-decreto-sobre-participacoes-especiais\/#article\",\"isPartOf\":{\"@id\":\"https:\/\/agenciainfra.com\/blog\/mme-se-apoia-em-acordao-do-tcu-de-2021-para-decreto-sobre-participacoes-especiais\/\"},\"author\":{\"name\":\"Ag\u00eancia iNFRA\",\"@id\":\"https:\/\/agenciainfra.com\/blog\/#\/schema\/person\/34af08dff6adea4cb22b06612ba7acfa\"},\"headline\":\"MME se apoia em ac\u00f3rd\u00e3o do TCU de 2021 para decreto sobre participa\u00e7\u00f5es especiais\",\"datePublished\":\"2025-06-04T13:00:00+00:00\",\"dateModified\":\"2025-06-05T08:57:01+00:00\",\"mainEntityOfPage\":{\"@id\":\"https:\/\/agenciainfra.com\/blog\/mme-se-apoia-em-acordao-do-tcu-de-2021-para-decreto-sobre-participacoes-especiais\/\"},\"wordCount\":540,\"publisher\":{\"@id\":\"https:\/\/agenciainfra.com\/blog\/#organization\"},\"image\":{\"@id\":\"https:\/\/agenciainfra.com\/blog\/mme-se-apoia-em-acordao-do-tcu-de-2021-para-decreto-sobre-participacoes-especiais\/#primaryimage\"},\"thumbnailUrl\":\"https:\/\/agenciainfra.com\/blog\/wp-content\/uploads\/2022\/09\/plataforma-petroleo-foto-dominio-publico.jpeg\",\"keywords\":[\"arrecada\u00e7\u00e3o federal\",\"Gabriel Vasconcelos\",\"MME\",\"O&amp;G\",\"Or\u00e7amento\",\"participa\u00e7\u00e3o especial\",\"petroleiras\",\"petr\u00f3leo\",\"TCU\"],\"articleSection\":[\"Destaque lista\",\"Geral\",\"\u00d3leo &amp; G\u00e1s\"],\"inLanguage\":\"pt-BR\",\"copyrightYear\":\"2025\",\"copyrightHolder\":{\"@id\":\"https:\/\/agenciainfra.com\/blog\/#organization\"}},{\"@type\":\"WebPage\",\"@id\":\"https:\/\/agenciainfra.com\/blog\/mme-se-apoia-em-acordao-do-tcu-de-2021-para-decreto-sobre-participacoes-especiais\/\",\"url\":\"https:\/\/agenciainfra.com\/blog\/mme-se-apoia-em-acordao-do-tcu-de-2021-para-decreto-sobre-participacoes-especiais\/\",\"name\":\"MME se apoia em ac\u00f3rd\u00e3o do TCU de 2021 para decreto sobre participa\u00e7\u00f5es especiais - Ag\u00eancia iNFRA\",\"isPartOf\":{\"@id\":\"https:\/\/agenciainfra.com\/blog\/#website\"},\"primaryImageOfPage\":{\"@id\":\"https:\/\/agenciainfra.com\/blog\/mme-se-apoia-em-acordao-do-tcu-de-2021-para-decreto-sobre-participacoes-especiais\/#primaryimage\"},\"image\":{\"@id\":\"https:\/\/agenciainfra.com\/blog\/mme-se-apoia-em-acordao-do-tcu-de-2021-para-decreto-sobre-participacoes-especiais\/#primaryimage\"},\"thumbnailUrl\":\"https:\/\/agenciainfra.com\/blog\/wp-content\/uploads\/2022\/09\/plataforma-petroleo-foto-dominio-publico.jpeg\",\"datePublished\":\"2025-06-04T13:00:00+00:00\",\"dateModified\":\"2025-06-05T08:57:01+00:00\",\"breadcrumb\":{\"@id\":\"https:\/\/agenciainfra.com\/blog\/mme-se-apoia-em-acordao-do-tcu-de-2021-para-decreto-sobre-participacoes-especiais\/#breadcrumb\"},\"inLanguage\":\"pt-BR\",\"potentialAction\":[{\"@type\":\"ReadAction\",\"target\":[\"https:\/\/agenciainfra.com\/blog\/mme-se-apoia-em-acordao-do-tcu-de-2021-para-decreto-sobre-participacoes-especiais\/\"]}]},{\"@type\":\"ImageObject\",\"inLanguage\":\"pt-BR\",\"@id\":\"https:\/\/agenciainfra.com\/blog\/mme-se-apoia-em-acordao-do-tcu-de-2021-para-decreto-sobre-participacoes-especiais\/#primaryimage\",\"url\":\"https:\/\/agenciainfra.com\/blog\/wp-content\/uploads\/2022\/09\/plataforma-petroleo-foto-dominio-publico.jpeg\",\"contentUrl\":\"https:\/\/agenciainfra.com\/blog\/wp-content\/uploads\/2022\/09\/plataforma-petroleo-foto-dominio-publico.jpeg\",\"width\":1280,\"height\":876,\"caption\":\"Foto: Dom\u00ednio P\u00fablico\"},{\"@type\":\"BreadcrumbList\",\"@id\":\"https:\/\/agenciainfra.com\/blog\/mme-se-apoia-em-acordao-do-tcu-de-2021-para-decreto-sobre-participacoes-especiais\/#breadcrumb\",\"itemListElement\":[{\"@type\":\"ListItem\",\"position\":1,\"name\":\"In\u00edcio\",\"item\":\"https:\/\/agenciainfra.com\/blog\/\"},{\"@type\":\"ListItem\",\"position\":2,\"name\":\"MME se apoia em ac\u00f3rd\u00e3o do TCU de 2021 para decreto sobre participa\u00e7\u00f5es especiais\"}]},{\"@type\":\"WebSite\",\"@id\":\"https:\/\/agenciainfra.com\/blog\/#website\",\"url\":\"https:\/\/agenciainfra.com\/blog\/\",\"name\":\"Ag\u00eancia iNFRA\",\"description\":\"Multiplataforma de informa\u00e7\u00e3o jornal\u00edstica refer\u00eancia na \u00e1rea de infraestrutura no Brasil!\",\"publisher\":{\"@id\":\"https:\/\/agenciainfra.com\/blog\/#organization\"},\"potentialAction\":[{\"@type\":\"SearchAction\",\"target\":{\"@type\":\"EntryPoint\",\"urlTemplate\":\"https:\/\/agenciainfra.com\/blog\/?s={search_term_string}\"},\"query-input\":{\"@type\":\"PropertyValueSpecification\",\"valueRequired\":true,\"valueName\":\"search_term_string\"}}],\"inLanguage\":\"pt-BR\"},{\"@type\":\"Organization\",\"@id\":\"https:\/\/agenciainfra.com\/blog\/#organization\",\"name\":\"Ag\u00eancia iNFRA\",\"url\":\"https:\/\/agenciainfra.com\/blog\/\",\"logo\":{\"@type\":\"ImageObject\",\"inLanguage\":\"pt-BR\",\"@id\":\"https:\/\/agenciainfra.com\/blog\/#\/schema\/logo\/image\/\",\"url\":\"https:\/\/agenciainfra.com\/blog\/wp-content\/uploads\/2023\/09\/iNFRA_5-e1761735885940.png\",\"contentUrl\":\"https:\/\/agenciainfra.com\/blog\/wp-content\/uploads\/2023\/09\/iNFRA_5-e1761735885940.png\",\"width\":1672,\"height\":454,\"caption\":\"Ag\u00eancia iNFRA\"},\"image\":{\"@id\":\"https:\/\/agenciainfra.com\/blog\/#\/schema\/logo\/image\/\"},\"sameAs\":[\"https:\/\/www.facebook.com\/ageninfra\",\"https:\/\/x.com\/agencia_infra\",\"https:\/\/www.linkedin.com\/company\/ag\u00eanciainfra\/\",\"https:\/\/www.instagram.com\/agenciainfra\/\"]},{\"@type\":\"Person\",\"@id\":\"https:\/\/agenciainfra.com\/blog\/#\/schema\/person\/34af08dff6adea4cb22b06612ba7acfa\",\"name\":\"Ag\u00eancia iNFRA\",\"image\":{\"@type\":\"ImageObject\",\"inLanguage\":\"pt-BR\",\"@id\":\"https:\/\/agenciainfra.com\/blog\/#\/schema\/person\/image\/\",\"url\":\"https:\/\/secure.gravatar.com\/avatar\/d189e01678f06d8eb84d4e01f08eb848b3fffe3f8443818d3c356c66892f5be8?s=96&d=mm&r=g\",\"contentUrl\":\"https:\/\/secure.gravatar.com\/avatar\/d189e01678f06d8eb84d4e01f08eb848b3fffe3f8443818d3c356c66892f5be8?s=96&d=mm&r=g\",\"caption\":\"Ag\u00eancia iNFRA\"},\"url\":\"https:\/\/agenciainfra.com\/blog\/author\/admin\/\"}]}<\/script>\n<!-- \/ Yoast SEO Premium plugin. -->","yoast_head_json":{"title":"MME se apoia em ac\u00f3rd\u00e3o do TCU de 2021 para decreto sobre participa\u00e7\u00f5es especiais - Ag\u00eancia iNFRA","robots":{"index":"index","follow":"follow","max-snippet":"max-snippet:-1","max-image-preview":"max-image-preview:large","max-video-preview":"max-video-preview:-1"},"canonical":"https:\/\/agenciainfra.com\/blog\/mme-se-apoia-em-acordao-do-tcu-de-2021-para-decreto-sobre-participacoes-especiais\/","og_locale":"pt_BR","og_type":"article","og_title":"MME se apoia em ac\u00f3rd\u00e3o do TCU de 2021 para decreto sobre participa\u00e7\u00f5es especiais","og_description":"Gabriel Vasconcelos, da Ag\u00eancia iNFRA O decreto estudado pelo MME (Minist\u00e9rio de Minas e Energia) para aumentar a progressividade das participa\u00e7\u00f5es especiais em \u00e1reas de produ\u00e7\u00e3o de petr\u00f3leo e g\u00e1s regidas por contratos de concess\u00e3o apoia-se no Ac\u00f3rd\u00e3o 2.300 de 2021 do TCU (Tribunal de Contas da Uni\u00e3o), disseram \u00e0&nbsp;Ag\u00eancia iNFRA&nbsp;pessoas familiarizadas com a discuss\u00e3o. [&hellip;]","og_url":"https:\/\/agenciainfra.com\/blog\/mme-se-apoia-em-acordao-do-tcu-de-2021-para-decreto-sobre-participacoes-especiais\/","og_site_name":"Ag\u00eancia iNFRA","article_publisher":"https:\/\/www.facebook.com\/ageninfra","article_published_time":"2025-06-04T13:00:00+00:00","article_modified_time":"2025-06-05T08:57:01+00:00","og_image":[{"width":1280,"height":876,"url":"https:\/\/agenciainfra.com\/blog\/wp-content\/uploads\/2022\/09\/plataforma-petroleo-foto-dominio-publico.jpeg","type":"image\/jpeg"}],"author":"Ag\u00eancia iNFRA","twitter_card":"summary_large_image","twitter_creator":"@agencia_infra","twitter_site":"@agencia_infra","twitter_misc":{"Escrito por":"Ag\u00eancia iNFRA","Est. tempo de leitura":"3 minutos"},"schema":{"@context":"https:\/\/schema.org","@graph":[{"@type":"Article","@id":"https:\/\/agenciainfra.com\/blog\/mme-se-apoia-em-acordao-do-tcu-de-2021-para-decreto-sobre-participacoes-especiais\/#article","isPartOf":{"@id":"https:\/\/agenciainfra.com\/blog\/mme-se-apoia-em-acordao-do-tcu-de-2021-para-decreto-sobre-participacoes-especiais\/"},"author":{"name":"Ag\u00eancia iNFRA","@id":"https:\/\/agenciainfra.com\/blog\/#\/schema\/person\/34af08dff6adea4cb22b06612ba7acfa"},"headline":"MME se apoia em ac\u00f3rd\u00e3o do TCU de 2021 para decreto sobre participa\u00e7\u00f5es especiais","datePublished":"2025-06-04T13:00:00+00:00","dateModified":"2025-06-05T08:57:01+00:00","mainEntityOfPage":{"@id":"https:\/\/agenciainfra.com\/blog\/mme-se-apoia-em-acordao-do-tcu-de-2021-para-decreto-sobre-participacoes-especiais\/"},"wordCount":540,"publisher":{"@id":"https:\/\/agenciainfra.com\/blog\/#organization"},"image":{"@id":"https:\/\/agenciainfra.com\/blog\/mme-se-apoia-em-acordao-do-tcu-de-2021-para-decreto-sobre-participacoes-especiais\/#primaryimage"},"thumbnailUrl":"https:\/\/agenciainfra.com\/blog\/wp-content\/uploads\/2022\/09\/plataforma-petroleo-foto-dominio-publico.jpeg","keywords":["arrecada\u00e7\u00e3o federal","Gabriel Vasconcelos","MME","O&amp;G","Or\u00e7amento","participa\u00e7\u00e3o especial","petroleiras","petr\u00f3leo","TCU"],"articleSection":["Destaque lista","Geral","\u00d3leo &amp; G\u00e1s"],"inLanguage":"pt-BR","copyrightYear":"2025","copyrightHolder":{"@id":"https:\/\/agenciainfra.com\/blog\/#organization"}},{"@type":"WebPage","@id":"https:\/\/agenciainfra.com\/blog\/mme-se-apoia-em-acordao-do-tcu-de-2021-para-decreto-sobre-participacoes-especiais\/","url":"https:\/\/agenciainfra.com\/blog\/mme-se-apoia-em-acordao-do-tcu-de-2021-para-decreto-sobre-participacoes-especiais\/","name":"MME se apoia em ac\u00f3rd\u00e3o do TCU de 2021 para decreto sobre participa\u00e7\u00f5es especiais - Ag\u00eancia iNFRA","isPartOf":{"@id":"https:\/\/agenciainfra.com\/blog\/#website"},"primaryImageOfPage":{"@id":"https:\/\/agenciainfra.com\/blog\/mme-se-apoia-em-acordao-do-tcu-de-2021-para-decreto-sobre-participacoes-especiais\/#primaryimage"},"image":{"@id":"https:\/\/agenciainfra.com\/blog\/mme-se-apoia-em-acordao-do-tcu-de-2021-para-decreto-sobre-participacoes-especiais\/#primaryimage"},"thumbnailUrl":"https:\/\/agenciainfra.com\/blog\/wp-content\/uploads\/2022\/09\/plataforma-petroleo-foto-dominio-publico.jpeg","datePublished":"2025-06-04T13:00:00+00:00","dateModified":"2025-06-05T08:57:01+00:00","breadcrumb":{"@id":"https:\/\/agenciainfra.com\/blog\/mme-se-apoia-em-acordao-do-tcu-de-2021-para-decreto-sobre-participacoes-especiais\/#breadcrumb"},"inLanguage":"pt-BR","potentialAction":[{"@type":"ReadAction","target":["https:\/\/agenciainfra.com\/blog\/mme-se-apoia-em-acordao-do-tcu-de-2021-para-decreto-sobre-participacoes-especiais\/"]}]},{"@type":"ImageObject","inLanguage":"pt-BR","@id":"https:\/\/agenciainfra.com\/blog\/mme-se-apoia-em-acordao-do-tcu-de-2021-para-decreto-sobre-participacoes-especiais\/#primaryimage","url":"https:\/\/agenciainfra.com\/blog\/wp-content\/uploads\/2022\/09\/plataforma-petroleo-foto-dominio-publico.jpeg","contentUrl":"https:\/\/agenciainfra.com\/blog\/wp-content\/uploads\/2022\/09\/plataforma-petroleo-foto-dominio-publico.jpeg","width":1280,"height":876,"caption":"Foto: Dom\u00ednio P\u00fablico"},{"@type":"BreadcrumbList","@id":"https:\/\/agenciainfra.com\/blog\/mme-se-apoia-em-acordao-do-tcu-de-2021-para-decreto-sobre-participacoes-especiais\/#breadcrumb","itemListElement":[{"@type":"ListItem","position":1,"name":"In\u00edcio","item":"https:\/\/agenciainfra.com\/blog\/"},{"@type":"ListItem","position":2,"name":"MME se apoia em ac\u00f3rd\u00e3o do TCU de 2021 para decreto sobre participa\u00e7\u00f5es especiais"}]},{"@type":"WebSite","@id":"https:\/\/agenciainfra.com\/blog\/#website","url":"https:\/\/agenciainfra.com\/blog\/","name":"Ag\u00eancia iNFRA","description":"Multiplataforma de informa\u00e7\u00e3o jornal\u00edstica refer\u00eancia na \u00e1rea de infraestrutura no Brasil!","publisher":{"@id":"https:\/\/agenciainfra.com\/blog\/#organization"},"potentialAction":[{"@type":"SearchAction","target":{"@type":"EntryPoint","urlTemplate":"https:\/\/agenciainfra.com\/blog\/?s={search_term_string}"},"query-input":{"@type":"PropertyValueSpecification","valueRequired":true,"valueName":"search_term_string"}}],"inLanguage":"pt-BR"},{"@type":"Organization","@id":"https:\/\/agenciainfra.com\/blog\/#organization","name":"Ag\u00eancia iNFRA","url":"https:\/\/agenciainfra.com\/blog\/","logo":{"@type":"ImageObject","inLanguage":"pt-BR","@id":"https:\/\/agenciainfra.com\/blog\/#\/schema\/logo\/image\/","url":"https:\/\/agenciainfra.com\/blog\/wp-content\/uploads\/2023\/09\/iNFRA_5-e1761735885940.png","contentUrl":"https:\/\/agenciainfra.com\/blog\/wp-content\/uploads\/2023\/09\/iNFRA_5-e1761735885940.png","width":1672,"height":454,"caption":"Ag\u00eancia iNFRA"},"image":{"@id":"https:\/\/agenciainfra.com\/blog\/#\/schema\/logo\/image\/"},"sameAs":["https:\/\/www.facebook.com\/ageninfra","https:\/\/x.com\/agencia_infra","https:\/\/www.linkedin.com\/company\/ag\u00eanciainfra\/","https:\/\/www.instagram.com\/agenciainfra\/"]},{"@type":"Person","@id":"https:\/\/agenciainfra.com\/blog\/#\/schema\/person\/34af08dff6adea4cb22b06612ba7acfa","name":"Ag\u00eancia iNFRA","image":{"@type":"ImageObject","inLanguage":"pt-BR","@id":"https:\/\/agenciainfra.com\/blog\/#\/schema\/person\/image\/","url":"https:\/\/secure.gravatar.com\/avatar\/d189e01678f06d8eb84d4e01f08eb848b3fffe3f8443818d3c356c66892f5be8?s=96&d=mm&r=g","contentUrl":"https:\/\/secure.gravatar.com\/avatar\/d189e01678f06d8eb84d4e01f08eb848b3fffe3f8443818d3c356c66892f5be8?s=96&d=mm&r=g","caption":"Ag\u00eancia iNFRA"},"url":"https:\/\/agenciainfra.com\/blog\/author\/admin\/"}]}},"_links":{"self":[{"href":"https:\/\/agenciainfra.com\/blog\/wp-json\/wp\/v2\/posts\/22448","targetHints":{"allow":["GET"]}}],"collection":[{"href":"https:\/\/agenciainfra.com\/blog\/wp-json\/wp\/v2\/posts"}],"about":[{"href":"https:\/\/agenciainfra.com\/blog\/wp-json\/wp\/v2\/types\/post"}],"author":[{"embeddable":true,"href":"https:\/\/agenciainfra.com\/blog\/wp-json\/wp\/v2\/users\/1"}],"replies":[{"embeddable":true,"href":"https:\/\/agenciainfra.com\/blog\/wp-json\/wp\/v2\/comments?post=22448"}],"version-history":[{"count":1,"href":"https:\/\/agenciainfra.com\/blog\/wp-json\/wp\/v2\/posts\/22448\/revisions"}],"predecessor-version":[{"id":22449,"href":"https:\/\/agenciainfra.com\/blog\/wp-json\/wp\/v2\/posts\/22448\/revisions\/22449"}],"wp:featuredmedia":[{"embeddable":true,"href":"https:\/\/agenciainfra.com\/blog\/wp-json\/wp\/v2\/media\/11403"}],"wp:attachment":[{"href":"https:\/\/agenciainfra.com\/blog\/wp-json\/wp\/v2\/media?parent=22448"}],"wp:term":[{"taxonomy":"category","embeddable":true,"href":"https:\/\/agenciainfra.com\/blog\/wp-json\/wp\/v2\/categories?post=22448"},{"taxonomy":"post_tag","embeddable":true,"href":"https:\/\/agenciainfra.com\/blog\/wp-json\/wp\/v2\/tags?post=22448"}],"curies":[{"name":"wp","href":"https:\/\/api.w.org\/{rel}","templated":true}]}}