{"id":22454,"date":"2025-06-04T11:50:39","date_gmt":"2025-06-04T14:50:39","guid":{"rendered":"https:\/\/agenciainfra.com\/blog\/?p=22454"},"modified":"2025-06-05T09:40:12","modified_gmt":"2025-06-05T12:40:12","slug":"ministerio-dos-transportes-vai-apoiar-implantacao-de-internet-nas-estradas-com-recursos-dos-contratos-de-concessoes-informa-secretario-executivo","status":"publish","type":"post","link":"https:\/\/agenciainfra.com\/blog\/ministerio-dos-transportes-vai-apoiar-implantacao-de-internet-nas-estradas-com-recursos-dos-contratos-de-concessoes-informa-secretario-executivo\/","title":{"rendered":"Minist\u00e9rio dos Transportes vai apoiar implanta\u00e7\u00e3o de internet nas estradas com recursos dos contratos de concess\u00f5es, informa secret\u00e1rio-executivo"},"content":{"rendered":"\n<p class=\"has-text-align-right\"><strong>da Ag\u00eancia iNFRA<\/strong><\/p>\n\n\n\n<p>O Minist\u00e9rio dos Transportes abriu hoje (4) <a href=\"https:\/\/www.in.gov.br\/web\/dou\/-\/portaria-n-423-de-3-de-junho-de-2025-633810898\">consulta p\u00fablica<\/a> para receber contribui\u00e7\u00f5es \u00e0 proposta de portaria que estabelece a Pol\u00edtica Nacional de Conectividade em Rodovias Federais. O objetivo \u00e9 definir diretrizes para ampliar o acesso \u00e0 internet nas estradas sob gest\u00e3o federal.<\/p>\n\n\n\n<p>Na abertura do evento Rodovias do Futuro promovido pela ABCR (Associa\u00e7\u00e3o Brasileira de Concession\u00e1rias de Rodovias), o secret\u00e1rio-executivo do Minist\u00e9rio dos Transportes, George Santoro, afirmou que a proposta colocada em consulta busca unir as concession\u00e1rias de servi\u00e7os de telefonia e de rodovias para apresentar solu\u00e7\u00f5es para que toda a extens\u00e3o rodovi\u00e1ria possa ter conectividade aos usu\u00e1rios.<\/p>\n\n\n\n<p>Ainda de acordo com ele, a diretriz da pasta \u00e9 apoiar que os recursos necess\u00e1rios para essa implanta\u00e7\u00e3o possam vir dos contratos das concession\u00e1rias. &#8220;Essa pol\u00edtica quer integrar solu\u00e7\u00f5es de concession\u00e1rias de rodovias com as de comunica\u00e7\u00e3o. Que se regulem entre elas e construam solu\u00e7\u00e3o&#8221;, disse Santoro. &#8220;Demos o caminho usando as nossas estruturas de modelagem econ\u00f4mica dos contratos.&#8221;<\/p>\n\n\n\n<p>A consulta ficar\u00e1 dispon\u00edvel por 15 dias na plataforma Participa + Brasil. A Secretaria Nacional de Transporte Rodovi\u00e1rio do minist\u00e9rio ser\u00e1 respons\u00e1vel pelo esclarecimento de d\u00favidas durante o per\u00edodo.<\/p>\n","protected":false},"excerpt":{"rendered":"<p>da Ag\u00eancia iNFRA O Minist\u00e9rio dos Transportes abriu hoje (4) consulta p\u00fablica para receber contribui\u00e7\u00f5es \u00e0 proposta de portaria que estabelece a Pol\u00edtica Nacional de Conectividade em Rodovias Federais. O objetivo \u00e9 definir diretrizes para ampliar o acesso \u00e0 internet nas estradas sob gest\u00e3o federal. Na abertura do evento Rodovias do Futuro promovido pela ABCR [&hellip;]<\/p>\n","protected":false},"author":1,"featured_media":12967,"comment_status":"closed","ping_status":"closed","sticky":false,"template":"","format":"standard","meta":{"_monsterinsights_skip_tracking":false,"_monsterinsights_sitenote_active":false,"_monsterinsights_sitenote_note":"","_monsterinsights_sitenote_category":0,"footnotes":""},"categories":[1,7],"tags":[613,2640,345,6956,13622,16,7174],"class_list":["post-22454","post","type-post","status-publish","format-standard","has-post-thumbnail","hentry","category-geral","category-infratransporte","tag-abcr","tag-conectividade","tag-consulta-publica","tag-george-santoro","tag-internet-nas-rodovias","tag-ministerio-dos-transportes","tag-rodovias-do-futuro"],"yoast_head":"<!-- This site is optimized with the Yoast SEO Premium plugin v25.4 (Yoast SEO v26.0) - https:\/\/yoast.com\/wordpress\/plugins\/seo\/ -->\n<title>Minist\u00e9rio dos Transportes vai apoiar implanta\u00e7\u00e3o de internet nas estradas com recursos dos contratos de concess\u00f5es, informa secret\u00e1rio-executivo - Ag\u00eancia iNFRA<\/title>\n<meta name=\"robots\" content=\"index, follow, max-snippet:-1, max-image-preview:large, max-video-preview:-1\" \/>\n<link rel=\"canonical\" href=\"https:\/\/agenciainfra.com\/blog\/ministerio-dos-transportes-vai-apoiar-implantacao-de-internet-nas-estradas-com-recursos-dos-contratos-de-concessoes-informa-secretario-executivo\/\" \/>\n<meta property=\"og:locale\" content=\"pt_BR\" \/>\n<meta property=\"og:type\" content=\"article\" \/>\n<meta property=\"og:title\" content=\"Minist\u00e9rio dos Transportes vai apoiar implanta\u00e7\u00e3o de internet nas estradas com recursos dos contratos de concess\u00f5es, informa secret\u00e1rio-executivo\" \/>\n<meta property=\"og:description\" content=\"da Ag\u00eancia iNFRA O Minist\u00e9rio dos Transportes abriu hoje (4) consulta p\u00fablica para receber contribui\u00e7\u00f5es \u00e0 proposta de portaria que estabelece a Pol\u00edtica Nacional de Conectividade em Rodovias Federais. O objetivo \u00e9 definir diretrizes para ampliar o acesso \u00e0 internet nas estradas sob gest\u00e3o federal. Na abertura do evento Rodovias do Futuro promovido pela ABCR [&hellip;]\" \/>\n<meta property=\"og:url\" content=\"https:\/\/agenciainfra.com\/blog\/ministerio-dos-transportes-vai-apoiar-implantacao-de-internet-nas-estradas-com-recursos-dos-contratos-de-concessoes-informa-secretario-executivo\/\" \/>\n<meta property=\"og:site_name\" content=\"Ag\u00eancia iNFRA\" \/>\n<meta property=\"article:publisher\" content=\"https:\/\/www.facebook.com\/ageninfra\" \/>\n<meta property=\"article:published_time\" content=\"2025-06-04T14:50:39+00:00\" \/>\n<meta property=\"article:modified_time\" content=\"2025-06-05T12:40:12+00:00\" \/>\n<meta property=\"og:image\" content=\"https:\/\/agenciainfra.com\/blog\/wp-content\/uploads\/2023\/06\/george-santoro-foto-governo-de-alagoas.jpg\" \/>\n\t<meta property=\"og:image:width\" content=\"1202\" \/>\n\t<meta property=\"og:image:height\" content=\"801\" \/>\n\t<meta property=\"og:image:type\" content=\"image\/jpeg\" \/>\n<meta name=\"author\" content=\"Ag\u00eancia iNFRA\" \/>\n<meta name=\"twitter:card\" content=\"summary_large_image\" \/>\n<meta name=\"twitter:creator\" content=\"@agencia_infra\" \/>\n<meta name=\"twitter:site\" content=\"@agencia_infra\" \/>\n<meta name=\"twitter:label1\" content=\"Escrito por\" \/>\n\t<meta name=\"twitter:data1\" content=\"Ag\u00eancia iNFRA\" \/>\n\t<meta name=\"twitter:label2\" content=\"Est. tempo de leitura\" \/>\n\t<meta name=\"twitter:data2\" content=\"1 minuto\" \/>\n<script type=\"application\/ld+json\" class=\"yoast-schema-graph\">{\"@context\":\"https:\/\/schema.org\",\"@graph\":[{\"@type\":\"Article\",\"@id\":\"https:\/\/agenciainfra.com\/blog\/ministerio-dos-transportes-vai-apoiar-implantacao-de-internet-nas-estradas-com-recursos-dos-contratos-de-concessoes-informa-secretario-executivo\/#article\",\"isPartOf\":{\"@id\":\"https:\/\/agenciainfra.com\/blog\/ministerio-dos-transportes-vai-apoiar-implantacao-de-internet-nas-estradas-com-recursos-dos-contratos-de-concessoes-informa-secretario-executivo\/\"},\"author\":{\"name\":\"Ag\u00eancia iNFRA\",\"@id\":\"https:\/\/agenciainfra.com\/blog\/#\/schema\/person\/34af08dff6adea4cb22b06612ba7acfa\"},\"headline\":\"Minist\u00e9rio dos Transportes vai apoiar implanta\u00e7\u00e3o de internet nas estradas com recursos dos contratos de concess\u00f5es, informa secret\u00e1rio-executivo\",\"datePublished\":\"2025-06-04T14:50:39+00:00\",\"dateModified\":\"2025-06-05T12:40:12+00:00\",\"mainEntityOfPage\":{\"@id\":\"https:\/\/agenciainfra.com\/blog\/ministerio-dos-transportes-vai-apoiar-implantacao-de-internet-nas-estradas-com-recursos-dos-contratos-de-concessoes-informa-secretario-executivo\/\"},\"wordCount\":235,\"publisher\":{\"@id\":\"https:\/\/agenciainfra.com\/blog\/#organization\"},\"image\":{\"@id\":\"https:\/\/agenciainfra.com\/blog\/ministerio-dos-transportes-vai-apoiar-implantacao-de-internet-nas-estradas-com-recursos-dos-contratos-de-concessoes-informa-secretario-executivo\/#primaryimage\"},\"thumbnailUrl\":\"https:\/\/agenciainfra.com\/blog\/wp-content\/uploads\/2023\/06\/george-santoro-foto-governo-de-alagoas.jpg\",\"keywords\":[\"abcr\",\"conectividade\",\"consulta p\u00fablica\",\"George Santoro\",\"internet nas rodovias\",\"minist\u00e9rio dos transportes\",\"Rodovias do Futuro\"],\"articleSection\":[\"Geral\",\"iNFRATransporte\"],\"inLanguage\":\"pt-BR\",\"copyrightYear\":\"2025\",\"copyrightHolder\":{\"@id\":\"https:\/\/agenciainfra.com\/blog\/#organization\"}},{\"@type\":\"WebPage\",\"@id\":\"https:\/\/agenciainfra.com\/blog\/ministerio-dos-transportes-vai-apoiar-implantacao-de-internet-nas-estradas-com-recursos-dos-contratos-de-concessoes-informa-secretario-executivo\/\",\"url\":\"https:\/\/agenciainfra.com\/blog\/ministerio-dos-transportes-vai-apoiar-implantacao-de-internet-nas-estradas-com-recursos-dos-contratos-de-concessoes-informa-secretario-executivo\/\",\"name\":\"Minist\u00e9rio dos Transportes vai apoiar implanta\u00e7\u00e3o de internet nas estradas com recursos dos contratos de concess\u00f5es, informa secret\u00e1rio-executivo - Ag\u00eancia iNFRA\",\"isPartOf\":{\"@id\":\"https:\/\/agenciainfra.com\/blog\/#website\"},\"primaryImageOfPage\":{\"@id\":\"https:\/\/agenciainfra.com\/blog\/ministerio-dos-transportes-vai-apoiar-implantacao-de-internet-nas-estradas-com-recursos-dos-contratos-de-concessoes-informa-secretario-executivo\/#primaryimage\"},\"image\":{\"@id\":\"https:\/\/agenciainfra.com\/blog\/ministerio-dos-transportes-vai-apoiar-implantacao-de-internet-nas-estradas-com-recursos-dos-contratos-de-concessoes-informa-secretario-executivo\/#primaryimage\"},\"thumbnailUrl\":\"https:\/\/agenciainfra.com\/blog\/wp-content\/uploads\/2023\/06\/george-santoro-foto-governo-de-alagoas.jpg\",\"datePublished\":\"2025-06-04T14:50:39+00:00\",\"dateModified\":\"2025-06-05T12:40:12+00:00\",\"breadcrumb\":{\"@id\":\"https:\/\/agenciainfra.com\/blog\/ministerio-dos-transportes-vai-apoiar-implantacao-de-internet-nas-estradas-com-recursos-dos-contratos-de-concessoes-informa-secretario-executivo\/#breadcrumb\"},\"inLanguage\":\"pt-BR\",\"potentialAction\":[{\"@type\":\"ReadAction\",\"target\":[\"https:\/\/agenciainfra.com\/blog\/ministerio-dos-transportes-vai-apoiar-implantacao-de-internet-nas-estradas-com-recursos-dos-contratos-de-concessoes-informa-secretario-executivo\/\"]}]},{\"@type\":\"ImageObject\",\"inLanguage\":\"pt-BR\",\"@id\":\"https:\/\/agenciainfra.com\/blog\/ministerio-dos-transportes-vai-apoiar-implantacao-de-internet-nas-estradas-com-recursos-dos-contratos-de-concessoes-informa-secretario-executivo\/#primaryimage\",\"url\":\"https:\/\/agenciainfra.com\/blog\/wp-content\/uploads\/2023\/06\/george-santoro-foto-governo-de-alagoas.jpg\",\"contentUrl\":\"https:\/\/agenciainfra.com\/blog\/wp-content\/uploads\/2023\/06\/george-santoro-foto-governo-de-alagoas.jpg\",\"width\":1202,\"height\":801},{\"@type\":\"BreadcrumbList\",\"@id\":\"https:\/\/agenciainfra.com\/blog\/ministerio-dos-transportes-vai-apoiar-implantacao-de-internet-nas-estradas-com-recursos-dos-contratos-de-concessoes-informa-secretario-executivo\/#breadcrumb\",\"itemListElement\":[{\"@type\":\"ListItem\",\"position\":1,\"name\":\"In\u00edcio\",\"item\":\"https:\/\/agenciainfra.com\/blog\/\"},{\"@type\":\"ListItem\",\"position\":2,\"name\":\"Minist\u00e9rio dos Transportes vai apoiar implanta\u00e7\u00e3o de internet nas estradas com recursos dos contratos de concess\u00f5es, informa secret\u00e1rio-executivo\"}]},{\"@type\":\"WebSite\",\"@id\":\"https:\/\/agenciainfra.com\/blog\/#website\",\"url\":\"https:\/\/agenciainfra.com\/blog\/\",\"name\":\"Ag\u00eancia iNFRA\",\"description\":\"Multiplataforma de informa\u00e7\u00e3o jornal\u00edstica refer\u00eancia na \u00e1rea de infraestrutura no Brasil!\",\"publisher\":{\"@id\":\"https:\/\/agenciainfra.com\/blog\/#organization\"},\"potentialAction\":[{\"@type\":\"SearchAction\",\"target\":{\"@type\":\"EntryPoint\",\"urlTemplate\":\"https:\/\/agenciainfra.com\/blog\/?s={search_term_string}\"},\"query-input\":{\"@type\":\"PropertyValueSpecification\",\"valueRequired\":true,\"valueName\":\"search_term_string\"}}],\"inLanguage\":\"pt-BR\"},{\"@type\":\"Organization\",\"@id\":\"https:\/\/agenciainfra.com\/blog\/#organization\",\"name\":\"Ag\u00eancia iNFRA\",\"url\":\"https:\/\/agenciainfra.com\/blog\/\",\"logo\":{\"@type\":\"ImageObject\",\"inLanguage\":\"pt-BR\",\"@id\":\"https:\/\/agenciainfra.com\/blog\/#\/schema\/logo\/image\/\",\"url\":\"https:\/\/agenciainfra.com\/blog\/wp-content\/uploads\/2023\/09\/iNFRA_5-e1761735885940.png\",\"contentUrl\":\"https:\/\/agenciainfra.com\/blog\/wp-content\/uploads\/2023\/09\/iNFRA_5-e1761735885940.png\",\"width\":1672,\"height\":454,\"caption\":\"Ag\u00eancia iNFRA\"},\"image\":{\"@id\":\"https:\/\/agenciainfra.com\/blog\/#\/schema\/logo\/image\/\"},\"sameAs\":[\"https:\/\/www.facebook.com\/ageninfra\",\"https:\/\/x.com\/agencia_infra\",\"https:\/\/www.linkedin.com\/company\/ag\u00eanciainfra\/\",\"https:\/\/www.instagram.com\/agenciainfra\/\"]},{\"@type\":\"Person\",\"@id\":\"https:\/\/agenciainfra.com\/blog\/#\/schema\/person\/34af08dff6adea4cb22b06612ba7acfa\",\"name\":\"Ag\u00eancia iNFRA\",\"image\":{\"@type\":\"ImageObject\",\"inLanguage\":\"pt-BR\",\"@id\":\"https:\/\/agenciainfra.com\/blog\/#\/schema\/person\/image\/\",\"url\":\"https:\/\/secure.gravatar.com\/avatar\/d189e01678f06d8eb84d4e01f08eb848b3fffe3f8443818d3c356c66892f5be8?s=96&d=mm&r=g\",\"contentUrl\":\"https:\/\/secure.gravatar.com\/avatar\/d189e01678f06d8eb84d4e01f08eb848b3fffe3f8443818d3c356c66892f5be8?s=96&d=mm&r=g\",\"caption\":\"Ag\u00eancia iNFRA\"},\"url\":\"https:\/\/agenciainfra.com\/blog\/author\/admin\/\"}]}<\/script>\n<!-- \/ Yoast SEO Premium plugin. -->","yoast_head_json":{"title":"Minist\u00e9rio dos Transportes vai apoiar implanta\u00e7\u00e3o de internet nas estradas com recursos dos contratos de concess\u00f5es, informa secret\u00e1rio-executivo - Ag\u00eancia iNFRA","robots":{"index":"index","follow":"follow","max-snippet":"max-snippet:-1","max-image-preview":"max-image-preview:large","max-video-preview":"max-video-preview:-1"},"canonical":"https:\/\/agenciainfra.com\/blog\/ministerio-dos-transportes-vai-apoiar-implantacao-de-internet-nas-estradas-com-recursos-dos-contratos-de-concessoes-informa-secretario-executivo\/","og_locale":"pt_BR","og_type":"article","og_title":"Minist\u00e9rio dos Transportes vai apoiar implanta\u00e7\u00e3o de internet nas estradas com recursos dos contratos de concess\u00f5es, informa secret\u00e1rio-executivo","og_description":"da Ag\u00eancia iNFRA O Minist\u00e9rio dos Transportes abriu hoje (4) consulta p\u00fablica para receber contribui\u00e7\u00f5es \u00e0 proposta de portaria que estabelece a Pol\u00edtica Nacional de Conectividade em Rodovias Federais. O objetivo \u00e9 definir diretrizes para ampliar o acesso \u00e0 internet nas estradas sob gest\u00e3o federal. Na abertura do evento Rodovias do Futuro promovido pela ABCR [&hellip;]","og_url":"https:\/\/agenciainfra.com\/blog\/ministerio-dos-transportes-vai-apoiar-implantacao-de-internet-nas-estradas-com-recursos-dos-contratos-de-concessoes-informa-secretario-executivo\/","og_site_name":"Ag\u00eancia iNFRA","article_publisher":"https:\/\/www.facebook.com\/ageninfra","article_published_time":"2025-06-04T14:50:39+00:00","article_modified_time":"2025-06-05T12:40:12+00:00","og_image":[{"width":1202,"height":801,"url":"https:\/\/agenciainfra.com\/blog\/wp-content\/uploads\/2023\/06\/george-santoro-foto-governo-de-alagoas.jpg","type":"image\/jpeg"}],"author":"Ag\u00eancia iNFRA","twitter_card":"summary_large_image","twitter_creator":"@agencia_infra","twitter_site":"@agencia_infra","twitter_misc":{"Escrito por":"Ag\u00eancia iNFRA","Est. tempo de leitura":"1 minuto"},"schema":{"@context":"https:\/\/schema.org","@graph":[{"@type":"Article","@id":"https:\/\/agenciainfra.com\/blog\/ministerio-dos-transportes-vai-apoiar-implantacao-de-internet-nas-estradas-com-recursos-dos-contratos-de-concessoes-informa-secretario-executivo\/#article","isPartOf":{"@id":"https:\/\/agenciainfra.com\/blog\/ministerio-dos-transportes-vai-apoiar-implantacao-de-internet-nas-estradas-com-recursos-dos-contratos-de-concessoes-informa-secretario-executivo\/"},"author":{"name":"Ag\u00eancia iNFRA","@id":"https:\/\/agenciainfra.com\/blog\/#\/schema\/person\/34af08dff6adea4cb22b06612ba7acfa"},"headline":"Minist\u00e9rio dos Transportes vai apoiar implanta\u00e7\u00e3o de internet nas estradas com recursos dos contratos de concess\u00f5es, informa secret\u00e1rio-executivo","datePublished":"2025-06-04T14:50:39+00:00","dateModified":"2025-06-05T12:40:12+00:00","mainEntityOfPage":{"@id":"https:\/\/agenciainfra.com\/blog\/ministerio-dos-transportes-vai-apoiar-implantacao-de-internet-nas-estradas-com-recursos-dos-contratos-de-concessoes-informa-secretario-executivo\/"},"wordCount":235,"publisher":{"@id":"https:\/\/agenciainfra.com\/blog\/#organization"},"image":{"@id":"https:\/\/agenciainfra.com\/blog\/ministerio-dos-transportes-vai-apoiar-implantacao-de-internet-nas-estradas-com-recursos-dos-contratos-de-concessoes-informa-secretario-executivo\/#primaryimage"},"thumbnailUrl":"https:\/\/agenciainfra.com\/blog\/wp-content\/uploads\/2023\/06\/george-santoro-foto-governo-de-alagoas.jpg","keywords":["abcr","conectividade","consulta p\u00fablica","George Santoro","internet nas rodovias","minist\u00e9rio dos transportes","Rodovias do Futuro"],"articleSection":["Geral","iNFRATransporte"],"inLanguage":"pt-BR","copyrightYear":"2025","copyrightHolder":{"@id":"https:\/\/agenciainfra.com\/blog\/#organization"}},{"@type":"WebPage","@id":"https:\/\/agenciainfra.com\/blog\/ministerio-dos-transportes-vai-apoiar-implantacao-de-internet-nas-estradas-com-recursos-dos-contratos-de-concessoes-informa-secretario-executivo\/","url":"https:\/\/agenciainfra.com\/blog\/ministerio-dos-transportes-vai-apoiar-implantacao-de-internet-nas-estradas-com-recursos-dos-contratos-de-concessoes-informa-secretario-executivo\/","name":"Minist\u00e9rio dos Transportes vai apoiar implanta\u00e7\u00e3o de internet nas estradas com recursos dos contratos de concess\u00f5es, informa secret\u00e1rio-executivo - Ag\u00eancia iNFRA","isPartOf":{"@id":"https:\/\/agenciainfra.com\/blog\/#website"},"primaryImageOfPage":{"@id":"https:\/\/agenciainfra.com\/blog\/ministerio-dos-transportes-vai-apoiar-implantacao-de-internet-nas-estradas-com-recursos-dos-contratos-de-concessoes-informa-secretario-executivo\/#primaryimage"},"image":{"@id":"https:\/\/agenciainfra.com\/blog\/ministerio-dos-transportes-vai-apoiar-implantacao-de-internet-nas-estradas-com-recursos-dos-contratos-de-concessoes-informa-secretario-executivo\/#primaryimage"},"thumbnailUrl":"https:\/\/agenciainfra.com\/blog\/wp-content\/uploads\/2023\/06\/george-santoro-foto-governo-de-alagoas.jpg","datePublished":"2025-06-04T14:50:39+00:00","dateModified":"2025-06-05T12:40:12+00:00","breadcrumb":{"@id":"https:\/\/agenciainfra.com\/blog\/ministerio-dos-transportes-vai-apoiar-implantacao-de-internet-nas-estradas-com-recursos-dos-contratos-de-concessoes-informa-secretario-executivo\/#breadcrumb"},"inLanguage":"pt-BR","potentialAction":[{"@type":"ReadAction","target":["https:\/\/agenciainfra.com\/blog\/ministerio-dos-transportes-vai-apoiar-implantacao-de-internet-nas-estradas-com-recursos-dos-contratos-de-concessoes-informa-secretario-executivo\/"]}]},{"@type":"ImageObject","inLanguage":"pt-BR","@id":"https:\/\/agenciainfra.com\/blog\/ministerio-dos-transportes-vai-apoiar-implantacao-de-internet-nas-estradas-com-recursos-dos-contratos-de-concessoes-informa-secretario-executivo\/#primaryimage","url":"https:\/\/agenciainfra.com\/blog\/wp-content\/uploads\/2023\/06\/george-santoro-foto-governo-de-alagoas.jpg","contentUrl":"https:\/\/agenciainfra.com\/blog\/wp-content\/uploads\/2023\/06\/george-santoro-foto-governo-de-alagoas.jpg","width":1202,"height":801},{"@type":"BreadcrumbList","@id":"https:\/\/agenciainfra.com\/blog\/ministerio-dos-transportes-vai-apoiar-implantacao-de-internet-nas-estradas-com-recursos-dos-contratos-de-concessoes-informa-secretario-executivo\/#breadcrumb","itemListElement":[{"@type":"ListItem","position":1,"name":"In\u00edcio","item":"https:\/\/agenciainfra.com\/blog\/"},{"@type":"ListItem","position":2,"name":"Minist\u00e9rio dos Transportes vai apoiar implanta\u00e7\u00e3o de internet nas estradas com recursos dos contratos de concess\u00f5es, informa secret\u00e1rio-executivo"}]},{"@type":"WebSite","@id":"https:\/\/agenciainfra.com\/blog\/#website","url":"https:\/\/agenciainfra.com\/blog\/","name":"Ag\u00eancia iNFRA","description":"Multiplataforma de informa\u00e7\u00e3o jornal\u00edstica refer\u00eancia na \u00e1rea de infraestrutura no Brasil!","publisher":{"@id":"https:\/\/agenciainfra.com\/blog\/#organization"},"potentialAction":[{"@type":"SearchAction","target":{"@type":"EntryPoint","urlTemplate":"https:\/\/agenciainfra.com\/blog\/?s={search_term_string}"},"query-input":{"@type":"PropertyValueSpecification","valueRequired":true,"valueName":"search_term_string"}}],"inLanguage":"pt-BR"},{"@type":"Organization","@id":"https:\/\/agenciainfra.com\/blog\/#organization","name":"Ag\u00eancia iNFRA","url":"https:\/\/agenciainfra.com\/blog\/","logo":{"@type":"ImageObject","inLanguage":"pt-BR","@id":"https:\/\/agenciainfra.com\/blog\/#\/schema\/logo\/image\/","url":"https:\/\/agenciainfra.com\/blog\/wp-content\/uploads\/2023\/09\/iNFRA_5-e1761735885940.png","contentUrl":"https:\/\/agenciainfra.com\/blog\/wp-content\/uploads\/2023\/09\/iNFRA_5-e1761735885940.png","width":1672,"height":454,"caption":"Ag\u00eancia iNFRA"},"image":{"@id":"https:\/\/agenciainfra.com\/blog\/#\/schema\/logo\/image\/"},"sameAs":["https:\/\/www.facebook.com\/ageninfra","https:\/\/x.com\/agencia_infra","https:\/\/www.linkedin.com\/company\/ag\u00eanciainfra\/","https:\/\/www.instagram.com\/agenciainfra\/"]},{"@type":"Person","@id":"https:\/\/agenciainfra.com\/blog\/#\/schema\/person\/34af08dff6adea4cb22b06612ba7acfa","name":"Ag\u00eancia iNFRA","image":{"@type":"ImageObject","inLanguage":"pt-BR","@id":"https:\/\/agenciainfra.com\/blog\/#\/schema\/person\/image\/","url":"https:\/\/secure.gravatar.com\/avatar\/d189e01678f06d8eb84d4e01f08eb848b3fffe3f8443818d3c356c66892f5be8?s=96&d=mm&r=g","contentUrl":"https:\/\/secure.gravatar.com\/avatar\/d189e01678f06d8eb84d4e01f08eb848b3fffe3f8443818d3c356c66892f5be8?s=96&d=mm&r=g","caption":"Ag\u00eancia iNFRA"},"url":"https:\/\/agenciainfra.com\/blog\/author\/admin\/"}]}},"_links":{"self":[{"href":"https:\/\/agenciainfra.com\/blog\/wp-json\/wp\/v2\/posts\/22454","targetHints":{"allow":["GET"]}}],"collection":[{"href":"https:\/\/agenciainfra.com\/blog\/wp-json\/wp\/v2\/posts"}],"about":[{"href":"https:\/\/agenciainfra.com\/blog\/wp-json\/wp\/v2\/types\/post"}],"author":[{"embeddable":true,"href":"https:\/\/agenciainfra.com\/blog\/wp-json\/wp\/v2\/users\/1"}],"replies":[{"embeddable":true,"href":"https:\/\/agenciainfra.com\/blog\/wp-json\/wp\/v2\/comments?post=22454"}],"version-history":[{"count":1,"href":"https:\/\/agenciainfra.com\/blog\/wp-json\/wp\/v2\/posts\/22454\/revisions"}],"predecessor-version":[{"id":22456,"href":"https:\/\/agenciainfra.com\/blog\/wp-json\/wp\/v2\/posts\/22454\/revisions\/22456"}],"wp:featuredmedia":[{"embeddable":true,"href":"https:\/\/agenciainfra.com\/blog\/wp-json\/wp\/v2\/media\/12967"}],"wp:attachment":[{"href":"https:\/\/agenciainfra.com\/blog\/wp-json\/wp\/v2\/media?parent=22454"}],"wp:term":[{"taxonomy":"category","embeddable":true,"href":"https:\/\/agenciainfra.com\/blog\/wp-json\/wp\/v2\/categories?post=22454"},{"taxonomy":"post_tag","embeddable":true,"href":"https:\/\/agenciainfra.com\/blog\/wp-json\/wp\/v2\/tags?post=22454"}],"curies":[{"name":"wp","href":"https:\/\/api.w.org\/{rel}","templated":true}]}}