{"id":22480,"date":"2025-06-04T15:20:19","date_gmt":"2025-06-04T18:20:19","guid":{"rendered":"https:\/\/agenciainfra.com\/blog\/?p=22480"},"modified":"2025-06-05T11:49:01","modified_gmt":"2025-06-05T14:49:01","slug":"deputado-do-mdb-cobra-reavaliacao-urgente-de-leilao-de-terminal-em-vila-do-conde-no-para","status":"publish","type":"post","link":"https:\/\/agenciainfra.com\/blog\/deputado-do-mdb-cobra-reavaliacao-urgente-de-leilao-de-terminal-em-vila-do-conde-no-para\/","title":{"rendered":"Deputado do MDB cobra reavalia\u00e7\u00e3o urgente de leil\u00e3o de terminal em Vila do Conde, no Par\u00e1"},"content":{"rendered":"\n<p class=\"has-text-align-right\"><strong>Mar\u00edlia Sena, da Ag\u00eancia iNFRA<\/strong><\/p>\n\n\n\n<p>O deputado Henderson Pinto (MDB-PA) solicitou ao presidente do TCU (Tribunal de Contas da Uni\u00e3o), Vital do R\u00eago Filho, uma reavalia\u00e7\u00e3o urgente da continuidade do arrendamento do terminal VDC29, no Porto Organizado de Vila do Conde, localizado em Barcarena (PA).<\/p>\n\n\n\n<p>O arrendamento do terminal, aprovado pelo TCU no \u00faltimo m\u00eas, foi projetado para movimenta\u00e7\u00e3o e armazenagem de gran\u00e9is s\u00f3lidos vegetais, especificamente gr\u00e3os de soja e milho. Na ocasi\u00e3o, o relator do processo no tribunal, ministro Aroldo Cedraz, apresentou uma s\u00e9rie de recomenda\u00e7\u00f5es ao MPor (Minist\u00e9rio de Portos e Aeroportos).<\/p>\n\n\n\n<p>Segundo Cedraz, a pasta deveria reavaliar, por exemplo, a metodologia de c\u00e1lculo da taxa de crescimento. No of\u00edcio enviado ao presidente da corte de contas, o parlamentar alertou para a aus\u00eancia de garantias quanto \u00e0 navegabilidade plena das hidrovias dos rios Madeira e Tocantins, modais considerados fundamentais para a viabilidade log\u00edstica do terminal.<\/p>\n\n\n\n<p>\u201cSem a seguran\u00e7a de um fluxo hidrovi\u00e1rio eficiente, corremos o risco de repetir os insucessos de leil\u00f5es anteriores e comprometer a atratividade do projeto para o setor privado\u201d, disse o deputado, em nota.<\/p>\n\n\n\n<p>O terminal j\u00e1 passou por duas tentativas fracassadas de licita\u00e7\u00e3o, em 2015 e 2016, afirmou. \u201cN\u00e3o podemos correr o risco de um novo leil\u00e3o sem a devida atratividade ou, pior, de um ativo subutilizado ap\u00f3s o investimento\u201d, continuou o parlamentar.<\/p>\n\n\n\n<p>O deputado ainda pediu que o TCU assegure a seguran\u00e7a jur\u00eddica e econ\u00f4mica do projeto, solicitando ao MPor informa\u00e7\u00f5es detalhadas sobre o status atual e o cronograma de a\u00e7\u00f5es para a plena operacionaliza\u00e7\u00e3o das hidrovias.<\/p>\n\n\n\n<p>Entre os pontos solicitados est\u00e3o projetos de dragagem, sinaliza\u00e7\u00e3o e derrocamento, al\u00e9m de quaisquer outros elementos que impactem diretamente a log\u00edstica de escoamento de cargas para o Porto de Vila do Conde.<\/p>\n\n\n\n<p>O MPor foi procurado, mas n\u00e3o respondeu at\u00e9 a publica\u00e7\u00e3o desta mat\u00e9ria. O deputado n\u00e3o comentou.<\/p>\n\n\n\n<p>Durante a aprova\u00e7\u00e3o da desestatiza\u00e7\u00e3o, Cedraz destacou que est\u00e3o previstos investimentos da ordem de R$ 900 milh\u00f5es em instala\u00e7\u00f5es e equipamentos, com a expectativa de que o terminal atinja a movimenta\u00e7\u00e3o de 7 milh\u00f5es de toneladas de gr\u00e3os por ano at\u00e9 o final do sexto ano contratual.<\/p>\n\n\n\n<p>De acordo com o ministro, o arrendamento contribuir\u00e1 para o crescimento econ\u00f4mico regional e nacional, reduzindo os custos log\u00edsticos da cadeia de exporta\u00e7\u00e3o de gr\u00e3os.<\/p>\n","protected":false},"excerpt":{"rendered":"<p>Mar\u00edlia Sena, da Ag\u00eancia iNFRA O deputado Henderson Pinto (MDB-PA) solicitou ao presidente do TCU (Tribunal de Contas da Uni\u00e3o), Vital do R\u00eago Filho, uma reavalia\u00e7\u00e3o urgente da continuidade do arrendamento do terminal VDC29, no Porto Organizado de Vila do Conde, localizado em Barcarena (PA). O arrendamento do terminal, aprovado pelo TCU no \u00faltimo m\u00eas, [&hellip;]<\/p>\n","protected":false},"author":1,"featured_media":22483,"comment_status":"closed","ping_status":"closed","sticky":false,"template":"","format":"standard","meta":{"_monsterinsights_skip_tracking":false,"_monsterinsights_sitenote_active":false,"_monsterinsights_sitenote_note":"","_monsterinsights_sitenote_category":0,"footnotes":""},"categories":[1,7],"tags":[13627,4754,66,11654,6257,18,927,2868],"class_list":["post-22480","post","type-post","status-publish","format-standard","has-post-thumbnail","hentry","category-geral","category-infratransporte","tag-henderson-pinto","tag-leilao-portuario","tag-logistica","tag-marilia-sena","tag-ministerio-de-portos-e-aeroportos","tag-tcu","tag-tribunal-de-contas-da-uniao","tag-vila-do-conde"],"yoast_head":"<!-- This site is optimized with the Yoast SEO Premium plugin v25.4 (Yoast SEO v26.0) - https:\/\/yoast.com\/wordpress\/plugins\/seo\/ -->\n<title>Deputado do MDB cobra reavalia\u00e7\u00e3o urgente de leil\u00e3o de terminal em Vila do Conde, no Par\u00e1 - Ag\u00eancia iNFRA<\/title>\n<meta name=\"robots\" content=\"index, follow, max-snippet:-1, max-image-preview:large, max-video-preview:-1\" \/>\n<link rel=\"canonical\" href=\"https:\/\/agenciainfra.com\/blog\/deputado-do-mdb-cobra-reavaliacao-urgente-de-leilao-de-terminal-em-vila-do-conde-no-para\/\" \/>\n<meta property=\"og:locale\" content=\"pt_BR\" \/>\n<meta property=\"og:type\" content=\"article\" \/>\n<meta property=\"og:title\" content=\"Deputado do MDB cobra reavalia\u00e7\u00e3o urgente de leil\u00e3o de terminal em Vila do Conde, no Par\u00e1\" \/>\n<meta property=\"og:description\" content=\"Mar\u00edlia Sena, da Ag\u00eancia iNFRA O deputado Henderson Pinto (MDB-PA) solicitou ao presidente do TCU (Tribunal de Contas da Uni\u00e3o), Vital do R\u00eago Filho, uma reavalia\u00e7\u00e3o urgente da continuidade do arrendamento do terminal VDC29, no Porto Organizado de Vila do Conde, localizado em Barcarena (PA). O arrendamento do terminal, aprovado pelo TCU no \u00faltimo m\u00eas, [&hellip;]\" \/>\n<meta property=\"og:url\" content=\"https:\/\/agenciainfra.com\/blog\/deputado-do-mdb-cobra-reavaliacao-urgente-de-leilao-de-terminal-em-vila-do-conde-no-para\/\" \/>\n<meta property=\"og:site_name\" content=\"Ag\u00eancia iNFRA\" \/>\n<meta property=\"article:publisher\" content=\"https:\/\/www.facebook.com\/ageninfra\" \/>\n<meta property=\"article:published_time\" content=\"2025-06-04T18:20:19+00:00\" \/>\n<meta property=\"article:modified_time\" content=\"2025-06-05T14:49:01+00:00\" \/>\n<meta property=\"og:image\" content=\"https:\/\/agenciainfra.com\/blog\/wp-content\/uploads\/2025\/06\/villadoconde-divulgacao-docasdopara-1.jpg\" \/>\n\t<meta property=\"og:image:width\" content=\"1280\" \/>\n\t<meta property=\"og:image:height\" content=\"861\" \/>\n\t<meta property=\"og:image:type\" content=\"image\/jpeg\" \/>\n<meta name=\"author\" content=\"Ag\u00eancia iNFRA\" \/>\n<meta name=\"twitter:card\" content=\"summary_large_image\" \/>\n<meta name=\"twitter:creator\" content=\"@agencia_infra\" \/>\n<meta name=\"twitter:site\" content=\"@agencia_infra\" \/>\n<meta name=\"twitter:label1\" content=\"Escrito por\" \/>\n\t<meta name=\"twitter:data1\" content=\"Ag\u00eancia iNFRA\" \/>\n\t<meta name=\"twitter:label2\" content=\"Est. tempo de leitura\" \/>\n\t<meta name=\"twitter:data2\" content=\"2 minutos\" \/>\n<script type=\"application\/ld+json\" class=\"yoast-schema-graph\">{\"@context\":\"https:\/\/schema.org\",\"@graph\":[{\"@type\":\"Article\",\"@id\":\"https:\/\/agenciainfra.com\/blog\/deputado-do-mdb-cobra-reavaliacao-urgente-de-leilao-de-terminal-em-vila-do-conde-no-para\/#article\",\"isPartOf\":{\"@id\":\"https:\/\/agenciainfra.com\/blog\/deputado-do-mdb-cobra-reavaliacao-urgente-de-leilao-de-terminal-em-vila-do-conde-no-para\/\"},\"author\":{\"name\":\"Ag\u00eancia iNFRA\",\"@id\":\"https:\/\/agenciainfra.com\/blog\/#\/schema\/person\/34af08dff6adea4cb22b06612ba7acfa\"},\"headline\":\"Deputado do MDB cobra reavalia\u00e7\u00e3o urgente de leil\u00e3o de terminal em Vila do Conde, no Par\u00e1\",\"datePublished\":\"2025-06-04T18:20:19+00:00\",\"dateModified\":\"2025-06-05T14:49:01+00:00\",\"mainEntityOfPage\":{\"@id\":\"https:\/\/agenciainfra.com\/blog\/deputado-do-mdb-cobra-reavaliacao-urgente-de-leilao-de-terminal-em-vila-do-conde-no-para\/\"},\"wordCount\":439,\"publisher\":{\"@id\":\"https:\/\/agenciainfra.com\/blog\/#organization\"},\"image\":{\"@id\":\"https:\/\/agenciainfra.com\/blog\/deputado-do-mdb-cobra-reavaliacao-urgente-de-leilao-de-terminal-em-vila-do-conde-no-para\/#primaryimage\"},\"thumbnailUrl\":\"https:\/\/agenciainfra.com\/blog\/wp-content\/uploads\/2025\/06\/villadoconde-divulgacao-docasdopara-1.jpg\",\"keywords\":[\"Henderson Pinto\",\"leil\u00e3o portu\u00e1rio\",\"log\u00edstica\",\"Mar\u00edlia Sena\",\"Minist\u00e9rio de Portos e Aeroportos\",\"TCU\",\"Tribunal de Contas da Uni\u00e3o\",\"Vila do Conde\"],\"articleSection\":[\"Geral\",\"iNFRATransporte\"],\"inLanguage\":\"pt-BR\",\"copyrightYear\":\"2025\",\"copyrightHolder\":{\"@id\":\"https:\/\/agenciainfra.com\/blog\/#organization\"}},{\"@type\":\"WebPage\",\"@id\":\"https:\/\/agenciainfra.com\/blog\/deputado-do-mdb-cobra-reavaliacao-urgente-de-leilao-de-terminal-em-vila-do-conde-no-para\/\",\"url\":\"https:\/\/agenciainfra.com\/blog\/deputado-do-mdb-cobra-reavaliacao-urgente-de-leilao-de-terminal-em-vila-do-conde-no-para\/\",\"name\":\"Deputado do MDB cobra reavalia\u00e7\u00e3o urgente de leil\u00e3o de terminal em Vila do Conde, no Par\u00e1 - Ag\u00eancia iNFRA\",\"isPartOf\":{\"@id\":\"https:\/\/agenciainfra.com\/blog\/#website\"},\"primaryImageOfPage\":{\"@id\":\"https:\/\/agenciainfra.com\/blog\/deputado-do-mdb-cobra-reavaliacao-urgente-de-leilao-de-terminal-em-vila-do-conde-no-para\/#primaryimage\"},\"image\":{\"@id\":\"https:\/\/agenciainfra.com\/blog\/deputado-do-mdb-cobra-reavaliacao-urgente-de-leilao-de-terminal-em-vila-do-conde-no-para\/#primaryimage\"},\"thumbnailUrl\":\"https:\/\/agenciainfra.com\/blog\/wp-content\/uploads\/2025\/06\/villadoconde-divulgacao-docasdopara-1.jpg\",\"datePublished\":\"2025-06-04T18:20:19+00:00\",\"dateModified\":\"2025-06-05T14:49:01+00:00\",\"breadcrumb\":{\"@id\":\"https:\/\/agenciainfra.com\/blog\/deputado-do-mdb-cobra-reavaliacao-urgente-de-leilao-de-terminal-em-vila-do-conde-no-para\/#breadcrumb\"},\"inLanguage\":\"pt-BR\",\"potentialAction\":[{\"@type\":\"ReadAction\",\"target\":[\"https:\/\/agenciainfra.com\/blog\/deputado-do-mdb-cobra-reavaliacao-urgente-de-leilao-de-terminal-em-vila-do-conde-no-para\/\"]}]},{\"@type\":\"ImageObject\",\"inLanguage\":\"pt-BR\",\"@id\":\"https:\/\/agenciainfra.com\/blog\/deputado-do-mdb-cobra-reavaliacao-urgente-de-leilao-de-terminal-em-vila-do-conde-no-para\/#primaryimage\",\"url\":\"https:\/\/agenciainfra.com\/blog\/wp-content\/uploads\/2025\/06\/villadoconde-divulgacao-docasdopara-1.jpg\",\"contentUrl\":\"https:\/\/agenciainfra.com\/blog\/wp-content\/uploads\/2025\/06\/villadoconde-divulgacao-docasdopara-1.jpg\",\"width\":1280,\"height\":861},{\"@type\":\"BreadcrumbList\",\"@id\":\"https:\/\/agenciainfra.com\/blog\/deputado-do-mdb-cobra-reavaliacao-urgente-de-leilao-de-terminal-em-vila-do-conde-no-para\/#breadcrumb\",\"itemListElement\":[{\"@type\":\"ListItem\",\"position\":1,\"name\":\"In\u00edcio\",\"item\":\"https:\/\/agenciainfra.com\/blog\/\"},{\"@type\":\"ListItem\",\"position\":2,\"name\":\"Deputado do MDB cobra reavalia\u00e7\u00e3o urgente de leil\u00e3o de terminal em Vila do Conde, no Par\u00e1\"}]},{\"@type\":\"WebSite\",\"@id\":\"https:\/\/agenciainfra.com\/blog\/#website\",\"url\":\"https:\/\/agenciainfra.com\/blog\/\",\"name\":\"Ag\u00eancia iNFRA\",\"description\":\"Multiplataforma de informa\u00e7\u00e3o jornal\u00edstica refer\u00eancia na \u00e1rea de infraestrutura no Brasil!\",\"publisher\":{\"@id\":\"https:\/\/agenciainfra.com\/blog\/#organization\"},\"potentialAction\":[{\"@type\":\"SearchAction\",\"target\":{\"@type\":\"EntryPoint\",\"urlTemplate\":\"https:\/\/agenciainfra.com\/blog\/?s={search_term_string}\"},\"query-input\":{\"@type\":\"PropertyValueSpecification\",\"valueRequired\":true,\"valueName\":\"search_term_string\"}}],\"inLanguage\":\"pt-BR\"},{\"@type\":\"Organization\",\"@id\":\"https:\/\/agenciainfra.com\/blog\/#organization\",\"name\":\"Ag\u00eancia iNFRA\",\"url\":\"https:\/\/agenciainfra.com\/blog\/\",\"logo\":{\"@type\":\"ImageObject\",\"inLanguage\":\"pt-BR\",\"@id\":\"https:\/\/agenciainfra.com\/blog\/#\/schema\/logo\/image\/\",\"url\":\"https:\/\/agenciainfra.com\/blog\/wp-content\/uploads\/2023\/09\/iNFRA_5-e1761735885940.png\",\"contentUrl\":\"https:\/\/agenciainfra.com\/blog\/wp-content\/uploads\/2023\/09\/iNFRA_5-e1761735885940.png\",\"width\":1672,\"height\":454,\"caption\":\"Ag\u00eancia iNFRA\"},\"image\":{\"@id\":\"https:\/\/agenciainfra.com\/blog\/#\/schema\/logo\/image\/\"},\"sameAs\":[\"https:\/\/www.facebook.com\/ageninfra\",\"https:\/\/x.com\/agencia_infra\",\"https:\/\/www.linkedin.com\/company\/ag\u00eanciainfra\/\",\"https:\/\/www.instagram.com\/agenciainfra\/\"]},{\"@type\":\"Person\",\"@id\":\"https:\/\/agenciainfra.com\/blog\/#\/schema\/person\/34af08dff6adea4cb22b06612ba7acfa\",\"name\":\"Ag\u00eancia iNFRA\",\"image\":{\"@type\":\"ImageObject\",\"inLanguage\":\"pt-BR\",\"@id\":\"https:\/\/agenciainfra.com\/blog\/#\/schema\/person\/image\/\",\"url\":\"https:\/\/secure.gravatar.com\/avatar\/d189e01678f06d8eb84d4e01f08eb848b3fffe3f8443818d3c356c66892f5be8?s=96&d=mm&r=g\",\"contentUrl\":\"https:\/\/secure.gravatar.com\/avatar\/d189e01678f06d8eb84d4e01f08eb848b3fffe3f8443818d3c356c66892f5be8?s=96&d=mm&r=g\",\"caption\":\"Ag\u00eancia iNFRA\"},\"url\":\"https:\/\/agenciainfra.com\/blog\/author\/admin\/\"}]}<\/script>\n<!-- \/ Yoast SEO Premium plugin. -->","yoast_head_json":{"title":"Deputado do MDB cobra reavalia\u00e7\u00e3o urgente de leil\u00e3o de terminal em Vila do Conde, no Par\u00e1 - Ag\u00eancia iNFRA","robots":{"index":"index","follow":"follow","max-snippet":"max-snippet:-1","max-image-preview":"max-image-preview:large","max-video-preview":"max-video-preview:-1"},"canonical":"https:\/\/agenciainfra.com\/blog\/deputado-do-mdb-cobra-reavaliacao-urgente-de-leilao-de-terminal-em-vila-do-conde-no-para\/","og_locale":"pt_BR","og_type":"article","og_title":"Deputado do MDB cobra reavalia\u00e7\u00e3o urgente de leil\u00e3o de terminal em Vila do Conde, no Par\u00e1","og_description":"Mar\u00edlia Sena, da Ag\u00eancia iNFRA O deputado Henderson Pinto (MDB-PA) solicitou ao presidente do TCU (Tribunal de Contas da Uni\u00e3o), Vital do R\u00eago Filho, uma reavalia\u00e7\u00e3o urgente da continuidade do arrendamento do terminal VDC29, no Porto Organizado de Vila do Conde, localizado em Barcarena (PA). O arrendamento do terminal, aprovado pelo TCU no \u00faltimo m\u00eas, [&hellip;]","og_url":"https:\/\/agenciainfra.com\/blog\/deputado-do-mdb-cobra-reavaliacao-urgente-de-leilao-de-terminal-em-vila-do-conde-no-para\/","og_site_name":"Ag\u00eancia iNFRA","article_publisher":"https:\/\/www.facebook.com\/ageninfra","article_published_time":"2025-06-04T18:20:19+00:00","article_modified_time":"2025-06-05T14:49:01+00:00","og_image":[{"width":1280,"height":861,"url":"https:\/\/agenciainfra.com\/blog\/wp-content\/uploads\/2025\/06\/villadoconde-divulgacao-docasdopara-1.jpg","type":"image\/jpeg"}],"author":"Ag\u00eancia iNFRA","twitter_card":"summary_large_image","twitter_creator":"@agencia_infra","twitter_site":"@agencia_infra","twitter_misc":{"Escrito por":"Ag\u00eancia iNFRA","Est. tempo de leitura":"2 minutos"},"schema":{"@context":"https:\/\/schema.org","@graph":[{"@type":"Article","@id":"https:\/\/agenciainfra.com\/blog\/deputado-do-mdb-cobra-reavaliacao-urgente-de-leilao-de-terminal-em-vila-do-conde-no-para\/#article","isPartOf":{"@id":"https:\/\/agenciainfra.com\/blog\/deputado-do-mdb-cobra-reavaliacao-urgente-de-leilao-de-terminal-em-vila-do-conde-no-para\/"},"author":{"name":"Ag\u00eancia iNFRA","@id":"https:\/\/agenciainfra.com\/blog\/#\/schema\/person\/34af08dff6adea4cb22b06612ba7acfa"},"headline":"Deputado do MDB cobra reavalia\u00e7\u00e3o urgente de leil\u00e3o de terminal em Vila do Conde, no Par\u00e1","datePublished":"2025-06-04T18:20:19+00:00","dateModified":"2025-06-05T14:49:01+00:00","mainEntityOfPage":{"@id":"https:\/\/agenciainfra.com\/blog\/deputado-do-mdb-cobra-reavaliacao-urgente-de-leilao-de-terminal-em-vila-do-conde-no-para\/"},"wordCount":439,"publisher":{"@id":"https:\/\/agenciainfra.com\/blog\/#organization"},"image":{"@id":"https:\/\/agenciainfra.com\/blog\/deputado-do-mdb-cobra-reavaliacao-urgente-de-leilao-de-terminal-em-vila-do-conde-no-para\/#primaryimage"},"thumbnailUrl":"https:\/\/agenciainfra.com\/blog\/wp-content\/uploads\/2025\/06\/villadoconde-divulgacao-docasdopara-1.jpg","keywords":["Henderson Pinto","leil\u00e3o portu\u00e1rio","log\u00edstica","Mar\u00edlia Sena","Minist\u00e9rio de Portos e Aeroportos","TCU","Tribunal de Contas da Uni\u00e3o","Vila do Conde"],"articleSection":["Geral","iNFRATransporte"],"inLanguage":"pt-BR","copyrightYear":"2025","copyrightHolder":{"@id":"https:\/\/agenciainfra.com\/blog\/#organization"}},{"@type":"WebPage","@id":"https:\/\/agenciainfra.com\/blog\/deputado-do-mdb-cobra-reavaliacao-urgente-de-leilao-de-terminal-em-vila-do-conde-no-para\/","url":"https:\/\/agenciainfra.com\/blog\/deputado-do-mdb-cobra-reavaliacao-urgente-de-leilao-de-terminal-em-vila-do-conde-no-para\/","name":"Deputado do MDB cobra reavalia\u00e7\u00e3o urgente de leil\u00e3o de terminal em Vila do Conde, no Par\u00e1 - Ag\u00eancia iNFRA","isPartOf":{"@id":"https:\/\/agenciainfra.com\/blog\/#website"},"primaryImageOfPage":{"@id":"https:\/\/agenciainfra.com\/blog\/deputado-do-mdb-cobra-reavaliacao-urgente-de-leilao-de-terminal-em-vila-do-conde-no-para\/#primaryimage"},"image":{"@id":"https:\/\/agenciainfra.com\/blog\/deputado-do-mdb-cobra-reavaliacao-urgente-de-leilao-de-terminal-em-vila-do-conde-no-para\/#primaryimage"},"thumbnailUrl":"https:\/\/agenciainfra.com\/blog\/wp-content\/uploads\/2025\/06\/villadoconde-divulgacao-docasdopara-1.jpg","datePublished":"2025-06-04T18:20:19+00:00","dateModified":"2025-06-05T14:49:01+00:00","breadcrumb":{"@id":"https:\/\/agenciainfra.com\/blog\/deputado-do-mdb-cobra-reavaliacao-urgente-de-leilao-de-terminal-em-vila-do-conde-no-para\/#breadcrumb"},"inLanguage":"pt-BR","potentialAction":[{"@type":"ReadAction","target":["https:\/\/agenciainfra.com\/blog\/deputado-do-mdb-cobra-reavaliacao-urgente-de-leilao-de-terminal-em-vila-do-conde-no-para\/"]}]},{"@type":"ImageObject","inLanguage":"pt-BR","@id":"https:\/\/agenciainfra.com\/blog\/deputado-do-mdb-cobra-reavaliacao-urgente-de-leilao-de-terminal-em-vila-do-conde-no-para\/#primaryimage","url":"https:\/\/agenciainfra.com\/blog\/wp-content\/uploads\/2025\/06\/villadoconde-divulgacao-docasdopara-1.jpg","contentUrl":"https:\/\/agenciainfra.com\/blog\/wp-content\/uploads\/2025\/06\/villadoconde-divulgacao-docasdopara-1.jpg","width":1280,"height":861},{"@type":"BreadcrumbList","@id":"https:\/\/agenciainfra.com\/blog\/deputado-do-mdb-cobra-reavaliacao-urgente-de-leilao-de-terminal-em-vila-do-conde-no-para\/#breadcrumb","itemListElement":[{"@type":"ListItem","position":1,"name":"In\u00edcio","item":"https:\/\/agenciainfra.com\/blog\/"},{"@type":"ListItem","position":2,"name":"Deputado do MDB cobra reavalia\u00e7\u00e3o urgente de leil\u00e3o de terminal em Vila do Conde, no Par\u00e1"}]},{"@type":"WebSite","@id":"https:\/\/agenciainfra.com\/blog\/#website","url":"https:\/\/agenciainfra.com\/blog\/","name":"Ag\u00eancia iNFRA","description":"Multiplataforma de informa\u00e7\u00e3o jornal\u00edstica refer\u00eancia na \u00e1rea de infraestrutura no Brasil!","publisher":{"@id":"https:\/\/agenciainfra.com\/blog\/#organization"},"potentialAction":[{"@type":"SearchAction","target":{"@type":"EntryPoint","urlTemplate":"https:\/\/agenciainfra.com\/blog\/?s={search_term_string}"},"query-input":{"@type":"PropertyValueSpecification","valueRequired":true,"valueName":"search_term_string"}}],"inLanguage":"pt-BR"},{"@type":"Organization","@id":"https:\/\/agenciainfra.com\/blog\/#organization","name":"Ag\u00eancia iNFRA","url":"https:\/\/agenciainfra.com\/blog\/","logo":{"@type":"ImageObject","inLanguage":"pt-BR","@id":"https:\/\/agenciainfra.com\/blog\/#\/schema\/logo\/image\/","url":"https:\/\/agenciainfra.com\/blog\/wp-content\/uploads\/2023\/09\/iNFRA_5-e1761735885940.png","contentUrl":"https:\/\/agenciainfra.com\/blog\/wp-content\/uploads\/2023\/09\/iNFRA_5-e1761735885940.png","width":1672,"height":454,"caption":"Ag\u00eancia iNFRA"},"image":{"@id":"https:\/\/agenciainfra.com\/blog\/#\/schema\/logo\/image\/"},"sameAs":["https:\/\/www.facebook.com\/ageninfra","https:\/\/x.com\/agencia_infra","https:\/\/www.linkedin.com\/company\/ag\u00eanciainfra\/","https:\/\/www.instagram.com\/agenciainfra\/"]},{"@type":"Person","@id":"https:\/\/agenciainfra.com\/blog\/#\/schema\/person\/34af08dff6adea4cb22b06612ba7acfa","name":"Ag\u00eancia iNFRA","image":{"@type":"ImageObject","inLanguage":"pt-BR","@id":"https:\/\/agenciainfra.com\/blog\/#\/schema\/person\/image\/","url":"https:\/\/secure.gravatar.com\/avatar\/d189e01678f06d8eb84d4e01f08eb848b3fffe3f8443818d3c356c66892f5be8?s=96&d=mm&r=g","contentUrl":"https:\/\/secure.gravatar.com\/avatar\/d189e01678f06d8eb84d4e01f08eb848b3fffe3f8443818d3c356c66892f5be8?s=96&d=mm&r=g","caption":"Ag\u00eancia iNFRA"},"url":"https:\/\/agenciainfra.com\/blog\/author\/admin\/"}]}},"_links":{"self":[{"href":"https:\/\/agenciainfra.com\/blog\/wp-json\/wp\/v2\/posts\/22480","targetHints":{"allow":["GET"]}}],"collection":[{"href":"https:\/\/agenciainfra.com\/blog\/wp-json\/wp\/v2\/posts"}],"about":[{"href":"https:\/\/agenciainfra.com\/blog\/wp-json\/wp\/v2\/types\/post"}],"author":[{"embeddable":true,"href":"https:\/\/agenciainfra.com\/blog\/wp-json\/wp\/v2\/users\/1"}],"replies":[{"embeddable":true,"href":"https:\/\/agenciainfra.com\/blog\/wp-json\/wp\/v2\/comments?post=22480"}],"version-history":[{"count":1,"href":"https:\/\/agenciainfra.com\/blog\/wp-json\/wp\/v2\/posts\/22480\/revisions"}],"predecessor-version":[{"id":22484,"href":"https:\/\/agenciainfra.com\/blog\/wp-json\/wp\/v2\/posts\/22480\/revisions\/22484"}],"wp:featuredmedia":[{"embeddable":true,"href":"https:\/\/agenciainfra.com\/blog\/wp-json\/wp\/v2\/media\/22483"}],"wp:attachment":[{"href":"https:\/\/agenciainfra.com\/blog\/wp-json\/wp\/v2\/media?parent=22480"}],"wp:term":[{"taxonomy":"category","embeddable":true,"href":"https:\/\/agenciainfra.com\/blog\/wp-json\/wp\/v2\/categories?post=22480"},{"taxonomy":"post_tag","embeddable":true,"href":"https:\/\/agenciainfra.com\/blog\/wp-json\/wp\/v2\/tags?post=22480"}],"curies":[{"name":"wp","href":"https:\/\/api.w.org\/{rel}","templated":true}]}}