{"id":22486,"date":"2025-06-04T16:50:29","date_gmt":"2025-06-04T19:50:29","guid":{"rendered":"https:\/\/agenciainfra.com\/blog\/?p=22486"},"modified":"2025-06-05T15:03:25","modified_gmt":"2025-06-05T18:03:25","slug":"tcu-aprova-acordo-de-solucao-consensual-do-aeroporto-do-galeao","status":"publish","type":"post","link":"https:\/\/agenciainfra.com\/blog\/tcu-aprova-acordo-de-solucao-consensual-do-aeroporto-do-galeao\/","title":{"rendered":"TCU aprova acordo de solu\u00e7\u00e3o consensual do Aeroporto do Gale\u00e3o"},"content":{"rendered":"\n<p class=\"has-text-align-right\"><strong>Sheyla Santos, da Ag\u00eancia iNFRA<\/strong><\/p>\n\n\n\n<p>O TCU (Tribunal de Contas da Uni\u00e3o) aprovou a repactua\u00e7\u00e3o do contrato de concess\u00e3o do Aeroporto do Gale\u00e3o (RJ), administrado pela RIOgale\u00e3o. O acordo firmado na SecexConsenso, c\u00e2mara de solu\u00e7\u00e3o consensual da corte, d\u00e1 andamento a uma discuss\u00e3o relevante para a avia\u00e7\u00e3o civil, envolvendo o segundo maior aeroporto do pa\u00eds em movimento internacional. O caso foi relatado pelo ministro Augusto Nardes.<\/p>\n\n\n\n<p>A aprova\u00e7\u00e3o far\u00e1 com que Gale\u00e3o estreie o processo competitivo para troca de controle em solu\u00e7\u00f5es consensuais no setor aeroportu\u00e1rio. A tentativa com o Aeroporto de Viracopos (SP) n\u00e3o chegou a acordo na SecexConsenso.<\/p>\n\n\n\n<p>O acordo, aprovado nesta quarta-feira (4)&nbsp;pelos ministros do tribunal, abre a possibilidade de a atual concession\u00e1ria se manter no ativo, inclui a realiza\u00e7\u00e3o de um novo processo competitivo e estabelece regras de compensa\u00e7\u00e3o financeira. O novo arranjo tamb\u00e9m prev\u00ea a exclus\u00e3o da constru\u00e7\u00e3o de uma terceira pista de pouso e decolagem no aeroporto, a sa\u00edda da Infraero, que det\u00e9m 49% do controle da RIOgale\u00e3o \u2013 os outros 51% s\u00e3o detidos pela Changi \u2013&nbsp;e uma mudan\u00e7a nas outorgas, que deixar\u00e3o de ser fixas.<\/p>\n\n\n\n<p>A sa\u00edda da Infraero foi acordada em R$ 502 milh\u00f5es. O valor considera aspectos como a indeniza\u00e7\u00e3o de bens revers\u00edveis, reequil\u00edbrios econ\u00f4mico-financeiros, outorgas devidas, al\u00e9m de financiamentos e outras diverg\u00eancias. Segundo o TCU, a sa\u00edda da estatal visa alinhar as concess\u00f5es de aeroportos \u00e0s diretrizes do PPI (Programa de Parcerias de Investimentos), da Casa Civil, \u00e0s pol\u00edticas p\u00fablicas do MPor (Minist\u00e9rio de Portos e Aeroportos) e evitar aportes do OGU (Or\u00e7amento Geral da Uni\u00e3o) para sustentar a participa\u00e7\u00e3o da Infraero.<\/p>\n\n\n\n<p>O atual contrato de concess\u00e3o tamb\u00e9m previa a constru\u00e7\u00e3o de uma terceira pista de pouso e decolagem no aeroporto, que deveria ser operacionalizada quando a demanda atingisse 262.900 movimentos anuais. Como a movimenta\u00e7\u00e3o aeroportu\u00e1ria de 2024 ficou abaixo do previsto e as proje\u00e7\u00f5es realizadas n\u00e3o esperam que o aeroporto atinja esse gatilho de demanda at\u00e9 2039, a obriga\u00e7\u00e3o foi retirada.<\/p>\n\n\n\n<p>Outra mudan\u00e7a acordada no \u00e2mbito do TCU envolve as outorgas, que deixam de ser fixas. De acordo com as novas regras, a concession\u00e1ria que adquirir o direito de explora\u00e7\u00e3o do Gale\u00e3o dever\u00e1 pagar \u00e0 Uni\u00e3o uma contribui\u00e7\u00e3o vari\u00e1vel anual equivalente a 20% do faturamento bruto da concess\u00e3o at\u00e9 2039.<\/p>\n\n\n\n<p>A concession\u00e1ria do Gale\u00e3o vinha apontando nos \u00faltimos anos para uma estagna\u00e7\u00e3o na queda da movimenta\u00e7\u00e3o de passageiros no aeroporto, que contrariava as previs\u00f5es de crescimento estimadas nos estudos de viabilidade da concess\u00e3o. A queda severa na movimenta\u00e7\u00e3o no aeroporto por conta da Covid-19 culminou em um pedido da empresa para relicitar o ativo em 2022.&nbsp;<\/p>\n\n\n\n<p>Durante as discuss\u00f5es para a nova concess\u00e3o, chegou a ser aventada a inclus\u00e3o do Aeroporto Santos Dumont, tamb\u00e9m localizado no Rio Janeiro, no mesmo bloco de concess\u00e3o. Por\u00e9m, diante de nova decis\u00e3o do TCU, em 2023, acerca das condi\u00e7\u00f5es para o encerramento da relicita\u00e7\u00e3o, a empresa manifestou interesse em permanecer na opera\u00e7\u00e3o, que se encerra em 2039.&nbsp;<\/p>\n\n\n\n<p><strong>Processo competitivo<\/strong><br>A solu\u00e7\u00e3o consensual, proposta para a concess\u00e3o, inclui a realiza\u00e7\u00e3o de um processo competitivo chamado de &#8220;venda assistida&#8221; ou \u201cteste de mercado\u201d. O objetivo do procedimento, segundo a corte, \u00e9 testar a adequa\u00e7\u00e3o econ\u00f4mico-financeira do contrato repactuado, garantindo isonomia e transpar\u00eancia.<\/p>\n\n\n\n<p>Segundo o tribunal, a medida foi considerada essencial por conta das significativas altera\u00e7\u00f5es contratuais, que incluem \u201cmudan\u00e7as na reparti\u00e7\u00e3o de riscos e na estrutura regulat\u00f3ria\u201d e otimiza\u00e7\u00f5es para tornar o contrato mais sustent\u00e1vel e atrativo para o mercado. Na pr\u00e1tica, o procedimento consiste na oferta da totalidade das a\u00e7\u00f5es da SPE (Sociedade de Prop\u00f3sito Espec\u00edfico) ao mercado, em um processo semelhante ao de um leil\u00e3o p\u00fablico.&nbsp;<\/p>\n\n\n\n<p>O crit\u00e9rio de sele\u00e7\u00e3o ser\u00e1 o maior valor de contribui\u00e7\u00e3o inicial, com valor m\u00ednimo estipulado em R$ 932,8 milh\u00f5es, a pre\u00e7os de julho de 2025. A atual controladora da concession\u00e1ria RIOgale\u00e3o poder\u00e1 participar em igualdade de condi\u00e7\u00f5es com os demais interessados, exceto pela dispensa de garantia de proposta. Caso n\u00e3o haja outros proponentes, a atual controladora ser\u00e1 declarada vencedora e dever\u00e1 assinar o Termo Aditivo de Repactua\u00e7\u00e3o nos termos acordados. H\u00e1 expectativa de uma forte disputa pela unidade.<\/p>\n\n\n\n<p>O TCU recomendou ao MPor (Minist\u00e9rio de Portos e Aeroportos) e \u00e0 ANAC (Ag\u00eancia Nacional de Avia\u00e7\u00e3o Civil) que, al\u00e9m da consulta p\u00fablica prevista para divulgar informa\u00e7\u00f5es dos potenciais interessados no processo competitivo, adotem medidas para garantir a transpar\u00eancia das modifica\u00e7\u00f5es ajustadas tanto \u00e0 sociedade como aos usu\u00e1rios.<\/p>\n\n\n\n<p><strong>Santos Dumont<\/strong><br>O acordo aprovado pelo TCU prev\u00ea um mecanismo de compensa\u00e7\u00e3o financeira por conta das restri\u00e7\u00f5es impostas, desde o in\u00edcio de 2024, \u00e0 movimenta\u00e7\u00e3o a\u00e9rea no Aeroporto Santos Dumont. O c\u00e1lculo da referida compensa\u00e7\u00e3o dever\u00e1 ser feito pela ANAC, levando em considera\u00e7\u00e3o a proje\u00e7\u00e3o acordada no TCU.<\/p>\n\n\n\n<p>A capacidade do Aeroporto Santos Dumont est\u00e1 atualmente limitada a 6,5 milh\u00f5es de passageiros por ano. Caso essa restri\u00e7\u00e3o seja mantida, caber\u00e1 \u00e0 nova concession\u00e1ria do Gale\u00e3o compensar financeiramente a Uni\u00e3o pelo benef\u00edcio econ\u00f4mico positivo que a limita\u00e7\u00e3o ao Santos Dumont lhe proporcionou. De acordo com o TCU, a concession\u00e1ria que adquirir o direito de explora\u00e7\u00e3o do aeroporto dever\u00e1 pagar \u00e0 Uni\u00e3o uma contribui\u00e7\u00e3o vari\u00e1vel anual equivalente a 20% do faturamento bruto da concess\u00e3o at\u00e9 2039.<\/p>\n\n\n\n<p>O MPor afirmou, em nota, que o acordo viabiliza a manuten\u00e7\u00e3o das melhorias previstas na concess\u00e3o do Gale\u00e3o e d\u00e1 seguran\u00e7a jur\u00eddica aos investidores, que poder\u00e3o projetar crescimento de movimenta\u00e7\u00e3o e receita esperada. A pasta destacou que a decis\u00e3o \u201cgarante a sustentabilidade econ\u00f4mica dos dois aeroportos do Rio de Janeiro\u201d.<\/p>\n\n\n\n<p>*<em>Reportagem atualizada ap\u00f3s publica\u00e7\u00e3o para inclus\u00e3o de novas informa\u00e7\u00f5es.<\/em><\/p>\n","protected":false},"excerpt":{"rendered":"<p>Sheyla Santos, da Ag\u00eancia iNFRA O TCU (Tribunal de Contas da Uni\u00e3o) aprovou a repactua\u00e7\u00e3o do contrato de concess\u00e3o do Aeroporto do Gale\u00e3o (RJ), administrado pela RIOgale\u00e3o. O acordo firmado na SecexConsenso, c\u00e2mara de solu\u00e7\u00e3o consensual da corte, d\u00e1 andamento a uma discuss\u00e3o relevante para a avia\u00e7\u00e3o civil, envolvendo o segundo maior aeroporto do pa\u00eds [&hellip;]<\/p>\n","protected":false},"author":1,"featured_media":6355,"comment_status":"closed","ping_status":"closed","sticky":false,"template":"","format":"standard","meta":{"_monsterinsights_skip_tracking":false,"_monsterinsights_sitenote_active":false,"_monsterinsights_sitenote_note":"","_monsterinsights_sitenote_category":0,"footnotes":""},"categories":[7250,1,7],"tags":[2128,6636,242,822,4226,3050,6257,8838,18,927],"class_list":["post-22486","post","type-post","status-publish","format-standard","has-post-thumbnail","hentry","category-destaque-lista","category-geral","category-infratransporte","tag-aeroporto-do-galeao","tag-agencia-nacional-de-aviacao-civil","tag-anac","tag-augusto-nardes","tag-changi","tag-galeao","tag-ministerio-de-portos-e-aeroportos","tag-sheyla-santos","tag-tcu","tag-tribunal-de-contas-da-uniao"],"yoast_head":"<!-- This site is optimized with the Yoast SEO Premium plugin v25.4 (Yoast SEO v26.0) - https:\/\/yoast.com\/wordpress\/plugins\/seo\/ -->\n<title>TCU aprova acordo de solu\u00e7\u00e3o consensual do Aeroporto do Gale\u00e3o - Ag\u00eancia iNFRA<\/title>\n<meta name=\"robots\" content=\"index, follow, max-snippet:-1, max-image-preview:large, max-video-preview:-1\" \/>\n<link rel=\"canonical\" href=\"https:\/\/agenciainfra.com\/blog\/tcu-aprova-acordo-de-solucao-consensual-do-aeroporto-do-galeao\/\" \/>\n<meta property=\"og:locale\" content=\"pt_BR\" \/>\n<meta property=\"og:type\" content=\"article\" \/>\n<meta property=\"og:title\" content=\"TCU aprova acordo de solu\u00e7\u00e3o consensual do Aeroporto do Gale\u00e3o\" \/>\n<meta property=\"og:description\" content=\"Sheyla Santos, da Ag\u00eancia iNFRA O TCU (Tribunal de Contas da Uni\u00e3o) aprovou a repactua\u00e7\u00e3o do contrato de concess\u00e3o do Aeroporto do Gale\u00e3o (RJ), administrado pela RIOgale\u00e3o. O acordo firmado na SecexConsenso, c\u00e2mara de solu\u00e7\u00e3o consensual da corte, d\u00e1 andamento a uma discuss\u00e3o relevante para a avia\u00e7\u00e3o civil, envolvendo o segundo maior aeroporto do pa\u00eds [&hellip;]\" \/>\n<meta property=\"og:url\" content=\"https:\/\/agenciainfra.com\/blog\/tcu-aprova-acordo-de-solucao-consensual-do-aeroporto-do-galeao\/\" \/>\n<meta property=\"og:site_name\" content=\"Ag\u00eancia iNFRA\" \/>\n<meta property=\"article:publisher\" content=\"https:\/\/www.facebook.com\/ageninfra\" \/>\n<meta property=\"article:published_time\" content=\"2025-06-04T19:50:29+00:00\" \/>\n<meta property=\"article:modified_time\" content=\"2025-06-05T18:03:25+00:00\" \/>\n<meta property=\"og:image\" content=\"https:\/\/agenciainfra.com\/blog\/wp-content\/uploads\/2020\/11\/aeroporto-galeao-foto-ministerio-do-esporte.jpg\" \/>\n\t<meta property=\"og:image:width\" content=\"1280\" \/>\n\t<meta property=\"og:image:height\" content=\"950\" \/>\n\t<meta property=\"og:image:type\" content=\"image\/jpeg\" \/>\n<meta name=\"author\" content=\"Ag\u00eancia iNFRA\" \/>\n<meta name=\"twitter:card\" content=\"summary_large_image\" \/>\n<meta name=\"twitter:creator\" content=\"@agencia_infra\" \/>\n<meta name=\"twitter:site\" content=\"@agencia_infra\" \/>\n<meta name=\"twitter:label1\" content=\"Escrito por\" \/>\n\t<meta name=\"twitter:data1\" content=\"Ag\u00eancia iNFRA\" \/>\n\t<meta name=\"twitter:label2\" content=\"Est. tempo de leitura\" \/>\n\t<meta name=\"twitter:data2\" content=\"5 minutos\" \/>\n<script type=\"application\/ld+json\" class=\"yoast-schema-graph\">{\"@context\":\"https:\/\/schema.org\",\"@graph\":[{\"@type\":\"Article\",\"@id\":\"https:\/\/agenciainfra.com\/blog\/tcu-aprova-acordo-de-solucao-consensual-do-aeroporto-do-galeao\/#article\",\"isPartOf\":{\"@id\":\"https:\/\/agenciainfra.com\/blog\/tcu-aprova-acordo-de-solucao-consensual-do-aeroporto-do-galeao\/\"},\"author\":{\"name\":\"Ag\u00eancia iNFRA\",\"@id\":\"https:\/\/agenciainfra.com\/blog\/#\/schema\/person\/34af08dff6adea4cb22b06612ba7acfa\"},\"headline\":\"TCU aprova acordo de solu\u00e7\u00e3o consensual do Aeroporto do Gale\u00e3o\",\"datePublished\":\"2025-06-04T19:50:29+00:00\",\"dateModified\":\"2025-06-05T18:03:25+00:00\",\"mainEntityOfPage\":{\"@id\":\"https:\/\/agenciainfra.com\/blog\/tcu-aprova-acordo-de-solucao-consensual-do-aeroporto-do-galeao\/\"},\"wordCount\":1045,\"publisher\":{\"@id\":\"https:\/\/agenciainfra.com\/blog\/#organization\"},\"image\":{\"@id\":\"https:\/\/agenciainfra.com\/blog\/tcu-aprova-acordo-de-solucao-consensual-do-aeroporto-do-galeao\/#primaryimage\"},\"thumbnailUrl\":\"https:\/\/agenciainfra.com\/blog\/wp-content\/uploads\/2020\/11\/aeroporto-galeao-foto-ministerio-do-esporte.jpg\",\"keywords\":[\"Aeroporto do Gale\u00e3o\",\"Ag\u00eancia Nacional de Avia\u00e7\u00e3o Civil\",\"ANAC\",\"Augusto Nardes\",\"Changi\",\"Gale\u00e3o\",\"Minist\u00e9rio de Portos e Aeroportos\",\"Sheyla Santos\",\"TCU\",\"Tribunal de Contas da Uni\u00e3o\"],\"articleSection\":[\"Destaque lista\",\"Geral\",\"iNFRATransporte\"],\"inLanguage\":\"pt-BR\",\"copyrightYear\":\"2025\",\"copyrightHolder\":{\"@id\":\"https:\/\/agenciainfra.com\/blog\/#organization\"}},{\"@type\":\"WebPage\",\"@id\":\"https:\/\/agenciainfra.com\/blog\/tcu-aprova-acordo-de-solucao-consensual-do-aeroporto-do-galeao\/\",\"url\":\"https:\/\/agenciainfra.com\/blog\/tcu-aprova-acordo-de-solucao-consensual-do-aeroporto-do-galeao\/\",\"name\":\"TCU aprova acordo de solu\u00e7\u00e3o consensual do Aeroporto do Gale\u00e3o - Ag\u00eancia iNFRA\",\"isPartOf\":{\"@id\":\"https:\/\/agenciainfra.com\/blog\/#website\"},\"primaryImageOfPage\":{\"@id\":\"https:\/\/agenciainfra.com\/blog\/tcu-aprova-acordo-de-solucao-consensual-do-aeroporto-do-galeao\/#primaryimage\"},\"image\":{\"@id\":\"https:\/\/agenciainfra.com\/blog\/tcu-aprova-acordo-de-solucao-consensual-do-aeroporto-do-galeao\/#primaryimage\"},\"thumbnailUrl\":\"https:\/\/agenciainfra.com\/blog\/wp-content\/uploads\/2020\/11\/aeroporto-galeao-foto-ministerio-do-esporte.jpg\",\"datePublished\":\"2025-06-04T19:50:29+00:00\",\"dateModified\":\"2025-06-05T18:03:25+00:00\",\"breadcrumb\":{\"@id\":\"https:\/\/agenciainfra.com\/blog\/tcu-aprova-acordo-de-solucao-consensual-do-aeroporto-do-galeao\/#breadcrumb\"},\"inLanguage\":\"pt-BR\",\"potentialAction\":[{\"@type\":\"ReadAction\",\"target\":[\"https:\/\/agenciainfra.com\/blog\/tcu-aprova-acordo-de-solucao-consensual-do-aeroporto-do-galeao\/\"]}]},{\"@type\":\"ImageObject\",\"inLanguage\":\"pt-BR\",\"@id\":\"https:\/\/agenciainfra.com\/blog\/tcu-aprova-acordo-de-solucao-consensual-do-aeroporto-do-galeao\/#primaryimage\",\"url\":\"https:\/\/agenciainfra.com\/blog\/wp-content\/uploads\/2020\/11\/aeroporto-galeao-foto-ministerio-do-esporte.jpg\",\"contentUrl\":\"https:\/\/agenciainfra.com\/blog\/wp-content\/uploads\/2020\/11\/aeroporto-galeao-foto-ministerio-do-esporte.jpg\",\"width\":1280,\"height\":950,\"caption\":\"Foto: Minist\u00e9rio do Esporte\"},{\"@type\":\"BreadcrumbList\",\"@id\":\"https:\/\/agenciainfra.com\/blog\/tcu-aprova-acordo-de-solucao-consensual-do-aeroporto-do-galeao\/#breadcrumb\",\"itemListElement\":[{\"@type\":\"ListItem\",\"position\":1,\"name\":\"In\u00edcio\",\"item\":\"https:\/\/agenciainfra.com\/blog\/\"},{\"@type\":\"ListItem\",\"position\":2,\"name\":\"TCU aprova acordo de solu\u00e7\u00e3o consensual do Aeroporto do Gale\u00e3o\"}]},{\"@type\":\"WebSite\",\"@id\":\"https:\/\/agenciainfra.com\/blog\/#website\",\"url\":\"https:\/\/agenciainfra.com\/blog\/\",\"name\":\"Ag\u00eancia iNFRA\",\"description\":\"Multiplataforma de informa\u00e7\u00e3o jornal\u00edstica refer\u00eancia na \u00e1rea de infraestrutura no Brasil!\",\"publisher\":{\"@id\":\"https:\/\/agenciainfra.com\/blog\/#organization\"},\"potentialAction\":[{\"@type\":\"SearchAction\",\"target\":{\"@type\":\"EntryPoint\",\"urlTemplate\":\"https:\/\/agenciainfra.com\/blog\/?s={search_term_string}\"},\"query-input\":{\"@type\":\"PropertyValueSpecification\",\"valueRequired\":true,\"valueName\":\"search_term_string\"}}],\"inLanguage\":\"pt-BR\"},{\"@type\":\"Organization\",\"@id\":\"https:\/\/agenciainfra.com\/blog\/#organization\",\"name\":\"Ag\u00eancia iNFRA\",\"url\":\"https:\/\/agenciainfra.com\/blog\/\",\"logo\":{\"@type\":\"ImageObject\",\"inLanguage\":\"pt-BR\",\"@id\":\"https:\/\/agenciainfra.com\/blog\/#\/schema\/logo\/image\/\",\"url\":\"https:\/\/agenciainfra.com\/blog\/wp-content\/uploads\/2023\/09\/iNFRA_5-e1761735885940.png\",\"contentUrl\":\"https:\/\/agenciainfra.com\/blog\/wp-content\/uploads\/2023\/09\/iNFRA_5-e1761735885940.png\",\"width\":1672,\"height\":454,\"caption\":\"Ag\u00eancia iNFRA\"},\"image\":{\"@id\":\"https:\/\/agenciainfra.com\/blog\/#\/schema\/logo\/image\/\"},\"sameAs\":[\"https:\/\/www.facebook.com\/ageninfra\",\"https:\/\/x.com\/agencia_infra\",\"https:\/\/www.linkedin.com\/company\/ag\u00eanciainfra\/\",\"https:\/\/www.instagram.com\/agenciainfra\/\"]},{\"@type\":\"Person\",\"@id\":\"https:\/\/agenciainfra.com\/blog\/#\/schema\/person\/34af08dff6adea4cb22b06612ba7acfa\",\"name\":\"Ag\u00eancia iNFRA\",\"image\":{\"@type\":\"ImageObject\",\"inLanguage\":\"pt-BR\",\"@id\":\"https:\/\/agenciainfra.com\/blog\/#\/schema\/person\/image\/\",\"url\":\"https:\/\/secure.gravatar.com\/avatar\/d189e01678f06d8eb84d4e01f08eb848b3fffe3f8443818d3c356c66892f5be8?s=96&d=mm&r=g\",\"contentUrl\":\"https:\/\/secure.gravatar.com\/avatar\/d189e01678f06d8eb84d4e01f08eb848b3fffe3f8443818d3c356c66892f5be8?s=96&d=mm&r=g\",\"caption\":\"Ag\u00eancia iNFRA\"},\"url\":\"https:\/\/agenciainfra.com\/blog\/author\/admin\/\"}]}<\/script>\n<!-- \/ Yoast SEO Premium plugin. -->","yoast_head_json":{"title":"TCU aprova acordo de solu\u00e7\u00e3o consensual do Aeroporto do Gale\u00e3o - Ag\u00eancia iNFRA","robots":{"index":"index","follow":"follow","max-snippet":"max-snippet:-1","max-image-preview":"max-image-preview:large","max-video-preview":"max-video-preview:-1"},"canonical":"https:\/\/agenciainfra.com\/blog\/tcu-aprova-acordo-de-solucao-consensual-do-aeroporto-do-galeao\/","og_locale":"pt_BR","og_type":"article","og_title":"TCU aprova acordo de solu\u00e7\u00e3o consensual do Aeroporto do Gale\u00e3o","og_description":"Sheyla Santos, da Ag\u00eancia iNFRA O TCU (Tribunal de Contas da Uni\u00e3o) aprovou a repactua\u00e7\u00e3o do contrato de concess\u00e3o do Aeroporto do Gale\u00e3o (RJ), administrado pela RIOgale\u00e3o. O acordo firmado na SecexConsenso, c\u00e2mara de solu\u00e7\u00e3o consensual da corte, d\u00e1 andamento a uma discuss\u00e3o relevante para a avia\u00e7\u00e3o civil, envolvendo o segundo maior aeroporto do pa\u00eds [&hellip;]","og_url":"https:\/\/agenciainfra.com\/blog\/tcu-aprova-acordo-de-solucao-consensual-do-aeroporto-do-galeao\/","og_site_name":"Ag\u00eancia iNFRA","article_publisher":"https:\/\/www.facebook.com\/ageninfra","article_published_time":"2025-06-04T19:50:29+00:00","article_modified_time":"2025-06-05T18:03:25+00:00","og_image":[{"width":1280,"height":950,"url":"https:\/\/agenciainfra.com\/blog\/wp-content\/uploads\/2020\/11\/aeroporto-galeao-foto-ministerio-do-esporte.jpg","type":"image\/jpeg"}],"author":"Ag\u00eancia iNFRA","twitter_card":"summary_large_image","twitter_creator":"@agencia_infra","twitter_site":"@agencia_infra","twitter_misc":{"Escrito por":"Ag\u00eancia iNFRA","Est. tempo de leitura":"5 minutos"},"schema":{"@context":"https:\/\/schema.org","@graph":[{"@type":"Article","@id":"https:\/\/agenciainfra.com\/blog\/tcu-aprova-acordo-de-solucao-consensual-do-aeroporto-do-galeao\/#article","isPartOf":{"@id":"https:\/\/agenciainfra.com\/blog\/tcu-aprova-acordo-de-solucao-consensual-do-aeroporto-do-galeao\/"},"author":{"name":"Ag\u00eancia iNFRA","@id":"https:\/\/agenciainfra.com\/blog\/#\/schema\/person\/34af08dff6adea4cb22b06612ba7acfa"},"headline":"TCU aprova acordo de solu\u00e7\u00e3o consensual do Aeroporto do Gale\u00e3o","datePublished":"2025-06-04T19:50:29+00:00","dateModified":"2025-06-05T18:03:25+00:00","mainEntityOfPage":{"@id":"https:\/\/agenciainfra.com\/blog\/tcu-aprova-acordo-de-solucao-consensual-do-aeroporto-do-galeao\/"},"wordCount":1045,"publisher":{"@id":"https:\/\/agenciainfra.com\/blog\/#organization"},"image":{"@id":"https:\/\/agenciainfra.com\/blog\/tcu-aprova-acordo-de-solucao-consensual-do-aeroporto-do-galeao\/#primaryimage"},"thumbnailUrl":"https:\/\/agenciainfra.com\/blog\/wp-content\/uploads\/2020\/11\/aeroporto-galeao-foto-ministerio-do-esporte.jpg","keywords":["Aeroporto do Gale\u00e3o","Ag\u00eancia Nacional de Avia\u00e7\u00e3o Civil","ANAC","Augusto Nardes","Changi","Gale\u00e3o","Minist\u00e9rio de Portos e Aeroportos","Sheyla Santos","TCU","Tribunal de Contas da Uni\u00e3o"],"articleSection":["Destaque lista","Geral","iNFRATransporte"],"inLanguage":"pt-BR","copyrightYear":"2025","copyrightHolder":{"@id":"https:\/\/agenciainfra.com\/blog\/#organization"}},{"@type":"WebPage","@id":"https:\/\/agenciainfra.com\/blog\/tcu-aprova-acordo-de-solucao-consensual-do-aeroporto-do-galeao\/","url":"https:\/\/agenciainfra.com\/blog\/tcu-aprova-acordo-de-solucao-consensual-do-aeroporto-do-galeao\/","name":"TCU aprova acordo de solu\u00e7\u00e3o consensual do Aeroporto do Gale\u00e3o - Ag\u00eancia iNFRA","isPartOf":{"@id":"https:\/\/agenciainfra.com\/blog\/#website"},"primaryImageOfPage":{"@id":"https:\/\/agenciainfra.com\/blog\/tcu-aprova-acordo-de-solucao-consensual-do-aeroporto-do-galeao\/#primaryimage"},"image":{"@id":"https:\/\/agenciainfra.com\/blog\/tcu-aprova-acordo-de-solucao-consensual-do-aeroporto-do-galeao\/#primaryimage"},"thumbnailUrl":"https:\/\/agenciainfra.com\/blog\/wp-content\/uploads\/2020\/11\/aeroporto-galeao-foto-ministerio-do-esporte.jpg","datePublished":"2025-06-04T19:50:29+00:00","dateModified":"2025-06-05T18:03:25+00:00","breadcrumb":{"@id":"https:\/\/agenciainfra.com\/blog\/tcu-aprova-acordo-de-solucao-consensual-do-aeroporto-do-galeao\/#breadcrumb"},"inLanguage":"pt-BR","potentialAction":[{"@type":"ReadAction","target":["https:\/\/agenciainfra.com\/blog\/tcu-aprova-acordo-de-solucao-consensual-do-aeroporto-do-galeao\/"]}]},{"@type":"ImageObject","inLanguage":"pt-BR","@id":"https:\/\/agenciainfra.com\/blog\/tcu-aprova-acordo-de-solucao-consensual-do-aeroporto-do-galeao\/#primaryimage","url":"https:\/\/agenciainfra.com\/blog\/wp-content\/uploads\/2020\/11\/aeroporto-galeao-foto-ministerio-do-esporte.jpg","contentUrl":"https:\/\/agenciainfra.com\/blog\/wp-content\/uploads\/2020\/11\/aeroporto-galeao-foto-ministerio-do-esporte.jpg","width":1280,"height":950,"caption":"Foto: Minist\u00e9rio do Esporte"},{"@type":"BreadcrumbList","@id":"https:\/\/agenciainfra.com\/blog\/tcu-aprova-acordo-de-solucao-consensual-do-aeroporto-do-galeao\/#breadcrumb","itemListElement":[{"@type":"ListItem","position":1,"name":"In\u00edcio","item":"https:\/\/agenciainfra.com\/blog\/"},{"@type":"ListItem","position":2,"name":"TCU aprova acordo de solu\u00e7\u00e3o consensual do Aeroporto do Gale\u00e3o"}]},{"@type":"WebSite","@id":"https:\/\/agenciainfra.com\/blog\/#website","url":"https:\/\/agenciainfra.com\/blog\/","name":"Ag\u00eancia iNFRA","description":"Multiplataforma de informa\u00e7\u00e3o jornal\u00edstica refer\u00eancia na \u00e1rea de infraestrutura no Brasil!","publisher":{"@id":"https:\/\/agenciainfra.com\/blog\/#organization"},"potentialAction":[{"@type":"SearchAction","target":{"@type":"EntryPoint","urlTemplate":"https:\/\/agenciainfra.com\/blog\/?s={search_term_string}"},"query-input":{"@type":"PropertyValueSpecification","valueRequired":true,"valueName":"search_term_string"}}],"inLanguage":"pt-BR"},{"@type":"Organization","@id":"https:\/\/agenciainfra.com\/blog\/#organization","name":"Ag\u00eancia iNFRA","url":"https:\/\/agenciainfra.com\/blog\/","logo":{"@type":"ImageObject","inLanguage":"pt-BR","@id":"https:\/\/agenciainfra.com\/blog\/#\/schema\/logo\/image\/","url":"https:\/\/agenciainfra.com\/blog\/wp-content\/uploads\/2023\/09\/iNFRA_5-e1761735885940.png","contentUrl":"https:\/\/agenciainfra.com\/blog\/wp-content\/uploads\/2023\/09\/iNFRA_5-e1761735885940.png","width":1672,"height":454,"caption":"Ag\u00eancia iNFRA"},"image":{"@id":"https:\/\/agenciainfra.com\/blog\/#\/schema\/logo\/image\/"},"sameAs":["https:\/\/www.facebook.com\/ageninfra","https:\/\/x.com\/agencia_infra","https:\/\/www.linkedin.com\/company\/ag\u00eanciainfra\/","https:\/\/www.instagram.com\/agenciainfra\/"]},{"@type":"Person","@id":"https:\/\/agenciainfra.com\/blog\/#\/schema\/person\/34af08dff6adea4cb22b06612ba7acfa","name":"Ag\u00eancia iNFRA","image":{"@type":"ImageObject","inLanguage":"pt-BR","@id":"https:\/\/agenciainfra.com\/blog\/#\/schema\/person\/image\/","url":"https:\/\/secure.gravatar.com\/avatar\/d189e01678f06d8eb84d4e01f08eb848b3fffe3f8443818d3c356c66892f5be8?s=96&d=mm&r=g","contentUrl":"https:\/\/secure.gravatar.com\/avatar\/d189e01678f06d8eb84d4e01f08eb848b3fffe3f8443818d3c356c66892f5be8?s=96&d=mm&r=g","caption":"Ag\u00eancia iNFRA"},"url":"https:\/\/agenciainfra.com\/blog\/author\/admin\/"}]}},"_links":{"self":[{"href":"https:\/\/agenciainfra.com\/blog\/wp-json\/wp\/v2\/posts\/22486","targetHints":{"allow":["GET"]}}],"collection":[{"href":"https:\/\/agenciainfra.com\/blog\/wp-json\/wp\/v2\/posts"}],"about":[{"href":"https:\/\/agenciainfra.com\/blog\/wp-json\/wp\/v2\/types\/post"}],"author":[{"embeddable":true,"href":"https:\/\/agenciainfra.com\/blog\/wp-json\/wp\/v2\/users\/1"}],"replies":[{"embeddable":true,"href":"https:\/\/agenciainfra.com\/blog\/wp-json\/wp\/v2\/comments?post=22486"}],"version-history":[{"count":9,"href":"https:\/\/agenciainfra.com\/blog\/wp-json\/wp\/v2\/posts\/22486\/revisions"}],"predecessor-version":[{"id":22515,"href":"https:\/\/agenciainfra.com\/blog\/wp-json\/wp\/v2\/posts\/22486\/revisions\/22515"}],"wp:featuredmedia":[{"embeddable":true,"href":"https:\/\/agenciainfra.com\/blog\/wp-json\/wp\/v2\/media\/6355"}],"wp:attachment":[{"href":"https:\/\/agenciainfra.com\/blog\/wp-json\/wp\/v2\/media?parent=22486"}],"wp:term":[{"taxonomy":"category","embeddable":true,"href":"https:\/\/agenciainfra.com\/blog\/wp-json\/wp\/v2\/categories?post=22486"},{"taxonomy":"post_tag","embeddable":true,"href":"https:\/\/agenciainfra.com\/blog\/wp-json\/wp\/v2\/tags?post=22486"}],"curies":[{"name":"wp","href":"https:\/\/api.w.org\/{rel}","templated":true}]}}