{"id":22502,"date":"2025-06-05T08:30:00","date_gmt":"2025-06-05T11:30:00","guid":{"rendered":"https:\/\/agenciainfra.com\/blog\/?p=22502"},"modified":"2025-06-05T17:01:07","modified_gmt":"2025-06-05T20:01:07","slug":"mme-trabalha-em-edicao-de-portaria-para-ressarcir-geradores-por-curtailment","status":"publish","type":"post","link":"https:\/\/agenciainfra.com\/blog\/mme-trabalha-em-edicao-de-portaria-para-ressarcir-geradores-por-curtailment\/","title":{"rendered":"MME trabalha em edi\u00e7\u00e3o de portaria para ressarcir geradores por curtailment"},"content":{"rendered":"\n<p class=\"has-text-align-right\"><strong>Marisa Wanzeller, da Ag\u00eancia iNFRA<\/strong><\/p>\n\n\n\n<p>O GT (Grupo de Trabalho) criado pelo MME (Minist\u00e9rio de Minas e Energia) para tratar dos cortes de gera\u00e7\u00e3o obrigat\u00f3rios, conhecidos como curtailment, prepara\u00a0a edi\u00e7\u00e3o de uma portaria ministerial que verse sobre o ressarcimento das perdas financeiras para geradores, disseram fontes da equipe \u00e0 <strong>Ag\u00eancia iNFRA<\/strong>.\u00a0<br><br>A norma ter\u00e1 como objetivo estabelecer diretrizes para que a regula\u00e7\u00e3o dos cortes seja feita conforme estipulado\u00a0na <a href=\"https:\/\/www.planalto.gov.br\/ccivil_03\/_ato2004-2006\/2004\/lei\/l10.848.htm\" target=\"_blank\" rel=\"noreferrer noopener\">Lei 10.848<\/a> e no <a href=\"https:\/\/www.planalto.gov.br\/ccivil_03\/_ato2004-2006\/2004\/decreto\/d5163.htm\" target=\"_blank\" rel=\"noreferrer noopener\">Decreto 5.163<\/a>, ambos de 2004, que abordam o ressarcimento do curtailment. Al\u00e9m disso, estabelecer\u00e1 como deve ser feito o pagamento dos preju\u00edzos aos geradores.\u00a0<br><br>Elbia Gannoum, presidente da Abee\u00f3lica (Associa\u00e7\u00e3o Brasileira de Energia E\u00f3lica), disse \u00e0 <strong>Ag\u00eancia iNFRA<\/strong> que a portaria vir\u00e1 na esteira de um acordo com os agentes, solares e e\u00f3licos, para resolver o caso judicializado.\u00a0<br><br>\u201cO grupo de trabalho tem trazido muitos aperfei\u00e7oamentos t\u00e9cnicos e isso tem sido muito bom. Agora, \u00e9 necess\u00e1ria a emiss\u00e3o de uma portaria para tratar efetivamente dos pagamentos associados ao curtailment. E essa portaria vir\u00e1 com o objetivo de trazer as diretrizes de como esse pagamento \u00e9 feito e vai propor um acordo com os agentes para que eles retirem a a\u00e7\u00e3o judicial&#8221;, declarou.<br><br><strong>Decreto<\/strong><br>A possibilidade de decreto presidencial para tratar do curtailment foi aventada no setor. Na avalia\u00e7\u00e3o de fontes a par do assunto, um decreto seria mais robusto e configuraria maior seguran\u00e7a \u00e0 medida, uma vez que est\u00e1 acima da portaria na hierarquia legislativa.<br><br>Contudo, o entendimento que prevalece no GT, segundo interlocutores, \u00e9 de que n\u00e3o h\u00e1 necessidade de altera\u00e7\u00f5es nas legisla\u00e7\u00f5es j\u00e1 vigentes que versam sobre os cortes. Portanto, a portaria atender\u00e1 a necessidade de &#8220;dar os caminhos para a regula\u00e7\u00e3o na ANEEL&#8221;. \u00a0<br><br><strong>Retroatividade<\/strong><br>O pleito dos geradores \u00e9 para que sejam ressarcidos em cerca de R$ 3 bilh\u00f5es, o que representa o preju\u00edzo causado pelos cortes desde 2021, com aumento significativo a partir do apag\u00e3o ocorrido em agosto de 2023. No entanto, ainda n\u00e3o est\u00e1 claro se o pagamento disposto na portaria ser\u00e1 retroativo, disseram fontes.\u00a0<br><br>A presidente da Abee\u00f3lica disse ainda em abril que o ministro Alexandre Silveira prometeu aos agentes a publica\u00e7\u00e3o de um instrumento para tratar de solu\u00e7\u00e3o que envolve \u201cpassado, presente e futuro&#8221;.<br><br><strong>Judicializa\u00e7\u00e3o<\/strong><br>A associa\u00e7\u00e3o de e\u00f3licas, junto \u00e0 Absolar (Associa\u00e7\u00e3o Brasileira de Energia Solar Fotovoltaica), trava uma disputa judicial com a ANEEL (Ag\u00eancia Nacional de Energia El\u00e9trica) a fim de que tenham direito ao ressarcimento pelos cortes. O argumento \u00e9 que a reguladora limitou indevidamente, por meio de resolu\u00e7\u00f5es normativas, o direito \u00e0 compensa\u00e7\u00e3o financeira aos agentes, autorizando-as apenas para eventos classificados como raz\u00e3o de indisponibilidade externa e ao impor franquias de horas para concess\u00e3o ao pagamento.<br><br><strong>Hidrel\u00e9tricas<\/strong><br>A Abrage, associa\u00e7\u00e3o que representa grandes UHEs, solicitou ao MME que o GT tratasse tamb\u00e9m dos cortes em hidrel\u00e9tricas, uma vez que elas representam 86% dos cortes de gera\u00e7\u00e3o nos \u00faltimos tr\u00eas anos, segundo afirmam. No entanto, a tend\u00eancia \u00e9 que tais usinas n\u00e3o sejam atendidas pela portaria em elabora\u00e7\u00e3o.\u00a0<br><br>Isso porque os cortes em hidrel\u00e9tricas n\u00e3o\u00a0s\u00e3o regulamentados pela ANEEL, portanto, n\u00e3o h\u00e1 o que se determinar, dizem interlocutores. \u201cA portaria deve ser pontual, associada \u00e0 e\u00f3lica e solar, tendo em vista a regula\u00e7\u00e3o n\u00e3o satisfeita e uma a\u00e7\u00e3o judicial&#8221;, explicou\u00a0uma fonte.<\/p>\n","protected":false},"excerpt":{"rendered":"<p>Marisa Wanzeller, da Ag\u00eancia iNFRA O GT (Grupo de Trabalho) criado pelo MME (Minist\u00e9rio de Minas e Energia) para tratar dos cortes de gera\u00e7\u00e3o obrigat\u00f3rios, conhecidos como curtailment, prepara\u00a0a edi\u00e7\u00e3o de uma portaria ministerial que verse sobre o ressarcimento das perdas financeiras para geradores, disseram fontes da equipe \u00e0 Ag\u00eancia iNFRA.\u00a0 A norma ter\u00e1 como [&hellip;]<\/p>\n","protected":false},"author":1,"featured_media":8226,"comment_status":"closed","ping_status":"closed","sticky":false,"template":"","format":"standard","meta":{"_monsterinsights_skip_tracking":false,"_monsterinsights_sitenote_active":false,"_monsterinsights_sitenote_note":"","_monsterinsights_sitenote_category":0,"footnotes":""},"categories":[7250,1,10],"tags":[2215,1335,1385,53,5540,11474,13629,1113,25,2803,659,572,2971,7366,71],"class_list":["post-22502","post","type-post","status-publish","format-standard","has-post-thumbnail","hentry","category-destaque-lista","category-geral","category-infraenergia","tag-abeeolica-2","tag-abrage","tag-absolar","tag-aneel","tag-comercializacao-de-energia","tag-curtailment","tag-decreto-5-163-2004","tag-elbia-gannoum","tag-energia","tag-geracao-de-energia","tag-geradores","tag-judicializacao","tag-lei-10-848-2004","tag-marisa-wanzeller","tag-mme"],"yoast_head":"<!-- This site is optimized with the Yoast SEO Premium plugin v25.4 (Yoast SEO v26.0) - https:\/\/yoast.com\/wordpress\/plugins\/seo\/ -->\n<title>MME trabalha em edi\u00e7\u00e3o de portaria para ressarcir geradores por curtailment - Ag\u00eancia iNFRA<\/title>\n<meta name=\"robots\" content=\"index, follow, max-snippet:-1, max-image-preview:large, max-video-preview:-1\" \/>\n<link rel=\"canonical\" href=\"https:\/\/agenciainfra.com\/blog\/mme-trabalha-em-edicao-de-portaria-para-ressarcir-geradores-por-curtailment\/\" \/>\n<meta property=\"og:locale\" content=\"pt_BR\" \/>\n<meta property=\"og:type\" content=\"article\" \/>\n<meta property=\"og:title\" content=\"MME trabalha em edi\u00e7\u00e3o de portaria para ressarcir geradores por curtailment\" \/>\n<meta property=\"og:description\" content=\"Marisa Wanzeller, da Ag\u00eancia iNFRA O GT (Grupo de Trabalho) criado pelo MME (Minist\u00e9rio de Minas e Energia) para tratar dos cortes de gera\u00e7\u00e3o obrigat\u00f3rios, conhecidos como curtailment, prepara\u00a0a edi\u00e7\u00e3o de uma portaria ministerial que verse sobre o ressarcimento das perdas financeiras para geradores, disseram fontes da equipe \u00e0 Ag\u00eancia iNFRA.\u00a0 A norma ter\u00e1 como [&hellip;]\" \/>\n<meta property=\"og:url\" content=\"https:\/\/agenciainfra.com\/blog\/mme-trabalha-em-edicao-de-portaria-para-ressarcir-geradores-por-curtailment\/\" \/>\n<meta property=\"og:site_name\" content=\"Ag\u00eancia iNFRA\" \/>\n<meta property=\"article:publisher\" content=\"https:\/\/www.facebook.com\/ageninfra\" \/>\n<meta property=\"article:published_time\" content=\"2025-06-05T11:30:00+00:00\" \/>\n<meta property=\"article:modified_time\" content=\"2025-06-05T20:01:07+00:00\" \/>\n<meta property=\"og:image\" content=\"https:\/\/agenciainfra.com\/blog\/wp-content\/uploads\/2021\/09\/geracao-distribuida-foto-dominio-publico-e1748341512698.jpg\" \/>\n\t<meta property=\"og:image:width\" content=\"1280\" \/>\n\t<meta property=\"og:image:height\" content=\"760\" \/>\n\t<meta property=\"og:image:type\" content=\"image\/jpeg\" \/>\n<meta name=\"author\" content=\"Ag\u00eancia iNFRA\" \/>\n<meta name=\"twitter:card\" content=\"summary_large_image\" \/>\n<meta name=\"twitter:creator\" content=\"@agencia_infra\" \/>\n<meta name=\"twitter:site\" content=\"@agencia_infra\" \/>\n<meta name=\"twitter:label1\" content=\"Escrito por\" \/>\n\t<meta name=\"twitter:data1\" content=\"Ag\u00eancia iNFRA\" \/>\n\t<meta name=\"twitter:label2\" content=\"Est. tempo de leitura\" \/>\n\t<meta name=\"twitter:data2\" content=\"3 minutos\" \/>\n<script type=\"application\/ld+json\" class=\"yoast-schema-graph\">{\"@context\":\"https:\/\/schema.org\",\"@graph\":[{\"@type\":\"Article\",\"@id\":\"https:\/\/agenciainfra.com\/blog\/mme-trabalha-em-edicao-de-portaria-para-ressarcir-geradores-por-curtailment\/#article\",\"isPartOf\":{\"@id\":\"https:\/\/agenciainfra.com\/blog\/mme-trabalha-em-edicao-de-portaria-para-ressarcir-geradores-por-curtailment\/\"},\"author\":{\"name\":\"Ag\u00eancia iNFRA\",\"@id\":\"https:\/\/agenciainfra.com\/blog\/#\/schema\/person\/34af08dff6adea4cb22b06612ba7acfa\"},\"headline\":\"MME trabalha em edi\u00e7\u00e3o de portaria para ressarcir geradores por curtailment\",\"datePublished\":\"2025-06-05T11:30:00+00:00\",\"dateModified\":\"2025-06-05T20:01:07+00:00\",\"mainEntityOfPage\":{\"@id\":\"https:\/\/agenciainfra.com\/blog\/mme-trabalha-em-edicao-de-portaria-para-ressarcir-geradores-por-curtailment\/\"},\"wordCount\":588,\"publisher\":{\"@id\":\"https:\/\/agenciainfra.com\/blog\/#organization\"},\"image\":{\"@id\":\"https:\/\/agenciainfra.com\/blog\/mme-trabalha-em-edicao-de-portaria-para-ressarcir-geradores-por-curtailment\/#primaryimage\"},\"thumbnailUrl\":\"https:\/\/agenciainfra.com\/blog\/wp-content\/uploads\/2021\/09\/geracao-distribuida-foto-dominio-publico-e1748341512698.jpg\",\"keywords\":[\"Abee\u00f3lica\",\"Abrage\",\"Absolar\",\"ANEEL\",\"comercializa\u00e7\u00e3o de energia\",\"curtailment\",\"Decreto 5.163\/2004\",\"Elbia Gannoum\",\"energia\",\"gera\u00e7\u00e3o de energia\",\"Geradores\",\"judicializa\u00e7\u00e3o\",\"Lei 10.848\/2004\",\"Marisa Wanzeller\",\"MME\"],\"articleSection\":[\"Destaque lista\",\"Geral\",\"iNFRAEnergia\"],\"inLanguage\":\"pt-BR\",\"copyrightYear\":\"2025\",\"copyrightHolder\":{\"@id\":\"https:\/\/agenciainfra.com\/blog\/#organization\"}},{\"@type\":\"WebPage\",\"@id\":\"https:\/\/agenciainfra.com\/blog\/mme-trabalha-em-edicao-de-portaria-para-ressarcir-geradores-por-curtailment\/\",\"url\":\"https:\/\/agenciainfra.com\/blog\/mme-trabalha-em-edicao-de-portaria-para-ressarcir-geradores-por-curtailment\/\",\"name\":\"MME trabalha em edi\u00e7\u00e3o de portaria para ressarcir geradores por curtailment - Ag\u00eancia iNFRA\",\"isPartOf\":{\"@id\":\"https:\/\/agenciainfra.com\/blog\/#website\"},\"primaryImageOfPage\":{\"@id\":\"https:\/\/agenciainfra.com\/blog\/mme-trabalha-em-edicao-de-portaria-para-ressarcir-geradores-por-curtailment\/#primaryimage\"},\"image\":{\"@id\":\"https:\/\/agenciainfra.com\/blog\/mme-trabalha-em-edicao-de-portaria-para-ressarcir-geradores-por-curtailment\/#primaryimage\"},\"thumbnailUrl\":\"https:\/\/agenciainfra.com\/blog\/wp-content\/uploads\/2021\/09\/geracao-distribuida-foto-dominio-publico-e1748341512698.jpg\",\"datePublished\":\"2025-06-05T11:30:00+00:00\",\"dateModified\":\"2025-06-05T20:01:07+00:00\",\"breadcrumb\":{\"@id\":\"https:\/\/agenciainfra.com\/blog\/mme-trabalha-em-edicao-de-portaria-para-ressarcir-geradores-por-curtailment\/#breadcrumb\"},\"inLanguage\":\"pt-BR\",\"potentialAction\":[{\"@type\":\"ReadAction\",\"target\":[\"https:\/\/agenciainfra.com\/blog\/mme-trabalha-em-edicao-de-portaria-para-ressarcir-geradores-por-curtailment\/\"]}]},{\"@type\":\"ImageObject\",\"inLanguage\":\"pt-BR\",\"@id\":\"https:\/\/agenciainfra.com\/blog\/mme-trabalha-em-edicao-de-portaria-para-ressarcir-geradores-por-curtailment\/#primaryimage\",\"url\":\"https:\/\/agenciainfra.com\/blog\/wp-content\/uploads\/2021\/09\/geracao-distribuida-foto-dominio-publico-e1748341512698.jpg\",\"contentUrl\":\"https:\/\/agenciainfra.com\/blog\/wp-content\/uploads\/2021\/09\/geracao-distribuida-foto-dominio-publico-e1748341512698.jpg\",\"width\":1280,\"height\":760,\"caption\":\"Foto: Dom\u00ednio P\u00fablico\"},{\"@type\":\"BreadcrumbList\",\"@id\":\"https:\/\/agenciainfra.com\/blog\/mme-trabalha-em-edicao-de-portaria-para-ressarcir-geradores-por-curtailment\/#breadcrumb\",\"itemListElement\":[{\"@type\":\"ListItem\",\"position\":1,\"name\":\"In\u00edcio\",\"item\":\"https:\/\/agenciainfra.com\/blog\/\"},{\"@type\":\"ListItem\",\"position\":2,\"name\":\"MME trabalha em edi\u00e7\u00e3o de portaria para ressarcir geradores por curtailment\"}]},{\"@type\":\"WebSite\",\"@id\":\"https:\/\/agenciainfra.com\/blog\/#website\",\"url\":\"https:\/\/agenciainfra.com\/blog\/\",\"name\":\"Ag\u00eancia iNFRA\",\"description\":\"Multiplataforma de informa\u00e7\u00e3o jornal\u00edstica refer\u00eancia na \u00e1rea de infraestrutura no Brasil!\",\"publisher\":{\"@id\":\"https:\/\/agenciainfra.com\/blog\/#organization\"},\"potentialAction\":[{\"@type\":\"SearchAction\",\"target\":{\"@type\":\"EntryPoint\",\"urlTemplate\":\"https:\/\/agenciainfra.com\/blog\/?s={search_term_string}\"},\"query-input\":{\"@type\":\"PropertyValueSpecification\",\"valueRequired\":true,\"valueName\":\"search_term_string\"}}],\"inLanguage\":\"pt-BR\"},{\"@type\":\"Organization\",\"@id\":\"https:\/\/agenciainfra.com\/blog\/#organization\",\"name\":\"Ag\u00eancia iNFRA\",\"url\":\"https:\/\/agenciainfra.com\/blog\/\",\"logo\":{\"@type\":\"ImageObject\",\"inLanguage\":\"pt-BR\",\"@id\":\"https:\/\/agenciainfra.com\/blog\/#\/schema\/logo\/image\/\",\"url\":\"https:\/\/agenciainfra.com\/blog\/wp-content\/uploads\/2023\/09\/iNFRA_5-e1761735885940.png\",\"contentUrl\":\"https:\/\/agenciainfra.com\/blog\/wp-content\/uploads\/2023\/09\/iNFRA_5-e1761735885940.png\",\"width\":1672,\"height\":454,\"caption\":\"Ag\u00eancia iNFRA\"},\"image\":{\"@id\":\"https:\/\/agenciainfra.com\/blog\/#\/schema\/logo\/image\/\"},\"sameAs\":[\"https:\/\/www.facebook.com\/ageninfra\",\"https:\/\/x.com\/agencia_infra\",\"https:\/\/www.linkedin.com\/company\/ag\u00eanciainfra\/\",\"https:\/\/www.instagram.com\/agenciainfra\/\"]},{\"@type\":\"Person\",\"@id\":\"https:\/\/agenciainfra.com\/blog\/#\/schema\/person\/34af08dff6adea4cb22b06612ba7acfa\",\"name\":\"Ag\u00eancia iNFRA\",\"image\":{\"@type\":\"ImageObject\",\"inLanguage\":\"pt-BR\",\"@id\":\"https:\/\/agenciainfra.com\/blog\/#\/schema\/person\/image\/\",\"url\":\"https:\/\/secure.gravatar.com\/avatar\/d189e01678f06d8eb84d4e01f08eb848b3fffe3f8443818d3c356c66892f5be8?s=96&d=mm&r=g\",\"contentUrl\":\"https:\/\/secure.gravatar.com\/avatar\/d189e01678f06d8eb84d4e01f08eb848b3fffe3f8443818d3c356c66892f5be8?s=96&d=mm&r=g\",\"caption\":\"Ag\u00eancia iNFRA\"},\"url\":\"https:\/\/agenciainfra.com\/blog\/author\/admin\/\"}]}<\/script>\n<!-- \/ Yoast SEO Premium plugin. -->","yoast_head_json":{"title":"MME trabalha em edi\u00e7\u00e3o de portaria para ressarcir geradores por curtailment - Ag\u00eancia iNFRA","robots":{"index":"index","follow":"follow","max-snippet":"max-snippet:-1","max-image-preview":"max-image-preview:large","max-video-preview":"max-video-preview:-1"},"canonical":"https:\/\/agenciainfra.com\/blog\/mme-trabalha-em-edicao-de-portaria-para-ressarcir-geradores-por-curtailment\/","og_locale":"pt_BR","og_type":"article","og_title":"MME trabalha em edi\u00e7\u00e3o de portaria para ressarcir geradores por curtailment","og_description":"Marisa Wanzeller, da Ag\u00eancia iNFRA O GT (Grupo de Trabalho) criado pelo MME (Minist\u00e9rio de Minas e Energia) para tratar dos cortes de gera\u00e7\u00e3o obrigat\u00f3rios, conhecidos como curtailment, prepara\u00a0a edi\u00e7\u00e3o de uma portaria ministerial que verse sobre o ressarcimento das perdas financeiras para geradores, disseram fontes da equipe \u00e0 Ag\u00eancia iNFRA.\u00a0 A norma ter\u00e1 como [&hellip;]","og_url":"https:\/\/agenciainfra.com\/blog\/mme-trabalha-em-edicao-de-portaria-para-ressarcir-geradores-por-curtailment\/","og_site_name":"Ag\u00eancia iNFRA","article_publisher":"https:\/\/www.facebook.com\/ageninfra","article_published_time":"2025-06-05T11:30:00+00:00","article_modified_time":"2025-06-05T20:01:07+00:00","og_image":[{"width":1280,"height":760,"url":"https:\/\/agenciainfra.com\/blog\/wp-content\/uploads\/2021\/09\/geracao-distribuida-foto-dominio-publico-e1748341512698.jpg","type":"image\/jpeg"}],"author":"Ag\u00eancia iNFRA","twitter_card":"summary_large_image","twitter_creator":"@agencia_infra","twitter_site":"@agencia_infra","twitter_misc":{"Escrito por":"Ag\u00eancia iNFRA","Est. tempo de leitura":"3 minutos"},"schema":{"@context":"https:\/\/schema.org","@graph":[{"@type":"Article","@id":"https:\/\/agenciainfra.com\/blog\/mme-trabalha-em-edicao-de-portaria-para-ressarcir-geradores-por-curtailment\/#article","isPartOf":{"@id":"https:\/\/agenciainfra.com\/blog\/mme-trabalha-em-edicao-de-portaria-para-ressarcir-geradores-por-curtailment\/"},"author":{"name":"Ag\u00eancia iNFRA","@id":"https:\/\/agenciainfra.com\/blog\/#\/schema\/person\/34af08dff6adea4cb22b06612ba7acfa"},"headline":"MME trabalha em edi\u00e7\u00e3o de portaria para ressarcir geradores por curtailment","datePublished":"2025-06-05T11:30:00+00:00","dateModified":"2025-06-05T20:01:07+00:00","mainEntityOfPage":{"@id":"https:\/\/agenciainfra.com\/blog\/mme-trabalha-em-edicao-de-portaria-para-ressarcir-geradores-por-curtailment\/"},"wordCount":588,"publisher":{"@id":"https:\/\/agenciainfra.com\/blog\/#organization"},"image":{"@id":"https:\/\/agenciainfra.com\/blog\/mme-trabalha-em-edicao-de-portaria-para-ressarcir-geradores-por-curtailment\/#primaryimage"},"thumbnailUrl":"https:\/\/agenciainfra.com\/blog\/wp-content\/uploads\/2021\/09\/geracao-distribuida-foto-dominio-publico-e1748341512698.jpg","keywords":["Abee\u00f3lica","Abrage","Absolar","ANEEL","comercializa\u00e7\u00e3o de energia","curtailment","Decreto 5.163\/2004","Elbia Gannoum","energia","gera\u00e7\u00e3o de energia","Geradores","judicializa\u00e7\u00e3o","Lei 10.848\/2004","Marisa Wanzeller","MME"],"articleSection":["Destaque lista","Geral","iNFRAEnergia"],"inLanguage":"pt-BR","copyrightYear":"2025","copyrightHolder":{"@id":"https:\/\/agenciainfra.com\/blog\/#organization"}},{"@type":"WebPage","@id":"https:\/\/agenciainfra.com\/blog\/mme-trabalha-em-edicao-de-portaria-para-ressarcir-geradores-por-curtailment\/","url":"https:\/\/agenciainfra.com\/blog\/mme-trabalha-em-edicao-de-portaria-para-ressarcir-geradores-por-curtailment\/","name":"MME trabalha em edi\u00e7\u00e3o de portaria para ressarcir geradores por curtailment - Ag\u00eancia iNFRA","isPartOf":{"@id":"https:\/\/agenciainfra.com\/blog\/#website"},"primaryImageOfPage":{"@id":"https:\/\/agenciainfra.com\/blog\/mme-trabalha-em-edicao-de-portaria-para-ressarcir-geradores-por-curtailment\/#primaryimage"},"image":{"@id":"https:\/\/agenciainfra.com\/blog\/mme-trabalha-em-edicao-de-portaria-para-ressarcir-geradores-por-curtailment\/#primaryimage"},"thumbnailUrl":"https:\/\/agenciainfra.com\/blog\/wp-content\/uploads\/2021\/09\/geracao-distribuida-foto-dominio-publico-e1748341512698.jpg","datePublished":"2025-06-05T11:30:00+00:00","dateModified":"2025-06-05T20:01:07+00:00","breadcrumb":{"@id":"https:\/\/agenciainfra.com\/blog\/mme-trabalha-em-edicao-de-portaria-para-ressarcir-geradores-por-curtailment\/#breadcrumb"},"inLanguage":"pt-BR","potentialAction":[{"@type":"ReadAction","target":["https:\/\/agenciainfra.com\/blog\/mme-trabalha-em-edicao-de-portaria-para-ressarcir-geradores-por-curtailment\/"]}]},{"@type":"ImageObject","inLanguage":"pt-BR","@id":"https:\/\/agenciainfra.com\/blog\/mme-trabalha-em-edicao-de-portaria-para-ressarcir-geradores-por-curtailment\/#primaryimage","url":"https:\/\/agenciainfra.com\/blog\/wp-content\/uploads\/2021\/09\/geracao-distribuida-foto-dominio-publico-e1748341512698.jpg","contentUrl":"https:\/\/agenciainfra.com\/blog\/wp-content\/uploads\/2021\/09\/geracao-distribuida-foto-dominio-publico-e1748341512698.jpg","width":1280,"height":760,"caption":"Foto: Dom\u00ednio P\u00fablico"},{"@type":"BreadcrumbList","@id":"https:\/\/agenciainfra.com\/blog\/mme-trabalha-em-edicao-de-portaria-para-ressarcir-geradores-por-curtailment\/#breadcrumb","itemListElement":[{"@type":"ListItem","position":1,"name":"In\u00edcio","item":"https:\/\/agenciainfra.com\/blog\/"},{"@type":"ListItem","position":2,"name":"MME trabalha em edi\u00e7\u00e3o de portaria para ressarcir geradores por curtailment"}]},{"@type":"WebSite","@id":"https:\/\/agenciainfra.com\/blog\/#website","url":"https:\/\/agenciainfra.com\/blog\/","name":"Ag\u00eancia iNFRA","description":"Multiplataforma de informa\u00e7\u00e3o jornal\u00edstica refer\u00eancia na \u00e1rea de infraestrutura no Brasil!","publisher":{"@id":"https:\/\/agenciainfra.com\/blog\/#organization"},"potentialAction":[{"@type":"SearchAction","target":{"@type":"EntryPoint","urlTemplate":"https:\/\/agenciainfra.com\/blog\/?s={search_term_string}"},"query-input":{"@type":"PropertyValueSpecification","valueRequired":true,"valueName":"search_term_string"}}],"inLanguage":"pt-BR"},{"@type":"Organization","@id":"https:\/\/agenciainfra.com\/blog\/#organization","name":"Ag\u00eancia iNFRA","url":"https:\/\/agenciainfra.com\/blog\/","logo":{"@type":"ImageObject","inLanguage":"pt-BR","@id":"https:\/\/agenciainfra.com\/blog\/#\/schema\/logo\/image\/","url":"https:\/\/agenciainfra.com\/blog\/wp-content\/uploads\/2023\/09\/iNFRA_5-e1761735885940.png","contentUrl":"https:\/\/agenciainfra.com\/blog\/wp-content\/uploads\/2023\/09\/iNFRA_5-e1761735885940.png","width":1672,"height":454,"caption":"Ag\u00eancia iNFRA"},"image":{"@id":"https:\/\/agenciainfra.com\/blog\/#\/schema\/logo\/image\/"},"sameAs":["https:\/\/www.facebook.com\/ageninfra","https:\/\/x.com\/agencia_infra","https:\/\/www.linkedin.com\/company\/ag\u00eanciainfra\/","https:\/\/www.instagram.com\/agenciainfra\/"]},{"@type":"Person","@id":"https:\/\/agenciainfra.com\/blog\/#\/schema\/person\/34af08dff6adea4cb22b06612ba7acfa","name":"Ag\u00eancia iNFRA","image":{"@type":"ImageObject","inLanguage":"pt-BR","@id":"https:\/\/agenciainfra.com\/blog\/#\/schema\/person\/image\/","url":"https:\/\/secure.gravatar.com\/avatar\/d189e01678f06d8eb84d4e01f08eb848b3fffe3f8443818d3c356c66892f5be8?s=96&d=mm&r=g","contentUrl":"https:\/\/secure.gravatar.com\/avatar\/d189e01678f06d8eb84d4e01f08eb848b3fffe3f8443818d3c356c66892f5be8?s=96&d=mm&r=g","caption":"Ag\u00eancia iNFRA"},"url":"https:\/\/agenciainfra.com\/blog\/author\/admin\/"}]}},"_links":{"self":[{"href":"https:\/\/agenciainfra.com\/blog\/wp-json\/wp\/v2\/posts\/22502","targetHints":{"allow":["GET"]}}],"collection":[{"href":"https:\/\/agenciainfra.com\/blog\/wp-json\/wp\/v2\/posts"}],"about":[{"href":"https:\/\/agenciainfra.com\/blog\/wp-json\/wp\/v2\/types\/post"}],"author":[{"embeddable":true,"href":"https:\/\/agenciainfra.com\/blog\/wp-json\/wp\/v2\/users\/1"}],"replies":[{"embeddable":true,"href":"https:\/\/agenciainfra.com\/blog\/wp-json\/wp\/v2\/comments?post=22502"}],"version-history":[{"count":2,"href":"https:\/\/agenciainfra.com\/blog\/wp-json\/wp\/v2\/posts\/22502\/revisions"}],"predecessor-version":[{"id":22521,"href":"https:\/\/agenciainfra.com\/blog\/wp-json\/wp\/v2\/posts\/22502\/revisions\/22521"}],"wp:featuredmedia":[{"embeddable":true,"href":"https:\/\/agenciainfra.com\/blog\/wp-json\/wp\/v2\/media\/8226"}],"wp:attachment":[{"href":"https:\/\/agenciainfra.com\/blog\/wp-json\/wp\/v2\/media?parent=22502"}],"wp:term":[{"taxonomy":"category","embeddable":true,"href":"https:\/\/agenciainfra.com\/blog\/wp-json\/wp\/v2\/categories?post=22502"},{"taxonomy":"post_tag","embeddable":true,"href":"https:\/\/agenciainfra.com\/blog\/wp-json\/wp\/v2\/tags?post=22502"}],"curies":[{"name":"wp","href":"https:\/\/api.w.org\/{rel}","templated":true}]}}