{"id":22519,"date":"2025-06-05T10:21:55","date_gmt":"2025-06-05T13:21:55","guid":{"rendered":"https:\/\/agenciainfra.com\/blog\/?p=22519"},"modified":"2025-06-05T12:44:15","modified_gmt":"2025-06-05T15:44:15","slug":"incorporacao-da-malha-norte-pela-rumo-e-aprovada-com-custo-de-r-25-milhoes","status":"publish","type":"post","link":"https:\/\/agenciainfra.com\/blog\/incorporacao-da-malha-norte-pela-rumo-e-aprovada-com-custo-de-r-25-milhoes\/","title":{"rendered":"Incorpora\u00e7\u00e3o da Malha Norte pela Rumo \u00e9 aprovada, com custo de R$ 2,5 milh\u00f5es"},"content":{"rendered":"\n<p class=\"has-text-align-right\"><strong>da Ag\u00eancia iNFRA<\/strong><\/p>\n\n\n\n<p>A incorpora\u00e7\u00e3o de a\u00e7\u00f5es da Malha Norte pela sua controladora, Rumo, foi aprovada pelos respectivos CAs (Conselhos de Administra\u00e7\u00e3o), de acordo com <a href=\"https:\/\/www.rad.cvm.gov.br\/ENET\/frmExibirArquivoIPEExterno.aspx?NumeroProtocoloEntrega=1387030\">fato relevante<\/a> divulgado na noite desta quarta-feira (4). O documento informa que os termos e condi\u00e7\u00f5es da incorpora\u00e7\u00e3o ser\u00e3o submetidos \u00e0 delibera\u00e7\u00e3o das AGEs (Assembleias Gerais Extraordin\u00e1rias), que ser\u00e3o convocadas para 27 de junho.<\/p>\n\n\n\n<p>Ap\u00f3s a conclus\u00e3o do processo, a Malha Norte passar\u00e1 a ser uma subsidi\u00e1ria integral da Rumo. Segundo o comunicado, os custos da incorpora\u00e7\u00e3o ser\u00e3o de aproximadamente R$ 2,5 milh\u00f5es.<\/p>\n\n\n\n<p>Comit\u00eas independentes foram criados em fevereiro, no \u00e2mbito dos CAs das duas companhias, para negociar a troca das a\u00e7\u00f5es da Malha Norte por a\u00e7\u00f5es da Rumo. Na ocasi\u00e3o, recomendou-se a rela\u00e7\u00e3o de troca de 0,668 a\u00e7\u00e3o da Rumo por cada a\u00e7\u00e3o da Malha Norte.<\/p>\n\n\n\n<p>Segundo as companhias, o objetivo da incorpora\u00e7\u00e3o \u00e9 &#8220;promover maior efici\u00eancia e otimizar a estrutura societ\u00e1ria e de liquidez da Rumo e da Malha Norte, consistindo na incorpora\u00e7\u00e3o de a\u00e7\u00f5es da Malha Norte pela Rumo&#8221;.<\/p>\n","protected":false},"excerpt":{"rendered":"<p>da Ag\u00eancia iNFRA A incorpora\u00e7\u00e3o de a\u00e7\u00f5es da Malha Norte pela sua controladora, Rumo, foi aprovada pelos respectivos CAs (Conselhos de Administra\u00e7\u00e3o), de acordo com fato relevante divulgado na noite desta quarta-feira (4). O documento informa que os termos e condi\u00e7\u00f5es da incorpora\u00e7\u00e3o ser\u00e3o submetidos \u00e0 delibera\u00e7\u00e3o das AGEs (Assembleias Gerais Extraordin\u00e1rias), que ser\u00e3o convocadas [&hellip;]<\/p>\n","protected":false},"author":1,"featured_media":7502,"comment_status":"closed","ping_status":"closed","sticky":false,"template":"","format":"standard","meta":{"_monsterinsights_skip_tracking":false,"_monsterinsights_sitenote_active":false,"_monsterinsights_sitenote_note":"","_monsterinsights_sitenote_category":0,"footnotes":""},"categories":[1,7],"tags":[2689,79,2109,80,2777],"class_list":["post-22519","post","type-post","status-publish","format-standard","has-post-thumbnail","hentry","category-geral","category-infratransporte","tag-concessao-ferroviaria","tag-ferrovia","tag-malha-norte","tag-rumo","tag-rumo-malha-norte"],"yoast_head":"<!-- This site is optimized with the Yoast SEO Premium plugin v25.4 (Yoast SEO v26.0) - https:\/\/yoast.com\/wordpress\/plugins\/seo\/ -->\n<title>Incorpora\u00e7\u00e3o da Malha Norte pela Rumo \u00e9 aprovada, com custo de R$ 2,5 milh\u00f5es - Ag\u00eancia iNFRA<\/title>\n<meta name=\"robots\" content=\"index, follow, max-snippet:-1, max-image-preview:large, max-video-preview:-1\" \/>\n<link rel=\"canonical\" href=\"https:\/\/agenciainfra.com\/blog\/incorporacao-da-malha-norte-pela-rumo-e-aprovada-com-custo-de-r-25-milhoes\/\" \/>\n<meta property=\"og:locale\" content=\"pt_BR\" \/>\n<meta property=\"og:type\" content=\"article\" \/>\n<meta property=\"og:title\" content=\"Incorpora\u00e7\u00e3o da Malha Norte pela Rumo \u00e9 aprovada, com custo de R$ 2,5 milh\u00f5es\" \/>\n<meta property=\"og:description\" content=\"da Ag\u00eancia iNFRA A incorpora\u00e7\u00e3o de a\u00e7\u00f5es da Malha Norte pela sua controladora, Rumo, foi aprovada pelos respectivos CAs (Conselhos de Administra\u00e7\u00e3o), de acordo com fato relevante divulgado na noite desta quarta-feira (4). O documento informa que os termos e condi\u00e7\u00f5es da incorpora\u00e7\u00e3o ser\u00e3o submetidos \u00e0 delibera\u00e7\u00e3o das AGEs (Assembleias Gerais Extraordin\u00e1rias), que ser\u00e3o convocadas [&hellip;]\" \/>\n<meta property=\"og:url\" content=\"https:\/\/agenciainfra.com\/blog\/incorporacao-da-malha-norte-pela-rumo-e-aprovada-com-custo-de-r-25-milhoes\/\" \/>\n<meta property=\"og:site_name\" content=\"Ag\u00eancia iNFRA\" \/>\n<meta property=\"article:publisher\" content=\"https:\/\/www.facebook.com\/ageninfra\" \/>\n<meta property=\"article:published_time\" content=\"2025-06-05T13:21:55+00:00\" \/>\n<meta property=\"article:modified_time\" content=\"2025-06-05T15:44:15+00:00\" \/>\n<meta property=\"og:image\" content=\"https:\/\/agenciainfra.com\/blog\/wp-content\/uploads\/2021\/06\/rumo-foto-rumo-logistica.jpeg\" \/>\n\t<meta property=\"og:image:width\" content=\"1280\" \/>\n\t<meta property=\"og:image:height\" content=\"862\" \/>\n\t<meta property=\"og:image:type\" content=\"image\/jpeg\" \/>\n<meta name=\"author\" content=\"Ag\u00eancia iNFRA\" \/>\n<meta name=\"twitter:card\" content=\"summary_large_image\" \/>\n<meta name=\"twitter:creator\" content=\"@agencia_infra\" \/>\n<meta name=\"twitter:site\" content=\"@agencia_infra\" \/>\n<meta name=\"twitter:label1\" content=\"Escrito por\" \/>\n\t<meta name=\"twitter:data1\" content=\"Ag\u00eancia iNFRA\" \/>\n\t<meta name=\"twitter:label2\" content=\"Est. tempo de leitura\" \/>\n\t<meta name=\"twitter:data2\" content=\"1 minuto\" \/>\n<script type=\"application\/ld+json\" class=\"yoast-schema-graph\">{\"@context\":\"https:\/\/schema.org\",\"@graph\":[{\"@type\":\"Article\",\"@id\":\"https:\/\/agenciainfra.com\/blog\/incorporacao-da-malha-norte-pela-rumo-e-aprovada-com-custo-de-r-25-milhoes\/#article\",\"isPartOf\":{\"@id\":\"https:\/\/agenciainfra.com\/blog\/incorporacao-da-malha-norte-pela-rumo-e-aprovada-com-custo-de-r-25-milhoes\/\"},\"author\":{\"name\":\"Ag\u00eancia iNFRA\",\"@id\":\"https:\/\/agenciainfra.com\/blog\/#\/schema\/person\/34af08dff6adea4cb22b06612ba7acfa\"},\"headline\":\"Incorpora\u00e7\u00e3o da Malha Norte pela Rumo \u00e9 aprovada, com custo de R$ 2,5 milh\u00f5es\",\"datePublished\":\"2025-06-05T13:21:55+00:00\",\"dateModified\":\"2025-06-05T15:44:15+00:00\",\"mainEntityOfPage\":{\"@id\":\"https:\/\/agenciainfra.com\/blog\/incorporacao-da-malha-norte-pela-rumo-e-aprovada-com-custo-de-r-25-milhoes\/\"},\"wordCount\":203,\"publisher\":{\"@id\":\"https:\/\/agenciainfra.com\/blog\/#organization\"},\"image\":{\"@id\":\"https:\/\/agenciainfra.com\/blog\/incorporacao-da-malha-norte-pela-rumo-e-aprovada-com-custo-de-r-25-milhoes\/#primaryimage\"},\"thumbnailUrl\":\"https:\/\/agenciainfra.com\/blog\/wp-content\/uploads\/2021\/06\/rumo-foto-rumo-logistica.jpeg\",\"keywords\":[\"concess\u00e3o ferrovi\u00e1ria\",\"Ferrovia\",\"Malha Norte\",\"Rumo\",\"Rumo Malha Norte\"],\"articleSection\":[\"Geral\",\"iNFRATransporte\"],\"inLanguage\":\"pt-BR\",\"copyrightYear\":\"2025\",\"copyrightHolder\":{\"@id\":\"https:\/\/agenciainfra.com\/blog\/#organization\"}},{\"@type\":\"WebPage\",\"@id\":\"https:\/\/agenciainfra.com\/blog\/incorporacao-da-malha-norte-pela-rumo-e-aprovada-com-custo-de-r-25-milhoes\/\",\"url\":\"https:\/\/agenciainfra.com\/blog\/incorporacao-da-malha-norte-pela-rumo-e-aprovada-com-custo-de-r-25-milhoes\/\",\"name\":\"Incorpora\u00e7\u00e3o da Malha Norte pela Rumo \u00e9 aprovada, com custo de R$ 2,5 milh\u00f5es - Ag\u00eancia iNFRA\",\"isPartOf\":{\"@id\":\"https:\/\/agenciainfra.com\/blog\/#website\"},\"primaryImageOfPage\":{\"@id\":\"https:\/\/agenciainfra.com\/blog\/incorporacao-da-malha-norte-pela-rumo-e-aprovada-com-custo-de-r-25-milhoes\/#primaryimage\"},\"image\":{\"@id\":\"https:\/\/agenciainfra.com\/blog\/incorporacao-da-malha-norte-pela-rumo-e-aprovada-com-custo-de-r-25-milhoes\/#primaryimage\"},\"thumbnailUrl\":\"https:\/\/agenciainfra.com\/blog\/wp-content\/uploads\/2021\/06\/rumo-foto-rumo-logistica.jpeg\",\"datePublished\":\"2025-06-05T13:21:55+00:00\",\"dateModified\":\"2025-06-05T15:44:15+00:00\",\"breadcrumb\":{\"@id\":\"https:\/\/agenciainfra.com\/blog\/incorporacao-da-malha-norte-pela-rumo-e-aprovada-com-custo-de-r-25-milhoes\/#breadcrumb\"},\"inLanguage\":\"pt-BR\",\"potentialAction\":[{\"@type\":\"ReadAction\",\"target\":[\"https:\/\/agenciainfra.com\/blog\/incorporacao-da-malha-norte-pela-rumo-e-aprovada-com-custo-de-r-25-milhoes\/\"]}]},{\"@type\":\"ImageObject\",\"inLanguage\":\"pt-BR\",\"@id\":\"https:\/\/agenciainfra.com\/blog\/incorporacao-da-malha-norte-pela-rumo-e-aprovada-com-custo-de-r-25-milhoes\/#primaryimage\",\"url\":\"https:\/\/agenciainfra.com\/blog\/wp-content\/uploads\/2021\/06\/rumo-foto-rumo-logistica.jpeg\",\"contentUrl\":\"https:\/\/agenciainfra.com\/blog\/wp-content\/uploads\/2021\/06\/rumo-foto-rumo-logistica.jpeg\",\"width\":1280,\"height\":862},{\"@type\":\"BreadcrumbList\",\"@id\":\"https:\/\/agenciainfra.com\/blog\/incorporacao-da-malha-norte-pela-rumo-e-aprovada-com-custo-de-r-25-milhoes\/#breadcrumb\",\"itemListElement\":[{\"@type\":\"ListItem\",\"position\":1,\"name\":\"In\u00edcio\",\"item\":\"https:\/\/agenciainfra.com\/blog\/\"},{\"@type\":\"ListItem\",\"position\":2,\"name\":\"Incorpora\u00e7\u00e3o da Malha Norte pela Rumo \u00e9 aprovada, com custo de R$ 2,5 milh\u00f5es\"}]},{\"@type\":\"WebSite\",\"@id\":\"https:\/\/agenciainfra.com\/blog\/#website\",\"url\":\"https:\/\/agenciainfra.com\/blog\/\",\"name\":\"Ag\u00eancia iNFRA\",\"description\":\"Multiplataforma de informa\u00e7\u00e3o jornal\u00edstica refer\u00eancia na \u00e1rea de infraestrutura no Brasil!\",\"publisher\":{\"@id\":\"https:\/\/agenciainfra.com\/blog\/#organization\"},\"potentialAction\":[{\"@type\":\"SearchAction\",\"target\":{\"@type\":\"EntryPoint\",\"urlTemplate\":\"https:\/\/agenciainfra.com\/blog\/?s={search_term_string}\"},\"query-input\":{\"@type\":\"PropertyValueSpecification\",\"valueRequired\":true,\"valueName\":\"search_term_string\"}}],\"inLanguage\":\"pt-BR\"},{\"@type\":\"Organization\",\"@id\":\"https:\/\/agenciainfra.com\/blog\/#organization\",\"name\":\"Ag\u00eancia iNFRA\",\"url\":\"https:\/\/agenciainfra.com\/blog\/\",\"logo\":{\"@type\":\"ImageObject\",\"inLanguage\":\"pt-BR\",\"@id\":\"https:\/\/agenciainfra.com\/blog\/#\/schema\/logo\/image\/\",\"url\":\"https:\/\/agenciainfra.com\/blog\/wp-content\/uploads\/2023\/09\/iNFRA_5-e1761735885940.png\",\"contentUrl\":\"https:\/\/agenciainfra.com\/blog\/wp-content\/uploads\/2023\/09\/iNFRA_5-e1761735885940.png\",\"width\":1672,\"height\":454,\"caption\":\"Ag\u00eancia iNFRA\"},\"image\":{\"@id\":\"https:\/\/agenciainfra.com\/blog\/#\/schema\/logo\/image\/\"},\"sameAs\":[\"https:\/\/www.facebook.com\/ageninfra\",\"https:\/\/x.com\/agencia_infra\",\"https:\/\/www.linkedin.com\/company\/ag\u00eanciainfra\/\",\"https:\/\/www.instagram.com\/agenciainfra\/\"]},{\"@type\":\"Person\",\"@id\":\"https:\/\/agenciainfra.com\/blog\/#\/schema\/person\/34af08dff6adea4cb22b06612ba7acfa\",\"name\":\"Ag\u00eancia iNFRA\",\"image\":{\"@type\":\"ImageObject\",\"inLanguage\":\"pt-BR\",\"@id\":\"https:\/\/agenciainfra.com\/blog\/#\/schema\/person\/image\/\",\"url\":\"https:\/\/secure.gravatar.com\/avatar\/d189e01678f06d8eb84d4e01f08eb848b3fffe3f8443818d3c356c66892f5be8?s=96&d=mm&r=g\",\"contentUrl\":\"https:\/\/secure.gravatar.com\/avatar\/d189e01678f06d8eb84d4e01f08eb848b3fffe3f8443818d3c356c66892f5be8?s=96&d=mm&r=g\",\"caption\":\"Ag\u00eancia iNFRA\"},\"url\":\"https:\/\/agenciainfra.com\/blog\/author\/admin\/\"}]}<\/script>\n<!-- \/ Yoast SEO Premium plugin. -->","yoast_head_json":{"title":"Incorpora\u00e7\u00e3o da Malha Norte pela Rumo \u00e9 aprovada, com custo de R$ 2,5 milh\u00f5es - Ag\u00eancia iNFRA","robots":{"index":"index","follow":"follow","max-snippet":"max-snippet:-1","max-image-preview":"max-image-preview:large","max-video-preview":"max-video-preview:-1"},"canonical":"https:\/\/agenciainfra.com\/blog\/incorporacao-da-malha-norte-pela-rumo-e-aprovada-com-custo-de-r-25-milhoes\/","og_locale":"pt_BR","og_type":"article","og_title":"Incorpora\u00e7\u00e3o da Malha Norte pela Rumo \u00e9 aprovada, com custo de R$ 2,5 milh\u00f5es","og_description":"da Ag\u00eancia iNFRA A incorpora\u00e7\u00e3o de a\u00e7\u00f5es da Malha Norte pela sua controladora, Rumo, foi aprovada pelos respectivos CAs (Conselhos de Administra\u00e7\u00e3o), de acordo com fato relevante divulgado na noite desta quarta-feira (4). O documento informa que os termos e condi\u00e7\u00f5es da incorpora\u00e7\u00e3o ser\u00e3o submetidos \u00e0 delibera\u00e7\u00e3o das AGEs (Assembleias Gerais Extraordin\u00e1rias), que ser\u00e3o convocadas [&hellip;]","og_url":"https:\/\/agenciainfra.com\/blog\/incorporacao-da-malha-norte-pela-rumo-e-aprovada-com-custo-de-r-25-milhoes\/","og_site_name":"Ag\u00eancia iNFRA","article_publisher":"https:\/\/www.facebook.com\/ageninfra","article_published_time":"2025-06-05T13:21:55+00:00","article_modified_time":"2025-06-05T15:44:15+00:00","og_image":[{"width":1280,"height":862,"url":"https:\/\/agenciainfra.com\/blog\/wp-content\/uploads\/2021\/06\/rumo-foto-rumo-logistica.jpeg","type":"image\/jpeg"}],"author":"Ag\u00eancia iNFRA","twitter_card":"summary_large_image","twitter_creator":"@agencia_infra","twitter_site":"@agencia_infra","twitter_misc":{"Escrito por":"Ag\u00eancia iNFRA","Est. tempo de leitura":"1 minuto"},"schema":{"@context":"https:\/\/schema.org","@graph":[{"@type":"Article","@id":"https:\/\/agenciainfra.com\/blog\/incorporacao-da-malha-norte-pela-rumo-e-aprovada-com-custo-de-r-25-milhoes\/#article","isPartOf":{"@id":"https:\/\/agenciainfra.com\/blog\/incorporacao-da-malha-norte-pela-rumo-e-aprovada-com-custo-de-r-25-milhoes\/"},"author":{"name":"Ag\u00eancia iNFRA","@id":"https:\/\/agenciainfra.com\/blog\/#\/schema\/person\/34af08dff6adea4cb22b06612ba7acfa"},"headline":"Incorpora\u00e7\u00e3o da Malha Norte pela Rumo \u00e9 aprovada, com custo de R$ 2,5 milh\u00f5es","datePublished":"2025-06-05T13:21:55+00:00","dateModified":"2025-06-05T15:44:15+00:00","mainEntityOfPage":{"@id":"https:\/\/agenciainfra.com\/blog\/incorporacao-da-malha-norte-pela-rumo-e-aprovada-com-custo-de-r-25-milhoes\/"},"wordCount":203,"publisher":{"@id":"https:\/\/agenciainfra.com\/blog\/#organization"},"image":{"@id":"https:\/\/agenciainfra.com\/blog\/incorporacao-da-malha-norte-pela-rumo-e-aprovada-com-custo-de-r-25-milhoes\/#primaryimage"},"thumbnailUrl":"https:\/\/agenciainfra.com\/blog\/wp-content\/uploads\/2021\/06\/rumo-foto-rumo-logistica.jpeg","keywords":["concess\u00e3o ferrovi\u00e1ria","Ferrovia","Malha Norte","Rumo","Rumo Malha Norte"],"articleSection":["Geral","iNFRATransporte"],"inLanguage":"pt-BR","copyrightYear":"2025","copyrightHolder":{"@id":"https:\/\/agenciainfra.com\/blog\/#organization"}},{"@type":"WebPage","@id":"https:\/\/agenciainfra.com\/blog\/incorporacao-da-malha-norte-pela-rumo-e-aprovada-com-custo-de-r-25-milhoes\/","url":"https:\/\/agenciainfra.com\/blog\/incorporacao-da-malha-norte-pela-rumo-e-aprovada-com-custo-de-r-25-milhoes\/","name":"Incorpora\u00e7\u00e3o da Malha Norte pela Rumo \u00e9 aprovada, com custo de R$ 2,5 milh\u00f5es - Ag\u00eancia iNFRA","isPartOf":{"@id":"https:\/\/agenciainfra.com\/blog\/#website"},"primaryImageOfPage":{"@id":"https:\/\/agenciainfra.com\/blog\/incorporacao-da-malha-norte-pela-rumo-e-aprovada-com-custo-de-r-25-milhoes\/#primaryimage"},"image":{"@id":"https:\/\/agenciainfra.com\/blog\/incorporacao-da-malha-norte-pela-rumo-e-aprovada-com-custo-de-r-25-milhoes\/#primaryimage"},"thumbnailUrl":"https:\/\/agenciainfra.com\/blog\/wp-content\/uploads\/2021\/06\/rumo-foto-rumo-logistica.jpeg","datePublished":"2025-06-05T13:21:55+00:00","dateModified":"2025-06-05T15:44:15+00:00","breadcrumb":{"@id":"https:\/\/agenciainfra.com\/blog\/incorporacao-da-malha-norte-pela-rumo-e-aprovada-com-custo-de-r-25-milhoes\/#breadcrumb"},"inLanguage":"pt-BR","potentialAction":[{"@type":"ReadAction","target":["https:\/\/agenciainfra.com\/blog\/incorporacao-da-malha-norte-pela-rumo-e-aprovada-com-custo-de-r-25-milhoes\/"]}]},{"@type":"ImageObject","inLanguage":"pt-BR","@id":"https:\/\/agenciainfra.com\/blog\/incorporacao-da-malha-norte-pela-rumo-e-aprovada-com-custo-de-r-25-milhoes\/#primaryimage","url":"https:\/\/agenciainfra.com\/blog\/wp-content\/uploads\/2021\/06\/rumo-foto-rumo-logistica.jpeg","contentUrl":"https:\/\/agenciainfra.com\/blog\/wp-content\/uploads\/2021\/06\/rumo-foto-rumo-logistica.jpeg","width":1280,"height":862},{"@type":"BreadcrumbList","@id":"https:\/\/agenciainfra.com\/blog\/incorporacao-da-malha-norte-pela-rumo-e-aprovada-com-custo-de-r-25-milhoes\/#breadcrumb","itemListElement":[{"@type":"ListItem","position":1,"name":"In\u00edcio","item":"https:\/\/agenciainfra.com\/blog\/"},{"@type":"ListItem","position":2,"name":"Incorpora\u00e7\u00e3o da Malha Norte pela Rumo \u00e9 aprovada, com custo de R$ 2,5 milh\u00f5es"}]},{"@type":"WebSite","@id":"https:\/\/agenciainfra.com\/blog\/#website","url":"https:\/\/agenciainfra.com\/blog\/","name":"Ag\u00eancia iNFRA","description":"Multiplataforma de informa\u00e7\u00e3o jornal\u00edstica refer\u00eancia na \u00e1rea de infraestrutura no Brasil!","publisher":{"@id":"https:\/\/agenciainfra.com\/blog\/#organization"},"potentialAction":[{"@type":"SearchAction","target":{"@type":"EntryPoint","urlTemplate":"https:\/\/agenciainfra.com\/blog\/?s={search_term_string}"},"query-input":{"@type":"PropertyValueSpecification","valueRequired":true,"valueName":"search_term_string"}}],"inLanguage":"pt-BR"},{"@type":"Organization","@id":"https:\/\/agenciainfra.com\/blog\/#organization","name":"Ag\u00eancia iNFRA","url":"https:\/\/agenciainfra.com\/blog\/","logo":{"@type":"ImageObject","inLanguage":"pt-BR","@id":"https:\/\/agenciainfra.com\/blog\/#\/schema\/logo\/image\/","url":"https:\/\/agenciainfra.com\/blog\/wp-content\/uploads\/2023\/09\/iNFRA_5-e1761735885940.png","contentUrl":"https:\/\/agenciainfra.com\/blog\/wp-content\/uploads\/2023\/09\/iNFRA_5-e1761735885940.png","width":1672,"height":454,"caption":"Ag\u00eancia iNFRA"},"image":{"@id":"https:\/\/agenciainfra.com\/blog\/#\/schema\/logo\/image\/"},"sameAs":["https:\/\/www.facebook.com\/ageninfra","https:\/\/x.com\/agencia_infra","https:\/\/www.linkedin.com\/company\/ag\u00eanciainfra\/","https:\/\/www.instagram.com\/agenciainfra\/"]},{"@type":"Person","@id":"https:\/\/agenciainfra.com\/blog\/#\/schema\/person\/34af08dff6adea4cb22b06612ba7acfa","name":"Ag\u00eancia iNFRA","image":{"@type":"ImageObject","inLanguage":"pt-BR","@id":"https:\/\/agenciainfra.com\/blog\/#\/schema\/person\/image\/","url":"https:\/\/secure.gravatar.com\/avatar\/d189e01678f06d8eb84d4e01f08eb848b3fffe3f8443818d3c356c66892f5be8?s=96&d=mm&r=g","contentUrl":"https:\/\/secure.gravatar.com\/avatar\/d189e01678f06d8eb84d4e01f08eb848b3fffe3f8443818d3c356c66892f5be8?s=96&d=mm&r=g","caption":"Ag\u00eancia iNFRA"},"url":"https:\/\/agenciainfra.com\/blog\/author\/admin\/"}]}},"_links":{"self":[{"href":"https:\/\/agenciainfra.com\/blog\/wp-json\/wp\/v2\/posts\/22519","targetHints":{"allow":["GET"]}}],"collection":[{"href":"https:\/\/agenciainfra.com\/blog\/wp-json\/wp\/v2\/posts"}],"about":[{"href":"https:\/\/agenciainfra.com\/blog\/wp-json\/wp\/v2\/types\/post"}],"author":[{"embeddable":true,"href":"https:\/\/agenciainfra.com\/blog\/wp-json\/wp\/v2\/users\/1"}],"replies":[{"embeddable":true,"href":"https:\/\/agenciainfra.com\/blog\/wp-json\/wp\/v2\/comments?post=22519"}],"version-history":[{"count":1,"href":"https:\/\/agenciainfra.com\/blog\/wp-json\/wp\/v2\/posts\/22519\/revisions"}],"predecessor-version":[{"id":22524,"href":"https:\/\/agenciainfra.com\/blog\/wp-json\/wp\/v2\/posts\/22519\/revisions\/22524"}],"wp:featuredmedia":[{"embeddable":true,"href":"https:\/\/agenciainfra.com\/blog\/wp-json\/wp\/v2\/media\/7502"}],"wp:attachment":[{"href":"https:\/\/agenciainfra.com\/blog\/wp-json\/wp\/v2\/media?parent=22519"}],"wp:term":[{"taxonomy":"category","embeddable":true,"href":"https:\/\/agenciainfra.com\/blog\/wp-json\/wp\/v2\/categories?post=22519"},{"taxonomy":"post_tag","embeddable":true,"href":"https:\/\/agenciainfra.com\/blog\/wp-json\/wp\/v2\/tags?post=22519"}],"curies":[{"name":"wp","href":"https:\/\/api.w.org\/{rel}","templated":true}]}}