{"id":22526,"date":"2025-06-05T11:45:00","date_gmt":"2025-06-05T14:45:00","guid":{"rendered":"https:\/\/agenciainfra.com\/blog\/?p=22526"},"modified":"2025-06-06T11:06:20","modified_gmt":"2025-06-06T14:06:20","slug":"fernao-dias-dantas-diz-que-deve-levar-acordo-consensual-para-plenario-do-tcu-em-duas-semanas","status":"publish","type":"post","link":"https:\/\/agenciainfra.com\/blog\/fernao-dias-dantas-diz-que-deve-levar-acordo-consensual-para-plenario-do-tcu-em-duas-semanas\/","title":{"rendered":"Fern\u00e3o Dias: Dantas diz que deve levar acordo consensual para plen\u00e1rio do TCU em junho"},"content":{"rendered":"\n<p class=\"has-text-align-right\"><strong>da Ag\u00eancia iNFRA<\/strong><\/p>\n\n\n\n<p>O ministro Bruno Dantas, do TCU (Tribunal de Contas da Uni\u00e3o), disse nesta quinta-feira (5) que deve levar ainda em junho para o plen\u00e1rio da corte o processo do acordo de solu\u00e7\u00e3o consensual para a repactua\u00e7\u00e3o do contrato da Autopista Fern\u00e3o Dias, operada pela concession\u00e1ria Arteris.<\/p>\n\n\n\n<p>No final de abril, o acordo foi homologado pela ANTT (Ag\u00eancia Nacional de Transportes Terrestres). No TCU, o caso \u00e9 relatado por Dantas, que falou do tema durante painel no Abdib F\u00f3rum, em Bras\u00edlia.<\/p>\n\n\n\n<p>&#8220;Devo levar ao plen\u00e1rio mais ou menos em duas semanas, porque essa tamb\u00e9m \u00e9 uma das caracter\u00edsticas da negocia\u00e7\u00e3o, tudo tem prazo parametrizado. Ent\u00e3o todos os ambientes de discuss\u00e3o est\u00e3o institucionalizados numa instru\u00e7\u00e3o normativa&#8221;, pontuou.<\/p>\n\n\n\n<p>O ministro ainda fez um balan\u00e7o dos processos que passaram pela SecexConsenso (Secretaria de Controle Externo de Solu\u00e7\u00e3o Consensual e Preven\u00e7\u00e3o de Conflitos) do TCU. Segundo ele, foram 38 pedidos, dos quais 14 j\u00e1 tiveram homologa\u00e7\u00f5es e seis est\u00e3o em tramita\u00e7\u00e3o. \u201cVolume de ativos examinados na SecexConsenso em dois anos e meio j\u00e1 ultrapassou R$ 250 bilh\u00f5es&#8221;, contou.<\/p>\n","protected":false},"excerpt":{"rendered":"<p>da Ag\u00eancia iNFRA O ministro Bruno Dantas, do TCU (Tribunal de Contas da Uni\u00e3o), disse nesta quinta-feira (5) que deve levar ainda em junho para o plen\u00e1rio da corte o processo do acordo de solu\u00e7\u00e3o consensual para a repactua\u00e7\u00e3o do contrato da Autopista Fern\u00e3o Dias, operada pela concession\u00e1ria Arteris. No final de abril, o acordo [&hellip;]<\/p>\n","protected":false},"author":1,"featured_media":22525,"comment_status":"closed","ping_status":"closed","sticky":false,"template":"","format":"standard","meta":{"_monsterinsights_skip_tracking":false,"_monsterinsights_sitenote_active":false,"_monsterinsights_sitenote_note":"","_monsterinsights_sitenote_category":0,"footnotes":""},"categories":[7250,1,7],"tags":[13641,19,2031,1136,396,2341,2131,7218,6379,18],"class_list":["post-22526","post","type-post","status-publish","format-standard","has-post-thumbnail","hentry","category-destaque-lista","category-geral","category-infratransporte","tag-abdib-forum-2025","tag-antt","tag-arteris","tag-br-381","tag-bruno-dantas","tag-fernao-dias","tag-repactuacao","tag-secexconsenso","tag-solucao-consensual","tag-tcu"],"yoast_head":"<!-- This site is optimized with the Yoast SEO Premium plugin v25.4 (Yoast SEO v26.0) - https:\/\/yoast.com\/wordpress\/plugins\/seo\/ -->\n<title>Fern\u00e3o Dias: Dantas diz que deve levar acordo consensual para plen\u00e1rio do TCU em junho - Ag\u00eancia iNFRA<\/title>\n<meta name=\"robots\" content=\"index, follow, max-snippet:-1, max-image-preview:large, max-video-preview:-1\" \/>\n<link rel=\"canonical\" href=\"https:\/\/agenciainfra.com\/blog\/fernao-dias-dantas-diz-que-deve-levar-acordo-consensual-para-plenario-do-tcu-em-duas-semanas\/\" \/>\n<meta property=\"og:locale\" content=\"pt_BR\" \/>\n<meta property=\"og:type\" content=\"article\" \/>\n<meta property=\"og:title\" content=\"Fern\u00e3o Dias: Dantas diz que deve levar acordo consensual para plen\u00e1rio do TCU em junho\" \/>\n<meta property=\"og:description\" content=\"da Ag\u00eancia iNFRA O ministro Bruno Dantas, do TCU (Tribunal de Contas da Uni\u00e3o), disse nesta quinta-feira (5) que deve levar ainda em junho para o plen\u00e1rio da corte o processo do acordo de solu\u00e7\u00e3o consensual para a repactua\u00e7\u00e3o do contrato da Autopista Fern\u00e3o Dias, operada pela concession\u00e1ria Arteris. No final de abril, o acordo [&hellip;]\" \/>\n<meta property=\"og:url\" content=\"https:\/\/agenciainfra.com\/blog\/fernao-dias-dantas-diz-que-deve-levar-acordo-consensual-para-plenario-do-tcu-em-duas-semanas\/\" \/>\n<meta property=\"og:site_name\" content=\"Ag\u00eancia iNFRA\" \/>\n<meta property=\"article:publisher\" content=\"https:\/\/www.facebook.com\/ageninfra\" \/>\n<meta property=\"article:published_time\" content=\"2025-06-05T14:45:00+00:00\" \/>\n<meta property=\"article:modified_time\" content=\"2025-06-06T14:06:20+00:00\" \/>\n<meta property=\"og:image\" content=\"https:\/\/agenciainfra.com\/blog\/wp-content\/uploads\/2025\/06\/br-381-fernao-dias-foto-arteris-fernao-dias-divulgacao.png\" \/>\n\t<meta property=\"og:image:width\" content=\"1280\" \/>\n\t<meta property=\"og:image:height\" content=\"961\" \/>\n\t<meta property=\"og:image:type\" content=\"image\/png\" \/>\n<meta name=\"author\" content=\"Ag\u00eancia iNFRA\" \/>\n<meta name=\"twitter:card\" content=\"summary_large_image\" \/>\n<meta name=\"twitter:creator\" content=\"@agencia_infra\" \/>\n<meta name=\"twitter:site\" content=\"@agencia_infra\" \/>\n<meta name=\"twitter:label1\" content=\"Escrito por\" \/>\n\t<meta name=\"twitter:data1\" content=\"Ag\u00eancia iNFRA\" \/>\n\t<meta name=\"twitter:label2\" content=\"Est. tempo de leitura\" \/>\n\t<meta name=\"twitter:data2\" content=\"1 minuto\" \/>\n<script type=\"application\/ld+json\" class=\"yoast-schema-graph\">{\"@context\":\"https:\/\/schema.org\",\"@graph\":[{\"@type\":\"Article\",\"@id\":\"https:\/\/agenciainfra.com\/blog\/fernao-dias-dantas-diz-que-deve-levar-acordo-consensual-para-plenario-do-tcu-em-duas-semanas\/#article\",\"isPartOf\":{\"@id\":\"https:\/\/agenciainfra.com\/blog\/fernao-dias-dantas-diz-que-deve-levar-acordo-consensual-para-plenario-do-tcu-em-duas-semanas\/\"},\"author\":{\"name\":\"Ag\u00eancia iNFRA\",\"@id\":\"https:\/\/agenciainfra.com\/blog\/#\/schema\/person\/34af08dff6adea4cb22b06612ba7acfa\"},\"headline\":\"Fern\u00e3o Dias: Dantas diz que deve levar acordo consensual para plen\u00e1rio do TCU em junho\",\"datePublished\":\"2025-06-05T14:45:00+00:00\",\"dateModified\":\"2025-06-06T14:06:20+00:00\",\"mainEntityOfPage\":{\"@id\":\"https:\/\/agenciainfra.com\/blog\/fernao-dias-dantas-diz-que-deve-levar-acordo-consensual-para-plenario-do-tcu-em-duas-semanas\/\"},\"wordCount\":212,\"publisher\":{\"@id\":\"https:\/\/agenciainfra.com\/blog\/#organization\"},\"image\":{\"@id\":\"https:\/\/agenciainfra.com\/blog\/fernao-dias-dantas-diz-que-deve-levar-acordo-consensual-para-plenario-do-tcu-em-duas-semanas\/#primaryimage\"},\"thumbnailUrl\":\"https:\/\/agenciainfra.com\/blog\/wp-content\/uploads\/2025\/06\/br-381-fernao-dias-foto-arteris-fernao-dias-divulgacao-e1749220446408.png\",\"keywords\":[\"Abdib F\u00f3rum 2025\",\"ANTT\",\"Arteris\",\"BR-381\",\"Bruno Dantas\",\"Fern\u00e3o Dias\",\"repactua\u00e7\u00e3o\",\"SecexConsenso\",\"solu\u00e7\u00e3o consensual\",\"TCU\"],\"articleSection\":[\"Destaque lista\",\"Geral\",\"iNFRATransporte\"],\"inLanguage\":\"pt-BR\",\"copyrightYear\":\"2025\",\"copyrightHolder\":{\"@id\":\"https:\/\/agenciainfra.com\/blog\/#organization\"}},{\"@type\":\"WebPage\",\"@id\":\"https:\/\/agenciainfra.com\/blog\/fernao-dias-dantas-diz-que-deve-levar-acordo-consensual-para-plenario-do-tcu-em-duas-semanas\/\",\"url\":\"https:\/\/agenciainfra.com\/blog\/fernao-dias-dantas-diz-que-deve-levar-acordo-consensual-para-plenario-do-tcu-em-duas-semanas\/\",\"name\":\"Fern\u00e3o Dias: Dantas diz que deve levar acordo consensual para plen\u00e1rio do TCU em junho - Ag\u00eancia iNFRA\",\"isPartOf\":{\"@id\":\"https:\/\/agenciainfra.com\/blog\/#website\"},\"primaryImageOfPage\":{\"@id\":\"https:\/\/agenciainfra.com\/blog\/fernao-dias-dantas-diz-que-deve-levar-acordo-consensual-para-plenario-do-tcu-em-duas-semanas\/#primaryimage\"},\"image\":{\"@id\":\"https:\/\/agenciainfra.com\/blog\/fernao-dias-dantas-diz-que-deve-levar-acordo-consensual-para-plenario-do-tcu-em-duas-semanas\/#primaryimage\"},\"thumbnailUrl\":\"https:\/\/agenciainfra.com\/blog\/wp-content\/uploads\/2025\/06\/br-381-fernao-dias-foto-arteris-fernao-dias-divulgacao-e1749220446408.png\",\"datePublished\":\"2025-06-05T14:45:00+00:00\",\"dateModified\":\"2025-06-06T14:06:20+00:00\",\"breadcrumb\":{\"@id\":\"https:\/\/agenciainfra.com\/blog\/fernao-dias-dantas-diz-que-deve-levar-acordo-consensual-para-plenario-do-tcu-em-duas-semanas\/#breadcrumb\"},\"inLanguage\":\"pt-BR\",\"potentialAction\":[{\"@type\":\"ReadAction\",\"target\":[\"https:\/\/agenciainfra.com\/blog\/fernao-dias-dantas-diz-que-deve-levar-acordo-consensual-para-plenario-do-tcu-em-duas-semanas\/\"]}]},{\"@type\":\"ImageObject\",\"inLanguage\":\"pt-BR\",\"@id\":\"https:\/\/agenciainfra.com\/blog\/fernao-dias-dantas-diz-que-deve-levar-acordo-consensual-para-plenario-do-tcu-em-duas-semanas\/#primaryimage\",\"url\":\"https:\/\/agenciainfra.com\/blog\/wp-content\/uploads\/2025\/06\/br-381-fernao-dias-foto-arteris-fernao-dias-divulgacao-e1749220446408.png\",\"contentUrl\":\"https:\/\/agenciainfra.com\/blog\/wp-content\/uploads\/2025\/06\/br-381-fernao-dias-foto-arteris-fernao-dias-divulgacao-e1749220446408.png\",\"width\":1280,\"height\":757,\"caption\":\"Foto: Arteris Fern\u00e3o Dias\"},{\"@type\":\"BreadcrumbList\",\"@id\":\"https:\/\/agenciainfra.com\/blog\/fernao-dias-dantas-diz-que-deve-levar-acordo-consensual-para-plenario-do-tcu-em-duas-semanas\/#breadcrumb\",\"itemListElement\":[{\"@type\":\"ListItem\",\"position\":1,\"name\":\"In\u00edcio\",\"item\":\"https:\/\/agenciainfra.com\/blog\/\"},{\"@type\":\"ListItem\",\"position\":2,\"name\":\"Fern\u00e3o Dias: Dantas diz que deve levar acordo consensual para plen\u00e1rio do TCU em junho\"}]},{\"@type\":\"WebSite\",\"@id\":\"https:\/\/agenciainfra.com\/blog\/#website\",\"url\":\"https:\/\/agenciainfra.com\/blog\/\",\"name\":\"Ag\u00eancia iNFRA\",\"description\":\"Multiplataforma de informa\u00e7\u00e3o jornal\u00edstica refer\u00eancia na \u00e1rea de infraestrutura no Brasil!\",\"publisher\":{\"@id\":\"https:\/\/agenciainfra.com\/blog\/#organization\"},\"potentialAction\":[{\"@type\":\"SearchAction\",\"target\":{\"@type\":\"EntryPoint\",\"urlTemplate\":\"https:\/\/agenciainfra.com\/blog\/?s={search_term_string}\"},\"query-input\":{\"@type\":\"PropertyValueSpecification\",\"valueRequired\":true,\"valueName\":\"search_term_string\"}}],\"inLanguage\":\"pt-BR\"},{\"@type\":\"Organization\",\"@id\":\"https:\/\/agenciainfra.com\/blog\/#organization\",\"name\":\"Ag\u00eancia iNFRA\",\"url\":\"https:\/\/agenciainfra.com\/blog\/\",\"logo\":{\"@type\":\"ImageObject\",\"inLanguage\":\"pt-BR\",\"@id\":\"https:\/\/agenciainfra.com\/blog\/#\/schema\/logo\/image\/\",\"url\":\"https:\/\/agenciainfra.com\/blog\/wp-content\/uploads\/2023\/09\/iNFRA_5-e1761735885940.png\",\"contentUrl\":\"https:\/\/agenciainfra.com\/blog\/wp-content\/uploads\/2023\/09\/iNFRA_5-e1761735885940.png\",\"width\":1672,\"height\":454,\"caption\":\"Ag\u00eancia iNFRA\"},\"image\":{\"@id\":\"https:\/\/agenciainfra.com\/blog\/#\/schema\/logo\/image\/\"},\"sameAs\":[\"https:\/\/www.facebook.com\/ageninfra\",\"https:\/\/x.com\/agencia_infra\",\"https:\/\/www.linkedin.com\/company\/ag\u00eanciainfra\/\",\"https:\/\/www.instagram.com\/agenciainfra\/\"]},{\"@type\":\"Person\",\"@id\":\"https:\/\/agenciainfra.com\/blog\/#\/schema\/person\/34af08dff6adea4cb22b06612ba7acfa\",\"name\":\"Ag\u00eancia iNFRA\",\"image\":{\"@type\":\"ImageObject\",\"inLanguage\":\"pt-BR\",\"@id\":\"https:\/\/agenciainfra.com\/blog\/#\/schema\/person\/image\/\",\"url\":\"https:\/\/secure.gravatar.com\/avatar\/d189e01678f06d8eb84d4e01f08eb848b3fffe3f8443818d3c356c66892f5be8?s=96&d=mm&r=g\",\"contentUrl\":\"https:\/\/secure.gravatar.com\/avatar\/d189e01678f06d8eb84d4e01f08eb848b3fffe3f8443818d3c356c66892f5be8?s=96&d=mm&r=g\",\"caption\":\"Ag\u00eancia iNFRA\"},\"url\":\"https:\/\/agenciainfra.com\/blog\/author\/admin\/\"}]}<\/script>\n<!-- \/ Yoast SEO Premium plugin. -->","yoast_head_json":{"title":"Fern\u00e3o Dias: Dantas diz que deve levar acordo consensual para plen\u00e1rio do TCU em junho - Ag\u00eancia iNFRA","robots":{"index":"index","follow":"follow","max-snippet":"max-snippet:-1","max-image-preview":"max-image-preview:large","max-video-preview":"max-video-preview:-1"},"canonical":"https:\/\/agenciainfra.com\/blog\/fernao-dias-dantas-diz-que-deve-levar-acordo-consensual-para-plenario-do-tcu-em-duas-semanas\/","og_locale":"pt_BR","og_type":"article","og_title":"Fern\u00e3o Dias: Dantas diz que deve levar acordo consensual para plen\u00e1rio do TCU em junho","og_description":"da Ag\u00eancia iNFRA O ministro Bruno Dantas, do TCU (Tribunal de Contas da Uni\u00e3o), disse nesta quinta-feira (5) que deve levar ainda em junho para o plen\u00e1rio da corte o processo do acordo de solu\u00e7\u00e3o consensual para a repactua\u00e7\u00e3o do contrato da Autopista Fern\u00e3o Dias, operada pela concession\u00e1ria Arteris. No final de abril, o acordo [&hellip;]","og_url":"https:\/\/agenciainfra.com\/blog\/fernao-dias-dantas-diz-que-deve-levar-acordo-consensual-para-plenario-do-tcu-em-duas-semanas\/","og_site_name":"Ag\u00eancia iNFRA","article_publisher":"https:\/\/www.facebook.com\/ageninfra","article_published_time":"2025-06-05T14:45:00+00:00","article_modified_time":"2025-06-06T14:06:20+00:00","og_image":[{"width":1280,"height":961,"url":"https:\/\/agenciainfra.com\/blog\/wp-content\/uploads\/2025\/06\/br-381-fernao-dias-foto-arteris-fernao-dias-divulgacao.png","type":"image\/png"}],"author":"Ag\u00eancia iNFRA","twitter_card":"summary_large_image","twitter_creator":"@agencia_infra","twitter_site":"@agencia_infra","twitter_misc":{"Escrito por":"Ag\u00eancia iNFRA","Est. tempo de leitura":"1 minuto"},"schema":{"@context":"https:\/\/schema.org","@graph":[{"@type":"Article","@id":"https:\/\/agenciainfra.com\/blog\/fernao-dias-dantas-diz-que-deve-levar-acordo-consensual-para-plenario-do-tcu-em-duas-semanas\/#article","isPartOf":{"@id":"https:\/\/agenciainfra.com\/blog\/fernao-dias-dantas-diz-que-deve-levar-acordo-consensual-para-plenario-do-tcu-em-duas-semanas\/"},"author":{"name":"Ag\u00eancia iNFRA","@id":"https:\/\/agenciainfra.com\/blog\/#\/schema\/person\/34af08dff6adea4cb22b06612ba7acfa"},"headline":"Fern\u00e3o Dias: Dantas diz que deve levar acordo consensual para plen\u00e1rio do TCU em junho","datePublished":"2025-06-05T14:45:00+00:00","dateModified":"2025-06-06T14:06:20+00:00","mainEntityOfPage":{"@id":"https:\/\/agenciainfra.com\/blog\/fernao-dias-dantas-diz-que-deve-levar-acordo-consensual-para-plenario-do-tcu-em-duas-semanas\/"},"wordCount":212,"publisher":{"@id":"https:\/\/agenciainfra.com\/blog\/#organization"},"image":{"@id":"https:\/\/agenciainfra.com\/blog\/fernao-dias-dantas-diz-que-deve-levar-acordo-consensual-para-plenario-do-tcu-em-duas-semanas\/#primaryimage"},"thumbnailUrl":"https:\/\/agenciainfra.com\/blog\/wp-content\/uploads\/2025\/06\/br-381-fernao-dias-foto-arteris-fernao-dias-divulgacao-e1749220446408.png","keywords":["Abdib F\u00f3rum 2025","ANTT","Arteris","BR-381","Bruno Dantas","Fern\u00e3o Dias","repactua\u00e7\u00e3o","SecexConsenso","solu\u00e7\u00e3o consensual","TCU"],"articleSection":["Destaque lista","Geral","iNFRATransporte"],"inLanguage":"pt-BR","copyrightYear":"2025","copyrightHolder":{"@id":"https:\/\/agenciainfra.com\/blog\/#organization"}},{"@type":"WebPage","@id":"https:\/\/agenciainfra.com\/blog\/fernao-dias-dantas-diz-que-deve-levar-acordo-consensual-para-plenario-do-tcu-em-duas-semanas\/","url":"https:\/\/agenciainfra.com\/blog\/fernao-dias-dantas-diz-que-deve-levar-acordo-consensual-para-plenario-do-tcu-em-duas-semanas\/","name":"Fern\u00e3o Dias: Dantas diz que deve levar acordo consensual para plen\u00e1rio do TCU em junho - Ag\u00eancia iNFRA","isPartOf":{"@id":"https:\/\/agenciainfra.com\/blog\/#website"},"primaryImageOfPage":{"@id":"https:\/\/agenciainfra.com\/blog\/fernao-dias-dantas-diz-que-deve-levar-acordo-consensual-para-plenario-do-tcu-em-duas-semanas\/#primaryimage"},"image":{"@id":"https:\/\/agenciainfra.com\/blog\/fernao-dias-dantas-diz-que-deve-levar-acordo-consensual-para-plenario-do-tcu-em-duas-semanas\/#primaryimage"},"thumbnailUrl":"https:\/\/agenciainfra.com\/blog\/wp-content\/uploads\/2025\/06\/br-381-fernao-dias-foto-arteris-fernao-dias-divulgacao-e1749220446408.png","datePublished":"2025-06-05T14:45:00+00:00","dateModified":"2025-06-06T14:06:20+00:00","breadcrumb":{"@id":"https:\/\/agenciainfra.com\/blog\/fernao-dias-dantas-diz-que-deve-levar-acordo-consensual-para-plenario-do-tcu-em-duas-semanas\/#breadcrumb"},"inLanguage":"pt-BR","potentialAction":[{"@type":"ReadAction","target":["https:\/\/agenciainfra.com\/blog\/fernao-dias-dantas-diz-que-deve-levar-acordo-consensual-para-plenario-do-tcu-em-duas-semanas\/"]}]},{"@type":"ImageObject","inLanguage":"pt-BR","@id":"https:\/\/agenciainfra.com\/blog\/fernao-dias-dantas-diz-que-deve-levar-acordo-consensual-para-plenario-do-tcu-em-duas-semanas\/#primaryimage","url":"https:\/\/agenciainfra.com\/blog\/wp-content\/uploads\/2025\/06\/br-381-fernao-dias-foto-arteris-fernao-dias-divulgacao-e1749220446408.png","contentUrl":"https:\/\/agenciainfra.com\/blog\/wp-content\/uploads\/2025\/06\/br-381-fernao-dias-foto-arteris-fernao-dias-divulgacao-e1749220446408.png","width":1280,"height":757,"caption":"Foto: Arteris Fern\u00e3o Dias"},{"@type":"BreadcrumbList","@id":"https:\/\/agenciainfra.com\/blog\/fernao-dias-dantas-diz-que-deve-levar-acordo-consensual-para-plenario-do-tcu-em-duas-semanas\/#breadcrumb","itemListElement":[{"@type":"ListItem","position":1,"name":"In\u00edcio","item":"https:\/\/agenciainfra.com\/blog\/"},{"@type":"ListItem","position":2,"name":"Fern\u00e3o Dias: Dantas diz que deve levar acordo consensual para plen\u00e1rio do TCU em junho"}]},{"@type":"WebSite","@id":"https:\/\/agenciainfra.com\/blog\/#website","url":"https:\/\/agenciainfra.com\/blog\/","name":"Ag\u00eancia iNFRA","description":"Multiplataforma de informa\u00e7\u00e3o jornal\u00edstica refer\u00eancia na \u00e1rea de infraestrutura no Brasil!","publisher":{"@id":"https:\/\/agenciainfra.com\/blog\/#organization"},"potentialAction":[{"@type":"SearchAction","target":{"@type":"EntryPoint","urlTemplate":"https:\/\/agenciainfra.com\/blog\/?s={search_term_string}"},"query-input":{"@type":"PropertyValueSpecification","valueRequired":true,"valueName":"search_term_string"}}],"inLanguage":"pt-BR"},{"@type":"Organization","@id":"https:\/\/agenciainfra.com\/blog\/#organization","name":"Ag\u00eancia iNFRA","url":"https:\/\/agenciainfra.com\/blog\/","logo":{"@type":"ImageObject","inLanguage":"pt-BR","@id":"https:\/\/agenciainfra.com\/blog\/#\/schema\/logo\/image\/","url":"https:\/\/agenciainfra.com\/blog\/wp-content\/uploads\/2023\/09\/iNFRA_5-e1761735885940.png","contentUrl":"https:\/\/agenciainfra.com\/blog\/wp-content\/uploads\/2023\/09\/iNFRA_5-e1761735885940.png","width":1672,"height":454,"caption":"Ag\u00eancia iNFRA"},"image":{"@id":"https:\/\/agenciainfra.com\/blog\/#\/schema\/logo\/image\/"},"sameAs":["https:\/\/www.facebook.com\/ageninfra","https:\/\/x.com\/agencia_infra","https:\/\/www.linkedin.com\/company\/ag\u00eanciainfra\/","https:\/\/www.instagram.com\/agenciainfra\/"]},{"@type":"Person","@id":"https:\/\/agenciainfra.com\/blog\/#\/schema\/person\/34af08dff6adea4cb22b06612ba7acfa","name":"Ag\u00eancia iNFRA","image":{"@type":"ImageObject","inLanguage":"pt-BR","@id":"https:\/\/agenciainfra.com\/blog\/#\/schema\/person\/image\/","url":"https:\/\/secure.gravatar.com\/avatar\/d189e01678f06d8eb84d4e01f08eb848b3fffe3f8443818d3c356c66892f5be8?s=96&d=mm&r=g","contentUrl":"https:\/\/secure.gravatar.com\/avatar\/d189e01678f06d8eb84d4e01f08eb848b3fffe3f8443818d3c356c66892f5be8?s=96&d=mm&r=g","caption":"Ag\u00eancia iNFRA"},"url":"https:\/\/agenciainfra.com\/blog\/author\/admin\/"}]}},"_links":{"self":[{"href":"https:\/\/agenciainfra.com\/blog\/wp-json\/wp\/v2\/posts\/22526","targetHints":{"allow":["GET"]}}],"collection":[{"href":"https:\/\/agenciainfra.com\/blog\/wp-json\/wp\/v2\/posts"}],"about":[{"href":"https:\/\/agenciainfra.com\/blog\/wp-json\/wp\/v2\/types\/post"}],"author":[{"embeddable":true,"href":"https:\/\/agenciainfra.com\/blog\/wp-json\/wp\/v2\/users\/1"}],"replies":[{"embeddable":true,"href":"https:\/\/agenciainfra.com\/blog\/wp-json\/wp\/v2\/comments?post=22526"}],"version-history":[{"count":2,"href":"https:\/\/agenciainfra.com\/blog\/wp-json\/wp\/v2\/posts\/22526\/revisions"}],"predecessor-version":[{"id":22529,"href":"https:\/\/agenciainfra.com\/blog\/wp-json\/wp\/v2\/posts\/22526\/revisions\/22529"}],"wp:featuredmedia":[{"embeddable":true,"href":"https:\/\/agenciainfra.com\/blog\/wp-json\/wp\/v2\/media\/22525"}],"wp:attachment":[{"href":"https:\/\/agenciainfra.com\/blog\/wp-json\/wp\/v2\/media?parent=22526"}],"wp:term":[{"taxonomy":"category","embeddable":true,"href":"https:\/\/agenciainfra.com\/blog\/wp-json\/wp\/v2\/categories?post=22526"},{"taxonomy":"post_tag","embeddable":true,"href":"https:\/\/agenciainfra.com\/blog\/wp-json\/wp\/v2\/tags?post=22526"}],"curies":[{"name":"wp","href":"https:\/\/api.w.org\/{rel}","templated":true}]}}