{"id":22559,"date":"2025-06-06T11:05:00","date_gmt":"2025-06-06T14:05:00","guid":{"rendered":"https:\/\/agenciainfra.com\/blog\/?p=22559"},"modified":"2025-06-07T12:48:03","modified_gmt":"2025-06-07T15:48:03","slug":"governo-tarcisio-diz-que-restricao-em-leilao-do-tecon-10-ameaca-a-logistica-do-estado","status":"publish","type":"post","link":"https:\/\/agenciainfra.com\/blog\/governo-tarcisio-diz-que-restricao-em-leilao-do-tecon-10-ameaca-a-logistica-do-estado\/","title":{"rendered":"Governo Tarc\u00edsio diz que restri\u00e7\u00e3o em leil\u00e3o do Tecon 10 &#8220;amea\u00e7a a log\u00edstica&#8221; do estado"},"content":{"rendered":"\n<p class=\"has-text-align-right\"><strong>Amanda Pupo, da Ag\u00eancia iNFRA<\/strong><\/p>\n\n\n\n<p>O governo de S\u00e3o Paulo, comandado por Tarc\u00edsio de Freitas, enviou um of\u00edcio a autoridades de Bras\u00edlia nesta quinta-feira (5) posicionando-se de forma contr\u00e1ria ao modelo de leil\u00e3o em duas fases do Tecon Santos 10. No documento, ao qual a&nbsp;<strong>Ag\u00eancia iNFRA<\/strong>&nbsp;teve acesso, a administra\u00e7\u00e3o estadual faz um apelo para que o certame tenha regras que possibilitem uma ampla concorr\u00eancia.&nbsp;<br><br>O modelo enviado pelo MPor (Minist\u00e9rio de Portos e Aeroportos) ao TCU (Tribunal de Contas da Uni\u00e3o) prev\u00ea que na primeira etapa da licita\u00e7\u00e3o n\u00e3o poder\u00e3o participar empresas que j\u00e1 operam em Santos. Somente se n\u00e3o houvesse proposta nesta fase \u00e9 que outras companhias poderiam disputar o ativo.&nbsp;<br><br>A formata\u00e7\u00e3o do leil\u00e3o \u00e9 uma responsabilidade do governo federal, mas, como o ativo est\u00e1 localizado em S\u00e3o Paulo, no maior complexo portu\u00e1rio da Am\u00e9rica Latina, a administra\u00e7\u00e3o&nbsp;paulista decidiu se envolver oficialmente.&nbsp;<br><br>H\u00e1 outros projetos de infraestrutura em Santos que relacionam diretamente Tarc\u00edsio na interlocu\u00e7\u00e3o com a gest\u00e3o Lula, como \u00e9 o caso do T\u00fanel Santos-Guaruj\u00e1. O empreendimento \u00e9 projetado como uma parceria dos governos estadual e federal, embora a regula\u00e7\u00e3o tenha ficado a cargo da gest\u00e3o subnacional.<br><br>Os of\u00edcios foram encaminhados ao ministro de Portos e Aeroportos, Silvio Costa Filho, do mesmo partido do governador, ao diretor-geral substituto da ANTAQ, Caio Farias, ao relator do processo no TCU, ministro Antonio Anastasia, e ao presidente do Cade (Conselho Administrativo de Defesa Econ\u00f4mica), Alexandre Cordeiro.<br><br>No&nbsp;<a href=\"https:\/\/agenciainfra.us14.list-manage.com\/track\/click?u=d460dd1bcf9ba0ae040e1fc0f&amp;id=d3004f9e9d&amp;e=55b7a27fc9\" target=\"_blank\" rel=\"noreferrer noopener\">documento<\/a>&nbsp;assinado nesta quinta-feira, o governo de SP diz que a cria\u00e7\u00e3o de regras restritivas no leil\u00e3o do terminal de cont\u00eaineres esvazia a ampla competi\u00e7\u00e3o&nbsp;e impede a participa\u00e7\u00e3o de agentes econ\u00f4micos tecnicamente qualificados.&nbsp;<br><br>O documento \u00e9 assinado pelo secret\u00e1rio de Parcerias em Investimentos, Rafael Benini, e pela secret\u00e1ria de Meio Ambiente, Infraestrutura e Log\u00edstica, Nat\u00e1lia Resende. Eles argumentam que, retirando empresas qualificadas do certame, o resultado pode ser um servi\u00e7o menos eficiente e mais custoso para a cadeia log\u00edstica paulista.<br><br>\u201cO complexo portu\u00e1rio [&#8230;] \u00e9&nbsp;fundamental para a movimenta\u00e7\u00e3o de cargas do Estado de S\u00e3o Paulo, que concentra uma grande parte da produ\u00e7\u00e3o agroindustrial e industrial do pa\u00eds. A atividade econ\u00f4mica do Porto de Santos gera um grande impacto socioecon\u00f4mico que vai al\u00e9m dos limites de sua poligonal, com reflexos diretos e indiretos em atividades de compet\u00eancia estadual\u201d, escreve o governo paulista no of\u00edcio, dizendo ainda que o estado foi surpreendido pela sistem\u00e1tica aprovada na ANTAQ.&nbsp;<br><br>Os secret\u00e1rios de Tarc\u00edsio discorrem ainda que a&nbsp;ag\u00eancia federal&nbsp;apontou para uma alternativa, \u201cdentre outras poss\u00edveis&#8221;, menos gravosa, ao prever que empresas que j\u00e1 est\u00e3o em Santos se desfa\u00e7am de seus ativos se levarem o terminal na segunda fase do certame.<br><br>\u201cA Ag\u00eancia reguladora acabou por indicar uma solu\u00e7\u00e3o menos restritiva \u00e0 concorr\u00eancia do que aquela adotada na proposta aprovada para o procedimento licitat\u00f3rio, demonstrando n\u00e3o haver justificativas legais ou t\u00e9cnicas para estabelecer-se a restri\u00e7\u00e3o da Etapa 1&#8243;, diz o of\u00edcio, argumentando tamb\u00e9m que a an\u00e1lise de concentra\u00e7\u00e3o no mercado deveria ser conduzida pelo Cade.<\/p>\n","protected":false},"excerpt":{"rendered":"<p>Amanda Pupo, da Ag\u00eancia iNFRA O governo de S\u00e3o Paulo, comandado por Tarc\u00edsio de Freitas, enviou um of\u00edcio a autoridades de Bras\u00edlia nesta quinta-feira (5) posicionando-se de forma contr\u00e1ria ao modelo de leil\u00e3o em duas fases do Tecon Santos 10. No documento, ao qual a&nbsp;Ag\u00eancia iNFRA&nbsp;teve acesso, a administra\u00e7\u00e3o estadual faz um apelo para que [&hellip;]<\/p>\n","protected":false},"author":1,"featured_media":9187,"comment_status":"closed","ping_status":"closed","sticky":false,"template":"","format":"standard","meta":{"_monsterinsights_skip_tracking":false,"_monsterinsights_sitenote_active":false,"_monsterinsights_sitenote_note":"","_monsterinsights_sitenote_category":0,"footnotes":""},"categories":[1,7],"tags":[13354,86,3245,873,254,4754,6919,260,11998,4101,448,12474,1634],"class_list":["post-22559","post","type-post","status-publish","format-standard","has-post-thumbnail","hentry","category-geral","category-infratransporte","tag-amanda-pupo","tag-antaq","tag-concorrencia","tag-conteineres","tag-leilao","tag-leilao-portuario","tag-mpor","tag-porto-de-santos","tag-reuniao-antaq","tag-sts10","tag-tarcisio-de-freitas","tag-tecon-santos-10","tag-terminal-de-conteineres"],"yoast_head":"<!-- This site is optimized with the Yoast SEO Premium plugin v25.4 (Yoast SEO v26.0) - https:\/\/yoast.com\/wordpress\/plugins\/seo\/ -->\n<title>Governo Tarc\u00edsio diz que restri\u00e7\u00e3o em leil\u00e3o do Tecon 10 &quot;amea\u00e7a a log\u00edstica&quot; do estado - Ag\u00eancia iNFRA<\/title>\n<meta name=\"robots\" content=\"index, follow, max-snippet:-1, max-image-preview:large, max-video-preview:-1\" \/>\n<link rel=\"canonical\" href=\"https:\/\/agenciainfra.com\/blog\/governo-tarcisio-diz-que-restricao-em-leilao-do-tecon-10-ameaca-a-logistica-do-estado\/\" \/>\n<meta property=\"og:locale\" content=\"pt_BR\" \/>\n<meta property=\"og:type\" content=\"article\" \/>\n<meta property=\"og:title\" content=\"Governo Tarc\u00edsio diz que restri\u00e7\u00e3o em leil\u00e3o do Tecon 10 &quot;amea\u00e7a a log\u00edstica&quot; do estado\" \/>\n<meta property=\"og:description\" content=\"Amanda Pupo, da Ag\u00eancia iNFRA O governo de S\u00e3o Paulo, comandado por Tarc\u00edsio de Freitas, enviou um of\u00edcio a autoridades de Bras\u00edlia nesta quinta-feira (5) posicionando-se de forma contr\u00e1ria ao modelo de leil\u00e3o em duas fases do Tecon Santos 10. No documento, ao qual a&nbsp;Ag\u00eancia iNFRA&nbsp;teve acesso, a administra\u00e7\u00e3o estadual faz um apelo para que [&hellip;]\" \/>\n<meta property=\"og:url\" content=\"https:\/\/agenciainfra.com\/blog\/governo-tarcisio-diz-que-restricao-em-leilao-do-tecon-10-ameaca-a-logistica-do-estado\/\" \/>\n<meta property=\"og:site_name\" content=\"Ag\u00eancia iNFRA\" \/>\n<meta property=\"article:publisher\" content=\"https:\/\/www.facebook.com\/ageninfra\" \/>\n<meta property=\"article:published_time\" content=\"2025-06-06T14:05:00+00:00\" \/>\n<meta property=\"article:modified_time\" content=\"2025-06-07T15:48:03+00:00\" \/>\n<meta property=\"og:image\" content=\"https:\/\/agenciainfra.com\/blog\/wp-content\/uploads\/2021\/12\/min-tarcisio-foto-ricardo-botelho-minfra-e1749218069699.jpeg\" \/>\n\t<meta property=\"og:image:width\" content=\"1280\" \/>\n\t<meta property=\"og:image:height\" content=\"764\" \/>\n\t<meta property=\"og:image:type\" content=\"image\/jpeg\" \/>\n<meta name=\"author\" content=\"Ag\u00eancia iNFRA\" \/>\n<meta name=\"twitter:card\" content=\"summary_large_image\" \/>\n<meta name=\"twitter:creator\" content=\"@agencia_infra\" \/>\n<meta name=\"twitter:site\" content=\"@agencia_infra\" \/>\n<meta name=\"twitter:label1\" content=\"Escrito por\" \/>\n\t<meta name=\"twitter:data1\" content=\"Ag\u00eancia iNFRA\" \/>\n\t<meta name=\"twitter:label2\" content=\"Est. tempo de leitura\" \/>\n\t<meta name=\"twitter:data2\" content=\"3 minutos\" \/>\n<script type=\"application\/ld+json\" class=\"yoast-schema-graph\">{\"@context\":\"https:\/\/schema.org\",\"@graph\":[{\"@type\":\"Article\",\"@id\":\"https:\/\/agenciainfra.com\/blog\/governo-tarcisio-diz-que-restricao-em-leilao-do-tecon-10-ameaca-a-logistica-do-estado\/#article\",\"isPartOf\":{\"@id\":\"https:\/\/agenciainfra.com\/blog\/governo-tarcisio-diz-que-restricao-em-leilao-do-tecon-10-ameaca-a-logistica-do-estado\/\"},\"author\":{\"name\":\"Ag\u00eancia iNFRA\",\"@id\":\"https:\/\/agenciainfra.com\/blog\/#\/schema\/person\/34af08dff6adea4cb22b06612ba7acfa\"},\"headline\":\"Governo Tarc\u00edsio diz que restri\u00e7\u00e3o em leil\u00e3o do Tecon 10 &#8220;amea\u00e7a a log\u00edstica&#8221; do estado\",\"datePublished\":\"2025-06-06T14:05:00+00:00\",\"dateModified\":\"2025-06-07T15:48:03+00:00\",\"mainEntityOfPage\":{\"@id\":\"https:\/\/agenciainfra.com\/blog\/governo-tarcisio-diz-que-restricao-em-leilao-do-tecon-10-ameaca-a-logistica-do-estado\/\"},\"wordCount\":585,\"publisher\":{\"@id\":\"https:\/\/agenciainfra.com\/blog\/#organization\"},\"image\":{\"@id\":\"https:\/\/agenciainfra.com\/blog\/governo-tarcisio-diz-que-restricao-em-leilao-do-tecon-10-ameaca-a-logistica-do-estado\/#primaryimage\"},\"thumbnailUrl\":\"https:\/\/agenciainfra.com\/blog\/wp-content\/uploads\/2021\/12\/min-tarcisio-foto-ricardo-botelho-minfra-e1749218069699.jpeg\",\"keywords\":[\"Amanda Pupo\",\"ANTAQ\",\"concorr\u00eancia\",\"cont\u00eaineres\",\"leil\u00e3o\",\"leil\u00e3o portu\u00e1rio\",\"MPor\",\"Porto de Santos\",\"reuni\u00e3o antaq\",\"STS10\",\"Tarc\u00edsio de Freitas\",\"Tecon Santos 10\",\"terminal de cont\u00eaineres\"],\"articleSection\":[\"Geral\",\"iNFRATransporte\"],\"inLanguage\":\"pt-BR\",\"copyrightYear\":\"2025\",\"copyrightHolder\":{\"@id\":\"https:\/\/agenciainfra.com\/blog\/#organization\"}},{\"@type\":\"WebPage\",\"@id\":\"https:\/\/agenciainfra.com\/blog\/governo-tarcisio-diz-que-restricao-em-leilao-do-tecon-10-ameaca-a-logistica-do-estado\/\",\"url\":\"https:\/\/agenciainfra.com\/blog\/governo-tarcisio-diz-que-restricao-em-leilao-do-tecon-10-ameaca-a-logistica-do-estado\/\",\"name\":\"Governo Tarc\u00edsio diz que restri\u00e7\u00e3o em leil\u00e3o do Tecon 10 \\\"amea\u00e7a a log\u00edstica\\\" do estado - Ag\u00eancia iNFRA\",\"isPartOf\":{\"@id\":\"https:\/\/agenciainfra.com\/blog\/#website\"},\"primaryImageOfPage\":{\"@id\":\"https:\/\/agenciainfra.com\/blog\/governo-tarcisio-diz-que-restricao-em-leilao-do-tecon-10-ameaca-a-logistica-do-estado\/#primaryimage\"},\"image\":{\"@id\":\"https:\/\/agenciainfra.com\/blog\/governo-tarcisio-diz-que-restricao-em-leilao-do-tecon-10-ameaca-a-logistica-do-estado\/#primaryimage\"},\"thumbnailUrl\":\"https:\/\/agenciainfra.com\/blog\/wp-content\/uploads\/2021\/12\/min-tarcisio-foto-ricardo-botelho-minfra-e1749218069699.jpeg\",\"datePublished\":\"2025-06-06T14:05:00+00:00\",\"dateModified\":\"2025-06-07T15:48:03+00:00\",\"breadcrumb\":{\"@id\":\"https:\/\/agenciainfra.com\/blog\/governo-tarcisio-diz-que-restricao-em-leilao-do-tecon-10-ameaca-a-logistica-do-estado\/#breadcrumb\"},\"inLanguage\":\"pt-BR\",\"potentialAction\":[{\"@type\":\"ReadAction\",\"target\":[\"https:\/\/agenciainfra.com\/blog\/governo-tarcisio-diz-que-restricao-em-leilao-do-tecon-10-ameaca-a-logistica-do-estado\/\"]}]},{\"@type\":\"ImageObject\",\"inLanguage\":\"pt-BR\",\"@id\":\"https:\/\/agenciainfra.com\/blog\/governo-tarcisio-diz-que-restricao-em-leilao-do-tecon-10-ameaca-a-logistica-do-estado\/#primaryimage\",\"url\":\"https:\/\/agenciainfra.com\/blog\/wp-content\/uploads\/2021\/12\/min-tarcisio-foto-ricardo-botelho-minfra-e1749218069699.jpeg\",\"contentUrl\":\"https:\/\/agenciainfra.com\/blog\/wp-content\/uploads\/2021\/12\/min-tarcisio-foto-ricardo-botelho-minfra-e1749218069699.jpeg\",\"width\":1280,\"height\":764,\"caption\":\"Foto: Ricardo Botelho\/Minfra\"},{\"@type\":\"BreadcrumbList\",\"@id\":\"https:\/\/agenciainfra.com\/blog\/governo-tarcisio-diz-que-restricao-em-leilao-do-tecon-10-ameaca-a-logistica-do-estado\/#breadcrumb\",\"itemListElement\":[{\"@type\":\"ListItem\",\"position\":1,\"name\":\"In\u00edcio\",\"item\":\"https:\/\/agenciainfra.com\/blog\/\"},{\"@type\":\"ListItem\",\"position\":2,\"name\":\"Governo Tarc\u00edsio diz que restri\u00e7\u00e3o em leil\u00e3o do Tecon 10 &#8220;amea\u00e7a a log\u00edstica&#8221; do estado\"}]},{\"@type\":\"WebSite\",\"@id\":\"https:\/\/agenciainfra.com\/blog\/#website\",\"url\":\"https:\/\/agenciainfra.com\/blog\/\",\"name\":\"Ag\u00eancia iNFRA\",\"description\":\"Multiplataforma de informa\u00e7\u00e3o jornal\u00edstica refer\u00eancia na \u00e1rea de infraestrutura no Brasil!\",\"publisher\":{\"@id\":\"https:\/\/agenciainfra.com\/blog\/#organization\"},\"potentialAction\":[{\"@type\":\"SearchAction\",\"target\":{\"@type\":\"EntryPoint\",\"urlTemplate\":\"https:\/\/agenciainfra.com\/blog\/?s={search_term_string}\"},\"query-input\":{\"@type\":\"PropertyValueSpecification\",\"valueRequired\":true,\"valueName\":\"search_term_string\"}}],\"inLanguage\":\"pt-BR\"},{\"@type\":\"Organization\",\"@id\":\"https:\/\/agenciainfra.com\/blog\/#organization\",\"name\":\"Ag\u00eancia iNFRA\",\"url\":\"https:\/\/agenciainfra.com\/blog\/\",\"logo\":{\"@type\":\"ImageObject\",\"inLanguage\":\"pt-BR\",\"@id\":\"https:\/\/agenciainfra.com\/blog\/#\/schema\/logo\/image\/\",\"url\":\"https:\/\/agenciainfra.com\/blog\/wp-content\/uploads\/2023\/09\/iNFRA_5-e1761735885940.png\",\"contentUrl\":\"https:\/\/agenciainfra.com\/blog\/wp-content\/uploads\/2023\/09\/iNFRA_5-e1761735885940.png\",\"width\":1672,\"height\":454,\"caption\":\"Ag\u00eancia iNFRA\"},\"image\":{\"@id\":\"https:\/\/agenciainfra.com\/blog\/#\/schema\/logo\/image\/\"},\"sameAs\":[\"https:\/\/www.facebook.com\/ageninfra\",\"https:\/\/x.com\/agencia_infra\",\"https:\/\/www.linkedin.com\/company\/ag\u00eanciainfra\/\",\"https:\/\/www.instagram.com\/agenciainfra\/\"]},{\"@type\":\"Person\",\"@id\":\"https:\/\/agenciainfra.com\/blog\/#\/schema\/person\/34af08dff6adea4cb22b06612ba7acfa\",\"name\":\"Ag\u00eancia iNFRA\",\"image\":{\"@type\":\"ImageObject\",\"inLanguage\":\"pt-BR\",\"@id\":\"https:\/\/agenciainfra.com\/blog\/#\/schema\/person\/image\/\",\"url\":\"https:\/\/secure.gravatar.com\/avatar\/d189e01678f06d8eb84d4e01f08eb848b3fffe3f8443818d3c356c66892f5be8?s=96&d=mm&r=g\",\"contentUrl\":\"https:\/\/secure.gravatar.com\/avatar\/d189e01678f06d8eb84d4e01f08eb848b3fffe3f8443818d3c356c66892f5be8?s=96&d=mm&r=g\",\"caption\":\"Ag\u00eancia iNFRA\"},\"url\":\"https:\/\/agenciainfra.com\/blog\/author\/admin\/\"}]}<\/script>\n<!-- \/ Yoast SEO Premium plugin. -->","yoast_head_json":{"title":"Governo Tarc\u00edsio diz que restri\u00e7\u00e3o em leil\u00e3o do Tecon 10 \"amea\u00e7a a log\u00edstica\" do estado - Ag\u00eancia iNFRA","robots":{"index":"index","follow":"follow","max-snippet":"max-snippet:-1","max-image-preview":"max-image-preview:large","max-video-preview":"max-video-preview:-1"},"canonical":"https:\/\/agenciainfra.com\/blog\/governo-tarcisio-diz-que-restricao-em-leilao-do-tecon-10-ameaca-a-logistica-do-estado\/","og_locale":"pt_BR","og_type":"article","og_title":"Governo Tarc\u00edsio diz que restri\u00e7\u00e3o em leil\u00e3o do Tecon 10 \"amea\u00e7a a log\u00edstica\" do estado","og_description":"Amanda Pupo, da Ag\u00eancia iNFRA O governo de S\u00e3o Paulo, comandado por Tarc\u00edsio de Freitas, enviou um of\u00edcio a autoridades de Bras\u00edlia nesta quinta-feira (5) posicionando-se de forma contr\u00e1ria ao modelo de leil\u00e3o em duas fases do Tecon Santos 10. No documento, ao qual a&nbsp;Ag\u00eancia iNFRA&nbsp;teve acesso, a administra\u00e7\u00e3o estadual faz um apelo para que [&hellip;]","og_url":"https:\/\/agenciainfra.com\/blog\/governo-tarcisio-diz-que-restricao-em-leilao-do-tecon-10-ameaca-a-logistica-do-estado\/","og_site_name":"Ag\u00eancia iNFRA","article_publisher":"https:\/\/www.facebook.com\/ageninfra","article_published_time":"2025-06-06T14:05:00+00:00","article_modified_time":"2025-06-07T15:48:03+00:00","og_image":[{"width":1280,"height":764,"url":"https:\/\/agenciainfra.com\/blog\/wp-content\/uploads\/2021\/12\/min-tarcisio-foto-ricardo-botelho-minfra-e1749218069699.jpeg","type":"image\/jpeg"}],"author":"Ag\u00eancia iNFRA","twitter_card":"summary_large_image","twitter_creator":"@agencia_infra","twitter_site":"@agencia_infra","twitter_misc":{"Escrito por":"Ag\u00eancia iNFRA","Est. tempo de leitura":"3 minutos"},"schema":{"@context":"https:\/\/schema.org","@graph":[{"@type":"Article","@id":"https:\/\/agenciainfra.com\/blog\/governo-tarcisio-diz-que-restricao-em-leilao-do-tecon-10-ameaca-a-logistica-do-estado\/#article","isPartOf":{"@id":"https:\/\/agenciainfra.com\/blog\/governo-tarcisio-diz-que-restricao-em-leilao-do-tecon-10-ameaca-a-logistica-do-estado\/"},"author":{"name":"Ag\u00eancia iNFRA","@id":"https:\/\/agenciainfra.com\/blog\/#\/schema\/person\/34af08dff6adea4cb22b06612ba7acfa"},"headline":"Governo Tarc\u00edsio diz que restri\u00e7\u00e3o em leil\u00e3o do Tecon 10 &#8220;amea\u00e7a a log\u00edstica&#8221; do estado","datePublished":"2025-06-06T14:05:00+00:00","dateModified":"2025-06-07T15:48:03+00:00","mainEntityOfPage":{"@id":"https:\/\/agenciainfra.com\/blog\/governo-tarcisio-diz-que-restricao-em-leilao-do-tecon-10-ameaca-a-logistica-do-estado\/"},"wordCount":585,"publisher":{"@id":"https:\/\/agenciainfra.com\/blog\/#organization"},"image":{"@id":"https:\/\/agenciainfra.com\/blog\/governo-tarcisio-diz-que-restricao-em-leilao-do-tecon-10-ameaca-a-logistica-do-estado\/#primaryimage"},"thumbnailUrl":"https:\/\/agenciainfra.com\/blog\/wp-content\/uploads\/2021\/12\/min-tarcisio-foto-ricardo-botelho-minfra-e1749218069699.jpeg","keywords":["Amanda Pupo","ANTAQ","concorr\u00eancia","cont\u00eaineres","leil\u00e3o","leil\u00e3o portu\u00e1rio","MPor","Porto de Santos","reuni\u00e3o antaq","STS10","Tarc\u00edsio de Freitas","Tecon Santos 10","terminal de cont\u00eaineres"],"articleSection":["Geral","iNFRATransporte"],"inLanguage":"pt-BR","copyrightYear":"2025","copyrightHolder":{"@id":"https:\/\/agenciainfra.com\/blog\/#organization"}},{"@type":"WebPage","@id":"https:\/\/agenciainfra.com\/blog\/governo-tarcisio-diz-que-restricao-em-leilao-do-tecon-10-ameaca-a-logistica-do-estado\/","url":"https:\/\/agenciainfra.com\/blog\/governo-tarcisio-diz-que-restricao-em-leilao-do-tecon-10-ameaca-a-logistica-do-estado\/","name":"Governo Tarc\u00edsio diz que restri\u00e7\u00e3o em leil\u00e3o do Tecon 10 \"amea\u00e7a a log\u00edstica\" do estado - Ag\u00eancia iNFRA","isPartOf":{"@id":"https:\/\/agenciainfra.com\/blog\/#website"},"primaryImageOfPage":{"@id":"https:\/\/agenciainfra.com\/blog\/governo-tarcisio-diz-que-restricao-em-leilao-do-tecon-10-ameaca-a-logistica-do-estado\/#primaryimage"},"image":{"@id":"https:\/\/agenciainfra.com\/blog\/governo-tarcisio-diz-que-restricao-em-leilao-do-tecon-10-ameaca-a-logistica-do-estado\/#primaryimage"},"thumbnailUrl":"https:\/\/agenciainfra.com\/blog\/wp-content\/uploads\/2021\/12\/min-tarcisio-foto-ricardo-botelho-minfra-e1749218069699.jpeg","datePublished":"2025-06-06T14:05:00+00:00","dateModified":"2025-06-07T15:48:03+00:00","breadcrumb":{"@id":"https:\/\/agenciainfra.com\/blog\/governo-tarcisio-diz-que-restricao-em-leilao-do-tecon-10-ameaca-a-logistica-do-estado\/#breadcrumb"},"inLanguage":"pt-BR","potentialAction":[{"@type":"ReadAction","target":["https:\/\/agenciainfra.com\/blog\/governo-tarcisio-diz-que-restricao-em-leilao-do-tecon-10-ameaca-a-logistica-do-estado\/"]}]},{"@type":"ImageObject","inLanguage":"pt-BR","@id":"https:\/\/agenciainfra.com\/blog\/governo-tarcisio-diz-que-restricao-em-leilao-do-tecon-10-ameaca-a-logistica-do-estado\/#primaryimage","url":"https:\/\/agenciainfra.com\/blog\/wp-content\/uploads\/2021\/12\/min-tarcisio-foto-ricardo-botelho-minfra-e1749218069699.jpeg","contentUrl":"https:\/\/agenciainfra.com\/blog\/wp-content\/uploads\/2021\/12\/min-tarcisio-foto-ricardo-botelho-minfra-e1749218069699.jpeg","width":1280,"height":764,"caption":"Foto: Ricardo Botelho\/Minfra"},{"@type":"BreadcrumbList","@id":"https:\/\/agenciainfra.com\/blog\/governo-tarcisio-diz-que-restricao-em-leilao-do-tecon-10-ameaca-a-logistica-do-estado\/#breadcrumb","itemListElement":[{"@type":"ListItem","position":1,"name":"In\u00edcio","item":"https:\/\/agenciainfra.com\/blog\/"},{"@type":"ListItem","position":2,"name":"Governo Tarc\u00edsio diz que restri\u00e7\u00e3o em leil\u00e3o do Tecon 10 &#8220;amea\u00e7a a log\u00edstica&#8221; do estado"}]},{"@type":"WebSite","@id":"https:\/\/agenciainfra.com\/blog\/#website","url":"https:\/\/agenciainfra.com\/blog\/","name":"Ag\u00eancia iNFRA","description":"Multiplataforma de informa\u00e7\u00e3o jornal\u00edstica refer\u00eancia na \u00e1rea de infraestrutura no Brasil!","publisher":{"@id":"https:\/\/agenciainfra.com\/blog\/#organization"},"potentialAction":[{"@type":"SearchAction","target":{"@type":"EntryPoint","urlTemplate":"https:\/\/agenciainfra.com\/blog\/?s={search_term_string}"},"query-input":{"@type":"PropertyValueSpecification","valueRequired":true,"valueName":"search_term_string"}}],"inLanguage":"pt-BR"},{"@type":"Organization","@id":"https:\/\/agenciainfra.com\/blog\/#organization","name":"Ag\u00eancia iNFRA","url":"https:\/\/agenciainfra.com\/blog\/","logo":{"@type":"ImageObject","inLanguage":"pt-BR","@id":"https:\/\/agenciainfra.com\/blog\/#\/schema\/logo\/image\/","url":"https:\/\/agenciainfra.com\/blog\/wp-content\/uploads\/2023\/09\/iNFRA_5-e1761735885940.png","contentUrl":"https:\/\/agenciainfra.com\/blog\/wp-content\/uploads\/2023\/09\/iNFRA_5-e1761735885940.png","width":1672,"height":454,"caption":"Ag\u00eancia iNFRA"},"image":{"@id":"https:\/\/agenciainfra.com\/blog\/#\/schema\/logo\/image\/"},"sameAs":["https:\/\/www.facebook.com\/ageninfra","https:\/\/x.com\/agencia_infra","https:\/\/www.linkedin.com\/company\/ag\u00eanciainfra\/","https:\/\/www.instagram.com\/agenciainfra\/"]},{"@type":"Person","@id":"https:\/\/agenciainfra.com\/blog\/#\/schema\/person\/34af08dff6adea4cb22b06612ba7acfa","name":"Ag\u00eancia iNFRA","image":{"@type":"ImageObject","inLanguage":"pt-BR","@id":"https:\/\/agenciainfra.com\/blog\/#\/schema\/person\/image\/","url":"https:\/\/secure.gravatar.com\/avatar\/d189e01678f06d8eb84d4e01f08eb848b3fffe3f8443818d3c356c66892f5be8?s=96&d=mm&r=g","contentUrl":"https:\/\/secure.gravatar.com\/avatar\/d189e01678f06d8eb84d4e01f08eb848b3fffe3f8443818d3c356c66892f5be8?s=96&d=mm&r=g","caption":"Ag\u00eancia iNFRA"},"url":"https:\/\/agenciainfra.com\/blog\/author\/admin\/"}]}},"_links":{"self":[{"href":"https:\/\/agenciainfra.com\/blog\/wp-json\/wp\/v2\/posts\/22559","targetHints":{"allow":["GET"]}}],"collection":[{"href":"https:\/\/agenciainfra.com\/blog\/wp-json\/wp\/v2\/posts"}],"about":[{"href":"https:\/\/agenciainfra.com\/blog\/wp-json\/wp\/v2\/types\/post"}],"author":[{"embeddable":true,"href":"https:\/\/agenciainfra.com\/blog\/wp-json\/wp\/v2\/users\/1"}],"replies":[{"embeddable":true,"href":"https:\/\/agenciainfra.com\/blog\/wp-json\/wp\/v2\/comments?post=22559"}],"version-history":[{"count":1,"href":"https:\/\/agenciainfra.com\/blog\/wp-json\/wp\/v2\/posts\/22559\/revisions"}],"predecessor-version":[{"id":22560,"href":"https:\/\/agenciainfra.com\/blog\/wp-json\/wp\/v2\/posts\/22559\/revisions\/22560"}],"wp:featuredmedia":[{"embeddable":true,"href":"https:\/\/agenciainfra.com\/blog\/wp-json\/wp\/v2\/media\/9187"}],"wp:attachment":[{"href":"https:\/\/agenciainfra.com\/blog\/wp-json\/wp\/v2\/media?parent=22559"}],"wp:term":[{"taxonomy":"category","embeddable":true,"href":"https:\/\/agenciainfra.com\/blog\/wp-json\/wp\/v2\/categories?post=22559"},{"taxonomy":"post_tag","embeddable":true,"href":"https:\/\/agenciainfra.com\/blog\/wp-json\/wp\/v2\/tags?post=22559"}],"curies":[{"name":"wp","href":"https:\/\/api.w.org\/{rel}","templated":true}]}}