{"id":22570,"date":"2025-06-06T12:41:23","date_gmt":"2025-06-06T15:41:23","guid":{"rendered":"https:\/\/agenciainfra.com\/blog\/?p=22570"},"modified":"2025-06-09T08:50:12","modified_gmt":"2025-06-09T11:50:12","slug":"governo-admite-negociar-mudancas-sobre-desconto-no-fio-e-inclusao-do-curtailment-na-mp-do-setor-eletrico","status":"publish","type":"post","link":"https:\/\/agenciainfra.com\/blog\/governo-admite-negociar-mudancas-sobre-desconto-no-fio-e-inclusao-do-curtailment-na-mp-do-setor-eletrico\/","title":{"rendered":"Governo admite negociar mudan\u00e7as sobre desconto no fio e inclus\u00e3o do curtailment na MP do setor el\u00e9trico"},"content":{"rendered":"\n<p class=\"has-text-align-right\"><strong>Geraldo Campos Jr. e Marisa Wanzeller, da Ag\u00eancia iNFRA<\/strong><\/p>\n\n\n\n<p>O secret\u00e1rio de Energia El\u00e9trica do MME (Minist\u00e9rio de Minas e Energia), Gentil Nogueira, disse nesta sexta-feira (6) que o governo admite que alguns pontos possam ser inseridos na MP (Medida Provis\u00f3ria) 1.300\/2025 pelo Congresso Nacional por meio de emendas. Dentre eles, uma regra de transi\u00e7\u00e3o para o fim do desconto nos fios de energia el\u00e9trica para os consumidores de fontes renov\u00e1veis e tratativas para os cortes de gera\u00e7\u00e3o, conhecidos como curtailment.<\/p>\n\n\n\n<p>Em entrevista \u00e0 <strong>Ag\u00eancia iNFRA<\/strong> no CNN Money, Gentil disse que o Congresso ter\u00e1 autonomia para fazer mudan\u00e7as e que se for colocada outra solu\u00e7\u00e3o sobre o tema do fio, desde que mantendo o fim do subs\u00eddio para o consumidor de fonte incentivada, o governo estar\u00e1 disposto a conversar.<\/p>\n\n\n\n<p>\u201c\u00c9 l\u00f3gico que o fim do desconto pode levar a discuss\u00f5es dentro do Congresso Nacional com rela\u00e7\u00e3o \u00e0 transi\u00e7\u00e3o. Eu acho que \u00e9 invi\u00e1vel n\u00e3o ter uma sa\u00edda para essa quest\u00e3o. Agora, se a transi\u00e7\u00e3o que foi proposta na medida provis\u00f3ria poderia ser substitu\u00edda, isso vai ser conversado dentro do Congresso. E se eventualmente houver uma outra solu\u00e7\u00e3o que atenda aos interesses dos consumidores que precisam ver esse mercado eficiente e justo, o governo vai estar disposto a conversar e achar uma sa\u00edda\u201d, afirmou.<\/p>\n\n\n\n<p>Gentil Nogueira ainda afirmou que \u00e9 quest\u00e3o de isonomia acabar com o desconto para o consumo, uma vez que os consumidores de baixa tens\u00e3o, com a nova abertura, n\u00e3o ter\u00e3o esse direito. \u201cA quest\u00e3o \u00e9 que n\u00e3o h\u00e1 como n\u00e3o ter um fim para esses subs\u00eddios. E isso a gente tem que trabalhar da melhor forma poss\u00edvel, respeitando os contratos e respeitando os empreendedores que fizeram seus projetos contando com esse subs\u00eddio\u201d, disse.<\/p>\n\n\n\n<p><strong>Curtailment<\/strong><br>O secret\u00e1rio disse ainda que o governo dar\u00e1 apoio \u00e0 discuss\u00e3o sobre o curtailment caso o Congresso decida inserir o tema na MP. A pasta entende que o tema pode ser inserido por meio de emendas, e admite que, o importante \u00e9 que haja uma \u201csolu\u00e7\u00e3o que d\u00ea seguran\u00e7a aos investidores\u201d \u2013 de energia e\u00f3lica, solar e hidrel\u00e9trica \u2013 para compreenderem \u201ccomo o Brasil vai atuar estruturalmente nos pr\u00f3ximos anos ao enfrentar essa quest\u00e3o dos cortes de gera\u00e7\u00e3o&#8221;.<\/p>\n\n\n\n<p>Segundo Gentil, o MME entendeu inicialmente que o tema era plaus\u00edvel de ser resolvido de forma infralegal, seja por meio de decreto, resolu\u00e7\u00e3o ou portaria. No entanto, abriu-se uma janela de oportunidade no Congresso por meio do envio da MP 1.300 e os parlamentares protocolaram algumas emendas sobre o tema.<\/p>\n\n\n\n<p>\u201cO que a gente tem percebido e entende como importante \u00e9 que n\u00f3s precisamos manter e continuar desenvolvendo essa matriz limpa, essa matriz renov\u00e1vel, incentivando a gera\u00e7\u00e3o solar, incentivando a gera\u00e7\u00e3o e\u00f3lica, incentivando a gera\u00e7\u00e3o hidrel\u00e9trica, incentivando o potencial que o Brasil tem em fontes renov\u00e1veis&#8221;, afirmou.<\/p>\n\n\n\n<p><strong>Ind\u00fastria<\/strong><br>Gentil Nogueira negou que a MP acarretar\u00e1 em aumento da tarifa de energia da ordem de 20% para a ind\u00fastria. Segundo ele, o texto prop\u00f5e uma equaliza\u00e7\u00e3o do pagamento para a CDE (Conta de Desenvolvimento Energ\u00e9tico) pelo setor industrial, mas com uma \u201cporta de sa\u00edda at\u00e9 2038\u201d.<\/p>\n\n\n\n<p>\u201cEm um determinado momento, entre 2016 e 2017, foi feita uma MP para que algumas ind\u00fastrias paguem s\u00f3 um ter\u00e7o da CDE, enquanto o resto da popula\u00e7\u00e3o paga tudo. Agora n\u00e3o vamos acabar com isso de forma imediata, mas estamos dando uma porta de sa\u00edda. Nos primeiros cinco anos, por exemplo, n\u00e3o haver\u00e1 modifica\u00e7\u00e3o alguma\u201d, disse.<\/p>\n\n\n\n<p>Segundo o secret\u00e1rio, das 460 mil ind\u00fastrias conectadas \u00e0 rede, cerca de 400 mil est\u00e3o em baixa tens\u00e3o e n\u00e3o t\u00eam esse benef\u00edcio. Dessa forma, essas f\u00e1bricas ser\u00e3o beneficiadas pela medida e tamb\u00e9m com a abertura de mercado, ampliando a sua competitividade.<\/p>\n\n\n\n<p><strong>Prazos<\/strong><br>Gentil Nogueira afirmou que os prazos da MP para amplia\u00e7\u00e3o da Tarifa Social em at\u00e9 45 dias e de abertura do mercado para baixa tens\u00e3o a partir de 2026 foram \u201camplamente debatidos com as empresas e o setor\u201d.<\/p>\n\n\n\n<p>\u201cS\u00e3o prazos fact\u00edveis, mas desafiadores. Mas a gente precisava entregar essas pol\u00edticas o quanto antes e j\u00e1 estamos nos preparando para operacionalizar essas medidas\u201d, disse.<\/p>\n","protected":false},"excerpt":{"rendered":"<p>Geraldo Campos Jr. e Marisa Wanzeller, da Ag\u00eancia iNFRA O secret\u00e1rio de Energia El\u00e9trica do MME (Minist\u00e9rio de Minas e Energia), Gentil Nogueira, disse nesta sexta-feira (6) que o governo admite que alguns pontos possam ser inseridos na MP (Medida Provis\u00f3ria) 1.300\/2025 pelo Congresso Nacional por meio de emendas. Dentre eles, uma regra de transi\u00e7\u00e3o [&hellip;]<\/p>\n","protected":false},"author":1,"featured_media":22492,"comment_status":"closed","ping_status":"closed","sticky":false,"template":"","format":"standard","meta":{"_monsterinsights_skip_tracking":false,"_monsterinsights_sitenote_active":false,"_monsterinsights_sitenote_note":"","_monsterinsights_sitenote_category":0,"footnotes":""},"categories":[7250,1,10],"tags":[779,11474,13648,6781,11594,7366,76,13647,10710],"class_list":["post-22570","post","type-post","status-publish","format-standard","has-post-thumbnail","hentry","category-destaque-lista","category-geral","category-infraenergia","tag-congresso-nacional","tag-curtailment","tag-fonte-incentivada","tag-gentil-nogueira","tag-geraldo-campos-jr","tag-marisa-wanzeller","tag-medida-provisoria","tag-mp-1300","tag-reforma-do-setor-eletrico"],"yoast_head":"<!-- This site is optimized with the Yoast SEO Premium plugin v25.4 (Yoast SEO v26.0) - https:\/\/yoast.com\/wordpress\/plugins\/seo\/ -->\n<title>Governo admite negociar mudan\u00e7as sobre desconto no fio e inclus\u00e3o do curtailment na MP do setor el\u00e9trico - Ag\u00eancia iNFRA<\/title>\n<meta name=\"robots\" content=\"index, follow, max-snippet:-1, max-image-preview:large, max-video-preview:-1\" \/>\n<link rel=\"canonical\" href=\"https:\/\/agenciainfra.com\/blog\/governo-admite-negociar-mudancas-sobre-desconto-no-fio-e-inclusao-do-curtailment-na-mp-do-setor-eletrico\/\" \/>\n<meta property=\"og:locale\" content=\"pt_BR\" \/>\n<meta property=\"og:type\" content=\"article\" \/>\n<meta property=\"og:title\" content=\"Governo admite negociar mudan\u00e7as sobre desconto no fio e inclus\u00e3o do curtailment na MP do setor el\u00e9trico\" \/>\n<meta property=\"og:description\" content=\"Geraldo Campos Jr. e Marisa Wanzeller, da Ag\u00eancia iNFRA O secret\u00e1rio de Energia El\u00e9trica do MME (Minist\u00e9rio de Minas e Energia), Gentil Nogueira, disse nesta sexta-feira (6) que o governo admite que alguns pontos possam ser inseridos na MP (Medida Provis\u00f3ria) 1.300\/2025 pelo Congresso Nacional por meio de emendas. Dentre eles, uma regra de transi\u00e7\u00e3o [&hellip;]\" \/>\n<meta property=\"og:url\" content=\"https:\/\/agenciainfra.com\/blog\/governo-admite-negociar-mudancas-sobre-desconto-no-fio-e-inclusao-do-curtailment-na-mp-do-setor-eletrico\/\" \/>\n<meta property=\"og:site_name\" content=\"Ag\u00eancia iNFRA\" \/>\n<meta property=\"article:publisher\" content=\"https:\/\/www.facebook.com\/ageninfra\" \/>\n<meta property=\"article:published_time\" content=\"2025-06-06T15:41:23+00:00\" \/>\n<meta property=\"article:modified_time\" content=\"2025-06-09T11:50:12+00:00\" \/>\n<meta property=\"og:image\" content=\"https:\/\/agenciainfra.com\/blog\/wp-content\/uploads\/2025\/06\/gentil-nogueira-2-foto-edilson-rodrigues-agencia-senado.jpg\" \/>\n\t<meta property=\"og:image:width\" content=\"1280\" \/>\n\t<meta property=\"og:image:height\" content=\"853\" \/>\n\t<meta property=\"og:image:type\" content=\"image\/jpeg\" \/>\n<meta name=\"author\" content=\"Ag\u00eancia iNFRA\" \/>\n<meta name=\"twitter:card\" content=\"summary_large_image\" \/>\n<meta name=\"twitter:creator\" content=\"@agencia_infra\" \/>\n<meta name=\"twitter:site\" content=\"@agencia_infra\" \/>\n<meta name=\"twitter:label1\" content=\"Escrito por\" \/>\n\t<meta name=\"twitter:data1\" content=\"Ag\u00eancia iNFRA\" \/>\n\t<meta name=\"twitter:label2\" content=\"Est. tempo de leitura\" \/>\n\t<meta name=\"twitter:data2\" content=\"4 minutos\" \/>\n<script type=\"application\/ld+json\" class=\"yoast-schema-graph\">{\"@context\":\"https:\/\/schema.org\",\"@graph\":[{\"@type\":\"Article\",\"@id\":\"https:\/\/agenciainfra.com\/blog\/governo-admite-negociar-mudancas-sobre-desconto-no-fio-e-inclusao-do-curtailment-na-mp-do-setor-eletrico\/#article\",\"isPartOf\":{\"@id\":\"https:\/\/agenciainfra.com\/blog\/governo-admite-negociar-mudancas-sobre-desconto-no-fio-e-inclusao-do-curtailment-na-mp-do-setor-eletrico\/\"},\"author\":{\"name\":\"Ag\u00eancia iNFRA\",\"@id\":\"https:\/\/agenciainfra.com\/blog\/#\/schema\/person\/34af08dff6adea4cb22b06612ba7acfa\"},\"headline\":\"Governo admite negociar mudan\u00e7as sobre desconto no fio e inclus\u00e3o do curtailment na MP do setor el\u00e9trico\",\"datePublished\":\"2025-06-06T15:41:23+00:00\",\"dateModified\":\"2025-06-09T11:50:12+00:00\",\"mainEntityOfPage\":{\"@id\":\"https:\/\/agenciainfra.com\/blog\/governo-admite-negociar-mudancas-sobre-desconto-no-fio-e-inclusao-do-curtailment-na-mp-do-setor-eletrico\/\"},\"wordCount\":753,\"publisher\":{\"@id\":\"https:\/\/agenciainfra.com\/blog\/#organization\"},\"image\":{\"@id\":\"https:\/\/agenciainfra.com\/blog\/governo-admite-negociar-mudancas-sobre-desconto-no-fio-e-inclusao-do-curtailment-na-mp-do-setor-eletrico\/#primaryimage\"},\"thumbnailUrl\":\"https:\/\/agenciainfra.com\/blog\/wp-content\/uploads\/2025\/06\/gentil-nogueira-2-foto-edilson-rodrigues-agencia-senado.jpg\",\"keywords\":[\"Congresso Nacional\",\"curtailment\",\"fonte incentivada\",\"Gentil Nogueira\",\"Geraldo Campos Jr.\",\"Marisa Wanzeller\",\"Medida Provis\u00f3ria\",\"MP 1300\",\"Reforma do Setor El\u00e9trico\"],\"articleSection\":[\"Destaque lista\",\"Geral\",\"iNFRAEnergia\"],\"inLanguage\":\"pt-BR\",\"copyrightYear\":\"2025\",\"copyrightHolder\":{\"@id\":\"https:\/\/agenciainfra.com\/blog\/#organization\"}},{\"@type\":\"WebPage\",\"@id\":\"https:\/\/agenciainfra.com\/blog\/governo-admite-negociar-mudancas-sobre-desconto-no-fio-e-inclusao-do-curtailment-na-mp-do-setor-eletrico\/\",\"url\":\"https:\/\/agenciainfra.com\/blog\/governo-admite-negociar-mudancas-sobre-desconto-no-fio-e-inclusao-do-curtailment-na-mp-do-setor-eletrico\/\",\"name\":\"Governo admite negociar mudan\u00e7as sobre desconto no fio e inclus\u00e3o do curtailment na MP do setor el\u00e9trico - Ag\u00eancia iNFRA\",\"isPartOf\":{\"@id\":\"https:\/\/agenciainfra.com\/blog\/#website\"},\"primaryImageOfPage\":{\"@id\":\"https:\/\/agenciainfra.com\/blog\/governo-admite-negociar-mudancas-sobre-desconto-no-fio-e-inclusao-do-curtailment-na-mp-do-setor-eletrico\/#primaryimage\"},\"image\":{\"@id\":\"https:\/\/agenciainfra.com\/blog\/governo-admite-negociar-mudancas-sobre-desconto-no-fio-e-inclusao-do-curtailment-na-mp-do-setor-eletrico\/#primaryimage\"},\"thumbnailUrl\":\"https:\/\/agenciainfra.com\/blog\/wp-content\/uploads\/2025\/06\/gentil-nogueira-2-foto-edilson-rodrigues-agencia-senado.jpg\",\"datePublished\":\"2025-06-06T15:41:23+00:00\",\"dateModified\":\"2025-06-09T11:50:12+00:00\",\"breadcrumb\":{\"@id\":\"https:\/\/agenciainfra.com\/blog\/governo-admite-negociar-mudancas-sobre-desconto-no-fio-e-inclusao-do-curtailment-na-mp-do-setor-eletrico\/#breadcrumb\"},\"inLanguage\":\"pt-BR\",\"potentialAction\":[{\"@type\":\"ReadAction\",\"target\":[\"https:\/\/agenciainfra.com\/blog\/governo-admite-negociar-mudancas-sobre-desconto-no-fio-e-inclusao-do-curtailment-na-mp-do-setor-eletrico\/\"]}]},{\"@type\":\"ImageObject\",\"inLanguage\":\"pt-BR\",\"@id\":\"https:\/\/agenciainfra.com\/blog\/governo-admite-negociar-mudancas-sobre-desconto-no-fio-e-inclusao-do-curtailment-na-mp-do-setor-eletrico\/#primaryimage\",\"url\":\"https:\/\/agenciainfra.com\/blog\/wp-content\/uploads\/2025\/06\/gentil-nogueira-2-foto-edilson-rodrigues-agencia-senado.jpg\",\"contentUrl\":\"https:\/\/agenciainfra.com\/blog\/wp-content\/uploads\/2025\/06\/gentil-nogueira-2-foto-edilson-rodrigues-agencia-senado.jpg\",\"width\":1280,\"height\":853,\"caption\":\"Foto: Edilson Rodrigues\/Ag\u00eancia Senado\"},{\"@type\":\"BreadcrumbList\",\"@id\":\"https:\/\/agenciainfra.com\/blog\/governo-admite-negociar-mudancas-sobre-desconto-no-fio-e-inclusao-do-curtailment-na-mp-do-setor-eletrico\/#breadcrumb\",\"itemListElement\":[{\"@type\":\"ListItem\",\"position\":1,\"name\":\"In\u00edcio\",\"item\":\"https:\/\/agenciainfra.com\/blog\/\"},{\"@type\":\"ListItem\",\"position\":2,\"name\":\"Governo admite negociar mudan\u00e7as sobre desconto no fio e inclus\u00e3o do curtailment na MP do setor el\u00e9trico\"}]},{\"@type\":\"WebSite\",\"@id\":\"https:\/\/agenciainfra.com\/blog\/#website\",\"url\":\"https:\/\/agenciainfra.com\/blog\/\",\"name\":\"Ag\u00eancia iNFRA\",\"description\":\"Multiplataforma de informa\u00e7\u00e3o jornal\u00edstica refer\u00eancia na \u00e1rea de infraestrutura no Brasil!\",\"publisher\":{\"@id\":\"https:\/\/agenciainfra.com\/blog\/#organization\"},\"potentialAction\":[{\"@type\":\"SearchAction\",\"target\":{\"@type\":\"EntryPoint\",\"urlTemplate\":\"https:\/\/agenciainfra.com\/blog\/?s={search_term_string}\"},\"query-input\":{\"@type\":\"PropertyValueSpecification\",\"valueRequired\":true,\"valueName\":\"search_term_string\"}}],\"inLanguage\":\"pt-BR\"},{\"@type\":\"Organization\",\"@id\":\"https:\/\/agenciainfra.com\/blog\/#organization\",\"name\":\"Ag\u00eancia iNFRA\",\"url\":\"https:\/\/agenciainfra.com\/blog\/\",\"logo\":{\"@type\":\"ImageObject\",\"inLanguage\":\"pt-BR\",\"@id\":\"https:\/\/agenciainfra.com\/blog\/#\/schema\/logo\/image\/\",\"url\":\"https:\/\/agenciainfra.com\/blog\/wp-content\/uploads\/2023\/09\/iNFRA_5-e1761735885940.png\",\"contentUrl\":\"https:\/\/agenciainfra.com\/blog\/wp-content\/uploads\/2023\/09\/iNFRA_5-e1761735885940.png\",\"width\":1672,\"height\":454,\"caption\":\"Ag\u00eancia iNFRA\"},\"image\":{\"@id\":\"https:\/\/agenciainfra.com\/blog\/#\/schema\/logo\/image\/\"},\"sameAs\":[\"https:\/\/www.facebook.com\/ageninfra\",\"https:\/\/x.com\/agencia_infra\",\"https:\/\/www.linkedin.com\/company\/ag\u00eanciainfra\/\",\"https:\/\/www.instagram.com\/agenciainfra\/\"]},{\"@type\":\"Person\",\"@id\":\"https:\/\/agenciainfra.com\/blog\/#\/schema\/person\/34af08dff6adea4cb22b06612ba7acfa\",\"name\":\"Ag\u00eancia iNFRA\",\"image\":{\"@type\":\"ImageObject\",\"inLanguage\":\"pt-BR\",\"@id\":\"https:\/\/agenciainfra.com\/blog\/#\/schema\/person\/image\/\",\"url\":\"https:\/\/secure.gravatar.com\/avatar\/d189e01678f06d8eb84d4e01f08eb848b3fffe3f8443818d3c356c66892f5be8?s=96&d=mm&r=g\",\"contentUrl\":\"https:\/\/secure.gravatar.com\/avatar\/d189e01678f06d8eb84d4e01f08eb848b3fffe3f8443818d3c356c66892f5be8?s=96&d=mm&r=g\",\"caption\":\"Ag\u00eancia iNFRA\"},\"url\":\"https:\/\/agenciainfra.com\/blog\/author\/admin\/\"}]}<\/script>\n<!-- \/ Yoast SEO Premium plugin. -->","yoast_head_json":{"title":"Governo admite negociar mudan\u00e7as sobre desconto no fio e inclus\u00e3o do curtailment na MP do setor el\u00e9trico - Ag\u00eancia iNFRA","robots":{"index":"index","follow":"follow","max-snippet":"max-snippet:-1","max-image-preview":"max-image-preview:large","max-video-preview":"max-video-preview:-1"},"canonical":"https:\/\/agenciainfra.com\/blog\/governo-admite-negociar-mudancas-sobre-desconto-no-fio-e-inclusao-do-curtailment-na-mp-do-setor-eletrico\/","og_locale":"pt_BR","og_type":"article","og_title":"Governo admite negociar mudan\u00e7as sobre desconto no fio e inclus\u00e3o do curtailment na MP do setor el\u00e9trico","og_description":"Geraldo Campos Jr. e Marisa Wanzeller, da Ag\u00eancia iNFRA O secret\u00e1rio de Energia El\u00e9trica do MME (Minist\u00e9rio de Minas e Energia), Gentil Nogueira, disse nesta sexta-feira (6) que o governo admite que alguns pontos possam ser inseridos na MP (Medida Provis\u00f3ria) 1.300\/2025 pelo Congresso Nacional por meio de emendas. Dentre eles, uma regra de transi\u00e7\u00e3o [&hellip;]","og_url":"https:\/\/agenciainfra.com\/blog\/governo-admite-negociar-mudancas-sobre-desconto-no-fio-e-inclusao-do-curtailment-na-mp-do-setor-eletrico\/","og_site_name":"Ag\u00eancia iNFRA","article_publisher":"https:\/\/www.facebook.com\/ageninfra","article_published_time":"2025-06-06T15:41:23+00:00","article_modified_time":"2025-06-09T11:50:12+00:00","og_image":[{"width":1280,"height":853,"url":"https:\/\/agenciainfra.com\/blog\/wp-content\/uploads\/2025\/06\/gentil-nogueira-2-foto-edilson-rodrigues-agencia-senado.jpg","type":"image\/jpeg"}],"author":"Ag\u00eancia iNFRA","twitter_card":"summary_large_image","twitter_creator":"@agencia_infra","twitter_site":"@agencia_infra","twitter_misc":{"Escrito por":"Ag\u00eancia iNFRA","Est. tempo de leitura":"4 minutos"},"schema":{"@context":"https:\/\/schema.org","@graph":[{"@type":"Article","@id":"https:\/\/agenciainfra.com\/blog\/governo-admite-negociar-mudancas-sobre-desconto-no-fio-e-inclusao-do-curtailment-na-mp-do-setor-eletrico\/#article","isPartOf":{"@id":"https:\/\/agenciainfra.com\/blog\/governo-admite-negociar-mudancas-sobre-desconto-no-fio-e-inclusao-do-curtailment-na-mp-do-setor-eletrico\/"},"author":{"name":"Ag\u00eancia iNFRA","@id":"https:\/\/agenciainfra.com\/blog\/#\/schema\/person\/34af08dff6adea4cb22b06612ba7acfa"},"headline":"Governo admite negociar mudan\u00e7as sobre desconto no fio e inclus\u00e3o do curtailment na MP do setor el\u00e9trico","datePublished":"2025-06-06T15:41:23+00:00","dateModified":"2025-06-09T11:50:12+00:00","mainEntityOfPage":{"@id":"https:\/\/agenciainfra.com\/blog\/governo-admite-negociar-mudancas-sobre-desconto-no-fio-e-inclusao-do-curtailment-na-mp-do-setor-eletrico\/"},"wordCount":753,"publisher":{"@id":"https:\/\/agenciainfra.com\/blog\/#organization"},"image":{"@id":"https:\/\/agenciainfra.com\/blog\/governo-admite-negociar-mudancas-sobre-desconto-no-fio-e-inclusao-do-curtailment-na-mp-do-setor-eletrico\/#primaryimage"},"thumbnailUrl":"https:\/\/agenciainfra.com\/blog\/wp-content\/uploads\/2025\/06\/gentil-nogueira-2-foto-edilson-rodrigues-agencia-senado.jpg","keywords":["Congresso Nacional","curtailment","fonte incentivada","Gentil Nogueira","Geraldo Campos Jr.","Marisa Wanzeller","Medida Provis\u00f3ria","MP 1300","Reforma do Setor El\u00e9trico"],"articleSection":["Destaque lista","Geral","iNFRAEnergia"],"inLanguage":"pt-BR","copyrightYear":"2025","copyrightHolder":{"@id":"https:\/\/agenciainfra.com\/blog\/#organization"}},{"@type":"WebPage","@id":"https:\/\/agenciainfra.com\/blog\/governo-admite-negociar-mudancas-sobre-desconto-no-fio-e-inclusao-do-curtailment-na-mp-do-setor-eletrico\/","url":"https:\/\/agenciainfra.com\/blog\/governo-admite-negociar-mudancas-sobre-desconto-no-fio-e-inclusao-do-curtailment-na-mp-do-setor-eletrico\/","name":"Governo admite negociar mudan\u00e7as sobre desconto no fio e inclus\u00e3o do curtailment na MP do setor el\u00e9trico - Ag\u00eancia iNFRA","isPartOf":{"@id":"https:\/\/agenciainfra.com\/blog\/#website"},"primaryImageOfPage":{"@id":"https:\/\/agenciainfra.com\/blog\/governo-admite-negociar-mudancas-sobre-desconto-no-fio-e-inclusao-do-curtailment-na-mp-do-setor-eletrico\/#primaryimage"},"image":{"@id":"https:\/\/agenciainfra.com\/blog\/governo-admite-negociar-mudancas-sobre-desconto-no-fio-e-inclusao-do-curtailment-na-mp-do-setor-eletrico\/#primaryimage"},"thumbnailUrl":"https:\/\/agenciainfra.com\/blog\/wp-content\/uploads\/2025\/06\/gentil-nogueira-2-foto-edilson-rodrigues-agencia-senado.jpg","datePublished":"2025-06-06T15:41:23+00:00","dateModified":"2025-06-09T11:50:12+00:00","breadcrumb":{"@id":"https:\/\/agenciainfra.com\/blog\/governo-admite-negociar-mudancas-sobre-desconto-no-fio-e-inclusao-do-curtailment-na-mp-do-setor-eletrico\/#breadcrumb"},"inLanguage":"pt-BR","potentialAction":[{"@type":"ReadAction","target":["https:\/\/agenciainfra.com\/blog\/governo-admite-negociar-mudancas-sobre-desconto-no-fio-e-inclusao-do-curtailment-na-mp-do-setor-eletrico\/"]}]},{"@type":"ImageObject","inLanguage":"pt-BR","@id":"https:\/\/agenciainfra.com\/blog\/governo-admite-negociar-mudancas-sobre-desconto-no-fio-e-inclusao-do-curtailment-na-mp-do-setor-eletrico\/#primaryimage","url":"https:\/\/agenciainfra.com\/blog\/wp-content\/uploads\/2025\/06\/gentil-nogueira-2-foto-edilson-rodrigues-agencia-senado.jpg","contentUrl":"https:\/\/agenciainfra.com\/blog\/wp-content\/uploads\/2025\/06\/gentil-nogueira-2-foto-edilson-rodrigues-agencia-senado.jpg","width":1280,"height":853,"caption":"Foto: Edilson Rodrigues\/Ag\u00eancia Senado"},{"@type":"BreadcrumbList","@id":"https:\/\/agenciainfra.com\/blog\/governo-admite-negociar-mudancas-sobre-desconto-no-fio-e-inclusao-do-curtailment-na-mp-do-setor-eletrico\/#breadcrumb","itemListElement":[{"@type":"ListItem","position":1,"name":"In\u00edcio","item":"https:\/\/agenciainfra.com\/blog\/"},{"@type":"ListItem","position":2,"name":"Governo admite negociar mudan\u00e7as sobre desconto no fio e inclus\u00e3o do curtailment na MP do setor el\u00e9trico"}]},{"@type":"WebSite","@id":"https:\/\/agenciainfra.com\/blog\/#website","url":"https:\/\/agenciainfra.com\/blog\/","name":"Ag\u00eancia iNFRA","description":"Multiplataforma de informa\u00e7\u00e3o jornal\u00edstica refer\u00eancia na \u00e1rea de infraestrutura no Brasil!","publisher":{"@id":"https:\/\/agenciainfra.com\/blog\/#organization"},"potentialAction":[{"@type":"SearchAction","target":{"@type":"EntryPoint","urlTemplate":"https:\/\/agenciainfra.com\/blog\/?s={search_term_string}"},"query-input":{"@type":"PropertyValueSpecification","valueRequired":true,"valueName":"search_term_string"}}],"inLanguage":"pt-BR"},{"@type":"Organization","@id":"https:\/\/agenciainfra.com\/blog\/#organization","name":"Ag\u00eancia iNFRA","url":"https:\/\/agenciainfra.com\/blog\/","logo":{"@type":"ImageObject","inLanguage":"pt-BR","@id":"https:\/\/agenciainfra.com\/blog\/#\/schema\/logo\/image\/","url":"https:\/\/agenciainfra.com\/blog\/wp-content\/uploads\/2023\/09\/iNFRA_5-e1761735885940.png","contentUrl":"https:\/\/agenciainfra.com\/blog\/wp-content\/uploads\/2023\/09\/iNFRA_5-e1761735885940.png","width":1672,"height":454,"caption":"Ag\u00eancia iNFRA"},"image":{"@id":"https:\/\/agenciainfra.com\/blog\/#\/schema\/logo\/image\/"},"sameAs":["https:\/\/www.facebook.com\/ageninfra","https:\/\/x.com\/agencia_infra","https:\/\/www.linkedin.com\/company\/ag\u00eanciainfra\/","https:\/\/www.instagram.com\/agenciainfra\/"]},{"@type":"Person","@id":"https:\/\/agenciainfra.com\/blog\/#\/schema\/person\/34af08dff6adea4cb22b06612ba7acfa","name":"Ag\u00eancia iNFRA","image":{"@type":"ImageObject","inLanguage":"pt-BR","@id":"https:\/\/agenciainfra.com\/blog\/#\/schema\/person\/image\/","url":"https:\/\/secure.gravatar.com\/avatar\/d189e01678f06d8eb84d4e01f08eb848b3fffe3f8443818d3c356c66892f5be8?s=96&d=mm&r=g","contentUrl":"https:\/\/secure.gravatar.com\/avatar\/d189e01678f06d8eb84d4e01f08eb848b3fffe3f8443818d3c356c66892f5be8?s=96&d=mm&r=g","caption":"Ag\u00eancia iNFRA"},"url":"https:\/\/agenciainfra.com\/blog\/author\/admin\/"}]}},"_links":{"self":[{"href":"https:\/\/agenciainfra.com\/blog\/wp-json\/wp\/v2\/posts\/22570","targetHints":{"allow":["GET"]}}],"collection":[{"href":"https:\/\/agenciainfra.com\/blog\/wp-json\/wp\/v2\/posts"}],"about":[{"href":"https:\/\/agenciainfra.com\/blog\/wp-json\/wp\/v2\/types\/post"}],"author":[{"embeddable":true,"href":"https:\/\/agenciainfra.com\/blog\/wp-json\/wp\/v2\/users\/1"}],"replies":[{"embeddable":true,"href":"https:\/\/agenciainfra.com\/blog\/wp-json\/wp\/v2\/comments?post=22570"}],"version-history":[{"count":1,"href":"https:\/\/agenciainfra.com\/blog\/wp-json\/wp\/v2\/posts\/22570\/revisions"}],"predecessor-version":[{"id":22571,"href":"https:\/\/agenciainfra.com\/blog\/wp-json\/wp\/v2\/posts\/22570\/revisions\/22571"}],"wp:featuredmedia":[{"embeddable":true,"href":"https:\/\/agenciainfra.com\/blog\/wp-json\/wp\/v2\/media\/22492"}],"wp:attachment":[{"href":"https:\/\/agenciainfra.com\/blog\/wp-json\/wp\/v2\/media?parent=22570"}],"wp:term":[{"taxonomy":"category","embeddable":true,"href":"https:\/\/agenciainfra.com\/blog\/wp-json\/wp\/v2\/categories?post=22570"},{"taxonomy":"post_tag","embeddable":true,"href":"https:\/\/agenciainfra.com\/blog\/wp-json\/wp\/v2\/tags?post=22570"}],"curies":[{"name":"wp","href":"https:\/\/api.w.org\/{rel}","templated":true}]}}