{"id":22573,"date":"2025-06-06T14:28:41","date_gmt":"2025-06-06T17:28:41","guid":{"rendered":"https:\/\/agenciainfra.com\/blog\/?p=22573"},"modified":"2025-06-13T16:03:33","modified_gmt":"2025-06-13T19:03:33","slug":"igua-fecha-acordo-com-rio-que-reconhece-desequilibrio-em-tarifa-social-discussao-de-indice-de-perdas-segue-em-arbitragem","status":"publish","type":"post","link":"https:\/\/agenciainfra.com\/blog\/igua-fecha-acordo-com-rio-que-reconhece-desequilibrio-em-tarifa-social-discussao-de-indice-de-perdas-segue-em-arbitragem\/","title":{"rendered":"Igu\u00e1 fecha acordo com Rio, que reconhece desequil\u00edbrio em tarifa social; discuss\u00e3o de \u00edndice de perdas segue em arbitragem"},"content":{"rendered":"\n<p class=\"has-text-align-right\"><strong>Amanda Pupo, da Ag\u00eancia iNFRA<\/strong><\/p>\n\n\n\n<p>O TJRJ (Tribunal de Justi\u00e7a do Estado do Rio de Janeiro) homologou o acordo fechado entre a Igu\u00e1 Saneamento e o governo do Rio de Janeiro numa disputa que envolve pedidos de reequil\u00edbrio do contrato de concess\u00e3o de \u00e1gua e esgoto que a companhia mant\u00e9m em regi\u00f5es do Rio. A empresa arrematou um dos blocos do leil\u00e3o de \u00e1reas da Cedae (Companhia Estadual de \u00c1guas e Esgotos do Rio de Janeiro) em 2021, dentro do que \u00e9 considerado o maior certame de saneamento do pa\u00eds.<\/p>\n\n\n\n<p>Assim como outros operadores que passaram a atender o Rio, a Igu\u00e1 encontrou discrep\u00e2ncias entre indicadores previstos no edital e a realidade dos servi\u00e7os. Por isso, pleiteou \u00e0 Agenersa (Ag\u00eancia Reguladora de Energia e Saneamento B\u00e1sico do Estado do Rio de Janeiro) a recomposi\u00e7\u00e3o do equil\u00edbrio econ\u00f4mico-financeiro do contrato, pedido avaliado em R$ 828,4 milh\u00f5es. O direito da concession\u00e1ria em parte dessa disputa foi admitido no acordo homologado judicialmente.<\/p>\n\n\n\n<p>O documento reconhece o reequil\u00edbrio referente ao percentual de economias cadastradas como tarifa social, com aplica\u00e7\u00e3o de reajuste tarif\u00e1rio a partir de janeiro de 2026. Esse reajuste vai se dar por defini\u00e7\u00e3o da Agenersa ou, se n\u00e3o tiver sido estabelecido no prazo acordado, ser\u00e1 de 1,51%.<\/p>\n\n\n\n<p>A companhia relatou ainda que tamb\u00e9m foi reconhecido o reequil\u00edbrio do residual de IPCA dos reajustes anteriores. Haver\u00e1 aplica\u00e7\u00e3o de dois reajustes iguais, equivalentes a 0,5%, em janeiro de 2026 e janeiro de 2027. O saldo remanescente ser\u00e1 apurado na revis\u00e3o ordin\u00e1ria prevista para fevereiro de 2027 e, caso essa revis\u00e3o n\u00e3o ocorra, ser\u00e1 estabelecido um novo reajuste de 1% em janeiro de 2028.<\/p>\n\n\n\n<p>J\u00e1 os demais pleitos continuar\u00e3o em an\u00e1lise. Eles incluem, por exemplo, diverg\u00eancias sobre o \u00edndice de perdas na concess\u00e3o.<\/p>\n\n\n\n<p><strong>Arbitragem<\/strong><br>Gustavo Schmidt, s\u00f3cio do SLK Advogados e um dos representantes da Igu\u00e1 no processo, classificou a decis\u00e3o do Estado do Rio de caminhar com o acordo como \u201csuper saud\u00e1vel\u201d por fortalecer o ambiente de neg\u00f3cios e prestigiar a arbitragem como m\u00e9todo de solu\u00e7\u00e3o de conflitos, entre outros aspectos.<\/p>\n\n\n\n<p>\u201cD\u00e1 seguran\u00e7a jur\u00eddica aos parceiros privados, aos concession\u00e1rios, de que o Estado est\u00e1 apto a dialogar quando o problema surge e reconhece a arbitragem como um m\u00e9todo seguro e eficiente de solu\u00e7\u00e3o de conflitos\u201d, disse Schmidt \u00e0 <strong>Ag\u00eancia iNFRA<\/strong>.<\/p>\n\n\n\n<p>A origem do acordo com o governo estadual se deu porque, em fevereiro, venceu a terceira parcela, de R$ 1,8 bilh\u00e3o, da outorga fixa que a Igu\u00e1 se comprometeu a pagar pela concess\u00e3o. Tendo em vista os pedidos de reequil\u00edbrio somados em R$ 828,4 milh\u00f5es, a concession\u00e1ria pediu \u00e0 Camarb (C\u00e2mara de Media\u00e7\u00e3o e Arbitragem Empresarial) que esse mesmo valor fosse descontado da parcela de outorga e depositado de forma cautelar em outra conta, n\u00e3o indo diretamente, portanto, aos cofres p\u00fablicos.<\/p>\n\n\n\n<p>Esse movimento, contudo, foi questionado judicialmente pelo Rio e pela Agenersa. Diante do imbr\u00f3glio, em abril, foi realizada uma audi\u00eancia especial de concilia\u00e7\u00e3o no TJRJ, debate que resultou no termo de concilia\u00e7\u00e3o agora homologado judicialmente. Com o acordo, os R$ 828,4 milh\u00f5es restantes do pagamento da outorga foram liberados para \u201cimediata transfer\u00eancia\u201d ao Estado do Rio.<\/p>\n\n\n\n<p><strong>Reequil\u00edbrios<\/strong><br>Os pedidos de reequil\u00edbrio da Igu\u00e1 envolvem quatro temas: \u00edndice de perdas (R$ 401,5 milh\u00f5es), obras extraordin\u00e1rias de engenharia (R$ 20,9 milh\u00f5es), tarifa social (R$ 106 milh\u00f5es) e res\u00edduos de reajuste pelo IPCA (R$ 299 milh\u00f5es). Em rela\u00e7\u00e3o a esses dois \u00faltimos, dentro do acordo, o Rio e a Agenersa reconheceram que as situa\u00e7\u00f5es desequilibraram o contrato com o Igu\u00e1.<\/p>\n\n\n\n<p>Para os dois primeiros, por sua vez, o termo de concilia\u00e7\u00e3o estabeleceu alguns compromissos a depender do resultado da arbitragem ou do processo administrativo. No caso da discuss\u00e3o sobre o \u00edndice de perdas, se a senten\u00e7a arbitral reconhecer o pedido da Igu\u00e1, o poder p\u00fablico se comprometeu a contemplar o reequil\u00edbrio em revis\u00e3o extraordin\u00e1ria por algum dos m\u00e9todos de recomposi\u00e7\u00e3o, entre eles a revis\u00e3o tarif\u00e1ria.<\/p>\n\n\n\n<p>J\u00e1 em rela\u00e7\u00e3o ao pleito das obras extraordin\u00e1rias, as partes concordaram que o tema vai seguir o \u201cfluxo regular\u201d no \u00e2mbito administrativo da Agenersa.<\/p>\n\n\n\n<p>A Igu\u00e1 atende, desde 2021, os bairros cariocas da Barra da Tijuca, Recreio e Jacarepagu\u00e1, al\u00e9m dos munic\u00edpios de Miguel Pereira e Paty do Alferes, no Sul Fluminense. O contrato de concess\u00e3o \u00e9 v\u00e1lido por 35 anos.<\/p>\n\n\n\n<p><\/p>\n","protected":false},"excerpt":{"rendered":"<p>Amanda Pupo, da Ag\u00eancia iNFRA O TJRJ (Tribunal de Justi\u00e7a do Estado do Rio de Janeiro) homologou o acordo fechado entre a Igu\u00e1 Saneamento e o governo do Rio de Janeiro numa disputa que envolve pedidos de reequil\u00edbrio do contrato de concess\u00e3o de \u00e1gua e esgoto que a companhia mant\u00e9m em regi\u00f5es do Rio. A [&hellip;]<\/p>\n","protected":false},"author":1,"featured_media":22577,"comment_status":"closed","ping_status":"closed","sticky":false,"template":"","format":"standard","meta":{"_monsterinsights_skip_tracking":false,"_monsterinsights_sitenote_active":false,"_monsterinsights_sitenote_note":"","_monsterinsights_sitenote_category":0,"footnotes":""},"categories":[1,7827],"tags":[1121,13354,1818,12869,6983,179,73,12982],"class_list":["post-22573","post","type-post","status-publish","format-standard","has-post-thumbnail","hentry","category-geral","category-infrasaneamento","tag-agenersa","tag-amanda-pupo","tag-cedae","tag-concessao-de-saneamento","tag-igua-saneamento","tag-saneamento","tag-saneamento-basico","tag-tarifa-de-saneamento"],"yoast_head":"<!-- This site is optimized with the Yoast SEO Premium plugin v25.4 (Yoast SEO v26.0) - https:\/\/yoast.com\/wordpress\/plugins\/seo\/ -->\n<title>Igu\u00e1 fecha acordo com Rio, que reconhece desequil\u00edbrio em tarifa social; discuss\u00e3o de \u00edndice de perdas segue em arbitragem - Ag\u00eancia iNFRA<\/title>\n<meta name=\"robots\" content=\"index, follow, max-snippet:-1, max-image-preview:large, max-video-preview:-1\" \/>\n<link rel=\"canonical\" href=\"https:\/\/agenciainfra.com\/blog\/igua-fecha-acordo-com-rio-que-reconhece-desequilibrio-em-tarifa-social-discussao-de-indice-de-perdas-segue-em-arbitragem\/\" \/>\n<meta property=\"og:locale\" content=\"pt_BR\" \/>\n<meta property=\"og:type\" content=\"article\" \/>\n<meta property=\"og:title\" content=\"Igu\u00e1 fecha acordo com Rio, que reconhece desequil\u00edbrio em tarifa social; discuss\u00e3o de \u00edndice de perdas segue em arbitragem\" \/>\n<meta property=\"og:description\" content=\"Amanda Pupo, da Ag\u00eancia iNFRA O TJRJ (Tribunal de Justi\u00e7a do Estado do Rio de Janeiro) homologou o acordo fechado entre a Igu\u00e1 Saneamento e o governo do Rio de Janeiro numa disputa que envolve pedidos de reequil\u00edbrio do contrato de concess\u00e3o de \u00e1gua e esgoto que a companhia mant\u00e9m em regi\u00f5es do Rio. A [&hellip;]\" \/>\n<meta property=\"og:url\" content=\"https:\/\/agenciainfra.com\/blog\/igua-fecha-acordo-com-rio-que-reconhece-desequilibrio-em-tarifa-social-discussao-de-indice-de-perdas-segue-em-arbitragem\/\" \/>\n<meta property=\"og:site_name\" content=\"Ag\u00eancia iNFRA\" \/>\n<meta property=\"article:publisher\" content=\"https:\/\/www.facebook.com\/ageninfra\" \/>\n<meta property=\"article:published_time\" content=\"2025-06-06T17:28:41+00:00\" \/>\n<meta property=\"article:modified_time\" content=\"2025-06-13T19:03:33+00:00\" \/>\n<meta property=\"og:image\" content=\"https:\/\/agenciainfra.com\/blog\/wp-content\/uploads\/2025\/06\/IguaSaneamento-foto-divulgacao-1-2.jpg\" \/>\n\t<meta property=\"og:image:width\" content=\"947\" \/>\n\t<meta property=\"og:image:height\" content=\"492\" \/>\n\t<meta property=\"og:image:type\" content=\"image\/jpeg\" \/>\n<meta name=\"author\" content=\"Ag\u00eancia iNFRA\" \/>\n<meta name=\"twitter:card\" content=\"summary_large_image\" \/>\n<meta name=\"twitter:creator\" content=\"@agencia_infra\" \/>\n<meta name=\"twitter:site\" content=\"@agencia_infra\" \/>\n<meta name=\"twitter:label1\" content=\"Escrito por\" \/>\n\t<meta name=\"twitter:data1\" content=\"Ag\u00eancia iNFRA\" \/>\n\t<meta name=\"twitter:label2\" content=\"Est. tempo de leitura\" \/>\n\t<meta name=\"twitter:data2\" content=\"4 minutos\" \/>\n<script type=\"application\/ld+json\" class=\"yoast-schema-graph\">{\"@context\":\"https:\/\/schema.org\",\"@graph\":[{\"@type\":\"Article\",\"@id\":\"https:\/\/agenciainfra.com\/blog\/igua-fecha-acordo-com-rio-que-reconhece-desequilibrio-em-tarifa-social-discussao-de-indice-de-perdas-segue-em-arbitragem\/#article\",\"isPartOf\":{\"@id\":\"https:\/\/agenciainfra.com\/blog\/igua-fecha-acordo-com-rio-que-reconhece-desequilibrio-em-tarifa-social-discussao-de-indice-de-perdas-segue-em-arbitragem\/\"},\"author\":{\"name\":\"Ag\u00eancia iNFRA\",\"@id\":\"https:\/\/agenciainfra.com\/blog\/#\/schema\/person\/34af08dff6adea4cb22b06612ba7acfa\"},\"headline\":\"Igu\u00e1 fecha acordo com Rio, que reconhece desequil\u00edbrio em tarifa social; discuss\u00e3o de \u00edndice de perdas segue em arbitragem\",\"datePublished\":\"2025-06-06T17:28:41+00:00\",\"dateModified\":\"2025-06-13T19:03:33+00:00\",\"mainEntityOfPage\":{\"@id\":\"https:\/\/agenciainfra.com\/blog\/igua-fecha-acordo-com-rio-que-reconhece-desequilibrio-em-tarifa-social-discussao-de-indice-de-perdas-segue-em-arbitragem\/\"},\"wordCount\":784,\"publisher\":{\"@id\":\"https:\/\/agenciainfra.com\/blog\/#organization\"},\"image\":{\"@id\":\"https:\/\/agenciainfra.com\/blog\/igua-fecha-acordo-com-rio-que-reconhece-desequilibrio-em-tarifa-social-discussao-de-indice-de-perdas-segue-em-arbitragem\/#primaryimage\"},\"thumbnailUrl\":\"https:\/\/agenciainfra.com\/blog\/wp-content\/uploads\/2025\/06\/IguaSaneamento-foto-divulgacao-1-2.jpg\",\"keywords\":[\"Agenersa\",\"Amanda Pupo\",\"Cedae\",\"concess\u00e3o de saneamento\",\"Igu\u00e1 Saneamento\",\"saneamento\",\"Saneamento B\u00e1sico\",\"tarifa de saneamento\"],\"articleSection\":[\"Geral\",\"iNFRASaneamento\"],\"inLanguage\":\"pt-BR\",\"copyrightYear\":\"2025\",\"copyrightHolder\":{\"@id\":\"https:\/\/agenciainfra.com\/blog\/#organization\"}},{\"@type\":\"WebPage\",\"@id\":\"https:\/\/agenciainfra.com\/blog\/igua-fecha-acordo-com-rio-que-reconhece-desequilibrio-em-tarifa-social-discussao-de-indice-de-perdas-segue-em-arbitragem\/\",\"url\":\"https:\/\/agenciainfra.com\/blog\/igua-fecha-acordo-com-rio-que-reconhece-desequilibrio-em-tarifa-social-discussao-de-indice-de-perdas-segue-em-arbitragem\/\",\"name\":\"Igu\u00e1 fecha acordo com Rio, que reconhece desequil\u00edbrio em tarifa social; discuss\u00e3o de \u00edndice de perdas segue em arbitragem - Ag\u00eancia iNFRA\",\"isPartOf\":{\"@id\":\"https:\/\/agenciainfra.com\/blog\/#website\"},\"primaryImageOfPage\":{\"@id\":\"https:\/\/agenciainfra.com\/blog\/igua-fecha-acordo-com-rio-que-reconhece-desequilibrio-em-tarifa-social-discussao-de-indice-de-perdas-segue-em-arbitragem\/#primaryimage\"},\"image\":{\"@id\":\"https:\/\/agenciainfra.com\/blog\/igua-fecha-acordo-com-rio-que-reconhece-desequilibrio-em-tarifa-social-discussao-de-indice-de-perdas-segue-em-arbitragem\/#primaryimage\"},\"thumbnailUrl\":\"https:\/\/agenciainfra.com\/blog\/wp-content\/uploads\/2025\/06\/IguaSaneamento-foto-divulgacao-1-2.jpg\",\"datePublished\":\"2025-06-06T17:28:41+00:00\",\"dateModified\":\"2025-06-13T19:03:33+00:00\",\"breadcrumb\":{\"@id\":\"https:\/\/agenciainfra.com\/blog\/igua-fecha-acordo-com-rio-que-reconhece-desequilibrio-em-tarifa-social-discussao-de-indice-de-perdas-segue-em-arbitragem\/#breadcrumb\"},\"inLanguage\":\"pt-BR\",\"potentialAction\":[{\"@type\":\"ReadAction\",\"target\":[\"https:\/\/agenciainfra.com\/blog\/igua-fecha-acordo-com-rio-que-reconhece-desequilibrio-em-tarifa-social-discussao-de-indice-de-perdas-segue-em-arbitragem\/\"]}]},{\"@type\":\"ImageObject\",\"inLanguage\":\"pt-BR\",\"@id\":\"https:\/\/agenciainfra.com\/blog\/igua-fecha-acordo-com-rio-que-reconhece-desequilibrio-em-tarifa-social-discussao-de-indice-de-perdas-segue-em-arbitragem\/#primaryimage\",\"url\":\"https:\/\/agenciainfra.com\/blog\/wp-content\/uploads\/2025\/06\/IguaSaneamento-foto-divulgacao-1-2.jpg\",\"contentUrl\":\"https:\/\/agenciainfra.com\/blog\/wp-content\/uploads\/2025\/06\/IguaSaneamento-foto-divulgacao-1-2.jpg\",\"width\":947,\"height\":492,\"caption\":\"Foto: Divulga\u00e7\u00e3o\"},{\"@type\":\"BreadcrumbList\",\"@id\":\"https:\/\/agenciainfra.com\/blog\/igua-fecha-acordo-com-rio-que-reconhece-desequilibrio-em-tarifa-social-discussao-de-indice-de-perdas-segue-em-arbitragem\/#breadcrumb\",\"itemListElement\":[{\"@type\":\"ListItem\",\"position\":1,\"name\":\"In\u00edcio\",\"item\":\"https:\/\/agenciainfra.com\/blog\/\"},{\"@type\":\"ListItem\",\"position\":2,\"name\":\"Igu\u00e1 fecha acordo com Rio, que reconhece desequil\u00edbrio em tarifa social; discuss\u00e3o de \u00edndice de perdas segue em arbitragem\"}]},{\"@type\":\"WebSite\",\"@id\":\"https:\/\/agenciainfra.com\/blog\/#website\",\"url\":\"https:\/\/agenciainfra.com\/blog\/\",\"name\":\"Ag\u00eancia iNFRA\",\"description\":\"Multiplataforma de informa\u00e7\u00e3o jornal\u00edstica refer\u00eancia na \u00e1rea de infraestrutura no Brasil!\",\"publisher\":{\"@id\":\"https:\/\/agenciainfra.com\/blog\/#organization\"},\"potentialAction\":[{\"@type\":\"SearchAction\",\"target\":{\"@type\":\"EntryPoint\",\"urlTemplate\":\"https:\/\/agenciainfra.com\/blog\/?s={search_term_string}\"},\"query-input\":{\"@type\":\"PropertyValueSpecification\",\"valueRequired\":true,\"valueName\":\"search_term_string\"}}],\"inLanguage\":\"pt-BR\"},{\"@type\":\"Organization\",\"@id\":\"https:\/\/agenciainfra.com\/blog\/#organization\",\"name\":\"Ag\u00eancia iNFRA\",\"url\":\"https:\/\/agenciainfra.com\/blog\/\",\"logo\":{\"@type\":\"ImageObject\",\"inLanguage\":\"pt-BR\",\"@id\":\"https:\/\/agenciainfra.com\/blog\/#\/schema\/logo\/image\/\",\"url\":\"https:\/\/agenciainfra.com\/blog\/wp-content\/uploads\/2023\/09\/iNFRA_5-e1761735885940.png\",\"contentUrl\":\"https:\/\/agenciainfra.com\/blog\/wp-content\/uploads\/2023\/09\/iNFRA_5-e1761735885940.png\",\"width\":1672,\"height\":454,\"caption\":\"Ag\u00eancia iNFRA\"},\"image\":{\"@id\":\"https:\/\/agenciainfra.com\/blog\/#\/schema\/logo\/image\/\"},\"sameAs\":[\"https:\/\/www.facebook.com\/ageninfra\",\"https:\/\/x.com\/agencia_infra\",\"https:\/\/www.linkedin.com\/company\/ag\u00eanciainfra\/\",\"https:\/\/www.instagram.com\/agenciainfra\/\"]},{\"@type\":\"Person\",\"@id\":\"https:\/\/agenciainfra.com\/blog\/#\/schema\/person\/34af08dff6adea4cb22b06612ba7acfa\",\"name\":\"Ag\u00eancia iNFRA\",\"image\":{\"@type\":\"ImageObject\",\"inLanguage\":\"pt-BR\",\"@id\":\"https:\/\/agenciainfra.com\/blog\/#\/schema\/person\/image\/\",\"url\":\"https:\/\/secure.gravatar.com\/avatar\/d189e01678f06d8eb84d4e01f08eb848b3fffe3f8443818d3c356c66892f5be8?s=96&d=mm&r=g\",\"contentUrl\":\"https:\/\/secure.gravatar.com\/avatar\/d189e01678f06d8eb84d4e01f08eb848b3fffe3f8443818d3c356c66892f5be8?s=96&d=mm&r=g\",\"caption\":\"Ag\u00eancia iNFRA\"},\"url\":\"https:\/\/agenciainfra.com\/blog\/author\/admin\/\"}]}<\/script>\n<!-- \/ Yoast SEO Premium plugin. -->","yoast_head_json":{"title":"Igu\u00e1 fecha acordo com Rio, que reconhece desequil\u00edbrio em tarifa social; discuss\u00e3o de \u00edndice de perdas segue em arbitragem - Ag\u00eancia iNFRA","robots":{"index":"index","follow":"follow","max-snippet":"max-snippet:-1","max-image-preview":"max-image-preview:large","max-video-preview":"max-video-preview:-1"},"canonical":"https:\/\/agenciainfra.com\/blog\/igua-fecha-acordo-com-rio-que-reconhece-desequilibrio-em-tarifa-social-discussao-de-indice-de-perdas-segue-em-arbitragem\/","og_locale":"pt_BR","og_type":"article","og_title":"Igu\u00e1 fecha acordo com Rio, que reconhece desequil\u00edbrio em tarifa social; discuss\u00e3o de \u00edndice de perdas segue em arbitragem","og_description":"Amanda Pupo, da Ag\u00eancia iNFRA O TJRJ (Tribunal de Justi\u00e7a do Estado do Rio de Janeiro) homologou o acordo fechado entre a Igu\u00e1 Saneamento e o governo do Rio de Janeiro numa disputa que envolve pedidos de reequil\u00edbrio do contrato de concess\u00e3o de \u00e1gua e esgoto que a companhia mant\u00e9m em regi\u00f5es do Rio. A [&hellip;]","og_url":"https:\/\/agenciainfra.com\/blog\/igua-fecha-acordo-com-rio-que-reconhece-desequilibrio-em-tarifa-social-discussao-de-indice-de-perdas-segue-em-arbitragem\/","og_site_name":"Ag\u00eancia iNFRA","article_publisher":"https:\/\/www.facebook.com\/ageninfra","article_published_time":"2025-06-06T17:28:41+00:00","article_modified_time":"2025-06-13T19:03:33+00:00","og_image":[{"width":947,"height":492,"url":"https:\/\/agenciainfra.com\/blog\/wp-content\/uploads\/2025\/06\/IguaSaneamento-foto-divulgacao-1-2.jpg","type":"image\/jpeg"}],"author":"Ag\u00eancia iNFRA","twitter_card":"summary_large_image","twitter_creator":"@agencia_infra","twitter_site":"@agencia_infra","twitter_misc":{"Escrito por":"Ag\u00eancia iNFRA","Est. tempo de leitura":"4 minutos"},"schema":{"@context":"https:\/\/schema.org","@graph":[{"@type":"Article","@id":"https:\/\/agenciainfra.com\/blog\/igua-fecha-acordo-com-rio-que-reconhece-desequilibrio-em-tarifa-social-discussao-de-indice-de-perdas-segue-em-arbitragem\/#article","isPartOf":{"@id":"https:\/\/agenciainfra.com\/blog\/igua-fecha-acordo-com-rio-que-reconhece-desequilibrio-em-tarifa-social-discussao-de-indice-de-perdas-segue-em-arbitragem\/"},"author":{"name":"Ag\u00eancia iNFRA","@id":"https:\/\/agenciainfra.com\/blog\/#\/schema\/person\/34af08dff6adea4cb22b06612ba7acfa"},"headline":"Igu\u00e1 fecha acordo com Rio, que reconhece desequil\u00edbrio em tarifa social; discuss\u00e3o de \u00edndice de perdas segue em arbitragem","datePublished":"2025-06-06T17:28:41+00:00","dateModified":"2025-06-13T19:03:33+00:00","mainEntityOfPage":{"@id":"https:\/\/agenciainfra.com\/blog\/igua-fecha-acordo-com-rio-que-reconhece-desequilibrio-em-tarifa-social-discussao-de-indice-de-perdas-segue-em-arbitragem\/"},"wordCount":784,"publisher":{"@id":"https:\/\/agenciainfra.com\/blog\/#organization"},"image":{"@id":"https:\/\/agenciainfra.com\/blog\/igua-fecha-acordo-com-rio-que-reconhece-desequilibrio-em-tarifa-social-discussao-de-indice-de-perdas-segue-em-arbitragem\/#primaryimage"},"thumbnailUrl":"https:\/\/agenciainfra.com\/blog\/wp-content\/uploads\/2025\/06\/IguaSaneamento-foto-divulgacao-1-2.jpg","keywords":["Agenersa","Amanda Pupo","Cedae","concess\u00e3o de saneamento","Igu\u00e1 Saneamento","saneamento","Saneamento B\u00e1sico","tarifa de saneamento"],"articleSection":["Geral","iNFRASaneamento"],"inLanguage":"pt-BR","copyrightYear":"2025","copyrightHolder":{"@id":"https:\/\/agenciainfra.com\/blog\/#organization"}},{"@type":"WebPage","@id":"https:\/\/agenciainfra.com\/blog\/igua-fecha-acordo-com-rio-que-reconhece-desequilibrio-em-tarifa-social-discussao-de-indice-de-perdas-segue-em-arbitragem\/","url":"https:\/\/agenciainfra.com\/blog\/igua-fecha-acordo-com-rio-que-reconhece-desequilibrio-em-tarifa-social-discussao-de-indice-de-perdas-segue-em-arbitragem\/","name":"Igu\u00e1 fecha acordo com Rio, que reconhece desequil\u00edbrio em tarifa social; discuss\u00e3o de \u00edndice de perdas segue em arbitragem - Ag\u00eancia iNFRA","isPartOf":{"@id":"https:\/\/agenciainfra.com\/blog\/#website"},"primaryImageOfPage":{"@id":"https:\/\/agenciainfra.com\/blog\/igua-fecha-acordo-com-rio-que-reconhece-desequilibrio-em-tarifa-social-discussao-de-indice-de-perdas-segue-em-arbitragem\/#primaryimage"},"image":{"@id":"https:\/\/agenciainfra.com\/blog\/igua-fecha-acordo-com-rio-que-reconhece-desequilibrio-em-tarifa-social-discussao-de-indice-de-perdas-segue-em-arbitragem\/#primaryimage"},"thumbnailUrl":"https:\/\/agenciainfra.com\/blog\/wp-content\/uploads\/2025\/06\/IguaSaneamento-foto-divulgacao-1-2.jpg","datePublished":"2025-06-06T17:28:41+00:00","dateModified":"2025-06-13T19:03:33+00:00","breadcrumb":{"@id":"https:\/\/agenciainfra.com\/blog\/igua-fecha-acordo-com-rio-que-reconhece-desequilibrio-em-tarifa-social-discussao-de-indice-de-perdas-segue-em-arbitragem\/#breadcrumb"},"inLanguage":"pt-BR","potentialAction":[{"@type":"ReadAction","target":["https:\/\/agenciainfra.com\/blog\/igua-fecha-acordo-com-rio-que-reconhece-desequilibrio-em-tarifa-social-discussao-de-indice-de-perdas-segue-em-arbitragem\/"]}]},{"@type":"ImageObject","inLanguage":"pt-BR","@id":"https:\/\/agenciainfra.com\/blog\/igua-fecha-acordo-com-rio-que-reconhece-desequilibrio-em-tarifa-social-discussao-de-indice-de-perdas-segue-em-arbitragem\/#primaryimage","url":"https:\/\/agenciainfra.com\/blog\/wp-content\/uploads\/2025\/06\/IguaSaneamento-foto-divulgacao-1-2.jpg","contentUrl":"https:\/\/agenciainfra.com\/blog\/wp-content\/uploads\/2025\/06\/IguaSaneamento-foto-divulgacao-1-2.jpg","width":947,"height":492,"caption":"Foto: Divulga\u00e7\u00e3o"},{"@type":"BreadcrumbList","@id":"https:\/\/agenciainfra.com\/blog\/igua-fecha-acordo-com-rio-que-reconhece-desequilibrio-em-tarifa-social-discussao-de-indice-de-perdas-segue-em-arbitragem\/#breadcrumb","itemListElement":[{"@type":"ListItem","position":1,"name":"In\u00edcio","item":"https:\/\/agenciainfra.com\/blog\/"},{"@type":"ListItem","position":2,"name":"Igu\u00e1 fecha acordo com Rio, que reconhece desequil\u00edbrio em tarifa social; discuss\u00e3o de \u00edndice de perdas segue em arbitragem"}]},{"@type":"WebSite","@id":"https:\/\/agenciainfra.com\/blog\/#website","url":"https:\/\/agenciainfra.com\/blog\/","name":"Ag\u00eancia iNFRA","description":"Multiplataforma de informa\u00e7\u00e3o jornal\u00edstica refer\u00eancia na \u00e1rea de infraestrutura no Brasil!","publisher":{"@id":"https:\/\/agenciainfra.com\/blog\/#organization"},"potentialAction":[{"@type":"SearchAction","target":{"@type":"EntryPoint","urlTemplate":"https:\/\/agenciainfra.com\/blog\/?s={search_term_string}"},"query-input":{"@type":"PropertyValueSpecification","valueRequired":true,"valueName":"search_term_string"}}],"inLanguage":"pt-BR"},{"@type":"Organization","@id":"https:\/\/agenciainfra.com\/blog\/#organization","name":"Ag\u00eancia iNFRA","url":"https:\/\/agenciainfra.com\/blog\/","logo":{"@type":"ImageObject","inLanguage":"pt-BR","@id":"https:\/\/agenciainfra.com\/blog\/#\/schema\/logo\/image\/","url":"https:\/\/agenciainfra.com\/blog\/wp-content\/uploads\/2023\/09\/iNFRA_5-e1761735885940.png","contentUrl":"https:\/\/agenciainfra.com\/blog\/wp-content\/uploads\/2023\/09\/iNFRA_5-e1761735885940.png","width":1672,"height":454,"caption":"Ag\u00eancia iNFRA"},"image":{"@id":"https:\/\/agenciainfra.com\/blog\/#\/schema\/logo\/image\/"},"sameAs":["https:\/\/www.facebook.com\/ageninfra","https:\/\/x.com\/agencia_infra","https:\/\/www.linkedin.com\/company\/ag\u00eanciainfra\/","https:\/\/www.instagram.com\/agenciainfra\/"]},{"@type":"Person","@id":"https:\/\/agenciainfra.com\/blog\/#\/schema\/person\/34af08dff6adea4cb22b06612ba7acfa","name":"Ag\u00eancia iNFRA","image":{"@type":"ImageObject","inLanguage":"pt-BR","@id":"https:\/\/agenciainfra.com\/blog\/#\/schema\/person\/image\/","url":"https:\/\/secure.gravatar.com\/avatar\/d189e01678f06d8eb84d4e01f08eb848b3fffe3f8443818d3c356c66892f5be8?s=96&d=mm&r=g","contentUrl":"https:\/\/secure.gravatar.com\/avatar\/d189e01678f06d8eb84d4e01f08eb848b3fffe3f8443818d3c356c66892f5be8?s=96&d=mm&r=g","caption":"Ag\u00eancia iNFRA"},"url":"https:\/\/agenciainfra.com\/blog\/author\/admin\/"}]}},"_links":{"self":[{"href":"https:\/\/agenciainfra.com\/blog\/wp-json\/wp\/v2\/posts\/22573","targetHints":{"allow":["GET"]}}],"collection":[{"href":"https:\/\/agenciainfra.com\/blog\/wp-json\/wp\/v2\/posts"}],"about":[{"href":"https:\/\/agenciainfra.com\/blog\/wp-json\/wp\/v2\/types\/post"}],"author":[{"embeddable":true,"href":"https:\/\/agenciainfra.com\/blog\/wp-json\/wp\/v2\/users\/1"}],"replies":[{"embeddable":true,"href":"https:\/\/agenciainfra.com\/blog\/wp-json\/wp\/v2\/comments?post=22573"}],"version-history":[{"count":1,"href":"https:\/\/agenciainfra.com\/blog\/wp-json\/wp\/v2\/posts\/22573\/revisions"}],"predecessor-version":[{"id":22576,"href":"https:\/\/agenciainfra.com\/blog\/wp-json\/wp\/v2\/posts\/22573\/revisions\/22576"}],"wp:featuredmedia":[{"embeddable":true,"href":"https:\/\/agenciainfra.com\/blog\/wp-json\/wp\/v2\/media\/22577"}],"wp:attachment":[{"href":"https:\/\/agenciainfra.com\/blog\/wp-json\/wp\/v2\/media?parent=22573"}],"wp:term":[{"taxonomy":"category","embeddable":true,"href":"https:\/\/agenciainfra.com\/blog\/wp-json\/wp\/v2\/categories?post=22573"},{"taxonomy":"post_tag","embeddable":true,"href":"https:\/\/agenciainfra.com\/blog\/wp-json\/wp\/v2\/tags?post=22573"}],"curies":[{"name":"wp","href":"https:\/\/api.w.org\/{rel}","templated":true}]}}