{"id":22579,"date":"2025-06-06T15:31:52","date_gmt":"2025-06-06T18:31:52","guid":{"rendered":"https:\/\/agenciainfra.com\/blog\/?p=22579"},"modified":"2025-06-09T10:48:42","modified_gmt":"2025-06-09T13:48:42","slug":"thiago-barral-deixara-secretaria-de-planejamento-do-mme-e-deve-assumir-cargo-de-coordenacao-de-energia-da-cop30-dizem-fontes","status":"publish","type":"post","link":"https:\/\/agenciainfra.com\/blog\/thiago-barral-deixara-secretaria-de-planejamento-do-mme-e-deve-assumir-cargo-de-coordenacao-de-energia-da-cop30-dizem-fontes\/","title":{"rendered":"Thiago Barral deixar\u00e1 Secretaria de Planejamento do MME e deve assumir cargo de coordena\u00e7\u00e3o de energia da COP30, dizem fontes"},"content":{"rendered":"\n<p class=\"has-text-align-right\"><strong>da Ag\u00eancia iNFRA<\/strong><\/p>\n\n\n\n<p>O secret\u00e1rio de Transi\u00e7\u00e3o Energ\u00e9tica e Planejamento do MME (Minist\u00e9rio de Minas e Energia), Thiago Barral, deixar\u00e1 a pasta, informaram fontes do governo \u00e0 <strong>Ag\u00eancia iNFRA<\/strong>. Barral passar\u00e1 a integrar a coordena\u00e7\u00e3o da COP30, como representante do governo nos assuntos de energia.<\/p>\n\n\n\n<p>Segundo fontes, Barral foi convidado pelo presidente da confer\u00eancia, embaixador Corr\u00eaa do Lago, para assumir o cargo. A mudan\u00e7a recebeu aval do ministro Alexandre Silveira. A Confer\u00eancia do Clima da ONU (Organiza\u00e7\u00e3o das Na\u00e7\u00f5es Unidas) ser\u00e1 sediada pelo Brasil em 2025 e ocorrer\u00e1 no m\u00eas de novembro, em Bel\u00e9m (PA).<\/p>\n\n\n\n<p><strong>Curr\u00edculo<\/strong><br>Barral \u00e9 funcion\u00e1rio de carreira da EPE (Empresa de Pesquisa Energ\u00e9tica) e ocupou a presid\u00eancia da estatal de 2019 a 2022. Est\u00e1 na Secretaria de Transi\u00e7\u00e3o Energ\u00e9tica e Planejamento do MME desde 2023.<\/p>\n","protected":false},"excerpt":{"rendered":"<p>da Ag\u00eancia iNFRA O secret\u00e1rio de Transi\u00e7\u00e3o Energ\u00e9tica e Planejamento do MME (Minist\u00e9rio de Minas e Energia), Thiago Barral, deixar\u00e1 a pasta, informaram fontes do governo \u00e0 Ag\u00eancia iNFRA. Barral passar\u00e1 a integrar a coordena\u00e7\u00e3o da COP30, como representante do governo nos assuntos de energia. Segundo fontes, Barral foi convidado pelo presidente da confer\u00eancia, embaixador [&hellip;]<\/p>\n","protected":false},"author":1,"featured_media":22580,"comment_status":"closed","ping_status":"closed","sticky":false,"template":"","format":"standard","meta":{"_monsterinsights_skip_tracking":false,"_monsterinsights_sitenote_active":false,"_monsterinsights_sitenote_note":"","_monsterinsights_sitenote_category":0,"footnotes":""},"categories":[1],"tags":[6040,13651,8068,13650,1067,12,96,2846,1068],"class_list":["post-22579","post","type-post","status-publish","format-standard","has-post-thumbnail","hentry","category-geral","tag-alexandre-silveira","tag-conferencia-do-clima","tag-cop30","tag-correa-do-lago","tag-empresa-de-pesquisa-energetica","tag-epe","tag-ministerio-de-minas-e-energia","tag-onu","tag-thiago-barral"],"yoast_head":"<!-- This site is optimized with the Yoast SEO Premium plugin v25.4 (Yoast SEO v26.0) - https:\/\/yoast.com\/wordpress\/plugins\/seo\/ -->\n<title>Thiago Barral deixar\u00e1 Secretaria de Planejamento do MME e deve assumir cargo de coordena\u00e7\u00e3o de energia da COP30, dizem fontes - Ag\u00eancia iNFRA<\/title>\n<meta name=\"robots\" content=\"index, follow, max-snippet:-1, max-image-preview:large, max-video-preview:-1\" \/>\n<link rel=\"canonical\" href=\"https:\/\/agenciainfra.com\/blog\/thiago-barral-deixara-secretaria-de-planejamento-do-mme-e-deve-assumir-cargo-de-coordenacao-de-energia-da-cop30-dizem-fontes\/\" \/>\n<meta property=\"og:locale\" content=\"pt_BR\" \/>\n<meta property=\"og:type\" content=\"article\" \/>\n<meta property=\"og:title\" content=\"Thiago Barral deixar\u00e1 Secretaria de Planejamento do MME e deve assumir cargo de coordena\u00e7\u00e3o de energia da COP30, dizem fontes\" \/>\n<meta property=\"og:description\" content=\"da Ag\u00eancia iNFRA O secret\u00e1rio de Transi\u00e7\u00e3o Energ\u00e9tica e Planejamento do MME (Minist\u00e9rio de Minas e Energia), Thiago Barral, deixar\u00e1 a pasta, informaram fontes do governo \u00e0 Ag\u00eancia iNFRA. Barral passar\u00e1 a integrar a coordena\u00e7\u00e3o da COP30, como representante do governo nos assuntos de energia. Segundo fontes, Barral foi convidado pelo presidente da confer\u00eancia, embaixador [&hellip;]\" \/>\n<meta property=\"og:url\" content=\"https:\/\/agenciainfra.com\/blog\/thiago-barral-deixara-secretaria-de-planejamento-do-mme-e-deve-assumir-cargo-de-coordenacao-de-energia-da-cop30-dizem-fontes\/\" \/>\n<meta property=\"og:site_name\" content=\"Ag\u00eancia iNFRA\" \/>\n<meta property=\"article:publisher\" content=\"https:\/\/www.facebook.com\/ageninfra\" \/>\n<meta property=\"article:published_time\" content=\"2025-06-06T18:31:52+00:00\" \/>\n<meta property=\"article:modified_time\" content=\"2025-06-09T13:48:42+00:00\" \/>\n<meta property=\"og:image\" content=\"https:\/\/agenciainfra.com\/blog\/wp-content\/uploads\/2025\/06\/thiago-barral-foto-ministerio-de-minas-e-energia.jpg\" \/>\n\t<meta property=\"og:image:width\" content=\"1280\" \/>\n\t<meta property=\"og:image:height\" content=\"988\" \/>\n\t<meta property=\"og:image:type\" content=\"image\/jpeg\" \/>\n<meta name=\"author\" content=\"Ag\u00eancia iNFRA\" \/>\n<meta name=\"twitter:card\" content=\"summary_large_image\" \/>\n<meta name=\"twitter:creator\" content=\"@agencia_infra\" \/>\n<meta name=\"twitter:site\" content=\"@agencia_infra\" \/>\n<meta name=\"twitter:label1\" content=\"Escrito por\" \/>\n\t<meta name=\"twitter:data1\" content=\"Ag\u00eancia iNFRA\" \/>\n\t<meta name=\"twitter:label2\" content=\"Est. tempo de leitura\" \/>\n\t<meta name=\"twitter:data2\" content=\"1 minuto\" \/>\n<script type=\"application\/ld+json\" class=\"yoast-schema-graph\">{\"@context\":\"https:\/\/schema.org\",\"@graph\":[{\"@type\":\"Article\",\"@id\":\"https:\/\/agenciainfra.com\/blog\/thiago-barral-deixara-secretaria-de-planejamento-do-mme-e-deve-assumir-cargo-de-coordenacao-de-energia-da-cop30-dizem-fontes\/#article\",\"isPartOf\":{\"@id\":\"https:\/\/agenciainfra.com\/blog\/thiago-barral-deixara-secretaria-de-planejamento-do-mme-e-deve-assumir-cargo-de-coordenacao-de-energia-da-cop30-dizem-fontes\/\"},\"author\":{\"name\":\"Ag\u00eancia iNFRA\",\"@id\":\"https:\/\/agenciainfra.com\/blog\/#\/schema\/person\/34af08dff6adea4cb22b06612ba7acfa\"},\"headline\":\"Thiago Barral deixar\u00e1 Secretaria de Planejamento do MME e deve assumir cargo de coordena\u00e7\u00e3o de energia da COP30, dizem fontes\",\"datePublished\":\"2025-06-06T18:31:52+00:00\",\"dateModified\":\"2025-06-09T13:48:42+00:00\",\"mainEntityOfPage\":{\"@id\":\"https:\/\/agenciainfra.com\/blog\/thiago-barral-deixara-secretaria-de-planejamento-do-mme-e-deve-assumir-cargo-de-coordenacao-de-energia-da-cop30-dizem-fontes\/\"},\"wordCount\":165,\"publisher\":{\"@id\":\"https:\/\/agenciainfra.com\/blog\/#organization\"},\"image\":{\"@id\":\"https:\/\/agenciainfra.com\/blog\/thiago-barral-deixara-secretaria-de-planejamento-do-mme-e-deve-assumir-cargo-de-coordenacao-de-energia-da-cop30-dizem-fontes\/#primaryimage\"},\"thumbnailUrl\":\"https:\/\/agenciainfra.com\/blog\/wp-content\/uploads\/2025\/06\/thiago-barral-foto-ministerio-de-minas-e-energia-e1751373583629.jpg\",\"keywords\":[\"Alexandre Silveira\",\"Confer\u00eancia do Clima\",\"COP30\",\"Corr\u00eaa do Lago\",\"Empresa de Pesquisa Energ\u00e9tica\",\"epe\",\"Minist\u00e9rio de Minas e Energia\",\"ONU\",\"Thiago Barral\"],\"articleSection\":[\"Geral\"],\"inLanguage\":\"pt-BR\",\"copyrightYear\":\"2025\",\"copyrightHolder\":{\"@id\":\"https:\/\/agenciainfra.com\/blog\/#organization\"}},{\"@type\":\"WebPage\",\"@id\":\"https:\/\/agenciainfra.com\/blog\/thiago-barral-deixara-secretaria-de-planejamento-do-mme-e-deve-assumir-cargo-de-coordenacao-de-energia-da-cop30-dizem-fontes\/\",\"url\":\"https:\/\/agenciainfra.com\/blog\/thiago-barral-deixara-secretaria-de-planejamento-do-mme-e-deve-assumir-cargo-de-coordenacao-de-energia-da-cop30-dizem-fontes\/\",\"name\":\"Thiago Barral deixar\u00e1 Secretaria de Planejamento do MME e deve assumir cargo de coordena\u00e7\u00e3o de energia da COP30, dizem fontes - Ag\u00eancia iNFRA\",\"isPartOf\":{\"@id\":\"https:\/\/agenciainfra.com\/blog\/#website\"},\"primaryImageOfPage\":{\"@id\":\"https:\/\/agenciainfra.com\/blog\/thiago-barral-deixara-secretaria-de-planejamento-do-mme-e-deve-assumir-cargo-de-coordenacao-de-energia-da-cop30-dizem-fontes\/#primaryimage\"},\"image\":{\"@id\":\"https:\/\/agenciainfra.com\/blog\/thiago-barral-deixara-secretaria-de-planejamento-do-mme-e-deve-assumir-cargo-de-coordenacao-de-energia-da-cop30-dizem-fontes\/#primaryimage\"},\"thumbnailUrl\":\"https:\/\/agenciainfra.com\/blog\/wp-content\/uploads\/2025\/06\/thiago-barral-foto-ministerio-de-minas-e-energia-e1751373583629.jpg\",\"datePublished\":\"2025-06-06T18:31:52+00:00\",\"dateModified\":\"2025-06-09T13:48:42+00:00\",\"breadcrumb\":{\"@id\":\"https:\/\/agenciainfra.com\/blog\/thiago-barral-deixara-secretaria-de-planejamento-do-mme-e-deve-assumir-cargo-de-coordenacao-de-energia-da-cop30-dizem-fontes\/#breadcrumb\"},\"inLanguage\":\"pt-BR\",\"potentialAction\":[{\"@type\":\"ReadAction\",\"target\":[\"https:\/\/agenciainfra.com\/blog\/thiago-barral-deixara-secretaria-de-planejamento-do-mme-e-deve-assumir-cargo-de-coordenacao-de-energia-da-cop30-dizem-fontes\/\"]}]},{\"@type\":\"ImageObject\",\"inLanguage\":\"pt-BR\",\"@id\":\"https:\/\/agenciainfra.com\/blog\/thiago-barral-deixara-secretaria-de-planejamento-do-mme-e-deve-assumir-cargo-de-coordenacao-de-energia-da-cop30-dizem-fontes\/#primaryimage\",\"url\":\"https:\/\/agenciainfra.com\/blog\/wp-content\/uploads\/2025\/06\/thiago-barral-foto-ministerio-de-minas-e-energia-e1751373583629.jpg\",\"contentUrl\":\"https:\/\/agenciainfra.com\/blog\/wp-content\/uploads\/2025\/06\/thiago-barral-foto-ministerio-de-minas-e-energia-e1751373583629.jpg\",\"width\":1280,\"height\":794,\"caption\":\"Foto: MME\/Divulga\u00e7\u00e3o\"},{\"@type\":\"BreadcrumbList\",\"@id\":\"https:\/\/agenciainfra.com\/blog\/thiago-barral-deixara-secretaria-de-planejamento-do-mme-e-deve-assumir-cargo-de-coordenacao-de-energia-da-cop30-dizem-fontes\/#breadcrumb\",\"itemListElement\":[{\"@type\":\"ListItem\",\"position\":1,\"name\":\"In\u00edcio\",\"item\":\"https:\/\/agenciainfra.com\/blog\/\"},{\"@type\":\"ListItem\",\"position\":2,\"name\":\"Thiago Barral deixar\u00e1 Secretaria de Planejamento do MME e deve assumir cargo de coordena\u00e7\u00e3o de energia da COP30, dizem fontes\"}]},{\"@type\":\"WebSite\",\"@id\":\"https:\/\/agenciainfra.com\/blog\/#website\",\"url\":\"https:\/\/agenciainfra.com\/blog\/\",\"name\":\"Ag\u00eancia iNFRA\",\"description\":\"Multiplataforma de informa\u00e7\u00e3o jornal\u00edstica refer\u00eancia na \u00e1rea de infraestrutura no Brasil!\",\"publisher\":{\"@id\":\"https:\/\/agenciainfra.com\/blog\/#organization\"},\"potentialAction\":[{\"@type\":\"SearchAction\",\"target\":{\"@type\":\"EntryPoint\",\"urlTemplate\":\"https:\/\/agenciainfra.com\/blog\/?s={search_term_string}\"},\"query-input\":{\"@type\":\"PropertyValueSpecification\",\"valueRequired\":true,\"valueName\":\"search_term_string\"}}],\"inLanguage\":\"pt-BR\"},{\"@type\":\"Organization\",\"@id\":\"https:\/\/agenciainfra.com\/blog\/#organization\",\"name\":\"Ag\u00eancia iNFRA\",\"url\":\"https:\/\/agenciainfra.com\/blog\/\",\"logo\":{\"@type\":\"ImageObject\",\"inLanguage\":\"pt-BR\",\"@id\":\"https:\/\/agenciainfra.com\/blog\/#\/schema\/logo\/image\/\",\"url\":\"https:\/\/agenciainfra.com\/blog\/wp-content\/uploads\/2023\/09\/iNFRA_5-e1761735885940.png\",\"contentUrl\":\"https:\/\/agenciainfra.com\/blog\/wp-content\/uploads\/2023\/09\/iNFRA_5-e1761735885940.png\",\"width\":1672,\"height\":454,\"caption\":\"Ag\u00eancia iNFRA\"},\"image\":{\"@id\":\"https:\/\/agenciainfra.com\/blog\/#\/schema\/logo\/image\/\"},\"sameAs\":[\"https:\/\/www.facebook.com\/ageninfra\",\"https:\/\/x.com\/agencia_infra\",\"https:\/\/www.linkedin.com\/company\/ag\u00eanciainfra\/\",\"https:\/\/www.instagram.com\/agenciainfra\/\"]},{\"@type\":\"Person\",\"@id\":\"https:\/\/agenciainfra.com\/blog\/#\/schema\/person\/34af08dff6adea4cb22b06612ba7acfa\",\"name\":\"Ag\u00eancia iNFRA\",\"image\":{\"@type\":\"ImageObject\",\"inLanguage\":\"pt-BR\",\"@id\":\"https:\/\/agenciainfra.com\/blog\/#\/schema\/person\/image\/\",\"url\":\"https:\/\/secure.gravatar.com\/avatar\/d189e01678f06d8eb84d4e01f08eb848b3fffe3f8443818d3c356c66892f5be8?s=96&d=mm&r=g\",\"contentUrl\":\"https:\/\/secure.gravatar.com\/avatar\/d189e01678f06d8eb84d4e01f08eb848b3fffe3f8443818d3c356c66892f5be8?s=96&d=mm&r=g\",\"caption\":\"Ag\u00eancia iNFRA\"},\"url\":\"https:\/\/agenciainfra.com\/blog\/author\/admin\/\"}]}<\/script>\n<!-- \/ Yoast SEO Premium plugin. -->","yoast_head_json":{"title":"Thiago Barral deixar\u00e1 Secretaria de Planejamento do MME e deve assumir cargo de coordena\u00e7\u00e3o de energia da COP30, dizem fontes - Ag\u00eancia iNFRA","robots":{"index":"index","follow":"follow","max-snippet":"max-snippet:-1","max-image-preview":"max-image-preview:large","max-video-preview":"max-video-preview:-1"},"canonical":"https:\/\/agenciainfra.com\/blog\/thiago-barral-deixara-secretaria-de-planejamento-do-mme-e-deve-assumir-cargo-de-coordenacao-de-energia-da-cop30-dizem-fontes\/","og_locale":"pt_BR","og_type":"article","og_title":"Thiago Barral deixar\u00e1 Secretaria de Planejamento do MME e deve assumir cargo de coordena\u00e7\u00e3o de energia da COP30, dizem fontes","og_description":"da Ag\u00eancia iNFRA O secret\u00e1rio de Transi\u00e7\u00e3o Energ\u00e9tica e Planejamento do MME (Minist\u00e9rio de Minas e Energia), Thiago Barral, deixar\u00e1 a pasta, informaram fontes do governo \u00e0 Ag\u00eancia iNFRA. Barral passar\u00e1 a integrar a coordena\u00e7\u00e3o da COP30, como representante do governo nos assuntos de energia. Segundo fontes, Barral foi convidado pelo presidente da confer\u00eancia, embaixador [&hellip;]","og_url":"https:\/\/agenciainfra.com\/blog\/thiago-barral-deixara-secretaria-de-planejamento-do-mme-e-deve-assumir-cargo-de-coordenacao-de-energia-da-cop30-dizem-fontes\/","og_site_name":"Ag\u00eancia iNFRA","article_publisher":"https:\/\/www.facebook.com\/ageninfra","article_published_time":"2025-06-06T18:31:52+00:00","article_modified_time":"2025-06-09T13:48:42+00:00","og_image":[{"width":1280,"height":988,"url":"https:\/\/agenciainfra.com\/blog\/wp-content\/uploads\/2025\/06\/thiago-barral-foto-ministerio-de-minas-e-energia.jpg","type":"image\/jpeg"}],"author":"Ag\u00eancia iNFRA","twitter_card":"summary_large_image","twitter_creator":"@agencia_infra","twitter_site":"@agencia_infra","twitter_misc":{"Escrito por":"Ag\u00eancia iNFRA","Est. tempo de leitura":"1 minuto"},"schema":{"@context":"https:\/\/schema.org","@graph":[{"@type":"Article","@id":"https:\/\/agenciainfra.com\/blog\/thiago-barral-deixara-secretaria-de-planejamento-do-mme-e-deve-assumir-cargo-de-coordenacao-de-energia-da-cop30-dizem-fontes\/#article","isPartOf":{"@id":"https:\/\/agenciainfra.com\/blog\/thiago-barral-deixara-secretaria-de-planejamento-do-mme-e-deve-assumir-cargo-de-coordenacao-de-energia-da-cop30-dizem-fontes\/"},"author":{"name":"Ag\u00eancia iNFRA","@id":"https:\/\/agenciainfra.com\/blog\/#\/schema\/person\/34af08dff6adea4cb22b06612ba7acfa"},"headline":"Thiago Barral deixar\u00e1 Secretaria de Planejamento do MME e deve assumir cargo de coordena\u00e7\u00e3o de energia da COP30, dizem fontes","datePublished":"2025-06-06T18:31:52+00:00","dateModified":"2025-06-09T13:48:42+00:00","mainEntityOfPage":{"@id":"https:\/\/agenciainfra.com\/blog\/thiago-barral-deixara-secretaria-de-planejamento-do-mme-e-deve-assumir-cargo-de-coordenacao-de-energia-da-cop30-dizem-fontes\/"},"wordCount":165,"publisher":{"@id":"https:\/\/agenciainfra.com\/blog\/#organization"},"image":{"@id":"https:\/\/agenciainfra.com\/blog\/thiago-barral-deixara-secretaria-de-planejamento-do-mme-e-deve-assumir-cargo-de-coordenacao-de-energia-da-cop30-dizem-fontes\/#primaryimage"},"thumbnailUrl":"https:\/\/agenciainfra.com\/blog\/wp-content\/uploads\/2025\/06\/thiago-barral-foto-ministerio-de-minas-e-energia-e1751373583629.jpg","keywords":["Alexandre Silveira","Confer\u00eancia do Clima","COP30","Corr\u00eaa do Lago","Empresa de Pesquisa Energ\u00e9tica","epe","Minist\u00e9rio de Minas e Energia","ONU","Thiago Barral"],"articleSection":["Geral"],"inLanguage":"pt-BR","copyrightYear":"2025","copyrightHolder":{"@id":"https:\/\/agenciainfra.com\/blog\/#organization"}},{"@type":"WebPage","@id":"https:\/\/agenciainfra.com\/blog\/thiago-barral-deixara-secretaria-de-planejamento-do-mme-e-deve-assumir-cargo-de-coordenacao-de-energia-da-cop30-dizem-fontes\/","url":"https:\/\/agenciainfra.com\/blog\/thiago-barral-deixara-secretaria-de-planejamento-do-mme-e-deve-assumir-cargo-de-coordenacao-de-energia-da-cop30-dizem-fontes\/","name":"Thiago Barral deixar\u00e1 Secretaria de Planejamento do MME e deve assumir cargo de coordena\u00e7\u00e3o de energia da COP30, dizem fontes - Ag\u00eancia iNFRA","isPartOf":{"@id":"https:\/\/agenciainfra.com\/blog\/#website"},"primaryImageOfPage":{"@id":"https:\/\/agenciainfra.com\/blog\/thiago-barral-deixara-secretaria-de-planejamento-do-mme-e-deve-assumir-cargo-de-coordenacao-de-energia-da-cop30-dizem-fontes\/#primaryimage"},"image":{"@id":"https:\/\/agenciainfra.com\/blog\/thiago-barral-deixara-secretaria-de-planejamento-do-mme-e-deve-assumir-cargo-de-coordenacao-de-energia-da-cop30-dizem-fontes\/#primaryimage"},"thumbnailUrl":"https:\/\/agenciainfra.com\/blog\/wp-content\/uploads\/2025\/06\/thiago-barral-foto-ministerio-de-minas-e-energia-e1751373583629.jpg","datePublished":"2025-06-06T18:31:52+00:00","dateModified":"2025-06-09T13:48:42+00:00","breadcrumb":{"@id":"https:\/\/agenciainfra.com\/blog\/thiago-barral-deixara-secretaria-de-planejamento-do-mme-e-deve-assumir-cargo-de-coordenacao-de-energia-da-cop30-dizem-fontes\/#breadcrumb"},"inLanguage":"pt-BR","potentialAction":[{"@type":"ReadAction","target":["https:\/\/agenciainfra.com\/blog\/thiago-barral-deixara-secretaria-de-planejamento-do-mme-e-deve-assumir-cargo-de-coordenacao-de-energia-da-cop30-dizem-fontes\/"]}]},{"@type":"ImageObject","inLanguage":"pt-BR","@id":"https:\/\/agenciainfra.com\/blog\/thiago-barral-deixara-secretaria-de-planejamento-do-mme-e-deve-assumir-cargo-de-coordenacao-de-energia-da-cop30-dizem-fontes\/#primaryimage","url":"https:\/\/agenciainfra.com\/blog\/wp-content\/uploads\/2025\/06\/thiago-barral-foto-ministerio-de-minas-e-energia-e1751373583629.jpg","contentUrl":"https:\/\/agenciainfra.com\/blog\/wp-content\/uploads\/2025\/06\/thiago-barral-foto-ministerio-de-minas-e-energia-e1751373583629.jpg","width":1280,"height":794,"caption":"Foto: MME\/Divulga\u00e7\u00e3o"},{"@type":"BreadcrumbList","@id":"https:\/\/agenciainfra.com\/blog\/thiago-barral-deixara-secretaria-de-planejamento-do-mme-e-deve-assumir-cargo-de-coordenacao-de-energia-da-cop30-dizem-fontes\/#breadcrumb","itemListElement":[{"@type":"ListItem","position":1,"name":"In\u00edcio","item":"https:\/\/agenciainfra.com\/blog\/"},{"@type":"ListItem","position":2,"name":"Thiago Barral deixar\u00e1 Secretaria de Planejamento do MME e deve assumir cargo de coordena\u00e7\u00e3o de energia da COP30, dizem fontes"}]},{"@type":"WebSite","@id":"https:\/\/agenciainfra.com\/blog\/#website","url":"https:\/\/agenciainfra.com\/blog\/","name":"Ag\u00eancia iNFRA","description":"Multiplataforma de informa\u00e7\u00e3o jornal\u00edstica refer\u00eancia na \u00e1rea de infraestrutura no Brasil!","publisher":{"@id":"https:\/\/agenciainfra.com\/blog\/#organization"},"potentialAction":[{"@type":"SearchAction","target":{"@type":"EntryPoint","urlTemplate":"https:\/\/agenciainfra.com\/blog\/?s={search_term_string}"},"query-input":{"@type":"PropertyValueSpecification","valueRequired":true,"valueName":"search_term_string"}}],"inLanguage":"pt-BR"},{"@type":"Organization","@id":"https:\/\/agenciainfra.com\/blog\/#organization","name":"Ag\u00eancia iNFRA","url":"https:\/\/agenciainfra.com\/blog\/","logo":{"@type":"ImageObject","inLanguage":"pt-BR","@id":"https:\/\/agenciainfra.com\/blog\/#\/schema\/logo\/image\/","url":"https:\/\/agenciainfra.com\/blog\/wp-content\/uploads\/2023\/09\/iNFRA_5-e1761735885940.png","contentUrl":"https:\/\/agenciainfra.com\/blog\/wp-content\/uploads\/2023\/09\/iNFRA_5-e1761735885940.png","width":1672,"height":454,"caption":"Ag\u00eancia iNFRA"},"image":{"@id":"https:\/\/agenciainfra.com\/blog\/#\/schema\/logo\/image\/"},"sameAs":["https:\/\/www.facebook.com\/ageninfra","https:\/\/x.com\/agencia_infra","https:\/\/www.linkedin.com\/company\/ag\u00eanciainfra\/","https:\/\/www.instagram.com\/agenciainfra\/"]},{"@type":"Person","@id":"https:\/\/agenciainfra.com\/blog\/#\/schema\/person\/34af08dff6adea4cb22b06612ba7acfa","name":"Ag\u00eancia iNFRA","image":{"@type":"ImageObject","inLanguage":"pt-BR","@id":"https:\/\/agenciainfra.com\/blog\/#\/schema\/person\/image\/","url":"https:\/\/secure.gravatar.com\/avatar\/d189e01678f06d8eb84d4e01f08eb848b3fffe3f8443818d3c356c66892f5be8?s=96&d=mm&r=g","contentUrl":"https:\/\/secure.gravatar.com\/avatar\/d189e01678f06d8eb84d4e01f08eb848b3fffe3f8443818d3c356c66892f5be8?s=96&d=mm&r=g","caption":"Ag\u00eancia iNFRA"},"url":"https:\/\/agenciainfra.com\/blog\/author\/admin\/"}]}},"_links":{"self":[{"href":"https:\/\/agenciainfra.com\/blog\/wp-json\/wp\/v2\/posts\/22579","targetHints":{"allow":["GET"]}}],"collection":[{"href":"https:\/\/agenciainfra.com\/blog\/wp-json\/wp\/v2\/posts"}],"about":[{"href":"https:\/\/agenciainfra.com\/blog\/wp-json\/wp\/v2\/types\/post"}],"author":[{"embeddable":true,"href":"https:\/\/agenciainfra.com\/blog\/wp-json\/wp\/v2\/users\/1"}],"replies":[{"embeddable":true,"href":"https:\/\/agenciainfra.com\/blog\/wp-json\/wp\/v2\/comments?post=22579"}],"version-history":[{"count":1,"href":"https:\/\/agenciainfra.com\/blog\/wp-json\/wp\/v2\/posts\/22579\/revisions"}],"predecessor-version":[{"id":22581,"href":"https:\/\/agenciainfra.com\/blog\/wp-json\/wp\/v2\/posts\/22579\/revisions\/22581"}],"wp:featuredmedia":[{"embeddable":true,"href":"https:\/\/agenciainfra.com\/blog\/wp-json\/wp\/v2\/media\/22580"}],"wp:attachment":[{"href":"https:\/\/agenciainfra.com\/blog\/wp-json\/wp\/v2\/media?parent=22579"}],"wp:term":[{"taxonomy":"category","embeddable":true,"href":"https:\/\/agenciainfra.com\/blog\/wp-json\/wp\/v2\/categories?post=22579"},{"taxonomy":"post_tag","embeddable":true,"href":"https:\/\/agenciainfra.com\/blog\/wp-json\/wp\/v2\/tags?post=22579"}],"curies":[{"name":"wp","href":"https:\/\/api.w.org\/{rel}","templated":true}]}}