{"id":22584,"date":"2025-06-06T16:38:04","date_gmt":"2025-06-06T19:38:04","guid":{"rendered":"https:\/\/agenciainfra.com\/blog\/?p=22584"},"modified":"2025-06-09T12:36:48","modified_gmt":"2025-06-09T15:36:48","slug":"quem-defende-adiar-universalizacao-do-saneamento-nao-conhece-realidade-diz-jader","status":"publish","type":"post","link":"https:\/\/agenciainfra.com\/blog\/quem-defende-adiar-universalizacao-do-saneamento-nao-conhece-realidade-diz-jader\/","title":{"rendered":"Quem defende adiar universaliza\u00e7\u00e3o do saneamento n\u00e3o conhece realidade, diz Jader"},"content":{"rendered":"\n<p class=\"has-text-align-right\"><strong>Mar\u00edlia Sena e Sheyla Santos, da Ag\u00eancia iNFRA<\/strong><\/p>\n\n\n\n<p>O ministro das Cidades, Jader Filho, afirmou que quem discute, neste momento, a altera\u00e7\u00e3o ou o adiamento da exig\u00eancia de universaliza\u00e7\u00e3o dos servi\u00e7os de saneamento \u201cn\u00e3o tem no\u00e7\u00e3o do que \u00e9 viver sem \u00e1gua e sem esgoto\u201d. \u201cEu sou absolutamente contr\u00e1rio\u201d, declarou durante o &#8220;F\u00f3rum Esfera | Dialogando sobre o Brasil\u201d, realizado nesta sexta-feira (6) no Guaruj\u00e1 (SP).<\/p>\n\n\n\n<p>A discuss\u00e3o gira em torno do <a href=\"https:\/\/www.camara.leg.br\/proposicoesWeb\/fichadetramitacao?idProposicao=2479997\">PL (Projeto de Lei) 4.888\/2024<\/a>, que prop\u00f5e adiar a meta de universaliza\u00e7\u00e3o para 2040. \u201cEu n\u00e3o consigo nem discutir; isso mostra insensibilidade social\u201d, afirmou. Para ele, a proposta revela uma \u201cdesconex\u00e3o com a realidade do Brasil\u201d.<\/p>\n\n\n\n<p>O ministro tamb\u00e9m defendeu que a meta de universaliza\u00e7\u00e3o do saneamento b\u00e1sico at\u00e9 2033 \u201cprecisa ser priorit\u00e1ria para o Brasil\u201d e deve unir estados e munic\u00edpios ao governo federal.<\/p>\n\n\n\n<p><strong>Investimentos em infraestrutura<\/strong><br>Tamb\u00e9m presente ao evento, o ministro dos Transportes, Renan Filho, endossou a fala de Luciana Costa, diretora do BNDES (Banco Nacional de Desenvolvimento Econ\u00f4mico e Social), de que o Brasil voltou \u00e0 m\u00e1xima hist\u00f3rica de investimentos no setor.<\/p>\n\n\n\n<p>\u201cIsso \u00e9 muito importante. E a gente precisa perseverar em continuar caminhando nessa dire\u00e7\u00e3o\u201d, afirmou o ministro.<\/p>\n","protected":false},"excerpt":{"rendered":"<p>Mar\u00edlia Sena e Sheyla Santos, da Ag\u00eancia iNFRA O ministro das Cidades, Jader Filho, afirmou que quem discute, neste momento, a altera\u00e7\u00e3o ou o adiamento da exig\u00eancia de universaliza\u00e7\u00e3o dos servi\u00e7os de saneamento \u201cn\u00e3o tem no\u00e7\u00e3o do que \u00e9 viver sem \u00e1gua e sem esgoto\u201d. \u201cEu sou absolutamente contr\u00e1rio\u201d, declarou durante o &#8220;F\u00f3rum Esfera | [&hellip;]<\/p>\n","protected":false},"author":1,"featured_media":22583,"comment_status":"closed","ping_status":"closed","sticky":false,"template":"","format":"standard","meta":{"_monsterinsights_skip_tracking":false,"_monsterinsights_sitenote_active":false,"_monsterinsights_sitenote_note":"","_monsterinsights_sitenote_category":0,"footnotes":""},"categories":[7250,1,7827],"tags":[103,13652,6605,11654,4035,16,13653,6248,179,8838,2192],"class_list":["post-22584","post","type-post","status-publish","format-standard","has-post-thumbnail","hentry","category-destaque-lista","category-geral","category-infrasaneamento","tag-bndes","tag-forum-esfera","tag-jader-filho","tag-marilia-sena","tag-ministerio-das-cidades","tag-ministerio-dos-transportes","tag-pl-4-888-2024","tag-renan-filho","tag-saneamento","tag-sheyla-santos","tag-universalizacao"],"yoast_head":"<!-- This site is optimized with the Yoast SEO Premium plugin v25.4 (Yoast SEO v26.0) - https:\/\/yoast.com\/wordpress\/plugins\/seo\/ -->\n<title>Quem defende adiar universaliza\u00e7\u00e3o do saneamento n\u00e3o conhece realidade, diz Jader - Ag\u00eancia iNFRA<\/title>\n<meta name=\"robots\" content=\"index, follow, max-snippet:-1, max-image-preview:large, max-video-preview:-1\" \/>\n<link rel=\"canonical\" href=\"https:\/\/agenciainfra.com\/blog\/quem-defende-adiar-universalizacao-do-saneamento-nao-conhece-realidade-diz-jader\/\" \/>\n<meta property=\"og:locale\" content=\"pt_BR\" \/>\n<meta property=\"og:type\" content=\"article\" \/>\n<meta property=\"og:title\" content=\"Quem defende adiar universaliza\u00e7\u00e3o do saneamento n\u00e3o conhece realidade, diz Jader\" \/>\n<meta property=\"og:description\" content=\"Mar\u00edlia Sena e Sheyla Santos, da Ag\u00eancia iNFRA O ministro das Cidades, Jader Filho, afirmou que quem discute, neste momento, a altera\u00e7\u00e3o ou o adiamento da exig\u00eancia de universaliza\u00e7\u00e3o dos servi\u00e7os de saneamento \u201cn\u00e3o tem no\u00e7\u00e3o do que \u00e9 viver sem \u00e1gua e sem esgoto\u201d. \u201cEu sou absolutamente contr\u00e1rio\u201d, declarou durante o &#8220;F\u00f3rum Esfera | [&hellip;]\" \/>\n<meta property=\"og:url\" content=\"https:\/\/agenciainfra.com\/blog\/quem-defende-adiar-universalizacao-do-saneamento-nao-conhece-realidade-diz-jader\/\" \/>\n<meta property=\"og:site_name\" content=\"Ag\u00eancia iNFRA\" \/>\n<meta property=\"article:publisher\" content=\"https:\/\/www.facebook.com\/ageninfra\" \/>\n<meta property=\"article:published_time\" content=\"2025-06-06T19:38:04+00:00\" \/>\n<meta property=\"article:modified_time\" content=\"2025-06-09T15:36:48+00:00\" \/>\n<meta property=\"og:image\" content=\"https:\/\/agenciainfra.com\/blog\/wp-content\/uploads\/2025\/06\/jader-filho-foto-fabio-rodrigues-pozzebom-agencia-brasil.jpeg\" \/>\n\t<meta property=\"og:image:width\" content=\"1280\" \/>\n\t<meta property=\"og:image:height\" content=\"853\" \/>\n\t<meta property=\"og:image:type\" content=\"image\/jpeg\" \/>\n<meta name=\"author\" content=\"Ag\u00eancia iNFRA\" \/>\n<meta name=\"twitter:card\" content=\"summary_large_image\" \/>\n<meta name=\"twitter:creator\" content=\"@agencia_infra\" \/>\n<meta name=\"twitter:site\" content=\"@agencia_infra\" \/>\n<meta name=\"twitter:label1\" content=\"Escrito por\" \/>\n\t<meta name=\"twitter:data1\" content=\"Ag\u00eancia iNFRA\" \/>\n\t<meta name=\"twitter:label2\" content=\"Est. tempo de leitura\" \/>\n\t<meta name=\"twitter:data2\" content=\"1 minuto\" \/>\n<script type=\"application\/ld+json\" class=\"yoast-schema-graph\">{\"@context\":\"https:\/\/schema.org\",\"@graph\":[{\"@type\":\"Article\",\"@id\":\"https:\/\/agenciainfra.com\/blog\/quem-defende-adiar-universalizacao-do-saneamento-nao-conhece-realidade-diz-jader\/#article\",\"isPartOf\":{\"@id\":\"https:\/\/agenciainfra.com\/blog\/quem-defende-adiar-universalizacao-do-saneamento-nao-conhece-realidade-diz-jader\/\"},\"author\":{\"name\":\"Ag\u00eancia iNFRA\",\"@id\":\"https:\/\/agenciainfra.com\/blog\/#\/schema\/person\/34af08dff6adea4cb22b06612ba7acfa\"},\"headline\":\"Quem defende adiar universaliza\u00e7\u00e3o do saneamento n\u00e3o conhece realidade, diz Jader\",\"datePublished\":\"2025-06-06T19:38:04+00:00\",\"dateModified\":\"2025-06-09T15:36:48+00:00\",\"mainEntityOfPage\":{\"@id\":\"https:\/\/agenciainfra.com\/blog\/quem-defende-adiar-universalizacao-do-saneamento-nao-conhece-realidade-diz-jader\/\"},\"wordCount\":225,\"publisher\":{\"@id\":\"https:\/\/agenciainfra.com\/blog\/#organization\"},\"image\":{\"@id\":\"https:\/\/agenciainfra.com\/blog\/quem-defende-adiar-universalizacao-do-saneamento-nao-conhece-realidade-diz-jader\/#primaryimage\"},\"thumbnailUrl\":\"https:\/\/agenciainfra.com\/blog\/wp-content\/uploads\/2025\/06\/jader-filho-foto-fabio-rodrigues-pozzebom-agencia-brasil.jpeg\",\"keywords\":[\"BNDES\",\"F\u00f3rum Esfera\",\"Jader Filho\",\"Mar\u00edlia Sena\",\"Minist\u00e9rio das Cidades\",\"minist\u00e9rio dos transportes\",\"PL 4.888\/2024\",\"Renan Filho\",\"saneamento\",\"Sheyla Santos\",\"universaliza\u00e7\u00e3o\"],\"articleSection\":[\"Destaque lista\",\"Geral\",\"iNFRASaneamento\"],\"inLanguage\":\"pt-BR\",\"copyrightYear\":\"2025\",\"copyrightHolder\":{\"@id\":\"https:\/\/agenciainfra.com\/blog\/#organization\"}},{\"@type\":\"WebPage\",\"@id\":\"https:\/\/agenciainfra.com\/blog\/quem-defende-adiar-universalizacao-do-saneamento-nao-conhece-realidade-diz-jader\/\",\"url\":\"https:\/\/agenciainfra.com\/blog\/quem-defende-adiar-universalizacao-do-saneamento-nao-conhece-realidade-diz-jader\/\",\"name\":\"Quem defende adiar universaliza\u00e7\u00e3o do saneamento n\u00e3o conhece realidade, diz Jader - Ag\u00eancia iNFRA\",\"isPartOf\":{\"@id\":\"https:\/\/agenciainfra.com\/blog\/#website\"},\"primaryImageOfPage\":{\"@id\":\"https:\/\/agenciainfra.com\/blog\/quem-defende-adiar-universalizacao-do-saneamento-nao-conhece-realidade-diz-jader\/#primaryimage\"},\"image\":{\"@id\":\"https:\/\/agenciainfra.com\/blog\/quem-defende-adiar-universalizacao-do-saneamento-nao-conhece-realidade-diz-jader\/#primaryimage\"},\"thumbnailUrl\":\"https:\/\/agenciainfra.com\/blog\/wp-content\/uploads\/2025\/06\/jader-filho-foto-fabio-rodrigues-pozzebom-agencia-brasil.jpeg\",\"datePublished\":\"2025-06-06T19:38:04+00:00\",\"dateModified\":\"2025-06-09T15:36:48+00:00\",\"breadcrumb\":{\"@id\":\"https:\/\/agenciainfra.com\/blog\/quem-defende-adiar-universalizacao-do-saneamento-nao-conhece-realidade-diz-jader\/#breadcrumb\"},\"inLanguage\":\"pt-BR\",\"potentialAction\":[{\"@type\":\"ReadAction\",\"target\":[\"https:\/\/agenciainfra.com\/blog\/quem-defende-adiar-universalizacao-do-saneamento-nao-conhece-realidade-diz-jader\/\"]}]},{\"@type\":\"ImageObject\",\"inLanguage\":\"pt-BR\",\"@id\":\"https:\/\/agenciainfra.com\/blog\/quem-defende-adiar-universalizacao-do-saneamento-nao-conhece-realidade-diz-jader\/#primaryimage\",\"url\":\"https:\/\/agenciainfra.com\/blog\/wp-content\/uploads\/2025\/06\/jader-filho-foto-fabio-rodrigues-pozzebom-agencia-brasil.jpeg\",\"contentUrl\":\"https:\/\/agenciainfra.com\/blog\/wp-content\/uploads\/2025\/06\/jader-filho-foto-fabio-rodrigues-pozzebom-agencia-brasil.jpeg\",\"width\":1280,\"height\":853},{\"@type\":\"BreadcrumbList\",\"@id\":\"https:\/\/agenciainfra.com\/blog\/quem-defende-adiar-universalizacao-do-saneamento-nao-conhece-realidade-diz-jader\/#breadcrumb\",\"itemListElement\":[{\"@type\":\"ListItem\",\"position\":1,\"name\":\"In\u00edcio\",\"item\":\"https:\/\/agenciainfra.com\/blog\/\"},{\"@type\":\"ListItem\",\"position\":2,\"name\":\"Quem defende adiar universaliza\u00e7\u00e3o do saneamento n\u00e3o conhece realidade, diz Jader\"}]},{\"@type\":\"WebSite\",\"@id\":\"https:\/\/agenciainfra.com\/blog\/#website\",\"url\":\"https:\/\/agenciainfra.com\/blog\/\",\"name\":\"Ag\u00eancia iNFRA\",\"description\":\"Multiplataforma de informa\u00e7\u00e3o jornal\u00edstica refer\u00eancia na \u00e1rea de infraestrutura no Brasil!\",\"publisher\":{\"@id\":\"https:\/\/agenciainfra.com\/blog\/#organization\"},\"potentialAction\":[{\"@type\":\"SearchAction\",\"target\":{\"@type\":\"EntryPoint\",\"urlTemplate\":\"https:\/\/agenciainfra.com\/blog\/?s={search_term_string}\"},\"query-input\":{\"@type\":\"PropertyValueSpecification\",\"valueRequired\":true,\"valueName\":\"search_term_string\"}}],\"inLanguage\":\"pt-BR\"},{\"@type\":\"Organization\",\"@id\":\"https:\/\/agenciainfra.com\/blog\/#organization\",\"name\":\"Ag\u00eancia iNFRA\",\"url\":\"https:\/\/agenciainfra.com\/blog\/\",\"logo\":{\"@type\":\"ImageObject\",\"inLanguage\":\"pt-BR\",\"@id\":\"https:\/\/agenciainfra.com\/blog\/#\/schema\/logo\/image\/\",\"url\":\"https:\/\/agenciainfra.com\/blog\/wp-content\/uploads\/2023\/09\/iNFRA_5-e1761735885940.png\",\"contentUrl\":\"https:\/\/agenciainfra.com\/blog\/wp-content\/uploads\/2023\/09\/iNFRA_5-e1761735885940.png\",\"width\":1672,\"height\":454,\"caption\":\"Ag\u00eancia iNFRA\"},\"image\":{\"@id\":\"https:\/\/agenciainfra.com\/blog\/#\/schema\/logo\/image\/\"},\"sameAs\":[\"https:\/\/www.facebook.com\/ageninfra\",\"https:\/\/x.com\/agencia_infra\",\"https:\/\/www.linkedin.com\/company\/ag\u00eanciainfra\/\",\"https:\/\/www.instagram.com\/agenciainfra\/\"]},{\"@type\":\"Person\",\"@id\":\"https:\/\/agenciainfra.com\/blog\/#\/schema\/person\/34af08dff6adea4cb22b06612ba7acfa\",\"name\":\"Ag\u00eancia iNFRA\",\"image\":{\"@type\":\"ImageObject\",\"inLanguage\":\"pt-BR\",\"@id\":\"https:\/\/agenciainfra.com\/blog\/#\/schema\/person\/image\/\",\"url\":\"https:\/\/secure.gravatar.com\/avatar\/d189e01678f06d8eb84d4e01f08eb848b3fffe3f8443818d3c356c66892f5be8?s=96&d=mm&r=g\",\"contentUrl\":\"https:\/\/secure.gravatar.com\/avatar\/d189e01678f06d8eb84d4e01f08eb848b3fffe3f8443818d3c356c66892f5be8?s=96&d=mm&r=g\",\"caption\":\"Ag\u00eancia iNFRA\"},\"url\":\"https:\/\/agenciainfra.com\/blog\/author\/admin\/\"}]}<\/script>\n<!-- \/ Yoast SEO Premium plugin. -->","yoast_head_json":{"title":"Quem defende adiar universaliza\u00e7\u00e3o do saneamento n\u00e3o conhece realidade, diz Jader - Ag\u00eancia iNFRA","robots":{"index":"index","follow":"follow","max-snippet":"max-snippet:-1","max-image-preview":"max-image-preview:large","max-video-preview":"max-video-preview:-1"},"canonical":"https:\/\/agenciainfra.com\/blog\/quem-defende-adiar-universalizacao-do-saneamento-nao-conhece-realidade-diz-jader\/","og_locale":"pt_BR","og_type":"article","og_title":"Quem defende adiar universaliza\u00e7\u00e3o do saneamento n\u00e3o conhece realidade, diz Jader","og_description":"Mar\u00edlia Sena e Sheyla Santos, da Ag\u00eancia iNFRA O ministro das Cidades, Jader Filho, afirmou que quem discute, neste momento, a altera\u00e7\u00e3o ou o adiamento da exig\u00eancia de universaliza\u00e7\u00e3o dos servi\u00e7os de saneamento \u201cn\u00e3o tem no\u00e7\u00e3o do que \u00e9 viver sem \u00e1gua e sem esgoto\u201d. \u201cEu sou absolutamente contr\u00e1rio\u201d, declarou durante o &#8220;F\u00f3rum Esfera | [&hellip;]","og_url":"https:\/\/agenciainfra.com\/blog\/quem-defende-adiar-universalizacao-do-saneamento-nao-conhece-realidade-diz-jader\/","og_site_name":"Ag\u00eancia iNFRA","article_publisher":"https:\/\/www.facebook.com\/ageninfra","article_published_time":"2025-06-06T19:38:04+00:00","article_modified_time":"2025-06-09T15:36:48+00:00","og_image":[{"width":1280,"height":853,"url":"https:\/\/agenciainfra.com\/blog\/wp-content\/uploads\/2025\/06\/jader-filho-foto-fabio-rodrigues-pozzebom-agencia-brasil.jpeg","type":"image\/jpeg"}],"author":"Ag\u00eancia iNFRA","twitter_card":"summary_large_image","twitter_creator":"@agencia_infra","twitter_site":"@agencia_infra","twitter_misc":{"Escrito por":"Ag\u00eancia iNFRA","Est. tempo de leitura":"1 minuto"},"schema":{"@context":"https:\/\/schema.org","@graph":[{"@type":"Article","@id":"https:\/\/agenciainfra.com\/blog\/quem-defende-adiar-universalizacao-do-saneamento-nao-conhece-realidade-diz-jader\/#article","isPartOf":{"@id":"https:\/\/agenciainfra.com\/blog\/quem-defende-adiar-universalizacao-do-saneamento-nao-conhece-realidade-diz-jader\/"},"author":{"name":"Ag\u00eancia iNFRA","@id":"https:\/\/agenciainfra.com\/blog\/#\/schema\/person\/34af08dff6adea4cb22b06612ba7acfa"},"headline":"Quem defende adiar universaliza\u00e7\u00e3o do saneamento n\u00e3o conhece realidade, diz Jader","datePublished":"2025-06-06T19:38:04+00:00","dateModified":"2025-06-09T15:36:48+00:00","mainEntityOfPage":{"@id":"https:\/\/agenciainfra.com\/blog\/quem-defende-adiar-universalizacao-do-saneamento-nao-conhece-realidade-diz-jader\/"},"wordCount":225,"publisher":{"@id":"https:\/\/agenciainfra.com\/blog\/#organization"},"image":{"@id":"https:\/\/agenciainfra.com\/blog\/quem-defende-adiar-universalizacao-do-saneamento-nao-conhece-realidade-diz-jader\/#primaryimage"},"thumbnailUrl":"https:\/\/agenciainfra.com\/blog\/wp-content\/uploads\/2025\/06\/jader-filho-foto-fabio-rodrigues-pozzebom-agencia-brasil.jpeg","keywords":["BNDES","F\u00f3rum Esfera","Jader Filho","Mar\u00edlia Sena","Minist\u00e9rio das Cidades","minist\u00e9rio dos transportes","PL 4.888\/2024","Renan Filho","saneamento","Sheyla Santos","universaliza\u00e7\u00e3o"],"articleSection":["Destaque lista","Geral","iNFRASaneamento"],"inLanguage":"pt-BR","copyrightYear":"2025","copyrightHolder":{"@id":"https:\/\/agenciainfra.com\/blog\/#organization"}},{"@type":"WebPage","@id":"https:\/\/agenciainfra.com\/blog\/quem-defende-adiar-universalizacao-do-saneamento-nao-conhece-realidade-diz-jader\/","url":"https:\/\/agenciainfra.com\/blog\/quem-defende-adiar-universalizacao-do-saneamento-nao-conhece-realidade-diz-jader\/","name":"Quem defende adiar universaliza\u00e7\u00e3o do saneamento n\u00e3o conhece realidade, diz Jader - Ag\u00eancia iNFRA","isPartOf":{"@id":"https:\/\/agenciainfra.com\/blog\/#website"},"primaryImageOfPage":{"@id":"https:\/\/agenciainfra.com\/blog\/quem-defende-adiar-universalizacao-do-saneamento-nao-conhece-realidade-diz-jader\/#primaryimage"},"image":{"@id":"https:\/\/agenciainfra.com\/blog\/quem-defende-adiar-universalizacao-do-saneamento-nao-conhece-realidade-diz-jader\/#primaryimage"},"thumbnailUrl":"https:\/\/agenciainfra.com\/blog\/wp-content\/uploads\/2025\/06\/jader-filho-foto-fabio-rodrigues-pozzebom-agencia-brasil.jpeg","datePublished":"2025-06-06T19:38:04+00:00","dateModified":"2025-06-09T15:36:48+00:00","breadcrumb":{"@id":"https:\/\/agenciainfra.com\/blog\/quem-defende-adiar-universalizacao-do-saneamento-nao-conhece-realidade-diz-jader\/#breadcrumb"},"inLanguage":"pt-BR","potentialAction":[{"@type":"ReadAction","target":["https:\/\/agenciainfra.com\/blog\/quem-defende-adiar-universalizacao-do-saneamento-nao-conhece-realidade-diz-jader\/"]}]},{"@type":"ImageObject","inLanguage":"pt-BR","@id":"https:\/\/agenciainfra.com\/blog\/quem-defende-adiar-universalizacao-do-saneamento-nao-conhece-realidade-diz-jader\/#primaryimage","url":"https:\/\/agenciainfra.com\/blog\/wp-content\/uploads\/2025\/06\/jader-filho-foto-fabio-rodrigues-pozzebom-agencia-brasil.jpeg","contentUrl":"https:\/\/agenciainfra.com\/blog\/wp-content\/uploads\/2025\/06\/jader-filho-foto-fabio-rodrigues-pozzebom-agencia-brasil.jpeg","width":1280,"height":853},{"@type":"BreadcrumbList","@id":"https:\/\/agenciainfra.com\/blog\/quem-defende-adiar-universalizacao-do-saneamento-nao-conhece-realidade-diz-jader\/#breadcrumb","itemListElement":[{"@type":"ListItem","position":1,"name":"In\u00edcio","item":"https:\/\/agenciainfra.com\/blog\/"},{"@type":"ListItem","position":2,"name":"Quem defende adiar universaliza\u00e7\u00e3o do saneamento n\u00e3o conhece realidade, diz Jader"}]},{"@type":"WebSite","@id":"https:\/\/agenciainfra.com\/blog\/#website","url":"https:\/\/agenciainfra.com\/blog\/","name":"Ag\u00eancia iNFRA","description":"Multiplataforma de informa\u00e7\u00e3o jornal\u00edstica refer\u00eancia na \u00e1rea de infraestrutura no Brasil!","publisher":{"@id":"https:\/\/agenciainfra.com\/blog\/#organization"},"potentialAction":[{"@type":"SearchAction","target":{"@type":"EntryPoint","urlTemplate":"https:\/\/agenciainfra.com\/blog\/?s={search_term_string}"},"query-input":{"@type":"PropertyValueSpecification","valueRequired":true,"valueName":"search_term_string"}}],"inLanguage":"pt-BR"},{"@type":"Organization","@id":"https:\/\/agenciainfra.com\/blog\/#organization","name":"Ag\u00eancia iNFRA","url":"https:\/\/agenciainfra.com\/blog\/","logo":{"@type":"ImageObject","inLanguage":"pt-BR","@id":"https:\/\/agenciainfra.com\/blog\/#\/schema\/logo\/image\/","url":"https:\/\/agenciainfra.com\/blog\/wp-content\/uploads\/2023\/09\/iNFRA_5-e1761735885940.png","contentUrl":"https:\/\/agenciainfra.com\/blog\/wp-content\/uploads\/2023\/09\/iNFRA_5-e1761735885940.png","width":1672,"height":454,"caption":"Ag\u00eancia iNFRA"},"image":{"@id":"https:\/\/agenciainfra.com\/blog\/#\/schema\/logo\/image\/"},"sameAs":["https:\/\/www.facebook.com\/ageninfra","https:\/\/x.com\/agencia_infra","https:\/\/www.linkedin.com\/company\/ag\u00eanciainfra\/","https:\/\/www.instagram.com\/agenciainfra\/"]},{"@type":"Person","@id":"https:\/\/agenciainfra.com\/blog\/#\/schema\/person\/34af08dff6adea4cb22b06612ba7acfa","name":"Ag\u00eancia iNFRA","image":{"@type":"ImageObject","inLanguage":"pt-BR","@id":"https:\/\/agenciainfra.com\/blog\/#\/schema\/person\/image\/","url":"https:\/\/secure.gravatar.com\/avatar\/d189e01678f06d8eb84d4e01f08eb848b3fffe3f8443818d3c356c66892f5be8?s=96&d=mm&r=g","contentUrl":"https:\/\/secure.gravatar.com\/avatar\/d189e01678f06d8eb84d4e01f08eb848b3fffe3f8443818d3c356c66892f5be8?s=96&d=mm&r=g","caption":"Ag\u00eancia iNFRA"},"url":"https:\/\/agenciainfra.com\/blog\/author\/admin\/"}]}},"_links":{"self":[{"href":"https:\/\/agenciainfra.com\/blog\/wp-json\/wp\/v2\/posts\/22584","targetHints":{"allow":["GET"]}}],"collection":[{"href":"https:\/\/agenciainfra.com\/blog\/wp-json\/wp\/v2\/posts"}],"about":[{"href":"https:\/\/agenciainfra.com\/blog\/wp-json\/wp\/v2\/types\/post"}],"author":[{"embeddable":true,"href":"https:\/\/agenciainfra.com\/blog\/wp-json\/wp\/v2\/users\/1"}],"replies":[{"embeddable":true,"href":"https:\/\/agenciainfra.com\/blog\/wp-json\/wp\/v2\/comments?post=22584"}],"version-history":[{"count":1,"href":"https:\/\/agenciainfra.com\/blog\/wp-json\/wp\/v2\/posts\/22584\/revisions"}],"predecessor-version":[{"id":22586,"href":"https:\/\/agenciainfra.com\/blog\/wp-json\/wp\/v2\/posts\/22584\/revisions\/22586"}],"wp:featuredmedia":[{"embeddable":true,"href":"https:\/\/agenciainfra.com\/blog\/wp-json\/wp\/v2\/media\/22583"}],"wp:attachment":[{"href":"https:\/\/agenciainfra.com\/blog\/wp-json\/wp\/v2\/media?parent=22584"}],"wp:term":[{"taxonomy":"category","embeddable":true,"href":"https:\/\/agenciainfra.com\/blog\/wp-json\/wp\/v2\/categories?post=22584"},{"taxonomy":"post_tag","embeddable":true,"href":"https:\/\/agenciainfra.com\/blog\/wp-json\/wp\/v2\/tags?post=22584"}],"curies":[{"name":"wp","href":"https:\/\/api.w.org\/{rel}","templated":true}]}}