{"id":22612,"date":"2025-06-09T08:30:00","date_gmt":"2025-06-09T11:30:00","guid":{"rendered":"https:\/\/agenciainfra.com\/blog\/?p=22612"},"modified":"2025-06-10T10:43:09","modified_gmt":"2025-06-10T13:43:09","slug":"mp-do-setor-eletrico-muda-logica-de-contratos-no-acl-e-expoe-agentes-a-riscos-dizem-fontes","status":"publish","type":"post","link":"https:\/\/agenciainfra.com\/blog\/mp-do-setor-eletrico-muda-logica-de-contratos-no-acl-e-expoe-agentes-a-riscos-dizem-fontes\/","title":{"rendered":"MP do setor el\u00e9trico muda l\u00f3gica de contratos no ACL e exp\u00f5e agentes a riscos, dizem fontes"},"content":{"rendered":"\n<p class=\"has-text-align-right\"><strong>Lais Carregosa, da Ag\u00eancia iNFRA<\/strong><\/p>\n\n\n\n<p>A&nbsp;<a href=\"https:\/\/agenciainfra.us14.list-manage.com\/track\/click?u=d460dd1bcf9ba0ae040e1fc0f&amp;id=7e8c6ada43&amp;e=55b7a27fc9\" target=\"_blank\" rel=\"noreferrer noopener\">MP (Medida Provis\u00f3ria) 1.300<\/a>, que trata da reforma do setor el\u00e9trico, muda a l\u00f3gica dos contratos no ACL (Ambiente de Contrata\u00e7\u00e3o Livre) de energia e deve expor grande parte dos agentes aos riscos do mercado de curto prazo, afirmaram fontes do setor \u00e0&nbsp;<strong>Ag\u00eancia iNFRA<\/strong>.<br>&nbsp;<br>Na avalia\u00e7\u00e3o de interlocutores que atuam no ACL, a MP d\u00e1 fim a duas pr\u00e1ticas contratuais difundidas no segmento: flexibilidade do volume contratado e garantia de \u201cregistro contra pagamento\u201d. Nos dois casos, a impress\u00e3o dos agentes \u00e9 que as limita\u00e7\u00f5es da MP aumentam o risco sist\u00eamico no setor, uma vez que atingem a maioria dos agentes. Interlocutores estimam que mais de 90% dos contratos do mercado livre t\u00eam essas duas cl\u00e1usulas.<br>&nbsp;<br>Isso porque a medida estabelece o fim dos descontos no fio do segmento consumo para os contratos assinados a partir de janeiro de 2026, com uma regra de transi\u00e7\u00e3o at\u00e9 31 de dezembro de 2025. Nesse per\u00edodo, os agentes podem celebrar os seus contratos e ainda contar com os subs\u00eddios. Contudo, n\u00e3o podem ajustar os volumes contratados depois do registro junto \u00e0 CCEE (C\u00e2mara de Comercializa\u00e7\u00e3o de Energia).<br>&nbsp;<br>A regra foi criada porque, ap\u00f3s a divulga\u00e7\u00e3o da minuta da MP, comercializadoras e geradoras de energia foram \u00e0 CCEE registrar os seus contratos com volumes zerados, a fim de ajustar o consumo ao longo do tempo e garantir os descontos no fio por tempo indeterminado.<br>&nbsp;<br>\u201cCom a inten\u00e7\u00e3o de evitar esse tipo de estrat\u00e9gia, o minist\u00e9rio mudou o texto para \u2018registro e valida\u00e7\u00e3o\u2019. Mas, quando se fala de \u2018registro e valida\u00e7\u00e3o\u2019 do volume, voc\u00ea tem que dizer exatamente o volume que vai ser comprado por m\u00eas, por ano, no futuro. Eu tenho que dizer hoje quanto desse volume vai ser comprado\u201d, explicou o CEO da Clarke Energia, Pedro Rio.<br>&nbsp;<br>Segundo o executivo, o m\u00e9rito da proposta \u00e9 justo ao procurar evitar uma manobra comercial, que geraria distor\u00e7\u00f5es no mercado, mas a consequ\u00eancia do texto \u00e9 o fim de pr\u00e1ticas j\u00e1 consolidadas no ACL.<br>&nbsp;<br><strong>Flexibilidade de volume<\/strong><br>\u00c9 comum no ACL a comercializa\u00e7\u00e3o de energia com flexibilidade de consumo. Ou seja, um contrato negociado com 10% de flexibilidade significa que o volume de energia consumido poder\u00e1 ser 10% menor ou maior. Isso \u00e9 poss\u00edvel porque os agentes, ap\u00f3s registrarem os contratos junto \u00e0 CCEE, poderiam ajustar os volumes de acordo com o consumo real.<br>&nbsp;<br>\u201cHoje em dia, nos \u00faltimos cinco anos principalmente, popularizou-se muito o aumento dessa \u2018flex\u2019. O mais popular do mercado \u00e9 de mais ou menos 100%. Ent\u00e3o, voc\u00ea pode ir de zero ao dobro do consumo. E j\u00e1 tem casos de oferta de condi\u00e7\u00f5es ainda maiores, como \u2018flex 500\u2019 [500% de flexibilidade] ou at\u00e9 \u2018flex infinita\u2019\u201d, afirmou o CEO da Clarke.<br>&nbsp;<br>Pedro Rio explica ainda que o mercado livre funciona com o registro do volume ap\u00f3s o consumo. Assim, \u00e9 registrado na CCEE o que foi efetivamente consumido dentro da banda de flexibilidade permitida pelo contrato.<br>&nbsp;<br>Com as regras da MP, que impedem ajustes, o agente fica obrigado a cravar o volume exato de energia antes do consumo, ao registrar o documento. Isso, na avalia\u00e7\u00e3o de agentes consultados pela&nbsp;<strong>Ag\u00eancia iNFRA<\/strong>, encerra a flexibilidade nos contratos.<br>&nbsp;<br>Nesse caso, se o agente consumir mais ou menos que o contratado, dever\u00e1 ir ao mercado de curto prazo para comprar o que faltou ou vender o excedente. De ambas as formas, fica sujeito ao pre\u00e7o do dia e pode sair no preju\u00edzo, afirmam fontes.<br>&nbsp;<br>Por outro lado, um interlocutor que atua no ACL levanta a possibilidade de as comercializadoras registrarem os contratos com os volumes superiores da banda de flexibilidade, reduzindo os volumes m\u00eas a m\u00eas de acordo com o comportamento do consumo.<br>&nbsp;<br><strong>Garantias<\/strong><br>Outra modalidade amplamente difundida no setor \u00e9 a chamada garantia \u201cregistro contra pagamento\u201d. Isso significa que o contrato s\u00f3 tem o volume registrado ap\u00f3s o pagamento pelo comprador \u2013 geralmente feito at\u00e9 o sexto dia \u00fatil do m\u00eas. Mesmo em contratos de longa dura\u00e7\u00e3o, os volumes s\u00e3o ajustados m\u00eas a m\u00eas, conforme o pagamento do comprador. Dessa forma, essa pr\u00e1tica evita a necessidade de aporte de garantias financeiras \u2013 que s\u00e3o mais custosas.<br>&nbsp;<br>No entanto, a MP inviabiliza essa pr\u00e1tica ao determinar que os contratos cravem todos os volumes consumidos. Assim, n\u00e3o h\u00e1 possibilidade de ajuste dos volumes ap\u00f3s o registro e, portanto, o comprador ter\u00e1 que aportar uma garantia para todo o volume contratado, sem a possibilidade de usar a modalidade mais barata, de \u201cregistro contra pagamento\u201d.<br>&nbsp;<br>\u201cDas duas uma: ou o consumidor vai ter que apresentar uma garantia, o que vai tornar a sua energia mais cara, ou o fornecedor vai tomar risco caso n\u00e3o exija a apresenta\u00e7\u00e3o de garantia. S\u00f3 que isso [a n\u00e3o exig\u00eancia de garantia] \u00e9 perigoso at\u00e9 para o setor porque se torna um risco sist\u00eamico, voc\u00ea entrega o produto sem garantia de pagamento e sem capacidade de corte, porque est\u00e1 tudo registrado\u201d, destaca Pedro Rio.<br>&nbsp;<br>Por isso, segundo fontes, a regra da MP obriga a realiza\u00e7\u00e3o de aportes altos como garantias, elevando o custo para o comprador. Ao mesmo tempo, o texto aumenta o risco de inadimpl\u00eancia, caso os agentes optem pela n\u00e3o exig\u00eancia de garantia.<br>&nbsp;<br>\u00c0&nbsp;<strong>Ag\u00eancia iNFRA<\/strong>, interlocutores do mercado afirmam que ainda tentam encontrar formas economicamente vi\u00e1veis de contornar o fim da garantia \u201cregistro contra pagamento\u201d, mas contam com a retirada do fim do subs\u00eddio da MP ou a cria\u00e7\u00e3o de uma regra de transi\u00e7\u00e3o durante a tramita\u00e7\u00e3o do texto no Congresso.<br>&nbsp;<br><strong>Trading de lastro de incentivada<\/strong><br>Outro ponto destacado pelos agentes do ACL \u00e9 o fim do chamado \u201ctrading de lastro de incentivada\u201d a partir de 1\u00ba de janeiro de 2026. Ou seja, os agentes que contrataram energia incentivada para fazer trading, contando com os descontos no fio, t\u00eam at\u00e9 o final do ano para destinar os volumes.<br>&nbsp;<br>Uma fonte do setor d\u00e1 o seguinte exemplo: se uma comercializadora tiver vendido energia incentivada para um consumidor no prazo de transi\u00e7\u00e3o, mas n\u00e3o tiver comprado a energia da geradora ainda, n\u00e3o vai conseguir honrar os contratos ap\u00f3s esse per\u00edodo porque o volume negociado depois de 1\u00ba de janeiro de 2026 n\u00e3o vai contar com subs\u00eddio.<br>&nbsp;<br>Da mesma forma, se a comercializadora comprou energia incentivada da geradora at\u00e9 31 de dezembro de 2025, mas n\u00e3o vendeu a um consumidor, vai ser mais dif\u00edcil destinar o volume de energia porque o comprador n\u00e3o ter\u00e1 mais o desconto.<br>&nbsp;<br>Dessa maneira, disseram fontes \u00e0&nbsp;<strong>Ag\u00eancia iNFRA<\/strong>, os agentes precisam se livrar do estoque de \u201ccr\u00e9ditos\u201d de descontos, acumulados quando a comercializadora compra mais energia incentivada do que vende em um determinado per\u00edodo. A consequ\u00eancia \u00e9 a redu\u00e7\u00e3o do pre\u00e7o dessa energia no curto prazo, talvez abaixo do que foi pago pelos agentes.<\/p>\n","protected":false},"excerpt":{"rendered":"<p>Lais Carregosa, da Ag\u00eancia iNFRA A&nbsp;MP (Medida Provis\u00f3ria) 1.300, que trata da reforma do setor el\u00e9trico, muda a l\u00f3gica dos contratos no ACL (Ambiente de Contrata\u00e7\u00e3o Livre) de energia e deve expor grande parte dos agentes aos riscos do mercado de curto prazo, afirmaram fontes do setor \u00e0&nbsp;Ag\u00eancia iNFRA.&nbsp;Na avalia\u00e7\u00e3o de interlocutores que atuam no [&hellip;]<\/p>\n","protected":false},"author":1,"featured_media":9039,"comment_status":"closed","ping_status":"closed","sticky":false,"template":"","format":"standard","meta":{"_monsterinsights_skip_tracking":false,"_monsterinsights_sitenote_active":false,"_monsterinsights_sitenote_note":"","_monsterinsights_sitenote_category":0,"footnotes":""},"categories":[7250,1,10],"tags":[2428,5540,369,25,282,13132,76,55,13659,13261,10710],"class_list":["post-22612","post","type-post","status-publish","format-standard","has-post-thumbnail","hentry","category-destaque-lista","category-geral","category-infraenergia","tag-acl","tag-comercializacao-de-energia","tag-consumo","tag-energia","tag-energia-eletrica","tag-lais-carregosa","tag-medida-provisoria","tag-mercado-livre","tag-mp-1300-2025","tag-mp-do-setor-eletrico","tag-reforma-do-setor-eletrico"],"yoast_head":"<!-- This site is optimized with the Yoast SEO Premium plugin v25.4 (Yoast SEO v26.0) - https:\/\/yoast.com\/wordpress\/plugins\/seo\/ -->\n<title>MP do setor el\u00e9trico muda l\u00f3gica de contratos no ACL e exp\u00f5e agentes a riscos, dizem fontes - Ag\u00eancia iNFRA<\/title>\n<meta name=\"robots\" content=\"index, follow, max-snippet:-1, max-image-preview:large, max-video-preview:-1\" \/>\n<link rel=\"canonical\" href=\"https:\/\/agenciainfra.com\/blog\/mp-do-setor-eletrico-muda-logica-de-contratos-no-acl-e-expoe-agentes-a-riscos-dizem-fontes\/\" \/>\n<meta property=\"og:locale\" content=\"pt_BR\" \/>\n<meta property=\"og:type\" content=\"article\" \/>\n<meta property=\"og:title\" content=\"MP do setor el\u00e9trico muda l\u00f3gica de contratos no ACL e exp\u00f5e agentes a riscos, dizem fontes\" \/>\n<meta property=\"og:description\" content=\"Lais Carregosa, da Ag\u00eancia iNFRA A&nbsp;MP (Medida Provis\u00f3ria) 1.300, que trata da reforma do setor el\u00e9trico, muda a l\u00f3gica dos contratos no ACL (Ambiente de Contrata\u00e7\u00e3o Livre) de energia e deve expor grande parte dos agentes aos riscos do mercado de curto prazo, afirmaram fontes do setor \u00e0&nbsp;Ag\u00eancia iNFRA.&nbsp;Na avalia\u00e7\u00e3o de interlocutores que atuam no [&hellip;]\" \/>\n<meta property=\"og:url\" content=\"https:\/\/agenciainfra.com\/blog\/mp-do-setor-eletrico-muda-logica-de-contratos-no-acl-e-expoe-agentes-a-riscos-dizem-fontes\/\" \/>\n<meta property=\"og:site_name\" content=\"Ag\u00eancia iNFRA\" \/>\n<meta property=\"article:publisher\" content=\"https:\/\/www.facebook.com\/ageninfra\" \/>\n<meta property=\"article:published_time\" content=\"2025-06-09T11:30:00+00:00\" \/>\n<meta property=\"article:modified_time\" content=\"2025-06-10T13:43:09+00:00\" \/>\n<meta property=\"og:image\" content=\"https:\/\/agenciainfra.com\/blog\/wp-content\/uploads\/2021\/11\/torre-de-energia-foto-dominio-publico.jpeg\" \/>\n\t<meta property=\"og:image:width\" content=\"1280\" \/>\n\t<meta property=\"og:image:height\" content=\"853\" \/>\n\t<meta property=\"og:image:type\" content=\"image\/jpeg\" \/>\n<meta name=\"author\" content=\"Ag\u00eancia iNFRA\" \/>\n<meta name=\"twitter:card\" content=\"summary_large_image\" \/>\n<meta name=\"twitter:creator\" content=\"@agencia_infra\" \/>\n<meta name=\"twitter:site\" content=\"@agencia_infra\" \/>\n<meta name=\"twitter:label1\" content=\"Escrito por\" \/>\n\t<meta name=\"twitter:data1\" content=\"Ag\u00eancia iNFRA\" \/>\n\t<meta name=\"twitter:label2\" content=\"Est. tempo de leitura\" \/>\n\t<meta name=\"twitter:data2\" content=\"6 minutos\" \/>\n<script type=\"application\/ld+json\" class=\"yoast-schema-graph\">{\"@context\":\"https:\/\/schema.org\",\"@graph\":[{\"@type\":\"Article\",\"@id\":\"https:\/\/agenciainfra.com\/blog\/mp-do-setor-eletrico-muda-logica-de-contratos-no-acl-e-expoe-agentes-a-riscos-dizem-fontes\/#article\",\"isPartOf\":{\"@id\":\"https:\/\/agenciainfra.com\/blog\/mp-do-setor-eletrico-muda-logica-de-contratos-no-acl-e-expoe-agentes-a-riscos-dizem-fontes\/\"},\"author\":{\"name\":\"Ag\u00eancia iNFRA\",\"@id\":\"https:\/\/agenciainfra.com\/blog\/#\/schema\/person\/34af08dff6adea4cb22b06612ba7acfa\"},\"headline\":\"MP do setor el\u00e9trico muda l\u00f3gica de contratos no ACL e exp\u00f5e agentes a riscos, dizem fontes\",\"datePublished\":\"2025-06-09T11:30:00+00:00\",\"dateModified\":\"2025-06-10T13:43:09+00:00\",\"mainEntityOfPage\":{\"@id\":\"https:\/\/agenciainfra.com\/blog\/mp-do-setor-eletrico-muda-logica-de-contratos-no-acl-e-expoe-agentes-a-riscos-dizem-fontes\/\"},\"wordCount\":1208,\"publisher\":{\"@id\":\"https:\/\/agenciainfra.com\/blog\/#organization\"},\"image\":{\"@id\":\"https:\/\/agenciainfra.com\/blog\/mp-do-setor-eletrico-muda-logica-de-contratos-no-acl-e-expoe-agentes-a-riscos-dizem-fontes\/#primaryimage\"},\"thumbnailUrl\":\"https:\/\/agenciainfra.com\/blog\/wp-content\/uploads\/2021\/11\/torre-de-energia-foto-dominio-publico.jpeg\",\"keywords\":[\"ACL\",\"comercializa\u00e7\u00e3o de energia\",\"consumo\",\"energia\",\"energia el\u00e9trica\",\"Lais Carregosa\",\"Medida Provis\u00f3ria\",\"mercado livre\",\"mp 1300\/2025\",\"mp do setor el\u00e9trico\",\"Reforma do Setor El\u00e9trico\"],\"articleSection\":[\"Destaque lista\",\"Geral\",\"iNFRAEnergia\"],\"inLanguage\":\"pt-BR\",\"copyrightYear\":\"2025\",\"copyrightHolder\":{\"@id\":\"https:\/\/agenciainfra.com\/blog\/#organization\"}},{\"@type\":\"WebPage\",\"@id\":\"https:\/\/agenciainfra.com\/blog\/mp-do-setor-eletrico-muda-logica-de-contratos-no-acl-e-expoe-agentes-a-riscos-dizem-fontes\/\",\"url\":\"https:\/\/agenciainfra.com\/blog\/mp-do-setor-eletrico-muda-logica-de-contratos-no-acl-e-expoe-agentes-a-riscos-dizem-fontes\/\",\"name\":\"MP do setor el\u00e9trico muda l\u00f3gica de contratos no ACL e exp\u00f5e agentes a riscos, dizem fontes - Ag\u00eancia iNFRA\",\"isPartOf\":{\"@id\":\"https:\/\/agenciainfra.com\/blog\/#website\"},\"primaryImageOfPage\":{\"@id\":\"https:\/\/agenciainfra.com\/blog\/mp-do-setor-eletrico-muda-logica-de-contratos-no-acl-e-expoe-agentes-a-riscos-dizem-fontes\/#primaryimage\"},\"image\":{\"@id\":\"https:\/\/agenciainfra.com\/blog\/mp-do-setor-eletrico-muda-logica-de-contratos-no-acl-e-expoe-agentes-a-riscos-dizem-fontes\/#primaryimage\"},\"thumbnailUrl\":\"https:\/\/agenciainfra.com\/blog\/wp-content\/uploads\/2021\/11\/torre-de-energia-foto-dominio-publico.jpeg\",\"datePublished\":\"2025-06-09T11:30:00+00:00\",\"dateModified\":\"2025-06-10T13:43:09+00:00\",\"breadcrumb\":{\"@id\":\"https:\/\/agenciainfra.com\/blog\/mp-do-setor-eletrico-muda-logica-de-contratos-no-acl-e-expoe-agentes-a-riscos-dizem-fontes\/#breadcrumb\"},\"inLanguage\":\"pt-BR\",\"potentialAction\":[{\"@type\":\"ReadAction\",\"target\":[\"https:\/\/agenciainfra.com\/blog\/mp-do-setor-eletrico-muda-logica-de-contratos-no-acl-e-expoe-agentes-a-riscos-dizem-fontes\/\"]}]},{\"@type\":\"ImageObject\",\"inLanguage\":\"pt-BR\",\"@id\":\"https:\/\/agenciainfra.com\/blog\/mp-do-setor-eletrico-muda-logica-de-contratos-no-acl-e-expoe-agentes-a-riscos-dizem-fontes\/#primaryimage\",\"url\":\"https:\/\/agenciainfra.com\/blog\/wp-content\/uploads\/2021\/11\/torre-de-energia-foto-dominio-publico.jpeg\",\"contentUrl\":\"https:\/\/agenciainfra.com\/blog\/wp-content\/uploads\/2021\/11\/torre-de-energia-foto-dominio-publico.jpeg\",\"width\":1280,\"height\":853},{\"@type\":\"BreadcrumbList\",\"@id\":\"https:\/\/agenciainfra.com\/blog\/mp-do-setor-eletrico-muda-logica-de-contratos-no-acl-e-expoe-agentes-a-riscos-dizem-fontes\/#breadcrumb\",\"itemListElement\":[{\"@type\":\"ListItem\",\"position\":1,\"name\":\"In\u00edcio\",\"item\":\"https:\/\/agenciainfra.com\/blog\/\"},{\"@type\":\"ListItem\",\"position\":2,\"name\":\"MP do setor el\u00e9trico muda l\u00f3gica de contratos no ACL e exp\u00f5e agentes a riscos, dizem fontes\"}]},{\"@type\":\"WebSite\",\"@id\":\"https:\/\/agenciainfra.com\/blog\/#website\",\"url\":\"https:\/\/agenciainfra.com\/blog\/\",\"name\":\"Ag\u00eancia iNFRA\",\"description\":\"Multiplataforma de informa\u00e7\u00e3o jornal\u00edstica refer\u00eancia na \u00e1rea de infraestrutura no Brasil!\",\"publisher\":{\"@id\":\"https:\/\/agenciainfra.com\/blog\/#organization\"},\"potentialAction\":[{\"@type\":\"SearchAction\",\"target\":{\"@type\":\"EntryPoint\",\"urlTemplate\":\"https:\/\/agenciainfra.com\/blog\/?s={search_term_string}\"},\"query-input\":{\"@type\":\"PropertyValueSpecification\",\"valueRequired\":true,\"valueName\":\"search_term_string\"}}],\"inLanguage\":\"pt-BR\"},{\"@type\":\"Organization\",\"@id\":\"https:\/\/agenciainfra.com\/blog\/#organization\",\"name\":\"Ag\u00eancia iNFRA\",\"url\":\"https:\/\/agenciainfra.com\/blog\/\",\"logo\":{\"@type\":\"ImageObject\",\"inLanguage\":\"pt-BR\",\"@id\":\"https:\/\/agenciainfra.com\/blog\/#\/schema\/logo\/image\/\",\"url\":\"https:\/\/agenciainfra.com\/blog\/wp-content\/uploads\/2023\/09\/iNFRA_5-e1761735885940.png\",\"contentUrl\":\"https:\/\/agenciainfra.com\/blog\/wp-content\/uploads\/2023\/09\/iNFRA_5-e1761735885940.png\",\"width\":1672,\"height\":454,\"caption\":\"Ag\u00eancia iNFRA\"},\"image\":{\"@id\":\"https:\/\/agenciainfra.com\/blog\/#\/schema\/logo\/image\/\"},\"sameAs\":[\"https:\/\/www.facebook.com\/ageninfra\",\"https:\/\/x.com\/agencia_infra\",\"https:\/\/www.linkedin.com\/company\/ag\u00eanciainfra\/\",\"https:\/\/www.instagram.com\/agenciainfra\/\"]},{\"@type\":\"Person\",\"@id\":\"https:\/\/agenciainfra.com\/blog\/#\/schema\/person\/34af08dff6adea4cb22b06612ba7acfa\",\"name\":\"Ag\u00eancia iNFRA\",\"image\":{\"@type\":\"ImageObject\",\"inLanguage\":\"pt-BR\",\"@id\":\"https:\/\/agenciainfra.com\/blog\/#\/schema\/person\/image\/\",\"url\":\"https:\/\/secure.gravatar.com\/avatar\/d189e01678f06d8eb84d4e01f08eb848b3fffe3f8443818d3c356c66892f5be8?s=96&d=mm&r=g\",\"contentUrl\":\"https:\/\/secure.gravatar.com\/avatar\/d189e01678f06d8eb84d4e01f08eb848b3fffe3f8443818d3c356c66892f5be8?s=96&d=mm&r=g\",\"caption\":\"Ag\u00eancia iNFRA\"},\"url\":\"https:\/\/agenciainfra.com\/blog\/author\/admin\/\"}]}<\/script>\n<!-- \/ Yoast SEO Premium plugin. -->","yoast_head_json":{"title":"MP do setor el\u00e9trico muda l\u00f3gica de contratos no ACL e exp\u00f5e agentes a riscos, dizem fontes - Ag\u00eancia iNFRA","robots":{"index":"index","follow":"follow","max-snippet":"max-snippet:-1","max-image-preview":"max-image-preview:large","max-video-preview":"max-video-preview:-1"},"canonical":"https:\/\/agenciainfra.com\/blog\/mp-do-setor-eletrico-muda-logica-de-contratos-no-acl-e-expoe-agentes-a-riscos-dizem-fontes\/","og_locale":"pt_BR","og_type":"article","og_title":"MP do setor el\u00e9trico muda l\u00f3gica de contratos no ACL e exp\u00f5e agentes a riscos, dizem fontes","og_description":"Lais Carregosa, da Ag\u00eancia iNFRA A&nbsp;MP (Medida Provis\u00f3ria) 1.300, que trata da reforma do setor el\u00e9trico, muda a l\u00f3gica dos contratos no ACL (Ambiente de Contrata\u00e7\u00e3o Livre) de energia e deve expor grande parte dos agentes aos riscos do mercado de curto prazo, afirmaram fontes do setor \u00e0&nbsp;Ag\u00eancia iNFRA.&nbsp;Na avalia\u00e7\u00e3o de interlocutores que atuam no [&hellip;]","og_url":"https:\/\/agenciainfra.com\/blog\/mp-do-setor-eletrico-muda-logica-de-contratos-no-acl-e-expoe-agentes-a-riscos-dizem-fontes\/","og_site_name":"Ag\u00eancia iNFRA","article_publisher":"https:\/\/www.facebook.com\/ageninfra","article_published_time":"2025-06-09T11:30:00+00:00","article_modified_time":"2025-06-10T13:43:09+00:00","og_image":[{"width":1280,"height":853,"url":"https:\/\/agenciainfra.com\/blog\/wp-content\/uploads\/2021\/11\/torre-de-energia-foto-dominio-publico.jpeg","type":"image\/jpeg"}],"author":"Ag\u00eancia iNFRA","twitter_card":"summary_large_image","twitter_creator":"@agencia_infra","twitter_site":"@agencia_infra","twitter_misc":{"Escrito por":"Ag\u00eancia iNFRA","Est. tempo de leitura":"6 minutos"},"schema":{"@context":"https:\/\/schema.org","@graph":[{"@type":"Article","@id":"https:\/\/agenciainfra.com\/blog\/mp-do-setor-eletrico-muda-logica-de-contratos-no-acl-e-expoe-agentes-a-riscos-dizem-fontes\/#article","isPartOf":{"@id":"https:\/\/agenciainfra.com\/blog\/mp-do-setor-eletrico-muda-logica-de-contratos-no-acl-e-expoe-agentes-a-riscos-dizem-fontes\/"},"author":{"name":"Ag\u00eancia iNFRA","@id":"https:\/\/agenciainfra.com\/blog\/#\/schema\/person\/34af08dff6adea4cb22b06612ba7acfa"},"headline":"MP do setor el\u00e9trico muda l\u00f3gica de contratos no ACL e exp\u00f5e agentes a riscos, dizem fontes","datePublished":"2025-06-09T11:30:00+00:00","dateModified":"2025-06-10T13:43:09+00:00","mainEntityOfPage":{"@id":"https:\/\/agenciainfra.com\/blog\/mp-do-setor-eletrico-muda-logica-de-contratos-no-acl-e-expoe-agentes-a-riscos-dizem-fontes\/"},"wordCount":1208,"publisher":{"@id":"https:\/\/agenciainfra.com\/blog\/#organization"},"image":{"@id":"https:\/\/agenciainfra.com\/blog\/mp-do-setor-eletrico-muda-logica-de-contratos-no-acl-e-expoe-agentes-a-riscos-dizem-fontes\/#primaryimage"},"thumbnailUrl":"https:\/\/agenciainfra.com\/blog\/wp-content\/uploads\/2021\/11\/torre-de-energia-foto-dominio-publico.jpeg","keywords":["ACL","comercializa\u00e7\u00e3o de energia","consumo","energia","energia el\u00e9trica","Lais Carregosa","Medida Provis\u00f3ria","mercado livre","mp 1300\/2025","mp do setor el\u00e9trico","Reforma do Setor El\u00e9trico"],"articleSection":["Destaque lista","Geral","iNFRAEnergia"],"inLanguage":"pt-BR","copyrightYear":"2025","copyrightHolder":{"@id":"https:\/\/agenciainfra.com\/blog\/#organization"}},{"@type":"WebPage","@id":"https:\/\/agenciainfra.com\/blog\/mp-do-setor-eletrico-muda-logica-de-contratos-no-acl-e-expoe-agentes-a-riscos-dizem-fontes\/","url":"https:\/\/agenciainfra.com\/blog\/mp-do-setor-eletrico-muda-logica-de-contratos-no-acl-e-expoe-agentes-a-riscos-dizem-fontes\/","name":"MP do setor el\u00e9trico muda l\u00f3gica de contratos no ACL e exp\u00f5e agentes a riscos, dizem fontes - Ag\u00eancia iNFRA","isPartOf":{"@id":"https:\/\/agenciainfra.com\/blog\/#website"},"primaryImageOfPage":{"@id":"https:\/\/agenciainfra.com\/blog\/mp-do-setor-eletrico-muda-logica-de-contratos-no-acl-e-expoe-agentes-a-riscos-dizem-fontes\/#primaryimage"},"image":{"@id":"https:\/\/agenciainfra.com\/blog\/mp-do-setor-eletrico-muda-logica-de-contratos-no-acl-e-expoe-agentes-a-riscos-dizem-fontes\/#primaryimage"},"thumbnailUrl":"https:\/\/agenciainfra.com\/blog\/wp-content\/uploads\/2021\/11\/torre-de-energia-foto-dominio-publico.jpeg","datePublished":"2025-06-09T11:30:00+00:00","dateModified":"2025-06-10T13:43:09+00:00","breadcrumb":{"@id":"https:\/\/agenciainfra.com\/blog\/mp-do-setor-eletrico-muda-logica-de-contratos-no-acl-e-expoe-agentes-a-riscos-dizem-fontes\/#breadcrumb"},"inLanguage":"pt-BR","potentialAction":[{"@type":"ReadAction","target":["https:\/\/agenciainfra.com\/blog\/mp-do-setor-eletrico-muda-logica-de-contratos-no-acl-e-expoe-agentes-a-riscos-dizem-fontes\/"]}]},{"@type":"ImageObject","inLanguage":"pt-BR","@id":"https:\/\/agenciainfra.com\/blog\/mp-do-setor-eletrico-muda-logica-de-contratos-no-acl-e-expoe-agentes-a-riscos-dizem-fontes\/#primaryimage","url":"https:\/\/agenciainfra.com\/blog\/wp-content\/uploads\/2021\/11\/torre-de-energia-foto-dominio-publico.jpeg","contentUrl":"https:\/\/agenciainfra.com\/blog\/wp-content\/uploads\/2021\/11\/torre-de-energia-foto-dominio-publico.jpeg","width":1280,"height":853},{"@type":"BreadcrumbList","@id":"https:\/\/agenciainfra.com\/blog\/mp-do-setor-eletrico-muda-logica-de-contratos-no-acl-e-expoe-agentes-a-riscos-dizem-fontes\/#breadcrumb","itemListElement":[{"@type":"ListItem","position":1,"name":"In\u00edcio","item":"https:\/\/agenciainfra.com\/blog\/"},{"@type":"ListItem","position":2,"name":"MP do setor el\u00e9trico muda l\u00f3gica de contratos no ACL e exp\u00f5e agentes a riscos, dizem fontes"}]},{"@type":"WebSite","@id":"https:\/\/agenciainfra.com\/blog\/#website","url":"https:\/\/agenciainfra.com\/blog\/","name":"Ag\u00eancia iNFRA","description":"Multiplataforma de informa\u00e7\u00e3o jornal\u00edstica refer\u00eancia na \u00e1rea de infraestrutura no Brasil!","publisher":{"@id":"https:\/\/agenciainfra.com\/blog\/#organization"},"potentialAction":[{"@type":"SearchAction","target":{"@type":"EntryPoint","urlTemplate":"https:\/\/agenciainfra.com\/blog\/?s={search_term_string}"},"query-input":{"@type":"PropertyValueSpecification","valueRequired":true,"valueName":"search_term_string"}}],"inLanguage":"pt-BR"},{"@type":"Organization","@id":"https:\/\/agenciainfra.com\/blog\/#organization","name":"Ag\u00eancia iNFRA","url":"https:\/\/agenciainfra.com\/blog\/","logo":{"@type":"ImageObject","inLanguage":"pt-BR","@id":"https:\/\/agenciainfra.com\/blog\/#\/schema\/logo\/image\/","url":"https:\/\/agenciainfra.com\/blog\/wp-content\/uploads\/2023\/09\/iNFRA_5-e1761735885940.png","contentUrl":"https:\/\/agenciainfra.com\/blog\/wp-content\/uploads\/2023\/09\/iNFRA_5-e1761735885940.png","width":1672,"height":454,"caption":"Ag\u00eancia iNFRA"},"image":{"@id":"https:\/\/agenciainfra.com\/blog\/#\/schema\/logo\/image\/"},"sameAs":["https:\/\/www.facebook.com\/ageninfra","https:\/\/x.com\/agencia_infra","https:\/\/www.linkedin.com\/company\/ag\u00eanciainfra\/","https:\/\/www.instagram.com\/agenciainfra\/"]},{"@type":"Person","@id":"https:\/\/agenciainfra.com\/blog\/#\/schema\/person\/34af08dff6adea4cb22b06612ba7acfa","name":"Ag\u00eancia iNFRA","image":{"@type":"ImageObject","inLanguage":"pt-BR","@id":"https:\/\/agenciainfra.com\/blog\/#\/schema\/person\/image\/","url":"https:\/\/secure.gravatar.com\/avatar\/d189e01678f06d8eb84d4e01f08eb848b3fffe3f8443818d3c356c66892f5be8?s=96&d=mm&r=g","contentUrl":"https:\/\/secure.gravatar.com\/avatar\/d189e01678f06d8eb84d4e01f08eb848b3fffe3f8443818d3c356c66892f5be8?s=96&d=mm&r=g","caption":"Ag\u00eancia iNFRA"},"url":"https:\/\/agenciainfra.com\/blog\/author\/admin\/"}]}},"_links":{"self":[{"href":"https:\/\/agenciainfra.com\/blog\/wp-json\/wp\/v2\/posts\/22612","targetHints":{"allow":["GET"]}}],"collection":[{"href":"https:\/\/agenciainfra.com\/blog\/wp-json\/wp\/v2\/posts"}],"about":[{"href":"https:\/\/agenciainfra.com\/blog\/wp-json\/wp\/v2\/types\/post"}],"author":[{"embeddable":true,"href":"https:\/\/agenciainfra.com\/blog\/wp-json\/wp\/v2\/users\/1"}],"replies":[{"embeddable":true,"href":"https:\/\/agenciainfra.com\/blog\/wp-json\/wp\/v2\/comments?post=22612"}],"version-history":[{"count":1,"href":"https:\/\/agenciainfra.com\/blog\/wp-json\/wp\/v2\/posts\/22612\/revisions"}],"predecessor-version":[{"id":22613,"href":"https:\/\/agenciainfra.com\/blog\/wp-json\/wp\/v2\/posts\/22612\/revisions\/22613"}],"wp:featuredmedia":[{"embeddable":true,"href":"https:\/\/agenciainfra.com\/blog\/wp-json\/wp\/v2\/media\/9039"}],"wp:attachment":[{"href":"https:\/\/agenciainfra.com\/blog\/wp-json\/wp\/v2\/media?parent=22612"}],"wp:term":[{"taxonomy":"category","embeddable":true,"href":"https:\/\/agenciainfra.com\/blog\/wp-json\/wp\/v2\/categories?post=22612"},{"taxonomy":"post_tag","embeddable":true,"href":"https:\/\/agenciainfra.com\/blog\/wp-json\/wp\/v2\/tags?post=22612"}],"curies":[{"name":"wp","href":"https:\/\/api.w.org\/{rel}","templated":true}]}}