{"id":22645,"date":"2025-06-10T09:00:00","date_gmt":"2025-06-10T12:00:00","guid":{"rendered":"https:\/\/agenciainfra.com\/blog\/?p=22645"},"modified":"2025-06-11T07:34:47","modified_gmt":"2025-06-11T10:34:47","slug":"area-tecnica-da-aneel-estima-impacto-de-r-17-bi-na-cde-em-2025-com-publicacao-da-mp-do-setor-eletrico","status":"publish","type":"post","link":"https:\/\/agenciainfra.com\/blog\/area-tecnica-da-aneel-estima-impacto-de-r-17-bi-na-cde-em-2025-com-publicacao-da-mp-do-setor-eletrico\/","title":{"rendered":"\u00c1rea t\u00e9cnica da ANEEL estima impacto de R$ 1,7 bi na CDE em 2025 com publica\u00e7\u00e3o da MP do setor el\u00e9trico"},"content":{"rendered":"\n<p class=\"has-text-align-right\"><strong>Lais Carregosa, da Ag\u00eancia iNFRA<\/strong><\/p>\n\n\n\n<p>A \u00e1rea t\u00e9cnica da ANEEL (Ag\u00eancia Nacional de Energia El\u00e9trica) estima um aumento de R$ 1,7 bilh\u00e3o no or\u00e7amento da CDE (Conta de Desenvolvimento Energ\u00e9tico), em 2025, com a publica\u00e7\u00e3o da MP (Medida Provis\u00f3ria) 1.300, que amplia a isen\u00e7\u00e3o concedida pela Tarifa Social. O dado consta em\u00a0<a href=\"https:\/\/mcusercontent.com\/d460dd1bcf9ba0ae040e1fc0f\/files\/c3a72806-2448-e5d4-dba3-18f11b45b345\/SEI_ANEEL_0124148_Memorando.pdf\" target=\"_blank\" rel=\"noreferrer noopener\">memorando<\/a>\u00a0assinado em 30 de maio.<br><br>Fontes informaram \u00e0\u00a0<strong>Ag\u00eancia iNFRA\u00a0<\/strong>que\u00a0o valor j\u00e1 pode entrar no or\u00e7amento deste ano, com impacto nos reajustes tarif\u00e1rios ap\u00f3s a publica\u00e7\u00e3o da MP, ou seja, depois de 21 de maio. Para as concession\u00e1rias que j\u00e1 tiveram reajuste em 2025, o valor deve ficar represado e ser contabilizado no pr\u00f3ximo ano.\u00a0<br><br>A conta dos t\u00e9cnicos da ANEEL considera seis meses de impacto \u2013de julho, quando come\u00e7a a valer a nova Tarifa Social, a dezembro\u2013; al\u00e9m da quantidade e do consumo das fam\u00edlias benefici\u00e1rias, em mar\u00e7o de 2025,\u00a0e o valor da Tarifa Residencial Baixa Renda de cada distribuidora.\u00a0<br><br>O or\u00e7amento da CDE passou por consulta p\u00fablica, mas ainda n\u00e3o foi pautado para a reuni\u00e3o de diretoria da ANEEL. O valor projetado para este ano \u00e9 de R$ 48,1 bilh\u00f5es, dos quais R$ 6,68 bilh\u00f5es se referem ao subs\u00eddio da Tarifa Social de Energia. Os n\u00fameros ainda n\u00e3o foram atualizados com as altera\u00e7\u00f5es propostas pela MP.<br><br><strong>Nova Tarifa Social<\/strong><br>A nova Tarifa Social de energia deve passar a valer a partir de 5 de julho. O processo <a href=\"https:\/\/www2.aneel.gov.br\/aplicacoes_liferay\/noticias_area\/dsp_detalheNoticia.cfm?idNoticia=14591&amp;idAreaNoticia=425\">foi pautado<\/a> para a reuni\u00e3o de diretoria desta ter\u00e7a-feira (10), sob a relatoria da diretora substituta Ludmila Lima.<br><br>O benef\u00edcio estabelece a gratuidade no consumo mensal de at\u00e9 80 kWh para fam\u00edlias com renda per capita de at\u00e9 meio sal\u00e1rio m\u00ednimo. A estimativa \u00e9 garantir a isen\u00e7\u00e3o a 17 milh\u00f5es de unidades consumidoras, o equivalente a 60 milh\u00f5es de pessoas, segundo o governo. De acordo com estimativa da ANEEL, em mar\u00e7o de 2025, 17,3 milh\u00f5es de fam\u00edlias eram benefici\u00e1rias do programa.<br><br>Segundo a MP, caso o consumo exceda os 80 kWh, o consumidor vai pagar apenas o volume que ficar acima do limite da isen\u00e7\u00e3o. Ou seja, se a fam\u00edlia nesse grupo de renda consumir 100 kWh, pagar\u00e1 a tarifa apenas sobre 20 kWh.<\/p>\n","protected":false},"excerpt":{"rendered":"<p>Lais Carregosa, da Ag\u00eancia iNFRA A \u00e1rea t\u00e9cnica da ANEEL (Ag\u00eancia Nacional de Energia El\u00e9trica) estima um aumento de R$ 1,7 bilh\u00e3o no or\u00e7amento da CDE (Conta de Desenvolvimento Energ\u00e9tico), em 2025, com a publica\u00e7\u00e3o da MP (Medida Provis\u00f3ria) 1.300, que amplia a isen\u00e7\u00e3o concedida pela Tarifa Social. O dado consta em\u00a0memorando\u00a0assinado em 30 de [&hellip;]<\/p>\n","protected":false},"author":1,"featured_media":22646,"comment_status":"closed","ping_status":"closed","sticky":false,"template":"","format":"standard","meta":{"_monsterinsights_skip_tracking":false,"_monsterinsights_sitenote_active":false,"_monsterinsights_sitenote_note":"","_monsterinsights_sitenote_category":0,"footnotes":""},"categories":[7250,1,10],"tags":[53,56,13132,13535,13261,13014,10710,13059],"class_list":["post-22645","post","type-post","status-publish","format-standard","has-post-thumbnail","hentry","category-destaque-lista","category-geral","category-infraenergia","tag-aneel","tag-cde","tag-lais-carregosa","tag-mp-1-300-2025","tag-mp-do-setor-eletrico","tag-orcamento-da-cde","tag-reforma-do-setor-eletrico","tag-tarifa-social-de-energia"],"yoast_head":"<!-- This site is optimized with the Yoast SEO Premium plugin v25.4 (Yoast SEO v26.0) - https:\/\/yoast.com\/wordpress\/plugins\/seo\/ -->\n<title>\u00c1rea t\u00e9cnica da ANEEL estima impacto de R$ 1,7 bi na CDE em 2025 com publica\u00e7\u00e3o da MP do setor el\u00e9trico - Ag\u00eancia iNFRA<\/title>\n<meta name=\"robots\" content=\"index, follow, max-snippet:-1, max-image-preview:large, max-video-preview:-1\" \/>\n<link rel=\"canonical\" href=\"https:\/\/agenciainfra.com\/blog\/area-tecnica-da-aneel-estima-impacto-de-r-17-bi-na-cde-em-2025-com-publicacao-da-mp-do-setor-eletrico\/\" \/>\n<meta property=\"og:locale\" content=\"pt_BR\" \/>\n<meta property=\"og:type\" content=\"article\" \/>\n<meta property=\"og:title\" content=\"\u00c1rea t\u00e9cnica da ANEEL estima impacto de R$ 1,7 bi na CDE em 2025 com publica\u00e7\u00e3o da MP do setor el\u00e9trico\" \/>\n<meta property=\"og:description\" content=\"Lais Carregosa, da Ag\u00eancia iNFRA A \u00e1rea t\u00e9cnica da ANEEL (Ag\u00eancia Nacional de Energia El\u00e9trica) estima um aumento de R$ 1,7 bilh\u00e3o no or\u00e7amento da CDE (Conta de Desenvolvimento Energ\u00e9tico), em 2025, com a publica\u00e7\u00e3o da MP (Medida Provis\u00f3ria) 1.300, que amplia a isen\u00e7\u00e3o concedida pela Tarifa Social. O dado consta em\u00a0memorando\u00a0assinado em 30 de [&hellip;]\" \/>\n<meta property=\"og:url\" content=\"https:\/\/agenciainfra.com\/blog\/area-tecnica-da-aneel-estima-impacto-de-r-17-bi-na-cde-em-2025-com-publicacao-da-mp-do-setor-eletrico\/\" \/>\n<meta property=\"og:site_name\" content=\"Ag\u00eancia iNFRA\" \/>\n<meta property=\"article:publisher\" content=\"https:\/\/www.facebook.com\/ageninfra\" \/>\n<meta property=\"article:published_time\" content=\"2025-06-10T12:00:00+00:00\" \/>\n<meta property=\"article:modified_time\" content=\"2025-06-11T10:34:47+00:00\" \/>\n<meta property=\"og:image\" content=\"https:\/\/agenciainfra.com\/blog\/wp-content\/uploads\/2025\/06\/reuniao_aneel-foto-divulgacao.jpg\" \/>\n\t<meta property=\"og:image:width\" content=\"1280\" \/>\n\t<meta property=\"og:image:height\" content=\"720\" \/>\n\t<meta property=\"og:image:type\" content=\"image\/jpeg\" \/>\n<meta name=\"author\" content=\"Ag\u00eancia iNFRA\" \/>\n<meta name=\"twitter:card\" content=\"summary_large_image\" \/>\n<meta name=\"twitter:creator\" content=\"@agencia_infra\" \/>\n<meta name=\"twitter:site\" content=\"@agencia_infra\" \/>\n<meta name=\"twitter:label1\" content=\"Escrito por\" \/>\n\t<meta name=\"twitter:data1\" content=\"Ag\u00eancia iNFRA\" \/>\n\t<meta name=\"twitter:label2\" content=\"Est. tempo de leitura\" \/>\n\t<meta name=\"twitter:data2\" content=\"2 minutos\" \/>\n<script type=\"application\/ld+json\" class=\"yoast-schema-graph\">{\"@context\":\"https:\/\/schema.org\",\"@graph\":[{\"@type\":\"Article\",\"@id\":\"https:\/\/agenciainfra.com\/blog\/area-tecnica-da-aneel-estima-impacto-de-r-17-bi-na-cde-em-2025-com-publicacao-da-mp-do-setor-eletrico\/#article\",\"isPartOf\":{\"@id\":\"https:\/\/agenciainfra.com\/blog\/area-tecnica-da-aneel-estima-impacto-de-r-17-bi-na-cde-em-2025-com-publicacao-da-mp-do-setor-eletrico\/\"},\"author\":{\"name\":\"Ag\u00eancia iNFRA\",\"@id\":\"https:\/\/agenciainfra.com\/blog\/#\/schema\/person\/34af08dff6adea4cb22b06612ba7acfa\"},\"headline\":\"\u00c1rea t\u00e9cnica da ANEEL estima impacto de R$ 1,7 bi na CDE em 2025 com publica\u00e7\u00e3o da MP do setor el\u00e9trico\",\"datePublished\":\"2025-06-10T12:00:00+00:00\",\"dateModified\":\"2025-06-11T10:34:47+00:00\",\"mainEntityOfPage\":{\"@id\":\"https:\/\/agenciainfra.com\/blog\/area-tecnica-da-aneel-estima-impacto-de-r-17-bi-na-cde-em-2025-com-publicacao-da-mp-do-setor-eletrico\/\"},\"wordCount\":407,\"publisher\":{\"@id\":\"https:\/\/agenciainfra.com\/blog\/#organization\"},\"image\":{\"@id\":\"https:\/\/agenciainfra.com\/blog\/area-tecnica-da-aneel-estima-impacto-de-r-17-bi-na-cde-em-2025-com-publicacao-da-mp-do-setor-eletrico\/#primaryimage\"},\"thumbnailUrl\":\"https:\/\/agenciainfra.com\/blog\/wp-content\/uploads\/2025\/06\/reuniao_aneel-foto-divulgacao.jpg\",\"keywords\":[\"ANEEL\",\"CDE\",\"Lais Carregosa\",\"MP 1.300\/2025\",\"mp do setor el\u00e9trico\",\"or\u00e7amento da cde\",\"Reforma do Setor El\u00e9trico\",\"tarifa social de energia\"],\"articleSection\":[\"Destaque lista\",\"Geral\",\"iNFRAEnergia\"],\"inLanguage\":\"pt-BR\",\"copyrightYear\":\"2025\",\"copyrightHolder\":{\"@id\":\"https:\/\/agenciainfra.com\/blog\/#organization\"}},{\"@type\":\"WebPage\",\"@id\":\"https:\/\/agenciainfra.com\/blog\/area-tecnica-da-aneel-estima-impacto-de-r-17-bi-na-cde-em-2025-com-publicacao-da-mp-do-setor-eletrico\/\",\"url\":\"https:\/\/agenciainfra.com\/blog\/area-tecnica-da-aneel-estima-impacto-de-r-17-bi-na-cde-em-2025-com-publicacao-da-mp-do-setor-eletrico\/\",\"name\":\"\u00c1rea t\u00e9cnica da ANEEL estima impacto de R$ 1,7 bi na CDE em 2025 com publica\u00e7\u00e3o da MP do setor el\u00e9trico - Ag\u00eancia iNFRA\",\"isPartOf\":{\"@id\":\"https:\/\/agenciainfra.com\/blog\/#website\"},\"primaryImageOfPage\":{\"@id\":\"https:\/\/agenciainfra.com\/blog\/area-tecnica-da-aneel-estima-impacto-de-r-17-bi-na-cde-em-2025-com-publicacao-da-mp-do-setor-eletrico\/#primaryimage\"},\"image\":{\"@id\":\"https:\/\/agenciainfra.com\/blog\/area-tecnica-da-aneel-estima-impacto-de-r-17-bi-na-cde-em-2025-com-publicacao-da-mp-do-setor-eletrico\/#primaryimage\"},\"thumbnailUrl\":\"https:\/\/agenciainfra.com\/blog\/wp-content\/uploads\/2025\/06\/reuniao_aneel-foto-divulgacao.jpg\",\"datePublished\":\"2025-06-10T12:00:00+00:00\",\"dateModified\":\"2025-06-11T10:34:47+00:00\",\"breadcrumb\":{\"@id\":\"https:\/\/agenciainfra.com\/blog\/area-tecnica-da-aneel-estima-impacto-de-r-17-bi-na-cde-em-2025-com-publicacao-da-mp-do-setor-eletrico\/#breadcrumb\"},\"inLanguage\":\"pt-BR\",\"potentialAction\":[{\"@type\":\"ReadAction\",\"target\":[\"https:\/\/agenciainfra.com\/blog\/area-tecnica-da-aneel-estima-impacto-de-r-17-bi-na-cde-em-2025-com-publicacao-da-mp-do-setor-eletrico\/\"]}]},{\"@type\":\"ImageObject\",\"inLanguage\":\"pt-BR\",\"@id\":\"https:\/\/agenciainfra.com\/blog\/area-tecnica-da-aneel-estima-impacto-de-r-17-bi-na-cde-em-2025-com-publicacao-da-mp-do-setor-eletrico\/#primaryimage\",\"url\":\"https:\/\/agenciainfra.com\/blog\/wp-content\/uploads\/2025\/06\/reuniao_aneel-foto-divulgacao.jpg\",\"contentUrl\":\"https:\/\/agenciainfra.com\/blog\/wp-content\/uploads\/2025\/06\/reuniao_aneel-foto-divulgacao.jpg\",\"width\":1280,\"height\":720,\"caption\":\"Foto: ANEEL\/Divulga\u00e7\u00e3o\"},{\"@type\":\"BreadcrumbList\",\"@id\":\"https:\/\/agenciainfra.com\/blog\/area-tecnica-da-aneel-estima-impacto-de-r-17-bi-na-cde-em-2025-com-publicacao-da-mp-do-setor-eletrico\/#breadcrumb\",\"itemListElement\":[{\"@type\":\"ListItem\",\"position\":1,\"name\":\"In\u00edcio\",\"item\":\"https:\/\/agenciainfra.com\/blog\/\"},{\"@type\":\"ListItem\",\"position\":2,\"name\":\"\u00c1rea t\u00e9cnica da ANEEL estima impacto de R$ 1,7 bi na CDE em 2025 com publica\u00e7\u00e3o da MP do setor el\u00e9trico\"}]},{\"@type\":\"WebSite\",\"@id\":\"https:\/\/agenciainfra.com\/blog\/#website\",\"url\":\"https:\/\/agenciainfra.com\/blog\/\",\"name\":\"Ag\u00eancia iNFRA\",\"description\":\"Multiplataforma de informa\u00e7\u00e3o jornal\u00edstica refer\u00eancia na \u00e1rea de infraestrutura no Brasil!\",\"publisher\":{\"@id\":\"https:\/\/agenciainfra.com\/blog\/#organization\"},\"potentialAction\":[{\"@type\":\"SearchAction\",\"target\":{\"@type\":\"EntryPoint\",\"urlTemplate\":\"https:\/\/agenciainfra.com\/blog\/?s={search_term_string}\"},\"query-input\":{\"@type\":\"PropertyValueSpecification\",\"valueRequired\":true,\"valueName\":\"search_term_string\"}}],\"inLanguage\":\"pt-BR\"},{\"@type\":\"Organization\",\"@id\":\"https:\/\/agenciainfra.com\/blog\/#organization\",\"name\":\"Ag\u00eancia iNFRA\",\"url\":\"https:\/\/agenciainfra.com\/blog\/\",\"logo\":{\"@type\":\"ImageObject\",\"inLanguage\":\"pt-BR\",\"@id\":\"https:\/\/agenciainfra.com\/blog\/#\/schema\/logo\/image\/\",\"url\":\"https:\/\/agenciainfra.com\/blog\/wp-content\/uploads\/2023\/09\/iNFRA_5-e1761735885940.png\",\"contentUrl\":\"https:\/\/agenciainfra.com\/blog\/wp-content\/uploads\/2023\/09\/iNFRA_5-e1761735885940.png\",\"width\":1672,\"height\":454,\"caption\":\"Ag\u00eancia iNFRA\"},\"image\":{\"@id\":\"https:\/\/agenciainfra.com\/blog\/#\/schema\/logo\/image\/\"},\"sameAs\":[\"https:\/\/www.facebook.com\/ageninfra\",\"https:\/\/x.com\/agencia_infra\",\"https:\/\/www.linkedin.com\/company\/ag\u00eanciainfra\/\",\"https:\/\/www.instagram.com\/agenciainfra\/\"]},{\"@type\":\"Person\",\"@id\":\"https:\/\/agenciainfra.com\/blog\/#\/schema\/person\/34af08dff6adea4cb22b06612ba7acfa\",\"name\":\"Ag\u00eancia iNFRA\",\"image\":{\"@type\":\"ImageObject\",\"inLanguage\":\"pt-BR\",\"@id\":\"https:\/\/agenciainfra.com\/blog\/#\/schema\/person\/image\/\",\"url\":\"https:\/\/secure.gravatar.com\/avatar\/d189e01678f06d8eb84d4e01f08eb848b3fffe3f8443818d3c356c66892f5be8?s=96&d=mm&r=g\",\"contentUrl\":\"https:\/\/secure.gravatar.com\/avatar\/d189e01678f06d8eb84d4e01f08eb848b3fffe3f8443818d3c356c66892f5be8?s=96&d=mm&r=g\",\"caption\":\"Ag\u00eancia iNFRA\"},\"url\":\"https:\/\/agenciainfra.com\/blog\/author\/admin\/\"}]}<\/script>\n<!-- \/ Yoast SEO Premium plugin. -->","yoast_head_json":{"title":"\u00c1rea t\u00e9cnica da ANEEL estima impacto de R$ 1,7 bi na CDE em 2025 com publica\u00e7\u00e3o da MP do setor el\u00e9trico - Ag\u00eancia iNFRA","robots":{"index":"index","follow":"follow","max-snippet":"max-snippet:-1","max-image-preview":"max-image-preview:large","max-video-preview":"max-video-preview:-1"},"canonical":"https:\/\/agenciainfra.com\/blog\/area-tecnica-da-aneel-estima-impacto-de-r-17-bi-na-cde-em-2025-com-publicacao-da-mp-do-setor-eletrico\/","og_locale":"pt_BR","og_type":"article","og_title":"\u00c1rea t\u00e9cnica da ANEEL estima impacto de R$ 1,7 bi na CDE em 2025 com publica\u00e7\u00e3o da MP do setor el\u00e9trico","og_description":"Lais Carregosa, da Ag\u00eancia iNFRA A \u00e1rea t\u00e9cnica da ANEEL (Ag\u00eancia Nacional de Energia El\u00e9trica) estima um aumento de R$ 1,7 bilh\u00e3o no or\u00e7amento da CDE (Conta de Desenvolvimento Energ\u00e9tico), em 2025, com a publica\u00e7\u00e3o da MP (Medida Provis\u00f3ria) 1.300, que amplia a isen\u00e7\u00e3o concedida pela Tarifa Social. O dado consta em\u00a0memorando\u00a0assinado em 30 de [&hellip;]","og_url":"https:\/\/agenciainfra.com\/blog\/area-tecnica-da-aneel-estima-impacto-de-r-17-bi-na-cde-em-2025-com-publicacao-da-mp-do-setor-eletrico\/","og_site_name":"Ag\u00eancia iNFRA","article_publisher":"https:\/\/www.facebook.com\/ageninfra","article_published_time":"2025-06-10T12:00:00+00:00","article_modified_time":"2025-06-11T10:34:47+00:00","og_image":[{"width":1280,"height":720,"url":"https:\/\/agenciainfra.com\/blog\/wp-content\/uploads\/2025\/06\/reuniao_aneel-foto-divulgacao.jpg","type":"image\/jpeg"}],"author":"Ag\u00eancia iNFRA","twitter_card":"summary_large_image","twitter_creator":"@agencia_infra","twitter_site":"@agencia_infra","twitter_misc":{"Escrito por":"Ag\u00eancia iNFRA","Est. tempo de leitura":"2 minutos"},"schema":{"@context":"https:\/\/schema.org","@graph":[{"@type":"Article","@id":"https:\/\/agenciainfra.com\/blog\/area-tecnica-da-aneel-estima-impacto-de-r-17-bi-na-cde-em-2025-com-publicacao-da-mp-do-setor-eletrico\/#article","isPartOf":{"@id":"https:\/\/agenciainfra.com\/blog\/area-tecnica-da-aneel-estima-impacto-de-r-17-bi-na-cde-em-2025-com-publicacao-da-mp-do-setor-eletrico\/"},"author":{"name":"Ag\u00eancia iNFRA","@id":"https:\/\/agenciainfra.com\/blog\/#\/schema\/person\/34af08dff6adea4cb22b06612ba7acfa"},"headline":"\u00c1rea t\u00e9cnica da ANEEL estima impacto de R$ 1,7 bi na CDE em 2025 com publica\u00e7\u00e3o da MP do setor el\u00e9trico","datePublished":"2025-06-10T12:00:00+00:00","dateModified":"2025-06-11T10:34:47+00:00","mainEntityOfPage":{"@id":"https:\/\/agenciainfra.com\/blog\/area-tecnica-da-aneel-estima-impacto-de-r-17-bi-na-cde-em-2025-com-publicacao-da-mp-do-setor-eletrico\/"},"wordCount":407,"publisher":{"@id":"https:\/\/agenciainfra.com\/blog\/#organization"},"image":{"@id":"https:\/\/agenciainfra.com\/blog\/area-tecnica-da-aneel-estima-impacto-de-r-17-bi-na-cde-em-2025-com-publicacao-da-mp-do-setor-eletrico\/#primaryimage"},"thumbnailUrl":"https:\/\/agenciainfra.com\/blog\/wp-content\/uploads\/2025\/06\/reuniao_aneel-foto-divulgacao.jpg","keywords":["ANEEL","CDE","Lais Carregosa","MP 1.300\/2025","mp do setor el\u00e9trico","or\u00e7amento da cde","Reforma do Setor El\u00e9trico","tarifa social de energia"],"articleSection":["Destaque lista","Geral","iNFRAEnergia"],"inLanguage":"pt-BR","copyrightYear":"2025","copyrightHolder":{"@id":"https:\/\/agenciainfra.com\/blog\/#organization"}},{"@type":"WebPage","@id":"https:\/\/agenciainfra.com\/blog\/area-tecnica-da-aneel-estima-impacto-de-r-17-bi-na-cde-em-2025-com-publicacao-da-mp-do-setor-eletrico\/","url":"https:\/\/agenciainfra.com\/blog\/area-tecnica-da-aneel-estima-impacto-de-r-17-bi-na-cde-em-2025-com-publicacao-da-mp-do-setor-eletrico\/","name":"\u00c1rea t\u00e9cnica da ANEEL estima impacto de R$ 1,7 bi na CDE em 2025 com publica\u00e7\u00e3o da MP do setor el\u00e9trico - Ag\u00eancia iNFRA","isPartOf":{"@id":"https:\/\/agenciainfra.com\/blog\/#website"},"primaryImageOfPage":{"@id":"https:\/\/agenciainfra.com\/blog\/area-tecnica-da-aneel-estima-impacto-de-r-17-bi-na-cde-em-2025-com-publicacao-da-mp-do-setor-eletrico\/#primaryimage"},"image":{"@id":"https:\/\/agenciainfra.com\/blog\/area-tecnica-da-aneel-estima-impacto-de-r-17-bi-na-cde-em-2025-com-publicacao-da-mp-do-setor-eletrico\/#primaryimage"},"thumbnailUrl":"https:\/\/agenciainfra.com\/blog\/wp-content\/uploads\/2025\/06\/reuniao_aneel-foto-divulgacao.jpg","datePublished":"2025-06-10T12:00:00+00:00","dateModified":"2025-06-11T10:34:47+00:00","breadcrumb":{"@id":"https:\/\/agenciainfra.com\/blog\/area-tecnica-da-aneel-estima-impacto-de-r-17-bi-na-cde-em-2025-com-publicacao-da-mp-do-setor-eletrico\/#breadcrumb"},"inLanguage":"pt-BR","potentialAction":[{"@type":"ReadAction","target":["https:\/\/agenciainfra.com\/blog\/area-tecnica-da-aneel-estima-impacto-de-r-17-bi-na-cde-em-2025-com-publicacao-da-mp-do-setor-eletrico\/"]}]},{"@type":"ImageObject","inLanguage":"pt-BR","@id":"https:\/\/agenciainfra.com\/blog\/area-tecnica-da-aneel-estima-impacto-de-r-17-bi-na-cde-em-2025-com-publicacao-da-mp-do-setor-eletrico\/#primaryimage","url":"https:\/\/agenciainfra.com\/blog\/wp-content\/uploads\/2025\/06\/reuniao_aneel-foto-divulgacao.jpg","contentUrl":"https:\/\/agenciainfra.com\/blog\/wp-content\/uploads\/2025\/06\/reuniao_aneel-foto-divulgacao.jpg","width":1280,"height":720,"caption":"Foto: ANEEL\/Divulga\u00e7\u00e3o"},{"@type":"BreadcrumbList","@id":"https:\/\/agenciainfra.com\/blog\/area-tecnica-da-aneel-estima-impacto-de-r-17-bi-na-cde-em-2025-com-publicacao-da-mp-do-setor-eletrico\/#breadcrumb","itemListElement":[{"@type":"ListItem","position":1,"name":"In\u00edcio","item":"https:\/\/agenciainfra.com\/blog\/"},{"@type":"ListItem","position":2,"name":"\u00c1rea t\u00e9cnica da ANEEL estima impacto de R$ 1,7 bi na CDE em 2025 com publica\u00e7\u00e3o da MP do setor el\u00e9trico"}]},{"@type":"WebSite","@id":"https:\/\/agenciainfra.com\/blog\/#website","url":"https:\/\/agenciainfra.com\/blog\/","name":"Ag\u00eancia iNFRA","description":"Multiplataforma de informa\u00e7\u00e3o jornal\u00edstica refer\u00eancia na \u00e1rea de infraestrutura no Brasil!","publisher":{"@id":"https:\/\/agenciainfra.com\/blog\/#organization"},"potentialAction":[{"@type":"SearchAction","target":{"@type":"EntryPoint","urlTemplate":"https:\/\/agenciainfra.com\/blog\/?s={search_term_string}"},"query-input":{"@type":"PropertyValueSpecification","valueRequired":true,"valueName":"search_term_string"}}],"inLanguage":"pt-BR"},{"@type":"Organization","@id":"https:\/\/agenciainfra.com\/blog\/#organization","name":"Ag\u00eancia iNFRA","url":"https:\/\/agenciainfra.com\/blog\/","logo":{"@type":"ImageObject","inLanguage":"pt-BR","@id":"https:\/\/agenciainfra.com\/blog\/#\/schema\/logo\/image\/","url":"https:\/\/agenciainfra.com\/blog\/wp-content\/uploads\/2023\/09\/iNFRA_5-e1761735885940.png","contentUrl":"https:\/\/agenciainfra.com\/blog\/wp-content\/uploads\/2023\/09\/iNFRA_5-e1761735885940.png","width":1672,"height":454,"caption":"Ag\u00eancia iNFRA"},"image":{"@id":"https:\/\/agenciainfra.com\/blog\/#\/schema\/logo\/image\/"},"sameAs":["https:\/\/www.facebook.com\/ageninfra","https:\/\/x.com\/agencia_infra","https:\/\/www.linkedin.com\/company\/ag\u00eanciainfra\/","https:\/\/www.instagram.com\/agenciainfra\/"]},{"@type":"Person","@id":"https:\/\/agenciainfra.com\/blog\/#\/schema\/person\/34af08dff6adea4cb22b06612ba7acfa","name":"Ag\u00eancia iNFRA","image":{"@type":"ImageObject","inLanguage":"pt-BR","@id":"https:\/\/agenciainfra.com\/blog\/#\/schema\/person\/image\/","url":"https:\/\/secure.gravatar.com\/avatar\/d189e01678f06d8eb84d4e01f08eb848b3fffe3f8443818d3c356c66892f5be8?s=96&d=mm&r=g","contentUrl":"https:\/\/secure.gravatar.com\/avatar\/d189e01678f06d8eb84d4e01f08eb848b3fffe3f8443818d3c356c66892f5be8?s=96&d=mm&r=g","caption":"Ag\u00eancia iNFRA"},"url":"https:\/\/agenciainfra.com\/blog\/author\/admin\/"}]}},"_links":{"self":[{"href":"https:\/\/agenciainfra.com\/blog\/wp-json\/wp\/v2\/posts\/22645","targetHints":{"allow":["GET"]}}],"collection":[{"href":"https:\/\/agenciainfra.com\/blog\/wp-json\/wp\/v2\/posts"}],"about":[{"href":"https:\/\/agenciainfra.com\/blog\/wp-json\/wp\/v2\/types\/post"}],"author":[{"embeddable":true,"href":"https:\/\/agenciainfra.com\/blog\/wp-json\/wp\/v2\/users\/1"}],"replies":[{"embeddable":true,"href":"https:\/\/agenciainfra.com\/blog\/wp-json\/wp\/v2\/comments?post=22645"}],"version-history":[{"count":1,"href":"https:\/\/agenciainfra.com\/blog\/wp-json\/wp\/v2\/posts\/22645\/revisions"}],"predecessor-version":[{"id":22647,"href":"https:\/\/agenciainfra.com\/blog\/wp-json\/wp\/v2\/posts\/22645\/revisions\/22647"}],"wp:featuredmedia":[{"embeddable":true,"href":"https:\/\/agenciainfra.com\/blog\/wp-json\/wp\/v2\/media\/22646"}],"wp:attachment":[{"href":"https:\/\/agenciainfra.com\/blog\/wp-json\/wp\/v2\/media?parent=22645"}],"wp:term":[{"taxonomy":"category","embeddable":true,"href":"https:\/\/agenciainfra.com\/blog\/wp-json\/wp\/v2\/categories?post=22645"},{"taxonomy":"post_tag","embeddable":true,"href":"https:\/\/agenciainfra.com\/blog\/wp-json\/wp\/v2\/tags?post=22645"}],"curies":[{"name":"wp","href":"https:\/\/api.w.org\/{rel}","templated":true}]}}