{"id":22652,"date":"2025-06-10T10:30:00","date_gmt":"2025-06-10T13:30:00","guid":{"rendered":"https:\/\/agenciainfra.com\/blog\/?p=22652"},"modified":"2025-06-12T16:58:57","modified_gmt":"2025-06-12T19:58:57","slug":"representantes-de-concessionarias-pedem-revisao-urgente-de-corte-em-agencias-e-alerta-para-risco-em-investimentos","status":"publish","type":"post","link":"https:\/\/agenciainfra.com\/blog\/representantes-de-concessionarias-pedem-revisao-urgente-de-corte-em-agencias-e-alerta-para-risco-em-investimentos\/","title":{"rendered":"Representantes de concession\u00e1rias pedem revis\u00e3o urgente de corte em ag\u00eancias e alertam para risco em investimentos"},"content":{"rendered":"\n<p class=\"has-text-align-right\"><strong>da Ag\u00eancia iNFRA<\/strong><\/p>\n\n\n\n<p>Entidades que re\u00fanem empresas operadoras de ativos de infraestrutura pediram ao governo federal e ao Congresso que sejam revistos de forma urgente os cortes or\u00e7ament\u00e1rios que atingem as ag\u00eancias reguladoras.<br><br>Em carta aberta assinada na segunda-feira (9), a &#8216;Alian\u00e7a para a Infraestrutura&#8217;, que congrega essas associa\u00e7\u00f5es, alertou que as restri\u00e7\u00f5es podem atrasar ou inviabilizar novos investimentos privados, al\u00e9m de amea\u00e7ar de forma \u201calarmante e sem precedentes\u201d a capacidade de os \u00f3rg\u00e3os reguladores cumprirem suas miss\u00f5es institucionais. Confira o documento\u00a0<a href=\"https:\/\/agenciainfra.us14.list-manage.com\/track\/click?u=d460dd1bcf9ba0ae040e1fc0f&amp;id=639eb87044&amp;e=55b7a27fc9\" target=\"_blank\" rel=\"noreferrer noopener\">aqui<\/a>.\u00a0<br><br>Na avalia\u00e7\u00e3o das empresas, a vulnerabilidade abre brechas perigosas para falhas na seguran\u00e7a operacional, degrada\u00e7\u00e3o dos padr\u00f5es de qualidade dos servi\u00e7os prestados \u00e0 popula\u00e7\u00e3o e \u201cdano irrepar\u00e1vel\u201d \u00e0 imagem e credibilidade do Brasil perante investidores nacionais e internacionais.\u00a0<br><br>\u201cO enfraquecimento das ag\u00eancias reguladoras, decorrente da restri\u00e7\u00e3o or\u00e7ament\u00e1ria, representa um retrocesso perigoso para as pol\u00edticas de infraestrutura, colocando em risco n\u00e3o apenas o presente, mas o futuro de toda a infraestrutura nacional\u201d, diz a carta, divulgada ap\u00f3s as ag\u00eancias ligadas ao setor\u00a0<a href=\"https:\/\/agenciainfra.us14.list-manage.com\/track\/click?u=d460dd1bcf9ba0ae040e1fc0f&amp;id=36084dc1d6&amp;e=55b7a27fc9\" target=\"_blank\" rel=\"noreferrer noopener\">perderem<\/a>, em m\u00e9dia, 25% de seus or\u00e7amentos programados para o ano de 2025 como parte do congelamento de recursos para cumprimento da meta fiscal.\u00a0<br><br>Assinam o documento os comandos da ANTF (Associa\u00e7\u00e3o Nacional dos Transportadores Ferrovi\u00e1rios), da ABCR (Melhores Rodovias do Brasil), da ABTP (Associa\u00e7\u00e3o Brasileira de Terminais Portu\u00e1rios), da ABR (Aeroportos do Brasil), da MoveInfra (Associa\u00e7\u00e3o de Investidores em Infraestrutura Multissetorial), da ANPTrilhos (Associa\u00e7\u00e3o Nacional dos Transportadores de Passageiros sobre Trilhos) e da Abcon Sindcon (Associa\u00e7\u00e3o e Sindicato Nacional das Concession\u00e1rias Privadas de Servi\u00e7os P\u00fablicos de \u00c1gua e Esgoto).<\/p>\n\n\n\n<p><\/p>\n","protected":false},"excerpt":{"rendered":"<p>da Ag\u00eancia iNFRA Entidades que re\u00fanem empresas operadoras de ativos de infraestrutura pediram ao governo federal e ao Congresso que sejam revistos de forma urgente os cortes or\u00e7ament\u00e1rios que atingem as ag\u00eancias reguladoras. Em carta aberta assinada na segunda-feira (9), a &#8216;Alian\u00e7a para a Infraestrutura&#8217;, que congrega essas associa\u00e7\u00f5es, alertou que as restri\u00e7\u00f5es podem atrasar [&hellip;]<\/p>\n","protected":false},"author":1,"featured_media":5101,"comment_status":"closed","ping_status":"closed","sticky":false,"template":"","format":"standard","meta":{"_monsterinsights_skip_tracking":false,"_monsterinsights_sitenote_active":false,"_monsterinsights_sitenote_note":"","_monsterinsights_sitenote_category":0,"footnotes":""},"categories":[7250,1,7],"tags":[46,3849,13660,34,32,167,12211],"class_list":["post-22652","post","type-post","status-publish","format-standard","has-post-thumbnail","hentry","category-destaque-lista","category-geral","category-infratransporte","tag-agencias-reguladoras","tag-alianca-para-a-infraestrutura","tag-corte-no-orcamento","tag-infraestrutura","tag-investimentos","tag-orcamento","tag-orcamento-federal"],"yoast_head":"<!-- This site is optimized with the Yoast SEO Premium plugin v25.4 (Yoast SEO v26.0) - https:\/\/yoast.com\/wordpress\/plugins\/seo\/ -->\n<title>Representantes de concession\u00e1rias pedem revis\u00e3o urgente de corte em ag\u00eancias e alertam para risco em investimentos - Ag\u00eancia iNFRA<\/title>\n<meta name=\"robots\" content=\"index, follow, max-snippet:-1, max-image-preview:large, max-video-preview:-1\" \/>\n<link rel=\"canonical\" href=\"https:\/\/agenciainfra.com\/blog\/representantes-de-concessionarias-pedem-revisao-urgente-de-corte-em-agencias-e-alerta-para-risco-em-investimentos\/\" \/>\n<meta property=\"og:locale\" content=\"pt_BR\" \/>\n<meta property=\"og:type\" content=\"article\" \/>\n<meta property=\"og:title\" content=\"Representantes de concession\u00e1rias pedem revis\u00e3o urgente de corte em ag\u00eancias e alertam para risco em investimentos\" \/>\n<meta property=\"og:description\" content=\"da Ag\u00eancia iNFRA Entidades que re\u00fanem empresas operadoras de ativos de infraestrutura pediram ao governo federal e ao Congresso que sejam revistos de forma urgente os cortes or\u00e7ament\u00e1rios que atingem as ag\u00eancias reguladoras. Em carta aberta assinada na segunda-feira (9), a &#8216;Alian\u00e7a para a Infraestrutura&#8217;, que congrega essas associa\u00e7\u00f5es, alertou que as restri\u00e7\u00f5es podem atrasar [&hellip;]\" \/>\n<meta property=\"og:url\" content=\"https:\/\/agenciainfra.com\/blog\/representantes-de-concessionarias-pedem-revisao-urgente-de-corte-em-agencias-e-alerta-para-risco-em-investimentos\/\" \/>\n<meta property=\"og:site_name\" content=\"Ag\u00eancia iNFRA\" \/>\n<meta property=\"article:publisher\" content=\"https:\/\/www.facebook.com\/ageninfra\" \/>\n<meta property=\"article:published_time\" content=\"2025-06-10T13:30:00+00:00\" \/>\n<meta property=\"article:modified_time\" content=\"2025-06-12T19:58:57+00:00\" \/>\n<meta property=\"og:image\" content=\"https:\/\/agenciainfra.com\/blog\/wp-content\/uploads\/2020\/06\/contratos-foto-dominio-publico.jpg\" \/>\n\t<meta property=\"og:image:width\" content=\"1280\" \/>\n\t<meta property=\"og:image:height\" content=\"853\" \/>\n\t<meta property=\"og:image:type\" content=\"image\/jpeg\" \/>\n<meta name=\"author\" content=\"Ag\u00eancia iNFRA\" \/>\n<meta name=\"twitter:card\" content=\"summary_large_image\" \/>\n<meta name=\"twitter:creator\" content=\"@agencia_infra\" \/>\n<meta name=\"twitter:site\" content=\"@agencia_infra\" \/>\n<meta name=\"twitter:label1\" content=\"Escrito por\" \/>\n\t<meta name=\"twitter:data1\" content=\"Ag\u00eancia iNFRA\" \/>\n\t<meta name=\"twitter:label2\" content=\"Est. tempo de leitura\" \/>\n\t<meta name=\"twitter:data2\" content=\"1 minuto\" \/>\n<script type=\"application\/ld+json\" class=\"yoast-schema-graph\">{\"@context\":\"https:\/\/schema.org\",\"@graph\":[{\"@type\":\"Article\",\"@id\":\"https:\/\/agenciainfra.com\/blog\/representantes-de-concessionarias-pedem-revisao-urgente-de-corte-em-agencias-e-alerta-para-risco-em-investimentos\/#article\",\"isPartOf\":{\"@id\":\"https:\/\/agenciainfra.com\/blog\/representantes-de-concessionarias-pedem-revisao-urgente-de-corte-em-agencias-e-alerta-para-risco-em-investimentos\/\"},\"author\":{\"name\":\"Ag\u00eancia iNFRA\",\"@id\":\"https:\/\/agenciainfra.com\/blog\/#\/schema\/person\/34af08dff6adea4cb22b06612ba7acfa\"},\"headline\":\"Representantes de concession\u00e1rias pedem revis\u00e3o urgente de corte em ag\u00eancias e alertam para risco em investimentos\",\"datePublished\":\"2025-06-10T13:30:00+00:00\",\"dateModified\":\"2025-06-12T19:58:57+00:00\",\"mainEntityOfPage\":{\"@id\":\"https:\/\/agenciainfra.com\/blog\/representantes-de-concessionarias-pedem-revisao-urgente-de-corte-em-agencias-e-alerta-para-risco-em-investimentos\/\"},\"wordCount\":307,\"publisher\":{\"@id\":\"https:\/\/agenciainfra.com\/blog\/#organization\"},\"image\":{\"@id\":\"https:\/\/agenciainfra.com\/blog\/representantes-de-concessionarias-pedem-revisao-urgente-de-corte-em-agencias-e-alerta-para-risco-em-investimentos\/#primaryimage\"},\"thumbnailUrl\":\"https:\/\/agenciainfra.com\/blog\/wp-content\/uploads\/2020\/06\/contratos-foto-dominio-publico-e1751021330131.jpg\",\"keywords\":[\"Ag\u00eancias Reguladoras\",\"Alian\u00e7a para a Infraestrutura\",\"corte no or\u00e7amento\",\"Infraestrutura\",\"Investimentos\",\"Or\u00e7amento\",\"or\u00e7amento federal\"],\"articleSection\":[\"Destaque lista\",\"Geral\",\"iNFRATransporte\"],\"inLanguage\":\"pt-BR\",\"copyrightYear\":\"2025\",\"copyrightHolder\":{\"@id\":\"https:\/\/agenciainfra.com\/blog\/#organization\"}},{\"@type\":\"WebPage\",\"@id\":\"https:\/\/agenciainfra.com\/blog\/representantes-de-concessionarias-pedem-revisao-urgente-de-corte-em-agencias-e-alerta-para-risco-em-investimentos\/\",\"url\":\"https:\/\/agenciainfra.com\/blog\/representantes-de-concessionarias-pedem-revisao-urgente-de-corte-em-agencias-e-alerta-para-risco-em-investimentos\/\",\"name\":\"Representantes de concession\u00e1rias pedem revis\u00e3o urgente de corte em ag\u00eancias e alertam para risco em investimentos - Ag\u00eancia iNFRA\",\"isPartOf\":{\"@id\":\"https:\/\/agenciainfra.com\/blog\/#website\"},\"primaryImageOfPage\":{\"@id\":\"https:\/\/agenciainfra.com\/blog\/representantes-de-concessionarias-pedem-revisao-urgente-de-corte-em-agencias-e-alerta-para-risco-em-investimentos\/#primaryimage\"},\"image\":{\"@id\":\"https:\/\/agenciainfra.com\/blog\/representantes-de-concessionarias-pedem-revisao-urgente-de-corte-em-agencias-e-alerta-para-risco-em-investimentos\/#primaryimage\"},\"thumbnailUrl\":\"https:\/\/agenciainfra.com\/blog\/wp-content\/uploads\/2020\/06\/contratos-foto-dominio-publico-e1751021330131.jpg\",\"datePublished\":\"2025-06-10T13:30:00+00:00\",\"dateModified\":\"2025-06-12T19:58:57+00:00\",\"breadcrumb\":{\"@id\":\"https:\/\/agenciainfra.com\/blog\/representantes-de-concessionarias-pedem-revisao-urgente-de-corte-em-agencias-e-alerta-para-risco-em-investimentos\/#breadcrumb\"},\"inLanguage\":\"pt-BR\",\"potentialAction\":[{\"@type\":\"ReadAction\",\"target\":[\"https:\/\/agenciainfra.com\/blog\/representantes-de-concessionarias-pedem-revisao-urgente-de-corte-em-agencias-e-alerta-para-risco-em-investimentos\/\"]}]},{\"@type\":\"ImageObject\",\"inLanguage\":\"pt-BR\",\"@id\":\"https:\/\/agenciainfra.com\/blog\/representantes-de-concessionarias-pedem-revisao-urgente-de-corte-em-agencias-e-alerta-para-risco-em-investimentos\/#primaryimage\",\"url\":\"https:\/\/agenciainfra.com\/blog\/wp-content\/uploads\/2020\/06\/contratos-foto-dominio-publico-e1751021330131.jpg\",\"contentUrl\":\"https:\/\/agenciainfra.com\/blog\/wp-content\/uploads\/2020\/06\/contratos-foto-dominio-publico-e1751021330131.jpg\",\"width\":1280,\"height\":762,\"caption\":\"Foto: Dom\u00ednio P\u00fablico\"},{\"@type\":\"BreadcrumbList\",\"@id\":\"https:\/\/agenciainfra.com\/blog\/representantes-de-concessionarias-pedem-revisao-urgente-de-corte-em-agencias-e-alerta-para-risco-em-investimentos\/#breadcrumb\",\"itemListElement\":[{\"@type\":\"ListItem\",\"position\":1,\"name\":\"In\u00edcio\",\"item\":\"https:\/\/agenciainfra.com\/blog\/\"},{\"@type\":\"ListItem\",\"position\":2,\"name\":\"Representantes de concession\u00e1rias pedem revis\u00e3o urgente de corte em ag\u00eancias e alertam para risco em investimentos\"}]},{\"@type\":\"WebSite\",\"@id\":\"https:\/\/agenciainfra.com\/blog\/#website\",\"url\":\"https:\/\/agenciainfra.com\/blog\/\",\"name\":\"Ag\u00eancia iNFRA\",\"description\":\"Multiplataforma de informa\u00e7\u00e3o jornal\u00edstica refer\u00eancia na \u00e1rea de infraestrutura no Brasil!\",\"publisher\":{\"@id\":\"https:\/\/agenciainfra.com\/blog\/#organization\"},\"potentialAction\":[{\"@type\":\"SearchAction\",\"target\":{\"@type\":\"EntryPoint\",\"urlTemplate\":\"https:\/\/agenciainfra.com\/blog\/?s={search_term_string}\"},\"query-input\":{\"@type\":\"PropertyValueSpecification\",\"valueRequired\":true,\"valueName\":\"search_term_string\"}}],\"inLanguage\":\"pt-BR\"},{\"@type\":\"Organization\",\"@id\":\"https:\/\/agenciainfra.com\/blog\/#organization\",\"name\":\"Ag\u00eancia iNFRA\",\"url\":\"https:\/\/agenciainfra.com\/blog\/\",\"logo\":{\"@type\":\"ImageObject\",\"inLanguage\":\"pt-BR\",\"@id\":\"https:\/\/agenciainfra.com\/blog\/#\/schema\/logo\/image\/\",\"url\":\"https:\/\/agenciainfra.com\/blog\/wp-content\/uploads\/2023\/09\/iNFRA_5-e1761735885940.png\",\"contentUrl\":\"https:\/\/agenciainfra.com\/blog\/wp-content\/uploads\/2023\/09\/iNFRA_5-e1761735885940.png\",\"width\":1672,\"height\":454,\"caption\":\"Ag\u00eancia iNFRA\"},\"image\":{\"@id\":\"https:\/\/agenciainfra.com\/blog\/#\/schema\/logo\/image\/\"},\"sameAs\":[\"https:\/\/www.facebook.com\/ageninfra\",\"https:\/\/x.com\/agencia_infra\",\"https:\/\/www.linkedin.com\/company\/ag\u00eanciainfra\/\",\"https:\/\/www.instagram.com\/agenciainfra\/\"]},{\"@type\":\"Person\",\"@id\":\"https:\/\/agenciainfra.com\/blog\/#\/schema\/person\/34af08dff6adea4cb22b06612ba7acfa\",\"name\":\"Ag\u00eancia iNFRA\",\"image\":{\"@type\":\"ImageObject\",\"inLanguage\":\"pt-BR\",\"@id\":\"https:\/\/agenciainfra.com\/blog\/#\/schema\/person\/image\/\",\"url\":\"https:\/\/secure.gravatar.com\/avatar\/d189e01678f06d8eb84d4e01f08eb848b3fffe3f8443818d3c356c66892f5be8?s=96&d=mm&r=g\",\"contentUrl\":\"https:\/\/secure.gravatar.com\/avatar\/d189e01678f06d8eb84d4e01f08eb848b3fffe3f8443818d3c356c66892f5be8?s=96&d=mm&r=g\",\"caption\":\"Ag\u00eancia iNFRA\"},\"url\":\"https:\/\/agenciainfra.com\/blog\/author\/admin\/\"}]}<\/script>\n<!-- \/ Yoast SEO Premium plugin. -->","yoast_head_json":{"title":"Representantes de concession\u00e1rias pedem revis\u00e3o urgente de corte em ag\u00eancias e alertam para risco em investimentos - Ag\u00eancia iNFRA","robots":{"index":"index","follow":"follow","max-snippet":"max-snippet:-1","max-image-preview":"max-image-preview:large","max-video-preview":"max-video-preview:-1"},"canonical":"https:\/\/agenciainfra.com\/blog\/representantes-de-concessionarias-pedem-revisao-urgente-de-corte-em-agencias-e-alerta-para-risco-em-investimentos\/","og_locale":"pt_BR","og_type":"article","og_title":"Representantes de concession\u00e1rias pedem revis\u00e3o urgente de corte em ag\u00eancias e alertam para risco em investimentos","og_description":"da Ag\u00eancia iNFRA Entidades que re\u00fanem empresas operadoras de ativos de infraestrutura pediram ao governo federal e ao Congresso que sejam revistos de forma urgente os cortes or\u00e7ament\u00e1rios que atingem as ag\u00eancias reguladoras. Em carta aberta assinada na segunda-feira (9), a &#8216;Alian\u00e7a para a Infraestrutura&#8217;, que congrega essas associa\u00e7\u00f5es, alertou que as restri\u00e7\u00f5es podem atrasar [&hellip;]","og_url":"https:\/\/agenciainfra.com\/blog\/representantes-de-concessionarias-pedem-revisao-urgente-de-corte-em-agencias-e-alerta-para-risco-em-investimentos\/","og_site_name":"Ag\u00eancia iNFRA","article_publisher":"https:\/\/www.facebook.com\/ageninfra","article_published_time":"2025-06-10T13:30:00+00:00","article_modified_time":"2025-06-12T19:58:57+00:00","og_image":[{"width":1280,"height":853,"url":"https:\/\/agenciainfra.com\/blog\/wp-content\/uploads\/2020\/06\/contratos-foto-dominio-publico.jpg","type":"image\/jpeg"}],"author":"Ag\u00eancia iNFRA","twitter_card":"summary_large_image","twitter_creator":"@agencia_infra","twitter_site":"@agencia_infra","twitter_misc":{"Escrito por":"Ag\u00eancia iNFRA","Est. tempo de leitura":"1 minuto"},"schema":{"@context":"https:\/\/schema.org","@graph":[{"@type":"Article","@id":"https:\/\/agenciainfra.com\/blog\/representantes-de-concessionarias-pedem-revisao-urgente-de-corte-em-agencias-e-alerta-para-risco-em-investimentos\/#article","isPartOf":{"@id":"https:\/\/agenciainfra.com\/blog\/representantes-de-concessionarias-pedem-revisao-urgente-de-corte-em-agencias-e-alerta-para-risco-em-investimentos\/"},"author":{"name":"Ag\u00eancia iNFRA","@id":"https:\/\/agenciainfra.com\/blog\/#\/schema\/person\/34af08dff6adea4cb22b06612ba7acfa"},"headline":"Representantes de concession\u00e1rias pedem revis\u00e3o urgente de corte em ag\u00eancias e alertam para risco em investimentos","datePublished":"2025-06-10T13:30:00+00:00","dateModified":"2025-06-12T19:58:57+00:00","mainEntityOfPage":{"@id":"https:\/\/agenciainfra.com\/blog\/representantes-de-concessionarias-pedem-revisao-urgente-de-corte-em-agencias-e-alerta-para-risco-em-investimentos\/"},"wordCount":307,"publisher":{"@id":"https:\/\/agenciainfra.com\/blog\/#organization"},"image":{"@id":"https:\/\/agenciainfra.com\/blog\/representantes-de-concessionarias-pedem-revisao-urgente-de-corte-em-agencias-e-alerta-para-risco-em-investimentos\/#primaryimage"},"thumbnailUrl":"https:\/\/agenciainfra.com\/blog\/wp-content\/uploads\/2020\/06\/contratos-foto-dominio-publico-e1751021330131.jpg","keywords":["Ag\u00eancias Reguladoras","Alian\u00e7a para a Infraestrutura","corte no or\u00e7amento","Infraestrutura","Investimentos","Or\u00e7amento","or\u00e7amento federal"],"articleSection":["Destaque lista","Geral","iNFRATransporte"],"inLanguage":"pt-BR","copyrightYear":"2025","copyrightHolder":{"@id":"https:\/\/agenciainfra.com\/blog\/#organization"}},{"@type":"WebPage","@id":"https:\/\/agenciainfra.com\/blog\/representantes-de-concessionarias-pedem-revisao-urgente-de-corte-em-agencias-e-alerta-para-risco-em-investimentos\/","url":"https:\/\/agenciainfra.com\/blog\/representantes-de-concessionarias-pedem-revisao-urgente-de-corte-em-agencias-e-alerta-para-risco-em-investimentos\/","name":"Representantes de concession\u00e1rias pedem revis\u00e3o urgente de corte em ag\u00eancias e alertam para risco em investimentos - Ag\u00eancia iNFRA","isPartOf":{"@id":"https:\/\/agenciainfra.com\/blog\/#website"},"primaryImageOfPage":{"@id":"https:\/\/agenciainfra.com\/blog\/representantes-de-concessionarias-pedem-revisao-urgente-de-corte-em-agencias-e-alerta-para-risco-em-investimentos\/#primaryimage"},"image":{"@id":"https:\/\/agenciainfra.com\/blog\/representantes-de-concessionarias-pedem-revisao-urgente-de-corte-em-agencias-e-alerta-para-risco-em-investimentos\/#primaryimage"},"thumbnailUrl":"https:\/\/agenciainfra.com\/blog\/wp-content\/uploads\/2020\/06\/contratos-foto-dominio-publico-e1751021330131.jpg","datePublished":"2025-06-10T13:30:00+00:00","dateModified":"2025-06-12T19:58:57+00:00","breadcrumb":{"@id":"https:\/\/agenciainfra.com\/blog\/representantes-de-concessionarias-pedem-revisao-urgente-de-corte-em-agencias-e-alerta-para-risco-em-investimentos\/#breadcrumb"},"inLanguage":"pt-BR","potentialAction":[{"@type":"ReadAction","target":["https:\/\/agenciainfra.com\/blog\/representantes-de-concessionarias-pedem-revisao-urgente-de-corte-em-agencias-e-alerta-para-risco-em-investimentos\/"]}]},{"@type":"ImageObject","inLanguage":"pt-BR","@id":"https:\/\/agenciainfra.com\/blog\/representantes-de-concessionarias-pedem-revisao-urgente-de-corte-em-agencias-e-alerta-para-risco-em-investimentos\/#primaryimage","url":"https:\/\/agenciainfra.com\/blog\/wp-content\/uploads\/2020\/06\/contratos-foto-dominio-publico-e1751021330131.jpg","contentUrl":"https:\/\/agenciainfra.com\/blog\/wp-content\/uploads\/2020\/06\/contratos-foto-dominio-publico-e1751021330131.jpg","width":1280,"height":762,"caption":"Foto: Dom\u00ednio P\u00fablico"},{"@type":"BreadcrumbList","@id":"https:\/\/agenciainfra.com\/blog\/representantes-de-concessionarias-pedem-revisao-urgente-de-corte-em-agencias-e-alerta-para-risco-em-investimentos\/#breadcrumb","itemListElement":[{"@type":"ListItem","position":1,"name":"In\u00edcio","item":"https:\/\/agenciainfra.com\/blog\/"},{"@type":"ListItem","position":2,"name":"Representantes de concession\u00e1rias pedem revis\u00e3o urgente de corte em ag\u00eancias e alertam para risco em investimentos"}]},{"@type":"WebSite","@id":"https:\/\/agenciainfra.com\/blog\/#website","url":"https:\/\/agenciainfra.com\/blog\/","name":"Ag\u00eancia iNFRA","description":"Multiplataforma de informa\u00e7\u00e3o jornal\u00edstica refer\u00eancia na \u00e1rea de infraestrutura no Brasil!","publisher":{"@id":"https:\/\/agenciainfra.com\/blog\/#organization"},"potentialAction":[{"@type":"SearchAction","target":{"@type":"EntryPoint","urlTemplate":"https:\/\/agenciainfra.com\/blog\/?s={search_term_string}"},"query-input":{"@type":"PropertyValueSpecification","valueRequired":true,"valueName":"search_term_string"}}],"inLanguage":"pt-BR"},{"@type":"Organization","@id":"https:\/\/agenciainfra.com\/blog\/#organization","name":"Ag\u00eancia iNFRA","url":"https:\/\/agenciainfra.com\/blog\/","logo":{"@type":"ImageObject","inLanguage":"pt-BR","@id":"https:\/\/agenciainfra.com\/blog\/#\/schema\/logo\/image\/","url":"https:\/\/agenciainfra.com\/blog\/wp-content\/uploads\/2023\/09\/iNFRA_5-e1761735885940.png","contentUrl":"https:\/\/agenciainfra.com\/blog\/wp-content\/uploads\/2023\/09\/iNFRA_5-e1761735885940.png","width":1672,"height":454,"caption":"Ag\u00eancia iNFRA"},"image":{"@id":"https:\/\/agenciainfra.com\/blog\/#\/schema\/logo\/image\/"},"sameAs":["https:\/\/www.facebook.com\/ageninfra","https:\/\/x.com\/agencia_infra","https:\/\/www.linkedin.com\/company\/ag\u00eanciainfra\/","https:\/\/www.instagram.com\/agenciainfra\/"]},{"@type":"Person","@id":"https:\/\/agenciainfra.com\/blog\/#\/schema\/person\/34af08dff6adea4cb22b06612ba7acfa","name":"Ag\u00eancia iNFRA","image":{"@type":"ImageObject","inLanguage":"pt-BR","@id":"https:\/\/agenciainfra.com\/blog\/#\/schema\/person\/image\/","url":"https:\/\/secure.gravatar.com\/avatar\/d189e01678f06d8eb84d4e01f08eb848b3fffe3f8443818d3c356c66892f5be8?s=96&d=mm&r=g","contentUrl":"https:\/\/secure.gravatar.com\/avatar\/d189e01678f06d8eb84d4e01f08eb848b3fffe3f8443818d3c356c66892f5be8?s=96&d=mm&r=g","caption":"Ag\u00eancia iNFRA"},"url":"https:\/\/agenciainfra.com\/blog\/author\/admin\/"}]}},"_links":{"self":[{"href":"https:\/\/agenciainfra.com\/blog\/wp-json\/wp\/v2\/posts\/22652","targetHints":{"allow":["GET"]}}],"collection":[{"href":"https:\/\/agenciainfra.com\/blog\/wp-json\/wp\/v2\/posts"}],"about":[{"href":"https:\/\/agenciainfra.com\/blog\/wp-json\/wp\/v2\/types\/post"}],"author":[{"embeddable":true,"href":"https:\/\/agenciainfra.com\/blog\/wp-json\/wp\/v2\/users\/1"}],"replies":[{"embeddable":true,"href":"https:\/\/agenciainfra.com\/blog\/wp-json\/wp\/v2\/comments?post=22652"}],"version-history":[{"count":2,"href":"https:\/\/agenciainfra.com\/blog\/wp-json\/wp\/v2\/posts\/22652\/revisions"}],"predecessor-version":[{"id":22833,"href":"https:\/\/agenciainfra.com\/blog\/wp-json\/wp\/v2\/posts\/22652\/revisions\/22833"}],"wp:featuredmedia":[{"embeddable":true,"href":"https:\/\/agenciainfra.com\/blog\/wp-json\/wp\/v2\/media\/5101"}],"wp:attachment":[{"href":"https:\/\/agenciainfra.com\/blog\/wp-json\/wp\/v2\/media?parent=22652"}],"wp:term":[{"taxonomy":"category","embeddable":true,"href":"https:\/\/agenciainfra.com\/blog\/wp-json\/wp\/v2\/categories?post=22652"},{"taxonomy":"post_tag","embeddable":true,"href":"https:\/\/agenciainfra.com\/blog\/wp-json\/wp\/v2\/tags?post=22652"}],"curies":[{"name":"wp","href":"https:\/\/api.w.org\/{rel}","templated":true}]}}