{"id":22668,"date":"2025-06-10T13:02:35","date_gmt":"2025-06-10T16:02:35","guid":{"rendered":"https:\/\/agenciainfra.com\/blog\/?p=22668"},"modified":"2025-06-11T12:49:56","modified_gmt":"2025-06-11T15:49:56","slug":"aneel-aprova-reducao-de-r-56-bi-em-indenizacao-da-rbse-ate-2028","status":"publish","type":"post","link":"https:\/\/agenciainfra.com\/blog\/aneel-aprova-reducao-de-r-56-bi-em-indenizacao-da-rbse-ate-2028\/","title":{"rendered":"ANEEL aprova redu\u00e7\u00e3o de R$ 5,6 bi em indeniza\u00e7\u00e3o da RBSE at\u00e9 2028"},"content":{"rendered":"\n<p class=\"has-text-align-right\"><strong>Geraldo Campos Jr., da Ag\u00eancia iNFRA<\/strong><\/p>\n\n\n\n<p>A ANEEL (Ag\u00eancia Nacional de Energia El\u00e9trica) aprovou nesta ter\u00e7a-feira (10) a revis\u00e3o dos c\u00e1lculos de indeniza\u00e7\u00e3o paga \u00e0s transmissoras pela RBSE (Rede B\u00e1sica do Sistema Existente). A nova modelagem, conforme converg\u00eancia firmada entre as partes, resultar\u00e1 em uma redu\u00e7\u00e3o de R$ 5,6 bilh\u00f5es at\u00e9 2028 em pagamentos, gerando economia aos consumidores.<\/p>\n\n\n\n<p>A diretora Agnes Costa apresentou um longo voto-vista em que mant\u00e9m a metodologia vigente de c\u00e1lculo nas fases de acumula\u00e7\u00e3o do saldo devedor e de amortiza\u00e7\u00e3o\/pagamento, conforme recomenda\u00e7\u00e3o da \u00e1rea t\u00e9cnica, mas atualizar as taxas de remunera\u00e7\u00e3o\/juros e segregar os fluxos de pagamento, de acordo com o alinhamento feito entre transmissoras, geradoras e usu\u00e1rios.<\/p>\n\n\n\n<p>O voto foi aprovado por 3 votos a 2. Agnes foi seguida pelo diretor-geral Sandoval Feitosa e pelo diretor substituto Daniel Danna. A diretora Ludimila Lima n\u00e3o votou, uma vez que j\u00e1 havia voto do ex-diretor H\u00e9lvio Guerra no processo seguindo o posicionamento do diretor Fernando Mosna. O voto vencido alterava a metodologia de c\u00e1lculo nas duas fases e previa redu\u00e7\u00e3o de pagamentos de R$ 11,2 bilh\u00f5es (em valores n\u00e3o atualizados).<\/p>\n\n\n\n<p>Pelo voto vencedor, os novos valores ser\u00e3o aplicados nos pr\u00f3ximos ciclos de reajustes das transmissoras, ou seja, a partir de julho desse ano at\u00e9 junho de 2028, em valor uniforme para cada ciclo.<\/p>\n\n\n\n<p><strong>Empresas<\/strong><br>A mudan\u00e7a ter\u00e1 impacto de cerca de R$ 5 bilh\u00f5es a apenas dois grupos: Eletrobras e ISA Energia. Quatro subsidi\u00e1rias da Eletrobras (Furnas, Chesf, Eletronorte e Eletrosul) deixariam de receber cerca de R$ 4 bilh\u00f5es, sendo R$ 2 bilh\u00f5es apenas para Furnas. J\u00e1 a ISA Energia teria uma redu\u00e7\u00e3o de indeniza\u00e7\u00f5es de cerca de R$ 1 bilh\u00e3o at\u00e9 2028.<\/p>\n\n\n\n<p>Outras quatro transmissoras respondem pelo restante: Cemig-GT, Copel-GT, Celg-GT e CEEE-GT. Os c\u00e1lculos foram feitos pela Ag\u00eancia iNFRA com base no memorando emitido pela STR (Superintend\u00eancia de Gest\u00e3o Tarif\u00e1ria e Regula\u00e7\u00e3o Econ\u00f4mica) na \u00faltima semana.<\/p>\n\n\n\n<p><strong>O que \u00e9 a RBSE<br><\/strong>A RBSE \u00e9 uma compensa\u00e7\u00e3o financeira para investimentos n\u00e3o depreciados em concess\u00f5es vencidas de transmiss\u00e3o de energia, a ser paga, at\u00e9 2028, a algumas transmissoras por meio de receitas. A possibilidade foi estabelecida no \u00e2mbito da renova\u00e7\u00e3o das concess\u00f5es do segmento, permitida pela MP 579\/2012 -posteriormente convertida na Lei 12.783\/2013.<\/p>\n\n\n\n<p>Os valores por ciclos foram fixados por resolu\u00e7\u00f5es emitidas pela ANEEL entre 2021 e 2022. No entanto, a forma de calcular a deprecia\u00e7\u00e3o foi questionada por empresas de gera\u00e7\u00e3o de energia e entidades como Abiape (Associa\u00e7\u00e3o Brasileira dos Investidores em Autoprodu\u00e7\u00e3o de Energia) e Abrace (Associa\u00e7\u00e3o Brasileira dos Grandes Consumidores de Energia).<\/p>\n\n\n\n<p><em>*Reportagem atualizada ap\u00f3s publica\u00e7\u00e3o para inclus\u00e3o de informa\u00e7\u00f5es de entrevista concedida pela diretora da ANEEL Agnes Costa e pelo presidente da Abrate, M\u00e1rio Miranda.<\/em><\/p>\n","protected":false},"excerpt":{"rendered":"<p>Geraldo Campos Jr., da Ag\u00eancia iNFRA A ANEEL (Ag\u00eancia Nacional de Energia El\u00e9trica) aprovou nesta ter\u00e7a-feira (10) a revis\u00e3o dos c\u00e1lculos de indeniza\u00e7\u00e3o paga \u00e0s transmissoras pela RBSE (Rede B\u00e1sica do Sistema Existente). A nova modelagem, conforme converg\u00eancia firmada entre as partes, resultar\u00e1 em uma redu\u00e7\u00e3o de R$ 5,6 bilh\u00f5es at\u00e9 2028 em pagamentos, gerando [&hellip;]<\/p>\n","protected":false},"author":1,"featured_media":6790,"comment_status":"closed","ping_status":"closed","sticky":false,"template":"","format":"standard","meta":{"_monsterinsights_skip_tracking":false,"_monsterinsights_sitenote_active":false,"_monsterinsights_sitenote_note":"","_monsterinsights_sitenote_category":0,"footnotes":""},"categories":[7250,1,10],"tags":[852,6800,53,50,7014,11594,13679,574,11667,2221],"class_list":["post-22668","post","type-post","status-publish","format-standard","has-post-thumbnail","hentry","category-destaque-lista","category-geral","category-infraenergia","tag-agencia-nacional-de-energia-eletrica","tag-agnes-costa","tag-aneel","tag-eletrobras","tag-fernando-mosna","tag-geraldo-campos-jr","tag-isa-energia","tag-rbse","tag-rede-basica-de-sistema-existente","tag-transmissoras"],"yoast_head":"<!-- This site is optimized with the Yoast SEO Premium plugin v25.4 (Yoast SEO v26.0) - https:\/\/yoast.com\/wordpress\/plugins\/seo\/ -->\n<title>ANEEL aprova redu\u00e7\u00e3o de R$ 5,6 bi em indeniza\u00e7\u00e3o da RBSE at\u00e9 2028 - Ag\u00eancia iNFRA<\/title>\n<meta name=\"robots\" content=\"index, follow, max-snippet:-1, max-image-preview:large, max-video-preview:-1\" \/>\n<link rel=\"canonical\" href=\"https:\/\/agenciainfra.com\/blog\/aneel-aprova-reducao-de-r-56-bi-em-indenizacao-da-rbse-ate-2028\/\" \/>\n<meta property=\"og:locale\" content=\"pt_BR\" \/>\n<meta property=\"og:type\" content=\"article\" \/>\n<meta property=\"og:title\" content=\"ANEEL aprova redu\u00e7\u00e3o de R$ 5,6 bi em indeniza\u00e7\u00e3o da RBSE at\u00e9 2028\" \/>\n<meta property=\"og:description\" content=\"Geraldo Campos Jr., da Ag\u00eancia iNFRA A ANEEL (Ag\u00eancia Nacional de Energia El\u00e9trica) aprovou nesta ter\u00e7a-feira (10) a revis\u00e3o dos c\u00e1lculos de indeniza\u00e7\u00e3o paga \u00e0s transmissoras pela RBSE (Rede B\u00e1sica do Sistema Existente). A nova modelagem, conforme converg\u00eancia firmada entre as partes, resultar\u00e1 em uma redu\u00e7\u00e3o de R$ 5,6 bilh\u00f5es at\u00e9 2028 em pagamentos, gerando [&hellip;]\" \/>\n<meta property=\"og:url\" content=\"https:\/\/agenciainfra.com\/blog\/aneel-aprova-reducao-de-r-56-bi-em-indenizacao-da-rbse-ate-2028\/\" \/>\n<meta property=\"og:site_name\" content=\"Ag\u00eancia iNFRA\" \/>\n<meta property=\"article:publisher\" content=\"https:\/\/www.facebook.com\/ageninfra\" \/>\n<meta property=\"article:published_time\" content=\"2025-06-10T16:02:35+00:00\" \/>\n<meta property=\"article:modified_time\" content=\"2025-06-11T15:49:56+00:00\" \/>\n<meta property=\"og:image\" content=\"https:\/\/agenciainfra.com\/blog\/wp-content\/uploads\/2021\/02\/rede-de-transmissao-foto-dominio-publico.jpg\" \/>\n\t<meta property=\"og:image:width\" content=\"1280\" \/>\n\t<meta property=\"og:image:height\" content=\"854\" \/>\n\t<meta property=\"og:image:type\" content=\"image\/jpeg\" \/>\n<meta name=\"author\" content=\"Ag\u00eancia iNFRA\" \/>\n<meta name=\"twitter:card\" content=\"summary_large_image\" \/>\n<meta name=\"twitter:creator\" content=\"@agencia_infra\" \/>\n<meta name=\"twitter:site\" content=\"@agencia_infra\" \/>\n<meta name=\"twitter:label1\" content=\"Escrito por\" \/>\n\t<meta name=\"twitter:data1\" content=\"Ag\u00eancia iNFRA\" \/>\n\t<meta name=\"twitter:label2\" content=\"Est. tempo de leitura\" \/>\n\t<meta name=\"twitter:data2\" content=\"2 minutos\" \/>\n<script type=\"application\/ld+json\" class=\"yoast-schema-graph\">{\"@context\":\"https:\/\/schema.org\",\"@graph\":[{\"@type\":\"Article\",\"@id\":\"https:\/\/agenciainfra.com\/blog\/aneel-aprova-reducao-de-r-56-bi-em-indenizacao-da-rbse-ate-2028\/#article\",\"isPartOf\":{\"@id\":\"https:\/\/agenciainfra.com\/blog\/aneel-aprova-reducao-de-r-56-bi-em-indenizacao-da-rbse-ate-2028\/\"},\"author\":{\"name\":\"Ag\u00eancia iNFRA\",\"@id\":\"https:\/\/agenciainfra.com\/blog\/#\/schema\/person\/34af08dff6adea4cb22b06612ba7acfa\"},\"headline\":\"ANEEL aprova redu\u00e7\u00e3o de R$ 5,6 bi em indeniza\u00e7\u00e3o da RBSE at\u00e9 2028\",\"datePublished\":\"2025-06-10T16:02:35+00:00\",\"dateModified\":\"2025-06-11T15:49:56+00:00\",\"mainEntityOfPage\":{\"@id\":\"https:\/\/agenciainfra.com\/blog\/aneel-aprova-reducao-de-r-56-bi-em-indenizacao-da-rbse-ate-2028\/\"},\"wordCount\":497,\"publisher\":{\"@id\":\"https:\/\/agenciainfra.com\/blog\/#organization\"},\"image\":{\"@id\":\"https:\/\/agenciainfra.com\/blog\/aneel-aprova-reducao-de-r-56-bi-em-indenizacao-da-rbse-ate-2028\/#primaryimage\"},\"thumbnailUrl\":\"https:\/\/agenciainfra.com\/blog\/wp-content\/uploads\/2021\/02\/rede-de-transmissao-foto-dominio-publico.jpg\",\"keywords\":[\"Ag\u00eancia Nacional de Energia El\u00e9trica\",\"Agnes Costa\",\"ANEEL\",\"Eletrobras\",\"Fernando Mosna\",\"Geraldo Campos Jr.\",\"isa energia\",\"RBSE\",\"Rede B\u00e1sica de Sistema Existente\",\"transmissoras\"],\"articleSection\":[\"Destaque lista\",\"Geral\",\"iNFRAEnergia\"],\"inLanguage\":\"pt-BR\",\"copyrightYear\":\"2025\",\"copyrightHolder\":{\"@id\":\"https:\/\/agenciainfra.com\/blog\/#organization\"}},{\"@type\":\"WebPage\",\"@id\":\"https:\/\/agenciainfra.com\/blog\/aneel-aprova-reducao-de-r-56-bi-em-indenizacao-da-rbse-ate-2028\/\",\"url\":\"https:\/\/agenciainfra.com\/blog\/aneel-aprova-reducao-de-r-56-bi-em-indenizacao-da-rbse-ate-2028\/\",\"name\":\"ANEEL aprova redu\u00e7\u00e3o de R$ 5,6 bi em indeniza\u00e7\u00e3o da RBSE at\u00e9 2028 - Ag\u00eancia iNFRA\",\"isPartOf\":{\"@id\":\"https:\/\/agenciainfra.com\/blog\/#website\"},\"primaryImageOfPage\":{\"@id\":\"https:\/\/agenciainfra.com\/blog\/aneel-aprova-reducao-de-r-56-bi-em-indenizacao-da-rbse-ate-2028\/#primaryimage\"},\"image\":{\"@id\":\"https:\/\/agenciainfra.com\/blog\/aneel-aprova-reducao-de-r-56-bi-em-indenizacao-da-rbse-ate-2028\/#primaryimage\"},\"thumbnailUrl\":\"https:\/\/agenciainfra.com\/blog\/wp-content\/uploads\/2021\/02\/rede-de-transmissao-foto-dominio-publico.jpg\",\"datePublished\":\"2025-06-10T16:02:35+00:00\",\"dateModified\":\"2025-06-11T15:49:56+00:00\",\"breadcrumb\":{\"@id\":\"https:\/\/agenciainfra.com\/blog\/aneel-aprova-reducao-de-r-56-bi-em-indenizacao-da-rbse-ate-2028\/#breadcrumb\"},\"inLanguage\":\"pt-BR\",\"potentialAction\":[{\"@type\":\"ReadAction\",\"target\":[\"https:\/\/agenciainfra.com\/blog\/aneel-aprova-reducao-de-r-56-bi-em-indenizacao-da-rbse-ate-2028\/\"]}]},{\"@type\":\"ImageObject\",\"inLanguage\":\"pt-BR\",\"@id\":\"https:\/\/agenciainfra.com\/blog\/aneel-aprova-reducao-de-r-56-bi-em-indenizacao-da-rbse-ate-2028\/#primaryimage\",\"url\":\"https:\/\/agenciainfra.com\/blog\/wp-content\/uploads\/2021\/02\/rede-de-transmissao-foto-dominio-publico.jpg\",\"contentUrl\":\"https:\/\/agenciainfra.com\/blog\/wp-content\/uploads\/2021\/02\/rede-de-transmissao-foto-dominio-publico.jpg\",\"width\":1280,\"height\":854,\"caption\":\"Foto: Dom\u00ednio P\u00fablico\"},{\"@type\":\"BreadcrumbList\",\"@id\":\"https:\/\/agenciainfra.com\/blog\/aneel-aprova-reducao-de-r-56-bi-em-indenizacao-da-rbse-ate-2028\/#breadcrumb\",\"itemListElement\":[{\"@type\":\"ListItem\",\"position\":1,\"name\":\"In\u00edcio\",\"item\":\"https:\/\/agenciainfra.com\/blog\/\"},{\"@type\":\"ListItem\",\"position\":2,\"name\":\"ANEEL aprova redu\u00e7\u00e3o de R$ 5,6 bi em indeniza\u00e7\u00e3o da RBSE at\u00e9 2028\"}]},{\"@type\":\"WebSite\",\"@id\":\"https:\/\/agenciainfra.com\/blog\/#website\",\"url\":\"https:\/\/agenciainfra.com\/blog\/\",\"name\":\"Ag\u00eancia iNFRA\",\"description\":\"Multiplataforma de informa\u00e7\u00e3o jornal\u00edstica refer\u00eancia na \u00e1rea de infraestrutura no Brasil!\",\"publisher\":{\"@id\":\"https:\/\/agenciainfra.com\/blog\/#organization\"},\"potentialAction\":[{\"@type\":\"SearchAction\",\"target\":{\"@type\":\"EntryPoint\",\"urlTemplate\":\"https:\/\/agenciainfra.com\/blog\/?s={search_term_string}\"},\"query-input\":{\"@type\":\"PropertyValueSpecification\",\"valueRequired\":true,\"valueName\":\"search_term_string\"}}],\"inLanguage\":\"pt-BR\"},{\"@type\":\"Organization\",\"@id\":\"https:\/\/agenciainfra.com\/blog\/#organization\",\"name\":\"Ag\u00eancia iNFRA\",\"url\":\"https:\/\/agenciainfra.com\/blog\/\",\"logo\":{\"@type\":\"ImageObject\",\"inLanguage\":\"pt-BR\",\"@id\":\"https:\/\/agenciainfra.com\/blog\/#\/schema\/logo\/image\/\",\"url\":\"https:\/\/agenciainfra.com\/blog\/wp-content\/uploads\/2023\/09\/iNFRA_5-e1761735885940.png\",\"contentUrl\":\"https:\/\/agenciainfra.com\/blog\/wp-content\/uploads\/2023\/09\/iNFRA_5-e1761735885940.png\",\"width\":1672,\"height\":454,\"caption\":\"Ag\u00eancia iNFRA\"},\"image\":{\"@id\":\"https:\/\/agenciainfra.com\/blog\/#\/schema\/logo\/image\/\"},\"sameAs\":[\"https:\/\/www.facebook.com\/ageninfra\",\"https:\/\/x.com\/agencia_infra\",\"https:\/\/www.linkedin.com\/company\/ag\u00eanciainfra\/\",\"https:\/\/www.instagram.com\/agenciainfra\/\"]},{\"@type\":\"Person\",\"@id\":\"https:\/\/agenciainfra.com\/blog\/#\/schema\/person\/34af08dff6adea4cb22b06612ba7acfa\",\"name\":\"Ag\u00eancia iNFRA\",\"image\":{\"@type\":\"ImageObject\",\"inLanguage\":\"pt-BR\",\"@id\":\"https:\/\/agenciainfra.com\/blog\/#\/schema\/person\/image\/\",\"url\":\"https:\/\/secure.gravatar.com\/avatar\/d189e01678f06d8eb84d4e01f08eb848b3fffe3f8443818d3c356c66892f5be8?s=96&d=mm&r=g\",\"contentUrl\":\"https:\/\/secure.gravatar.com\/avatar\/d189e01678f06d8eb84d4e01f08eb848b3fffe3f8443818d3c356c66892f5be8?s=96&d=mm&r=g\",\"caption\":\"Ag\u00eancia iNFRA\"},\"url\":\"https:\/\/agenciainfra.com\/blog\/author\/admin\/\"}]}<\/script>\n<!-- \/ Yoast SEO Premium plugin. -->","yoast_head_json":{"title":"ANEEL aprova redu\u00e7\u00e3o de R$ 5,6 bi em indeniza\u00e7\u00e3o da RBSE at\u00e9 2028 - Ag\u00eancia iNFRA","robots":{"index":"index","follow":"follow","max-snippet":"max-snippet:-1","max-image-preview":"max-image-preview:large","max-video-preview":"max-video-preview:-1"},"canonical":"https:\/\/agenciainfra.com\/blog\/aneel-aprova-reducao-de-r-56-bi-em-indenizacao-da-rbse-ate-2028\/","og_locale":"pt_BR","og_type":"article","og_title":"ANEEL aprova redu\u00e7\u00e3o de R$ 5,6 bi em indeniza\u00e7\u00e3o da RBSE at\u00e9 2028","og_description":"Geraldo Campos Jr., da Ag\u00eancia iNFRA A ANEEL (Ag\u00eancia Nacional de Energia El\u00e9trica) aprovou nesta ter\u00e7a-feira (10) a revis\u00e3o dos c\u00e1lculos de indeniza\u00e7\u00e3o paga \u00e0s transmissoras pela RBSE (Rede B\u00e1sica do Sistema Existente). A nova modelagem, conforme converg\u00eancia firmada entre as partes, resultar\u00e1 em uma redu\u00e7\u00e3o de R$ 5,6 bilh\u00f5es at\u00e9 2028 em pagamentos, gerando [&hellip;]","og_url":"https:\/\/agenciainfra.com\/blog\/aneel-aprova-reducao-de-r-56-bi-em-indenizacao-da-rbse-ate-2028\/","og_site_name":"Ag\u00eancia iNFRA","article_publisher":"https:\/\/www.facebook.com\/ageninfra","article_published_time":"2025-06-10T16:02:35+00:00","article_modified_time":"2025-06-11T15:49:56+00:00","og_image":[{"width":1280,"height":854,"url":"https:\/\/agenciainfra.com\/blog\/wp-content\/uploads\/2021\/02\/rede-de-transmissao-foto-dominio-publico.jpg","type":"image\/jpeg"}],"author":"Ag\u00eancia iNFRA","twitter_card":"summary_large_image","twitter_creator":"@agencia_infra","twitter_site":"@agencia_infra","twitter_misc":{"Escrito por":"Ag\u00eancia iNFRA","Est. tempo de leitura":"2 minutos"},"schema":{"@context":"https:\/\/schema.org","@graph":[{"@type":"Article","@id":"https:\/\/agenciainfra.com\/blog\/aneel-aprova-reducao-de-r-56-bi-em-indenizacao-da-rbse-ate-2028\/#article","isPartOf":{"@id":"https:\/\/agenciainfra.com\/blog\/aneel-aprova-reducao-de-r-56-bi-em-indenizacao-da-rbse-ate-2028\/"},"author":{"name":"Ag\u00eancia iNFRA","@id":"https:\/\/agenciainfra.com\/blog\/#\/schema\/person\/34af08dff6adea4cb22b06612ba7acfa"},"headline":"ANEEL aprova redu\u00e7\u00e3o de R$ 5,6 bi em indeniza\u00e7\u00e3o da RBSE at\u00e9 2028","datePublished":"2025-06-10T16:02:35+00:00","dateModified":"2025-06-11T15:49:56+00:00","mainEntityOfPage":{"@id":"https:\/\/agenciainfra.com\/blog\/aneel-aprova-reducao-de-r-56-bi-em-indenizacao-da-rbse-ate-2028\/"},"wordCount":497,"publisher":{"@id":"https:\/\/agenciainfra.com\/blog\/#organization"},"image":{"@id":"https:\/\/agenciainfra.com\/blog\/aneel-aprova-reducao-de-r-56-bi-em-indenizacao-da-rbse-ate-2028\/#primaryimage"},"thumbnailUrl":"https:\/\/agenciainfra.com\/blog\/wp-content\/uploads\/2021\/02\/rede-de-transmissao-foto-dominio-publico.jpg","keywords":["Ag\u00eancia Nacional de Energia El\u00e9trica","Agnes Costa","ANEEL","Eletrobras","Fernando Mosna","Geraldo Campos Jr.","isa energia","RBSE","Rede B\u00e1sica de Sistema Existente","transmissoras"],"articleSection":["Destaque lista","Geral","iNFRAEnergia"],"inLanguage":"pt-BR","copyrightYear":"2025","copyrightHolder":{"@id":"https:\/\/agenciainfra.com\/blog\/#organization"}},{"@type":"WebPage","@id":"https:\/\/agenciainfra.com\/blog\/aneel-aprova-reducao-de-r-56-bi-em-indenizacao-da-rbse-ate-2028\/","url":"https:\/\/agenciainfra.com\/blog\/aneel-aprova-reducao-de-r-56-bi-em-indenizacao-da-rbse-ate-2028\/","name":"ANEEL aprova redu\u00e7\u00e3o de R$ 5,6 bi em indeniza\u00e7\u00e3o da RBSE at\u00e9 2028 - Ag\u00eancia iNFRA","isPartOf":{"@id":"https:\/\/agenciainfra.com\/blog\/#website"},"primaryImageOfPage":{"@id":"https:\/\/agenciainfra.com\/blog\/aneel-aprova-reducao-de-r-56-bi-em-indenizacao-da-rbse-ate-2028\/#primaryimage"},"image":{"@id":"https:\/\/agenciainfra.com\/blog\/aneel-aprova-reducao-de-r-56-bi-em-indenizacao-da-rbse-ate-2028\/#primaryimage"},"thumbnailUrl":"https:\/\/agenciainfra.com\/blog\/wp-content\/uploads\/2021\/02\/rede-de-transmissao-foto-dominio-publico.jpg","datePublished":"2025-06-10T16:02:35+00:00","dateModified":"2025-06-11T15:49:56+00:00","breadcrumb":{"@id":"https:\/\/agenciainfra.com\/blog\/aneel-aprova-reducao-de-r-56-bi-em-indenizacao-da-rbse-ate-2028\/#breadcrumb"},"inLanguage":"pt-BR","potentialAction":[{"@type":"ReadAction","target":["https:\/\/agenciainfra.com\/blog\/aneel-aprova-reducao-de-r-56-bi-em-indenizacao-da-rbse-ate-2028\/"]}]},{"@type":"ImageObject","inLanguage":"pt-BR","@id":"https:\/\/agenciainfra.com\/blog\/aneel-aprova-reducao-de-r-56-bi-em-indenizacao-da-rbse-ate-2028\/#primaryimage","url":"https:\/\/agenciainfra.com\/blog\/wp-content\/uploads\/2021\/02\/rede-de-transmissao-foto-dominio-publico.jpg","contentUrl":"https:\/\/agenciainfra.com\/blog\/wp-content\/uploads\/2021\/02\/rede-de-transmissao-foto-dominio-publico.jpg","width":1280,"height":854,"caption":"Foto: Dom\u00ednio P\u00fablico"},{"@type":"BreadcrumbList","@id":"https:\/\/agenciainfra.com\/blog\/aneel-aprova-reducao-de-r-56-bi-em-indenizacao-da-rbse-ate-2028\/#breadcrumb","itemListElement":[{"@type":"ListItem","position":1,"name":"In\u00edcio","item":"https:\/\/agenciainfra.com\/blog\/"},{"@type":"ListItem","position":2,"name":"ANEEL aprova redu\u00e7\u00e3o de R$ 5,6 bi em indeniza\u00e7\u00e3o da RBSE at\u00e9 2028"}]},{"@type":"WebSite","@id":"https:\/\/agenciainfra.com\/blog\/#website","url":"https:\/\/agenciainfra.com\/blog\/","name":"Ag\u00eancia iNFRA","description":"Multiplataforma de informa\u00e7\u00e3o jornal\u00edstica refer\u00eancia na \u00e1rea de infraestrutura no Brasil!","publisher":{"@id":"https:\/\/agenciainfra.com\/blog\/#organization"},"potentialAction":[{"@type":"SearchAction","target":{"@type":"EntryPoint","urlTemplate":"https:\/\/agenciainfra.com\/blog\/?s={search_term_string}"},"query-input":{"@type":"PropertyValueSpecification","valueRequired":true,"valueName":"search_term_string"}}],"inLanguage":"pt-BR"},{"@type":"Organization","@id":"https:\/\/agenciainfra.com\/blog\/#organization","name":"Ag\u00eancia iNFRA","url":"https:\/\/agenciainfra.com\/blog\/","logo":{"@type":"ImageObject","inLanguage":"pt-BR","@id":"https:\/\/agenciainfra.com\/blog\/#\/schema\/logo\/image\/","url":"https:\/\/agenciainfra.com\/blog\/wp-content\/uploads\/2023\/09\/iNFRA_5-e1761735885940.png","contentUrl":"https:\/\/agenciainfra.com\/blog\/wp-content\/uploads\/2023\/09\/iNFRA_5-e1761735885940.png","width":1672,"height":454,"caption":"Ag\u00eancia iNFRA"},"image":{"@id":"https:\/\/agenciainfra.com\/blog\/#\/schema\/logo\/image\/"},"sameAs":["https:\/\/www.facebook.com\/ageninfra","https:\/\/x.com\/agencia_infra","https:\/\/www.linkedin.com\/company\/ag\u00eanciainfra\/","https:\/\/www.instagram.com\/agenciainfra\/"]},{"@type":"Person","@id":"https:\/\/agenciainfra.com\/blog\/#\/schema\/person\/34af08dff6adea4cb22b06612ba7acfa","name":"Ag\u00eancia iNFRA","image":{"@type":"ImageObject","inLanguage":"pt-BR","@id":"https:\/\/agenciainfra.com\/blog\/#\/schema\/person\/image\/","url":"https:\/\/secure.gravatar.com\/avatar\/d189e01678f06d8eb84d4e01f08eb848b3fffe3f8443818d3c356c66892f5be8?s=96&d=mm&r=g","contentUrl":"https:\/\/secure.gravatar.com\/avatar\/d189e01678f06d8eb84d4e01f08eb848b3fffe3f8443818d3c356c66892f5be8?s=96&d=mm&r=g","caption":"Ag\u00eancia iNFRA"},"url":"https:\/\/agenciainfra.com\/blog\/author\/admin\/"}]}},"_links":{"self":[{"href":"https:\/\/agenciainfra.com\/blog\/wp-json\/wp\/v2\/posts\/22668","targetHints":{"allow":["GET"]}}],"collection":[{"href":"https:\/\/agenciainfra.com\/blog\/wp-json\/wp\/v2\/posts"}],"about":[{"href":"https:\/\/agenciainfra.com\/blog\/wp-json\/wp\/v2\/types\/post"}],"author":[{"embeddable":true,"href":"https:\/\/agenciainfra.com\/blog\/wp-json\/wp\/v2\/users\/1"}],"replies":[{"embeddable":true,"href":"https:\/\/agenciainfra.com\/blog\/wp-json\/wp\/v2\/comments?post=22668"}],"version-history":[{"count":3,"href":"https:\/\/agenciainfra.com\/blog\/wp-json\/wp\/v2\/posts\/22668\/revisions"}],"predecessor-version":[{"id":22704,"href":"https:\/\/agenciainfra.com\/blog\/wp-json\/wp\/v2\/posts\/22668\/revisions\/22704"}],"wp:featuredmedia":[{"embeddable":true,"href":"https:\/\/agenciainfra.com\/blog\/wp-json\/wp\/v2\/media\/6790"}],"wp:attachment":[{"href":"https:\/\/agenciainfra.com\/blog\/wp-json\/wp\/v2\/media?parent=22668"}],"wp:term":[{"taxonomy":"category","embeddable":true,"href":"https:\/\/agenciainfra.com\/blog\/wp-json\/wp\/v2\/categories?post=22668"},{"taxonomy":"post_tag","embeddable":true,"href":"https:\/\/agenciainfra.com\/blog\/wp-json\/wp\/v2\/tags?post=22668"}],"curies":[{"name":"wp","href":"https:\/\/api.w.org\/{rel}","templated":true}]}}