{"id":2269,"date":"2018-08-06T00:05:01","date_gmt":"2018-08-06T03:05:01","guid":{"rendered":"http:\/\/www.agenciainfra.com\/blog\/?p=2269"},"modified":"2018-08-05T23:18:59","modified_gmt":"2018-08-06T02:18:59","slug":"estatais-de-energia-em-crise-podem-mudar-desenho-do-setor","status":"publish","type":"post","link":"https:\/\/agenciainfra.com\/blog\/estatais-de-energia-em-crise-podem-mudar-desenho-do-setor\/","title":{"rendered":"Estatais de energia em crise podem mudar desenho do setor"},"content":{"rendered":"<p style=\"text-align: right;\"><strong>Natalia G\u00f3mez, para a Ag\u00eancia iNFRA<\/strong><\/p>\n<p>&nbsp;<\/p>\n<p>As empresas estatais de energia enfrentam um quadro desafiador que pode mudar a configura\u00e7\u00e3o do setor, depois que ativos importantes mudarem de m\u00e3os. Enquanto a Cesp se aproxima da sua privatiza\u00e7\u00e3o, el\u00e9tricas como a Copel e a Cemig preparam a venda de empresas para melhorar a sua situa\u00e7\u00e3o financeira, com o desafio de conseguir bons pre\u00e7os pelos ativos.<\/p>\n<p>A estatal paulista est\u00e1 mais perto da sua privatiza\u00e7\u00e3o, depois de o governo ter melhorado as condi\u00e7\u00f5es de venda. A redu\u00e7\u00e3o do pre\u00e7o por a\u00e7\u00e3o de R$ 16,80 para R$ 14,30 e a amplia\u00e7\u00e3o do contrato de concess\u00e3o da sua principal usina, a hidrel\u00e9trica de Porto Primavera, de 2028 para 2048, s\u00e3o os maiores atrativos para os potenciais compradores.<\/p>\n<p>Estas mudan\u00e7as no edital de privatiza\u00e7\u00e3o deixaram o mercado confiante de que devem aparecer interessados na Cesp desta vez, depois de a venda ter sido suspensa em 2017 por falta de compradores, de acordo com o analista da Eleven Financial Research, Igor Canan Kfouri.<\/p>\n<p><strong>Passivos judiciais de R$ 10,3 bi<\/strong><br \/>\nResta saber como os interessados v\u00e3o avaliar as incertezas enfrentadas pela Cesp no campo judicial. Por um lado, a companhia ainda tem R$ 10,3 bilh\u00f5es em conting\u00eancias judiciais no balan\u00e7o, mesmo depois de ter chegado a um acordo com o governo do Mato Grosso do Sul sobre a\u00e7\u00f5es movidas contra a Cesp.<\/p>\n<p>Ao mesmo tempo, a empresa estima que poderia receber R$ 10 bilh\u00f5es referentes a indeniza\u00e7\u00f5es por investimentos n\u00e3o amortizados em concess\u00f5es vencidas e devolvidas \u00e0 Uni\u00e3o. No edital anterior, estes poss\u00edveis ganhos ficavam nas m\u00e3os do governo paulista, mas o novo edital prev\u00ea que os ganhos ficar\u00e3o com o vencedor.<\/p>\n<p>\u201cExiste um risco significativo e tamb\u00e9m um potencial de ganho significativo. Como um comprador vai pesar estas duas quest\u00f5es \u00e9 a grande d\u00favida que ficou no momento sobre a Cesp\u201d, explica o gerente de projetos da Roland Berger, Mauro Nucci de Toledo.<br \/>\nEntre os poss\u00edveis interessados no leil\u00e3o da Cesp, marcado para 2 de outubro, s\u00e3o esperadas empresas do setor el\u00e9trico, incluindo investidores da China, e tamb\u00e9m agentes financeiros, como fundos de private equity.<\/p>\n<p><strong>Ativos \u00e0 venda<\/strong><br \/>\nA Cemig e a Copel tamb\u00e9m est\u00e3o em situa\u00e7\u00e3o dif\u00edcil, e ambas estudam vendas de ativos para melhorar a situa\u00e7\u00e3o financeira. A estatal mineira tem um programa de desinvestimentos que prev\u00ea a venda de sua fatia na Light e de v\u00e1rios outros neg\u00f3cios, como a participa\u00e7\u00e3o na hidrel\u00e9trica de Santo Ant\u00f4nio, na Renova e na Cemig Telecom.<\/p>\n<p>At\u00e9 agora, nenhuma venda saiu do papel, embora a empresa tenha declarado publicamente que a venda dos ativos \u00e9 uma necessidade. A d\u00edvida l\u00edquida da Cemig no final do primeiro trimestre deste ano era de R$ 12,8 bilh\u00f5es, sendo a maior parte com vencimento at\u00e9 2024.<\/p>\n<p>Segundo especialistas, o caos econ\u00f4mico do estado de Minas Gerais e a perda da concess\u00e3o de quatro usinas no ano passado s\u00e3o fatores que pesaram contra a Cemig, al\u00e9m de m\u00e1s escolhas feita pela gest\u00e3o da empresa, como o excesso de agressividade na compra de ativos no passado. Um dos investimentos questionados pelos analistas foi a compra da Renova Energia, que hoje enfrenta grave crise financeira e corre o risco de entrar em recupera\u00e7\u00e3o judicial.<\/p>\n<p><strong>Light \u00e9 destaque<\/strong><br \/>\nNo plano de desinvestimentos da Cemig, o ponto mais comentado \u00e9 a poss\u00edvel venda da fatia da Light, que ganhou destaque depois que os s\u00f3cios da Cemig na Light acionaram uma op\u00e7\u00e3o de venda de suas participa\u00e7\u00f5es na el\u00e9trica que obriga a Cemig a comprar suas a\u00e7\u00f5es ou encontrar um terceiro interessado at\u00e9 novembro deste ano.<\/p>\n<p>A opera\u00e7\u00e3o teria despertado o interesse de alguns compradores &#8211; como GP Investments, a italiana Enel e a Neoenergia, al\u00e9m de investidores chineses \u2013 mas nenhuma oferta recebida at\u00e9 o momento foi considerada atrativa.<\/p>\n<p><strong>Demora na venda n\u00e3o \u00e9 m\u00e1 not\u00edcia<\/strong><br \/>\nPara o s\u00f3cio da Roland Berger, Gustavo do Canto Lopes, a demora na venda n\u00e3o \u00e9 necessariamente uma m\u00e1 not\u00edcia para a Cemig. Segundo ele, existem muitas empresas tentando vender ativos no Brasil, mas est\u00e1 dif\u00edcil fechar neg\u00f3cio no cen\u00e1rio atual. \u201c\u00c9 melhor segurar o ativo do que vender barato\u201d, avalia.<\/p>\n<p>A expectativa de conseguir um pre\u00e7o elevado pela venda da fatia na Light ficou ainda maior depois que a italiana Enel pagou um valor considerado alto pela Eletropaulo, em junho deste ano, segundo o analista da Eleven Financial. \u201cSe a Eletropaulo foi esticada aos m\u00faltiplos que foi, por que n\u00e3o acreditar no potencial de valoriza\u00e7\u00e3o?\u201d, questiona.<\/p>\n<p>Na lista de desinvestimentos da estatal mineira, a opera\u00e7\u00e3o que est\u00e1 mais perto de acontecer \u00e9 a venda da Cemig Telecom, subsidi\u00e1ria de telecomunica\u00e7\u00f5es, que tem leil\u00e3o marcado para 8 de agosto. A Cemig declarou em julho que existem mais de 17 interessados na empresa.<\/p>\n<p><strong>Copel<\/strong><br \/>\nA paranaense Copel tamb\u00e9m tem um plano de desinvestimentos \u00e0 vista, embora n\u00e3o tenha detalhado ao mercado quais ativos pretende vender. A venda de ativos tem o objetivo de desalavancar a empresa, que tem d\u00edvida l\u00edquida 3,3 vezes maior que a gera\u00e7\u00e3o de caixa (Ebitda), segundo dados do primeiro trimestre deste ano.<\/p>\n<p>Em meados do ano passado, a empresa chegou a preparar uma oferta de a\u00e7\u00f5es de R$ 4 bilh\u00f5es, mas o plano n\u00e3o foi adiante devido \u00e0 rea\u00e7\u00e3o negativa do mercado, afirma a analista da Coinvalores, Sabrina Stefani Cassiano. \u201cAgora o mercado espera os pr\u00f3ximos passos, como uma emiss\u00e3o de d\u00edvida ou mesmo uma nova oferta de a\u00e7\u00f5es\u201d, afirma.<\/p>\n<p>Outro grande desafio destas companhias \u00e9 definir quais s\u00e3o as suas prioridades em termos estrat\u00e9gicos. \u201cEntender em quais \u00e1reas vale a pena crescer \u00e9 o grande desafio das empresas\u201d, avalia Lopes. Segundo ele, a entrada de novos players e a mudan\u00e7a de m\u00e3os de ativos far\u00e3o com que o setor n\u00e3o seja mais o mesmo daqui a alguns anos.<\/p>\n","protected":false},"excerpt":{"rendered":"<p>Natalia G\u00f3mez, para a Ag\u00eancia iNFRA &nbsp; As empresas estatais de energia enfrentam um quadro desafiador que pode mudar a configura\u00e7\u00e3o do setor, depois que ativos importantes mudarem de m\u00e3os. Enquanto a Cesp se aproxima da sua privatiza\u00e7\u00e3o, el\u00e9tricas como a Copel e a Cemig preparam a venda de empresas para melhorar a sua situa\u00e7\u00e3o [&hellip;]<\/p>\n","protected":false},"author":1,"featured_media":1258,"comment_status":"closed","ping_status":"open","sticky":false,"template":"","format":"standard","meta":{"_monsterinsights_skip_tracking":false,"_monsterinsights_sitenote_active":false,"_monsterinsights_sitenote_note":"","_monsterinsights_sitenote_category":0,"footnotes":""},"categories":[10],"tags":[302,534,533,535,532,531],"class_list":["post-2269","post","type-post","status-publish","format-standard","has-post-thumbnail","hentry","category-infraenergia","tag-cemig","tag-copel","tag-eletropaulo","tag-estatais-de-energia","tag-gustavo-do-canto-lopes","tag-roland-berger"],"yoast_head":"<!-- This site is optimized with the Yoast SEO Premium plugin v25.4 (Yoast SEO v26.0) - https:\/\/yoast.com\/wordpress\/plugins\/seo\/ -->\n<title>Estatais de energia em crise podem mudar desenho do setor - Ag\u00eancia iNFRA<\/title>\n<meta name=\"robots\" content=\"index, follow, max-snippet:-1, max-image-preview:large, max-video-preview:-1\" \/>\n<link rel=\"canonical\" href=\"https:\/\/agenciainfra.com\/blog\/estatais-de-energia-em-crise-podem-mudar-desenho-do-setor\/\" \/>\n<meta property=\"og:locale\" content=\"pt_BR\" \/>\n<meta property=\"og:type\" content=\"article\" \/>\n<meta property=\"og:title\" content=\"Estatais de energia em crise podem mudar desenho do setor\" \/>\n<meta property=\"og:description\" content=\"Natalia G\u00f3mez, para a Ag\u00eancia iNFRA &nbsp; As empresas estatais de energia enfrentam um quadro desafiador que pode mudar a configura\u00e7\u00e3o do setor, depois que ativos importantes mudarem de m\u00e3os. Enquanto a Cesp se aproxima da sua privatiza\u00e7\u00e3o, el\u00e9tricas como a Copel e a Cemig preparam a venda de empresas para melhorar a sua situa\u00e7\u00e3o [&hellip;]\" \/>\n<meta property=\"og:url\" content=\"https:\/\/agenciainfra.com\/blog\/estatais-de-energia-em-crise-podem-mudar-desenho-do-setor\/\" \/>\n<meta property=\"og:site_name\" content=\"Ag\u00eancia iNFRA\" \/>\n<meta property=\"article:publisher\" content=\"https:\/\/www.facebook.com\/ageninfra\" \/>\n<meta property=\"article:published_time\" content=\"2018-08-06T03:05:01+00:00\" \/>\n<meta property=\"og:image\" content=\"https:\/\/agenciainfra.com\/blog\/wp-content\/uploads\/2018\/02\/energia_marcelo_casal_ab.jpg\" \/>\n\t<meta property=\"og:image:width\" content=\"580\" \/>\n\t<meta property=\"og:image:height\" content=\"388\" \/>\n\t<meta property=\"og:image:type\" content=\"image\/jpeg\" \/>\n<meta name=\"author\" content=\"Ag\u00eancia iNFRA\" \/>\n<meta name=\"twitter:card\" content=\"summary_large_image\" \/>\n<meta name=\"twitter:creator\" content=\"@agencia_infra\" \/>\n<meta name=\"twitter:site\" content=\"@agencia_infra\" \/>\n<meta name=\"twitter:label1\" content=\"Escrito por\" \/>\n\t<meta name=\"twitter:data1\" content=\"Ag\u00eancia iNFRA\" \/>\n\t<meta name=\"twitter:label2\" content=\"Est. tempo de leitura\" \/>\n\t<meta name=\"twitter:data2\" content=\"5 minutos\" \/>\n<script type=\"application\/ld+json\" class=\"yoast-schema-graph\">{\"@context\":\"https:\/\/schema.org\",\"@graph\":[{\"@type\":\"Article\",\"@id\":\"https:\/\/agenciainfra.com\/blog\/estatais-de-energia-em-crise-podem-mudar-desenho-do-setor\/#article\",\"isPartOf\":{\"@id\":\"https:\/\/agenciainfra.com\/blog\/estatais-de-energia-em-crise-podem-mudar-desenho-do-setor\/\"},\"author\":{\"name\":\"Ag\u00eancia iNFRA\",\"@id\":\"https:\/\/agenciainfra.com\/blog\/#\/schema\/person\/34af08dff6adea4cb22b06612ba7acfa\"},\"headline\":\"Estatais de energia em crise podem mudar desenho do setor\",\"datePublished\":\"2018-08-06T03:05:01+00:00\",\"mainEntityOfPage\":{\"@id\":\"https:\/\/agenciainfra.com\/blog\/estatais-de-energia-em-crise-podem-mudar-desenho-do-setor\/\"},\"wordCount\":1036,\"publisher\":{\"@id\":\"https:\/\/agenciainfra.com\/blog\/#organization\"},\"image\":{\"@id\":\"https:\/\/agenciainfra.com\/blog\/estatais-de-energia-em-crise-podem-mudar-desenho-do-setor\/#primaryimage\"},\"thumbnailUrl\":\"https:\/\/agenciainfra.com\/blog\/wp-content\/uploads\/2018\/02\/energia_marcelo_casal_ab.jpg\",\"keywords\":[\"CEMIG\",\"Copel\",\"Eletropaulo\",\"estatais de energia\",\"Gustavo do Canto Lopes\",\"Roland Berger\"],\"articleSection\":[\"iNFRAEnergia\"],\"inLanguage\":\"pt-BR\",\"copyrightYear\":\"2018\",\"copyrightHolder\":{\"@id\":\"https:\/\/agenciainfra.com\/blog\/#organization\"}},{\"@type\":\"WebPage\",\"@id\":\"https:\/\/agenciainfra.com\/blog\/estatais-de-energia-em-crise-podem-mudar-desenho-do-setor\/\",\"url\":\"https:\/\/agenciainfra.com\/blog\/estatais-de-energia-em-crise-podem-mudar-desenho-do-setor\/\",\"name\":\"Estatais de energia em crise podem mudar desenho do setor - Ag\u00eancia iNFRA\",\"isPartOf\":{\"@id\":\"https:\/\/agenciainfra.com\/blog\/#website\"},\"primaryImageOfPage\":{\"@id\":\"https:\/\/agenciainfra.com\/blog\/estatais-de-energia-em-crise-podem-mudar-desenho-do-setor\/#primaryimage\"},\"image\":{\"@id\":\"https:\/\/agenciainfra.com\/blog\/estatais-de-energia-em-crise-podem-mudar-desenho-do-setor\/#primaryimage\"},\"thumbnailUrl\":\"https:\/\/agenciainfra.com\/blog\/wp-content\/uploads\/2018\/02\/energia_marcelo_casal_ab.jpg\",\"datePublished\":\"2018-08-06T03:05:01+00:00\",\"breadcrumb\":{\"@id\":\"https:\/\/agenciainfra.com\/blog\/estatais-de-energia-em-crise-podem-mudar-desenho-do-setor\/#breadcrumb\"},\"inLanguage\":\"pt-BR\",\"potentialAction\":[{\"@type\":\"ReadAction\",\"target\":[\"https:\/\/agenciainfra.com\/blog\/estatais-de-energia-em-crise-podem-mudar-desenho-do-setor\/\"]}]},{\"@type\":\"ImageObject\",\"inLanguage\":\"pt-BR\",\"@id\":\"https:\/\/agenciainfra.com\/blog\/estatais-de-energia-em-crise-podem-mudar-desenho-do-setor\/#primaryimage\",\"url\":\"https:\/\/agenciainfra.com\/blog\/wp-content\/uploads\/2018\/02\/energia_marcelo_casal_ab.jpg\",\"contentUrl\":\"https:\/\/agenciainfra.com\/blog\/wp-content\/uploads\/2018\/02\/energia_marcelo_casal_ab.jpg\",\"width\":580,\"height\":388,\"caption\":\"Cr\u00e9dito: Marcelo Casal\/Ag\u00eancia Brasil\"},{\"@type\":\"BreadcrumbList\",\"@id\":\"https:\/\/agenciainfra.com\/blog\/estatais-de-energia-em-crise-podem-mudar-desenho-do-setor\/#breadcrumb\",\"itemListElement\":[{\"@type\":\"ListItem\",\"position\":1,\"name\":\"In\u00edcio\",\"item\":\"https:\/\/agenciainfra.com\/blog\/\"},{\"@type\":\"ListItem\",\"position\":2,\"name\":\"Estatais de energia em crise podem mudar desenho do setor\"}]},{\"@type\":\"WebSite\",\"@id\":\"https:\/\/agenciainfra.com\/blog\/#website\",\"url\":\"https:\/\/agenciainfra.com\/blog\/\",\"name\":\"Ag\u00eancia iNFRA\",\"description\":\"Multiplataforma de informa\u00e7\u00e3o jornal\u00edstica refer\u00eancia na \u00e1rea de infraestrutura no Brasil!\",\"publisher\":{\"@id\":\"https:\/\/agenciainfra.com\/blog\/#organization\"},\"potentialAction\":[{\"@type\":\"SearchAction\",\"target\":{\"@type\":\"EntryPoint\",\"urlTemplate\":\"https:\/\/agenciainfra.com\/blog\/?s={search_term_string}\"},\"query-input\":{\"@type\":\"PropertyValueSpecification\",\"valueRequired\":true,\"valueName\":\"search_term_string\"}}],\"inLanguage\":\"pt-BR\"},{\"@type\":\"Organization\",\"@id\":\"https:\/\/agenciainfra.com\/blog\/#organization\",\"name\":\"Ag\u00eancia iNFRA\",\"url\":\"https:\/\/agenciainfra.com\/blog\/\",\"logo\":{\"@type\":\"ImageObject\",\"inLanguage\":\"pt-BR\",\"@id\":\"https:\/\/agenciainfra.com\/blog\/#\/schema\/logo\/image\/\",\"url\":\"https:\/\/agenciainfra.com\/blog\/wp-content\/uploads\/2023\/09\/iNFRA_5-e1761735885940.png\",\"contentUrl\":\"https:\/\/agenciainfra.com\/blog\/wp-content\/uploads\/2023\/09\/iNFRA_5-e1761735885940.png\",\"width\":1672,\"height\":454,\"caption\":\"Ag\u00eancia iNFRA\"},\"image\":{\"@id\":\"https:\/\/agenciainfra.com\/blog\/#\/schema\/logo\/image\/\"},\"sameAs\":[\"https:\/\/www.facebook.com\/ageninfra\",\"https:\/\/x.com\/agencia_infra\",\"https:\/\/www.linkedin.com\/company\/ag\u00eanciainfra\/\",\"https:\/\/www.instagram.com\/agenciainfra\/\"]},{\"@type\":\"Person\",\"@id\":\"https:\/\/agenciainfra.com\/blog\/#\/schema\/person\/34af08dff6adea4cb22b06612ba7acfa\",\"name\":\"Ag\u00eancia iNFRA\",\"image\":{\"@type\":\"ImageObject\",\"inLanguage\":\"pt-BR\",\"@id\":\"https:\/\/agenciainfra.com\/blog\/#\/schema\/person\/image\/\",\"url\":\"https:\/\/secure.gravatar.com\/avatar\/d189e01678f06d8eb84d4e01f08eb848b3fffe3f8443818d3c356c66892f5be8?s=96&d=mm&r=g\",\"contentUrl\":\"https:\/\/secure.gravatar.com\/avatar\/d189e01678f06d8eb84d4e01f08eb848b3fffe3f8443818d3c356c66892f5be8?s=96&d=mm&r=g\",\"caption\":\"Ag\u00eancia iNFRA\"},\"url\":\"https:\/\/agenciainfra.com\/blog\/author\/admin\/\"}]}<\/script>\n<!-- \/ Yoast SEO Premium plugin. -->","yoast_head_json":{"title":"Estatais de energia em crise podem mudar desenho do setor - Ag\u00eancia iNFRA","robots":{"index":"index","follow":"follow","max-snippet":"max-snippet:-1","max-image-preview":"max-image-preview:large","max-video-preview":"max-video-preview:-1"},"canonical":"https:\/\/agenciainfra.com\/blog\/estatais-de-energia-em-crise-podem-mudar-desenho-do-setor\/","og_locale":"pt_BR","og_type":"article","og_title":"Estatais de energia em crise podem mudar desenho do setor","og_description":"Natalia G\u00f3mez, para a Ag\u00eancia iNFRA &nbsp; As empresas estatais de energia enfrentam um quadro desafiador que pode mudar a configura\u00e7\u00e3o do setor, depois que ativos importantes mudarem de m\u00e3os. Enquanto a Cesp se aproxima da sua privatiza\u00e7\u00e3o, el\u00e9tricas como a Copel e a Cemig preparam a venda de empresas para melhorar a sua situa\u00e7\u00e3o [&hellip;]","og_url":"https:\/\/agenciainfra.com\/blog\/estatais-de-energia-em-crise-podem-mudar-desenho-do-setor\/","og_site_name":"Ag\u00eancia iNFRA","article_publisher":"https:\/\/www.facebook.com\/ageninfra","article_published_time":"2018-08-06T03:05:01+00:00","og_image":[{"width":580,"height":388,"url":"https:\/\/agenciainfra.com\/blog\/wp-content\/uploads\/2018\/02\/energia_marcelo_casal_ab.jpg","type":"image\/jpeg"}],"author":"Ag\u00eancia iNFRA","twitter_card":"summary_large_image","twitter_creator":"@agencia_infra","twitter_site":"@agencia_infra","twitter_misc":{"Escrito por":"Ag\u00eancia iNFRA","Est. tempo de leitura":"5 minutos"},"schema":{"@context":"https:\/\/schema.org","@graph":[{"@type":"Article","@id":"https:\/\/agenciainfra.com\/blog\/estatais-de-energia-em-crise-podem-mudar-desenho-do-setor\/#article","isPartOf":{"@id":"https:\/\/agenciainfra.com\/blog\/estatais-de-energia-em-crise-podem-mudar-desenho-do-setor\/"},"author":{"name":"Ag\u00eancia iNFRA","@id":"https:\/\/agenciainfra.com\/blog\/#\/schema\/person\/34af08dff6adea4cb22b06612ba7acfa"},"headline":"Estatais de energia em crise podem mudar desenho do setor","datePublished":"2018-08-06T03:05:01+00:00","mainEntityOfPage":{"@id":"https:\/\/agenciainfra.com\/blog\/estatais-de-energia-em-crise-podem-mudar-desenho-do-setor\/"},"wordCount":1036,"publisher":{"@id":"https:\/\/agenciainfra.com\/blog\/#organization"},"image":{"@id":"https:\/\/agenciainfra.com\/blog\/estatais-de-energia-em-crise-podem-mudar-desenho-do-setor\/#primaryimage"},"thumbnailUrl":"https:\/\/agenciainfra.com\/blog\/wp-content\/uploads\/2018\/02\/energia_marcelo_casal_ab.jpg","keywords":["CEMIG","Copel","Eletropaulo","estatais de energia","Gustavo do Canto Lopes","Roland Berger"],"articleSection":["iNFRAEnergia"],"inLanguage":"pt-BR","copyrightYear":"2018","copyrightHolder":{"@id":"https:\/\/agenciainfra.com\/blog\/#organization"}},{"@type":"WebPage","@id":"https:\/\/agenciainfra.com\/blog\/estatais-de-energia-em-crise-podem-mudar-desenho-do-setor\/","url":"https:\/\/agenciainfra.com\/blog\/estatais-de-energia-em-crise-podem-mudar-desenho-do-setor\/","name":"Estatais de energia em crise podem mudar desenho do setor - Ag\u00eancia iNFRA","isPartOf":{"@id":"https:\/\/agenciainfra.com\/blog\/#website"},"primaryImageOfPage":{"@id":"https:\/\/agenciainfra.com\/blog\/estatais-de-energia-em-crise-podem-mudar-desenho-do-setor\/#primaryimage"},"image":{"@id":"https:\/\/agenciainfra.com\/blog\/estatais-de-energia-em-crise-podem-mudar-desenho-do-setor\/#primaryimage"},"thumbnailUrl":"https:\/\/agenciainfra.com\/blog\/wp-content\/uploads\/2018\/02\/energia_marcelo_casal_ab.jpg","datePublished":"2018-08-06T03:05:01+00:00","breadcrumb":{"@id":"https:\/\/agenciainfra.com\/blog\/estatais-de-energia-em-crise-podem-mudar-desenho-do-setor\/#breadcrumb"},"inLanguage":"pt-BR","potentialAction":[{"@type":"ReadAction","target":["https:\/\/agenciainfra.com\/blog\/estatais-de-energia-em-crise-podem-mudar-desenho-do-setor\/"]}]},{"@type":"ImageObject","inLanguage":"pt-BR","@id":"https:\/\/agenciainfra.com\/blog\/estatais-de-energia-em-crise-podem-mudar-desenho-do-setor\/#primaryimage","url":"https:\/\/agenciainfra.com\/blog\/wp-content\/uploads\/2018\/02\/energia_marcelo_casal_ab.jpg","contentUrl":"https:\/\/agenciainfra.com\/blog\/wp-content\/uploads\/2018\/02\/energia_marcelo_casal_ab.jpg","width":580,"height":388,"caption":"Cr\u00e9dito: Marcelo Casal\/Ag\u00eancia Brasil"},{"@type":"BreadcrumbList","@id":"https:\/\/agenciainfra.com\/blog\/estatais-de-energia-em-crise-podem-mudar-desenho-do-setor\/#breadcrumb","itemListElement":[{"@type":"ListItem","position":1,"name":"In\u00edcio","item":"https:\/\/agenciainfra.com\/blog\/"},{"@type":"ListItem","position":2,"name":"Estatais de energia em crise podem mudar desenho do setor"}]},{"@type":"WebSite","@id":"https:\/\/agenciainfra.com\/blog\/#website","url":"https:\/\/agenciainfra.com\/blog\/","name":"Ag\u00eancia iNFRA","description":"Multiplataforma de informa\u00e7\u00e3o jornal\u00edstica refer\u00eancia na \u00e1rea de infraestrutura no Brasil!","publisher":{"@id":"https:\/\/agenciainfra.com\/blog\/#organization"},"potentialAction":[{"@type":"SearchAction","target":{"@type":"EntryPoint","urlTemplate":"https:\/\/agenciainfra.com\/blog\/?s={search_term_string}"},"query-input":{"@type":"PropertyValueSpecification","valueRequired":true,"valueName":"search_term_string"}}],"inLanguage":"pt-BR"},{"@type":"Organization","@id":"https:\/\/agenciainfra.com\/blog\/#organization","name":"Ag\u00eancia iNFRA","url":"https:\/\/agenciainfra.com\/blog\/","logo":{"@type":"ImageObject","inLanguage":"pt-BR","@id":"https:\/\/agenciainfra.com\/blog\/#\/schema\/logo\/image\/","url":"https:\/\/agenciainfra.com\/blog\/wp-content\/uploads\/2023\/09\/iNFRA_5-e1761735885940.png","contentUrl":"https:\/\/agenciainfra.com\/blog\/wp-content\/uploads\/2023\/09\/iNFRA_5-e1761735885940.png","width":1672,"height":454,"caption":"Ag\u00eancia iNFRA"},"image":{"@id":"https:\/\/agenciainfra.com\/blog\/#\/schema\/logo\/image\/"},"sameAs":["https:\/\/www.facebook.com\/ageninfra","https:\/\/x.com\/agencia_infra","https:\/\/www.linkedin.com\/company\/ag\u00eanciainfra\/","https:\/\/www.instagram.com\/agenciainfra\/"]},{"@type":"Person","@id":"https:\/\/agenciainfra.com\/blog\/#\/schema\/person\/34af08dff6adea4cb22b06612ba7acfa","name":"Ag\u00eancia iNFRA","image":{"@type":"ImageObject","inLanguage":"pt-BR","@id":"https:\/\/agenciainfra.com\/blog\/#\/schema\/person\/image\/","url":"https:\/\/secure.gravatar.com\/avatar\/d189e01678f06d8eb84d4e01f08eb848b3fffe3f8443818d3c356c66892f5be8?s=96&d=mm&r=g","contentUrl":"https:\/\/secure.gravatar.com\/avatar\/d189e01678f06d8eb84d4e01f08eb848b3fffe3f8443818d3c356c66892f5be8?s=96&d=mm&r=g","caption":"Ag\u00eancia iNFRA"},"url":"https:\/\/agenciainfra.com\/blog\/author\/admin\/"}]}},"_links":{"self":[{"href":"https:\/\/agenciainfra.com\/blog\/wp-json\/wp\/v2\/posts\/2269","targetHints":{"allow":["GET"]}}],"collection":[{"href":"https:\/\/agenciainfra.com\/blog\/wp-json\/wp\/v2\/posts"}],"about":[{"href":"https:\/\/agenciainfra.com\/blog\/wp-json\/wp\/v2\/types\/post"}],"author":[{"embeddable":true,"href":"https:\/\/agenciainfra.com\/blog\/wp-json\/wp\/v2\/users\/1"}],"replies":[{"embeddable":true,"href":"https:\/\/agenciainfra.com\/blog\/wp-json\/wp\/v2\/comments?post=2269"}],"version-history":[{"count":0,"href":"https:\/\/agenciainfra.com\/blog\/wp-json\/wp\/v2\/posts\/2269\/revisions"}],"wp:featuredmedia":[{"embeddable":true,"href":"https:\/\/agenciainfra.com\/blog\/wp-json\/wp\/v2\/media\/1258"}],"wp:attachment":[{"href":"https:\/\/agenciainfra.com\/blog\/wp-json\/wp\/v2\/media?parent=2269"}],"wp:term":[{"taxonomy":"category","embeddable":true,"href":"https:\/\/agenciainfra.com\/blog\/wp-json\/wp\/v2\/categories?post=2269"},{"taxonomy":"post_tag","embeddable":true,"href":"https:\/\/agenciainfra.com\/blog\/wp-json\/wp\/v2\/tags?post=2269"}],"curies":[{"name":"wp","href":"https:\/\/api.w.org\/{rel}","templated":true}]}}