{"id":22696,"date":"2025-06-10T21:03:07","date_gmt":"2025-06-11T00:03:07","guid":{"rendered":"https:\/\/agenciainfra.com\/blog\/?p=22696"},"modified":"2025-06-11T17:43:00","modified_gmt":"2025-06-11T20:43:00","slug":"magda-diz-que-so-vai-olhar-para-pl-que-extingue-direito-de-preferencia-da-petrobras-no-pre-sal-quando-avancar-mais","status":"publish","type":"post","link":"https:\/\/agenciainfra.com\/blog\/magda-diz-que-so-vai-olhar-para-pl-que-extingue-direito-de-preferencia-da-petrobras-no-pre-sal-quando-avancar-mais\/","title":{"rendered":"Magda diz que s\u00f3 vai olhar para PL que extingue direito de prefer\u00eancia da Petrobras no pr\u00e9-sal quando &#8220;avan\u00e7ar mais&#8221;"},"content":{"rendered":"\n<p class=\"has-text-align-right\"><strong>Gabriel Vasconcelos e Marisa Wanzeller, da Ag\u00eancia iNFRA<\/strong><\/p>\n\n\n\n<p>A presidente da Petrobras, Magda Chambriard, disse que s\u00f3 vai olhar para o <a href=\"https:\/\/www25.senado.leg.br\/web\/atividade\/materias\/-\/materia\/137007\">PL (Projeto de Lei) 3.178\/2019<\/a>, que acaba com o direito de prefer\u00eancia da Petrobras na explora\u00e7\u00e3o do pr\u00e9-sal, quando o texto avan\u00e7ar mais no Congresso Nacional.<\/p>\n\n\n\n<p>O PL em quest\u00e3o foi aprovado nesta ter\u00e7a-feira (10) na CI (Comiss\u00e3o de Servi\u00e7os de Infraestrutura) do Senado. O relat\u00f3rio do senador Marcos Rog\u00e9rio (PL-RO) foi aprovado em vota\u00e7\u00e3o simb\u00f3lica e agora a mat\u00e9ria segue para a CAE (Comiss\u00e3o de Assuntos Econ\u00f4micos).<\/p>\n\n\n\n<p>\u201cS\u00f3 vou olhar quando ele [o PL] tiver avan\u00e7ado mais um pouquinho\u201d, disse Magda.<\/p>\n\n\n\n<p>Interpelada a este respeito, uma fonte da alta administra\u00e7\u00e3o da Petrobras disse \u00e0 <strong>Ag\u00eancia iNFRA<\/strong> que, caso a mudan\u00e7a nas regras seja aprovada pelo Congresso a essa altura da explora\u00e7\u00e3o do pr\u00e9-sal, o impacto para a Petrobras seria \u201climitado\u201d porque a maior parte das reservas do pol\u00edgono j\u00e1 foram destinadas e tem explora\u00e7\u00e3o em curso. \u201cSe isso fosse h\u00e1 15 anos atr\u00e1s, teria impacto enorme para a Petrobras. Mas, hoje, a maior impactada \u00e9 a Uni\u00e3o, que deve se opor\u201d, disse a fonte.<\/p>\n\n\n\n<p>O PL aponta que o direito de prefer\u00eancia da Petrobras acarreta na redu\u00e7\u00e3o da concorr\u00eancia em leil\u00f5es, o que \u201cresulta em excedente em \u00f3leo para a Uni\u00e3o mais baixo do que poderia ser ofertado num certame em igualdade de condi\u00e7\u00f5es\u201d. O projeto ainda autoriza que blocos do pr\u00e9-sal de menor potencial produtivo sejam licitados no regime de concess\u00e3o, n\u00e3o apenas no regime de partilha, conforme previsto na legisla\u00e7\u00e3o vigente. A proposta \u00e9 que o regime seja escolhido caso a caso, conforme o bloco, no lugar da obrigatoriedade do regime de partilha.<\/p>\n","protected":false},"excerpt":{"rendered":"<p>Gabriel Vasconcelos e Marisa Wanzeller, da Ag\u00eancia iNFRA A presidente da Petrobras, Magda Chambriard, disse que s\u00f3 vai olhar para o PL (Projeto de Lei) 3.178\/2019, que acaba com o direito de prefer\u00eancia da Petrobras na explora\u00e7\u00e3o do pr\u00e9-sal, quando o texto avan\u00e7ar mais no Congresso Nacional. O PL em quest\u00e3o foi aprovado nesta ter\u00e7a-feira [&hellip;]<\/p>\n","protected":false},"author":1,"featured_media":22697,"comment_status":"closed","ping_status":"closed","sticky":false,"template":"","format":"standard","meta":{"_monsterinsights_skip_tracking":false,"_monsterinsights_sitenote_active":false,"_monsterinsights_sitenote_note":"","_monsterinsights_sitenote_category":0,"footnotes":""},"categories":[1,13271],"tags":[7551,13251,9446,1193,7366,143,13711,344],"class_list":["post-22696","post","type-post","status-publish","format-standard","has-post-thumbnail","hentry","category-geral","category-oleo-gas","tag-direito-de-preferencia","tag-gabriel-vasconcelos","tag-magda-chambriard","tag-marcos-rogerio","tag-marisa-wanzeller","tag-petrobras","tag-pl-3-178-2019","tag-pre-sal"],"yoast_head":"<!-- This site is optimized with the Yoast SEO Premium plugin v25.4 (Yoast SEO v26.0) - https:\/\/yoast.com\/wordpress\/plugins\/seo\/ -->\n<title>Magda diz que s\u00f3 vai olhar para PL que extingue direito de prefer\u00eancia da Petrobras no pr\u00e9-sal quando &quot;avan\u00e7ar mais&quot; - Ag\u00eancia iNFRA<\/title>\n<meta name=\"robots\" content=\"index, follow, max-snippet:-1, max-image-preview:large, max-video-preview:-1\" \/>\n<link rel=\"canonical\" href=\"https:\/\/agenciainfra.com\/blog\/magda-diz-que-so-vai-olhar-para-pl-que-extingue-direito-de-preferencia-da-petrobras-no-pre-sal-quando-avancar-mais\/\" \/>\n<meta property=\"og:locale\" content=\"pt_BR\" \/>\n<meta property=\"og:type\" content=\"article\" \/>\n<meta property=\"og:title\" content=\"Magda diz que s\u00f3 vai olhar para PL que extingue direito de prefer\u00eancia da Petrobras no pr\u00e9-sal quando &quot;avan\u00e7ar mais&quot;\" \/>\n<meta property=\"og:description\" content=\"Gabriel Vasconcelos e Marisa Wanzeller, da Ag\u00eancia iNFRA A presidente da Petrobras, Magda Chambriard, disse que s\u00f3 vai olhar para o PL (Projeto de Lei) 3.178\/2019, que acaba com o direito de prefer\u00eancia da Petrobras na explora\u00e7\u00e3o do pr\u00e9-sal, quando o texto avan\u00e7ar mais no Congresso Nacional. O PL em quest\u00e3o foi aprovado nesta ter\u00e7a-feira [&hellip;]\" \/>\n<meta property=\"og:url\" content=\"https:\/\/agenciainfra.com\/blog\/magda-diz-que-so-vai-olhar-para-pl-que-extingue-direito-de-preferencia-da-petrobras-no-pre-sal-quando-avancar-mais\/\" \/>\n<meta property=\"og:site_name\" content=\"Ag\u00eancia iNFRA\" \/>\n<meta property=\"article:publisher\" content=\"https:\/\/www.facebook.com\/ageninfra\" \/>\n<meta property=\"article:published_time\" content=\"2025-06-11T00:03:07+00:00\" \/>\n<meta property=\"article:modified_time\" content=\"2025-06-11T20:43:00+00:00\" \/>\n<meta property=\"og:image\" content=\"https:\/\/agenciainfra.com\/blog\/wp-content\/uploads\/2025\/06\/magda-chambriard-foto-rafa-pereira-petrobras.jpg\" \/>\n\t<meta property=\"og:image:width\" content=\"1280\" \/>\n\t<meta property=\"og:image:height\" content=\"853\" \/>\n\t<meta property=\"og:image:type\" content=\"image\/jpeg\" \/>\n<meta name=\"author\" content=\"Ag\u00eancia iNFRA\" \/>\n<meta name=\"twitter:card\" content=\"summary_large_image\" \/>\n<meta name=\"twitter:creator\" content=\"@agencia_infra\" \/>\n<meta name=\"twitter:site\" content=\"@agencia_infra\" \/>\n<meta name=\"twitter:label1\" content=\"Escrito por\" \/>\n\t<meta name=\"twitter:data1\" content=\"Ag\u00eancia iNFRA\" \/>\n\t<meta name=\"twitter:label2\" content=\"Est. tempo de leitura\" \/>\n\t<meta name=\"twitter:data2\" content=\"2 minutos\" \/>\n<script type=\"application\/ld+json\" class=\"yoast-schema-graph\">{\"@context\":\"https:\/\/schema.org\",\"@graph\":[{\"@type\":\"Article\",\"@id\":\"https:\/\/agenciainfra.com\/blog\/magda-diz-que-so-vai-olhar-para-pl-que-extingue-direito-de-preferencia-da-petrobras-no-pre-sal-quando-avancar-mais\/#article\",\"isPartOf\":{\"@id\":\"https:\/\/agenciainfra.com\/blog\/magda-diz-que-so-vai-olhar-para-pl-que-extingue-direito-de-preferencia-da-petrobras-no-pre-sal-quando-avancar-mais\/\"},\"author\":{\"name\":\"Ag\u00eancia iNFRA\",\"@id\":\"https:\/\/agenciainfra.com\/blog\/#\/schema\/person\/34af08dff6adea4cb22b06612ba7acfa\"},\"headline\":\"Magda diz que s\u00f3 vai olhar para PL que extingue direito de prefer\u00eancia da Petrobras no pr\u00e9-sal quando &#8220;avan\u00e7ar mais&#8221;\",\"datePublished\":\"2025-06-11T00:03:07+00:00\",\"dateModified\":\"2025-06-11T20:43:00+00:00\",\"mainEntityOfPage\":{\"@id\":\"https:\/\/agenciainfra.com\/blog\/magda-diz-que-so-vai-olhar-para-pl-que-extingue-direito-de-preferencia-da-petrobras-no-pre-sal-quando-avancar-mais\/\"},\"wordCount\":330,\"publisher\":{\"@id\":\"https:\/\/agenciainfra.com\/blog\/#organization\"},\"image\":{\"@id\":\"https:\/\/agenciainfra.com\/blog\/magda-diz-que-so-vai-olhar-para-pl-que-extingue-direito-de-preferencia-da-petrobras-no-pre-sal-quando-avancar-mais\/#primaryimage\"},\"thumbnailUrl\":\"https:\/\/agenciainfra.com\/blog\/wp-content\/uploads\/2025\/06\/magda-chambriard-foto-rafa-pereira-petrobras.jpg\",\"keywords\":[\"direito de prefer\u00eancia\",\"Gabriel Vasconcelos\",\"Magda Chambriard\",\"Marcos Rog\u00e9rio\",\"Marisa Wanzeller\",\"Petrobras\",\"PL 3.178\/2019\",\"pr\u00e9-sal\"],\"articleSection\":[\"Geral\",\"\u00d3leo &amp; G\u00e1s\"],\"inLanguage\":\"pt-BR\",\"copyrightYear\":\"2025\",\"copyrightHolder\":{\"@id\":\"https:\/\/agenciainfra.com\/blog\/#organization\"}},{\"@type\":\"WebPage\",\"@id\":\"https:\/\/agenciainfra.com\/blog\/magda-diz-que-so-vai-olhar-para-pl-que-extingue-direito-de-preferencia-da-petrobras-no-pre-sal-quando-avancar-mais\/\",\"url\":\"https:\/\/agenciainfra.com\/blog\/magda-diz-que-so-vai-olhar-para-pl-que-extingue-direito-de-preferencia-da-petrobras-no-pre-sal-quando-avancar-mais\/\",\"name\":\"Magda diz que s\u00f3 vai olhar para PL que extingue direito de prefer\u00eancia da Petrobras no pr\u00e9-sal quando \\\"avan\u00e7ar mais\\\" - Ag\u00eancia iNFRA\",\"isPartOf\":{\"@id\":\"https:\/\/agenciainfra.com\/blog\/#website\"},\"primaryImageOfPage\":{\"@id\":\"https:\/\/agenciainfra.com\/blog\/magda-diz-que-so-vai-olhar-para-pl-que-extingue-direito-de-preferencia-da-petrobras-no-pre-sal-quando-avancar-mais\/#primaryimage\"},\"image\":{\"@id\":\"https:\/\/agenciainfra.com\/blog\/magda-diz-que-so-vai-olhar-para-pl-que-extingue-direito-de-preferencia-da-petrobras-no-pre-sal-quando-avancar-mais\/#primaryimage\"},\"thumbnailUrl\":\"https:\/\/agenciainfra.com\/blog\/wp-content\/uploads\/2025\/06\/magda-chambriard-foto-rafa-pereira-petrobras.jpg\",\"datePublished\":\"2025-06-11T00:03:07+00:00\",\"dateModified\":\"2025-06-11T20:43:00+00:00\",\"breadcrumb\":{\"@id\":\"https:\/\/agenciainfra.com\/blog\/magda-diz-que-so-vai-olhar-para-pl-que-extingue-direito-de-preferencia-da-petrobras-no-pre-sal-quando-avancar-mais\/#breadcrumb\"},\"inLanguage\":\"pt-BR\",\"potentialAction\":[{\"@type\":\"ReadAction\",\"target\":[\"https:\/\/agenciainfra.com\/blog\/magda-diz-que-so-vai-olhar-para-pl-que-extingue-direito-de-preferencia-da-petrobras-no-pre-sal-quando-avancar-mais\/\"]}]},{\"@type\":\"ImageObject\",\"inLanguage\":\"pt-BR\",\"@id\":\"https:\/\/agenciainfra.com\/blog\/magda-diz-que-so-vai-olhar-para-pl-que-extingue-direito-de-preferencia-da-petrobras-no-pre-sal-quando-avancar-mais\/#primaryimage\",\"url\":\"https:\/\/agenciainfra.com\/blog\/wp-content\/uploads\/2025\/06\/magda-chambriard-foto-rafa-pereira-petrobras.jpg\",\"contentUrl\":\"https:\/\/agenciainfra.com\/blog\/wp-content\/uploads\/2025\/06\/magda-chambriard-foto-rafa-pereira-petrobras.jpg\",\"width\":1280,\"height\":853,\"caption\":\"Foto: Rafael Pereira\/Petrobras\"},{\"@type\":\"BreadcrumbList\",\"@id\":\"https:\/\/agenciainfra.com\/blog\/magda-diz-que-so-vai-olhar-para-pl-que-extingue-direito-de-preferencia-da-petrobras-no-pre-sal-quando-avancar-mais\/#breadcrumb\",\"itemListElement\":[{\"@type\":\"ListItem\",\"position\":1,\"name\":\"In\u00edcio\",\"item\":\"https:\/\/agenciainfra.com\/blog\/\"},{\"@type\":\"ListItem\",\"position\":2,\"name\":\"Magda diz que s\u00f3 vai olhar para PL que extingue direito de prefer\u00eancia da Petrobras no pr\u00e9-sal quando &#8220;avan\u00e7ar mais&#8221;\"}]},{\"@type\":\"WebSite\",\"@id\":\"https:\/\/agenciainfra.com\/blog\/#website\",\"url\":\"https:\/\/agenciainfra.com\/blog\/\",\"name\":\"Ag\u00eancia iNFRA\",\"description\":\"Multiplataforma de informa\u00e7\u00e3o jornal\u00edstica refer\u00eancia na \u00e1rea de infraestrutura no Brasil!\",\"publisher\":{\"@id\":\"https:\/\/agenciainfra.com\/blog\/#organization\"},\"potentialAction\":[{\"@type\":\"SearchAction\",\"target\":{\"@type\":\"EntryPoint\",\"urlTemplate\":\"https:\/\/agenciainfra.com\/blog\/?s={search_term_string}\"},\"query-input\":{\"@type\":\"PropertyValueSpecification\",\"valueRequired\":true,\"valueName\":\"search_term_string\"}}],\"inLanguage\":\"pt-BR\"},{\"@type\":\"Organization\",\"@id\":\"https:\/\/agenciainfra.com\/blog\/#organization\",\"name\":\"Ag\u00eancia iNFRA\",\"url\":\"https:\/\/agenciainfra.com\/blog\/\",\"logo\":{\"@type\":\"ImageObject\",\"inLanguage\":\"pt-BR\",\"@id\":\"https:\/\/agenciainfra.com\/blog\/#\/schema\/logo\/image\/\",\"url\":\"https:\/\/agenciainfra.com\/blog\/wp-content\/uploads\/2023\/09\/iNFRA_5-e1761735885940.png\",\"contentUrl\":\"https:\/\/agenciainfra.com\/blog\/wp-content\/uploads\/2023\/09\/iNFRA_5-e1761735885940.png\",\"width\":1672,\"height\":454,\"caption\":\"Ag\u00eancia iNFRA\"},\"image\":{\"@id\":\"https:\/\/agenciainfra.com\/blog\/#\/schema\/logo\/image\/\"},\"sameAs\":[\"https:\/\/www.facebook.com\/ageninfra\",\"https:\/\/x.com\/agencia_infra\",\"https:\/\/www.linkedin.com\/company\/ag\u00eanciainfra\/\",\"https:\/\/www.instagram.com\/agenciainfra\/\"]},{\"@type\":\"Person\",\"@id\":\"https:\/\/agenciainfra.com\/blog\/#\/schema\/person\/34af08dff6adea4cb22b06612ba7acfa\",\"name\":\"Ag\u00eancia iNFRA\",\"image\":{\"@type\":\"ImageObject\",\"inLanguage\":\"pt-BR\",\"@id\":\"https:\/\/agenciainfra.com\/blog\/#\/schema\/person\/image\/\",\"url\":\"https:\/\/secure.gravatar.com\/avatar\/d189e01678f06d8eb84d4e01f08eb848b3fffe3f8443818d3c356c66892f5be8?s=96&d=mm&r=g\",\"contentUrl\":\"https:\/\/secure.gravatar.com\/avatar\/d189e01678f06d8eb84d4e01f08eb848b3fffe3f8443818d3c356c66892f5be8?s=96&d=mm&r=g\",\"caption\":\"Ag\u00eancia iNFRA\"},\"url\":\"https:\/\/agenciainfra.com\/blog\/author\/admin\/\"}]}<\/script>\n<!-- \/ Yoast SEO Premium plugin. -->","yoast_head_json":{"title":"Magda diz que s\u00f3 vai olhar para PL que extingue direito de prefer\u00eancia da Petrobras no pr\u00e9-sal quando \"avan\u00e7ar mais\" - Ag\u00eancia iNFRA","robots":{"index":"index","follow":"follow","max-snippet":"max-snippet:-1","max-image-preview":"max-image-preview:large","max-video-preview":"max-video-preview:-1"},"canonical":"https:\/\/agenciainfra.com\/blog\/magda-diz-que-so-vai-olhar-para-pl-que-extingue-direito-de-preferencia-da-petrobras-no-pre-sal-quando-avancar-mais\/","og_locale":"pt_BR","og_type":"article","og_title":"Magda diz que s\u00f3 vai olhar para PL que extingue direito de prefer\u00eancia da Petrobras no pr\u00e9-sal quando \"avan\u00e7ar mais\"","og_description":"Gabriel Vasconcelos e Marisa Wanzeller, da Ag\u00eancia iNFRA A presidente da Petrobras, Magda Chambriard, disse que s\u00f3 vai olhar para o PL (Projeto de Lei) 3.178\/2019, que acaba com o direito de prefer\u00eancia da Petrobras na explora\u00e7\u00e3o do pr\u00e9-sal, quando o texto avan\u00e7ar mais no Congresso Nacional. O PL em quest\u00e3o foi aprovado nesta ter\u00e7a-feira [&hellip;]","og_url":"https:\/\/agenciainfra.com\/blog\/magda-diz-que-so-vai-olhar-para-pl-que-extingue-direito-de-preferencia-da-petrobras-no-pre-sal-quando-avancar-mais\/","og_site_name":"Ag\u00eancia iNFRA","article_publisher":"https:\/\/www.facebook.com\/ageninfra","article_published_time":"2025-06-11T00:03:07+00:00","article_modified_time":"2025-06-11T20:43:00+00:00","og_image":[{"width":1280,"height":853,"url":"https:\/\/agenciainfra.com\/blog\/wp-content\/uploads\/2025\/06\/magda-chambriard-foto-rafa-pereira-petrobras.jpg","type":"image\/jpeg"}],"author":"Ag\u00eancia iNFRA","twitter_card":"summary_large_image","twitter_creator":"@agencia_infra","twitter_site":"@agencia_infra","twitter_misc":{"Escrito por":"Ag\u00eancia iNFRA","Est. tempo de leitura":"2 minutos"},"schema":{"@context":"https:\/\/schema.org","@graph":[{"@type":"Article","@id":"https:\/\/agenciainfra.com\/blog\/magda-diz-que-so-vai-olhar-para-pl-que-extingue-direito-de-preferencia-da-petrobras-no-pre-sal-quando-avancar-mais\/#article","isPartOf":{"@id":"https:\/\/agenciainfra.com\/blog\/magda-diz-que-so-vai-olhar-para-pl-que-extingue-direito-de-preferencia-da-petrobras-no-pre-sal-quando-avancar-mais\/"},"author":{"name":"Ag\u00eancia iNFRA","@id":"https:\/\/agenciainfra.com\/blog\/#\/schema\/person\/34af08dff6adea4cb22b06612ba7acfa"},"headline":"Magda diz que s\u00f3 vai olhar para PL que extingue direito de prefer\u00eancia da Petrobras no pr\u00e9-sal quando &#8220;avan\u00e7ar mais&#8221;","datePublished":"2025-06-11T00:03:07+00:00","dateModified":"2025-06-11T20:43:00+00:00","mainEntityOfPage":{"@id":"https:\/\/agenciainfra.com\/blog\/magda-diz-que-so-vai-olhar-para-pl-que-extingue-direito-de-preferencia-da-petrobras-no-pre-sal-quando-avancar-mais\/"},"wordCount":330,"publisher":{"@id":"https:\/\/agenciainfra.com\/blog\/#organization"},"image":{"@id":"https:\/\/agenciainfra.com\/blog\/magda-diz-que-so-vai-olhar-para-pl-que-extingue-direito-de-preferencia-da-petrobras-no-pre-sal-quando-avancar-mais\/#primaryimage"},"thumbnailUrl":"https:\/\/agenciainfra.com\/blog\/wp-content\/uploads\/2025\/06\/magda-chambriard-foto-rafa-pereira-petrobras.jpg","keywords":["direito de prefer\u00eancia","Gabriel Vasconcelos","Magda Chambriard","Marcos Rog\u00e9rio","Marisa Wanzeller","Petrobras","PL 3.178\/2019","pr\u00e9-sal"],"articleSection":["Geral","\u00d3leo &amp; G\u00e1s"],"inLanguage":"pt-BR","copyrightYear":"2025","copyrightHolder":{"@id":"https:\/\/agenciainfra.com\/blog\/#organization"}},{"@type":"WebPage","@id":"https:\/\/agenciainfra.com\/blog\/magda-diz-que-so-vai-olhar-para-pl-que-extingue-direito-de-preferencia-da-petrobras-no-pre-sal-quando-avancar-mais\/","url":"https:\/\/agenciainfra.com\/blog\/magda-diz-que-so-vai-olhar-para-pl-que-extingue-direito-de-preferencia-da-petrobras-no-pre-sal-quando-avancar-mais\/","name":"Magda diz que s\u00f3 vai olhar para PL que extingue direito de prefer\u00eancia da Petrobras no pr\u00e9-sal quando \"avan\u00e7ar mais\" - Ag\u00eancia iNFRA","isPartOf":{"@id":"https:\/\/agenciainfra.com\/blog\/#website"},"primaryImageOfPage":{"@id":"https:\/\/agenciainfra.com\/blog\/magda-diz-que-so-vai-olhar-para-pl-que-extingue-direito-de-preferencia-da-petrobras-no-pre-sal-quando-avancar-mais\/#primaryimage"},"image":{"@id":"https:\/\/agenciainfra.com\/blog\/magda-diz-que-so-vai-olhar-para-pl-que-extingue-direito-de-preferencia-da-petrobras-no-pre-sal-quando-avancar-mais\/#primaryimage"},"thumbnailUrl":"https:\/\/agenciainfra.com\/blog\/wp-content\/uploads\/2025\/06\/magda-chambriard-foto-rafa-pereira-petrobras.jpg","datePublished":"2025-06-11T00:03:07+00:00","dateModified":"2025-06-11T20:43:00+00:00","breadcrumb":{"@id":"https:\/\/agenciainfra.com\/blog\/magda-diz-que-so-vai-olhar-para-pl-que-extingue-direito-de-preferencia-da-petrobras-no-pre-sal-quando-avancar-mais\/#breadcrumb"},"inLanguage":"pt-BR","potentialAction":[{"@type":"ReadAction","target":["https:\/\/agenciainfra.com\/blog\/magda-diz-que-so-vai-olhar-para-pl-que-extingue-direito-de-preferencia-da-petrobras-no-pre-sal-quando-avancar-mais\/"]}]},{"@type":"ImageObject","inLanguage":"pt-BR","@id":"https:\/\/agenciainfra.com\/blog\/magda-diz-que-so-vai-olhar-para-pl-que-extingue-direito-de-preferencia-da-petrobras-no-pre-sal-quando-avancar-mais\/#primaryimage","url":"https:\/\/agenciainfra.com\/blog\/wp-content\/uploads\/2025\/06\/magda-chambriard-foto-rafa-pereira-petrobras.jpg","contentUrl":"https:\/\/agenciainfra.com\/blog\/wp-content\/uploads\/2025\/06\/magda-chambriard-foto-rafa-pereira-petrobras.jpg","width":1280,"height":853,"caption":"Foto: Rafael Pereira\/Petrobras"},{"@type":"BreadcrumbList","@id":"https:\/\/agenciainfra.com\/blog\/magda-diz-que-so-vai-olhar-para-pl-que-extingue-direito-de-preferencia-da-petrobras-no-pre-sal-quando-avancar-mais\/#breadcrumb","itemListElement":[{"@type":"ListItem","position":1,"name":"In\u00edcio","item":"https:\/\/agenciainfra.com\/blog\/"},{"@type":"ListItem","position":2,"name":"Magda diz que s\u00f3 vai olhar para PL que extingue direito de prefer\u00eancia da Petrobras no pr\u00e9-sal quando &#8220;avan\u00e7ar mais&#8221;"}]},{"@type":"WebSite","@id":"https:\/\/agenciainfra.com\/blog\/#website","url":"https:\/\/agenciainfra.com\/blog\/","name":"Ag\u00eancia iNFRA","description":"Multiplataforma de informa\u00e7\u00e3o jornal\u00edstica refer\u00eancia na \u00e1rea de infraestrutura no Brasil!","publisher":{"@id":"https:\/\/agenciainfra.com\/blog\/#organization"},"potentialAction":[{"@type":"SearchAction","target":{"@type":"EntryPoint","urlTemplate":"https:\/\/agenciainfra.com\/blog\/?s={search_term_string}"},"query-input":{"@type":"PropertyValueSpecification","valueRequired":true,"valueName":"search_term_string"}}],"inLanguage":"pt-BR"},{"@type":"Organization","@id":"https:\/\/agenciainfra.com\/blog\/#organization","name":"Ag\u00eancia iNFRA","url":"https:\/\/agenciainfra.com\/blog\/","logo":{"@type":"ImageObject","inLanguage":"pt-BR","@id":"https:\/\/agenciainfra.com\/blog\/#\/schema\/logo\/image\/","url":"https:\/\/agenciainfra.com\/blog\/wp-content\/uploads\/2023\/09\/iNFRA_5-e1761735885940.png","contentUrl":"https:\/\/agenciainfra.com\/blog\/wp-content\/uploads\/2023\/09\/iNFRA_5-e1761735885940.png","width":1672,"height":454,"caption":"Ag\u00eancia iNFRA"},"image":{"@id":"https:\/\/agenciainfra.com\/blog\/#\/schema\/logo\/image\/"},"sameAs":["https:\/\/www.facebook.com\/ageninfra","https:\/\/x.com\/agencia_infra","https:\/\/www.linkedin.com\/company\/ag\u00eanciainfra\/","https:\/\/www.instagram.com\/agenciainfra\/"]},{"@type":"Person","@id":"https:\/\/agenciainfra.com\/blog\/#\/schema\/person\/34af08dff6adea4cb22b06612ba7acfa","name":"Ag\u00eancia iNFRA","image":{"@type":"ImageObject","inLanguage":"pt-BR","@id":"https:\/\/agenciainfra.com\/blog\/#\/schema\/person\/image\/","url":"https:\/\/secure.gravatar.com\/avatar\/d189e01678f06d8eb84d4e01f08eb848b3fffe3f8443818d3c356c66892f5be8?s=96&d=mm&r=g","contentUrl":"https:\/\/secure.gravatar.com\/avatar\/d189e01678f06d8eb84d4e01f08eb848b3fffe3f8443818d3c356c66892f5be8?s=96&d=mm&r=g","caption":"Ag\u00eancia iNFRA"},"url":"https:\/\/agenciainfra.com\/blog\/author\/admin\/"}]}},"_links":{"self":[{"href":"https:\/\/agenciainfra.com\/blog\/wp-json\/wp\/v2\/posts\/22696","targetHints":{"allow":["GET"]}}],"collection":[{"href":"https:\/\/agenciainfra.com\/blog\/wp-json\/wp\/v2\/posts"}],"about":[{"href":"https:\/\/agenciainfra.com\/blog\/wp-json\/wp\/v2\/types\/post"}],"author":[{"embeddable":true,"href":"https:\/\/agenciainfra.com\/blog\/wp-json\/wp\/v2\/users\/1"}],"replies":[{"embeddable":true,"href":"https:\/\/agenciainfra.com\/blog\/wp-json\/wp\/v2\/comments?post=22696"}],"version-history":[{"count":1,"href":"https:\/\/agenciainfra.com\/blog\/wp-json\/wp\/v2\/posts\/22696\/revisions"}],"predecessor-version":[{"id":22698,"href":"https:\/\/agenciainfra.com\/blog\/wp-json\/wp\/v2\/posts\/22696\/revisions\/22698"}],"wp:featuredmedia":[{"embeddable":true,"href":"https:\/\/agenciainfra.com\/blog\/wp-json\/wp\/v2\/media\/22697"}],"wp:attachment":[{"href":"https:\/\/agenciainfra.com\/blog\/wp-json\/wp\/v2\/media?parent=22696"}],"wp:term":[{"taxonomy":"category","embeddable":true,"href":"https:\/\/agenciainfra.com\/blog\/wp-json\/wp\/v2\/categories?post=22696"},{"taxonomy":"post_tag","embeddable":true,"href":"https:\/\/agenciainfra.com\/blog\/wp-json\/wp\/v2\/tags?post=22696"}],"curies":[{"name":"wp","href":"https:\/\/api.w.org\/{rel}","templated":true}]}}