{"id":22699,"date":"2025-06-10T21:42:40","date_gmt":"2025-06-11T00:42:40","guid":{"rendered":"https:\/\/agenciainfra.com\/blog\/?p=22699"},"modified":"2025-06-12T08:01:36","modified_gmt":"2025-06-12T11:01:36","slug":"presidente-da-petrobras-diz-que-nao-quer-braskem-estatal-mas-que-acordo-de-acionistas-tem-de-evoluir","status":"publish","type":"post","link":"https:\/\/agenciainfra.com\/blog\/presidente-da-petrobras-diz-que-nao-quer-braskem-estatal-mas-que-acordo-de-acionistas-tem-de-evoluir\/","title":{"rendered":"Presidente da Petrobras diz que n\u00e3o quer Braskem estatal, mas que acordo de acionistas tem de evoluir"},"content":{"rendered":"\n<p class=\"has-text-align-right\"><strong>Gabriel Vasconcelos, da Ag\u00eancia iNFRA<\/strong><\/p>\n\n\n\n<p>A presidente da Petrobras, Magda Chambriard, disse nesta ter\u00e7a-feira (10) que n\u00e3o pretende aumentar a participa\u00e7\u00e3o acion\u00e1ria da companhia na Braskem a ponto de estatiz\u00e1-la, mas afirmou que o acordo de acionistas \u201ctem de evoluir\u201d para que a Petrobras ganhe mais for\u00e7a na gest\u00e3o da petroqu\u00edmica. Ela falou a jornalistas na cerim\u00f4nia de 10 anos do Anu\u00e1rio do Petr\u00f3leo no Rio, elaborado pela Firjan (Federa\u00e7\u00e3o das Ind\u00fastrias do Estado do Rio de Janeiro).<\/p>\n\n\n\n<p>\u201cO acordo de acionistas \u00e9 um ponto para n\u00f3s. Quando se olha a Braskem da forma como ela vinha vindo, a Petrobras tinha muito pouca gest\u00e3o na Braskem. A gente n\u00e3o est\u00e1 pensando em estatizar a Braskem n\u00e3o, mas a gente quer participar mais da gest\u00e3o. A gente entende que a gest\u00e3o atual da Braskem n\u00e3o conversa com o nosso tipo de gest\u00e3o\u201d, disse Magda.<\/p>\n\n\n\n<p>\u201cQuem entende da \u00e1rea de petr\u00f3leo somos n\u00f3s, quem entende de petroqu\u00edmica somos n\u00f3s, quem opera nove das refinarias brasileiras somos n\u00f3s\u201d, continuou Magda, subindo o tom.<\/p>\n\n\n\n<p>Questionada sobre se a Petrobras gostaria de ter mais conselheiros na Braskem, Magda disse ainda n\u00e3o saber, mas refor\u00e7ou que os termos do acordo t\u00eam de evoluir para maximizar as sinergias entre as duas empresas. A Petrobras tem 36% do capital da Braskem, enquanto a Novonor, 50,01%. O empres\u00e1rio Nelson Tanure fez uma oferta pela parte da Novonor e, nos bastidores, vem indicando a disposi\u00e7\u00e3o de dar mais poder \u00e0 Petrobras dentro da petroqu\u00edmica.<\/p>\n\n\n\n<p>Em seu discurso no evento, Magda j\u00e1 tinha citado a Braskem duas vezes. Ela disse que a petroqu\u00edmica faz parte de um projeto \u201cgrandioso\u201d, que vai integrar a Reduc (Refinaria Duque de Caxias) e o complexo de energia Boaventura a unidades da Braskem, que ter\u00e3o acesso ao g\u00e1s do pr\u00e9-sal a ser ecoado pelo gasoduto Rota 3. Segundo Magda, o projeto vai custar R$ 25 bilh\u00f5es, dos quais R$ 4,5 bilh\u00f5es vir\u00e3o da Braskem. A empresa \u00e9 a sexta maior petroqu\u00edmica do mundo e segue estrat\u00e9gica para a Petrobras, enfatizou Magda.<\/p>\n","protected":false},"excerpt":{"rendered":"<p>Gabriel Vasconcelos, da Ag\u00eancia iNFRA A presidente da Petrobras, Magda Chambriard, disse nesta ter\u00e7a-feira (10) que n\u00e3o pretende aumentar a participa\u00e7\u00e3o acion\u00e1ria da companhia na Braskem a ponto de estatiz\u00e1-la, mas afirmou que o acordo de acionistas \u201ctem de evoluir\u201d para que a Petrobras ganhe mais for\u00e7a na gest\u00e3o da petroqu\u00edmica. Ela falou a jornalistas [&hellip;]<\/p>\n","protected":false},"author":1,"featured_media":22700,"comment_status":"closed","ping_status":"closed","sticky":false,"template":"","format":"standard","meta":{"_monsterinsights_skip_tracking":false,"_monsterinsights_sitenote_active":false,"_monsterinsights_sitenote_note":"","_monsterinsights_sitenote_category":0,"footnotes":""},"categories":[7250,1,13271],"tags":[10107,13251,9446,6767,6457,143],"class_list":["post-22699","post","type-post","status-publish","format-standard","has-post-thumbnail","hentry","category-destaque-lista","category-geral","category-oleo-gas","tag-braskem","tag-gabriel-vasconcelos","tag-magda-chambriard","tag-nelson-tanure","tag-novonor","tag-petrobras"],"yoast_head":"<!-- This site is optimized with the Yoast SEO Premium plugin v25.4 (Yoast SEO v26.0) - https:\/\/yoast.com\/wordpress\/plugins\/seo\/ -->\n<title>Presidente da Petrobras diz que n\u00e3o quer Braskem estatal, mas que acordo de acionistas tem de evoluir - Ag\u00eancia iNFRA<\/title>\n<meta name=\"robots\" content=\"index, follow, max-snippet:-1, max-image-preview:large, max-video-preview:-1\" \/>\n<link rel=\"canonical\" href=\"https:\/\/agenciainfra.com\/blog\/presidente-da-petrobras-diz-que-nao-quer-braskem-estatal-mas-que-acordo-de-acionistas-tem-de-evoluir\/\" \/>\n<meta property=\"og:locale\" content=\"pt_BR\" \/>\n<meta property=\"og:type\" content=\"article\" \/>\n<meta property=\"og:title\" content=\"Presidente da Petrobras diz que n\u00e3o quer Braskem estatal, mas que acordo de acionistas tem de evoluir\" \/>\n<meta property=\"og:description\" content=\"Gabriel Vasconcelos, da Ag\u00eancia iNFRA A presidente da Petrobras, Magda Chambriard, disse nesta ter\u00e7a-feira (10) que n\u00e3o pretende aumentar a participa\u00e7\u00e3o acion\u00e1ria da companhia na Braskem a ponto de estatiz\u00e1-la, mas afirmou que o acordo de acionistas \u201ctem de evoluir\u201d para que a Petrobras ganhe mais for\u00e7a na gest\u00e3o da petroqu\u00edmica. Ela falou a jornalistas [&hellip;]\" \/>\n<meta property=\"og:url\" content=\"https:\/\/agenciainfra.com\/blog\/presidente-da-petrobras-diz-que-nao-quer-braskem-estatal-mas-que-acordo-de-acionistas-tem-de-evoluir\/\" \/>\n<meta property=\"og:site_name\" content=\"Ag\u00eancia iNFRA\" \/>\n<meta property=\"article:publisher\" content=\"https:\/\/www.facebook.com\/ageninfra\" \/>\n<meta property=\"article:published_time\" content=\"2025-06-11T00:42:40+00:00\" \/>\n<meta property=\"article:modified_time\" content=\"2025-06-12T11:01:36+00:00\" \/>\n<meta property=\"og:image\" content=\"https:\/\/agenciainfra.com\/blog\/wp-content\/uploads\/2025\/06\/braskem-foto-joedson-alves-agencia-brasil.jpeg\" \/>\n\t<meta property=\"og:image:width\" content=\"1170\" \/>\n\t<meta property=\"og:image:height\" content=\"700\" \/>\n\t<meta property=\"og:image:type\" content=\"image\/jpeg\" \/>\n<meta name=\"author\" content=\"Ag\u00eancia iNFRA\" \/>\n<meta name=\"twitter:card\" content=\"summary_large_image\" \/>\n<meta name=\"twitter:creator\" content=\"@agencia_infra\" \/>\n<meta name=\"twitter:site\" content=\"@agencia_infra\" \/>\n<meta name=\"twitter:label1\" content=\"Escrito por\" \/>\n\t<meta name=\"twitter:data1\" content=\"Ag\u00eancia iNFRA\" \/>\n\t<meta name=\"twitter:label2\" content=\"Est. tempo de leitura\" \/>\n\t<meta name=\"twitter:data2\" content=\"2 minutos\" \/>\n<script type=\"application\/ld+json\" class=\"yoast-schema-graph\">{\"@context\":\"https:\/\/schema.org\",\"@graph\":[{\"@type\":\"Article\",\"@id\":\"https:\/\/agenciainfra.com\/blog\/presidente-da-petrobras-diz-que-nao-quer-braskem-estatal-mas-que-acordo-de-acionistas-tem-de-evoluir\/#article\",\"isPartOf\":{\"@id\":\"https:\/\/agenciainfra.com\/blog\/presidente-da-petrobras-diz-que-nao-quer-braskem-estatal-mas-que-acordo-de-acionistas-tem-de-evoluir\/\"},\"author\":{\"name\":\"Ag\u00eancia iNFRA\",\"@id\":\"https:\/\/agenciainfra.com\/blog\/#\/schema\/person\/34af08dff6adea4cb22b06612ba7acfa\"},\"headline\":\"Presidente da Petrobras diz que n\u00e3o quer Braskem estatal, mas que acordo de acionistas tem de evoluir\",\"datePublished\":\"2025-06-11T00:42:40+00:00\",\"dateModified\":\"2025-06-12T11:01:36+00:00\",\"mainEntityOfPage\":{\"@id\":\"https:\/\/agenciainfra.com\/blog\/presidente-da-petrobras-diz-que-nao-quer-braskem-estatal-mas-que-acordo-de-acionistas-tem-de-evoluir\/\"},\"wordCount\":385,\"publisher\":{\"@id\":\"https:\/\/agenciainfra.com\/blog\/#organization\"},\"image\":{\"@id\":\"https:\/\/agenciainfra.com\/blog\/presidente-da-petrobras-diz-que-nao-quer-braskem-estatal-mas-que-acordo-de-acionistas-tem-de-evoluir\/#primaryimage\"},\"thumbnailUrl\":\"https:\/\/agenciainfra.com\/blog\/wp-content\/uploads\/2025\/06\/braskem-foto-joedson-alves-agencia-brasil.jpeg\",\"keywords\":[\"Braskem\",\"Gabriel Vasconcelos\",\"Magda Chambriard\",\"Nelson Tanure\",\"Novonor\",\"Petrobras\"],\"articleSection\":[\"Destaque lista\",\"Geral\",\"\u00d3leo &amp; G\u00e1s\"],\"inLanguage\":\"pt-BR\",\"copyrightYear\":\"2025\",\"copyrightHolder\":{\"@id\":\"https:\/\/agenciainfra.com\/blog\/#organization\"}},{\"@type\":\"WebPage\",\"@id\":\"https:\/\/agenciainfra.com\/blog\/presidente-da-petrobras-diz-que-nao-quer-braskem-estatal-mas-que-acordo-de-acionistas-tem-de-evoluir\/\",\"url\":\"https:\/\/agenciainfra.com\/blog\/presidente-da-petrobras-diz-que-nao-quer-braskem-estatal-mas-que-acordo-de-acionistas-tem-de-evoluir\/\",\"name\":\"Presidente da Petrobras diz que n\u00e3o quer Braskem estatal, mas que acordo de acionistas tem de evoluir - Ag\u00eancia iNFRA\",\"isPartOf\":{\"@id\":\"https:\/\/agenciainfra.com\/blog\/#website\"},\"primaryImageOfPage\":{\"@id\":\"https:\/\/agenciainfra.com\/blog\/presidente-da-petrobras-diz-que-nao-quer-braskem-estatal-mas-que-acordo-de-acionistas-tem-de-evoluir\/#primaryimage\"},\"image\":{\"@id\":\"https:\/\/agenciainfra.com\/blog\/presidente-da-petrobras-diz-que-nao-quer-braskem-estatal-mas-que-acordo-de-acionistas-tem-de-evoluir\/#primaryimage\"},\"thumbnailUrl\":\"https:\/\/agenciainfra.com\/blog\/wp-content\/uploads\/2025\/06\/braskem-foto-joedson-alves-agencia-brasil.jpeg\",\"datePublished\":\"2025-06-11T00:42:40+00:00\",\"dateModified\":\"2025-06-12T11:01:36+00:00\",\"breadcrumb\":{\"@id\":\"https:\/\/agenciainfra.com\/blog\/presidente-da-petrobras-diz-que-nao-quer-braskem-estatal-mas-que-acordo-de-acionistas-tem-de-evoluir\/#breadcrumb\"},\"inLanguage\":\"pt-BR\",\"potentialAction\":[{\"@type\":\"ReadAction\",\"target\":[\"https:\/\/agenciainfra.com\/blog\/presidente-da-petrobras-diz-que-nao-quer-braskem-estatal-mas-que-acordo-de-acionistas-tem-de-evoluir\/\"]}]},{\"@type\":\"ImageObject\",\"inLanguage\":\"pt-BR\",\"@id\":\"https:\/\/agenciainfra.com\/blog\/presidente-da-petrobras-diz-que-nao-quer-braskem-estatal-mas-que-acordo-de-acionistas-tem-de-evoluir\/#primaryimage\",\"url\":\"https:\/\/agenciainfra.com\/blog\/wp-content\/uploads\/2025\/06\/braskem-foto-joedson-alves-agencia-brasil.jpeg\",\"contentUrl\":\"https:\/\/agenciainfra.com\/blog\/wp-content\/uploads\/2025\/06\/braskem-foto-joedson-alves-agencia-brasil.jpeg\",\"width\":1170,\"height\":700},{\"@type\":\"BreadcrumbList\",\"@id\":\"https:\/\/agenciainfra.com\/blog\/presidente-da-petrobras-diz-que-nao-quer-braskem-estatal-mas-que-acordo-de-acionistas-tem-de-evoluir\/#breadcrumb\",\"itemListElement\":[{\"@type\":\"ListItem\",\"position\":1,\"name\":\"In\u00edcio\",\"item\":\"https:\/\/agenciainfra.com\/blog\/\"},{\"@type\":\"ListItem\",\"position\":2,\"name\":\"Presidente da Petrobras diz que n\u00e3o quer Braskem estatal, mas que acordo de acionistas tem de evoluir\"}]},{\"@type\":\"WebSite\",\"@id\":\"https:\/\/agenciainfra.com\/blog\/#website\",\"url\":\"https:\/\/agenciainfra.com\/blog\/\",\"name\":\"Ag\u00eancia iNFRA\",\"description\":\"Multiplataforma de informa\u00e7\u00e3o jornal\u00edstica refer\u00eancia na \u00e1rea de infraestrutura no Brasil!\",\"publisher\":{\"@id\":\"https:\/\/agenciainfra.com\/blog\/#organization\"},\"potentialAction\":[{\"@type\":\"SearchAction\",\"target\":{\"@type\":\"EntryPoint\",\"urlTemplate\":\"https:\/\/agenciainfra.com\/blog\/?s={search_term_string}\"},\"query-input\":{\"@type\":\"PropertyValueSpecification\",\"valueRequired\":true,\"valueName\":\"search_term_string\"}}],\"inLanguage\":\"pt-BR\"},{\"@type\":\"Organization\",\"@id\":\"https:\/\/agenciainfra.com\/blog\/#organization\",\"name\":\"Ag\u00eancia iNFRA\",\"url\":\"https:\/\/agenciainfra.com\/blog\/\",\"logo\":{\"@type\":\"ImageObject\",\"inLanguage\":\"pt-BR\",\"@id\":\"https:\/\/agenciainfra.com\/blog\/#\/schema\/logo\/image\/\",\"url\":\"https:\/\/agenciainfra.com\/blog\/wp-content\/uploads\/2023\/09\/iNFRA_5-e1761735885940.png\",\"contentUrl\":\"https:\/\/agenciainfra.com\/blog\/wp-content\/uploads\/2023\/09\/iNFRA_5-e1761735885940.png\",\"width\":1672,\"height\":454,\"caption\":\"Ag\u00eancia iNFRA\"},\"image\":{\"@id\":\"https:\/\/agenciainfra.com\/blog\/#\/schema\/logo\/image\/\"},\"sameAs\":[\"https:\/\/www.facebook.com\/ageninfra\",\"https:\/\/x.com\/agencia_infra\",\"https:\/\/www.linkedin.com\/company\/ag\u00eanciainfra\/\",\"https:\/\/www.instagram.com\/agenciainfra\/\"]},{\"@type\":\"Person\",\"@id\":\"https:\/\/agenciainfra.com\/blog\/#\/schema\/person\/34af08dff6adea4cb22b06612ba7acfa\",\"name\":\"Ag\u00eancia iNFRA\",\"image\":{\"@type\":\"ImageObject\",\"inLanguage\":\"pt-BR\",\"@id\":\"https:\/\/agenciainfra.com\/blog\/#\/schema\/person\/image\/\",\"url\":\"https:\/\/secure.gravatar.com\/avatar\/d189e01678f06d8eb84d4e01f08eb848b3fffe3f8443818d3c356c66892f5be8?s=96&d=mm&r=g\",\"contentUrl\":\"https:\/\/secure.gravatar.com\/avatar\/d189e01678f06d8eb84d4e01f08eb848b3fffe3f8443818d3c356c66892f5be8?s=96&d=mm&r=g\",\"caption\":\"Ag\u00eancia iNFRA\"},\"url\":\"https:\/\/agenciainfra.com\/blog\/author\/admin\/\"}]}<\/script>\n<!-- \/ Yoast SEO Premium plugin. -->","yoast_head_json":{"title":"Presidente da Petrobras diz que n\u00e3o quer Braskem estatal, mas que acordo de acionistas tem de evoluir - Ag\u00eancia iNFRA","robots":{"index":"index","follow":"follow","max-snippet":"max-snippet:-1","max-image-preview":"max-image-preview:large","max-video-preview":"max-video-preview:-1"},"canonical":"https:\/\/agenciainfra.com\/blog\/presidente-da-petrobras-diz-que-nao-quer-braskem-estatal-mas-que-acordo-de-acionistas-tem-de-evoluir\/","og_locale":"pt_BR","og_type":"article","og_title":"Presidente da Petrobras diz que n\u00e3o quer Braskem estatal, mas que acordo de acionistas tem de evoluir","og_description":"Gabriel Vasconcelos, da Ag\u00eancia iNFRA A presidente da Petrobras, Magda Chambriard, disse nesta ter\u00e7a-feira (10) que n\u00e3o pretende aumentar a participa\u00e7\u00e3o acion\u00e1ria da companhia na Braskem a ponto de estatiz\u00e1-la, mas afirmou que o acordo de acionistas \u201ctem de evoluir\u201d para que a Petrobras ganhe mais for\u00e7a na gest\u00e3o da petroqu\u00edmica. Ela falou a jornalistas [&hellip;]","og_url":"https:\/\/agenciainfra.com\/blog\/presidente-da-petrobras-diz-que-nao-quer-braskem-estatal-mas-que-acordo-de-acionistas-tem-de-evoluir\/","og_site_name":"Ag\u00eancia iNFRA","article_publisher":"https:\/\/www.facebook.com\/ageninfra","article_published_time":"2025-06-11T00:42:40+00:00","article_modified_time":"2025-06-12T11:01:36+00:00","og_image":[{"width":1170,"height":700,"url":"https:\/\/agenciainfra.com\/blog\/wp-content\/uploads\/2025\/06\/braskem-foto-joedson-alves-agencia-brasil.jpeg","type":"image\/jpeg"}],"author":"Ag\u00eancia iNFRA","twitter_card":"summary_large_image","twitter_creator":"@agencia_infra","twitter_site":"@agencia_infra","twitter_misc":{"Escrito por":"Ag\u00eancia iNFRA","Est. tempo de leitura":"2 minutos"},"schema":{"@context":"https:\/\/schema.org","@graph":[{"@type":"Article","@id":"https:\/\/agenciainfra.com\/blog\/presidente-da-petrobras-diz-que-nao-quer-braskem-estatal-mas-que-acordo-de-acionistas-tem-de-evoluir\/#article","isPartOf":{"@id":"https:\/\/agenciainfra.com\/blog\/presidente-da-petrobras-diz-que-nao-quer-braskem-estatal-mas-que-acordo-de-acionistas-tem-de-evoluir\/"},"author":{"name":"Ag\u00eancia iNFRA","@id":"https:\/\/agenciainfra.com\/blog\/#\/schema\/person\/34af08dff6adea4cb22b06612ba7acfa"},"headline":"Presidente da Petrobras diz que n\u00e3o quer Braskem estatal, mas que acordo de acionistas tem de evoluir","datePublished":"2025-06-11T00:42:40+00:00","dateModified":"2025-06-12T11:01:36+00:00","mainEntityOfPage":{"@id":"https:\/\/agenciainfra.com\/blog\/presidente-da-petrobras-diz-que-nao-quer-braskem-estatal-mas-que-acordo-de-acionistas-tem-de-evoluir\/"},"wordCount":385,"publisher":{"@id":"https:\/\/agenciainfra.com\/blog\/#organization"},"image":{"@id":"https:\/\/agenciainfra.com\/blog\/presidente-da-petrobras-diz-que-nao-quer-braskem-estatal-mas-que-acordo-de-acionistas-tem-de-evoluir\/#primaryimage"},"thumbnailUrl":"https:\/\/agenciainfra.com\/blog\/wp-content\/uploads\/2025\/06\/braskem-foto-joedson-alves-agencia-brasil.jpeg","keywords":["Braskem","Gabriel Vasconcelos","Magda Chambriard","Nelson Tanure","Novonor","Petrobras"],"articleSection":["Destaque lista","Geral","\u00d3leo &amp; G\u00e1s"],"inLanguage":"pt-BR","copyrightYear":"2025","copyrightHolder":{"@id":"https:\/\/agenciainfra.com\/blog\/#organization"}},{"@type":"WebPage","@id":"https:\/\/agenciainfra.com\/blog\/presidente-da-petrobras-diz-que-nao-quer-braskem-estatal-mas-que-acordo-de-acionistas-tem-de-evoluir\/","url":"https:\/\/agenciainfra.com\/blog\/presidente-da-petrobras-diz-que-nao-quer-braskem-estatal-mas-que-acordo-de-acionistas-tem-de-evoluir\/","name":"Presidente da Petrobras diz que n\u00e3o quer Braskem estatal, mas que acordo de acionistas tem de evoluir - Ag\u00eancia iNFRA","isPartOf":{"@id":"https:\/\/agenciainfra.com\/blog\/#website"},"primaryImageOfPage":{"@id":"https:\/\/agenciainfra.com\/blog\/presidente-da-petrobras-diz-que-nao-quer-braskem-estatal-mas-que-acordo-de-acionistas-tem-de-evoluir\/#primaryimage"},"image":{"@id":"https:\/\/agenciainfra.com\/blog\/presidente-da-petrobras-diz-que-nao-quer-braskem-estatal-mas-que-acordo-de-acionistas-tem-de-evoluir\/#primaryimage"},"thumbnailUrl":"https:\/\/agenciainfra.com\/blog\/wp-content\/uploads\/2025\/06\/braskem-foto-joedson-alves-agencia-brasil.jpeg","datePublished":"2025-06-11T00:42:40+00:00","dateModified":"2025-06-12T11:01:36+00:00","breadcrumb":{"@id":"https:\/\/agenciainfra.com\/blog\/presidente-da-petrobras-diz-que-nao-quer-braskem-estatal-mas-que-acordo-de-acionistas-tem-de-evoluir\/#breadcrumb"},"inLanguage":"pt-BR","potentialAction":[{"@type":"ReadAction","target":["https:\/\/agenciainfra.com\/blog\/presidente-da-petrobras-diz-que-nao-quer-braskem-estatal-mas-que-acordo-de-acionistas-tem-de-evoluir\/"]}]},{"@type":"ImageObject","inLanguage":"pt-BR","@id":"https:\/\/agenciainfra.com\/blog\/presidente-da-petrobras-diz-que-nao-quer-braskem-estatal-mas-que-acordo-de-acionistas-tem-de-evoluir\/#primaryimage","url":"https:\/\/agenciainfra.com\/blog\/wp-content\/uploads\/2025\/06\/braskem-foto-joedson-alves-agencia-brasil.jpeg","contentUrl":"https:\/\/agenciainfra.com\/blog\/wp-content\/uploads\/2025\/06\/braskem-foto-joedson-alves-agencia-brasil.jpeg","width":1170,"height":700},{"@type":"BreadcrumbList","@id":"https:\/\/agenciainfra.com\/blog\/presidente-da-petrobras-diz-que-nao-quer-braskem-estatal-mas-que-acordo-de-acionistas-tem-de-evoluir\/#breadcrumb","itemListElement":[{"@type":"ListItem","position":1,"name":"In\u00edcio","item":"https:\/\/agenciainfra.com\/blog\/"},{"@type":"ListItem","position":2,"name":"Presidente da Petrobras diz que n\u00e3o quer Braskem estatal, mas que acordo de acionistas tem de evoluir"}]},{"@type":"WebSite","@id":"https:\/\/agenciainfra.com\/blog\/#website","url":"https:\/\/agenciainfra.com\/blog\/","name":"Ag\u00eancia iNFRA","description":"Multiplataforma de informa\u00e7\u00e3o jornal\u00edstica refer\u00eancia na \u00e1rea de infraestrutura no Brasil!","publisher":{"@id":"https:\/\/agenciainfra.com\/blog\/#organization"},"potentialAction":[{"@type":"SearchAction","target":{"@type":"EntryPoint","urlTemplate":"https:\/\/agenciainfra.com\/blog\/?s={search_term_string}"},"query-input":{"@type":"PropertyValueSpecification","valueRequired":true,"valueName":"search_term_string"}}],"inLanguage":"pt-BR"},{"@type":"Organization","@id":"https:\/\/agenciainfra.com\/blog\/#organization","name":"Ag\u00eancia iNFRA","url":"https:\/\/agenciainfra.com\/blog\/","logo":{"@type":"ImageObject","inLanguage":"pt-BR","@id":"https:\/\/agenciainfra.com\/blog\/#\/schema\/logo\/image\/","url":"https:\/\/agenciainfra.com\/blog\/wp-content\/uploads\/2023\/09\/iNFRA_5-e1761735885940.png","contentUrl":"https:\/\/agenciainfra.com\/blog\/wp-content\/uploads\/2023\/09\/iNFRA_5-e1761735885940.png","width":1672,"height":454,"caption":"Ag\u00eancia iNFRA"},"image":{"@id":"https:\/\/agenciainfra.com\/blog\/#\/schema\/logo\/image\/"},"sameAs":["https:\/\/www.facebook.com\/ageninfra","https:\/\/x.com\/agencia_infra","https:\/\/www.linkedin.com\/company\/ag\u00eanciainfra\/","https:\/\/www.instagram.com\/agenciainfra\/"]},{"@type":"Person","@id":"https:\/\/agenciainfra.com\/blog\/#\/schema\/person\/34af08dff6adea4cb22b06612ba7acfa","name":"Ag\u00eancia iNFRA","image":{"@type":"ImageObject","inLanguage":"pt-BR","@id":"https:\/\/agenciainfra.com\/blog\/#\/schema\/person\/image\/","url":"https:\/\/secure.gravatar.com\/avatar\/d189e01678f06d8eb84d4e01f08eb848b3fffe3f8443818d3c356c66892f5be8?s=96&d=mm&r=g","contentUrl":"https:\/\/secure.gravatar.com\/avatar\/d189e01678f06d8eb84d4e01f08eb848b3fffe3f8443818d3c356c66892f5be8?s=96&d=mm&r=g","caption":"Ag\u00eancia iNFRA"},"url":"https:\/\/agenciainfra.com\/blog\/author\/admin\/"}]}},"_links":{"self":[{"href":"https:\/\/agenciainfra.com\/blog\/wp-json\/wp\/v2\/posts\/22699","targetHints":{"allow":["GET"]}}],"collection":[{"href":"https:\/\/agenciainfra.com\/blog\/wp-json\/wp\/v2\/posts"}],"about":[{"href":"https:\/\/agenciainfra.com\/blog\/wp-json\/wp\/v2\/types\/post"}],"author":[{"embeddable":true,"href":"https:\/\/agenciainfra.com\/blog\/wp-json\/wp\/v2\/users\/1"}],"replies":[{"embeddable":true,"href":"https:\/\/agenciainfra.com\/blog\/wp-json\/wp\/v2\/comments?post=22699"}],"version-history":[{"count":1,"href":"https:\/\/agenciainfra.com\/blog\/wp-json\/wp\/v2\/posts\/22699\/revisions"}],"predecessor-version":[{"id":22701,"href":"https:\/\/agenciainfra.com\/blog\/wp-json\/wp\/v2\/posts\/22699\/revisions\/22701"}],"wp:featuredmedia":[{"embeddable":true,"href":"https:\/\/agenciainfra.com\/blog\/wp-json\/wp\/v2\/media\/22700"}],"wp:attachment":[{"href":"https:\/\/agenciainfra.com\/blog\/wp-json\/wp\/v2\/media?parent=22699"}],"wp:term":[{"taxonomy":"category","embeddable":true,"href":"https:\/\/agenciainfra.com\/blog\/wp-json\/wp\/v2\/categories?post=22699"},{"taxonomy":"post_tag","embeddable":true,"href":"https:\/\/agenciainfra.com\/blog\/wp-json\/wp\/v2\/tags?post=22699"}],"curies":[{"name":"wp","href":"https:\/\/api.w.org\/{rel}","templated":true}]}}