{"id":22729,"date":"2025-06-11T12:19:33","date_gmt":"2025-06-11T15:19:33","guid":{"rendered":"https:\/\/agenciainfra.com\/blog\/?p=22729"},"modified":"2025-06-12T08:10:09","modified_gmt":"2025-06-12T11:10:09","slug":"navegacao-interior-e-atingida-pela-seca-mas-brasil-segue-como-um-dos-maiores-exportadores-de-graos-do-mundo","status":"publish","type":"post","link":"https:\/\/agenciainfra.com\/blog\/navegacao-interior-e-atingida-pela-seca-mas-brasil-segue-como-um-dos-maiores-exportadores-de-graos-do-mundo\/","title":{"rendered":"Navega\u00e7\u00e3o interior \u00e9 atingida pela seca, mas Brasil segue como um dos maiores exportadores de gr\u00e3os do mundo"},"content":{"rendered":"\n<p class=\"has-text-align-right\"><strong>da Ag\u00eancia iNFRA<\/strong><\/p>\n\n\n\n<p>Entre janeiro e mar\u00e7o, a movimenta\u00e7\u00e3o portu\u00e1ria registrou uma leve queda de 1,4% em rela\u00e7\u00e3o ao mesmo per\u00edodo de 2024. Segundo a ATP (Associa\u00e7\u00e3o de Terminais Portu\u00e1rios Privados), a retra\u00e7\u00e3o foi impulsionada pela seca que afetou a navega\u00e7\u00e3o interior, especialmente na Regi\u00e3o Norte.<\/p>\n\n\n\n<p>No entanto, ainda assim, os terminais portu\u00e1rios brasileiros movimentaram 47 milh\u00f5es de toneladas de gr\u00e3os no per\u00edodo. Para a diretora-executiva da ATP, Gabriela Costa, o cen\u00e1rio indica que apesar da estiagem o setor portu\u00e1rio &#8220;segue resiliente e com capacidade de adapta\u00e7\u00e3o, mantendo o Brasil como um dos maiores exportadores de gr\u00e3os do mundo&#8221;.<\/p>\n\n\n\n<p>A exporta\u00e7\u00e3o por navios de longo curso cresceu 3,4%, com a China liderando como principal destino. Ir\u00e3 e Egito tamb\u00e9m se destacaram, com aumento de 63,5% e 62,3% nas importa\u00e7\u00f5es, respectivamente.<\/p>\n\n\n\n<p>A soja foi a commodity mais exportada, com alta de 4,5%. Entre os terminais privados, Cotegipe (BA) e Portochuelo (RO) registraram os maiores crescimentos.<\/p>\n","protected":false},"excerpt":{"rendered":"<p>da Ag\u00eancia iNFRA Entre janeiro e mar\u00e7o, a movimenta\u00e7\u00e3o portu\u00e1ria registrou uma leve queda de 1,4% em rela\u00e7\u00e3o ao mesmo per\u00edodo de 2024. Segundo a ATP (Associa\u00e7\u00e3o de Terminais Portu\u00e1rios Privados), a retra\u00e7\u00e3o foi impulsionada pela seca que afetou a navega\u00e7\u00e3o interior, especialmente na Regi\u00e3o Norte. No entanto, ainda assim, os terminais portu\u00e1rios brasileiros movimentaram [&hellip;]<\/p>\n","protected":false},"author":1,"featured_media":22730,"comment_status":"closed","ping_status":"closed","sticky":false,"template":"","format":"standard","meta":{"_monsterinsights_skip_tracking":false,"_monsterinsights_sitenote_active":false,"_monsterinsights_sitenote_note":"","_monsterinsights_sitenote_category":0,"footnotes":""},"categories":[1,13576],"tags":[557,12658,4902,310],"class_list":["post-22729","post","type-post","status-publish","format-standard","has-post-thumbnail","hentry","category-geral","category-giro-infra","tag-atp","tag-movimentacao-portuaria","tag-navegacao-interior","tag-portos"],"yoast_head":"<!-- This site is optimized with the Yoast SEO Premium plugin v25.4 (Yoast SEO v26.0) - https:\/\/yoast.com\/wordpress\/plugins\/seo\/ -->\n<title>Navega\u00e7\u00e3o interior \u00e9 atingida pela seca, mas Brasil segue como um dos maiores exportadores de gr\u00e3os do mundo - Ag\u00eancia iNFRA<\/title>\n<meta name=\"robots\" content=\"index, follow, max-snippet:-1, max-image-preview:large, max-video-preview:-1\" \/>\n<link rel=\"canonical\" href=\"https:\/\/agenciainfra.com\/blog\/navegacao-interior-e-atingida-pela-seca-mas-brasil-segue-como-um-dos-maiores-exportadores-de-graos-do-mundo\/\" \/>\n<meta property=\"og:locale\" content=\"pt_BR\" \/>\n<meta property=\"og:type\" content=\"article\" \/>\n<meta property=\"og:title\" content=\"Navega\u00e7\u00e3o interior \u00e9 atingida pela seca, mas Brasil segue como um dos maiores exportadores de gr\u00e3os do mundo\" \/>\n<meta property=\"og:description\" content=\"da Ag\u00eancia iNFRA Entre janeiro e mar\u00e7o, a movimenta\u00e7\u00e3o portu\u00e1ria registrou uma leve queda de 1,4% em rela\u00e7\u00e3o ao mesmo per\u00edodo de 2024. Segundo a ATP (Associa\u00e7\u00e3o de Terminais Portu\u00e1rios Privados), a retra\u00e7\u00e3o foi impulsionada pela seca que afetou a navega\u00e7\u00e3o interior, especialmente na Regi\u00e3o Norte. No entanto, ainda assim, os terminais portu\u00e1rios brasileiros movimentaram [&hellip;]\" \/>\n<meta property=\"og:url\" content=\"https:\/\/agenciainfra.com\/blog\/navegacao-interior-e-atingida-pela-seca-mas-brasil-segue-como-um-dos-maiores-exportadores-de-graos-do-mundo\/\" \/>\n<meta property=\"og:site_name\" content=\"Ag\u00eancia iNFRA\" \/>\n<meta property=\"article:publisher\" content=\"https:\/\/www.facebook.com\/ageninfra\" \/>\n<meta property=\"article:published_time\" content=\"2025-06-11T15:19:33+00:00\" \/>\n<meta property=\"article:modified_time\" content=\"2025-06-12T11:10:09+00:00\" \/>\n<meta property=\"og:image\" content=\"https:\/\/agenciainfra.com\/blog\/wp-content\/uploads\/2025\/06\/movimentacaoportuaria-divulgacao-ATP.png\" \/>\n\t<meta property=\"og:image:width\" content=\"644\" \/>\n\t<meta property=\"og:image:height\" content=\"346\" \/>\n\t<meta property=\"og:image:type\" content=\"image\/png\" \/>\n<meta name=\"author\" content=\"Ag\u00eancia iNFRA\" \/>\n<meta name=\"twitter:card\" content=\"summary_large_image\" \/>\n<meta name=\"twitter:creator\" content=\"@agencia_infra\" \/>\n<meta name=\"twitter:site\" content=\"@agencia_infra\" \/>\n<meta name=\"twitter:label1\" content=\"Escrito por\" \/>\n\t<meta name=\"twitter:data1\" content=\"Ag\u00eancia iNFRA\" \/>\n\t<meta name=\"twitter:label2\" content=\"Est. tempo de leitura\" \/>\n\t<meta name=\"twitter:data2\" content=\"1 minuto\" \/>\n<script type=\"application\/ld+json\" class=\"yoast-schema-graph\">{\"@context\":\"https:\/\/schema.org\",\"@graph\":[{\"@type\":\"Article\",\"@id\":\"https:\/\/agenciainfra.com\/blog\/navegacao-interior-e-atingida-pela-seca-mas-brasil-segue-como-um-dos-maiores-exportadores-de-graos-do-mundo\/#article\",\"isPartOf\":{\"@id\":\"https:\/\/agenciainfra.com\/blog\/navegacao-interior-e-atingida-pela-seca-mas-brasil-segue-como-um-dos-maiores-exportadores-de-graos-do-mundo\/\"},\"author\":{\"name\":\"Ag\u00eancia iNFRA\",\"@id\":\"https:\/\/agenciainfra.com\/blog\/#\/schema\/person\/34af08dff6adea4cb22b06612ba7acfa\"},\"headline\":\"Navega\u00e7\u00e3o interior \u00e9 atingida pela seca, mas Brasil segue como um dos maiores exportadores de gr\u00e3os do mundo\",\"datePublished\":\"2025-06-11T15:19:33+00:00\",\"dateModified\":\"2025-06-12T11:10:09+00:00\",\"mainEntityOfPage\":{\"@id\":\"https:\/\/agenciainfra.com\/blog\/navegacao-interior-e-atingida-pela-seca-mas-brasil-segue-como-um-dos-maiores-exportadores-de-graos-do-mundo\/\"},\"wordCount\":188,\"publisher\":{\"@id\":\"https:\/\/agenciainfra.com\/blog\/#organization\"},\"image\":{\"@id\":\"https:\/\/agenciainfra.com\/blog\/navegacao-interior-e-atingida-pela-seca-mas-brasil-segue-como-um-dos-maiores-exportadores-de-graos-do-mundo\/#primaryimage\"},\"thumbnailUrl\":\"https:\/\/agenciainfra.com\/blog\/wp-content\/uploads\/2025\/06\/movimentacaoportuaria-divulgacao-ATP.png\",\"keywords\":[\"ATP\",\"movimenta\u00e7\u00e3o portu\u00e1ria\",\"navega\u00e7\u00e3o interior\",\"portos\"],\"articleSection\":[\"Geral\",\"Giro iNFRA\"],\"inLanguage\":\"pt-BR\",\"copyrightYear\":\"2025\",\"copyrightHolder\":{\"@id\":\"https:\/\/agenciainfra.com\/blog\/#organization\"}},{\"@type\":\"WebPage\",\"@id\":\"https:\/\/agenciainfra.com\/blog\/navegacao-interior-e-atingida-pela-seca-mas-brasil-segue-como-um-dos-maiores-exportadores-de-graos-do-mundo\/\",\"url\":\"https:\/\/agenciainfra.com\/blog\/navegacao-interior-e-atingida-pela-seca-mas-brasil-segue-como-um-dos-maiores-exportadores-de-graos-do-mundo\/\",\"name\":\"Navega\u00e7\u00e3o interior \u00e9 atingida pela seca, mas Brasil segue como um dos maiores exportadores de gr\u00e3os do mundo - Ag\u00eancia iNFRA\",\"isPartOf\":{\"@id\":\"https:\/\/agenciainfra.com\/blog\/#website\"},\"primaryImageOfPage\":{\"@id\":\"https:\/\/agenciainfra.com\/blog\/navegacao-interior-e-atingida-pela-seca-mas-brasil-segue-como-um-dos-maiores-exportadores-de-graos-do-mundo\/#primaryimage\"},\"image\":{\"@id\":\"https:\/\/agenciainfra.com\/blog\/navegacao-interior-e-atingida-pela-seca-mas-brasil-segue-como-um-dos-maiores-exportadores-de-graos-do-mundo\/#primaryimage\"},\"thumbnailUrl\":\"https:\/\/agenciainfra.com\/blog\/wp-content\/uploads\/2025\/06\/movimentacaoportuaria-divulgacao-ATP.png\",\"datePublished\":\"2025-06-11T15:19:33+00:00\",\"dateModified\":\"2025-06-12T11:10:09+00:00\",\"breadcrumb\":{\"@id\":\"https:\/\/agenciainfra.com\/blog\/navegacao-interior-e-atingida-pela-seca-mas-brasil-segue-como-um-dos-maiores-exportadores-de-graos-do-mundo\/#breadcrumb\"},\"inLanguage\":\"pt-BR\",\"potentialAction\":[{\"@type\":\"ReadAction\",\"target\":[\"https:\/\/agenciainfra.com\/blog\/navegacao-interior-e-atingida-pela-seca-mas-brasil-segue-como-um-dos-maiores-exportadores-de-graos-do-mundo\/\"]}]},{\"@type\":\"ImageObject\",\"inLanguage\":\"pt-BR\",\"@id\":\"https:\/\/agenciainfra.com\/blog\/navegacao-interior-e-atingida-pela-seca-mas-brasil-segue-como-um-dos-maiores-exportadores-de-graos-do-mundo\/#primaryimage\",\"url\":\"https:\/\/agenciainfra.com\/blog\/wp-content\/uploads\/2025\/06\/movimentacaoportuaria-divulgacao-ATP.png\",\"contentUrl\":\"https:\/\/agenciainfra.com\/blog\/wp-content\/uploads\/2025\/06\/movimentacaoportuaria-divulgacao-ATP.png\",\"width\":644,\"height\":346},{\"@type\":\"BreadcrumbList\",\"@id\":\"https:\/\/agenciainfra.com\/blog\/navegacao-interior-e-atingida-pela-seca-mas-brasil-segue-como-um-dos-maiores-exportadores-de-graos-do-mundo\/#breadcrumb\",\"itemListElement\":[{\"@type\":\"ListItem\",\"position\":1,\"name\":\"In\u00edcio\",\"item\":\"https:\/\/agenciainfra.com\/blog\/\"},{\"@type\":\"ListItem\",\"position\":2,\"name\":\"Navega\u00e7\u00e3o interior \u00e9 atingida pela seca, mas Brasil segue como um dos maiores exportadores de gr\u00e3os do mundo\"}]},{\"@type\":\"WebSite\",\"@id\":\"https:\/\/agenciainfra.com\/blog\/#website\",\"url\":\"https:\/\/agenciainfra.com\/blog\/\",\"name\":\"Ag\u00eancia iNFRA\",\"description\":\"Multiplataforma de informa\u00e7\u00e3o jornal\u00edstica refer\u00eancia na \u00e1rea de infraestrutura no Brasil!\",\"publisher\":{\"@id\":\"https:\/\/agenciainfra.com\/blog\/#organization\"},\"potentialAction\":[{\"@type\":\"SearchAction\",\"target\":{\"@type\":\"EntryPoint\",\"urlTemplate\":\"https:\/\/agenciainfra.com\/blog\/?s={search_term_string}\"},\"query-input\":{\"@type\":\"PropertyValueSpecification\",\"valueRequired\":true,\"valueName\":\"search_term_string\"}}],\"inLanguage\":\"pt-BR\"},{\"@type\":\"Organization\",\"@id\":\"https:\/\/agenciainfra.com\/blog\/#organization\",\"name\":\"Ag\u00eancia iNFRA\",\"url\":\"https:\/\/agenciainfra.com\/blog\/\",\"logo\":{\"@type\":\"ImageObject\",\"inLanguage\":\"pt-BR\",\"@id\":\"https:\/\/agenciainfra.com\/blog\/#\/schema\/logo\/image\/\",\"url\":\"https:\/\/agenciainfra.com\/blog\/wp-content\/uploads\/2023\/09\/iNFRA_5-e1761735885940.png\",\"contentUrl\":\"https:\/\/agenciainfra.com\/blog\/wp-content\/uploads\/2023\/09\/iNFRA_5-e1761735885940.png\",\"width\":1672,\"height\":454,\"caption\":\"Ag\u00eancia iNFRA\"},\"image\":{\"@id\":\"https:\/\/agenciainfra.com\/blog\/#\/schema\/logo\/image\/\"},\"sameAs\":[\"https:\/\/www.facebook.com\/ageninfra\",\"https:\/\/x.com\/agencia_infra\",\"https:\/\/www.linkedin.com\/company\/ag\u00eanciainfra\/\",\"https:\/\/www.instagram.com\/agenciainfra\/\"]},{\"@type\":\"Person\",\"@id\":\"https:\/\/agenciainfra.com\/blog\/#\/schema\/person\/34af08dff6adea4cb22b06612ba7acfa\",\"name\":\"Ag\u00eancia iNFRA\",\"image\":{\"@type\":\"ImageObject\",\"inLanguage\":\"pt-BR\",\"@id\":\"https:\/\/agenciainfra.com\/blog\/#\/schema\/person\/image\/\",\"url\":\"https:\/\/secure.gravatar.com\/avatar\/d189e01678f06d8eb84d4e01f08eb848b3fffe3f8443818d3c356c66892f5be8?s=96&d=mm&r=g\",\"contentUrl\":\"https:\/\/secure.gravatar.com\/avatar\/d189e01678f06d8eb84d4e01f08eb848b3fffe3f8443818d3c356c66892f5be8?s=96&d=mm&r=g\",\"caption\":\"Ag\u00eancia iNFRA\"},\"url\":\"https:\/\/agenciainfra.com\/blog\/author\/admin\/\"}]}<\/script>\n<!-- \/ Yoast SEO Premium plugin. -->","yoast_head_json":{"title":"Navega\u00e7\u00e3o interior \u00e9 atingida pela seca, mas Brasil segue como um dos maiores exportadores de gr\u00e3os do mundo - Ag\u00eancia iNFRA","robots":{"index":"index","follow":"follow","max-snippet":"max-snippet:-1","max-image-preview":"max-image-preview:large","max-video-preview":"max-video-preview:-1"},"canonical":"https:\/\/agenciainfra.com\/blog\/navegacao-interior-e-atingida-pela-seca-mas-brasil-segue-como-um-dos-maiores-exportadores-de-graos-do-mundo\/","og_locale":"pt_BR","og_type":"article","og_title":"Navega\u00e7\u00e3o interior \u00e9 atingida pela seca, mas Brasil segue como um dos maiores exportadores de gr\u00e3os do mundo","og_description":"da Ag\u00eancia iNFRA Entre janeiro e mar\u00e7o, a movimenta\u00e7\u00e3o portu\u00e1ria registrou uma leve queda de 1,4% em rela\u00e7\u00e3o ao mesmo per\u00edodo de 2024. Segundo a ATP (Associa\u00e7\u00e3o de Terminais Portu\u00e1rios Privados), a retra\u00e7\u00e3o foi impulsionada pela seca que afetou a navega\u00e7\u00e3o interior, especialmente na Regi\u00e3o Norte. No entanto, ainda assim, os terminais portu\u00e1rios brasileiros movimentaram [&hellip;]","og_url":"https:\/\/agenciainfra.com\/blog\/navegacao-interior-e-atingida-pela-seca-mas-brasil-segue-como-um-dos-maiores-exportadores-de-graos-do-mundo\/","og_site_name":"Ag\u00eancia iNFRA","article_publisher":"https:\/\/www.facebook.com\/ageninfra","article_published_time":"2025-06-11T15:19:33+00:00","article_modified_time":"2025-06-12T11:10:09+00:00","og_image":[{"width":644,"height":346,"url":"https:\/\/agenciainfra.com\/blog\/wp-content\/uploads\/2025\/06\/movimentacaoportuaria-divulgacao-ATP.png","type":"image\/png"}],"author":"Ag\u00eancia iNFRA","twitter_card":"summary_large_image","twitter_creator":"@agencia_infra","twitter_site":"@agencia_infra","twitter_misc":{"Escrito por":"Ag\u00eancia iNFRA","Est. tempo de leitura":"1 minuto"},"schema":{"@context":"https:\/\/schema.org","@graph":[{"@type":"Article","@id":"https:\/\/agenciainfra.com\/blog\/navegacao-interior-e-atingida-pela-seca-mas-brasil-segue-como-um-dos-maiores-exportadores-de-graos-do-mundo\/#article","isPartOf":{"@id":"https:\/\/agenciainfra.com\/blog\/navegacao-interior-e-atingida-pela-seca-mas-brasil-segue-como-um-dos-maiores-exportadores-de-graos-do-mundo\/"},"author":{"name":"Ag\u00eancia iNFRA","@id":"https:\/\/agenciainfra.com\/blog\/#\/schema\/person\/34af08dff6adea4cb22b06612ba7acfa"},"headline":"Navega\u00e7\u00e3o interior \u00e9 atingida pela seca, mas Brasil segue como um dos maiores exportadores de gr\u00e3os do mundo","datePublished":"2025-06-11T15:19:33+00:00","dateModified":"2025-06-12T11:10:09+00:00","mainEntityOfPage":{"@id":"https:\/\/agenciainfra.com\/blog\/navegacao-interior-e-atingida-pela-seca-mas-brasil-segue-como-um-dos-maiores-exportadores-de-graos-do-mundo\/"},"wordCount":188,"publisher":{"@id":"https:\/\/agenciainfra.com\/blog\/#organization"},"image":{"@id":"https:\/\/agenciainfra.com\/blog\/navegacao-interior-e-atingida-pela-seca-mas-brasil-segue-como-um-dos-maiores-exportadores-de-graos-do-mundo\/#primaryimage"},"thumbnailUrl":"https:\/\/agenciainfra.com\/blog\/wp-content\/uploads\/2025\/06\/movimentacaoportuaria-divulgacao-ATP.png","keywords":["ATP","movimenta\u00e7\u00e3o portu\u00e1ria","navega\u00e7\u00e3o interior","portos"],"articleSection":["Geral","Giro iNFRA"],"inLanguage":"pt-BR","copyrightYear":"2025","copyrightHolder":{"@id":"https:\/\/agenciainfra.com\/blog\/#organization"}},{"@type":"WebPage","@id":"https:\/\/agenciainfra.com\/blog\/navegacao-interior-e-atingida-pela-seca-mas-brasil-segue-como-um-dos-maiores-exportadores-de-graos-do-mundo\/","url":"https:\/\/agenciainfra.com\/blog\/navegacao-interior-e-atingida-pela-seca-mas-brasil-segue-como-um-dos-maiores-exportadores-de-graos-do-mundo\/","name":"Navega\u00e7\u00e3o interior \u00e9 atingida pela seca, mas Brasil segue como um dos maiores exportadores de gr\u00e3os do mundo - Ag\u00eancia iNFRA","isPartOf":{"@id":"https:\/\/agenciainfra.com\/blog\/#website"},"primaryImageOfPage":{"@id":"https:\/\/agenciainfra.com\/blog\/navegacao-interior-e-atingida-pela-seca-mas-brasil-segue-como-um-dos-maiores-exportadores-de-graos-do-mundo\/#primaryimage"},"image":{"@id":"https:\/\/agenciainfra.com\/blog\/navegacao-interior-e-atingida-pela-seca-mas-brasil-segue-como-um-dos-maiores-exportadores-de-graos-do-mundo\/#primaryimage"},"thumbnailUrl":"https:\/\/agenciainfra.com\/blog\/wp-content\/uploads\/2025\/06\/movimentacaoportuaria-divulgacao-ATP.png","datePublished":"2025-06-11T15:19:33+00:00","dateModified":"2025-06-12T11:10:09+00:00","breadcrumb":{"@id":"https:\/\/agenciainfra.com\/blog\/navegacao-interior-e-atingida-pela-seca-mas-brasil-segue-como-um-dos-maiores-exportadores-de-graos-do-mundo\/#breadcrumb"},"inLanguage":"pt-BR","potentialAction":[{"@type":"ReadAction","target":["https:\/\/agenciainfra.com\/blog\/navegacao-interior-e-atingida-pela-seca-mas-brasil-segue-como-um-dos-maiores-exportadores-de-graos-do-mundo\/"]}]},{"@type":"ImageObject","inLanguage":"pt-BR","@id":"https:\/\/agenciainfra.com\/blog\/navegacao-interior-e-atingida-pela-seca-mas-brasil-segue-como-um-dos-maiores-exportadores-de-graos-do-mundo\/#primaryimage","url":"https:\/\/agenciainfra.com\/blog\/wp-content\/uploads\/2025\/06\/movimentacaoportuaria-divulgacao-ATP.png","contentUrl":"https:\/\/agenciainfra.com\/blog\/wp-content\/uploads\/2025\/06\/movimentacaoportuaria-divulgacao-ATP.png","width":644,"height":346},{"@type":"BreadcrumbList","@id":"https:\/\/agenciainfra.com\/blog\/navegacao-interior-e-atingida-pela-seca-mas-brasil-segue-como-um-dos-maiores-exportadores-de-graos-do-mundo\/#breadcrumb","itemListElement":[{"@type":"ListItem","position":1,"name":"In\u00edcio","item":"https:\/\/agenciainfra.com\/blog\/"},{"@type":"ListItem","position":2,"name":"Navega\u00e7\u00e3o interior \u00e9 atingida pela seca, mas Brasil segue como um dos maiores exportadores de gr\u00e3os do mundo"}]},{"@type":"WebSite","@id":"https:\/\/agenciainfra.com\/blog\/#website","url":"https:\/\/agenciainfra.com\/blog\/","name":"Ag\u00eancia iNFRA","description":"Multiplataforma de informa\u00e7\u00e3o jornal\u00edstica refer\u00eancia na \u00e1rea de infraestrutura no Brasil!","publisher":{"@id":"https:\/\/agenciainfra.com\/blog\/#organization"},"potentialAction":[{"@type":"SearchAction","target":{"@type":"EntryPoint","urlTemplate":"https:\/\/agenciainfra.com\/blog\/?s={search_term_string}"},"query-input":{"@type":"PropertyValueSpecification","valueRequired":true,"valueName":"search_term_string"}}],"inLanguage":"pt-BR"},{"@type":"Organization","@id":"https:\/\/agenciainfra.com\/blog\/#organization","name":"Ag\u00eancia iNFRA","url":"https:\/\/agenciainfra.com\/blog\/","logo":{"@type":"ImageObject","inLanguage":"pt-BR","@id":"https:\/\/agenciainfra.com\/blog\/#\/schema\/logo\/image\/","url":"https:\/\/agenciainfra.com\/blog\/wp-content\/uploads\/2023\/09\/iNFRA_5-e1761735885940.png","contentUrl":"https:\/\/agenciainfra.com\/blog\/wp-content\/uploads\/2023\/09\/iNFRA_5-e1761735885940.png","width":1672,"height":454,"caption":"Ag\u00eancia iNFRA"},"image":{"@id":"https:\/\/agenciainfra.com\/blog\/#\/schema\/logo\/image\/"},"sameAs":["https:\/\/www.facebook.com\/ageninfra","https:\/\/x.com\/agencia_infra","https:\/\/www.linkedin.com\/company\/ag\u00eanciainfra\/","https:\/\/www.instagram.com\/agenciainfra\/"]},{"@type":"Person","@id":"https:\/\/agenciainfra.com\/blog\/#\/schema\/person\/34af08dff6adea4cb22b06612ba7acfa","name":"Ag\u00eancia iNFRA","image":{"@type":"ImageObject","inLanguage":"pt-BR","@id":"https:\/\/agenciainfra.com\/blog\/#\/schema\/person\/image\/","url":"https:\/\/secure.gravatar.com\/avatar\/d189e01678f06d8eb84d4e01f08eb848b3fffe3f8443818d3c356c66892f5be8?s=96&d=mm&r=g","contentUrl":"https:\/\/secure.gravatar.com\/avatar\/d189e01678f06d8eb84d4e01f08eb848b3fffe3f8443818d3c356c66892f5be8?s=96&d=mm&r=g","caption":"Ag\u00eancia iNFRA"},"url":"https:\/\/agenciainfra.com\/blog\/author\/admin\/"}]}},"_links":{"self":[{"href":"https:\/\/agenciainfra.com\/blog\/wp-json\/wp\/v2\/posts\/22729","targetHints":{"allow":["GET"]}}],"collection":[{"href":"https:\/\/agenciainfra.com\/blog\/wp-json\/wp\/v2\/posts"}],"about":[{"href":"https:\/\/agenciainfra.com\/blog\/wp-json\/wp\/v2\/types\/post"}],"author":[{"embeddable":true,"href":"https:\/\/agenciainfra.com\/blog\/wp-json\/wp\/v2\/users\/1"}],"replies":[{"embeddable":true,"href":"https:\/\/agenciainfra.com\/blog\/wp-json\/wp\/v2\/comments?post=22729"}],"version-history":[{"count":2,"href":"https:\/\/agenciainfra.com\/blog\/wp-json\/wp\/v2\/posts\/22729\/revisions"}],"predecessor-version":[{"id":22736,"href":"https:\/\/agenciainfra.com\/blog\/wp-json\/wp\/v2\/posts\/22729\/revisions\/22736"}],"wp:featuredmedia":[{"embeddable":true,"href":"https:\/\/agenciainfra.com\/blog\/wp-json\/wp\/v2\/media\/22730"}],"wp:attachment":[{"href":"https:\/\/agenciainfra.com\/blog\/wp-json\/wp\/v2\/media?parent=22729"}],"wp:term":[{"taxonomy":"category","embeddable":true,"href":"https:\/\/agenciainfra.com\/blog\/wp-json\/wp\/v2\/categories?post=22729"},{"taxonomy":"post_tag","embeddable":true,"href":"https:\/\/agenciainfra.com\/blog\/wp-json\/wp\/v2\/tags?post=22729"}],"curies":[{"name":"wp","href":"https:\/\/api.w.org\/{rel}","templated":true}]}}