{"id":22750,"date":"2025-06-11T14:24:57","date_gmt":"2025-06-11T17:24:57","guid":{"rendered":"https:\/\/agenciainfra.com\/blog\/?p=22750"},"modified":"2025-06-12T10:01:19","modified_gmt":"2025-06-12T13:01:19","slug":"tecon-santos-10-me-sinto-muito-confortavel-com-decisao-da-antaq-toda-indicada-por-governo-bolsonaro-diz-costa-filho","status":"publish","type":"post","link":"https:\/\/agenciainfra.com\/blog\/tecon-santos-10-me-sinto-muito-confortavel-com-decisao-da-antaq-toda-indicada-por-governo-bolsonaro-diz-costa-filho\/","title":{"rendered":"Tecon Santos 10: Eu me sinto muito confort\u00e1vel com decis\u00e3o da ANTAQ, toda indicada por governo Bolsonaro, diz Costa Filho"},"content":{"rendered":"\n<p class=\"has-text-align-right\"><strong>Amanda Pupo, da Ag\u00eancia iNFRA<\/strong><\/p>\n\n\n\n<p>O ministro de Portos e Aeroportos, Silvio Costa Filho, afirmou nesta quarta-feira (11) que o governo vai aguardar a decis\u00e3o do TCU (Tribunal de Contas da Uni\u00e3o) sobre a an\u00e1lise do processo de leil\u00e3o do Tecon Santos 10 e disse estar &#8220;muito confort\u00e1vel\u201d em rela\u00e7\u00e3o \u00e0 decis\u00e3o da ANTAQ (Ag\u00eancia Nacional de Transportes Aquavi\u00e1rios). O \u00f3rg\u00e3o desenhou um certame onde operadores que j\u00e1 est\u00e3o no Porto de Santos n\u00e3o podem disputar o ativo na primeira etapa.<\/p>\n\n\n\n<p>Ao falar da ag\u00eancia, o ministro mencionou que &#8220;quem indicou toda a diretoria da ANTAQ foi o governo anterior&#8221;. &#8220;Eu me sinto muito confort\u00e1vel em rela\u00e7\u00e3o \u00e0 decis\u00e3o porque a ANTAQ foi toda indicada pelo governo Bolsonaro. Ent\u00e3o, quem indicou toda a diretoria da ANTAQ foi o governo anterior. N\u00e3o foi o nosso governo. N\u00f3s temos que respeitar a decis\u00e3o da ANTAQ&#8221;, disse a jornalistas ap\u00f3s participar do 3\u00ba Simp\u00f3sio Liberdade Econ\u00f4mica, em Bras\u00edlia.<\/p>\n\n\n\n<p>Ele foi questionado tamb\u00e9m sobre uma eventual judicializa\u00e7\u00e3o do processo e repercuss\u00f5es no leil\u00e3o. O ministro reconheceu que &#8220;naturalmente complica um pouco, mas faz parte do processo&#8221;. &#8220;Hoje, infelizmente, existe no Brasil a banaliza\u00e7\u00e3o da judicializa\u00e7\u00e3o&#8221;, respondeu.<\/p>\n\n\n\n<p>Costa Filho ainda mencionou que o TCU vai analisar se h\u00e1 concentra\u00e7\u00e3o de mercado ou n\u00e3o e que o governo defende que o certame atraia &#8220;grandes players de todo mundo&#8221;. &#8220;\u00c9 o que a gente t\u00e1 defendendo, mas a gente vai aguardar a decis\u00e3o final do Tribunal de Contas da Uni\u00e3o [\u2026] N\u00f3s temos que respeitar, mas eu acho que \u00e9 muito importante a posi\u00e7\u00e3o do Tribunal de Contas para que a gente possa tecnicamente qualificar ainda mais a nossa posi\u00e7\u00e3o&#8221;, concluiu.<\/p>\n","protected":false},"excerpt":{"rendered":"<p>Amanda Pupo, da Ag\u00eancia iNFRA O ministro de Portos e Aeroportos, Silvio Costa Filho, afirmou nesta quarta-feira (11) que o governo vai aguardar a decis\u00e3o do TCU (Tribunal de Contas da Uni\u00e3o) sobre a an\u00e1lise do processo de leil\u00e3o do Tecon Santos 10 e disse estar &#8220;muito confort\u00e1vel\u201d em rela\u00e7\u00e3o \u00e0 decis\u00e3o da ANTAQ (Ag\u00eancia [&hellip;]<\/p>\n","protected":false},"author":1,"featured_media":17216,"comment_status":"closed","ping_status":"closed","sticky":false,"template":"","format":"standard","meta":{"_monsterinsights_skip_tracking":false,"_monsterinsights_sitenote_active":false,"_monsterinsights_sitenote_note":"","_monsterinsights_sitenote_category":0,"footnotes":""},"categories":[1,7],"tags":[13354,86,4754,260,7467,18,12352,12474],"class_list":["post-22750","post","type-post","status-publish","format-standard","has-post-thumbnail","hentry","category-geral","category-infratransporte","tag-amanda-pupo","tag-antaq","tag-leilao-portuario","tag-porto-de-santos","tag-silvio-costa-filho","tag-tcu","tag-tecon-10","tag-tecon-santos-10"],"yoast_head":"<!-- This site is optimized with the Yoast SEO Premium plugin v25.4 (Yoast SEO v26.0) - https:\/\/yoast.com\/wordpress\/plugins\/seo\/ -->\n<title>Tecon Santos 10: Eu me sinto muito confort\u00e1vel com decis\u00e3o da ANTAQ, toda indicada por governo Bolsonaro, diz Costa Filho - Ag\u00eancia iNFRA<\/title>\n<meta name=\"robots\" content=\"index, follow, max-snippet:-1, max-image-preview:large, max-video-preview:-1\" \/>\n<link rel=\"canonical\" href=\"https:\/\/agenciainfra.com\/blog\/tecon-santos-10-me-sinto-muito-confortavel-com-decisao-da-antaq-toda-indicada-por-governo-bolsonaro-diz-costa-filho\/\" \/>\n<meta property=\"og:locale\" content=\"pt_BR\" \/>\n<meta property=\"og:type\" content=\"article\" \/>\n<meta property=\"og:title\" content=\"Tecon Santos 10: Eu me sinto muito confort\u00e1vel com decis\u00e3o da ANTAQ, toda indicada por governo Bolsonaro, diz Costa Filho\" \/>\n<meta property=\"og:description\" content=\"Amanda Pupo, da Ag\u00eancia iNFRA O ministro de Portos e Aeroportos, Silvio Costa Filho, afirmou nesta quarta-feira (11) que o governo vai aguardar a decis\u00e3o do TCU (Tribunal de Contas da Uni\u00e3o) sobre a an\u00e1lise do processo de leil\u00e3o do Tecon Santos 10 e disse estar &#8220;muito confort\u00e1vel\u201d em rela\u00e7\u00e3o \u00e0 decis\u00e3o da ANTAQ (Ag\u00eancia [&hellip;]\" \/>\n<meta property=\"og:url\" content=\"https:\/\/agenciainfra.com\/blog\/tecon-santos-10-me-sinto-muito-confortavel-com-decisao-da-antaq-toda-indicada-por-governo-bolsonaro-diz-costa-filho\/\" \/>\n<meta property=\"og:site_name\" content=\"Ag\u00eancia iNFRA\" \/>\n<meta property=\"article:publisher\" content=\"https:\/\/www.facebook.com\/ageninfra\" \/>\n<meta property=\"article:published_time\" content=\"2025-06-11T17:24:57+00:00\" \/>\n<meta property=\"article:modified_time\" content=\"2025-06-12T13:01:19+00:00\" \/>\n<meta property=\"og:image\" content=\"https:\/\/agenciainfra.com\/blog\/wp-content\/uploads\/2024\/06\/silvio-costa-filho-foto-agencia-brasil-2.jpg\" \/>\n\t<meta property=\"og:image:width\" content=\"1202\" \/>\n\t<meta property=\"og:image:height\" content=\"801\" \/>\n\t<meta property=\"og:image:type\" content=\"image\/jpeg\" \/>\n<meta name=\"author\" content=\"Ag\u00eancia iNFRA\" \/>\n<meta name=\"twitter:card\" content=\"summary_large_image\" \/>\n<meta name=\"twitter:creator\" content=\"@agencia_infra\" \/>\n<meta name=\"twitter:site\" content=\"@agencia_infra\" \/>\n<meta name=\"twitter:label1\" content=\"Escrito por\" \/>\n\t<meta name=\"twitter:data1\" content=\"Ag\u00eancia iNFRA\" \/>\n\t<meta name=\"twitter:label2\" content=\"Est. tempo de leitura\" \/>\n\t<meta name=\"twitter:data2\" content=\"2 minutos\" \/>\n<script type=\"application\/ld+json\" class=\"yoast-schema-graph\">{\"@context\":\"https:\/\/schema.org\",\"@graph\":[{\"@type\":\"Article\",\"@id\":\"https:\/\/agenciainfra.com\/blog\/tecon-santos-10-me-sinto-muito-confortavel-com-decisao-da-antaq-toda-indicada-por-governo-bolsonaro-diz-costa-filho\/#article\",\"isPartOf\":{\"@id\":\"https:\/\/agenciainfra.com\/blog\/tecon-santos-10-me-sinto-muito-confortavel-com-decisao-da-antaq-toda-indicada-por-governo-bolsonaro-diz-costa-filho\/\"},\"author\":{\"name\":\"Ag\u00eancia iNFRA\",\"@id\":\"https:\/\/agenciainfra.com\/blog\/#\/schema\/person\/34af08dff6adea4cb22b06612ba7acfa\"},\"headline\":\"Tecon Santos 10: Eu me sinto muito confort\u00e1vel com decis\u00e3o da ANTAQ, toda indicada por governo Bolsonaro, diz Costa Filho\",\"datePublished\":\"2025-06-11T17:24:57+00:00\",\"dateModified\":\"2025-06-12T13:01:19+00:00\",\"mainEntityOfPage\":{\"@id\":\"https:\/\/agenciainfra.com\/blog\/tecon-santos-10-me-sinto-muito-confortavel-com-decisao-da-antaq-toda-indicada-por-governo-bolsonaro-diz-costa-filho\/\"},\"wordCount\":325,\"publisher\":{\"@id\":\"https:\/\/agenciainfra.com\/blog\/#organization\"},\"image\":{\"@id\":\"https:\/\/agenciainfra.com\/blog\/tecon-santos-10-me-sinto-muito-confortavel-com-decisao-da-antaq-toda-indicada-por-governo-bolsonaro-diz-costa-filho\/#primaryimage\"},\"thumbnailUrl\":\"https:\/\/agenciainfra.com\/blog\/wp-content\/uploads\/2024\/06\/silvio-costa-filho-foto-agencia-brasil-2.jpg\",\"keywords\":[\"Amanda Pupo\",\"ANTAQ\",\"leil\u00e3o portu\u00e1rio\",\"Porto de Santos\",\"Silvio Costa Filho\",\"TCU\",\"Tecon 10\",\"Tecon Santos 10\"],\"articleSection\":[\"Geral\",\"iNFRATransporte\"],\"inLanguage\":\"pt-BR\",\"copyrightYear\":\"2025\",\"copyrightHolder\":{\"@id\":\"https:\/\/agenciainfra.com\/blog\/#organization\"}},{\"@type\":\"WebPage\",\"@id\":\"https:\/\/agenciainfra.com\/blog\/tecon-santos-10-me-sinto-muito-confortavel-com-decisao-da-antaq-toda-indicada-por-governo-bolsonaro-diz-costa-filho\/\",\"url\":\"https:\/\/agenciainfra.com\/blog\/tecon-santos-10-me-sinto-muito-confortavel-com-decisao-da-antaq-toda-indicada-por-governo-bolsonaro-diz-costa-filho\/\",\"name\":\"Tecon Santos 10: Eu me sinto muito confort\u00e1vel com decis\u00e3o da ANTAQ, toda indicada por governo Bolsonaro, diz Costa Filho - Ag\u00eancia iNFRA\",\"isPartOf\":{\"@id\":\"https:\/\/agenciainfra.com\/blog\/#website\"},\"primaryImageOfPage\":{\"@id\":\"https:\/\/agenciainfra.com\/blog\/tecon-santos-10-me-sinto-muito-confortavel-com-decisao-da-antaq-toda-indicada-por-governo-bolsonaro-diz-costa-filho\/#primaryimage\"},\"image\":{\"@id\":\"https:\/\/agenciainfra.com\/blog\/tecon-santos-10-me-sinto-muito-confortavel-com-decisao-da-antaq-toda-indicada-por-governo-bolsonaro-diz-costa-filho\/#primaryimage\"},\"thumbnailUrl\":\"https:\/\/agenciainfra.com\/blog\/wp-content\/uploads\/2024\/06\/silvio-costa-filho-foto-agencia-brasil-2.jpg\",\"datePublished\":\"2025-06-11T17:24:57+00:00\",\"dateModified\":\"2025-06-12T13:01:19+00:00\",\"breadcrumb\":{\"@id\":\"https:\/\/agenciainfra.com\/blog\/tecon-santos-10-me-sinto-muito-confortavel-com-decisao-da-antaq-toda-indicada-por-governo-bolsonaro-diz-costa-filho\/#breadcrumb\"},\"inLanguage\":\"pt-BR\",\"potentialAction\":[{\"@type\":\"ReadAction\",\"target\":[\"https:\/\/agenciainfra.com\/blog\/tecon-santos-10-me-sinto-muito-confortavel-com-decisao-da-antaq-toda-indicada-por-governo-bolsonaro-diz-costa-filho\/\"]}]},{\"@type\":\"ImageObject\",\"inLanguage\":\"pt-BR\",\"@id\":\"https:\/\/agenciainfra.com\/blog\/tecon-santos-10-me-sinto-muito-confortavel-com-decisao-da-antaq-toda-indicada-por-governo-bolsonaro-diz-costa-filho\/#primaryimage\",\"url\":\"https:\/\/agenciainfra.com\/blog\/wp-content\/uploads\/2024\/06\/silvio-costa-filho-foto-agencia-brasil-2.jpg\",\"contentUrl\":\"https:\/\/agenciainfra.com\/blog\/wp-content\/uploads\/2024\/06\/silvio-costa-filho-foto-agencia-brasil-2.jpg\",\"width\":1202,\"height\":801},{\"@type\":\"BreadcrumbList\",\"@id\":\"https:\/\/agenciainfra.com\/blog\/tecon-santos-10-me-sinto-muito-confortavel-com-decisao-da-antaq-toda-indicada-por-governo-bolsonaro-diz-costa-filho\/#breadcrumb\",\"itemListElement\":[{\"@type\":\"ListItem\",\"position\":1,\"name\":\"In\u00edcio\",\"item\":\"https:\/\/agenciainfra.com\/blog\/\"},{\"@type\":\"ListItem\",\"position\":2,\"name\":\"Tecon Santos 10: Eu me sinto muito confort\u00e1vel com decis\u00e3o da ANTAQ, toda indicada por governo Bolsonaro, diz Costa Filho\"}]},{\"@type\":\"WebSite\",\"@id\":\"https:\/\/agenciainfra.com\/blog\/#website\",\"url\":\"https:\/\/agenciainfra.com\/blog\/\",\"name\":\"Ag\u00eancia iNFRA\",\"description\":\"Multiplataforma de informa\u00e7\u00e3o jornal\u00edstica refer\u00eancia na \u00e1rea de infraestrutura no Brasil!\",\"publisher\":{\"@id\":\"https:\/\/agenciainfra.com\/blog\/#organization\"},\"potentialAction\":[{\"@type\":\"SearchAction\",\"target\":{\"@type\":\"EntryPoint\",\"urlTemplate\":\"https:\/\/agenciainfra.com\/blog\/?s={search_term_string}\"},\"query-input\":{\"@type\":\"PropertyValueSpecification\",\"valueRequired\":true,\"valueName\":\"search_term_string\"}}],\"inLanguage\":\"pt-BR\"},{\"@type\":\"Organization\",\"@id\":\"https:\/\/agenciainfra.com\/blog\/#organization\",\"name\":\"Ag\u00eancia iNFRA\",\"url\":\"https:\/\/agenciainfra.com\/blog\/\",\"logo\":{\"@type\":\"ImageObject\",\"inLanguage\":\"pt-BR\",\"@id\":\"https:\/\/agenciainfra.com\/blog\/#\/schema\/logo\/image\/\",\"url\":\"https:\/\/agenciainfra.com\/blog\/wp-content\/uploads\/2023\/09\/iNFRA_5-e1761735885940.png\",\"contentUrl\":\"https:\/\/agenciainfra.com\/blog\/wp-content\/uploads\/2023\/09\/iNFRA_5-e1761735885940.png\",\"width\":1672,\"height\":454,\"caption\":\"Ag\u00eancia iNFRA\"},\"image\":{\"@id\":\"https:\/\/agenciainfra.com\/blog\/#\/schema\/logo\/image\/\"},\"sameAs\":[\"https:\/\/www.facebook.com\/ageninfra\",\"https:\/\/x.com\/agencia_infra\",\"https:\/\/www.linkedin.com\/company\/ag\u00eanciainfra\/\",\"https:\/\/www.instagram.com\/agenciainfra\/\"]},{\"@type\":\"Person\",\"@id\":\"https:\/\/agenciainfra.com\/blog\/#\/schema\/person\/34af08dff6adea4cb22b06612ba7acfa\",\"name\":\"Ag\u00eancia iNFRA\",\"image\":{\"@type\":\"ImageObject\",\"inLanguage\":\"pt-BR\",\"@id\":\"https:\/\/agenciainfra.com\/blog\/#\/schema\/person\/image\/\",\"url\":\"https:\/\/secure.gravatar.com\/avatar\/d189e01678f06d8eb84d4e01f08eb848b3fffe3f8443818d3c356c66892f5be8?s=96&d=mm&r=g\",\"contentUrl\":\"https:\/\/secure.gravatar.com\/avatar\/d189e01678f06d8eb84d4e01f08eb848b3fffe3f8443818d3c356c66892f5be8?s=96&d=mm&r=g\",\"caption\":\"Ag\u00eancia iNFRA\"},\"url\":\"https:\/\/agenciainfra.com\/blog\/author\/admin\/\"}]}<\/script>\n<!-- \/ Yoast SEO Premium plugin. -->","yoast_head_json":{"title":"Tecon Santos 10: Eu me sinto muito confort\u00e1vel com decis\u00e3o da ANTAQ, toda indicada por governo Bolsonaro, diz Costa Filho - Ag\u00eancia iNFRA","robots":{"index":"index","follow":"follow","max-snippet":"max-snippet:-1","max-image-preview":"max-image-preview:large","max-video-preview":"max-video-preview:-1"},"canonical":"https:\/\/agenciainfra.com\/blog\/tecon-santos-10-me-sinto-muito-confortavel-com-decisao-da-antaq-toda-indicada-por-governo-bolsonaro-diz-costa-filho\/","og_locale":"pt_BR","og_type":"article","og_title":"Tecon Santos 10: Eu me sinto muito confort\u00e1vel com decis\u00e3o da ANTAQ, toda indicada por governo Bolsonaro, diz Costa Filho","og_description":"Amanda Pupo, da Ag\u00eancia iNFRA O ministro de Portos e Aeroportos, Silvio Costa Filho, afirmou nesta quarta-feira (11) que o governo vai aguardar a decis\u00e3o do TCU (Tribunal de Contas da Uni\u00e3o) sobre a an\u00e1lise do processo de leil\u00e3o do Tecon Santos 10 e disse estar &#8220;muito confort\u00e1vel\u201d em rela\u00e7\u00e3o \u00e0 decis\u00e3o da ANTAQ (Ag\u00eancia [&hellip;]","og_url":"https:\/\/agenciainfra.com\/blog\/tecon-santos-10-me-sinto-muito-confortavel-com-decisao-da-antaq-toda-indicada-por-governo-bolsonaro-diz-costa-filho\/","og_site_name":"Ag\u00eancia iNFRA","article_publisher":"https:\/\/www.facebook.com\/ageninfra","article_published_time":"2025-06-11T17:24:57+00:00","article_modified_time":"2025-06-12T13:01:19+00:00","og_image":[{"width":1202,"height":801,"url":"https:\/\/agenciainfra.com\/blog\/wp-content\/uploads\/2024\/06\/silvio-costa-filho-foto-agencia-brasil-2.jpg","type":"image\/jpeg"}],"author":"Ag\u00eancia iNFRA","twitter_card":"summary_large_image","twitter_creator":"@agencia_infra","twitter_site":"@agencia_infra","twitter_misc":{"Escrito por":"Ag\u00eancia iNFRA","Est. tempo de leitura":"2 minutos"},"schema":{"@context":"https:\/\/schema.org","@graph":[{"@type":"Article","@id":"https:\/\/agenciainfra.com\/blog\/tecon-santos-10-me-sinto-muito-confortavel-com-decisao-da-antaq-toda-indicada-por-governo-bolsonaro-diz-costa-filho\/#article","isPartOf":{"@id":"https:\/\/agenciainfra.com\/blog\/tecon-santos-10-me-sinto-muito-confortavel-com-decisao-da-antaq-toda-indicada-por-governo-bolsonaro-diz-costa-filho\/"},"author":{"name":"Ag\u00eancia iNFRA","@id":"https:\/\/agenciainfra.com\/blog\/#\/schema\/person\/34af08dff6adea4cb22b06612ba7acfa"},"headline":"Tecon Santos 10: Eu me sinto muito confort\u00e1vel com decis\u00e3o da ANTAQ, toda indicada por governo Bolsonaro, diz Costa Filho","datePublished":"2025-06-11T17:24:57+00:00","dateModified":"2025-06-12T13:01:19+00:00","mainEntityOfPage":{"@id":"https:\/\/agenciainfra.com\/blog\/tecon-santos-10-me-sinto-muito-confortavel-com-decisao-da-antaq-toda-indicada-por-governo-bolsonaro-diz-costa-filho\/"},"wordCount":325,"publisher":{"@id":"https:\/\/agenciainfra.com\/blog\/#organization"},"image":{"@id":"https:\/\/agenciainfra.com\/blog\/tecon-santos-10-me-sinto-muito-confortavel-com-decisao-da-antaq-toda-indicada-por-governo-bolsonaro-diz-costa-filho\/#primaryimage"},"thumbnailUrl":"https:\/\/agenciainfra.com\/blog\/wp-content\/uploads\/2024\/06\/silvio-costa-filho-foto-agencia-brasil-2.jpg","keywords":["Amanda Pupo","ANTAQ","leil\u00e3o portu\u00e1rio","Porto de Santos","Silvio Costa Filho","TCU","Tecon 10","Tecon Santos 10"],"articleSection":["Geral","iNFRATransporte"],"inLanguage":"pt-BR","copyrightYear":"2025","copyrightHolder":{"@id":"https:\/\/agenciainfra.com\/blog\/#organization"}},{"@type":"WebPage","@id":"https:\/\/agenciainfra.com\/blog\/tecon-santos-10-me-sinto-muito-confortavel-com-decisao-da-antaq-toda-indicada-por-governo-bolsonaro-diz-costa-filho\/","url":"https:\/\/agenciainfra.com\/blog\/tecon-santos-10-me-sinto-muito-confortavel-com-decisao-da-antaq-toda-indicada-por-governo-bolsonaro-diz-costa-filho\/","name":"Tecon Santos 10: Eu me sinto muito confort\u00e1vel com decis\u00e3o da ANTAQ, toda indicada por governo Bolsonaro, diz Costa Filho - Ag\u00eancia iNFRA","isPartOf":{"@id":"https:\/\/agenciainfra.com\/blog\/#website"},"primaryImageOfPage":{"@id":"https:\/\/agenciainfra.com\/blog\/tecon-santos-10-me-sinto-muito-confortavel-com-decisao-da-antaq-toda-indicada-por-governo-bolsonaro-diz-costa-filho\/#primaryimage"},"image":{"@id":"https:\/\/agenciainfra.com\/blog\/tecon-santos-10-me-sinto-muito-confortavel-com-decisao-da-antaq-toda-indicada-por-governo-bolsonaro-diz-costa-filho\/#primaryimage"},"thumbnailUrl":"https:\/\/agenciainfra.com\/blog\/wp-content\/uploads\/2024\/06\/silvio-costa-filho-foto-agencia-brasil-2.jpg","datePublished":"2025-06-11T17:24:57+00:00","dateModified":"2025-06-12T13:01:19+00:00","breadcrumb":{"@id":"https:\/\/agenciainfra.com\/blog\/tecon-santos-10-me-sinto-muito-confortavel-com-decisao-da-antaq-toda-indicada-por-governo-bolsonaro-diz-costa-filho\/#breadcrumb"},"inLanguage":"pt-BR","potentialAction":[{"@type":"ReadAction","target":["https:\/\/agenciainfra.com\/blog\/tecon-santos-10-me-sinto-muito-confortavel-com-decisao-da-antaq-toda-indicada-por-governo-bolsonaro-diz-costa-filho\/"]}]},{"@type":"ImageObject","inLanguage":"pt-BR","@id":"https:\/\/agenciainfra.com\/blog\/tecon-santos-10-me-sinto-muito-confortavel-com-decisao-da-antaq-toda-indicada-por-governo-bolsonaro-diz-costa-filho\/#primaryimage","url":"https:\/\/agenciainfra.com\/blog\/wp-content\/uploads\/2024\/06\/silvio-costa-filho-foto-agencia-brasil-2.jpg","contentUrl":"https:\/\/agenciainfra.com\/blog\/wp-content\/uploads\/2024\/06\/silvio-costa-filho-foto-agencia-brasil-2.jpg","width":1202,"height":801},{"@type":"BreadcrumbList","@id":"https:\/\/agenciainfra.com\/blog\/tecon-santos-10-me-sinto-muito-confortavel-com-decisao-da-antaq-toda-indicada-por-governo-bolsonaro-diz-costa-filho\/#breadcrumb","itemListElement":[{"@type":"ListItem","position":1,"name":"In\u00edcio","item":"https:\/\/agenciainfra.com\/blog\/"},{"@type":"ListItem","position":2,"name":"Tecon Santos 10: Eu me sinto muito confort\u00e1vel com decis\u00e3o da ANTAQ, toda indicada por governo Bolsonaro, diz Costa Filho"}]},{"@type":"WebSite","@id":"https:\/\/agenciainfra.com\/blog\/#website","url":"https:\/\/agenciainfra.com\/blog\/","name":"Ag\u00eancia iNFRA","description":"Multiplataforma de informa\u00e7\u00e3o jornal\u00edstica refer\u00eancia na \u00e1rea de infraestrutura no Brasil!","publisher":{"@id":"https:\/\/agenciainfra.com\/blog\/#organization"},"potentialAction":[{"@type":"SearchAction","target":{"@type":"EntryPoint","urlTemplate":"https:\/\/agenciainfra.com\/blog\/?s={search_term_string}"},"query-input":{"@type":"PropertyValueSpecification","valueRequired":true,"valueName":"search_term_string"}}],"inLanguage":"pt-BR"},{"@type":"Organization","@id":"https:\/\/agenciainfra.com\/blog\/#organization","name":"Ag\u00eancia iNFRA","url":"https:\/\/agenciainfra.com\/blog\/","logo":{"@type":"ImageObject","inLanguage":"pt-BR","@id":"https:\/\/agenciainfra.com\/blog\/#\/schema\/logo\/image\/","url":"https:\/\/agenciainfra.com\/blog\/wp-content\/uploads\/2023\/09\/iNFRA_5-e1761735885940.png","contentUrl":"https:\/\/agenciainfra.com\/blog\/wp-content\/uploads\/2023\/09\/iNFRA_5-e1761735885940.png","width":1672,"height":454,"caption":"Ag\u00eancia iNFRA"},"image":{"@id":"https:\/\/agenciainfra.com\/blog\/#\/schema\/logo\/image\/"},"sameAs":["https:\/\/www.facebook.com\/ageninfra","https:\/\/x.com\/agencia_infra","https:\/\/www.linkedin.com\/company\/ag\u00eanciainfra\/","https:\/\/www.instagram.com\/agenciainfra\/"]},{"@type":"Person","@id":"https:\/\/agenciainfra.com\/blog\/#\/schema\/person\/34af08dff6adea4cb22b06612ba7acfa","name":"Ag\u00eancia iNFRA","image":{"@type":"ImageObject","inLanguage":"pt-BR","@id":"https:\/\/agenciainfra.com\/blog\/#\/schema\/person\/image\/","url":"https:\/\/secure.gravatar.com\/avatar\/d189e01678f06d8eb84d4e01f08eb848b3fffe3f8443818d3c356c66892f5be8?s=96&d=mm&r=g","contentUrl":"https:\/\/secure.gravatar.com\/avatar\/d189e01678f06d8eb84d4e01f08eb848b3fffe3f8443818d3c356c66892f5be8?s=96&d=mm&r=g","caption":"Ag\u00eancia iNFRA"},"url":"https:\/\/agenciainfra.com\/blog\/author\/admin\/"}]}},"_links":{"self":[{"href":"https:\/\/agenciainfra.com\/blog\/wp-json\/wp\/v2\/posts\/22750","targetHints":{"allow":["GET"]}}],"collection":[{"href":"https:\/\/agenciainfra.com\/blog\/wp-json\/wp\/v2\/posts"}],"about":[{"href":"https:\/\/agenciainfra.com\/blog\/wp-json\/wp\/v2\/types\/post"}],"author":[{"embeddable":true,"href":"https:\/\/agenciainfra.com\/blog\/wp-json\/wp\/v2\/users\/1"}],"replies":[{"embeddable":true,"href":"https:\/\/agenciainfra.com\/blog\/wp-json\/wp\/v2\/comments?post=22750"}],"version-history":[{"count":3,"href":"https:\/\/agenciainfra.com\/blog\/wp-json\/wp\/v2\/posts\/22750\/revisions"}],"predecessor-version":[{"id":22756,"href":"https:\/\/agenciainfra.com\/blog\/wp-json\/wp\/v2\/posts\/22750\/revisions\/22756"}],"wp:featuredmedia":[{"embeddable":true,"href":"https:\/\/agenciainfra.com\/blog\/wp-json\/wp\/v2\/media\/17216"}],"wp:attachment":[{"href":"https:\/\/agenciainfra.com\/blog\/wp-json\/wp\/v2\/media?parent=22750"}],"wp:term":[{"taxonomy":"category","embeddable":true,"href":"https:\/\/agenciainfra.com\/blog\/wp-json\/wp\/v2\/categories?post=22750"},{"taxonomy":"post_tag","embeddable":true,"href":"https:\/\/agenciainfra.com\/blog\/wp-json\/wp\/v2\/tags?post=22750"}],"curies":[{"name":"wp","href":"https:\/\/api.w.org\/{rel}","templated":true}]}}