{"id":22780,"date":"2025-06-12T08:30:00","date_gmt":"2025-06-12T11:30:00","guid":{"rendered":"https:\/\/agenciainfra.com\/blog\/?p=22780"},"modified":"2025-06-13T10:08:15","modified_gmt":"2025-06-13T13:08:15","slug":"mme-planeja-primeiro-leilao-de-gas-da-ppsa-em-dezembro-dizem-fontes-apos-reuniao-com-a-pasta","status":"publish","type":"post","link":"https:\/\/agenciainfra.com\/blog\/mme-planeja-primeiro-leilao-de-gas-da-ppsa-em-dezembro-dizem-fontes-apos-reuniao-com-a-pasta\/","title":{"rendered":"MME planeja primeiro leil\u00e3o de g\u00e1s da PPSA em dezembro, dizem fontes ap\u00f3s reuni\u00e3o com a pasta"},"content":{"rendered":"\n<p class=\"has-text-align-right\"><strong>Lais Carregosa e Gabriel Vasconcelos, da Ag\u00eancia iNFRA<\/strong><\/p>\n\n\n\n<p>O MME (Minist\u00e9rio de Minas e Energia) planeja realizar o primeiro leil\u00e3o de g\u00e1s natural da Uni\u00e3o em dezembro deste ano, com in\u00edcio de suprimento em 2026, disseram fontes \u00e0\u00a0<strong>Ag\u00eancia iNFRA<\/strong>. A informa\u00e7\u00e3o foi divulgada em reuni\u00e3o com empresas e associa\u00e7\u00f5es de consumidores industriais na quarta-feira (11), na sede da pasta, em Bras\u00edlia.<br>\u00a0<br>O plano\u00a0\u00e9 que o governo oferte 300 mil metros c\u00fabicos por dia (m\u00b3\/dia) de g\u00e1s da PPSA (Pr\u00e9-Sal Petr\u00f3leo SA) no leil\u00e3o. No pr\u00f3ximo ano, seriam ofertados mais 3 milh\u00f5es de m\u00b3\/dia, com in\u00edcio de suprimento em 2027.<br>\u00a0<br><strong>Pre\u00e7o<\/strong><br>O governo apresentou a proposta \u00e0 ind\u00fastria, com a previs\u00e3o de que o valor inicial do leil\u00e3o seja de US$ 3,73 por milh\u00e3o de BTU (unidade de medida do g\u00e1s). Esse pre\u00e7o \u00e9 considerado baixo no setor, que est\u00e1 acostumado a pagar cerca de US$ 14 por milh\u00e3o de BTU.<br>\u00a0<br>O valor projetado pelo MME considera a mol\u00e9cula em US$ 1,50 por milh\u00e3o de BTU. J\u00e1 a remunera\u00e7\u00e3o da Petrobras pelo uso do gasoduto de escoamento Rota 3 e da unidade de processamento de g\u00e1s Boaventura (antigo Comperj) seriam US$ 1,39 e US$ 0,84, nessa ordem.<br>\u00a0<br>Como a estatal det\u00e9m a maior parte das infraestruturas essenciais ao mercado de g\u00e1s natural, o valor que ela cobra \u00e9 essencial para determinar o pre\u00e7o final da mol\u00e9cula. A conta do MME considera a remunera\u00e7\u00e3o da Petrobras como o valor \u201cjusto e adequado\u201d definido por consulta p\u00fablica realizada pela EPE (Empresa de Pesquisa Energ\u00e9tica). Falta incluir no c\u00e1lculo, entretanto, a remunera\u00e7\u00e3o da estatal como \u201cagente comercializador\u201d do g\u00e1s natural.<br>\u00a0<br><strong>Acesso \u00e0 infraestrutura da Petrobras<\/strong><br>No fim de maio, o diretor de Administra\u00e7\u00e3o, Finan\u00e7as e Comercializa\u00e7\u00e3o da PPSA, Samir Awad, disse \u00e0\u00a0<strong>Ag\u00eancia iNFRA<\/strong>\u00a0que a estatal negociava com a Petrobras acesso a infraestruturas para viabilizar um primeiro leil\u00e3o de g\u00e1s ainda este ano. Esse leil\u00e3o, de curto prazo, visaria ao fornecimento do produto ao mercado por dois anos.<br>\u00a0<br>Para depois, a PPSA planeja um leil\u00e3o de longo prazo, com o objetivo de atender ao mercado a partir de 2028. Hoje a empresa j\u00e1 administra parte da produ\u00e7\u00e3o de g\u00e1s do pr\u00e9-sal, cerca de 150 mil m\u00b3\/dia, devendo alcan\u00e7ar 3 milh\u00f5es de m\u00b3 di\u00e1rios, a partir de 2028 ou 2029, segundo Awad. Por ora, esses volumes s\u00e3o vendidos \u00e0 Petrobras.<br>\u00a0<br>\u201cSe n\u00e3o fecharmos um acordo [com a Petrobras], o que considero remoto, podemos renovar esses contratos por mais um ano, at\u00e9 conseguir construir um arcabou\u00e7o que seja de acordo das partes. Mas esse n\u00e3o \u00e9 o nosso desejo. Estamos trabalhando dia e noite, pesado, para possibilitar [a realiza\u00e7\u00e3o dos] dois leil\u00f5es, de curto e de longo prazo\u201d, disse Awad.<br>\u00a0<br>Na \u00faltima ter\u00e7a-feira (10), em seu discurso na cerim\u00f4nia pelos 10 anos do Anu\u00e1rio do Petr\u00f3leo da Firjan (Federa\u00e7\u00e3o das Ind\u00fastrias do Estado do Rio de Janeiro), a presidente da Petrobras, Magda Chambriard, se dirigiu ao presidente da PSSA, Luiz Paroli, para dizer que o ajudaria a viabilizar os leil\u00f5es de g\u00e1s, sinalizando disposi\u00e7\u00e3o em acordar o uso das infraestruturas de tratamento e escoamento da petroleira.<br>\u00a0<br>Al\u00e9m de aumentar a oferta de g\u00e1s ao mercado, os leil\u00f5es de mol\u00e9cula da PPSA devem atender ao intuito de aumentar a arrecada\u00e7\u00e3o da Uni\u00e3o, somando ao pacote de R$ 35 bilh\u00f5es com receitas do setor prometido ao governo pelo MME at\u00e9 2027. Em fun\u00e7\u00e3o do volume da parcela de g\u00e1s da PPSA, considerado ainda pequeno,\u00a0a avalia\u00e7\u00e3o \u00e9 de que a contribui\u00e7\u00e3o do g\u00e1s da Uni\u00e3o ainda deve ser limitada, mas tende a aumentar com os incrementos previstos at\u00e9 o fim da d\u00e9cada.<\/p>\n","protected":false},"excerpt":{"rendered":"<p>Lais Carregosa e Gabriel Vasconcelos, da Ag\u00eancia iNFRA O MME (Minist\u00e9rio de Minas e Energia) planeja realizar o primeiro leil\u00e3o de g\u00e1s natural da Uni\u00e3o em dezembro deste ano, com in\u00edcio de suprimento em 2026, disseram fontes \u00e0\u00a0Ag\u00eancia iNFRA. A informa\u00e7\u00e3o foi divulgada em reuni\u00e3o com empresas e associa\u00e7\u00f5es de consumidores industriais na quarta-feira (11), [&hellip;]<\/p>\n","protected":false},"author":1,"featured_media":6259,"comment_status":"closed","ping_status":"closed","sticky":false,"template":"","format":"standard","meta":{"_monsterinsights_skip_tracking":false,"_monsterinsights_sitenote_active":false,"_monsterinsights_sitenote_note":"","_monsterinsights_sitenote_category":0,"footnotes":""},"categories":[7250,1,13271],"tags":[13251,882,13132,254,13727,13728,71,143,3030],"class_list":["post-22780","post","type-post","status-publish","format-standard","has-post-thumbnail","hentry","category-destaque-lista","category-geral","category-oleo-gas","tag-gabriel-vasconcelos","tag-gas-natural","tag-lais-carregosa","tag-leilao","tag-leilao-de-gas","tag-leilao-ppsa","tag-mme","tag-petrobras","tag-ppsa"],"yoast_head":"<!-- This site is optimized with the Yoast SEO Premium plugin v25.4 (Yoast SEO v26.0) - https:\/\/yoast.com\/wordpress\/plugins\/seo\/ -->\n<title>MME planeja primeiro leil\u00e3o de g\u00e1s da PPSA em dezembro, dizem fontes ap\u00f3s reuni\u00e3o com a pasta - Ag\u00eancia iNFRA<\/title>\n<meta name=\"robots\" content=\"index, follow, max-snippet:-1, max-image-preview:large, max-video-preview:-1\" \/>\n<link rel=\"canonical\" href=\"https:\/\/agenciainfra.com\/blog\/mme-planeja-primeiro-leilao-de-gas-da-ppsa-em-dezembro-dizem-fontes-apos-reuniao-com-a-pasta\/\" \/>\n<meta property=\"og:locale\" content=\"pt_BR\" \/>\n<meta property=\"og:type\" content=\"article\" \/>\n<meta property=\"og:title\" content=\"MME planeja primeiro leil\u00e3o de g\u00e1s da PPSA em dezembro, dizem fontes ap\u00f3s reuni\u00e3o com a pasta\" \/>\n<meta property=\"og:description\" content=\"Lais Carregosa e Gabriel Vasconcelos, da Ag\u00eancia iNFRA O MME (Minist\u00e9rio de Minas e Energia) planeja realizar o primeiro leil\u00e3o de g\u00e1s natural da Uni\u00e3o em dezembro deste ano, com in\u00edcio de suprimento em 2026, disseram fontes \u00e0\u00a0Ag\u00eancia iNFRA. A informa\u00e7\u00e3o foi divulgada em reuni\u00e3o com empresas e associa\u00e7\u00f5es de consumidores industriais na quarta-feira (11), [&hellip;]\" \/>\n<meta property=\"og:url\" content=\"https:\/\/agenciainfra.com\/blog\/mme-planeja-primeiro-leilao-de-gas-da-ppsa-em-dezembro-dizem-fontes-apos-reuniao-com-a-pasta\/\" \/>\n<meta property=\"og:site_name\" content=\"Ag\u00eancia iNFRA\" \/>\n<meta property=\"article:publisher\" content=\"https:\/\/www.facebook.com\/ageninfra\" \/>\n<meta property=\"article:published_time\" content=\"2025-06-12T11:30:00+00:00\" \/>\n<meta property=\"article:modified_time\" content=\"2025-06-13T13:08:15+00:00\" \/>\n<meta property=\"og:image\" content=\"https:\/\/agenciainfra.com\/blog\/wp-content\/uploads\/2020\/10\/gas-natural-foto-tbg.jpg\" \/>\n\t<meta property=\"og:image:width\" content=\"1280\" \/>\n\t<meta property=\"og:image:height\" content=\"851\" \/>\n\t<meta property=\"og:image:type\" content=\"image\/jpeg\" \/>\n<meta name=\"author\" content=\"Ag\u00eancia iNFRA\" \/>\n<meta name=\"twitter:card\" content=\"summary_large_image\" \/>\n<meta name=\"twitter:creator\" content=\"@agencia_infra\" \/>\n<meta name=\"twitter:site\" content=\"@agencia_infra\" \/>\n<meta name=\"twitter:label1\" content=\"Escrito por\" \/>\n\t<meta name=\"twitter:data1\" content=\"Ag\u00eancia iNFRA\" \/>\n\t<meta name=\"twitter:label2\" content=\"Est. tempo de leitura\" \/>\n\t<meta name=\"twitter:data2\" content=\"3 minutos\" \/>\n<script type=\"application\/ld+json\" class=\"yoast-schema-graph\">{\"@context\":\"https:\/\/schema.org\",\"@graph\":[{\"@type\":\"Article\",\"@id\":\"https:\/\/agenciainfra.com\/blog\/mme-planeja-primeiro-leilao-de-gas-da-ppsa-em-dezembro-dizem-fontes-apos-reuniao-com-a-pasta\/#article\",\"isPartOf\":{\"@id\":\"https:\/\/agenciainfra.com\/blog\/mme-planeja-primeiro-leilao-de-gas-da-ppsa-em-dezembro-dizem-fontes-apos-reuniao-com-a-pasta\/\"},\"author\":{\"name\":\"Ag\u00eancia iNFRA\",\"@id\":\"https:\/\/agenciainfra.com\/blog\/#\/schema\/person\/34af08dff6adea4cb22b06612ba7acfa\"},\"headline\":\"MME planeja primeiro leil\u00e3o de g\u00e1s da PPSA em dezembro, dizem fontes ap\u00f3s reuni\u00e3o com a pasta\",\"datePublished\":\"2025-06-12T11:30:00+00:00\",\"dateModified\":\"2025-06-13T13:08:15+00:00\",\"mainEntityOfPage\":{\"@id\":\"https:\/\/agenciainfra.com\/blog\/mme-planeja-primeiro-leilao-de-gas-da-ppsa-em-dezembro-dizem-fontes-apos-reuniao-com-a-pasta\/\"},\"wordCount\":675,\"publisher\":{\"@id\":\"https:\/\/agenciainfra.com\/blog\/#organization\"},\"image\":{\"@id\":\"https:\/\/agenciainfra.com\/blog\/mme-planeja-primeiro-leilao-de-gas-da-ppsa-em-dezembro-dizem-fontes-apos-reuniao-com-a-pasta\/#primaryimage\"},\"thumbnailUrl\":\"https:\/\/agenciainfra.com\/blog\/wp-content\/uploads\/2020\/10\/gas-natural-foto-tbg.jpg\",\"keywords\":[\"Gabriel Vasconcelos\",\"g\u00e1s natural\",\"Lais Carregosa\",\"leil\u00e3o\",\"leil\u00e3o de g\u00e1s\",\"leil\u00e3o ppsa\",\"MME\",\"Petrobras\",\"PPSA\"],\"articleSection\":[\"Destaque lista\",\"Geral\",\"\u00d3leo &amp; G\u00e1s\"],\"inLanguage\":\"pt-BR\",\"copyrightYear\":\"2025\",\"copyrightHolder\":{\"@id\":\"https:\/\/agenciainfra.com\/blog\/#organization\"}},{\"@type\":\"WebPage\",\"@id\":\"https:\/\/agenciainfra.com\/blog\/mme-planeja-primeiro-leilao-de-gas-da-ppsa-em-dezembro-dizem-fontes-apos-reuniao-com-a-pasta\/\",\"url\":\"https:\/\/agenciainfra.com\/blog\/mme-planeja-primeiro-leilao-de-gas-da-ppsa-em-dezembro-dizem-fontes-apos-reuniao-com-a-pasta\/\",\"name\":\"MME planeja primeiro leil\u00e3o de g\u00e1s da PPSA em dezembro, dizem fontes ap\u00f3s reuni\u00e3o com a pasta - Ag\u00eancia iNFRA\",\"isPartOf\":{\"@id\":\"https:\/\/agenciainfra.com\/blog\/#website\"},\"primaryImageOfPage\":{\"@id\":\"https:\/\/agenciainfra.com\/blog\/mme-planeja-primeiro-leilao-de-gas-da-ppsa-em-dezembro-dizem-fontes-apos-reuniao-com-a-pasta\/#primaryimage\"},\"image\":{\"@id\":\"https:\/\/agenciainfra.com\/blog\/mme-planeja-primeiro-leilao-de-gas-da-ppsa-em-dezembro-dizem-fontes-apos-reuniao-com-a-pasta\/#primaryimage\"},\"thumbnailUrl\":\"https:\/\/agenciainfra.com\/blog\/wp-content\/uploads\/2020\/10\/gas-natural-foto-tbg.jpg\",\"datePublished\":\"2025-06-12T11:30:00+00:00\",\"dateModified\":\"2025-06-13T13:08:15+00:00\",\"breadcrumb\":{\"@id\":\"https:\/\/agenciainfra.com\/blog\/mme-planeja-primeiro-leilao-de-gas-da-ppsa-em-dezembro-dizem-fontes-apos-reuniao-com-a-pasta\/#breadcrumb\"},\"inLanguage\":\"pt-BR\",\"potentialAction\":[{\"@type\":\"ReadAction\",\"target\":[\"https:\/\/agenciainfra.com\/blog\/mme-planeja-primeiro-leilao-de-gas-da-ppsa-em-dezembro-dizem-fontes-apos-reuniao-com-a-pasta\/\"]}]},{\"@type\":\"ImageObject\",\"inLanguage\":\"pt-BR\",\"@id\":\"https:\/\/agenciainfra.com\/blog\/mme-planeja-primeiro-leilao-de-gas-da-ppsa-em-dezembro-dizem-fontes-apos-reuniao-com-a-pasta\/#primaryimage\",\"url\":\"https:\/\/agenciainfra.com\/blog\/wp-content\/uploads\/2020\/10\/gas-natural-foto-tbg.jpg\",\"contentUrl\":\"https:\/\/agenciainfra.com\/blog\/wp-content\/uploads\/2020\/10\/gas-natural-foto-tbg.jpg\",\"width\":1280,\"height\":851,\"caption\":\"Foto: TBG\/Divulga\u00e7\u00e3o\"},{\"@type\":\"BreadcrumbList\",\"@id\":\"https:\/\/agenciainfra.com\/blog\/mme-planeja-primeiro-leilao-de-gas-da-ppsa-em-dezembro-dizem-fontes-apos-reuniao-com-a-pasta\/#breadcrumb\",\"itemListElement\":[{\"@type\":\"ListItem\",\"position\":1,\"name\":\"In\u00edcio\",\"item\":\"https:\/\/agenciainfra.com\/blog\/\"},{\"@type\":\"ListItem\",\"position\":2,\"name\":\"MME planeja primeiro leil\u00e3o de g\u00e1s da PPSA em dezembro, dizem fontes ap\u00f3s reuni\u00e3o com a pasta\"}]},{\"@type\":\"WebSite\",\"@id\":\"https:\/\/agenciainfra.com\/blog\/#website\",\"url\":\"https:\/\/agenciainfra.com\/blog\/\",\"name\":\"Ag\u00eancia iNFRA\",\"description\":\"Multiplataforma de informa\u00e7\u00e3o jornal\u00edstica refer\u00eancia na \u00e1rea de infraestrutura no Brasil!\",\"publisher\":{\"@id\":\"https:\/\/agenciainfra.com\/blog\/#organization\"},\"potentialAction\":[{\"@type\":\"SearchAction\",\"target\":{\"@type\":\"EntryPoint\",\"urlTemplate\":\"https:\/\/agenciainfra.com\/blog\/?s={search_term_string}\"},\"query-input\":{\"@type\":\"PropertyValueSpecification\",\"valueRequired\":true,\"valueName\":\"search_term_string\"}}],\"inLanguage\":\"pt-BR\"},{\"@type\":\"Organization\",\"@id\":\"https:\/\/agenciainfra.com\/blog\/#organization\",\"name\":\"Ag\u00eancia iNFRA\",\"url\":\"https:\/\/agenciainfra.com\/blog\/\",\"logo\":{\"@type\":\"ImageObject\",\"inLanguage\":\"pt-BR\",\"@id\":\"https:\/\/agenciainfra.com\/blog\/#\/schema\/logo\/image\/\",\"url\":\"https:\/\/agenciainfra.com\/blog\/wp-content\/uploads\/2023\/09\/iNFRA_5-e1761735885940.png\",\"contentUrl\":\"https:\/\/agenciainfra.com\/blog\/wp-content\/uploads\/2023\/09\/iNFRA_5-e1761735885940.png\",\"width\":1672,\"height\":454,\"caption\":\"Ag\u00eancia iNFRA\"},\"image\":{\"@id\":\"https:\/\/agenciainfra.com\/blog\/#\/schema\/logo\/image\/\"},\"sameAs\":[\"https:\/\/www.facebook.com\/ageninfra\",\"https:\/\/x.com\/agencia_infra\",\"https:\/\/www.linkedin.com\/company\/ag\u00eanciainfra\/\",\"https:\/\/www.instagram.com\/agenciainfra\/\"]},{\"@type\":\"Person\",\"@id\":\"https:\/\/agenciainfra.com\/blog\/#\/schema\/person\/34af08dff6adea4cb22b06612ba7acfa\",\"name\":\"Ag\u00eancia iNFRA\",\"image\":{\"@type\":\"ImageObject\",\"inLanguage\":\"pt-BR\",\"@id\":\"https:\/\/agenciainfra.com\/blog\/#\/schema\/person\/image\/\",\"url\":\"https:\/\/secure.gravatar.com\/avatar\/d189e01678f06d8eb84d4e01f08eb848b3fffe3f8443818d3c356c66892f5be8?s=96&d=mm&r=g\",\"contentUrl\":\"https:\/\/secure.gravatar.com\/avatar\/d189e01678f06d8eb84d4e01f08eb848b3fffe3f8443818d3c356c66892f5be8?s=96&d=mm&r=g\",\"caption\":\"Ag\u00eancia iNFRA\"},\"url\":\"https:\/\/agenciainfra.com\/blog\/author\/admin\/\"}]}<\/script>\n<!-- \/ Yoast SEO Premium plugin. -->","yoast_head_json":{"title":"MME planeja primeiro leil\u00e3o de g\u00e1s da PPSA em dezembro, dizem fontes ap\u00f3s reuni\u00e3o com a pasta - Ag\u00eancia iNFRA","robots":{"index":"index","follow":"follow","max-snippet":"max-snippet:-1","max-image-preview":"max-image-preview:large","max-video-preview":"max-video-preview:-1"},"canonical":"https:\/\/agenciainfra.com\/blog\/mme-planeja-primeiro-leilao-de-gas-da-ppsa-em-dezembro-dizem-fontes-apos-reuniao-com-a-pasta\/","og_locale":"pt_BR","og_type":"article","og_title":"MME planeja primeiro leil\u00e3o de g\u00e1s da PPSA em dezembro, dizem fontes ap\u00f3s reuni\u00e3o com a pasta","og_description":"Lais Carregosa e Gabriel Vasconcelos, da Ag\u00eancia iNFRA O MME (Minist\u00e9rio de Minas e Energia) planeja realizar o primeiro leil\u00e3o de g\u00e1s natural da Uni\u00e3o em dezembro deste ano, com in\u00edcio de suprimento em 2026, disseram fontes \u00e0\u00a0Ag\u00eancia iNFRA. A informa\u00e7\u00e3o foi divulgada em reuni\u00e3o com empresas e associa\u00e7\u00f5es de consumidores industriais na quarta-feira (11), [&hellip;]","og_url":"https:\/\/agenciainfra.com\/blog\/mme-planeja-primeiro-leilao-de-gas-da-ppsa-em-dezembro-dizem-fontes-apos-reuniao-com-a-pasta\/","og_site_name":"Ag\u00eancia iNFRA","article_publisher":"https:\/\/www.facebook.com\/ageninfra","article_published_time":"2025-06-12T11:30:00+00:00","article_modified_time":"2025-06-13T13:08:15+00:00","og_image":[{"width":1280,"height":851,"url":"https:\/\/agenciainfra.com\/blog\/wp-content\/uploads\/2020\/10\/gas-natural-foto-tbg.jpg","type":"image\/jpeg"}],"author":"Ag\u00eancia iNFRA","twitter_card":"summary_large_image","twitter_creator":"@agencia_infra","twitter_site":"@agencia_infra","twitter_misc":{"Escrito por":"Ag\u00eancia iNFRA","Est. tempo de leitura":"3 minutos"},"schema":{"@context":"https:\/\/schema.org","@graph":[{"@type":"Article","@id":"https:\/\/agenciainfra.com\/blog\/mme-planeja-primeiro-leilao-de-gas-da-ppsa-em-dezembro-dizem-fontes-apos-reuniao-com-a-pasta\/#article","isPartOf":{"@id":"https:\/\/agenciainfra.com\/blog\/mme-planeja-primeiro-leilao-de-gas-da-ppsa-em-dezembro-dizem-fontes-apos-reuniao-com-a-pasta\/"},"author":{"name":"Ag\u00eancia iNFRA","@id":"https:\/\/agenciainfra.com\/blog\/#\/schema\/person\/34af08dff6adea4cb22b06612ba7acfa"},"headline":"MME planeja primeiro leil\u00e3o de g\u00e1s da PPSA em dezembro, dizem fontes ap\u00f3s reuni\u00e3o com a pasta","datePublished":"2025-06-12T11:30:00+00:00","dateModified":"2025-06-13T13:08:15+00:00","mainEntityOfPage":{"@id":"https:\/\/agenciainfra.com\/blog\/mme-planeja-primeiro-leilao-de-gas-da-ppsa-em-dezembro-dizem-fontes-apos-reuniao-com-a-pasta\/"},"wordCount":675,"publisher":{"@id":"https:\/\/agenciainfra.com\/blog\/#organization"},"image":{"@id":"https:\/\/agenciainfra.com\/blog\/mme-planeja-primeiro-leilao-de-gas-da-ppsa-em-dezembro-dizem-fontes-apos-reuniao-com-a-pasta\/#primaryimage"},"thumbnailUrl":"https:\/\/agenciainfra.com\/blog\/wp-content\/uploads\/2020\/10\/gas-natural-foto-tbg.jpg","keywords":["Gabriel Vasconcelos","g\u00e1s natural","Lais Carregosa","leil\u00e3o","leil\u00e3o de g\u00e1s","leil\u00e3o ppsa","MME","Petrobras","PPSA"],"articleSection":["Destaque lista","Geral","\u00d3leo &amp; G\u00e1s"],"inLanguage":"pt-BR","copyrightYear":"2025","copyrightHolder":{"@id":"https:\/\/agenciainfra.com\/blog\/#organization"}},{"@type":"WebPage","@id":"https:\/\/agenciainfra.com\/blog\/mme-planeja-primeiro-leilao-de-gas-da-ppsa-em-dezembro-dizem-fontes-apos-reuniao-com-a-pasta\/","url":"https:\/\/agenciainfra.com\/blog\/mme-planeja-primeiro-leilao-de-gas-da-ppsa-em-dezembro-dizem-fontes-apos-reuniao-com-a-pasta\/","name":"MME planeja primeiro leil\u00e3o de g\u00e1s da PPSA em dezembro, dizem fontes ap\u00f3s reuni\u00e3o com a pasta - Ag\u00eancia iNFRA","isPartOf":{"@id":"https:\/\/agenciainfra.com\/blog\/#website"},"primaryImageOfPage":{"@id":"https:\/\/agenciainfra.com\/blog\/mme-planeja-primeiro-leilao-de-gas-da-ppsa-em-dezembro-dizem-fontes-apos-reuniao-com-a-pasta\/#primaryimage"},"image":{"@id":"https:\/\/agenciainfra.com\/blog\/mme-planeja-primeiro-leilao-de-gas-da-ppsa-em-dezembro-dizem-fontes-apos-reuniao-com-a-pasta\/#primaryimage"},"thumbnailUrl":"https:\/\/agenciainfra.com\/blog\/wp-content\/uploads\/2020\/10\/gas-natural-foto-tbg.jpg","datePublished":"2025-06-12T11:30:00+00:00","dateModified":"2025-06-13T13:08:15+00:00","breadcrumb":{"@id":"https:\/\/agenciainfra.com\/blog\/mme-planeja-primeiro-leilao-de-gas-da-ppsa-em-dezembro-dizem-fontes-apos-reuniao-com-a-pasta\/#breadcrumb"},"inLanguage":"pt-BR","potentialAction":[{"@type":"ReadAction","target":["https:\/\/agenciainfra.com\/blog\/mme-planeja-primeiro-leilao-de-gas-da-ppsa-em-dezembro-dizem-fontes-apos-reuniao-com-a-pasta\/"]}]},{"@type":"ImageObject","inLanguage":"pt-BR","@id":"https:\/\/agenciainfra.com\/blog\/mme-planeja-primeiro-leilao-de-gas-da-ppsa-em-dezembro-dizem-fontes-apos-reuniao-com-a-pasta\/#primaryimage","url":"https:\/\/agenciainfra.com\/blog\/wp-content\/uploads\/2020\/10\/gas-natural-foto-tbg.jpg","contentUrl":"https:\/\/agenciainfra.com\/blog\/wp-content\/uploads\/2020\/10\/gas-natural-foto-tbg.jpg","width":1280,"height":851,"caption":"Foto: TBG\/Divulga\u00e7\u00e3o"},{"@type":"BreadcrumbList","@id":"https:\/\/agenciainfra.com\/blog\/mme-planeja-primeiro-leilao-de-gas-da-ppsa-em-dezembro-dizem-fontes-apos-reuniao-com-a-pasta\/#breadcrumb","itemListElement":[{"@type":"ListItem","position":1,"name":"In\u00edcio","item":"https:\/\/agenciainfra.com\/blog\/"},{"@type":"ListItem","position":2,"name":"MME planeja primeiro leil\u00e3o de g\u00e1s da PPSA em dezembro, dizem fontes ap\u00f3s reuni\u00e3o com a pasta"}]},{"@type":"WebSite","@id":"https:\/\/agenciainfra.com\/blog\/#website","url":"https:\/\/agenciainfra.com\/blog\/","name":"Ag\u00eancia iNFRA","description":"Multiplataforma de informa\u00e7\u00e3o jornal\u00edstica refer\u00eancia na \u00e1rea de infraestrutura no Brasil!","publisher":{"@id":"https:\/\/agenciainfra.com\/blog\/#organization"},"potentialAction":[{"@type":"SearchAction","target":{"@type":"EntryPoint","urlTemplate":"https:\/\/agenciainfra.com\/blog\/?s={search_term_string}"},"query-input":{"@type":"PropertyValueSpecification","valueRequired":true,"valueName":"search_term_string"}}],"inLanguage":"pt-BR"},{"@type":"Organization","@id":"https:\/\/agenciainfra.com\/blog\/#organization","name":"Ag\u00eancia iNFRA","url":"https:\/\/agenciainfra.com\/blog\/","logo":{"@type":"ImageObject","inLanguage":"pt-BR","@id":"https:\/\/agenciainfra.com\/blog\/#\/schema\/logo\/image\/","url":"https:\/\/agenciainfra.com\/blog\/wp-content\/uploads\/2023\/09\/iNFRA_5-e1761735885940.png","contentUrl":"https:\/\/agenciainfra.com\/blog\/wp-content\/uploads\/2023\/09\/iNFRA_5-e1761735885940.png","width":1672,"height":454,"caption":"Ag\u00eancia iNFRA"},"image":{"@id":"https:\/\/agenciainfra.com\/blog\/#\/schema\/logo\/image\/"},"sameAs":["https:\/\/www.facebook.com\/ageninfra","https:\/\/x.com\/agencia_infra","https:\/\/www.linkedin.com\/company\/ag\u00eanciainfra\/","https:\/\/www.instagram.com\/agenciainfra\/"]},{"@type":"Person","@id":"https:\/\/agenciainfra.com\/blog\/#\/schema\/person\/34af08dff6adea4cb22b06612ba7acfa","name":"Ag\u00eancia iNFRA","image":{"@type":"ImageObject","inLanguage":"pt-BR","@id":"https:\/\/agenciainfra.com\/blog\/#\/schema\/person\/image\/","url":"https:\/\/secure.gravatar.com\/avatar\/d189e01678f06d8eb84d4e01f08eb848b3fffe3f8443818d3c356c66892f5be8?s=96&d=mm&r=g","contentUrl":"https:\/\/secure.gravatar.com\/avatar\/d189e01678f06d8eb84d4e01f08eb848b3fffe3f8443818d3c356c66892f5be8?s=96&d=mm&r=g","caption":"Ag\u00eancia iNFRA"},"url":"https:\/\/agenciainfra.com\/blog\/author\/admin\/"}]}},"_links":{"self":[{"href":"https:\/\/agenciainfra.com\/blog\/wp-json\/wp\/v2\/posts\/22780","targetHints":{"allow":["GET"]}}],"collection":[{"href":"https:\/\/agenciainfra.com\/blog\/wp-json\/wp\/v2\/posts"}],"about":[{"href":"https:\/\/agenciainfra.com\/blog\/wp-json\/wp\/v2\/types\/post"}],"author":[{"embeddable":true,"href":"https:\/\/agenciainfra.com\/blog\/wp-json\/wp\/v2\/users\/1"}],"replies":[{"embeddable":true,"href":"https:\/\/agenciainfra.com\/blog\/wp-json\/wp\/v2\/comments?post=22780"}],"version-history":[{"count":1,"href":"https:\/\/agenciainfra.com\/blog\/wp-json\/wp\/v2\/posts\/22780\/revisions"}],"predecessor-version":[{"id":22781,"href":"https:\/\/agenciainfra.com\/blog\/wp-json\/wp\/v2\/posts\/22780\/revisions\/22781"}],"wp:featuredmedia":[{"embeddable":true,"href":"https:\/\/agenciainfra.com\/blog\/wp-json\/wp\/v2\/media\/6259"}],"wp:attachment":[{"href":"https:\/\/agenciainfra.com\/blog\/wp-json\/wp\/v2\/media?parent=22780"}],"wp:term":[{"taxonomy":"category","embeddable":true,"href":"https:\/\/agenciainfra.com\/blog\/wp-json\/wp\/v2\/categories?post=22780"},{"taxonomy":"post_tag","embeddable":true,"href":"https:\/\/agenciainfra.com\/blog\/wp-json\/wp\/v2\/tags?post=22780"}],"curies":[{"name":"wp","href":"https:\/\/api.w.org\/{rel}","templated":true}]}}