{"id":22783,"date":"2025-06-12T09:00:00","date_gmt":"2025-06-12T12:00:00","guid":{"rendered":"https:\/\/agenciainfra.com\/blog\/?p=22783"},"modified":"2025-06-13T15:52:25","modified_gmt":"2025-06-13T18:52:25","slug":"mp-do-setor-eletrico-isencao-de-tributos-para-baixa-renda-encarece-conta-aos-demais-consumidores","status":"publish","type":"post","link":"https:\/\/agenciainfra.com\/blog\/mp-do-setor-eletrico-isencao-de-tributos-para-baixa-renda-encarece-conta-aos-demais-consumidores\/","title":{"rendered":"MP do Setor El\u00e9trico: Isen\u00e7\u00e3o de tributos para baixa renda encarece conta aos demais consumidores"},"content":{"rendered":"\n<p class=\"has-text-align-right\"><strong>Marisa Wanzeller e Geraldo Campos Jr., da Ag\u00eancia iNFRA<\/strong><\/p>\n\n\n\n<p>O governo articula a possibilidade de criar uma regra para garantir isen\u00e7\u00e3o de tributos federais para quem se encaixa no benef\u00edcio da Nova Tarifa Social de Energia, segundo fontes. No entanto, essa medida pode acabar onerando os demais consumidores de energia, explicam&nbsp;especialistas \u00e0&nbsp;<strong>Ag\u00eancia iNFRA<\/strong>.&nbsp;<br><br>Isso porque as al\u00edquotas do PIS\/Cofins incidem sobre a receita total da empresa. Dessa forma, a distribuidora repassa o valor ao consumidor final, em uma esp\u00e9cie de rateio, explicou uma fonte do setor el\u00e9trico.<br><br>Assim, com a nova regra, o valor que deixar\u00e1 de ser pago pela classe de consumo isenta passar\u00e1 a ser bancado por outras faixas de consumo. O advogado Luis Claudio Yukio, s\u00f3cio do Toledo Marchetti Advogados, explica a l\u00f3gica: \u201cQuando voc\u00ea tira de algu\u00e9m, outro algu\u00e9m vai ter que pagar essa conta, sejam os outros usu\u00e1rios, seja a pr\u00f3pria distribuidora&#8221;, disse.<br><br>Ele ponderou que, para que n\u00e3o houvesse essa onera\u00e7\u00e3o aos demais consumidores, a isen\u00e7\u00e3o dos tributos precisaria ocorrer em toda a cadeia de energia el\u00e9trica, n\u00e3o apenas para o consumidor final. \u201cQuando a gente isenta s\u00f3 a parte final, n\u00e3o quer dizer que ningu\u00e9m vai pagar essa conta, quer dizer que aquele usu\u00e1rio final n\u00e3o vai pagar a conta&#8221;, pontuou.&nbsp;<br><br>No entanto, nem todas as empresas cobram os impostos federais (PIS\/Cofins) da mesma forma, pois n\u00e3o h\u00e1 regulamenta\u00e7\u00e3o sobre o tema. Atualmente, a cobran\u00e7a \u00e9 feita de duas formas:<\/p>\n\n\n\n<ol class=\"wp-block-list\">\n<li>O tributo cobrado do benefici\u00e1rio da Tarifa Social incide sobre o seu consumo total, ou seja, considerando tamb\u00e9m a parte em que ele tem desconto custeado pela CDE (Conta de Desenvolvimento Energ\u00e9tico);&nbsp;<br>&nbsp;<\/li>\n\n\n\n<li>O tributo pago pelo benefici\u00e1rio incide apenas sobre o valor referente \u00e0 parte do consumo que, de fato, dever\u00e1 ser paga por ele, sem considerar a parte em que h\u00e1 desconto. Nesse caso, o tributo referente \u00e0 parte isenta do seu consumo \u00e9 redirecionado aos demais consumidores.\u00a0<\/li>\n<\/ol>\n\n\n\n<p><\/p>\n\n\n\n<p>Segundo fontes, o que o governo tem buscado \u00e9 deixar claro que o tratamento a ser dado com a nova Tarifa Social seja o do segundo caso, como j\u00e1 \u00e9 feito por algumas distribuidoras. Dessa forma, evitaria que clientes&nbsp;com consumo de at\u00e9 80 kWh, que ter\u00e3o isen\u00e7\u00e3o, recebam a fatura com apenas os tributos federais para pagamento.<br><br>Para definir uma regra, o governo tem tratado do tema com a ANEEL (Ag\u00eancia Nacional de Energia El\u00e9trica) e a Receita Federal. A princ\u00edpio, entende-se que a determina\u00e7\u00e3o pode ser fixada diretamente pela reguladora, a fim de evitar emiss\u00e3o de faturas com cobran\u00e7a apenas de tributos.<br><br><strong>Reguladora<\/strong><br>A diretora da ANEEL Ludimila Lima j\u00e1 mencionou o tema, em voto aprovado na \u00faltima reuni\u00e3o de diretoria. Nele, a diretora pede que as distribuidoras observem a exposi\u00e7\u00e3o de motivos da MP (Medida Provis\u00f3ria) 1.300\/2025 que, ao criar a nova Tarifa Social, estabelece que a pol\u00edtica p\u00fablica \u201cvisa garantir gratuidade no consumo mensal de at\u00e9 80 kWh para fam\u00edlias benefici\u00e1rias&#8221;.<br><br>Segundo fontes, mesmo sem uma regulamenta\u00e7\u00e3o espec\u00edfica sobre o PIS\/Cofins, a interpreta\u00e7\u00e3o que vem sendo feita pelas distribuidoras do voto aprovado na reguladora \u00e9 de que elas devem isentar tais consumidores tamb\u00e9m do tributo federal. Assim, muitas delas j\u00e1 est\u00e3o se organizando para passar a faturar a cobran\u00e7a da segunda forma exemplificada acima.&nbsp;<br><br>\u201cO que vem sendo entendido \u00e9 como se a diretora Ludimila dissesse o seguinte: \u2018como o ordenamento \u00e9 para que exista a gratuidade, significa dizer que eu n\u00e3o vou aplicar o PIS e o Cofins sobre o valor que vem da CDE. Ent\u00e3o, vai ficar para os demais consumidores pagarem essa diferen\u00e7a\u201d, explicou uma fonte do setor.<br><br>Apesar disso, interlocutores do governo sinalizam que ainda \u00e9 poss\u00edvel que a ANEEL venha a tratar do tema em um processo espec\u00edfico.<br><br><strong>Isen\u00e7\u00e3o<\/strong><br>Com a publica\u00e7\u00e3o de uma norma que especifique a isen\u00e7\u00e3o tribut\u00e1ria para o consumidor da Tarifa Social, a segunda modalidade apresentada prevaleceria. Dessa maneira, em todas as concess\u00f5es, os consumidores n\u00e3o beneficiados pelo programa do governo pagar\u00e3o os tributos referentes ao consumo de quem est\u00e1 dentro da modalidade.&nbsp;<br><br>A advogada Camila Galv\u00e3o, s\u00f3cia do escrit\u00f3rio Machado Meyer, defende a isen\u00e7\u00e3o dos tributos do ressarcimento que a distribuidora recebe via CDE, referente ao valor n\u00e3o cobrado do consumidor da Tarifa Social. \u201cNa hora que a distribuidora recebe da CDE o valor, o fisco quer tratar como uma nova receita da distribuidora e quer cobrar de novo o PIS\/Cofins. \u00c9 por isso que as distribuidoras est\u00e3o querendo cobrar o PIS\/Cofins do consumidor de baixa renda que n\u00e3o paga a conta, porque elas t\u00eam que pagar quando recebem o subs\u00eddio da conta CDE&#8221;, afirmou.&nbsp;<br><br><strong>Impostos locais<\/strong><br>A inten\u00e7\u00e3o do governo de deixar clara uma regra para a tributa\u00e7\u00e3o da Tarifa Social, no entanto, n\u00e3o alcan\u00e7ar\u00e1 o ICMS (imposto estadual) e a taxa de ilumina\u00e7\u00e3o p\u00fablica (municipal). Isso porque a Uni\u00e3o n\u00e3o pode regulamentar a cobran\u00e7a desses tributos, que s\u00e3o regidos exclusivamente por leis locais.&nbsp;<br><br>Dessa forma, mesmo com o esfor\u00e7o sobre o PIS\/Cofins, n\u00e3o ficar\u00e1 eliminada a possibilidade de consumidores beneficiados pela nova Tarifa Social receberem contas de luz apenas com imposto. Ali\u00e1s, em seu voto na ANEEL, Ludimila ressaltou que as distribuidoras devem observar as legisla\u00e7\u00f5es locais sobre esses tributos.<br><br>Ocorre que, neste caso, a situa\u00e7\u00e3o&nbsp;varia entre cada ente. H\u00e1 estados que j\u00e1 isentam ICMS, por exemplo, da Tarifa Social. No entanto, como se trata do principal imposto da conta de luz, que pode chegar a 30% em alguns casos, e alguns estados t\u00eam a maioria da sua popula\u00e7\u00e3o como benefici\u00e1ria do programa, uma isen\u00e7\u00e3o para redistribui\u00e7\u00e3o pesaria excessivamente nas tarifas dos demais consumidores, avaliam fontes do governo.<br><br>A mesma situa\u00e7\u00e3o&nbsp;ocorre em rela\u00e7\u00e3o \u00e0&nbsp;taxa de ilumina\u00e7\u00e3o p\u00fablica, em que as regras s\u00e3o ainda mais diferentes conforme cada munic\u00edpio. H\u00e1 localidades, por exemplo, em que as al\u00edquotas s\u00e3o menores para a faixa de consumo residencial de at\u00e9 80 kWh, como \u00e9 o caso de Bras\u00edlia. No Rio de Janeiro, h\u00e1 isen\u00e7\u00e3o para quem consome at\u00e9 100 kWh. No entanto, em muitas cidades, h\u00e1 uma al\u00edquota \u00fanica para todas as classes.<\/p>\n","protected":false},"excerpt":{"rendered":"<p>Marisa Wanzeller e Geraldo Campos Jr., da Ag\u00eancia iNFRA O governo articula a possibilidade de criar uma regra para garantir isen\u00e7\u00e3o de tributos federais para quem se encaixa no benef\u00edcio da Nova Tarifa Social de Energia, segundo fontes. No entanto, essa medida pode acabar onerando os demais consumidores de energia, explicam&nbsp;especialistas \u00e0&nbsp;Ag\u00eancia iNFRA.&nbsp; Isso porque [&hellip;]<\/p>\n","protected":false},"author":1,"featured_media":22393,"comment_status":"closed","ping_status":"closed","sticky":false,"template":"","format":"standard","meta":{"_monsterinsights_skip_tracking":false,"_monsterinsights_sitenote_active":false,"_monsterinsights_sitenote_note":"","_monsterinsights_sitenote_category":0,"footnotes":""},"categories":[1,10],"tags":[122,11594,7366,13535,13261,10710,5586,13059],"class_list":["post-22783","post","type-post","status-publish","format-standard","has-post-thumbnail","hentry","category-geral","category-infraenergia","tag-conta-de-luz","tag-geraldo-campos-jr","tag-marisa-wanzeller","tag-mp-1-300-2025","tag-mp-do-setor-eletrico","tag-reforma-do-setor-eletrico","tag-tarifa-de-energia","tag-tarifa-social-de-energia"],"yoast_head":"<!-- This site is optimized with the Yoast SEO Premium plugin v25.4 (Yoast SEO v26.0) - https:\/\/yoast.com\/wordpress\/plugins\/seo\/ -->\n<title>MP do Setor El\u00e9trico: Isen\u00e7\u00e3o de tributos para baixa renda encarece conta aos demais consumidores - Ag\u00eancia iNFRA<\/title>\n<meta name=\"robots\" content=\"index, follow, max-snippet:-1, max-image-preview:large, max-video-preview:-1\" \/>\n<link rel=\"canonical\" href=\"https:\/\/agenciainfra.com\/blog\/mp-do-setor-eletrico-isencao-de-tributos-para-baixa-renda-encarece-conta-aos-demais-consumidores\/\" \/>\n<meta property=\"og:locale\" content=\"pt_BR\" \/>\n<meta property=\"og:type\" content=\"article\" \/>\n<meta property=\"og:title\" content=\"MP do Setor El\u00e9trico: Isen\u00e7\u00e3o de tributos para baixa renda encarece conta aos demais consumidores\" \/>\n<meta property=\"og:description\" content=\"Marisa Wanzeller e Geraldo Campos Jr., da Ag\u00eancia iNFRA O governo articula a possibilidade de criar uma regra para garantir isen\u00e7\u00e3o de tributos federais para quem se encaixa no benef\u00edcio da Nova Tarifa Social de Energia, segundo fontes. No entanto, essa medida pode acabar onerando os demais consumidores de energia, explicam&nbsp;especialistas \u00e0&nbsp;Ag\u00eancia iNFRA.&nbsp; Isso porque [&hellip;]\" \/>\n<meta property=\"og:url\" content=\"https:\/\/agenciainfra.com\/blog\/mp-do-setor-eletrico-isencao-de-tributos-para-baixa-renda-encarece-conta-aos-demais-consumidores\/\" \/>\n<meta property=\"og:site_name\" content=\"Ag\u00eancia iNFRA\" \/>\n<meta property=\"article:publisher\" content=\"https:\/\/www.facebook.com\/ageninfra\" \/>\n<meta property=\"article:published_time\" content=\"2025-06-12T12:00:00+00:00\" \/>\n<meta property=\"article:modified_time\" content=\"2025-06-13T18:52:25+00:00\" \/>\n<meta property=\"og:image\" content=\"https:\/\/agenciainfra.com\/blog\/wp-content\/uploads\/2025\/06\/conta_de_energia_marcello-casal.jr-agencia-brasil.png\" \/>\n\t<meta property=\"og:image:width\" content=\"1170\" \/>\n\t<meta property=\"og:image:height\" content=\"700\" \/>\n\t<meta property=\"og:image:type\" content=\"image\/png\" \/>\n<meta name=\"author\" content=\"Ag\u00eancia iNFRA\" \/>\n<meta name=\"twitter:card\" content=\"summary_large_image\" \/>\n<meta name=\"twitter:creator\" content=\"@agencia_infra\" \/>\n<meta name=\"twitter:site\" content=\"@agencia_infra\" \/>\n<meta name=\"twitter:label1\" content=\"Escrito por\" \/>\n\t<meta name=\"twitter:data1\" content=\"Ag\u00eancia iNFRA\" \/>\n\t<meta name=\"twitter:label2\" content=\"Est. tempo de leitura\" \/>\n\t<meta name=\"twitter:data2\" content=\"5 minutos\" \/>\n<script type=\"application\/ld+json\" class=\"yoast-schema-graph\">{\"@context\":\"https:\/\/schema.org\",\"@graph\":[{\"@type\":\"Article\",\"@id\":\"https:\/\/agenciainfra.com\/blog\/mp-do-setor-eletrico-isencao-de-tributos-para-baixa-renda-encarece-conta-aos-demais-consumidores\/#article\",\"isPartOf\":{\"@id\":\"https:\/\/agenciainfra.com\/blog\/mp-do-setor-eletrico-isencao-de-tributos-para-baixa-renda-encarece-conta-aos-demais-consumidores\/\"},\"author\":{\"name\":\"Ag\u00eancia iNFRA\",\"@id\":\"https:\/\/agenciainfra.com\/blog\/#\/schema\/person\/34af08dff6adea4cb22b06612ba7acfa\"},\"headline\":\"MP do Setor El\u00e9trico: Isen\u00e7\u00e3o de tributos para baixa renda encarece conta aos demais consumidores\",\"datePublished\":\"2025-06-12T12:00:00+00:00\",\"dateModified\":\"2025-06-13T18:52:25+00:00\",\"mainEntityOfPage\":{\"@id\":\"https:\/\/agenciainfra.com\/blog\/mp-do-setor-eletrico-isencao-de-tributos-para-baixa-renda-encarece-conta-aos-demais-consumidores\/\"},\"wordCount\":1115,\"publisher\":{\"@id\":\"https:\/\/agenciainfra.com\/blog\/#organization\"},\"image\":{\"@id\":\"https:\/\/agenciainfra.com\/blog\/mp-do-setor-eletrico-isencao-de-tributos-para-baixa-renda-encarece-conta-aos-demais-consumidores\/#primaryimage\"},\"thumbnailUrl\":\"https:\/\/agenciainfra.com\/blog\/wp-content\/uploads\/2025\/06\/conta_de_energia_marcello-casal.jr-agencia-brasil.png\",\"keywords\":[\"Conta de Luz\",\"Geraldo Campos Jr.\",\"Marisa Wanzeller\",\"MP 1.300\/2025\",\"mp do setor el\u00e9trico\",\"Reforma do Setor El\u00e9trico\",\"tarifa de energia\",\"tarifa social de energia\"],\"articleSection\":[\"Geral\",\"iNFRAEnergia\"],\"inLanguage\":\"pt-BR\",\"copyrightYear\":\"2025\",\"copyrightHolder\":{\"@id\":\"https:\/\/agenciainfra.com\/blog\/#organization\"}},{\"@type\":\"WebPage\",\"@id\":\"https:\/\/agenciainfra.com\/blog\/mp-do-setor-eletrico-isencao-de-tributos-para-baixa-renda-encarece-conta-aos-demais-consumidores\/\",\"url\":\"https:\/\/agenciainfra.com\/blog\/mp-do-setor-eletrico-isencao-de-tributos-para-baixa-renda-encarece-conta-aos-demais-consumidores\/\",\"name\":\"MP do Setor El\u00e9trico: Isen\u00e7\u00e3o de tributos para baixa renda encarece conta aos demais consumidores - Ag\u00eancia iNFRA\",\"isPartOf\":{\"@id\":\"https:\/\/agenciainfra.com\/blog\/#website\"},\"primaryImageOfPage\":{\"@id\":\"https:\/\/agenciainfra.com\/blog\/mp-do-setor-eletrico-isencao-de-tributos-para-baixa-renda-encarece-conta-aos-demais-consumidores\/#primaryimage\"},\"image\":{\"@id\":\"https:\/\/agenciainfra.com\/blog\/mp-do-setor-eletrico-isencao-de-tributos-para-baixa-renda-encarece-conta-aos-demais-consumidores\/#primaryimage\"},\"thumbnailUrl\":\"https:\/\/agenciainfra.com\/blog\/wp-content\/uploads\/2025\/06\/conta_de_energia_marcello-casal.jr-agencia-brasil.png\",\"datePublished\":\"2025-06-12T12:00:00+00:00\",\"dateModified\":\"2025-06-13T18:52:25+00:00\",\"breadcrumb\":{\"@id\":\"https:\/\/agenciainfra.com\/blog\/mp-do-setor-eletrico-isencao-de-tributos-para-baixa-renda-encarece-conta-aos-demais-consumidores\/#breadcrumb\"},\"inLanguage\":\"pt-BR\",\"potentialAction\":[{\"@type\":\"ReadAction\",\"target\":[\"https:\/\/agenciainfra.com\/blog\/mp-do-setor-eletrico-isencao-de-tributos-para-baixa-renda-encarece-conta-aos-demais-consumidores\/\"]}]},{\"@type\":\"ImageObject\",\"inLanguage\":\"pt-BR\",\"@id\":\"https:\/\/agenciainfra.com\/blog\/mp-do-setor-eletrico-isencao-de-tributos-para-baixa-renda-encarece-conta-aos-demais-consumidores\/#primaryimage\",\"url\":\"https:\/\/agenciainfra.com\/blog\/wp-content\/uploads\/2025\/06\/conta_de_energia_marcello-casal.jr-agencia-brasil.png\",\"contentUrl\":\"https:\/\/agenciainfra.com\/blog\/wp-content\/uploads\/2025\/06\/conta_de_energia_marcello-casal.jr-agencia-brasil.png\",\"width\":1170,\"height\":700,\"caption\":\"Foto: Marcello Casal Jr.\/Ag\u00eancia Brasil\"},{\"@type\":\"BreadcrumbList\",\"@id\":\"https:\/\/agenciainfra.com\/blog\/mp-do-setor-eletrico-isencao-de-tributos-para-baixa-renda-encarece-conta-aos-demais-consumidores\/#breadcrumb\",\"itemListElement\":[{\"@type\":\"ListItem\",\"position\":1,\"name\":\"In\u00edcio\",\"item\":\"https:\/\/agenciainfra.com\/blog\/\"},{\"@type\":\"ListItem\",\"position\":2,\"name\":\"MP do Setor El\u00e9trico: Isen\u00e7\u00e3o de tributos para baixa renda encarece conta aos demais consumidores\"}]},{\"@type\":\"WebSite\",\"@id\":\"https:\/\/agenciainfra.com\/blog\/#website\",\"url\":\"https:\/\/agenciainfra.com\/blog\/\",\"name\":\"Ag\u00eancia iNFRA\",\"description\":\"Multiplataforma de informa\u00e7\u00e3o jornal\u00edstica refer\u00eancia na \u00e1rea de infraestrutura no Brasil!\",\"publisher\":{\"@id\":\"https:\/\/agenciainfra.com\/blog\/#organization\"},\"potentialAction\":[{\"@type\":\"SearchAction\",\"target\":{\"@type\":\"EntryPoint\",\"urlTemplate\":\"https:\/\/agenciainfra.com\/blog\/?s={search_term_string}\"},\"query-input\":{\"@type\":\"PropertyValueSpecification\",\"valueRequired\":true,\"valueName\":\"search_term_string\"}}],\"inLanguage\":\"pt-BR\"},{\"@type\":\"Organization\",\"@id\":\"https:\/\/agenciainfra.com\/blog\/#organization\",\"name\":\"Ag\u00eancia iNFRA\",\"url\":\"https:\/\/agenciainfra.com\/blog\/\",\"logo\":{\"@type\":\"ImageObject\",\"inLanguage\":\"pt-BR\",\"@id\":\"https:\/\/agenciainfra.com\/blog\/#\/schema\/logo\/image\/\",\"url\":\"https:\/\/agenciainfra.com\/blog\/wp-content\/uploads\/2023\/09\/iNFRA_5-e1761735885940.png\",\"contentUrl\":\"https:\/\/agenciainfra.com\/blog\/wp-content\/uploads\/2023\/09\/iNFRA_5-e1761735885940.png\",\"width\":1672,\"height\":454,\"caption\":\"Ag\u00eancia iNFRA\"},\"image\":{\"@id\":\"https:\/\/agenciainfra.com\/blog\/#\/schema\/logo\/image\/\"},\"sameAs\":[\"https:\/\/www.facebook.com\/ageninfra\",\"https:\/\/x.com\/agencia_infra\",\"https:\/\/www.linkedin.com\/company\/ag\u00eanciainfra\/\",\"https:\/\/www.instagram.com\/agenciainfra\/\"]},{\"@type\":\"Person\",\"@id\":\"https:\/\/agenciainfra.com\/blog\/#\/schema\/person\/34af08dff6adea4cb22b06612ba7acfa\",\"name\":\"Ag\u00eancia iNFRA\",\"image\":{\"@type\":\"ImageObject\",\"inLanguage\":\"pt-BR\",\"@id\":\"https:\/\/agenciainfra.com\/blog\/#\/schema\/person\/image\/\",\"url\":\"https:\/\/secure.gravatar.com\/avatar\/d189e01678f06d8eb84d4e01f08eb848b3fffe3f8443818d3c356c66892f5be8?s=96&d=mm&r=g\",\"contentUrl\":\"https:\/\/secure.gravatar.com\/avatar\/d189e01678f06d8eb84d4e01f08eb848b3fffe3f8443818d3c356c66892f5be8?s=96&d=mm&r=g\",\"caption\":\"Ag\u00eancia iNFRA\"},\"url\":\"https:\/\/agenciainfra.com\/blog\/author\/admin\/\"}]}<\/script>\n<!-- \/ Yoast SEO Premium plugin. -->","yoast_head_json":{"title":"MP do Setor El\u00e9trico: Isen\u00e7\u00e3o de tributos para baixa renda encarece conta aos demais consumidores - Ag\u00eancia iNFRA","robots":{"index":"index","follow":"follow","max-snippet":"max-snippet:-1","max-image-preview":"max-image-preview:large","max-video-preview":"max-video-preview:-1"},"canonical":"https:\/\/agenciainfra.com\/blog\/mp-do-setor-eletrico-isencao-de-tributos-para-baixa-renda-encarece-conta-aos-demais-consumidores\/","og_locale":"pt_BR","og_type":"article","og_title":"MP do Setor El\u00e9trico: Isen\u00e7\u00e3o de tributos para baixa renda encarece conta aos demais consumidores","og_description":"Marisa Wanzeller e Geraldo Campos Jr., da Ag\u00eancia iNFRA O governo articula a possibilidade de criar uma regra para garantir isen\u00e7\u00e3o de tributos federais para quem se encaixa no benef\u00edcio da Nova Tarifa Social de Energia, segundo fontes. No entanto, essa medida pode acabar onerando os demais consumidores de energia, explicam&nbsp;especialistas \u00e0&nbsp;Ag\u00eancia iNFRA.&nbsp; Isso porque [&hellip;]","og_url":"https:\/\/agenciainfra.com\/blog\/mp-do-setor-eletrico-isencao-de-tributos-para-baixa-renda-encarece-conta-aos-demais-consumidores\/","og_site_name":"Ag\u00eancia iNFRA","article_publisher":"https:\/\/www.facebook.com\/ageninfra","article_published_time":"2025-06-12T12:00:00+00:00","article_modified_time":"2025-06-13T18:52:25+00:00","og_image":[{"width":1170,"height":700,"url":"https:\/\/agenciainfra.com\/blog\/wp-content\/uploads\/2025\/06\/conta_de_energia_marcello-casal.jr-agencia-brasil.png","type":"image\/png"}],"author":"Ag\u00eancia iNFRA","twitter_card":"summary_large_image","twitter_creator":"@agencia_infra","twitter_site":"@agencia_infra","twitter_misc":{"Escrito por":"Ag\u00eancia iNFRA","Est. tempo de leitura":"5 minutos"},"schema":{"@context":"https:\/\/schema.org","@graph":[{"@type":"Article","@id":"https:\/\/agenciainfra.com\/blog\/mp-do-setor-eletrico-isencao-de-tributos-para-baixa-renda-encarece-conta-aos-demais-consumidores\/#article","isPartOf":{"@id":"https:\/\/agenciainfra.com\/blog\/mp-do-setor-eletrico-isencao-de-tributos-para-baixa-renda-encarece-conta-aos-demais-consumidores\/"},"author":{"name":"Ag\u00eancia iNFRA","@id":"https:\/\/agenciainfra.com\/blog\/#\/schema\/person\/34af08dff6adea4cb22b06612ba7acfa"},"headline":"MP do Setor El\u00e9trico: Isen\u00e7\u00e3o de tributos para baixa renda encarece conta aos demais consumidores","datePublished":"2025-06-12T12:00:00+00:00","dateModified":"2025-06-13T18:52:25+00:00","mainEntityOfPage":{"@id":"https:\/\/agenciainfra.com\/blog\/mp-do-setor-eletrico-isencao-de-tributos-para-baixa-renda-encarece-conta-aos-demais-consumidores\/"},"wordCount":1115,"publisher":{"@id":"https:\/\/agenciainfra.com\/blog\/#organization"},"image":{"@id":"https:\/\/agenciainfra.com\/blog\/mp-do-setor-eletrico-isencao-de-tributos-para-baixa-renda-encarece-conta-aos-demais-consumidores\/#primaryimage"},"thumbnailUrl":"https:\/\/agenciainfra.com\/blog\/wp-content\/uploads\/2025\/06\/conta_de_energia_marcello-casal.jr-agencia-brasil.png","keywords":["Conta de Luz","Geraldo Campos Jr.","Marisa Wanzeller","MP 1.300\/2025","mp do setor el\u00e9trico","Reforma do Setor El\u00e9trico","tarifa de energia","tarifa social de energia"],"articleSection":["Geral","iNFRAEnergia"],"inLanguage":"pt-BR","copyrightYear":"2025","copyrightHolder":{"@id":"https:\/\/agenciainfra.com\/blog\/#organization"}},{"@type":"WebPage","@id":"https:\/\/agenciainfra.com\/blog\/mp-do-setor-eletrico-isencao-de-tributos-para-baixa-renda-encarece-conta-aos-demais-consumidores\/","url":"https:\/\/agenciainfra.com\/blog\/mp-do-setor-eletrico-isencao-de-tributos-para-baixa-renda-encarece-conta-aos-demais-consumidores\/","name":"MP do Setor El\u00e9trico: Isen\u00e7\u00e3o de tributos para baixa renda encarece conta aos demais consumidores - Ag\u00eancia iNFRA","isPartOf":{"@id":"https:\/\/agenciainfra.com\/blog\/#website"},"primaryImageOfPage":{"@id":"https:\/\/agenciainfra.com\/blog\/mp-do-setor-eletrico-isencao-de-tributos-para-baixa-renda-encarece-conta-aos-demais-consumidores\/#primaryimage"},"image":{"@id":"https:\/\/agenciainfra.com\/blog\/mp-do-setor-eletrico-isencao-de-tributos-para-baixa-renda-encarece-conta-aos-demais-consumidores\/#primaryimage"},"thumbnailUrl":"https:\/\/agenciainfra.com\/blog\/wp-content\/uploads\/2025\/06\/conta_de_energia_marcello-casal.jr-agencia-brasil.png","datePublished":"2025-06-12T12:00:00+00:00","dateModified":"2025-06-13T18:52:25+00:00","breadcrumb":{"@id":"https:\/\/agenciainfra.com\/blog\/mp-do-setor-eletrico-isencao-de-tributos-para-baixa-renda-encarece-conta-aos-demais-consumidores\/#breadcrumb"},"inLanguage":"pt-BR","potentialAction":[{"@type":"ReadAction","target":["https:\/\/agenciainfra.com\/blog\/mp-do-setor-eletrico-isencao-de-tributos-para-baixa-renda-encarece-conta-aos-demais-consumidores\/"]}]},{"@type":"ImageObject","inLanguage":"pt-BR","@id":"https:\/\/agenciainfra.com\/blog\/mp-do-setor-eletrico-isencao-de-tributos-para-baixa-renda-encarece-conta-aos-demais-consumidores\/#primaryimage","url":"https:\/\/agenciainfra.com\/blog\/wp-content\/uploads\/2025\/06\/conta_de_energia_marcello-casal.jr-agencia-brasil.png","contentUrl":"https:\/\/agenciainfra.com\/blog\/wp-content\/uploads\/2025\/06\/conta_de_energia_marcello-casal.jr-agencia-brasil.png","width":1170,"height":700,"caption":"Foto: Marcello Casal Jr.\/Ag\u00eancia Brasil"},{"@type":"BreadcrumbList","@id":"https:\/\/agenciainfra.com\/blog\/mp-do-setor-eletrico-isencao-de-tributos-para-baixa-renda-encarece-conta-aos-demais-consumidores\/#breadcrumb","itemListElement":[{"@type":"ListItem","position":1,"name":"In\u00edcio","item":"https:\/\/agenciainfra.com\/blog\/"},{"@type":"ListItem","position":2,"name":"MP do Setor El\u00e9trico: Isen\u00e7\u00e3o de tributos para baixa renda encarece conta aos demais consumidores"}]},{"@type":"WebSite","@id":"https:\/\/agenciainfra.com\/blog\/#website","url":"https:\/\/agenciainfra.com\/blog\/","name":"Ag\u00eancia iNFRA","description":"Multiplataforma de informa\u00e7\u00e3o jornal\u00edstica refer\u00eancia na \u00e1rea de infraestrutura no Brasil!","publisher":{"@id":"https:\/\/agenciainfra.com\/blog\/#organization"},"potentialAction":[{"@type":"SearchAction","target":{"@type":"EntryPoint","urlTemplate":"https:\/\/agenciainfra.com\/blog\/?s={search_term_string}"},"query-input":{"@type":"PropertyValueSpecification","valueRequired":true,"valueName":"search_term_string"}}],"inLanguage":"pt-BR"},{"@type":"Organization","@id":"https:\/\/agenciainfra.com\/blog\/#organization","name":"Ag\u00eancia iNFRA","url":"https:\/\/agenciainfra.com\/blog\/","logo":{"@type":"ImageObject","inLanguage":"pt-BR","@id":"https:\/\/agenciainfra.com\/blog\/#\/schema\/logo\/image\/","url":"https:\/\/agenciainfra.com\/blog\/wp-content\/uploads\/2023\/09\/iNFRA_5-e1761735885940.png","contentUrl":"https:\/\/agenciainfra.com\/blog\/wp-content\/uploads\/2023\/09\/iNFRA_5-e1761735885940.png","width":1672,"height":454,"caption":"Ag\u00eancia iNFRA"},"image":{"@id":"https:\/\/agenciainfra.com\/blog\/#\/schema\/logo\/image\/"},"sameAs":["https:\/\/www.facebook.com\/ageninfra","https:\/\/x.com\/agencia_infra","https:\/\/www.linkedin.com\/company\/ag\u00eanciainfra\/","https:\/\/www.instagram.com\/agenciainfra\/"]},{"@type":"Person","@id":"https:\/\/agenciainfra.com\/blog\/#\/schema\/person\/34af08dff6adea4cb22b06612ba7acfa","name":"Ag\u00eancia iNFRA","image":{"@type":"ImageObject","inLanguage":"pt-BR","@id":"https:\/\/agenciainfra.com\/blog\/#\/schema\/person\/image\/","url":"https:\/\/secure.gravatar.com\/avatar\/d189e01678f06d8eb84d4e01f08eb848b3fffe3f8443818d3c356c66892f5be8?s=96&d=mm&r=g","contentUrl":"https:\/\/secure.gravatar.com\/avatar\/d189e01678f06d8eb84d4e01f08eb848b3fffe3f8443818d3c356c66892f5be8?s=96&d=mm&r=g","caption":"Ag\u00eancia iNFRA"},"url":"https:\/\/agenciainfra.com\/blog\/author\/admin\/"}]}},"_links":{"self":[{"href":"https:\/\/agenciainfra.com\/blog\/wp-json\/wp\/v2\/posts\/22783","targetHints":{"allow":["GET"]}}],"collection":[{"href":"https:\/\/agenciainfra.com\/blog\/wp-json\/wp\/v2\/posts"}],"about":[{"href":"https:\/\/agenciainfra.com\/blog\/wp-json\/wp\/v2\/types\/post"}],"author":[{"embeddable":true,"href":"https:\/\/agenciainfra.com\/blog\/wp-json\/wp\/v2\/users\/1"}],"replies":[{"embeddable":true,"href":"https:\/\/agenciainfra.com\/blog\/wp-json\/wp\/v2\/comments?post=22783"}],"version-history":[{"count":2,"href":"https:\/\/agenciainfra.com\/blog\/wp-json\/wp\/v2\/posts\/22783\/revisions"}],"predecessor-version":[{"id":22794,"href":"https:\/\/agenciainfra.com\/blog\/wp-json\/wp\/v2\/posts\/22783\/revisions\/22794"}],"wp:featuredmedia":[{"embeddable":true,"href":"https:\/\/agenciainfra.com\/blog\/wp-json\/wp\/v2\/media\/22393"}],"wp:attachment":[{"href":"https:\/\/agenciainfra.com\/blog\/wp-json\/wp\/v2\/media?parent=22783"}],"wp:term":[{"taxonomy":"category","embeddable":true,"href":"https:\/\/agenciainfra.com\/blog\/wp-json\/wp\/v2\/categories?post=22783"},{"taxonomy":"post_tag","embeddable":true,"href":"https:\/\/agenciainfra.com\/blog\/wp-json\/wp\/v2\/tags?post=22783"}],"curies":[{"name":"wp","href":"https:\/\/api.w.org\/{rel}","templated":true}]}}