{"id":22792,"date":"2025-06-12T08:47:37","date_gmt":"2025-06-12T11:47:37","guid":{"rendered":"https:\/\/agenciainfra.com\/blog\/?p=22792"},"modified":"2025-06-13T16:01:43","modified_gmt":"2025-06-13T19:01:43","slug":"thiago-barral-e-nomeado-para-assessoria-no-mme","status":"publish","type":"post","link":"https:\/\/agenciainfra.com\/blog\/thiago-barral-e-nomeado-para-assessoria-no-mme\/","title":{"rendered":"Thiago Barral \u00e9 nomeado para assessoria no MME"},"content":{"rendered":"\n<p class=\"has-text-align-right\"><strong>da Ag\u00eancia iNFRA<\/strong><\/p>\n\n\n\n<p>O MME (Minist\u00e9rio de Minas e Energia) nomeou Thiago Barral para o cargo de assessor do gabinete do ministro Alexandre Silveira. A nomea\u00e7\u00e3o <a href=\"https:\/\/www.in.gov.br\/en\/web\/dou\/-\/portaria-mme-n-46-de-11-de-junho-de-2025-635643758\">foi publicada<\/a> no DOU (Di\u00e1rio Oficial da Uni\u00e3o) de hoje (12).<\/p>\n\n\n\n<p>Barral <a href=\"https:\/\/www.in.gov.br\/en\/web\/dou\/-\/portarias-de-6-de-junho-de-2025-634718036\">foi exonerado<\/a> da Secretaria Nacional de Transi\u00e7\u00e3o Energ\u00e9tica e Planejamento do MME na \u00faltima sexta-feira (6). Segundo fontes, ele passar\u00e1 a integrar a coordena\u00e7\u00e3o da COP30 representando o governo nos assuntos de energia.<\/p>\n","protected":false},"excerpt":{"rendered":"<p>da Ag\u00eancia iNFRA O MME (Minist\u00e9rio de Minas e Energia) nomeou Thiago Barral para o cargo de assessor do gabinete do ministro Alexandre Silveira. A nomea\u00e7\u00e3o foi publicada no DOU (Di\u00e1rio Oficial da Uni\u00e3o) de hoje (12). Barral foi exonerado da Secretaria Nacional de Transi\u00e7\u00e3o Energ\u00e9tica e Planejamento do MME na \u00faltima sexta-feira (6). Segundo [&hellip;]<\/p>\n","protected":false},"author":1,"featured_media":9365,"comment_status":"closed","ping_status":"closed","sticky":false,"template":"","format":"standard","meta":{"_monsterinsights_skip_tracking":false,"_monsterinsights_sitenote_active":false,"_monsterinsights_sitenote_note":"","_monsterinsights_sitenote_category":0,"footnotes":""},"categories":[1,10],"tags":[8068,12330,96,71,9766,1068],"class_list":["post-22792","post","type-post","status-publish","format-standard","has-post-thumbnail","hentry","category-geral","category-infraenergia","tag-cop30","tag-exoneracao","tag-ministerio-de-minas-e-energia","tag-mme","tag-nomeacao","tag-thiago-barral"],"yoast_head":"<!-- This site is optimized with the Yoast SEO Premium plugin v25.4 (Yoast SEO v26.0) - https:\/\/yoast.com\/wordpress\/plugins\/seo\/ -->\n<title>Thiago Barral \u00e9 nomeado para assessoria no MME - Ag\u00eancia iNFRA<\/title>\n<meta name=\"robots\" content=\"index, follow, max-snippet:-1, max-image-preview:large, max-video-preview:-1\" \/>\n<link rel=\"canonical\" href=\"https:\/\/agenciainfra.com\/blog\/thiago-barral-e-nomeado-para-assessoria-no-mme\/\" \/>\n<meta property=\"og:locale\" content=\"pt_BR\" \/>\n<meta property=\"og:type\" content=\"article\" \/>\n<meta property=\"og:title\" content=\"Thiago Barral \u00e9 nomeado para assessoria no MME\" \/>\n<meta property=\"og:description\" content=\"da Ag\u00eancia iNFRA O MME (Minist\u00e9rio de Minas e Energia) nomeou Thiago Barral para o cargo de assessor do gabinete do ministro Alexandre Silveira. A nomea\u00e7\u00e3o foi publicada no DOU (Di\u00e1rio Oficial da Uni\u00e3o) de hoje (12). Barral foi exonerado da Secretaria Nacional de Transi\u00e7\u00e3o Energ\u00e9tica e Planejamento do MME na \u00faltima sexta-feira (6). Segundo [&hellip;]\" \/>\n<meta property=\"og:url\" content=\"https:\/\/agenciainfra.com\/blog\/thiago-barral-e-nomeado-para-assessoria-no-mme\/\" \/>\n<meta property=\"og:site_name\" content=\"Ag\u00eancia iNFRA\" \/>\n<meta property=\"article:publisher\" content=\"https:\/\/www.facebook.com\/ageninfra\" \/>\n<meta property=\"article:published_time\" content=\"2025-06-12T11:47:37+00:00\" \/>\n<meta property=\"article:modified_time\" content=\"2025-06-13T19:01:43+00:00\" \/>\n<meta property=\"og:image\" content=\"https:\/\/agenciainfra.com\/blog\/wp-content\/uploads\/2022\/01\/27886083107_636f215797_o-1-scaled-e1749728822436.jpg\" \/>\n\t<meta property=\"og:image:width\" content=\"1281\" \/>\n\t<meta property=\"og:image:height\" content=\"854\" \/>\n\t<meta property=\"og:image:type\" content=\"image\/jpeg\" \/>\n<meta name=\"author\" content=\"Ag\u00eancia iNFRA\" \/>\n<meta name=\"twitter:card\" content=\"summary_large_image\" \/>\n<meta name=\"twitter:creator\" content=\"@agencia_infra\" \/>\n<meta name=\"twitter:site\" content=\"@agencia_infra\" \/>\n<meta name=\"twitter:label1\" content=\"Escrito por\" \/>\n\t<meta name=\"twitter:data1\" content=\"Ag\u00eancia iNFRA\" \/>\n<script type=\"application\/ld+json\" class=\"yoast-schema-graph\">{\"@context\":\"https:\/\/schema.org\",\"@graph\":[{\"@type\":\"Article\",\"@id\":\"https:\/\/agenciainfra.com\/blog\/thiago-barral-e-nomeado-para-assessoria-no-mme\/#article\",\"isPartOf\":{\"@id\":\"https:\/\/agenciainfra.com\/blog\/thiago-barral-e-nomeado-para-assessoria-no-mme\/\"},\"author\":{\"name\":\"Ag\u00eancia iNFRA\",\"@id\":\"https:\/\/agenciainfra.com\/blog\/#\/schema\/person\/34af08dff6adea4cb22b06612ba7acfa\"},\"headline\":\"Thiago Barral \u00e9 nomeado para assessoria no MME\",\"datePublished\":\"2025-06-12T11:47:37+00:00\",\"dateModified\":\"2025-06-13T19:01:43+00:00\",\"mainEntityOfPage\":{\"@id\":\"https:\/\/agenciainfra.com\/blog\/thiago-barral-e-nomeado-para-assessoria-no-mme\/\"},\"wordCount\":84,\"publisher\":{\"@id\":\"https:\/\/agenciainfra.com\/blog\/#organization\"},\"image\":{\"@id\":\"https:\/\/agenciainfra.com\/blog\/thiago-barral-e-nomeado-para-assessoria-no-mme\/#primaryimage\"},\"thumbnailUrl\":\"https:\/\/agenciainfra.com\/blog\/wp-content\/uploads\/2022\/01\/27886083107_636f215797_o-1-scaled-e1749728822436.jpg\",\"keywords\":[\"COP30\",\"exonera\u00e7\u00e3o\",\"Minist\u00e9rio de Minas e Energia\",\"MME\",\"Nomea\u00e7\u00e3o\",\"Thiago Barral\"],\"articleSection\":[\"Geral\",\"iNFRAEnergia\"],\"inLanguage\":\"pt-BR\",\"copyrightYear\":\"2025\",\"copyrightHolder\":{\"@id\":\"https:\/\/agenciainfra.com\/blog\/#organization\"}},{\"@type\":\"WebPage\",\"@id\":\"https:\/\/agenciainfra.com\/blog\/thiago-barral-e-nomeado-para-assessoria-no-mme\/\",\"url\":\"https:\/\/agenciainfra.com\/blog\/thiago-barral-e-nomeado-para-assessoria-no-mme\/\",\"name\":\"Thiago Barral \u00e9 nomeado para assessoria no MME - Ag\u00eancia iNFRA\",\"isPartOf\":{\"@id\":\"https:\/\/agenciainfra.com\/blog\/#website\"},\"primaryImageOfPage\":{\"@id\":\"https:\/\/agenciainfra.com\/blog\/thiago-barral-e-nomeado-para-assessoria-no-mme\/#primaryimage\"},\"image\":{\"@id\":\"https:\/\/agenciainfra.com\/blog\/thiago-barral-e-nomeado-para-assessoria-no-mme\/#primaryimage\"},\"thumbnailUrl\":\"https:\/\/agenciainfra.com\/blog\/wp-content\/uploads\/2022\/01\/27886083107_636f215797_o-1-scaled-e1749728822436.jpg\",\"datePublished\":\"2025-06-12T11:47:37+00:00\",\"dateModified\":\"2025-06-13T19:01:43+00:00\",\"breadcrumb\":{\"@id\":\"https:\/\/agenciainfra.com\/blog\/thiago-barral-e-nomeado-para-assessoria-no-mme\/#breadcrumb\"},\"inLanguage\":\"pt-BR\",\"potentialAction\":[{\"@type\":\"ReadAction\",\"target\":[\"https:\/\/agenciainfra.com\/blog\/thiago-barral-e-nomeado-para-assessoria-no-mme\/\"]}]},{\"@type\":\"ImageObject\",\"inLanguage\":\"pt-BR\",\"@id\":\"https:\/\/agenciainfra.com\/blog\/thiago-barral-e-nomeado-para-assessoria-no-mme\/#primaryimage\",\"url\":\"https:\/\/agenciainfra.com\/blog\/wp-content\/uploads\/2022\/01\/27886083107_636f215797_o-1-scaled-e1749728822436.jpg\",\"contentUrl\":\"https:\/\/agenciainfra.com\/blog\/wp-content\/uploads\/2022\/01\/27886083107_636f215797_o-1-scaled-e1749728822436.jpg\",\"width\":1281,\"height\":854,\"caption\":\"Foto: Saulo Cruz\/MME\"},{\"@type\":\"BreadcrumbList\",\"@id\":\"https:\/\/agenciainfra.com\/blog\/thiago-barral-e-nomeado-para-assessoria-no-mme\/#breadcrumb\",\"itemListElement\":[{\"@type\":\"ListItem\",\"position\":1,\"name\":\"In\u00edcio\",\"item\":\"https:\/\/agenciainfra.com\/blog\/\"},{\"@type\":\"ListItem\",\"position\":2,\"name\":\"Thiago Barral \u00e9 nomeado para assessoria no MME\"}]},{\"@type\":\"WebSite\",\"@id\":\"https:\/\/agenciainfra.com\/blog\/#website\",\"url\":\"https:\/\/agenciainfra.com\/blog\/\",\"name\":\"Ag\u00eancia iNFRA\",\"description\":\"Multiplataforma de informa\u00e7\u00e3o jornal\u00edstica refer\u00eancia na \u00e1rea de infraestrutura no Brasil!\",\"publisher\":{\"@id\":\"https:\/\/agenciainfra.com\/blog\/#organization\"},\"potentialAction\":[{\"@type\":\"SearchAction\",\"target\":{\"@type\":\"EntryPoint\",\"urlTemplate\":\"https:\/\/agenciainfra.com\/blog\/?s={search_term_string}\"},\"query-input\":{\"@type\":\"PropertyValueSpecification\",\"valueRequired\":true,\"valueName\":\"search_term_string\"}}],\"inLanguage\":\"pt-BR\"},{\"@type\":\"Organization\",\"@id\":\"https:\/\/agenciainfra.com\/blog\/#organization\",\"name\":\"Ag\u00eancia iNFRA\",\"url\":\"https:\/\/agenciainfra.com\/blog\/\",\"logo\":{\"@type\":\"ImageObject\",\"inLanguage\":\"pt-BR\",\"@id\":\"https:\/\/agenciainfra.com\/blog\/#\/schema\/logo\/image\/\",\"url\":\"https:\/\/agenciainfra.com\/blog\/wp-content\/uploads\/2023\/09\/iNFRA_5-e1761735885940.png\",\"contentUrl\":\"https:\/\/agenciainfra.com\/blog\/wp-content\/uploads\/2023\/09\/iNFRA_5-e1761735885940.png\",\"width\":1672,\"height\":454,\"caption\":\"Ag\u00eancia iNFRA\"},\"image\":{\"@id\":\"https:\/\/agenciainfra.com\/blog\/#\/schema\/logo\/image\/\"},\"sameAs\":[\"https:\/\/www.facebook.com\/ageninfra\",\"https:\/\/x.com\/agencia_infra\",\"https:\/\/www.linkedin.com\/company\/ag\u00eanciainfra\/\",\"https:\/\/www.instagram.com\/agenciainfra\/\"]},{\"@type\":\"Person\",\"@id\":\"https:\/\/agenciainfra.com\/blog\/#\/schema\/person\/34af08dff6adea4cb22b06612ba7acfa\",\"name\":\"Ag\u00eancia iNFRA\",\"image\":{\"@type\":\"ImageObject\",\"inLanguage\":\"pt-BR\",\"@id\":\"https:\/\/agenciainfra.com\/blog\/#\/schema\/person\/image\/\",\"url\":\"https:\/\/secure.gravatar.com\/avatar\/d189e01678f06d8eb84d4e01f08eb848b3fffe3f8443818d3c356c66892f5be8?s=96&d=mm&r=g\",\"contentUrl\":\"https:\/\/secure.gravatar.com\/avatar\/d189e01678f06d8eb84d4e01f08eb848b3fffe3f8443818d3c356c66892f5be8?s=96&d=mm&r=g\",\"caption\":\"Ag\u00eancia iNFRA\"},\"url\":\"https:\/\/agenciainfra.com\/blog\/author\/admin\/\"}]}<\/script>\n<!-- \/ Yoast SEO Premium plugin. -->","yoast_head_json":{"title":"Thiago Barral \u00e9 nomeado para assessoria no MME - Ag\u00eancia iNFRA","robots":{"index":"index","follow":"follow","max-snippet":"max-snippet:-1","max-image-preview":"max-image-preview:large","max-video-preview":"max-video-preview:-1"},"canonical":"https:\/\/agenciainfra.com\/blog\/thiago-barral-e-nomeado-para-assessoria-no-mme\/","og_locale":"pt_BR","og_type":"article","og_title":"Thiago Barral \u00e9 nomeado para assessoria no MME","og_description":"da Ag\u00eancia iNFRA O MME (Minist\u00e9rio de Minas e Energia) nomeou Thiago Barral para o cargo de assessor do gabinete do ministro Alexandre Silveira. A nomea\u00e7\u00e3o foi publicada no DOU (Di\u00e1rio Oficial da Uni\u00e3o) de hoje (12). Barral foi exonerado da Secretaria Nacional de Transi\u00e7\u00e3o Energ\u00e9tica e Planejamento do MME na \u00faltima sexta-feira (6). Segundo [&hellip;]","og_url":"https:\/\/agenciainfra.com\/blog\/thiago-barral-e-nomeado-para-assessoria-no-mme\/","og_site_name":"Ag\u00eancia iNFRA","article_publisher":"https:\/\/www.facebook.com\/ageninfra","article_published_time":"2025-06-12T11:47:37+00:00","article_modified_time":"2025-06-13T19:01:43+00:00","og_image":[{"width":1281,"height":854,"url":"https:\/\/agenciainfra.com\/blog\/wp-content\/uploads\/2022\/01\/27886083107_636f215797_o-1-scaled-e1749728822436.jpg","type":"image\/jpeg"}],"author":"Ag\u00eancia iNFRA","twitter_card":"summary_large_image","twitter_creator":"@agencia_infra","twitter_site":"@agencia_infra","twitter_misc":{"Escrito por":"Ag\u00eancia iNFRA"},"schema":{"@context":"https:\/\/schema.org","@graph":[{"@type":"Article","@id":"https:\/\/agenciainfra.com\/blog\/thiago-barral-e-nomeado-para-assessoria-no-mme\/#article","isPartOf":{"@id":"https:\/\/agenciainfra.com\/blog\/thiago-barral-e-nomeado-para-assessoria-no-mme\/"},"author":{"name":"Ag\u00eancia iNFRA","@id":"https:\/\/agenciainfra.com\/blog\/#\/schema\/person\/34af08dff6adea4cb22b06612ba7acfa"},"headline":"Thiago Barral \u00e9 nomeado para assessoria no MME","datePublished":"2025-06-12T11:47:37+00:00","dateModified":"2025-06-13T19:01:43+00:00","mainEntityOfPage":{"@id":"https:\/\/agenciainfra.com\/blog\/thiago-barral-e-nomeado-para-assessoria-no-mme\/"},"wordCount":84,"publisher":{"@id":"https:\/\/agenciainfra.com\/blog\/#organization"},"image":{"@id":"https:\/\/agenciainfra.com\/blog\/thiago-barral-e-nomeado-para-assessoria-no-mme\/#primaryimage"},"thumbnailUrl":"https:\/\/agenciainfra.com\/blog\/wp-content\/uploads\/2022\/01\/27886083107_636f215797_o-1-scaled-e1749728822436.jpg","keywords":["COP30","exonera\u00e7\u00e3o","Minist\u00e9rio de Minas e Energia","MME","Nomea\u00e7\u00e3o","Thiago Barral"],"articleSection":["Geral","iNFRAEnergia"],"inLanguage":"pt-BR","copyrightYear":"2025","copyrightHolder":{"@id":"https:\/\/agenciainfra.com\/blog\/#organization"}},{"@type":"WebPage","@id":"https:\/\/agenciainfra.com\/blog\/thiago-barral-e-nomeado-para-assessoria-no-mme\/","url":"https:\/\/agenciainfra.com\/blog\/thiago-barral-e-nomeado-para-assessoria-no-mme\/","name":"Thiago Barral \u00e9 nomeado para assessoria no MME - Ag\u00eancia iNFRA","isPartOf":{"@id":"https:\/\/agenciainfra.com\/blog\/#website"},"primaryImageOfPage":{"@id":"https:\/\/agenciainfra.com\/blog\/thiago-barral-e-nomeado-para-assessoria-no-mme\/#primaryimage"},"image":{"@id":"https:\/\/agenciainfra.com\/blog\/thiago-barral-e-nomeado-para-assessoria-no-mme\/#primaryimage"},"thumbnailUrl":"https:\/\/agenciainfra.com\/blog\/wp-content\/uploads\/2022\/01\/27886083107_636f215797_o-1-scaled-e1749728822436.jpg","datePublished":"2025-06-12T11:47:37+00:00","dateModified":"2025-06-13T19:01:43+00:00","breadcrumb":{"@id":"https:\/\/agenciainfra.com\/blog\/thiago-barral-e-nomeado-para-assessoria-no-mme\/#breadcrumb"},"inLanguage":"pt-BR","potentialAction":[{"@type":"ReadAction","target":["https:\/\/agenciainfra.com\/blog\/thiago-barral-e-nomeado-para-assessoria-no-mme\/"]}]},{"@type":"ImageObject","inLanguage":"pt-BR","@id":"https:\/\/agenciainfra.com\/blog\/thiago-barral-e-nomeado-para-assessoria-no-mme\/#primaryimage","url":"https:\/\/agenciainfra.com\/blog\/wp-content\/uploads\/2022\/01\/27886083107_636f215797_o-1-scaled-e1749728822436.jpg","contentUrl":"https:\/\/agenciainfra.com\/blog\/wp-content\/uploads\/2022\/01\/27886083107_636f215797_o-1-scaled-e1749728822436.jpg","width":1281,"height":854,"caption":"Foto: Saulo Cruz\/MME"},{"@type":"BreadcrumbList","@id":"https:\/\/agenciainfra.com\/blog\/thiago-barral-e-nomeado-para-assessoria-no-mme\/#breadcrumb","itemListElement":[{"@type":"ListItem","position":1,"name":"In\u00edcio","item":"https:\/\/agenciainfra.com\/blog\/"},{"@type":"ListItem","position":2,"name":"Thiago Barral \u00e9 nomeado para assessoria no MME"}]},{"@type":"WebSite","@id":"https:\/\/agenciainfra.com\/blog\/#website","url":"https:\/\/agenciainfra.com\/blog\/","name":"Ag\u00eancia iNFRA","description":"Multiplataforma de informa\u00e7\u00e3o jornal\u00edstica refer\u00eancia na \u00e1rea de infraestrutura no Brasil!","publisher":{"@id":"https:\/\/agenciainfra.com\/blog\/#organization"},"potentialAction":[{"@type":"SearchAction","target":{"@type":"EntryPoint","urlTemplate":"https:\/\/agenciainfra.com\/blog\/?s={search_term_string}"},"query-input":{"@type":"PropertyValueSpecification","valueRequired":true,"valueName":"search_term_string"}}],"inLanguage":"pt-BR"},{"@type":"Organization","@id":"https:\/\/agenciainfra.com\/blog\/#organization","name":"Ag\u00eancia iNFRA","url":"https:\/\/agenciainfra.com\/blog\/","logo":{"@type":"ImageObject","inLanguage":"pt-BR","@id":"https:\/\/agenciainfra.com\/blog\/#\/schema\/logo\/image\/","url":"https:\/\/agenciainfra.com\/blog\/wp-content\/uploads\/2023\/09\/iNFRA_5-e1761735885940.png","contentUrl":"https:\/\/agenciainfra.com\/blog\/wp-content\/uploads\/2023\/09\/iNFRA_5-e1761735885940.png","width":1672,"height":454,"caption":"Ag\u00eancia iNFRA"},"image":{"@id":"https:\/\/agenciainfra.com\/blog\/#\/schema\/logo\/image\/"},"sameAs":["https:\/\/www.facebook.com\/ageninfra","https:\/\/x.com\/agencia_infra","https:\/\/www.linkedin.com\/company\/ag\u00eanciainfra\/","https:\/\/www.instagram.com\/agenciainfra\/"]},{"@type":"Person","@id":"https:\/\/agenciainfra.com\/blog\/#\/schema\/person\/34af08dff6adea4cb22b06612ba7acfa","name":"Ag\u00eancia iNFRA","image":{"@type":"ImageObject","inLanguage":"pt-BR","@id":"https:\/\/agenciainfra.com\/blog\/#\/schema\/person\/image\/","url":"https:\/\/secure.gravatar.com\/avatar\/d189e01678f06d8eb84d4e01f08eb848b3fffe3f8443818d3c356c66892f5be8?s=96&d=mm&r=g","contentUrl":"https:\/\/secure.gravatar.com\/avatar\/d189e01678f06d8eb84d4e01f08eb848b3fffe3f8443818d3c356c66892f5be8?s=96&d=mm&r=g","caption":"Ag\u00eancia iNFRA"},"url":"https:\/\/agenciainfra.com\/blog\/author\/admin\/"}]}},"_links":{"self":[{"href":"https:\/\/agenciainfra.com\/blog\/wp-json\/wp\/v2\/posts\/22792","targetHints":{"allow":["GET"]}}],"collection":[{"href":"https:\/\/agenciainfra.com\/blog\/wp-json\/wp\/v2\/posts"}],"about":[{"href":"https:\/\/agenciainfra.com\/blog\/wp-json\/wp\/v2\/types\/post"}],"author":[{"embeddable":true,"href":"https:\/\/agenciainfra.com\/blog\/wp-json\/wp\/v2\/users\/1"}],"replies":[{"embeddable":true,"href":"https:\/\/agenciainfra.com\/blog\/wp-json\/wp\/v2\/comments?post=22792"}],"version-history":[{"count":1,"href":"https:\/\/agenciainfra.com\/blog\/wp-json\/wp\/v2\/posts\/22792\/revisions"}],"predecessor-version":[{"id":22793,"href":"https:\/\/agenciainfra.com\/blog\/wp-json\/wp\/v2\/posts\/22792\/revisions\/22793"}],"wp:featuredmedia":[{"embeddable":true,"href":"https:\/\/agenciainfra.com\/blog\/wp-json\/wp\/v2\/media\/9365"}],"wp:attachment":[{"href":"https:\/\/agenciainfra.com\/blog\/wp-json\/wp\/v2\/media?parent=22792"}],"wp:term":[{"taxonomy":"category","embeddable":true,"href":"https:\/\/agenciainfra.com\/blog\/wp-json\/wp\/v2\/categories?post=22792"},{"taxonomy":"post_tag","embeddable":true,"href":"https:\/\/agenciainfra.com\/blog\/wp-json\/wp\/v2\/tags?post=22792"}],"curies":[{"name":"wp","href":"https:\/\/api.w.org\/{rel}","templated":true}]}}